{"id":63727,"date":"2019-09-25T10:53:16","date_gmt":"2019-09-25T13:53:16","guid":{"rendered":"http:\/\/diariotextual.com\/inicio\/?p=63727"},"modified":"2019-09-25T16:38:54","modified_gmt":"2019-09-25T19:38:54","slug":"bensusan-los-nuevos-cambios-al-cpp-mas-herramientas-participacion-las-victimas","status":"publish","type":"post","link":"https:\/\/diariotextual.com\/inicio\/index.php\/2019\/09\/25\/bensusan-los-nuevos-cambios-al-cpp-mas-herramientas-participacion-las-victimas\/","title":{"rendered":"Bensus\u00e1n y los nuevos cambios al CPP: \u00abHay m\u00e1s herramientas de participaci\u00f3n de las v\u00edctimas\u00bb"},"content":{"rendered":"<p>El ministro de Gobierno y Justicia,<strong> Daniel Pablo Bensus\u00e1n<\/strong>, asegur\u00f3 que con la aplicaci\u00f3n de las reformas al C\u00f3digo Procesal Penal pampeano se brindar\u00e1n \u201cmayores herramientas de participaci\u00f3n\u00bb a las v\u00edctimas.<\/p>\n<p>Bensus\u00e1n concurri\u00f3 este mi\u00e9rcoles a la Legislatura Provincial, conjuntamente con los miembros de la comisi\u00f3n redactora del proyecto, para exponer e intercambiar consultas respecto del proyecto de ley que propone modificaciones al C\u00f3digo Procesal Penal, con integrantes de la Comisi\u00f3n de Legislaci\u00f3n General.<\/p>\n<p>La comisi\u00f3n redactora est\u00e1 conformada por representantes del Superior Tribunal de Justicia, Ministerio P\u00fablico, Poder Legislativo, Colegio de Magistrados y Funcionarios del Poder Judicial de La Pampa, Colegio de Abogados y Procuradores de la Provincia de La Pampa y de la Facultad de Ciencias Econ\u00f3micas, Jur\u00eddicas de la UNLPam y del Poder Ejecutivo Provincial.<\/p>\n<p><strong>\u201cSeguimos trabajando para darle mayor modernizaci\u00f3n y agilidad al sistema judicial pampeano. Este proyecto plantea una serie de modificaciones al C\u00f3digo Procesal Penal. Con esto damos un paso importante hacia la concreci\u00f3n de objetivos planteados al inicio de la gesti\u00f3n\u201d, dijo Bensus\u00e1n.<\/strong><\/p>\n<p>El ministro detall\u00f3 que en este proyecto <strong>se trabaj\u00f3 en base a las conclusiones del monitoreo realizado por la Facultad de Ciencias Econ\u00f3micas y Jur\u00eddicas de la UNLPam.<\/strong>\u00a0\u201cA esto se sum\u00f3 la experiencia y los antecedentes en la aplicaci\u00f3n del C\u00f3digo que tienen los distintos actores del sistema\u201d, dijo.<\/p>\n<p>Entre los puntos principales que se modificar\u00edan,<strong> cit\u00f3 los roles de los jueces y los fiscales, los primeros como directores de los procesos y los segundos de las investigaciones.<\/strong><\/p>\n<p>\u201cTambi\u00e9n <strong>se promueve la utilizaci\u00f3n de documentos, firmas y notificaciones en formatos electr\u00f3nicos y digitales<\/strong>, conforme la pr\u00e1ctica ampliamente consolidada en el fuero penal que transita hacia la despapelizaci\u00f3n total\u201d, detall\u00f3.<\/p>\n<p>Otro de los puntos que forman parte de la reforma<strong> es la imposibilidad de otorgamiento de la suspensi\u00f3n del de juicio a prueba, en aquellos delitos culposos cometidos por la conducci\u00f3n de un veh\u00edculo automotor<\/strong> con resultado muerte o lesiones grav\u00edsimas.<\/p>\n<p>Tambi\u00e9n fue definido el establecimiento de la duraci\u00f3n razonable del proceso. \u201cSe lleg\u00f3 a un consenso sobre el contenido de la garant\u00eda constitucional de &#8216;plazo razonable&#8217; en la Provincia de La Pampa, estableciendo t\u00e9rminos m\u00e1ximos de la duraci\u00f3n total del proceso en su fase ordinaria, as\u00ed como de la investigaci\u00f3n fiscal preparatoria y de la prisi\u00f3n preventiva\u201d, dijo.<\/p>\n<p>Bensus\u00e1n mostr\u00f3 su satisfacci\u00f3n por el proyecto de ley. \u201cEs el producto de un intenso y estudiado trabajo, del que participaron todos los actores vinculados al tema, lo cual garantiza que puede llegar a ser una Ley cuyos basamentos est\u00e1n asentados sobre la experiencia y la evidencia\u201d, dijo.<\/p>\n<p>&nbsp;<\/p>\n<p>&nbsp;<\/p>\n<p>&nbsp;<\/p>\n","protected":false},"excerpt":{"rendered":"<p>El ministro de Gobierno y Justicia, Daniel Pablo Bensus\u00e1n, asegur\u00f3 que con la aplicaci\u00f3n de las reformas al C\u00f3digo Procesal Penal pampeano se brindar\u00e1n \u201cmayores herramientas de participaci\u00f3n\u00bb a las&hellip;<\/p>\n","protected":false},"author":3,"featured_media":63729,"comment_status":"closed","ping_status":"open","sticky":false,"template":"","format":"standard","meta":{"_acf_changed":false,"footnotes":""},"categories":[1,319,8],"tags":[],"class_list":["post-63727","post","type-post","status-publish","format-standard","has-post-thumbnail","hentry","category-es-noticia","category-a-temporales","category-politica"],"acf":[],"yoast_head":"<!-- This site is optimized with the Yoast SEO plugin v27.5 - https:\/\/yoast.com\/product\/yoast-seo-wordpress\/ -->\n<title>Bensus\u00e1n y los nuevos cambios al CPP: &quot;Hay m\u00e1s herramientas de participaci\u00f3n de las v\u00edctimas&quot; - Diario Textual<\/title>\n<meta name=\"robots\" content=\"index, follow, max-snippet:-1, max-image-preview:large, max-video-preview:-1\" \/>\n<link rel=\"canonical\" href=\"https:\/\/diariotextual.com\/inicio\/index.php\/2019\/09\/25\/bensusan-los-nuevos-cambios-al-cpp-mas-herramientas-participacion-las-victimas\/\" \/>\n<meta property=\"og:locale\" content=\"es_ES\" \/>\n<meta property=\"og:type\" content=\"article\" \/>\n<meta property=\"og:title\" content=\"Bensus\u00e1n y los nuevos cambios al CPP: &quot;Hay m\u00e1s herramientas de participaci\u00f3n de las v\u00edctimas&quot; - Diario Textual\" \/>\n<meta property=\"og:description\" content=\"El ministro de Gobierno y Justicia, Daniel Pablo Bensus\u00e1n, asegur\u00f3 que con la aplicaci\u00f3n de las reformas al C\u00f3digo Procesal Penal pampeano se brindar\u00e1n \u201cmayores herramientas de participaci\u00f3n\u00bb a las&hellip;\" \/>\n<meta property=\"og:url\" content=\"https:\/\/diariotextual.com\/inicio\/index.php\/2019\/09\/25\/bensusan-los-nuevos-cambios-al-cpp-mas-herramientas-participacion-las-victimas\/\" \/>\n<meta property=\"og:site_name\" content=\"Diario Textual\" \/>\n<meta property=\"article:publisher\" content=\"https:\/\/www.facebook.com\/eltextual\" \/>\n<meta property=\"article:published_time\" content=\"2019-09-25T13:53:16+00:00\" \/>\n<meta property=\"article:modified_time\" content=\"2019-09-25T19:38:54+00:00\" \/>\n<meta property=\"og:image\" content=\"https:\/\/diariotextual.com\/inicio\/wp-content\/uploads\/2019\/09\/bensusandiputadosreformacodigo2019-1.jpg\" \/>\n\t<meta property=\"og:image:width\" content=\"2247\" \/>\n\t<meta property=\"og:image:height\" content=\"1500\" \/>\n\t<meta property=\"og:image:type\" content=\"image\/jpeg\" \/>\n<meta name=\"author\" content=\"Diario1 Diario1\" \/>\n<meta name=\"twitter:card\" content=\"summary_large_image\" \/>\n<meta name=\"twitter:creator\" content=\"@eltextual\" \/>\n<meta name=\"twitter:site\" content=\"@eltextual\" \/>\n<meta name=\"twitter:label1\" content=\"Escrito por\" \/>\n\t<meta name=\"twitter:data1\" content=\"Diario1 Diario1\" \/>\n\t<meta name=\"twitter:label2\" content=\"Tiempo de lectura\" \/>\n\t<meta name=\"twitter:data2\" content=\"2 minutos\" \/>\n<script type=\"application\/ld+json\" class=\"yoast-schema-graph\">{\"@context\":\"https:\\\/\\\/schema.org\",\"@graph\":[{\"@type\":\"Article\",\"@id\":\"https:\\\/\\\/diariotextual.com\\\/inicio\\\/index.php\\\/2019\\\/09\\\/25\\\/bensusan-los-nuevos-cambios-al-cpp-mas-herramientas-participacion-las-victimas\\\/#article\",\"isPartOf\":{\"@id\":\"https:\\\/\\\/diariotextual.com\\\/inicio\\\/index.php\\\/2019\\\/09\\\/25\\\/bensusan-los-nuevos-cambios-al-cpp-mas-herramientas-participacion-las-victimas\\\/\"},\"author\":{\"name\":\"Diario1 Diario1\",\"@id\":\"https:\\\/\\\/diariotextual.com\\\/inicio\\\/#\\\/schema\\\/person\\\/418fc4093c33e86ed41562db3508f958\"},\"headline\":\"Bensus\u00e1n y los nuevos cambios al CPP: \u00abHay m\u00e1s herramientas de participaci\u00f3n de las v\u00edctimas\u00bb\",\"datePublished\":\"2019-09-25T13:53:16+00:00\",\"dateModified\":\"2019-09-25T19:38:54+00:00\",\"mainEntityOfPage\":{\"@id\":\"https:\\\/\\\/diariotextual.com\\\/inicio\\\/index.php\\\/2019\\\/09\\\/25\\\/bensusan-los-nuevos-cambios-al-cpp-mas-herramientas-participacion-las-victimas\\\/\"},\"wordCount\":495,\"publisher\":{\"@id\":\"https:\\\/\\\/diariotextual.com\\\/inicio\\\/#organization\"},\"image\":{\"@id\":\"https:\\\/\\\/diariotextual.com\\\/inicio\\\/index.php\\\/2019\\\/09\\\/25\\\/bensusan-los-nuevos-cambios-al-cpp-mas-herramientas-participacion-las-victimas\\\/#primaryimage\"},\"thumbnailUrl\":\"https:\\\/\\\/diariotextual.com\\\/inicio\\\/wp-content\\\/uploads\\\/2019\\\/09\\\/bensusandiputadosreformacodigo2019-1.jpg\",\"articleSection\":[\"A - ES NOTICIA (van abajo)\",\"A - TEMPORALES\",\"POLITICA\"],\"inLanguage\":\"es\"},{\"@type\":\"WebPage\",\"@id\":\"https:\\\/\\\/diariotextual.com\\\/inicio\\\/index.php\\\/2019\\\/09\\\/25\\\/bensusan-los-nuevos-cambios-al-cpp-mas-herramientas-participacion-las-victimas\\\/\",\"url\":\"https:\\\/\\\/diariotextual.com\\\/inicio\\\/index.php\\\/2019\\\/09\\\/25\\\/bensusan-los-nuevos-cambios-al-cpp-mas-herramientas-participacion-las-victimas\\\/\",\"name\":\"Bensus\u00e1n y los nuevos cambios al CPP: \\\"Hay m\u00e1s herramientas de participaci\u00f3n de las v\u00edctimas\\\" - Diario Textual\",\"isPartOf\":{\"@id\":\"https:\\\/\\\/diariotextual.com\\\/inicio\\\/#website\"},\"primaryImageOfPage\":{\"@id\":\"https:\\\/\\\/diariotextual.com\\\/inicio\\\/index.php\\\/2019\\\/09\\\/25\\\/bensusan-los-nuevos-cambios-al-cpp-mas-herramientas-participacion-las-victimas\\\/#primaryimage\"},\"image\":{\"@id\":\"https:\\\/\\\/diariotextual.com\\\/inicio\\\/index.php\\\/2019\\\/09\\\/25\\\/bensusan-los-nuevos-cambios-al-cpp-mas-herramientas-participacion-las-victimas\\\/#primaryimage\"},\"thumbnailUrl\":\"https:\\\/\\\/diariotextual.com\\\/inicio\\\/wp-content\\\/uploads\\\/2019\\\/09\\\/bensusandiputadosreformacodigo2019-1.jpg\",\"datePublished\":\"2019-09-25T13:53:16+00:00\",\"dateModified\":\"2019-09-25T19:38:54+00:00\",\"breadcrumb\":{\"@id\":\"https:\\\/\\\/diariotextual.com\\\/inicio\\\/index.php\\\/2019\\\/09\\\/25\\\/bensusan-los-nuevos-cambios-al-cpp-mas-herramientas-participacion-las-victimas\\\/#breadcrumb\"},\"inLanguage\":\"es\",\"potentialAction\":[{\"@type\":\"ReadAction\",\"target\":[\"https:\\\/\\\/diariotextual.com\\\/inicio\\\/index.php\\\/2019\\\/09\\\/25\\\/bensusan-los-nuevos-cambios-al-cpp-mas-herramientas-participacion-las-victimas\\\/\"]}]},{\"@type\":\"ImageObject\",\"inLanguage\":\"es\",\"@id\":\"https:\\\/\\\/diariotextual.com\\\/inicio\\\/index.php\\\/2019\\\/09\\\/25\\\/bensusan-los-nuevos-cambios-al-cpp-mas-herramientas-participacion-las-victimas\\\/#primaryimage\",\"url\":\"https:\\\/\\\/diariotextual.com\\\/inicio\\\/wp-content\\\/uploads\\\/2019\\\/09\\\/bensusandiputadosreformacodigo2019-1.jpg\",\"contentUrl\":\"https:\\\/\\\/diariotextual.com\\\/inicio\\\/wp-content\\\/uploads\\\/2019\\\/09\\\/bensusandiputadosreformacodigo2019-1.jpg\",\"width\":2247,\"height\":1500},{\"@type\":\"BreadcrumbList\",\"@id\":\"https:\\\/\\\/diariotextual.com\\\/inicio\\\/index.php\\\/2019\\\/09\\\/25\\\/bensusan-los-nuevos-cambios-al-cpp-mas-herramientas-participacion-las-victimas\\\/#breadcrumb\",\"itemListElement\":[{\"@type\":\"ListItem\",\"position\":1,\"name\":\"Portada\",\"item\":\"https:\\\/\\\/diariotextual.com\\\/inicio\\\/\"},{\"@type\":\"ListItem\",\"position\":2,\"name\":\"Bensus\u00e1n y los nuevos cambios al CPP: \u00abHay m\u00e1s herramientas de participaci\u00f3n de las v\u00edctimas\u00bb\"}]},{\"@type\":\"WebSite\",\"@id\":\"https:\\\/\\\/diariotextual.com\\\/inicio\\\/#website\",\"url\":\"https:\\\/\\\/diariotextual.com\\\/inicio\\\/\",\"name\":\"Diario Textual\",\"description\":\"\",\"publisher\":{\"@id\":\"https:\\\/\\\/diariotextual.com\\\/inicio\\\/#organization\"},\"potentialAction\":[{\"@type\":\"SearchAction\",\"target\":{\"@type\":\"EntryPoint\",\"urlTemplate\":\"https:\\\/\\\/diariotextual.com\\\/inicio\\\/?s={search_term_string}\"},\"query-input\":{\"@type\":\"PropertyValueSpecification\",\"valueRequired\":true,\"valueName\":\"search_term_string\"}}],\"inLanguage\":\"es\"},{\"@type\":\"Organization\",\"@id\":\"https:\\\/\\\/diariotextual.com\\\/inicio\\\/#organization\",\"name\":\"Diario Textual\",\"url\":\"https:\\\/\\\/diariotextual.com\\\/inicio\\\/\",\"logo\":{\"@type\":\"ImageObject\",\"inLanguage\":\"es\",\"@id\":\"https:\\\/\\\/diariotextual.com\\\/inicio\\\/#\\\/schema\\\/logo\\\/image\\\/\",\"url\":\"https:\\\/\\\/diariotextual.com\\\/inicio\\\/wp-content\\\/uploads\\\/2023\\\/05\\\/logotextual1.jpg\",\"contentUrl\":\"https:\\\/\\\/diariotextual.com\\\/inicio\\\/wp-content\\\/uploads\\\/2023\\\/05\\\/logotextual1.jpg\",\"width\":516,\"height\":76,\"caption\":\"Diario Textual\"},\"image\":{\"@id\":\"https:\\\/\\\/diariotextual.com\\\/inicio\\\/#\\\/schema\\\/logo\\\/image\\\/\"},\"sameAs\":[\"https:\\\/\\\/www.facebook.com\\\/eltextual\",\"https:\\\/\\\/x.com\\\/eltextual\",\"http:\\\/\\\/www.instagram.com\\\/eltextual\"]},{\"@type\":\"Person\",\"@id\":\"https:\\\/\\\/diariotextual.com\\\/inicio\\\/#\\\/schema\\\/person\\\/418fc4093c33e86ed41562db3508f958\",\"name\":\"Diario1 Diario1\",\"image\":{\"@type\":\"ImageObject\",\"inLanguage\":\"es\",\"@id\":\"https:\\\/\\\/secure.gravatar.com\\\/avatar\\\/9167d280179c85bc18be67aa7eda765854300033af4896dd779b608640f2ef7a?s=96&d=mm&r=g\",\"url\":\"https:\\\/\\\/secure.gravatar.com\\\/avatar\\\/9167d280179c85bc18be67aa7eda765854300033af4896dd779b608640f2ef7a?s=96&d=mm&r=g\",\"contentUrl\":\"https:\\\/\\\/secure.gravatar.com\\\/avatar\\\/9167d280179c85bc18be67aa7eda765854300033af4896dd779b608640f2ef7a?s=96&d=mm&r=g\",\"caption\":\"Diario1 Diario1\"},\"url\":\"https:\\\/\\\/diariotextual.com\\\/inicio\\\/index.php\\\/author\\\/diario1\\\/\"}]}<\/script>\n<!-- \/ Yoast SEO plugin. -->","yoast_head_json":{"title":"Bensus\u00e1n y los nuevos cambios al CPP: \"Hay m\u00e1s herramientas de participaci\u00f3n de las v\u00edctimas\" - Diario Textual","robots":{"index":"index","follow":"follow","max-snippet":"max-snippet:-1","max-image-preview":"max-image-preview:large","max-video-preview":"max-video-preview:-1"},"canonical":"https:\/\/diariotextual.com\/inicio\/index.php\/2019\/09\/25\/bensusan-los-nuevos-cambios-al-cpp-mas-herramientas-participacion-las-victimas\/","og_locale":"es_ES","og_type":"article","og_title":"Bensus\u00e1n y los nuevos cambios al CPP: \"Hay m\u00e1s herramientas de participaci\u00f3n de las v\u00edctimas\" - Diario Textual","og_description":"El ministro de Gobierno y Justicia, Daniel Pablo Bensus\u00e1n, asegur\u00f3 que con la aplicaci\u00f3n de las reformas al C\u00f3digo Procesal Penal pampeano se brindar\u00e1n \u201cmayores herramientas de participaci\u00f3n\u00bb a las&hellip;","og_url":"https:\/\/diariotextual.com\/inicio\/index.php\/2019\/09\/25\/bensusan-los-nuevos-cambios-al-cpp-mas-herramientas-participacion-las-victimas\/","og_site_name":"Diario Textual","article_publisher":"https:\/\/www.facebook.com\/eltextual","article_published_time":"2019-09-25T13:53:16+00:00","article_modified_time":"2019-09-25T19:38:54+00:00","og_image":[{"width":2247,"height":1500,"url":"https:\/\/diariotextual.com\/inicio\/wp-content\/uploads\/2019\/09\/bensusandiputadosreformacodigo2019-1.jpg","type":"image\/jpeg"}],"author":"Diario1 Diario1","twitter_card":"summary_large_image","twitter_creator":"@eltextual","twitter_site":"@eltextual","twitter_misc":{"Escrito por":"Diario1 Diario1","Tiempo de lectura":"2 minutos"},"schema":{"@context":"https:\/\/schema.org","@graph":[{"@type":"Article","@id":"https:\/\/diariotextual.com\/inicio\/index.php\/2019\/09\/25\/bensusan-los-nuevos-cambios-al-cpp-mas-herramientas-participacion-las-victimas\/#article","isPartOf":{"@id":"https:\/\/diariotextual.com\/inicio\/index.php\/2019\/09\/25\/bensusan-los-nuevos-cambios-al-cpp-mas-herramientas-participacion-las-victimas\/"},"author":{"name":"Diario1 Diario1","@id":"https:\/\/diariotextual.com\/inicio\/#\/schema\/person\/418fc4093c33e86ed41562db3508f958"},"headline":"Bensus\u00e1n y los nuevos cambios al CPP: \u00abHay m\u00e1s herramientas de participaci\u00f3n de las v\u00edctimas\u00bb","datePublished":"2019-09-25T13:53:16+00:00","dateModified":"2019-09-25T19:38:54+00:00","mainEntityOfPage":{"@id":"https:\/\/diariotextual.com\/inicio\/index.php\/2019\/09\/25\/bensusan-los-nuevos-cambios-al-cpp-mas-herramientas-participacion-las-victimas\/"},"wordCount":495,"publisher":{"@id":"https:\/\/diariotextual.com\/inicio\/#organization"},"image":{"@id":"https:\/\/diariotextual.com\/inicio\/index.php\/2019\/09\/25\/bensusan-los-nuevos-cambios-al-cpp-mas-herramientas-participacion-las-victimas\/#primaryimage"},"thumbnailUrl":"https:\/\/diariotextual.com\/inicio\/wp-content\/uploads\/2019\/09\/bensusandiputadosreformacodigo2019-1.jpg","articleSection":["A - ES NOTICIA (van abajo)","A - TEMPORALES","POLITICA"],"inLanguage":"es"},{"@type":"WebPage","@id":"https:\/\/diariotextual.com\/inicio\/index.php\/2019\/09\/25\/bensusan-los-nuevos-cambios-al-cpp-mas-herramientas-participacion-las-victimas\/","url":"https:\/\/diariotextual.com\/inicio\/index.php\/2019\/09\/25\/bensusan-los-nuevos-cambios-al-cpp-mas-herramientas-participacion-las-victimas\/","name":"Bensus\u00e1n y los nuevos cambios al CPP: \"Hay m\u00e1s herramientas de participaci\u00f3n de las v\u00edctimas\" - Diario Textual","isPartOf":{"@id":"https:\/\/diariotextual.com\/inicio\/#website"},"primaryImageOfPage":{"@id":"https:\/\/diariotextual.com\/inicio\/index.php\/2019\/09\/25\/bensusan-los-nuevos-cambios-al-cpp-mas-herramientas-participacion-las-victimas\/#primaryimage"},"image":{"@id":"https:\/\/diariotextual.com\/inicio\/index.php\/2019\/09\/25\/bensusan-los-nuevos-cambios-al-cpp-mas-herramientas-participacion-las-victimas\/#primaryimage"},"thumbnailUrl":"https:\/\/diariotextual.com\/inicio\/wp-content\/uploads\/2019\/09\/bensusandiputadosreformacodigo2019-1.jpg","datePublished":"2019-09-25T13:53:16+00:00","dateModified":"2019-09-25T19:38:54+00:00","breadcrumb":{"@id":"https:\/\/diariotextual.com\/inicio\/index.php\/2019\/09\/25\/bensusan-los-nuevos-cambios-al-cpp-mas-herramientas-participacion-las-victimas\/#breadcrumb"},"inLanguage":"es","potentialAction":[{"@type":"ReadAction","target":["https:\/\/diariotextual.com\/inicio\/index.php\/2019\/09\/25\/bensusan-los-nuevos-cambios-al-cpp-mas-herramientas-participacion-las-victimas\/"]}]},{"@type":"ImageObject","inLanguage":"es","@id":"https:\/\/diariotextual.com\/inicio\/index.php\/2019\/09\/25\/bensusan-los-nuevos-cambios-al-cpp-mas-herramientas-participacion-las-victimas\/#primaryimage","url":"https:\/\/diariotextual.com\/inicio\/wp-content\/uploads\/2019\/09\/bensusandiputadosreformacodigo2019-1.jpg","contentUrl":"https:\/\/diariotextual.com\/inicio\/wp-content\/uploads\/2019\/09\/bensusandiputadosreformacodigo2019-1.jpg","width":2247,"height":1500},{"@type":"BreadcrumbList","@id":"https:\/\/diariotextual.com\/inicio\/index.php\/2019\/09\/25\/bensusan-los-nuevos-cambios-al-cpp-mas-herramientas-participacion-las-victimas\/#breadcrumb","itemListElement":[{"@type":"ListItem","position":1,"name":"Portada","item":"https:\/\/diariotextual.com\/inicio\/"},{"@type":"ListItem","position":2,"name":"Bensus\u00e1n y los nuevos cambios al CPP: \u00abHay m\u00e1s herramientas de participaci\u00f3n de las v\u00edctimas\u00bb"}]},{"@type":"WebSite","@id":"https:\/\/diariotextual.com\/inicio\/#website","url":"https:\/\/diariotextual.com\/inicio\/","name":"Diario Textual","description":"","publisher":{"@id":"https:\/\/diariotextual.com\/inicio\/#organization"},"potentialAction":[{"@type":"SearchAction","target":{"@type":"EntryPoint","urlTemplate":"https:\/\/diariotextual.com\/inicio\/?s={search_term_string}"},"query-input":{"@type":"PropertyValueSpecification","valueRequired":true,"valueName":"search_term_string"}}],"inLanguage":"es"},{"@type":"Organization","@id":"https:\/\/diariotextual.com\/inicio\/#organization","name":"Diario Textual","url":"https:\/\/diariotextual.com\/inicio\/","logo":{"@type":"ImageObject","inLanguage":"es","@id":"https:\/\/diariotextual.com\/inicio\/#\/schema\/logo\/image\/","url":"https:\/\/diariotextual.com\/inicio\/wp-content\/uploads\/2023\/05\/logotextual1.jpg","contentUrl":"https:\/\/diariotextual.com\/inicio\/wp-content\/uploads\/2023\/05\/logotextual1.jpg","width":516,"height":76,"caption":"Diario Textual"},"image":{"@id":"https:\/\/diariotextual.com\/inicio\/#\/schema\/logo\/image\/"},"sameAs":["https:\/\/www.facebook.com\/eltextual","https:\/\/x.com\/eltextual","http:\/\/www.instagram.com\/eltextual"]},{"@type":"Person","@id":"https:\/\/diariotextual.com\/inicio\/#\/schema\/person\/418fc4093c33e86ed41562db3508f958","name":"Diario1 Diario1","image":{"@type":"ImageObject","inLanguage":"es","@id":"https:\/\/secure.gravatar.com\/avatar\/9167d280179c85bc18be67aa7eda765854300033af4896dd779b608640f2ef7a?s=96&d=mm&r=g","url":"https:\/\/secure.gravatar.com\/avatar\/9167d280179c85bc18be67aa7eda765854300033af4896dd779b608640f2ef7a?s=96&d=mm&r=g","contentUrl":"https:\/\/secure.gravatar.com\/avatar\/9167d280179c85bc18be67aa7eda765854300033af4896dd779b608640f2ef7a?s=96&d=mm&r=g","caption":"Diario1 Diario1"},"url":"https:\/\/diariotextual.com\/inicio\/index.php\/author\/diario1\/"}]}},"_links":{"self":[{"href":"https:\/\/diariotextual.com\/inicio\/index.php\/wp-json\/wp\/v2\/posts\/63727","targetHints":{"allow":["GET"]}}],"collection":[{"href":"https:\/\/diariotextual.com\/inicio\/index.php\/wp-json\/wp\/v2\/posts"}],"about":[{"href":"https:\/\/diariotextual.com\/inicio\/index.php\/wp-json\/wp\/v2\/types\/post"}],"author":[{"embeddable":true,"href":"https:\/\/diariotextual.com\/inicio\/index.php\/wp-json\/wp\/v2\/users\/3"}],"replies":[{"embeddable":true,"href":"https:\/\/diariotextual.com\/inicio\/index.php\/wp-json\/wp\/v2\/comments?post=63727"}],"version-history":[{"count":2,"href":"https:\/\/diariotextual.com\/inicio\/index.php\/wp-json\/wp\/v2\/posts\/63727\/revisions"}],"predecessor-version":[{"id":63730,"href":"https:\/\/diariotextual.com\/inicio\/index.php\/wp-json\/wp\/v2\/posts\/63727\/revisions\/63730"}],"wp:featuredmedia":[{"embeddable":true,"href":"https:\/\/diariotextual.com\/inicio\/index.php\/wp-json\/wp\/v2\/media\/63729"}],"wp:attachment":[{"href":"https:\/\/diariotextual.com\/inicio\/index.php\/wp-json\/wp\/v2\/media?parent=63727"}],"wp:term":[{"taxonomy":"category","embeddable":true,"href":"https:\/\/diariotextual.com\/inicio\/index.php\/wp-json\/wp\/v2\/categories?post=63727"},{"taxonomy":"post_tag","embeddable":true,"href":"https:\/\/diariotextual.com\/inicio\/index.php\/wp-json\/wp\/v2\/tags?post=63727"}],"curies":[{"name":"wp","href":"https:\/\/api.w.org\/{rel}","templated":true}]}}