{"id":63780,"date":"2019-09-25T16:38:12","date_gmt":"2019-09-25T19:38:12","guid":{"rendered":"http:\/\/diariotextual.com\/inicio\/?p=63780"},"modified":"2019-09-26T08:31:49","modified_gmt":"2019-09-26T11:31:49","slug":"fmi-congelo-la-relacion-gobierno-mauricio-macri","status":"publish","type":"post","link":"https:\/\/diariotextual.com\/inicio\/index.php\/2019\/09\/25\/fmi-congelo-la-relacion-gobierno-mauricio-macri\/","title":{"rendered":"El FMI \u201ccongel\u00f3\u201d la relaci\u00f3n con el gobierno de Mauricio Macri"},"content":{"rendered":"<p>El director gerente interino del Fondo Monetario Internacional, David Lipton, asegur\u00f3 que <strong>el programa financiero de Argentina con el Fondo Monetario Internacional estar\u00e1 en suspenso durante alg\u00fan tiempo<\/strong> a medida que el pa\u00eds lidie con una severa incertidumbre pol\u00edtica y econ\u00f3mica.<\/p>\n<p><!--more--><\/p>\n<p>La declaraci\u00f3n <strong>no hace m\u00e1s que confirmar la decisi\u00f3n de postergar el desembolso de u$s5.400 millones pendiente del cr\u00e9dito stand by.<\/strong><\/p>\n<p>En una entrevista con Bloomberg Radio, Lipton dijo: \u201cEl FMI trabajar\u00e1 para una eventual reanudaci\u00f3n de una relaci\u00f3n, alg\u00fan tipo de relaci\u00f3n financiera con ellos, que tal vez tenga que esperar un tiempo. <strong>La situaci\u00f3n de Argentina en este momento es extremadamente compleja\u201d.<\/strong><\/p>\n<p>Lipton, quien se reuni\u00f3 con el presidente Mauricio Macri, el ministro de Econom\u00eda, Hern\u00e1n Lacunza, y el presidente del Banco Central, Guido Sandleris, el martes en Nueva York, afirm\u00f3 que<strong> el FMI trabajar\u00e1 con quien gane las elecciones presidenciales del 27 de octubre.<\/strong><\/p>\n<p>\u201cEstamos listos para ayudar a cualquier lado que gane las elecciones presidenciales\u201d, remarc\u00f3 y agreg\u00f3: \u201cNo es nuestro negocio tratar de adivinar el camino pol\u00edtico hacia adelante, no podemos hacer eso\u201d.<\/p>\n<p>Sin embargo, <strong>Lipton minimiz\u00f3 el uso que hace Argentina de los controles de capital que est\u00e1n conduciendo a la recuperaci\u00f3n de sus tipos de cambio paralelos, incluido un mercado negro.<\/strong> \u201cTales controles\u201d, dijo, son \u201calgo que podemos monitorear\u201d.<\/p>\n<p>\u201c<strong>Hemos tratado con pa\u00edses que tienen mercados paralelos en muchas, muchas circunstancias. Ese no es un gran desaf\u00edo.<\/strong> El problema m\u00e1s grande es c\u00f3mo calmar el mercado y estabilizar la situaci\u00f3n\u201d, explic\u00f3.<\/p>\n<p>Lacunza se reun\u00eda este mi\u00e9rcoles nuevamente con funcionarios del FMI en Washington y planea regresar a los EEUU en un par de semanas para las reuniones anuales del Fondo en octubre, public\u00f3 el diario \u00c1mbito Financiero.<\/p>\n<p>&nbsp;<\/p>\n<p><strong>Nueva directora<\/strong><\/p>\n<p>La b\u00falgara <strong>Kristalina Georgieva fue formalmente escogida este mi\u00e9rcoles por el Fondo Monetario Internacional como nueva directora gerente de esa instituci\u00f3n integrada por 189 pa\u00edses.<\/strong><\/p>\n<p>Su selecci\u00f3n estaba asegurada luego que el FMI anunciara este mes que era la \u00fanica candidata a suceder a la francesa Christine Lagarde, que ocupaba el cargo desde 2011 y lo dej\u00f3 para postularse a presidir el Banco Central Europeo.<\/p>\n<p>\u201cMe siento honrada de haber sido seleccionada como directora gerente del FMI. Espero poder unirme al personal comprometido del FMI para servir a nuestros 189 pa\u00edses miembros. Juntos, trabajaremos para construir econom\u00edas m\u00e1s fuertes y mejorar la vida de las personas en todo el mundo\u201d, dijo Georgieva en su cuenta de Twitter.<\/p>\n<p>La noticia tiene una gran relevancia para la Argentina, dado que el FMI es el mayor prestamista de nuestro pa\u00eds y los multimillonarios desembolsos del organismo se convirtieron en el salvavidas financiero de la econom\u00eda local.<\/p>\n<p>El <strong>cr\u00e9dito de u$s57.000 millones que el Gobierno Nacional acord\u00f3 con el FMI ser\u00e1 sin dudas el principal tema a resolver por parte de quien se imponga en las pr\u00f3ximas elecciones<\/strong> presidenciales.<\/p>\n","protected":false},"excerpt":{"rendered":"<p>El director gerente interino del Fondo Monetario Internacional, David Lipton, asegur\u00f3 que el programa financiero de Argentina con el Fondo Monetario Internacional estar\u00e1 en suspenso durante alg\u00fan tiempo a medida&hellip;<\/p>\n","protected":false},"author":5,"featured_media":63781,"comment_status":"closed","ping_status":"open","sticky":false,"template":"","format":"standard","meta":{"_acf_changed":false,"footnotes":""},"categories":[319,5],"tags":[],"class_list":["post-63780","post","type-post","status-publish","format-standard","has-post-thumbnail","hentry","category-a-temporales","category-economia"],"acf":[],"yoast_head":"<!-- This site is optimized with the Yoast SEO plugin v27.5 - https:\/\/yoast.com\/product\/yoast-seo-wordpress\/ -->\n<title>El FMI \u201ccongel\u00f3\u201d la relaci\u00f3n con el gobierno de Mauricio Macri - Diario Textual<\/title>\n<meta name=\"robots\" content=\"index, follow, max-snippet:-1, max-image-preview:large, max-video-preview:-1\" \/>\n<link rel=\"canonical\" href=\"https:\/\/diariotextual.com\/inicio\/index.php\/2019\/09\/25\/fmi-congelo-la-relacion-gobierno-mauricio-macri\/\" \/>\n<meta property=\"og:locale\" content=\"es_ES\" \/>\n<meta property=\"og:type\" content=\"article\" \/>\n<meta property=\"og:title\" content=\"El FMI \u201ccongel\u00f3\u201d la relaci\u00f3n con el gobierno de Mauricio Macri - Diario Textual\" \/>\n<meta property=\"og:description\" content=\"El director gerente interino del Fondo Monetario Internacional, David Lipton, asegur\u00f3 que el programa financiero de Argentina con el Fondo Monetario Internacional estar\u00e1 en suspenso durante alg\u00fan tiempo a medida&hellip;\" \/>\n<meta property=\"og:url\" content=\"https:\/\/diariotextual.com\/inicio\/index.php\/2019\/09\/25\/fmi-congelo-la-relacion-gobierno-mauricio-macri\/\" \/>\n<meta property=\"og:site_name\" content=\"Diario Textual\" \/>\n<meta property=\"article:publisher\" content=\"https:\/\/www.facebook.com\/eltextual\" \/>\n<meta property=\"article:published_time\" content=\"2019-09-25T19:38:12+00:00\" \/>\n<meta property=\"article:modified_time\" content=\"2019-09-26T11:31:49+00:00\" \/>\n<meta property=\"og:image\" content=\"https:\/\/diariotextual.com\/inicio\/wp-content\/uploads\/2019\/09\/liptondavid.jpg\" \/>\n\t<meta property=\"og:image:width\" content=\"700\" \/>\n\t<meta property=\"og:image:height\" content=\"393\" \/>\n\t<meta property=\"og:image:type\" content=\"image\/jpeg\" \/>\n<meta name=\"author\" content=\"diario3\" \/>\n<meta name=\"twitter:card\" content=\"summary_large_image\" \/>\n<meta name=\"twitter:creator\" content=\"@eltextual\" \/>\n<meta name=\"twitter:site\" content=\"@eltextual\" \/>\n<meta name=\"twitter:label1\" content=\"Escrito por\" \/>\n\t<meta name=\"twitter:data1\" content=\"diario3\" \/>\n\t<meta name=\"twitter:label2\" content=\"Tiempo de lectura\" \/>\n\t<meta name=\"twitter:data2\" content=\"3 minutos\" \/>\n<script type=\"application\/ld+json\" class=\"yoast-schema-graph\">{\"@context\":\"https:\\\/\\\/schema.org\",\"@graph\":[{\"@type\":\"Article\",\"@id\":\"https:\\\/\\\/diariotextual.com\\\/inicio\\\/index.php\\\/2019\\\/09\\\/25\\\/fmi-congelo-la-relacion-gobierno-mauricio-macri\\\/#article\",\"isPartOf\":{\"@id\":\"https:\\\/\\\/diariotextual.com\\\/inicio\\\/index.php\\\/2019\\\/09\\\/25\\\/fmi-congelo-la-relacion-gobierno-mauricio-macri\\\/\"},\"author\":{\"name\":\"diario3\",\"@id\":\"https:\\\/\\\/diariotextual.com\\\/inicio\\\/#\\\/schema\\\/person\\\/a1b6f563e0ee944c60f98119389a4d9f\"},\"headline\":\"El FMI \u201ccongel\u00f3\u201d la relaci\u00f3n con el gobierno de Mauricio Macri\",\"datePublished\":\"2019-09-25T19:38:12+00:00\",\"dateModified\":\"2019-09-26T11:31:49+00:00\",\"mainEntityOfPage\":{\"@id\":\"https:\\\/\\\/diariotextual.com\\\/inicio\\\/index.php\\\/2019\\\/09\\\/25\\\/fmi-congelo-la-relacion-gobierno-mauricio-macri\\\/\"},\"wordCount\":520,\"publisher\":{\"@id\":\"https:\\\/\\\/diariotextual.com\\\/inicio\\\/#organization\"},\"image\":{\"@id\":\"https:\\\/\\\/diariotextual.com\\\/inicio\\\/index.php\\\/2019\\\/09\\\/25\\\/fmi-congelo-la-relacion-gobierno-mauricio-macri\\\/#primaryimage\"},\"thumbnailUrl\":\"https:\\\/\\\/diariotextual.com\\\/inicio\\\/wp-content\\\/uploads\\\/2019\\\/09\\\/liptondavid.jpg\",\"articleSection\":[\"A - TEMPORALES\",\"ECONOMIA\"],\"inLanguage\":\"es\"},{\"@type\":\"WebPage\",\"@id\":\"https:\\\/\\\/diariotextual.com\\\/inicio\\\/index.php\\\/2019\\\/09\\\/25\\\/fmi-congelo-la-relacion-gobierno-mauricio-macri\\\/\",\"url\":\"https:\\\/\\\/diariotextual.com\\\/inicio\\\/index.php\\\/2019\\\/09\\\/25\\\/fmi-congelo-la-relacion-gobierno-mauricio-macri\\\/\",\"name\":\"El FMI \u201ccongel\u00f3\u201d la relaci\u00f3n con el gobierno de Mauricio Macri - Diario Textual\",\"isPartOf\":{\"@id\":\"https:\\\/\\\/diariotextual.com\\\/inicio\\\/#website\"},\"primaryImageOfPage\":{\"@id\":\"https:\\\/\\\/diariotextual.com\\\/inicio\\\/index.php\\\/2019\\\/09\\\/25\\\/fmi-congelo-la-relacion-gobierno-mauricio-macri\\\/#primaryimage\"},\"image\":{\"@id\":\"https:\\\/\\\/diariotextual.com\\\/inicio\\\/index.php\\\/2019\\\/09\\\/25\\\/fmi-congelo-la-relacion-gobierno-mauricio-macri\\\/#primaryimage\"},\"thumbnailUrl\":\"https:\\\/\\\/diariotextual.com\\\/inicio\\\/wp-content\\\/uploads\\\/2019\\\/09\\\/liptondavid.jpg\",\"datePublished\":\"2019-09-25T19:38:12+00:00\",\"dateModified\":\"2019-09-26T11:31:49+00:00\",\"breadcrumb\":{\"@id\":\"https:\\\/\\\/diariotextual.com\\\/inicio\\\/index.php\\\/2019\\\/09\\\/25\\\/fmi-congelo-la-relacion-gobierno-mauricio-macri\\\/#breadcrumb\"},\"inLanguage\":\"es\",\"potentialAction\":[{\"@type\":\"ReadAction\",\"target\":[\"https:\\\/\\\/diariotextual.com\\\/inicio\\\/index.php\\\/2019\\\/09\\\/25\\\/fmi-congelo-la-relacion-gobierno-mauricio-macri\\\/\"]}]},{\"@type\":\"ImageObject\",\"inLanguage\":\"es\",\"@id\":\"https:\\\/\\\/diariotextual.com\\\/inicio\\\/index.php\\\/2019\\\/09\\\/25\\\/fmi-congelo-la-relacion-gobierno-mauricio-macri\\\/#primaryimage\",\"url\":\"https:\\\/\\\/diariotextual.com\\\/inicio\\\/wp-content\\\/uploads\\\/2019\\\/09\\\/liptondavid.jpg\",\"contentUrl\":\"https:\\\/\\\/diariotextual.com\\\/inicio\\\/wp-content\\\/uploads\\\/2019\\\/09\\\/liptondavid.jpg\",\"width\":700,\"height\":393},{\"@type\":\"BreadcrumbList\",\"@id\":\"https:\\\/\\\/diariotextual.com\\\/inicio\\\/index.php\\\/2019\\\/09\\\/25\\\/fmi-congelo-la-relacion-gobierno-mauricio-macri\\\/#breadcrumb\",\"itemListElement\":[{\"@type\":\"ListItem\",\"position\":1,\"name\":\"Portada\",\"item\":\"https:\\\/\\\/diariotextual.com\\\/inicio\\\/\"},{\"@type\":\"ListItem\",\"position\":2,\"name\":\"El FMI \u201ccongel\u00f3\u201d la relaci\u00f3n con el gobierno de Mauricio Macri\"}]},{\"@type\":\"WebSite\",\"@id\":\"https:\\\/\\\/diariotextual.com\\\/inicio\\\/#website\",\"url\":\"https:\\\/\\\/diariotextual.com\\\/inicio\\\/\",\"name\":\"Diario Textual\",\"description\":\"\",\"publisher\":{\"@id\":\"https:\\\/\\\/diariotextual.com\\\/inicio\\\/#organization\"},\"potentialAction\":[{\"@type\":\"SearchAction\",\"target\":{\"@type\":\"EntryPoint\",\"urlTemplate\":\"https:\\\/\\\/diariotextual.com\\\/inicio\\\/?s={search_term_string}\"},\"query-input\":{\"@type\":\"PropertyValueSpecification\",\"valueRequired\":true,\"valueName\":\"search_term_string\"}}],\"inLanguage\":\"es\"},{\"@type\":\"Organization\",\"@id\":\"https:\\\/\\\/diariotextual.com\\\/inicio\\\/#organization\",\"name\":\"Diario Textual\",\"url\":\"https:\\\/\\\/diariotextual.com\\\/inicio\\\/\",\"logo\":{\"@type\":\"ImageObject\",\"inLanguage\":\"es\",\"@id\":\"https:\\\/\\\/diariotextual.com\\\/inicio\\\/#\\\/schema\\\/logo\\\/image\\\/\",\"url\":\"https:\\\/\\\/diariotextual.com\\\/inicio\\\/wp-content\\\/uploads\\\/2023\\\/05\\\/logotextual1.jpg\",\"contentUrl\":\"https:\\\/\\\/diariotextual.com\\\/inicio\\\/wp-content\\\/uploads\\\/2023\\\/05\\\/logotextual1.jpg\",\"width\":516,\"height\":76,\"caption\":\"Diario Textual\"},\"image\":{\"@id\":\"https:\\\/\\\/diariotextual.com\\\/inicio\\\/#\\\/schema\\\/logo\\\/image\\\/\"},\"sameAs\":[\"https:\\\/\\\/www.facebook.com\\\/eltextual\",\"https:\\\/\\\/x.com\\\/eltextual\",\"http:\\\/\\\/www.instagram.com\\\/eltextual\"]},{\"@type\":\"Person\",\"@id\":\"https:\\\/\\\/diariotextual.com\\\/inicio\\\/#\\\/schema\\\/person\\\/a1b6f563e0ee944c60f98119389a4d9f\",\"name\":\"diario3\",\"image\":{\"@type\":\"ImageObject\",\"inLanguage\":\"es\",\"@id\":\"https:\\\/\\\/secure.gravatar.com\\\/avatar\\\/5e7ee62c82fc04d9dd79d746a390d93c69c43223e5faeeb3ea9461ef752bfc5d?s=96&d=mm&r=g\",\"url\":\"https:\\\/\\\/secure.gravatar.com\\\/avatar\\\/5e7ee62c82fc04d9dd79d746a390d93c69c43223e5faeeb3ea9461ef752bfc5d?s=96&d=mm&r=g\",\"contentUrl\":\"https:\\\/\\\/secure.gravatar.com\\\/avatar\\\/5e7ee62c82fc04d9dd79d746a390d93c69c43223e5faeeb3ea9461ef752bfc5d?s=96&d=mm&r=g\",\"caption\":\"diario3\"},\"url\":\"https:\\\/\\\/diariotextual.com\\\/inicio\\\/index.php\\\/author\\\/diario3\\\/\"}]}<\/script>\n<!-- \/ Yoast SEO plugin. -->","yoast_head_json":{"title":"El FMI \u201ccongel\u00f3\u201d la relaci\u00f3n con el gobierno de Mauricio Macri - Diario Textual","robots":{"index":"index","follow":"follow","max-snippet":"max-snippet:-1","max-image-preview":"max-image-preview:large","max-video-preview":"max-video-preview:-1"},"canonical":"https:\/\/diariotextual.com\/inicio\/index.php\/2019\/09\/25\/fmi-congelo-la-relacion-gobierno-mauricio-macri\/","og_locale":"es_ES","og_type":"article","og_title":"El FMI \u201ccongel\u00f3\u201d la relaci\u00f3n con el gobierno de Mauricio Macri - Diario Textual","og_description":"El director gerente interino del Fondo Monetario Internacional, David Lipton, asegur\u00f3 que el programa financiero de Argentina con el Fondo Monetario Internacional estar\u00e1 en suspenso durante alg\u00fan tiempo a medida&hellip;","og_url":"https:\/\/diariotextual.com\/inicio\/index.php\/2019\/09\/25\/fmi-congelo-la-relacion-gobierno-mauricio-macri\/","og_site_name":"Diario Textual","article_publisher":"https:\/\/www.facebook.com\/eltextual","article_published_time":"2019-09-25T19:38:12+00:00","article_modified_time":"2019-09-26T11:31:49+00:00","og_image":[{"width":700,"height":393,"url":"https:\/\/diariotextual.com\/inicio\/wp-content\/uploads\/2019\/09\/liptondavid.jpg","type":"image\/jpeg"}],"author":"diario3","twitter_card":"summary_large_image","twitter_creator":"@eltextual","twitter_site":"@eltextual","twitter_misc":{"Escrito por":"diario3","Tiempo de lectura":"3 minutos"},"schema":{"@context":"https:\/\/schema.org","@graph":[{"@type":"Article","@id":"https:\/\/diariotextual.com\/inicio\/index.php\/2019\/09\/25\/fmi-congelo-la-relacion-gobierno-mauricio-macri\/#article","isPartOf":{"@id":"https:\/\/diariotextual.com\/inicio\/index.php\/2019\/09\/25\/fmi-congelo-la-relacion-gobierno-mauricio-macri\/"},"author":{"name":"diario3","@id":"https:\/\/diariotextual.com\/inicio\/#\/schema\/person\/a1b6f563e0ee944c60f98119389a4d9f"},"headline":"El FMI \u201ccongel\u00f3\u201d la relaci\u00f3n con el gobierno de Mauricio Macri","datePublished":"2019-09-25T19:38:12+00:00","dateModified":"2019-09-26T11:31:49+00:00","mainEntityOfPage":{"@id":"https:\/\/diariotextual.com\/inicio\/index.php\/2019\/09\/25\/fmi-congelo-la-relacion-gobierno-mauricio-macri\/"},"wordCount":520,"publisher":{"@id":"https:\/\/diariotextual.com\/inicio\/#organization"},"image":{"@id":"https:\/\/diariotextual.com\/inicio\/index.php\/2019\/09\/25\/fmi-congelo-la-relacion-gobierno-mauricio-macri\/#primaryimage"},"thumbnailUrl":"https:\/\/diariotextual.com\/inicio\/wp-content\/uploads\/2019\/09\/liptondavid.jpg","articleSection":["A - TEMPORALES","ECONOMIA"],"inLanguage":"es"},{"@type":"WebPage","@id":"https:\/\/diariotextual.com\/inicio\/index.php\/2019\/09\/25\/fmi-congelo-la-relacion-gobierno-mauricio-macri\/","url":"https:\/\/diariotextual.com\/inicio\/index.php\/2019\/09\/25\/fmi-congelo-la-relacion-gobierno-mauricio-macri\/","name":"El FMI \u201ccongel\u00f3\u201d la relaci\u00f3n con el gobierno de Mauricio Macri - Diario Textual","isPartOf":{"@id":"https:\/\/diariotextual.com\/inicio\/#website"},"primaryImageOfPage":{"@id":"https:\/\/diariotextual.com\/inicio\/index.php\/2019\/09\/25\/fmi-congelo-la-relacion-gobierno-mauricio-macri\/#primaryimage"},"image":{"@id":"https:\/\/diariotextual.com\/inicio\/index.php\/2019\/09\/25\/fmi-congelo-la-relacion-gobierno-mauricio-macri\/#primaryimage"},"thumbnailUrl":"https:\/\/diariotextual.com\/inicio\/wp-content\/uploads\/2019\/09\/liptondavid.jpg","datePublished":"2019-09-25T19:38:12+00:00","dateModified":"2019-09-26T11:31:49+00:00","breadcrumb":{"@id":"https:\/\/diariotextual.com\/inicio\/index.php\/2019\/09\/25\/fmi-congelo-la-relacion-gobierno-mauricio-macri\/#breadcrumb"},"inLanguage":"es","potentialAction":[{"@type":"ReadAction","target":["https:\/\/diariotextual.com\/inicio\/index.php\/2019\/09\/25\/fmi-congelo-la-relacion-gobierno-mauricio-macri\/"]}]},{"@type":"ImageObject","inLanguage":"es","@id":"https:\/\/diariotextual.com\/inicio\/index.php\/2019\/09\/25\/fmi-congelo-la-relacion-gobierno-mauricio-macri\/#primaryimage","url":"https:\/\/diariotextual.com\/inicio\/wp-content\/uploads\/2019\/09\/liptondavid.jpg","contentUrl":"https:\/\/diariotextual.com\/inicio\/wp-content\/uploads\/2019\/09\/liptondavid.jpg","width":700,"height":393},{"@type":"BreadcrumbList","@id":"https:\/\/diariotextual.com\/inicio\/index.php\/2019\/09\/25\/fmi-congelo-la-relacion-gobierno-mauricio-macri\/#breadcrumb","itemListElement":[{"@type":"ListItem","position":1,"name":"Portada","item":"https:\/\/diariotextual.com\/inicio\/"},{"@type":"ListItem","position":2,"name":"El FMI \u201ccongel\u00f3\u201d la relaci\u00f3n con el gobierno de Mauricio Macri"}]},{"@type":"WebSite","@id":"https:\/\/diariotextual.com\/inicio\/#website","url":"https:\/\/diariotextual.com\/inicio\/","name":"Diario Textual","description":"","publisher":{"@id":"https:\/\/diariotextual.com\/inicio\/#organization"},"potentialAction":[{"@type":"SearchAction","target":{"@type":"EntryPoint","urlTemplate":"https:\/\/diariotextual.com\/inicio\/?s={search_term_string}"},"query-input":{"@type":"PropertyValueSpecification","valueRequired":true,"valueName":"search_term_string"}}],"inLanguage":"es"},{"@type":"Organization","@id":"https:\/\/diariotextual.com\/inicio\/#organization","name":"Diario Textual","url":"https:\/\/diariotextual.com\/inicio\/","logo":{"@type":"ImageObject","inLanguage":"es","@id":"https:\/\/diariotextual.com\/inicio\/#\/schema\/logo\/image\/","url":"https:\/\/diariotextual.com\/inicio\/wp-content\/uploads\/2023\/05\/logotextual1.jpg","contentUrl":"https:\/\/diariotextual.com\/inicio\/wp-content\/uploads\/2023\/05\/logotextual1.jpg","width":516,"height":76,"caption":"Diario Textual"},"image":{"@id":"https:\/\/diariotextual.com\/inicio\/#\/schema\/logo\/image\/"},"sameAs":["https:\/\/www.facebook.com\/eltextual","https:\/\/x.com\/eltextual","http:\/\/www.instagram.com\/eltextual"]},{"@type":"Person","@id":"https:\/\/diariotextual.com\/inicio\/#\/schema\/person\/a1b6f563e0ee944c60f98119389a4d9f","name":"diario3","image":{"@type":"ImageObject","inLanguage":"es","@id":"https:\/\/secure.gravatar.com\/avatar\/5e7ee62c82fc04d9dd79d746a390d93c69c43223e5faeeb3ea9461ef752bfc5d?s=96&d=mm&r=g","url":"https:\/\/secure.gravatar.com\/avatar\/5e7ee62c82fc04d9dd79d746a390d93c69c43223e5faeeb3ea9461ef752bfc5d?s=96&d=mm&r=g","contentUrl":"https:\/\/secure.gravatar.com\/avatar\/5e7ee62c82fc04d9dd79d746a390d93c69c43223e5faeeb3ea9461ef752bfc5d?s=96&d=mm&r=g","caption":"diario3"},"url":"https:\/\/diariotextual.com\/inicio\/index.php\/author\/diario3\/"}]}},"_links":{"self":[{"href":"https:\/\/diariotextual.com\/inicio\/index.php\/wp-json\/wp\/v2\/posts\/63780","targetHints":{"allow":["GET"]}}],"collection":[{"href":"https:\/\/diariotextual.com\/inicio\/index.php\/wp-json\/wp\/v2\/posts"}],"about":[{"href":"https:\/\/diariotextual.com\/inicio\/index.php\/wp-json\/wp\/v2\/types\/post"}],"author":[{"embeddable":true,"href":"https:\/\/diariotextual.com\/inicio\/index.php\/wp-json\/wp\/v2\/users\/5"}],"replies":[{"embeddable":true,"href":"https:\/\/diariotextual.com\/inicio\/index.php\/wp-json\/wp\/v2\/comments?post=63780"}],"version-history":[{"count":1,"href":"https:\/\/diariotextual.com\/inicio\/index.php\/wp-json\/wp\/v2\/posts\/63780\/revisions"}],"predecessor-version":[{"id":63782,"href":"https:\/\/diariotextual.com\/inicio\/index.php\/wp-json\/wp\/v2\/posts\/63780\/revisions\/63782"}],"wp:featuredmedia":[{"embeddable":true,"href":"https:\/\/diariotextual.com\/inicio\/index.php\/wp-json\/wp\/v2\/media\/63781"}],"wp:attachment":[{"href":"https:\/\/diariotextual.com\/inicio\/index.php\/wp-json\/wp\/v2\/media?parent=63780"}],"wp:term":[{"taxonomy":"category","embeddable":true,"href":"https:\/\/diariotextual.com\/inicio\/index.php\/wp-json\/wp\/v2\/categories?post=63780"},{"taxonomy":"post_tag","embeddable":true,"href":"https:\/\/diariotextual.com\/inicio\/index.php\/wp-json\/wp\/v2\/tags?post=63780"}],"curies":[{"name":"wp","href":"https:\/\/api.w.org\/{rel}","templated":true}]}}