{"id":63838,"date":"2019-09-26T09:11:06","date_gmt":"2019-09-26T12:11:06","guid":{"rendered":"http:\/\/diariotextual.com\/inicio\/?p=63838"},"modified":"2019-09-26T16:37:40","modified_gmt":"2019-09-26T19:37:40","slug":"juzgaran-hombre-acusado-explotar-sexualmente-novia-santa-rosa","status":"publish","type":"post","link":"https:\/\/diariotextual.com\/inicio\/index.php\/2019\/09\/26\/juzgaran-hombre-acusado-explotar-sexualmente-novia-santa-rosa\/","title":{"rendered":"Juzgar\u00e1n a un hombre acusado de explotar sexualmente a su novia en Santa Rosa"},"content":{"rendered":"<p>El 16 de octubre, ante el Tribunal Oral Federal de Santa Rosa, <strong>comenzar\u00e1 el juicio a un hombre acusado de los delitos de trata de personas con fines de explotaci\u00f3n sexual y explotaci\u00f3n econ\u00f3mica de la prostituci\u00f3n ajena, aprovechando la situaci\u00f3n de vulnerabilidad de la v\u00edctima<\/strong>. En representaci\u00f3n del Ministerio P\u00fablico Fiscal intervendr\u00e1 el fiscal <strong>Leonel G\u00f3mez Barbella<\/strong>.<\/p>\n<p>Seg\u00fan se supo,<strong> al imputado se le endilga haber explotado a la joven mediante la obtenci\u00f3n de provecho econ\u00f3mico del comercio sexual<\/strong>.<\/p>\n<p>Seg\u00fan la investigaci\u00f3n del fiscal,<strong> inici\u00f3 una relaci\u00f3n de noviazgo con ella, se aprovech\u00f3 de su vulnerabilidad y la someti\u00f3 al ejercicio de la prostituci\u00f3n a trav\u00e9s de amenazas, violencia f\u00edsica, sexual y psicol\u00f3gica.<\/strong><\/p>\n<p>Los hechos ocurrieron desde diciembre de 2018 hasta mayo de 2019 en la capital provincial, siempre en horario nocturno.<\/p>\n<p>La causa comenz\u00f3 en febrero de este a\u00f1o, a ra\u00edz de la recepci\u00f3n de un llamado al \u00e1rea Trata de Personas de la Polic\u00eda de La Pampa, que detallaba que hab\u00eda una mujer que se encontraba ejerciendo la prostituci\u00f3n en la calle, en un barrio de Santa Rosa.<\/p>\n<p>Como consecuencia, se remiti\u00f3 al lugar un m\u00f3vil policial y se identific\u00f3 a la joven, de 22 a\u00f1os, e inmediatamente se present\u00f3 el ahora imputado, preocupado por si exist\u00eda alg\u00fan problema.<\/p>\n<p>Al tomar conocimiento de estas circunstancias, el fiscal a cargo de la Unidad de Delitos que impliquen Violencia Familiar y de G\u00e9nero del MPF de Santa Rosa, Cristian Casais -de la jurisdicci\u00f3n provincial-, dispuso investigar la existencia de indicadores que dieran cuenta de la presunta situaci\u00f3n de explotaci\u00f3n en la que se encontrar\u00eda la joven.<\/p>\n<p><strong>Polic\u00edas, a trav\u00e9s de una serie de tareas de vigilancia, constataron el arribo de hombres a esa zona en distintos momentos, quienes se retiraban con la joven y volv\u00edan despu\u00e9s de un rato y le entregaban \u201calgo\u201d al imputado, quien le exig\u00eda esa entrega, en ocasiones, mediante fuertes insistencias, conductas intimidantes y zamarreos<\/strong>.<\/p>\n<p>Por ese motivo, se ordenaron m\u00e1s medidas y en junio el fiscal provincial se declar\u00f3 incompetente para intervenir porque se trataba de un delito federal. As\u00ed, envi\u00f3 la causa al fuero federal de Santa Rosa. Finalmente, en julio, el fiscal lederal G\u00f3mez Barbella solicit\u00f3 el requerimiento de elevaci\u00f3n a juicio.<\/p>\n<p>&nbsp;<\/p>\n<p>&nbsp;<\/p>\n","protected":false},"excerpt":{"rendered":"<p>El 16 de octubre, ante el Tribunal Oral Federal de Santa Rosa, comenzar\u00e1 el juicio a un hombre acusado de los delitos de trata de personas con fines de explotaci\u00f3n&hellip;<\/p>\n","protected":false},"author":3,"featured_media":1435,"comment_status":"closed","ping_status":"open","sticky":false,"template":"","format":"standard","meta":{"_acf_changed":false,"footnotes":""},"categories":[1,11,319,12],"tags":[],"class_list":["post-63838","post","type-post","status-publish","format-standard","has-post-thumbnail","hentry","category-es-noticia","category-que-pasa","category-a-temporales","category-sociedad"],"acf":[],"yoast_head":"<!-- This site is optimized with the Yoast SEO plugin v27.5 - https:\/\/yoast.com\/product\/yoast-seo-wordpress\/ -->\n<title>Juzgar\u00e1n a un hombre acusado de explotar sexualmente a su novia en Santa Rosa - Diario Textual<\/title>\n<meta name=\"robots\" content=\"index, follow, max-snippet:-1, max-image-preview:large, max-video-preview:-1\" \/>\n<link rel=\"canonical\" href=\"https:\/\/diariotextual.com\/inicio\/index.php\/2019\/09\/26\/juzgaran-hombre-acusado-explotar-sexualmente-novia-santa-rosa\/\" \/>\n<meta property=\"og:locale\" content=\"es_ES\" \/>\n<meta property=\"og:type\" content=\"article\" \/>\n<meta property=\"og:title\" content=\"Juzgar\u00e1n a un hombre acusado de explotar sexualmente a su novia en Santa Rosa - Diario Textual\" \/>\n<meta property=\"og:description\" content=\"El 16 de octubre, ante el Tribunal Oral Federal de Santa Rosa, comenzar\u00e1 el juicio a un hombre acusado de los delitos de trata de personas con fines de explotaci\u00f3n&hellip;\" \/>\n<meta property=\"og:url\" content=\"https:\/\/diariotextual.com\/inicio\/index.php\/2019\/09\/26\/juzgaran-hombre-acusado-explotar-sexualmente-novia-santa-rosa\/\" \/>\n<meta property=\"og:site_name\" content=\"Diario Textual\" \/>\n<meta property=\"article:publisher\" content=\"https:\/\/www.facebook.com\/eltextual\" \/>\n<meta property=\"article:published_time\" content=\"2019-09-26T12:11:06+00:00\" \/>\n<meta property=\"article:modified_time\" content=\"2019-09-26T19:37:40+00:00\" \/>\n<meta property=\"og:image\" content=\"https:\/\/diariotextual.com\/inicio\/wp-content\/uploads\/2018\/03\/trata-2-14.jpg\" \/>\n\t<meta property=\"og:image:width\" content=\"600\" \/>\n\t<meta property=\"og:image:height\" content=\"400\" \/>\n\t<meta property=\"og:image:type\" content=\"image\/jpeg\" \/>\n<meta name=\"author\" content=\"Diario1 Diario1\" \/>\n<meta name=\"twitter:card\" content=\"summary_large_image\" \/>\n<meta name=\"twitter:creator\" content=\"@eltextual\" \/>\n<meta name=\"twitter:site\" content=\"@eltextual\" \/>\n<meta name=\"twitter:label1\" content=\"Escrito por\" \/>\n\t<meta name=\"twitter:data1\" content=\"Diario1 Diario1\" \/>\n\t<meta name=\"twitter:label2\" content=\"Tiempo de lectura\" \/>\n\t<meta name=\"twitter:data2\" content=\"2 minutos\" \/>\n<script type=\"application\/ld+json\" class=\"yoast-schema-graph\">{\"@context\":\"https:\\\/\\\/schema.org\",\"@graph\":[{\"@type\":\"Article\",\"@id\":\"https:\\\/\\\/diariotextual.com\\\/inicio\\\/index.php\\\/2019\\\/09\\\/26\\\/juzgaran-hombre-acusado-explotar-sexualmente-novia-santa-rosa\\\/#article\",\"isPartOf\":{\"@id\":\"https:\\\/\\\/diariotextual.com\\\/inicio\\\/index.php\\\/2019\\\/09\\\/26\\\/juzgaran-hombre-acusado-explotar-sexualmente-novia-santa-rosa\\\/\"},\"author\":{\"name\":\"Diario1 Diario1\",\"@id\":\"https:\\\/\\\/diariotextual.com\\\/inicio\\\/#\\\/schema\\\/person\\\/418fc4093c33e86ed41562db3508f958\"},\"headline\":\"Juzgar\u00e1n a un hombre acusado de explotar sexualmente a su novia en Santa Rosa\",\"datePublished\":\"2019-09-26T12:11:06+00:00\",\"dateModified\":\"2019-09-26T19:37:40+00:00\",\"mainEntityOfPage\":{\"@id\":\"https:\\\/\\\/diariotextual.com\\\/inicio\\\/index.php\\\/2019\\\/09\\\/26\\\/juzgaran-hombre-acusado-explotar-sexualmente-novia-santa-rosa\\\/\"},\"wordCount\":425,\"publisher\":{\"@id\":\"https:\\\/\\\/diariotextual.com\\\/inicio\\\/#organization\"},\"image\":{\"@id\":\"https:\\\/\\\/diariotextual.com\\\/inicio\\\/index.php\\\/2019\\\/09\\\/26\\\/juzgaran-hombre-acusado-explotar-sexualmente-novia-santa-rosa\\\/#primaryimage\"},\"thumbnailUrl\":\"https:\\\/\\\/diariotextual.com\\\/inicio\\\/wp-content\\\/uploads\\\/2018\\\/03\\\/trata-2-14.jpg\",\"articleSection\":[\"A - ES NOTICIA (van abajo)\",\"A - QUE PASA (al costado)\",\"A - TEMPORALES\",\"SOCIEDAD\"],\"inLanguage\":\"es\"},{\"@type\":\"WebPage\",\"@id\":\"https:\\\/\\\/diariotextual.com\\\/inicio\\\/index.php\\\/2019\\\/09\\\/26\\\/juzgaran-hombre-acusado-explotar-sexualmente-novia-santa-rosa\\\/\",\"url\":\"https:\\\/\\\/diariotextual.com\\\/inicio\\\/index.php\\\/2019\\\/09\\\/26\\\/juzgaran-hombre-acusado-explotar-sexualmente-novia-santa-rosa\\\/\",\"name\":\"Juzgar\u00e1n a un hombre acusado de explotar sexualmente a su novia en Santa Rosa - Diario Textual\",\"isPartOf\":{\"@id\":\"https:\\\/\\\/diariotextual.com\\\/inicio\\\/#website\"},\"primaryImageOfPage\":{\"@id\":\"https:\\\/\\\/diariotextual.com\\\/inicio\\\/index.php\\\/2019\\\/09\\\/26\\\/juzgaran-hombre-acusado-explotar-sexualmente-novia-santa-rosa\\\/#primaryimage\"},\"image\":{\"@id\":\"https:\\\/\\\/diariotextual.com\\\/inicio\\\/index.php\\\/2019\\\/09\\\/26\\\/juzgaran-hombre-acusado-explotar-sexualmente-novia-santa-rosa\\\/#primaryimage\"},\"thumbnailUrl\":\"https:\\\/\\\/diariotextual.com\\\/inicio\\\/wp-content\\\/uploads\\\/2018\\\/03\\\/trata-2-14.jpg\",\"datePublished\":\"2019-09-26T12:11:06+00:00\",\"dateModified\":\"2019-09-26T19:37:40+00:00\",\"breadcrumb\":{\"@id\":\"https:\\\/\\\/diariotextual.com\\\/inicio\\\/index.php\\\/2019\\\/09\\\/26\\\/juzgaran-hombre-acusado-explotar-sexualmente-novia-santa-rosa\\\/#breadcrumb\"},\"inLanguage\":\"es\",\"potentialAction\":[{\"@type\":\"ReadAction\",\"target\":[\"https:\\\/\\\/diariotextual.com\\\/inicio\\\/index.php\\\/2019\\\/09\\\/26\\\/juzgaran-hombre-acusado-explotar-sexualmente-novia-santa-rosa\\\/\"]}]},{\"@type\":\"ImageObject\",\"inLanguage\":\"es\",\"@id\":\"https:\\\/\\\/diariotextual.com\\\/inicio\\\/index.php\\\/2019\\\/09\\\/26\\\/juzgaran-hombre-acusado-explotar-sexualmente-novia-santa-rosa\\\/#primaryimage\",\"url\":\"https:\\\/\\\/diariotextual.com\\\/inicio\\\/wp-content\\\/uploads\\\/2018\\\/03\\\/trata-2-14.jpg\",\"contentUrl\":\"https:\\\/\\\/diariotextual.com\\\/inicio\\\/wp-content\\\/uploads\\\/2018\\\/03\\\/trata-2-14.jpg\",\"width\":600,\"height\":400},{\"@type\":\"BreadcrumbList\",\"@id\":\"https:\\\/\\\/diariotextual.com\\\/inicio\\\/index.php\\\/2019\\\/09\\\/26\\\/juzgaran-hombre-acusado-explotar-sexualmente-novia-santa-rosa\\\/#breadcrumb\",\"itemListElement\":[{\"@type\":\"ListItem\",\"position\":1,\"name\":\"Portada\",\"item\":\"https:\\\/\\\/diariotextual.com\\\/inicio\\\/\"},{\"@type\":\"ListItem\",\"position\":2,\"name\":\"Juzgar\u00e1n a un hombre acusado de explotar sexualmente a su novia en Santa Rosa\"}]},{\"@type\":\"WebSite\",\"@id\":\"https:\\\/\\\/diariotextual.com\\\/inicio\\\/#website\",\"url\":\"https:\\\/\\\/diariotextual.com\\\/inicio\\\/\",\"name\":\"Diario Textual\",\"description\":\"\",\"publisher\":{\"@id\":\"https:\\\/\\\/diariotextual.com\\\/inicio\\\/#organization\"},\"potentialAction\":[{\"@type\":\"SearchAction\",\"target\":{\"@type\":\"EntryPoint\",\"urlTemplate\":\"https:\\\/\\\/diariotextual.com\\\/inicio\\\/?s={search_term_string}\"},\"query-input\":{\"@type\":\"PropertyValueSpecification\",\"valueRequired\":true,\"valueName\":\"search_term_string\"}}],\"inLanguage\":\"es\"},{\"@type\":\"Organization\",\"@id\":\"https:\\\/\\\/diariotextual.com\\\/inicio\\\/#organization\",\"name\":\"Diario Textual\",\"url\":\"https:\\\/\\\/diariotextual.com\\\/inicio\\\/\",\"logo\":{\"@type\":\"ImageObject\",\"inLanguage\":\"es\",\"@id\":\"https:\\\/\\\/diariotextual.com\\\/inicio\\\/#\\\/schema\\\/logo\\\/image\\\/\",\"url\":\"https:\\\/\\\/diariotextual.com\\\/inicio\\\/wp-content\\\/uploads\\\/2023\\\/05\\\/logotextual1.jpg\",\"contentUrl\":\"https:\\\/\\\/diariotextual.com\\\/inicio\\\/wp-content\\\/uploads\\\/2023\\\/05\\\/logotextual1.jpg\",\"width\":516,\"height\":76,\"caption\":\"Diario Textual\"},\"image\":{\"@id\":\"https:\\\/\\\/diariotextual.com\\\/inicio\\\/#\\\/schema\\\/logo\\\/image\\\/\"},\"sameAs\":[\"https:\\\/\\\/www.facebook.com\\\/eltextual\",\"https:\\\/\\\/x.com\\\/eltextual\",\"http:\\\/\\\/www.instagram.com\\\/eltextual\"]},{\"@type\":\"Person\",\"@id\":\"https:\\\/\\\/diariotextual.com\\\/inicio\\\/#\\\/schema\\\/person\\\/418fc4093c33e86ed41562db3508f958\",\"name\":\"Diario1 Diario1\",\"image\":{\"@type\":\"ImageObject\",\"inLanguage\":\"es\",\"@id\":\"https:\\\/\\\/secure.gravatar.com\\\/avatar\\\/9167d280179c85bc18be67aa7eda765854300033af4896dd779b608640f2ef7a?s=96&d=mm&r=g\",\"url\":\"https:\\\/\\\/secure.gravatar.com\\\/avatar\\\/9167d280179c85bc18be67aa7eda765854300033af4896dd779b608640f2ef7a?s=96&d=mm&r=g\",\"contentUrl\":\"https:\\\/\\\/secure.gravatar.com\\\/avatar\\\/9167d280179c85bc18be67aa7eda765854300033af4896dd779b608640f2ef7a?s=96&d=mm&r=g\",\"caption\":\"Diario1 Diario1\"},\"url\":\"https:\\\/\\\/diariotextual.com\\\/inicio\\\/index.php\\\/author\\\/diario1\\\/\"}]}<\/script>\n<!-- \/ Yoast SEO plugin. -->","yoast_head_json":{"title":"Juzgar\u00e1n a un hombre acusado de explotar sexualmente a su novia en Santa Rosa - Diario Textual","robots":{"index":"index","follow":"follow","max-snippet":"max-snippet:-1","max-image-preview":"max-image-preview:large","max-video-preview":"max-video-preview:-1"},"canonical":"https:\/\/diariotextual.com\/inicio\/index.php\/2019\/09\/26\/juzgaran-hombre-acusado-explotar-sexualmente-novia-santa-rosa\/","og_locale":"es_ES","og_type":"article","og_title":"Juzgar\u00e1n a un hombre acusado de explotar sexualmente a su novia en Santa Rosa - Diario Textual","og_description":"El 16 de octubre, ante el Tribunal Oral Federal de Santa Rosa, comenzar\u00e1 el juicio a un hombre acusado de los delitos de trata de personas con fines de explotaci\u00f3n&hellip;","og_url":"https:\/\/diariotextual.com\/inicio\/index.php\/2019\/09\/26\/juzgaran-hombre-acusado-explotar-sexualmente-novia-santa-rosa\/","og_site_name":"Diario Textual","article_publisher":"https:\/\/www.facebook.com\/eltextual","article_published_time":"2019-09-26T12:11:06+00:00","article_modified_time":"2019-09-26T19:37:40+00:00","og_image":[{"width":600,"height":400,"url":"https:\/\/diariotextual.com\/inicio\/wp-content\/uploads\/2018\/03\/trata-2-14.jpg","type":"image\/jpeg"}],"author":"Diario1 Diario1","twitter_card":"summary_large_image","twitter_creator":"@eltextual","twitter_site":"@eltextual","twitter_misc":{"Escrito por":"Diario1 Diario1","Tiempo de lectura":"2 minutos"},"schema":{"@context":"https:\/\/schema.org","@graph":[{"@type":"Article","@id":"https:\/\/diariotextual.com\/inicio\/index.php\/2019\/09\/26\/juzgaran-hombre-acusado-explotar-sexualmente-novia-santa-rosa\/#article","isPartOf":{"@id":"https:\/\/diariotextual.com\/inicio\/index.php\/2019\/09\/26\/juzgaran-hombre-acusado-explotar-sexualmente-novia-santa-rosa\/"},"author":{"name":"Diario1 Diario1","@id":"https:\/\/diariotextual.com\/inicio\/#\/schema\/person\/418fc4093c33e86ed41562db3508f958"},"headline":"Juzgar\u00e1n a un hombre acusado de explotar sexualmente a su novia en Santa Rosa","datePublished":"2019-09-26T12:11:06+00:00","dateModified":"2019-09-26T19:37:40+00:00","mainEntityOfPage":{"@id":"https:\/\/diariotextual.com\/inicio\/index.php\/2019\/09\/26\/juzgaran-hombre-acusado-explotar-sexualmente-novia-santa-rosa\/"},"wordCount":425,"publisher":{"@id":"https:\/\/diariotextual.com\/inicio\/#organization"},"image":{"@id":"https:\/\/diariotextual.com\/inicio\/index.php\/2019\/09\/26\/juzgaran-hombre-acusado-explotar-sexualmente-novia-santa-rosa\/#primaryimage"},"thumbnailUrl":"https:\/\/diariotextual.com\/inicio\/wp-content\/uploads\/2018\/03\/trata-2-14.jpg","articleSection":["A - ES NOTICIA (van abajo)","A - QUE PASA (al costado)","A - TEMPORALES","SOCIEDAD"],"inLanguage":"es"},{"@type":"WebPage","@id":"https:\/\/diariotextual.com\/inicio\/index.php\/2019\/09\/26\/juzgaran-hombre-acusado-explotar-sexualmente-novia-santa-rosa\/","url":"https:\/\/diariotextual.com\/inicio\/index.php\/2019\/09\/26\/juzgaran-hombre-acusado-explotar-sexualmente-novia-santa-rosa\/","name":"Juzgar\u00e1n a un hombre acusado de explotar sexualmente a su novia en Santa Rosa - Diario Textual","isPartOf":{"@id":"https:\/\/diariotextual.com\/inicio\/#website"},"primaryImageOfPage":{"@id":"https:\/\/diariotextual.com\/inicio\/index.php\/2019\/09\/26\/juzgaran-hombre-acusado-explotar-sexualmente-novia-santa-rosa\/#primaryimage"},"image":{"@id":"https:\/\/diariotextual.com\/inicio\/index.php\/2019\/09\/26\/juzgaran-hombre-acusado-explotar-sexualmente-novia-santa-rosa\/#primaryimage"},"thumbnailUrl":"https:\/\/diariotextual.com\/inicio\/wp-content\/uploads\/2018\/03\/trata-2-14.jpg","datePublished":"2019-09-26T12:11:06+00:00","dateModified":"2019-09-26T19:37:40+00:00","breadcrumb":{"@id":"https:\/\/diariotextual.com\/inicio\/index.php\/2019\/09\/26\/juzgaran-hombre-acusado-explotar-sexualmente-novia-santa-rosa\/#breadcrumb"},"inLanguage":"es","potentialAction":[{"@type":"ReadAction","target":["https:\/\/diariotextual.com\/inicio\/index.php\/2019\/09\/26\/juzgaran-hombre-acusado-explotar-sexualmente-novia-santa-rosa\/"]}]},{"@type":"ImageObject","inLanguage":"es","@id":"https:\/\/diariotextual.com\/inicio\/index.php\/2019\/09\/26\/juzgaran-hombre-acusado-explotar-sexualmente-novia-santa-rosa\/#primaryimage","url":"https:\/\/diariotextual.com\/inicio\/wp-content\/uploads\/2018\/03\/trata-2-14.jpg","contentUrl":"https:\/\/diariotextual.com\/inicio\/wp-content\/uploads\/2018\/03\/trata-2-14.jpg","width":600,"height":400},{"@type":"BreadcrumbList","@id":"https:\/\/diariotextual.com\/inicio\/index.php\/2019\/09\/26\/juzgaran-hombre-acusado-explotar-sexualmente-novia-santa-rosa\/#breadcrumb","itemListElement":[{"@type":"ListItem","position":1,"name":"Portada","item":"https:\/\/diariotextual.com\/inicio\/"},{"@type":"ListItem","position":2,"name":"Juzgar\u00e1n a un hombre acusado de explotar sexualmente a su novia en Santa Rosa"}]},{"@type":"WebSite","@id":"https:\/\/diariotextual.com\/inicio\/#website","url":"https:\/\/diariotextual.com\/inicio\/","name":"Diario Textual","description":"","publisher":{"@id":"https:\/\/diariotextual.com\/inicio\/#organization"},"potentialAction":[{"@type":"SearchAction","target":{"@type":"EntryPoint","urlTemplate":"https:\/\/diariotextual.com\/inicio\/?s={search_term_string}"},"query-input":{"@type":"PropertyValueSpecification","valueRequired":true,"valueName":"search_term_string"}}],"inLanguage":"es"},{"@type":"Organization","@id":"https:\/\/diariotextual.com\/inicio\/#organization","name":"Diario Textual","url":"https:\/\/diariotextual.com\/inicio\/","logo":{"@type":"ImageObject","inLanguage":"es","@id":"https:\/\/diariotextual.com\/inicio\/#\/schema\/logo\/image\/","url":"https:\/\/diariotextual.com\/inicio\/wp-content\/uploads\/2023\/05\/logotextual1.jpg","contentUrl":"https:\/\/diariotextual.com\/inicio\/wp-content\/uploads\/2023\/05\/logotextual1.jpg","width":516,"height":76,"caption":"Diario Textual"},"image":{"@id":"https:\/\/diariotextual.com\/inicio\/#\/schema\/logo\/image\/"},"sameAs":["https:\/\/www.facebook.com\/eltextual","https:\/\/x.com\/eltextual","http:\/\/www.instagram.com\/eltextual"]},{"@type":"Person","@id":"https:\/\/diariotextual.com\/inicio\/#\/schema\/person\/418fc4093c33e86ed41562db3508f958","name":"Diario1 Diario1","image":{"@type":"ImageObject","inLanguage":"es","@id":"https:\/\/secure.gravatar.com\/avatar\/9167d280179c85bc18be67aa7eda765854300033af4896dd779b608640f2ef7a?s=96&d=mm&r=g","url":"https:\/\/secure.gravatar.com\/avatar\/9167d280179c85bc18be67aa7eda765854300033af4896dd779b608640f2ef7a?s=96&d=mm&r=g","contentUrl":"https:\/\/secure.gravatar.com\/avatar\/9167d280179c85bc18be67aa7eda765854300033af4896dd779b608640f2ef7a?s=96&d=mm&r=g","caption":"Diario1 Diario1"},"url":"https:\/\/diariotextual.com\/inicio\/index.php\/author\/diario1\/"}]}},"_links":{"self":[{"href":"https:\/\/diariotextual.com\/inicio\/index.php\/wp-json\/wp\/v2\/posts\/63838","targetHints":{"allow":["GET"]}}],"collection":[{"href":"https:\/\/diariotextual.com\/inicio\/index.php\/wp-json\/wp\/v2\/posts"}],"about":[{"href":"https:\/\/diariotextual.com\/inicio\/index.php\/wp-json\/wp\/v2\/types\/post"}],"author":[{"embeddable":true,"href":"https:\/\/diariotextual.com\/inicio\/index.php\/wp-json\/wp\/v2\/users\/3"}],"replies":[{"embeddable":true,"href":"https:\/\/diariotextual.com\/inicio\/index.php\/wp-json\/wp\/v2\/comments?post=63838"}],"version-history":[{"count":2,"href":"https:\/\/diariotextual.com\/inicio\/index.php\/wp-json\/wp\/v2\/posts\/63838\/revisions"}],"predecessor-version":[{"id":63840,"href":"https:\/\/diariotextual.com\/inicio\/index.php\/wp-json\/wp\/v2\/posts\/63838\/revisions\/63840"}],"wp:featuredmedia":[{"embeddable":true,"href":"https:\/\/diariotextual.com\/inicio\/index.php\/wp-json\/wp\/v2\/media\/1435"}],"wp:attachment":[{"href":"https:\/\/diariotextual.com\/inicio\/index.php\/wp-json\/wp\/v2\/media?parent=63838"}],"wp:term":[{"taxonomy":"category","embeddable":true,"href":"https:\/\/diariotextual.com\/inicio\/index.php\/wp-json\/wp\/v2\/categories?post=63838"},{"taxonomy":"post_tag","embeddable":true,"href":"https:\/\/diariotextual.com\/inicio\/index.php\/wp-json\/wp\/v2\/tags?post=63838"}],"curies":[{"name":"wp","href":"https:\/\/api.w.org\/{rel}","templated":true}]}}