{"id":63871,"date":"2019-09-26T10:27:10","date_gmt":"2019-09-26T13:27:10","guid":{"rendered":"http:\/\/diariotextual.com\/inicio\/?p=63871"},"modified":"2019-09-27T08:07:22","modified_gmt":"2019-09-27T11:07:22","slug":"la-corte-dejo-firme-la-condena-12-anos-al-policia-mato-al-cazador-garialdi","status":"publish","type":"post","link":"https:\/\/diariotextual.com\/inicio\/index.php\/2019\/09\/26\/la-corte-dejo-firme-la-condena-12-anos-al-policia-mato-al-cazador-garialdi\/","title":{"rendered":"La Corte dej\u00f3 firme la condena a 12 a\u00f1os al polic\u00eda que mat\u00f3 al cazador Garialdi"},"content":{"rendered":"<p>Esta semana <strong>qued\u00f3 firme la sentencia a 12 a\u00f1os de prisi\u00f3n<\/strong> al polic\u00eda <strong>Fernando Mart\u00edn Safenreider<\/strong>, quien\u00a0mat\u00f3 de un tiro al cazador<strong> Santiago Garialdi<\/strong> en una calle de la zona rural de <strong>Lonquimay.<\/strong><\/p>\n<p>Es que la Corte Suprema de Justicia de la Naci\u00f3n rechaz\u00f3, por \u00abinadmisible\u00bb, un recurso extraordinario de apelaci\u00f3n presentado por el defensor Jos\u00e9 Mario Aguerrido, pudo saber <strong>Diario Textual<\/strong>. Ahora el uniformado, quien se encuentra detenido desde el momento del grav\u00edsimo caso,<strong> ya no tiene m\u00e1s instancias de apelaci\u00f3n<\/strong>.<\/p>\n<p>El polic\u00eda fue declarado por la Justicia pampeana como <strong>autor del delito de homicidio simple, agravado por el uso de arma de fuego, en concurso ideal con el delito de lesiones leves<\/strong>.<\/p>\n<p class=\"pt-Normal\" dir=\"ltr\"><span class=\"pt-Fuentedeprrafopredeter\" lang=\"es-AR\">El defensor <strong>Jos\u00e9 Mario Aguerrido<\/strong> hab\u00eda cuestionado que no se\u00a0<strong>hab\u00eda \u00ababordado los agravios referidos al estado de necesidad disculpante, as\u00ed como de la leg\u00edtima defensa\u00bb del polic\u00eda<\/strong>. Tambi\u00e9n, entre otros puntos, hab\u00eda cuestionado que se hab\u00eda \u00abdesplazado la informaci\u00f3n m\u00e9dica, psicol\u00f3gica y psiqui\u00e1trica sobre la persona, y personalidad del imputado, sin tenerse en cuenta lo indicado por los peritos respecto a la falta de fabulaci\u00f3n\u00bb en sus dichos.\u00a0<\/span><span class=\"pt-Fuentedeprrafopredeter\" lang=\"es-AR\">Para finalizar, hab\u00eda requerido que se decrete la \u00ababsoluci\u00f3n\u00bb de su asistido, por \u00abfalta de dominio del hecho\u00bb o por estar en el \u00e1mbito de una causa de justificaci\u00f3n (art. 34 incs. 1, 4 y 6 del C.P.). Y para el supuesto que se considere que su ejercicio fue excesivo (art. 35 del C.P.), se readecuara la pena impuesta.<\/span><\/p>\n<p dir=\"ltr\"><img fetchpriority=\"high\" decoding=\"async\" class=\"alignnone wp-image-6640 \" src=\"http:\/\/diariotextual.com\/inicio\/wp-content\/uploads\/2018\/05\/safenreiderjuiciogarialdi4333.jpg\" alt=\"\" width=\"511\" height=\"364\" srcset=\"https:\/\/diariotextual.com\/inicio\/wp-content\/uploads\/2018\/05\/safenreiderjuiciogarialdi4333.jpg 562w, https:\/\/diariotextual.com\/inicio\/wp-content\/uploads\/2018\/05\/safenreiderjuiciogarialdi4333-300x214.jpg 300w\" sizes=\"(max-width: 511px) 100vw, 511px\" \/><\/p>\n<p>&nbsp;<\/p>\n<p>En 2017, los jueces de audiencia Daniel S\u00e1ez Zamora, Alejandra Ongaro y Carlos Chapalcaz dieron por acreditado que el 24 de julio de 2016, a la noche, se estacion\u00f3 una camioneta policial en la intersecci\u00f3n de dos caminos, uno denominado del Cementerio y el otro La Armon\u00eda. Estaban esperando a los cazadores, luego de un aviso del polic\u00eda del pueblo de La Gloria, Marcos Sebasti\u00e1n Ochoa.<\/p>\n<p>El m\u00f3vil de la Subcomisar\u00eda de Lonquimay era conducido por el cabo Safenreider.\u00a0 Viajaba como acompa\u00f1ante otro polic\u00eda, Norberto Daniel Garc\u00eda.<\/p>\n<p><strong>\u201cAmbos policias \u2013dijeron en el fallo los jueces pampeanos\u2013 descendieron del veh\u00edculo dejando las puertas abiertas, y mientras Safenreider se ubic\u00f3 delante del m\u00f3vil, Garc\u00eda lo hizo al lado de la puerta del conductor. Momentos despu\u00e9s pas\u00f3 por esa intersecci\u00f3n un veh\u00edculo (camioneta Ford 100, dominio AWC-070, chapa color gris), circulando por el referido camino vecinal, en direcci\u00f3n norte a sur. Ese rodado se encontraba visiblemente preparado para realizar tareas de caza\u201d.<\/strong><\/p>\n<p>La Audiencia de Juicio detall\u00f3 que en la camioneta cazadora viajaban cuatro personas: Enrique Andr\u00e9s Casabonne (conductor), Juan Jos\u00e9 Castilla (acompa\u00f1ante) y Mario Luj\u00e1n Arroyo (portaba una carabina calibre 22) y H\u00e9ctor Santiago Garialdi (iluminador). \u201c<strong>La camioneta pas\u00f3 por la intersecci\u00f3n, y realiz\u00f3 una maniobra de esquive, por cuanto en el inicio de la encrucijada hab\u00eda una cadena de acero<\/strong>, con pedazos de hierros soldados, denominados \u2018miguelitos\u2019 \u2013indicaron los jueces\u2013. En esa maniobra, la cadena fue arrastrada, impact\u00f3 contra la rueda delantera derecha, que se pinch\u00f3 y sali\u00f3 despedida. Al mismo tiempo, y dado el corto lapso en que se desarroll\u00f3 todo el suceso (entre siete y diez segundos), desde la torreta de la camioneta,<strong> Garialdi iba mirando e iluminando en direcci\u00f3n hacia el m\u00f3vil policial, apunt\u00e1ndolo con el reflector\u201d<\/strong>.<\/p>\n<p>\u201c<strong>Como respuesta, Safenreider, y cuando ya la camioneta hab\u00eda sobrepasado al personal policial y no representaba ning\u00fan peligro, con el arma de fuego que le fuera asignada en su car\u00e1cter de funcionario p\u00fablico, realiz\u00f3 ocho disparo<\/strong>s \u2013en dos secuencias\u2013 desde dos sectores de boca de fuego distintas. El primero ubicado en la arteria que se dirige a Lonquimay, desde donde realiz\u00f3 seis disparos, y la segunda secuencia de dos disparos se ejecut\u00f3 sobre el camino vecinal con direcci\u00f3n a la ruta N\u00b0 5.<strong> Los dos primeros disparos impactaron en Garialdi \u2013uno a la altura de la cabeza y el otro roz\u00f3 su antrebrazo derecho\u2013, provoc\u00e1ndole el primero heridas de tal gravedad que se constituyeron en la causa de su deceso<\/strong>. El tercer disparo impact\u00f3 sobre la puerta izquierda de la camioneta Ford, atraves\u00e1ndola e ingresando en el gl\u00fateo izquierdo de Casabonne, quien result\u00f3 v\u00edctima de lesiones\u201d, expresaron.<\/p>\n<p>Los cazadores, conmovidos, se dirigieron a toda velocidad al centro de salud de Lonquimay. Pero Garialdi ya estaba muerto.<\/p>\n<p>&nbsp;<\/p>\n<p>&nbsp;<\/p>\n<p>&nbsp;<\/p>\n<p>&nbsp;<\/p>\n","protected":false},"excerpt":{"rendered":"<p>Esta semana qued\u00f3 firme la sentencia a 12 a\u00f1os de prisi\u00f3n al polic\u00eda Fernando Mart\u00edn Safenreider, quien\u00a0mat\u00f3 de un tiro al cazador Santiago Garialdi en una calle de la zona&hellip;<\/p>\n","protected":false},"author":3,"featured_media":63872,"comment_status":"closed","ping_status":"open","sticky":false,"template":"","format":"standard","meta":{"_acf_changed":false,"footnotes":""},"categories":[319,12],"tags":[733,732],"class_list":["post-63871","post","type-post","status-publish","format-standard","has-post-thumbnail","hentry","category-a-temporales","category-sociedad","tag-garialdi","tag-safenreider"],"acf":[],"yoast_head":"<!-- This site is optimized with the Yoast SEO plugin v27.5 - https:\/\/yoast.com\/product\/yoast-seo-wordpress\/ -->\n<title>La Corte dej\u00f3 firme la condena a 12 a\u00f1os al polic\u00eda que mat\u00f3 al cazador Garialdi - Diario Textual<\/title>\n<meta name=\"robots\" content=\"index, follow, max-snippet:-1, max-image-preview:large, max-video-preview:-1\" \/>\n<link rel=\"canonical\" href=\"https:\/\/diariotextual.com\/inicio\/index.php\/2019\/09\/26\/la-corte-dejo-firme-la-condena-12-anos-al-policia-mato-al-cazador-garialdi\/\" \/>\n<meta property=\"og:locale\" content=\"es_ES\" \/>\n<meta property=\"og:type\" content=\"article\" \/>\n<meta property=\"og:title\" content=\"La Corte dej\u00f3 firme la condena a 12 a\u00f1os al polic\u00eda que mat\u00f3 al cazador Garialdi - Diario Textual\" \/>\n<meta property=\"og:description\" content=\"Esta semana qued\u00f3 firme la sentencia a 12 a\u00f1os de prisi\u00f3n al polic\u00eda Fernando Mart\u00edn Safenreider, quien\u00a0mat\u00f3 de un tiro al cazador Santiago Garialdi en una calle de la zona&hellip;\" \/>\n<meta property=\"og:url\" content=\"https:\/\/diariotextual.com\/inicio\/index.php\/2019\/09\/26\/la-corte-dejo-firme-la-condena-12-anos-al-policia-mato-al-cazador-garialdi\/\" \/>\n<meta property=\"og:site_name\" content=\"Diario Textual\" \/>\n<meta property=\"article:publisher\" content=\"https:\/\/www.facebook.com\/eltextual\" \/>\n<meta property=\"article:published_time\" content=\"2019-09-26T13:27:10+00:00\" \/>\n<meta property=\"article:modified_time\" content=\"2019-09-27T11:07:22+00:00\" \/>\n<meta property=\"og:image\" content=\"https:\/\/diariotextual.com\/inicio\/wp-content\/uploads\/2019\/09\/garialdicasocazador11.jpg\" \/>\n\t<meta property=\"og:image:width\" content=\"960\" \/>\n\t<meta property=\"og:image:height\" content=\"720\" \/>\n\t<meta property=\"og:image:type\" content=\"image\/jpeg\" \/>\n<meta name=\"author\" content=\"Diario1 Diario1\" \/>\n<meta name=\"twitter:card\" content=\"summary_large_image\" \/>\n<meta name=\"twitter:creator\" content=\"@eltextual\" \/>\n<meta name=\"twitter:site\" content=\"@eltextual\" \/>\n<meta name=\"twitter:label1\" content=\"Escrito por\" \/>\n\t<meta name=\"twitter:data1\" content=\"Diario1 Diario1\" \/>\n\t<meta name=\"twitter:label2\" content=\"Tiempo de lectura\" \/>\n\t<meta name=\"twitter:data2\" content=\"4 minutos\" \/>\n<script type=\"application\/ld+json\" class=\"yoast-schema-graph\">{\"@context\":\"https:\\\/\\\/schema.org\",\"@graph\":[{\"@type\":\"Article\",\"@id\":\"https:\\\/\\\/diariotextual.com\\\/inicio\\\/index.php\\\/2019\\\/09\\\/26\\\/la-corte-dejo-firme-la-condena-12-anos-al-policia-mato-al-cazador-garialdi\\\/#article\",\"isPartOf\":{\"@id\":\"https:\\\/\\\/diariotextual.com\\\/inicio\\\/index.php\\\/2019\\\/09\\\/26\\\/la-corte-dejo-firme-la-condena-12-anos-al-policia-mato-al-cazador-garialdi\\\/\"},\"author\":{\"name\":\"Diario1 Diario1\",\"@id\":\"https:\\\/\\\/diariotextual.com\\\/inicio\\\/#\\\/schema\\\/person\\\/418fc4093c33e86ed41562db3508f958\"},\"headline\":\"La Corte dej\u00f3 firme la condena a 12 a\u00f1os al polic\u00eda que mat\u00f3 al cazador Garialdi\",\"datePublished\":\"2019-09-26T13:27:10+00:00\",\"dateModified\":\"2019-09-27T11:07:22+00:00\",\"mainEntityOfPage\":{\"@id\":\"https:\\\/\\\/diariotextual.com\\\/inicio\\\/index.php\\\/2019\\\/09\\\/26\\\/la-corte-dejo-firme-la-condena-12-anos-al-policia-mato-al-cazador-garialdi\\\/\"},\"wordCount\":770,\"publisher\":{\"@id\":\"https:\\\/\\\/diariotextual.com\\\/inicio\\\/#organization\"},\"image\":{\"@id\":\"https:\\\/\\\/diariotextual.com\\\/inicio\\\/index.php\\\/2019\\\/09\\\/26\\\/la-corte-dejo-firme-la-condena-12-anos-al-policia-mato-al-cazador-garialdi\\\/#primaryimage\"},\"thumbnailUrl\":\"https:\\\/\\\/diariotextual.com\\\/inicio\\\/wp-content\\\/uploads\\\/2019\\\/09\\\/garialdicasocazador11.jpg\",\"keywords\":[\"garialdi\",\"Safenreider\"],\"articleSection\":[\"A - TEMPORALES\",\"SOCIEDAD\"],\"inLanguage\":\"es\"},{\"@type\":\"WebPage\",\"@id\":\"https:\\\/\\\/diariotextual.com\\\/inicio\\\/index.php\\\/2019\\\/09\\\/26\\\/la-corte-dejo-firme-la-condena-12-anos-al-policia-mato-al-cazador-garialdi\\\/\",\"url\":\"https:\\\/\\\/diariotextual.com\\\/inicio\\\/index.php\\\/2019\\\/09\\\/26\\\/la-corte-dejo-firme-la-condena-12-anos-al-policia-mato-al-cazador-garialdi\\\/\",\"name\":\"La Corte dej\u00f3 firme la condena a 12 a\u00f1os al polic\u00eda que mat\u00f3 al cazador Garialdi - Diario Textual\",\"isPartOf\":{\"@id\":\"https:\\\/\\\/diariotextual.com\\\/inicio\\\/#website\"},\"primaryImageOfPage\":{\"@id\":\"https:\\\/\\\/diariotextual.com\\\/inicio\\\/index.php\\\/2019\\\/09\\\/26\\\/la-corte-dejo-firme-la-condena-12-anos-al-policia-mato-al-cazador-garialdi\\\/#primaryimage\"},\"image\":{\"@id\":\"https:\\\/\\\/diariotextual.com\\\/inicio\\\/index.php\\\/2019\\\/09\\\/26\\\/la-corte-dejo-firme-la-condena-12-anos-al-policia-mato-al-cazador-garialdi\\\/#primaryimage\"},\"thumbnailUrl\":\"https:\\\/\\\/diariotextual.com\\\/inicio\\\/wp-content\\\/uploads\\\/2019\\\/09\\\/garialdicasocazador11.jpg\",\"datePublished\":\"2019-09-26T13:27:10+00:00\",\"dateModified\":\"2019-09-27T11:07:22+00:00\",\"breadcrumb\":{\"@id\":\"https:\\\/\\\/diariotextual.com\\\/inicio\\\/index.php\\\/2019\\\/09\\\/26\\\/la-corte-dejo-firme-la-condena-12-anos-al-policia-mato-al-cazador-garialdi\\\/#breadcrumb\"},\"inLanguage\":\"es\",\"potentialAction\":[{\"@type\":\"ReadAction\",\"target\":[\"https:\\\/\\\/diariotextual.com\\\/inicio\\\/index.php\\\/2019\\\/09\\\/26\\\/la-corte-dejo-firme-la-condena-12-anos-al-policia-mato-al-cazador-garialdi\\\/\"]}]},{\"@type\":\"ImageObject\",\"inLanguage\":\"es\",\"@id\":\"https:\\\/\\\/diariotextual.com\\\/inicio\\\/index.php\\\/2019\\\/09\\\/26\\\/la-corte-dejo-firme-la-condena-12-anos-al-policia-mato-al-cazador-garialdi\\\/#primaryimage\",\"url\":\"https:\\\/\\\/diariotextual.com\\\/inicio\\\/wp-content\\\/uploads\\\/2019\\\/09\\\/garialdicasocazador11.jpg\",\"contentUrl\":\"https:\\\/\\\/diariotextual.com\\\/inicio\\\/wp-content\\\/uploads\\\/2019\\\/09\\\/garialdicasocazador11.jpg\",\"width\":960,\"height\":720},{\"@type\":\"BreadcrumbList\",\"@id\":\"https:\\\/\\\/diariotextual.com\\\/inicio\\\/index.php\\\/2019\\\/09\\\/26\\\/la-corte-dejo-firme-la-condena-12-anos-al-policia-mato-al-cazador-garialdi\\\/#breadcrumb\",\"itemListElement\":[{\"@type\":\"ListItem\",\"position\":1,\"name\":\"Portada\",\"item\":\"https:\\\/\\\/diariotextual.com\\\/inicio\\\/\"},{\"@type\":\"ListItem\",\"position\":2,\"name\":\"La Corte dej\u00f3 firme la condena a 12 a\u00f1os al polic\u00eda que mat\u00f3 al cazador Garialdi\"}]},{\"@type\":\"WebSite\",\"@id\":\"https:\\\/\\\/diariotextual.com\\\/inicio\\\/#website\",\"url\":\"https:\\\/\\\/diariotextual.com\\\/inicio\\\/\",\"name\":\"Diario Textual\",\"description\":\"\",\"publisher\":{\"@id\":\"https:\\\/\\\/diariotextual.com\\\/inicio\\\/#organization\"},\"potentialAction\":[{\"@type\":\"SearchAction\",\"target\":{\"@type\":\"EntryPoint\",\"urlTemplate\":\"https:\\\/\\\/diariotextual.com\\\/inicio\\\/?s={search_term_string}\"},\"query-input\":{\"@type\":\"PropertyValueSpecification\",\"valueRequired\":true,\"valueName\":\"search_term_string\"}}],\"inLanguage\":\"es\"},{\"@type\":\"Organization\",\"@id\":\"https:\\\/\\\/diariotextual.com\\\/inicio\\\/#organization\",\"name\":\"Diario Textual\",\"url\":\"https:\\\/\\\/diariotextual.com\\\/inicio\\\/\",\"logo\":{\"@type\":\"ImageObject\",\"inLanguage\":\"es\",\"@id\":\"https:\\\/\\\/diariotextual.com\\\/inicio\\\/#\\\/schema\\\/logo\\\/image\\\/\",\"url\":\"https:\\\/\\\/diariotextual.com\\\/inicio\\\/wp-content\\\/uploads\\\/2023\\\/05\\\/logotextual1.jpg\",\"contentUrl\":\"https:\\\/\\\/diariotextual.com\\\/inicio\\\/wp-content\\\/uploads\\\/2023\\\/05\\\/logotextual1.jpg\",\"width\":516,\"height\":76,\"caption\":\"Diario Textual\"},\"image\":{\"@id\":\"https:\\\/\\\/diariotextual.com\\\/inicio\\\/#\\\/schema\\\/logo\\\/image\\\/\"},\"sameAs\":[\"https:\\\/\\\/www.facebook.com\\\/eltextual\",\"https:\\\/\\\/x.com\\\/eltextual\",\"http:\\\/\\\/www.instagram.com\\\/eltextual\"]},{\"@type\":\"Person\",\"@id\":\"https:\\\/\\\/diariotextual.com\\\/inicio\\\/#\\\/schema\\\/person\\\/418fc4093c33e86ed41562db3508f958\",\"name\":\"Diario1 Diario1\",\"image\":{\"@type\":\"ImageObject\",\"inLanguage\":\"es\",\"@id\":\"https:\\\/\\\/secure.gravatar.com\\\/avatar\\\/9167d280179c85bc18be67aa7eda765854300033af4896dd779b608640f2ef7a?s=96&d=mm&r=g\",\"url\":\"https:\\\/\\\/secure.gravatar.com\\\/avatar\\\/9167d280179c85bc18be67aa7eda765854300033af4896dd779b608640f2ef7a?s=96&d=mm&r=g\",\"contentUrl\":\"https:\\\/\\\/secure.gravatar.com\\\/avatar\\\/9167d280179c85bc18be67aa7eda765854300033af4896dd779b608640f2ef7a?s=96&d=mm&r=g\",\"caption\":\"Diario1 Diario1\"},\"url\":\"https:\\\/\\\/diariotextual.com\\\/inicio\\\/index.php\\\/author\\\/diario1\\\/\"}]}<\/script>\n<!-- \/ Yoast SEO plugin. -->","yoast_head_json":{"title":"La Corte dej\u00f3 firme la condena a 12 a\u00f1os al polic\u00eda que mat\u00f3 al cazador Garialdi - Diario Textual","robots":{"index":"index","follow":"follow","max-snippet":"max-snippet:-1","max-image-preview":"max-image-preview:large","max-video-preview":"max-video-preview:-1"},"canonical":"https:\/\/diariotextual.com\/inicio\/index.php\/2019\/09\/26\/la-corte-dejo-firme-la-condena-12-anos-al-policia-mato-al-cazador-garialdi\/","og_locale":"es_ES","og_type":"article","og_title":"La Corte dej\u00f3 firme la condena a 12 a\u00f1os al polic\u00eda que mat\u00f3 al cazador Garialdi - Diario Textual","og_description":"Esta semana qued\u00f3 firme la sentencia a 12 a\u00f1os de prisi\u00f3n al polic\u00eda Fernando Mart\u00edn Safenreider, quien\u00a0mat\u00f3 de un tiro al cazador Santiago Garialdi en una calle de la zona&hellip;","og_url":"https:\/\/diariotextual.com\/inicio\/index.php\/2019\/09\/26\/la-corte-dejo-firme-la-condena-12-anos-al-policia-mato-al-cazador-garialdi\/","og_site_name":"Diario Textual","article_publisher":"https:\/\/www.facebook.com\/eltextual","article_published_time":"2019-09-26T13:27:10+00:00","article_modified_time":"2019-09-27T11:07:22+00:00","og_image":[{"width":960,"height":720,"url":"https:\/\/diariotextual.com\/inicio\/wp-content\/uploads\/2019\/09\/garialdicasocazador11.jpg","type":"image\/jpeg"}],"author":"Diario1 Diario1","twitter_card":"summary_large_image","twitter_creator":"@eltextual","twitter_site":"@eltextual","twitter_misc":{"Escrito por":"Diario1 Diario1","Tiempo de lectura":"4 minutos"},"schema":{"@context":"https:\/\/schema.org","@graph":[{"@type":"Article","@id":"https:\/\/diariotextual.com\/inicio\/index.php\/2019\/09\/26\/la-corte-dejo-firme-la-condena-12-anos-al-policia-mato-al-cazador-garialdi\/#article","isPartOf":{"@id":"https:\/\/diariotextual.com\/inicio\/index.php\/2019\/09\/26\/la-corte-dejo-firme-la-condena-12-anos-al-policia-mato-al-cazador-garialdi\/"},"author":{"name":"Diario1 Diario1","@id":"https:\/\/diariotextual.com\/inicio\/#\/schema\/person\/418fc4093c33e86ed41562db3508f958"},"headline":"La Corte dej\u00f3 firme la condena a 12 a\u00f1os al polic\u00eda que mat\u00f3 al cazador Garialdi","datePublished":"2019-09-26T13:27:10+00:00","dateModified":"2019-09-27T11:07:22+00:00","mainEntityOfPage":{"@id":"https:\/\/diariotextual.com\/inicio\/index.php\/2019\/09\/26\/la-corte-dejo-firme-la-condena-12-anos-al-policia-mato-al-cazador-garialdi\/"},"wordCount":770,"publisher":{"@id":"https:\/\/diariotextual.com\/inicio\/#organization"},"image":{"@id":"https:\/\/diariotextual.com\/inicio\/index.php\/2019\/09\/26\/la-corte-dejo-firme-la-condena-12-anos-al-policia-mato-al-cazador-garialdi\/#primaryimage"},"thumbnailUrl":"https:\/\/diariotextual.com\/inicio\/wp-content\/uploads\/2019\/09\/garialdicasocazador11.jpg","keywords":["garialdi","Safenreider"],"articleSection":["A - TEMPORALES","SOCIEDAD"],"inLanguage":"es"},{"@type":"WebPage","@id":"https:\/\/diariotextual.com\/inicio\/index.php\/2019\/09\/26\/la-corte-dejo-firme-la-condena-12-anos-al-policia-mato-al-cazador-garialdi\/","url":"https:\/\/diariotextual.com\/inicio\/index.php\/2019\/09\/26\/la-corte-dejo-firme-la-condena-12-anos-al-policia-mato-al-cazador-garialdi\/","name":"La Corte dej\u00f3 firme la condena a 12 a\u00f1os al polic\u00eda que mat\u00f3 al cazador Garialdi - Diario Textual","isPartOf":{"@id":"https:\/\/diariotextual.com\/inicio\/#website"},"primaryImageOfPage":{"@id":"https:\/\/diariotextual.com\/inicio\/index.php\/2019\/09\/26\/la-corte-dejo-firme-la-condena-12-anos-al-policia-mato-al-cazador-garialdi\/#primaryimage"},"image":{"@id":"https:\/\/diariotextual.com\/inicio\/index.php\/2019\/09\/26\/la-corte-dejo-firme-la-condena-12-anos-al-policia-mato-al-cazador-garialdi\/#primaryimage"},"thumbnailUrl":"https:\/\/diariotextual.com\/inicio\/wp-content\/uploads\/2019\/09\/garialdicasocazador11.jpg","datePublished":"2019-09-26T13:27:10+00:00","dateModified":"2019-09-27T11:07:22+00:00","breadcrumb":{"@id":"https:\/\/diariotextual.com\/inicio\/index.php\/2019\/09\/26\/la-corte-dejo-firme-la-condena-12-anos-al-policia-mato-al-cazador-garialdi\/#breadcrumb"},"inLanguage":"es","potentialAction":[{"@type":"ReadAction","target":["https:\/\/diariotextual.com\/inicio\/index.php\/2019\/09\/26\/la-corte-dejo-firme-la-condena-12-anos-al-policia-mato-al-cazador-garialdi\/"]}]},{"@type":"ImageObject","inLanguage":"es","@id":"https:\/\/diariotextual.com\/inicio\/index.php\/2019\/09\/26\/la-corte-dejo-firme-la-condena-12-anos-al-policia-mato-al-cazador-garialdi\/#primaryimage","url":"https:\/\/diariotextual.com\/inicio\/wp-content\/uploads\/2019\/09\/garialdicasocazador11.jpg","contentUrl":"https:\/\/diariotextual.com\/inicio\/wp-content\/uploads\/2019\/09\/garialdicasocazador11.jpg","width":960,"height":720},{"@type":"BreadcrumbList","@id":"https:\/\/diariotextual.com\/inicio\/index.php\/2019\/09\/26\/la-corte-dejo-firme-la-condena-12-anos-al-policia-mato-al-cazador-garialdi\/#breadcrumb","itemListElement":[{"@type":"ListItem","position":1,"name":"Portada","item":"https:\/\/diariotextual.com\/inicio\/"},{"@type":"ListItem","position":2,"name":"La Corte dej\u00f3 firme la condena a 12 a\u00f1os al polic\u00eda que mat\u00f3 al cazador Garialdi"}]},{"@type":"WebSite","@id":"https:\/\/diariotextual.com\/inicio\/#website","url":"https:\/\/diariotextual.com\/inicio\/","name":"Diario Textual","description":"","publisher":{"@id":"https:\/\/diariotextual.com\/inicio\/#organization"},"potentialAction":[{"@type":"SearchAction","target":{"@type":"EntryPoint","urlTemplate":"https:\/\/diariotextual.com\/inicio\/?s={search_term_string}"},"query-input":{"@type":"PropertyValueSpecification","valueRequired":true,"valueName":"search_term_string"}}],"inLanguage":"es"},{"@type":"Organization","@id":"https:\/\/diariotextual.com\/inicio\/#organization","name":"Diario Textual","url":"https:\/\/diariotextual.com\/inicio\/","logo":{"@type":"ImageObject","inLanguage":"es","@id":"https:\/\/diariotextual.com\/inicio\/#\/schema\/logo\/image\/","url":"https:\/\/diariotextual.com\/inicio\/wp-content\/uploads\/2023\/05\/logotextual1.jpg","contentUrl":"https:\/\/diariotextual.com\/inicio\/wp-content\/uploads\/2023\/05\/logotextual1.jpg","width":516,"height":76,"caption":"Diario Textual"},"image":{"@id":"https:\/\/diariotextual.com\/inicio\/#\/schema\/logo\/image\/"},"sameAs":["https:\/\/www.facebook.com\/eltextual","https:\/\/x.com\/eltextual","http:\/\/www.instagram.com\/eltextual"]},{"@type":"Person","@id":"https:\/\/diariotextual.com\/inicio\/#\/schema\/person\/418fc4093c33e86ed41562db3508f958","name":"Diario1 Diario1","image":{"@type":"ImageObject","inLanguage":"es","@id":"https:\/\/secure.gravatar.com\/avatar\/9167d280179c85bc18be67aa7eda765854300033af4896dd779b608640f2ef7a?s=96&d=mm&r=g","url":"https:\/\/secure.gravatar.com\/avatar\/9167d280179c85bc18be67aa7eda765854300033af4896dd779b608640f2ef7a?s=96&d=mm&r=g","contentUrl":"https:\/\/secure.gravatar.com\/avatar\/9167d280179c85bc18be67aa7eda765854300033af4896dd779b608640f2ef7a?s=96&d=mm&r=g","caption":"Diario1 Diario1"},"url":"https:\/\/diariotextual.com\/inicio\/index.php\/author\/diario1\/"}]}},"_links":{"self":[{"href":"https:\/\/diariotextual.com\/inicio\/index.php\/wp-json\/wp\/v2\/posts\/63871","targetHints":{"allow":["GET"]}}],"collection":[{"href":"https:\/\/diariotextual.com\/inicio\/index.php\/wp-json\/wp\/v2\/posts"}],"about":[{"href":"https:\/\/diariotextual.com\/inicio\/index.php\/wp-json\/wp\/v2\/types\/post"}],"author":[{"embeddable":true,"href":"https:\/\/diariotextual.com\/inicio\/index.php\/wp-json\/wp\/v2\/users\/3"}],"replies":[{"embeddable":true,"href":"https:\/\/diariotextual.com\/inicio\/index.php\/wp-json\/wp\/v2\/comments?post=63871"}],"version-history":[{"count":7,"href":"https:\/\/diariotextual.com\/inicio\/index.php\/wp-json\/wp\/v2\/posts\/63871\/revisions"}],"predecessor-version":[{"id":63879,"href":"https:\/\/diariotextual.com\/inicio\/index.php\/wp-json\/wp\/v2\/posts\/63871\/revisions\/63879"}],"wp:featuredmedia":[{"embeddable":true,"href":"https:\/\/diariotextual.com\/inicio\/index.php\/wp-json\/wp\/v2\/media\/63872"}],"wp:attachment":[{"href":"https:\/\/diariotextual.com\/inicio\/index.php\/wp-json\/wp\/v2\/media?parent=63871"}],"wp:term":[{"taxonomy":"category","embeddable":true,"href":"https:\/\/diariotextual.com\/inicio\/index.php\/wp-json\/wp\/v2\/categories?post=63871"},{"taxonomy":"post_tag","embeddable":true,"href":"https:\/\/diariotextual.com\/inicio\/index.php\/wp-json\/wp\/v2\/tags?post=63871"}],"curies":[{"name":"wp","href":"https:\/\/api.w.org\/{rel}","templated":true}]}}