{"id":63880,"date":"2019-09-26T11:05:26","date_gmt":"2019-09-26T14:05:26","guid":{"rendered":"http:\/\/diariotextual.com\/inicio\/?p=63880"},"modified":"2019-09-26T12:28:43","modified_gmt":"2019-09-26T15:28:43","slug":"decreto-macri-basura-genero-cruces-concejo","status":"publish","type":"post","link":"https:\/\/diariotextual.com\/inicio\/index.php\/2019\/09\/26\/decreto-macri-basura-genero-cruces-concejo\/","title":{"rendered":"Un decreto de Macri sobre basura gener\u00f3 cruces en el concejo"},"content":{"rendered":"<p>El decreto 591\/19 del presidente Mauricio Macri sobre tr\u00e1nsito, introducci\u00f3n e importaci\u00f3n definitiva o temporal de todo tipo de residuos procedentes de otros pa\u00edses gener\u00f3 un cruce entre el oficialismo y la oposici\u00f3n en la sesi\u00f3n del concejo deliberante santarrose\u00f1o. La iniciativa fue aprobada por mayor\u00eda.<\/p>\n<blockquote class=\"wp-embedded-content\" data-secret=\"lWiUD3rgOM\"><p><a href=\"http:\/\/diariotextual.com\/inicio\/index.php\/2019\/09\/11\/la-pampa-se-manifesto-la-importacion-basura-inconstitucional\/\">La Pampa se manifest\u00f3 en contra de la importaci\u00f3n de basura: &#171;Es inconstitucional&#187;<\/a><\/p><\/blockquote>\n<p><iframe class=\"wp-embedded-content\" sandbox=\"allow-scripts\" security=\"restricted\" style=\"position: absolute; clip: rect(1px, 1px, 1px, 1px);\" src=\"http:\/\/diariotextual.com\/inicio\/index.php\/2019\/09\/11\/la-pampa-se-manifesto-la-importacion-basura-inconstitucional\/embed\/#?secret=lWiUD3rgOM\" data-secret=\"lWiUD3rgOM\" width=\"600\" height=\"338\" title=\"&#171;La Pampa se manifest\u00f3 en contra de la importaci\u00f3n de basura: &#171;Es inconstitucional&#187;&#187; &#8212; Diario Textual\" frameborder=\"0\" marginwidth=\"0\" marginheight=\"0\" scrolling=\"no\"><\/iframe><\/p>\n<p>El tema se plante\u00f3 a partir de la presentaci\u00f3n por parte del PJ de un proyecto de resoluci\u00f3n repudiando la importaci\u00f3n de basura que habilit\u00f3 el decreto de Macri.<\/p>\n<p>El Frepam, a trav\u00e9s del concejal Marcos Cuelle, anticip\u00f3 su acompa\u00f1amiento al proyecto, pero lo cuestion\u00f3. Dijo que era solo declamativo y que no iba a llegar a ninguna autoridad, solo era una expresi\u00f3n del concejo. Pero tambi\u00e9n aprovech\u00f3 la ocasi\u00f3n para hablar del \u00abpago chico\u00bb.<\/p>\n<p>Le reproch\u00f3 a gestiones anteriores del PJ en las que se negaron a sacar de funcionamiento el horno pirol\u00edtico del hospital Lucio Molas, que provocaba contaminaci\u00f3n a los barrios aleda\u00f1os. Le apunt\u00f3 directamente a la gesti\u00f3n del exgobernador Oscar Mario Jorge, que rechaz\u00f3 una propuesta del exintendente Francisco Torroba (UCR) que propuso colocar una autoclave para procesar los residuos patol\u00f3gicos.<\/p>\n<p>El concejal Araldo Eleno (PJ) sali\u00f3 al cruce de Cuelle: le dijo que ten\u00eda \u00abmemoria selectiva\u00bb y le record\u00f3 que el actual intendente Leandro Altolaguirre, a pesar de ser ambientalista, hizo una mala gesti\u00f3n en materia de residuos y sobre todo en el manejo del relleno sanitario.<\/p>\n<p>Cuelle contraatac\u00f3 y le record\u00f3 que la gesti\u00f3n de residuos patol\u00f3gicos es responsabilidad de Provincia, a trav\u00e9s del Ministerio de Salud, y no del municipio.<\/p>\n<p>El concejal Roberto Torres (Pueblo Nuevo-Cambiemos) fue el \u00fanico que se opuso. Dijo b\u00e1sicamente que ya hay legislaci\u00f3n al respecto y que no agregaba nada este repudio.<\/p>\n<p>El proyecto de resoluci\u00f3n del PJ sali\u00f3 finalmente por mayor\u00eda, con el acompa\u00f1amiento del Partido Humanista y el Frepam, no as\u00ed de Pueblo Nuevo.<\/p>\n","protected":false},"excerpt":{"rendered":"<p>El decreto 591\/19 del presidente Mauricio Macri sobre tr\u00e1nsito, introducci\u00f3n e importaci\u00f3n definitiva o temporal de todo tipo de residuos procedentes de otros pa\u00edses gener\u00f3 un cruce entre el oficialismo&hellip;<\/p>\n","protected":false},"author":7,"featured_media":63886,"comment_status":"closed","ping_status":"open","sticky":false,"template":"","format":"standard","meta":{"_acf_changed":false,"footnotes":""},"categories":[11,319,8],"tags":[1360],"class_list":["post-63880","post","type-post","status-publish","format-standard","has-post-thumbnail","hentry","category-que-pasa","category-a-temporales","category-politica","tag-basura"],"acf":[],"yoast_head":"<!-- This site is optimized with the Yoast SEO plugin v27.5 - https:\/\/yoast.com\/product\/yoast-seo-wordpress\/ -->\n<title>Un decreto de Macri sobre basura gener\u00f3 cruces en el concejo - Diario Textual<\/title>\n<meta name=\"robots\" content=\"index, follow, max-snippet:-1, max-image-preview:large, max-video-preview:-1\" \/>\n<link rel=\"canonical\" href=\"https:\/\/diariotextual.com\/inicio\/index.php\/2019\/09\/26\/decreto-macri-basura-genero-cruces-concejo\/\" \/>\n<meta property=\"og:locale\" content=\"es_ES\" \/>\n<meta property=\"og:type\" content=\"article\" \/>\n<meta property=\"og:title\" content=\"Un decreto de Macri sobre basura gener\u00f3 cruces en el concejo - Diario Textual\" \/>\n<meta property=\"og:description\" content=\"El decreto 591\/19 del presidente Mauricio Macri sobre tr\u00e1nsito, introducci\u00f3n e importaci\u00f3n definitiva o temporal de todo tipo de residuos procedentes de otros pa\u00edses gener\u00f3 un cruce entre el oficialismo&hellip;\" \/>\n<meta property=\"og:url\" content=\"https:\/\/diariotextual.com\/inicio\/index.php\/2019\/09\/26\/decreto-macri-basura-genero-cruces-concejo\/\" \/>\n<meta property=\"og:site_name\" content=\"Diario Textual\" \/>\n<meta property=\"article:publisher\" content=\"https:\/\/www.facebook.com\/eltextual\" \/>\n<meta property=\"article:published_time\" content=\"2019-09-26T14:05:26+00:00\" \/>\n<meta property=\"article:modified_time\" content=\"2019-09-26T15:28:43+00:00\" \/>\n<meta property=\"og:image\" content=\"https:\/\/diariotextual.com\/inicio\/wp-content\/uploads\/2019\/09\/concejosesionbasura-1024x576.jpg\" \/>\n\t<meta property=\"og:image:width\" content=\"1024\" \/>\n\t<meta property=\"og:image:height\" content=\"576\" \/>\n\t<meta property=\"og:image:type\" content=\"image\/jpeg\" \/>\n<meta name=\"author\" content=\"diario5\" \/>\n<meta name=\"twitter:card\" content=\"summary_large_image\" \/>\n<meta name=\"twitter:creator\" content=\"@eltextual\" \/>\n<meta name=\"twitter:site\" content=\"@eltextual\" \/>\n<meta name=\"twitter:label1\" content=\"Escrito por\" \/>\n\t<meta name=\"twitter:data1\" content=\"diario5\" \/>\n\t<meta name=\"twitter:label2\" content=\"Tiempo de lectura\" \/>\n\t<meta name=\"twitter:data2\" content=\"2 minutos\" \/>\n<script type=\"application\/ld+json\" class=\"yoast-schema-graph\">{\"@context\":\"https:\\\/\\\/schema.org\",\"@graph\":[{\"@type\":\"Article\",\"@id\":\"https:\\\/\\\/diariotextual.com\\\/inicio\\\/index.php\\\/2019\\\/09\\\/26\\\/decreto-macri-basura-genero-cruces-concejo\\\/#article\",\"isPartOf\":{\"@id\":\"https:\\\/\\\/diariotextual.com\\\/inicio\\\/index.php\\\/2019\\\/09\\\/26\\\/decreto-macri-basura-genero-cruces-concejo\\\/\"},\"author\":{\"name\":\"diario5\",\"@id\":\"https:\\\/\\\/diariotextual.com\\\/inicio\\\/#\\\/schema\\\/person\\\/c7834961ad8b29b1d9cdbf4571299067\"},\"headline\":\"Un decreto de Macri sobre basura gener\u00f3 cruces en el concejo\",\"datePublished\":\"2019-09-26T14:05:26+00:00\",\"dateModified\":\"2019-09-26T15:28:43+00:00\",\"mainEntityOfPage\":{\"@id\":\"https:\\\/\\\/diariotextual.com\\\/inicio\\\/index.php\\\/2019\\\/09\\\/26\\\/decreto-macri-basura-genero-cruces-concejo\\\/\"},\"wordCount\":352,\"publisher\":{\"@id\":\"https:\\\/\\\/diariotextual.com\\\/inicio\\\/#organization\"},\"image\":{\"@id\":\"https:\\\/\\\/diariotextual.com\\\/inicio\\\/index.php\\\/2019\\\/09\\\/26\\\/decreto-macri-basura-genero-cruces-concejo\\\/#primaryimage\"},\"thumbnailUrl\":\"https:\\\/\\\/diariotextual.com\\\/inicio\\\/wp-content\\\/uploads\\\/2019\\\/09\\\/concejosesionbasura.jpg\",\"keywords\":[\"basura\"],\"articleSection\":[\"A - QUE PASA (al costado)\",\"A - TEMPORALES\",\"POLITICA\"],\"inLanguage\":\"es\"},{\"@type\":\"WebPage\",\"@id\":\"https:\\\/\\\/diariotextual.com\\\/inicio\\\/index.php\\\/2019\\\/09\\\/26\\\/decreto-macri-basura-genero-cruces-concejo\\\/\",\"url\":\"https:\\\/\\\/diariotextual.com\\\/inicio\\\/index.php\\\/2019\\\/09\\\/26\\\/decreto-macri-basura-genero-cruces-concejo\\\/\",\"name\":\"Un decreto de Macri sobre basura gener\u00f3 cruces en el concejo - Diario Textual\",\"isPartOf\":{\"@id\":\"https:\\\/\\\/diariotextual.com\\\/inicio\\\/#website\"},\"primaryImageOfPage\":{\"@id\":\"https:\\\/\\\/diariotextual.com\\\/inicio\\\/index.php\\\/2019\\\/09\\\/26\\\/decreto-macri-basura-genero-cruces-concejo\\\/#primaryimage\"},\"image\":{\"@id\":\"https:\\\/\\\/diariotextual.com\\\/inicio\\\/index.php\\\/2019\\\/09\\\/26\\\/decreto-macri-basura-genero-cruces-concejo\\\/#primaryimage\"},\"thumbnailUrl\":\"https:\\\/\\\/diariotextual.com\\\/inicio\\\/wp-content\\\/uploads\\\/2019\\\/09\\\/concejosesionbasura.jpg\",\"datePublished\":\"2019-09-26T14:05:26+00:00\",\"dateModified\":\"2019-09-26T15:28:43+00:00\",\"breadcrumb\":{\"@id\":\"https:\\\/\\\/diariotextual.com\\\/inicio\\\/index.php\\\/2019\\\/09\\\/26\\\/decreto-macri-basura-genero-cruces-concejo\\\/#breadcrumb\"},\"inLanguage\":\"es\",\"potentialAction\":[{\"@type\":\"ReadAction\",\"target\":[\"https:\\\/\\\/diariotextual.com\\\/inicio\\\/index.php\\\/2019\\\/09\\\/26\\\/decreto-macri-basura-genero-cruces-concejo\\\/\"]}]},{\"@type\":\"ImageObject\",\"inLanguage\":\"es\",\"@id\":\"https:\\\/\\\/diariotextual.com\\\/inicio\\\/index.php\\\/2019\\\/09\\\/26\\\/decreto-macri-basura-genero-cruces-concejo\\\/#primaryimage\",\"url\":\"https:\\\/\\\/diariotextual.com\\\/inicio\\\/wp-content\\\/uploads\\\/2019\\\/09\\\/concejosesionbasura.jpg\",\"contentUrl\":\"https:\\\/\\\/diariotextual.com\\\/inicio\\\/wp-content\\\/uploads\\\/2019\\\/09\\\/concejosesionbasura.jpg\",\"width\":4160,\"height\":2340},{\"@type\":\"BreadcrumbList\",\"@id\":\"https:\\\/\\\/diariotextual.com\\\/inicio\\\/index.php\\\/2019\\\/09\\\/26\\\/decreto-macri-basura-genero-cruces-concejo\\\/#breadcrumb\",\"itemListElement\":[{\"@type\":\"ListItem\",\"position\":1,\"name\":\"Portada\",\"item\":\"https:\\\/\\\/diariotextual.com\\\/inicio\\\/\"},{\"@type\":\"ListItem\",\"position\":2,\"name\":\"Un decreto de Macri sobre basura gener\u00f3 cruces en el concejo\"}]},{\"@type\":\"WebSite\",\"@id\":\"https:\\\/\\\/diariotextual.com\\\/inicio\\\/#website\",\"url\":\"https:\\\/\\\/diariotextual.com\\\/inicio\\\/\",\"name\":\"Diario Textual\",\"description\":\"\",\"publisher\":{\"@id\":\"https:\\\/\\\/diariotextual.com\\\/inicio\\\/#organization\"},\"potentialAction\":[{\"@type\":\"SearchAction\",\"target\":{\"@type\":\"EntryPoint\",\"urlTemplate\":\"https:\\\/\\\/diariotextual.com\\\/inicio\\\/?s={search_term_string}\"},\"query-input\":{\"@type\":\"PropertyValueSpecification\",\"valueRequired\":true,\"valueName\":\"search_term_string\"}}],\"inLanguage\":\"es\"},{\"@type\":\"Organization\",\"@id\":\"https:\\\/\\\/diariotextual.com\\\/inicio\\\/#organization\",\"name\":\"Diario Textual\",\"url\":\"https:\\\/\\\/diariotextual.com\\\/inicio\\\/\",\"logo\":{\"@type\":\"ImageObject\",\"inLanguage\":\"es\",\"@id\":\"https:\\\/\\\/diariotextual.com\\\/inicio\\\/#\\\/schema\\\/logo\\\/image\\\/\",\"url\":\"https:\\\/\\\/diariotextual.com\\\/inicio\\\/wp-content\\\/uploads\\\/2023\\\/05\\\/logotextual1.jpg\",\"contentUrl\":\"https:\\\/\\\/diariotextual.com\\\/inicio\\\/wp-content\\\/uploads\\\/2023\\\/05\\\/logotextual1.jpg\",\"width\":516,\"height\":76,\"caption\":\"Diario Textual\"},\"image\":{\"@id\":\"https:\\\/\\\/diariotextual.com\\\/inicio\\\/#\\\/schema\\\/logo\\\/image\\\/\"},\"sameAs\":[\"https:\\\/\\\/www.facebook.com\\\/eltextual\",\"https:\\\/\\\/x.com\\\/eltextual\",\"http:\\\/\\\/www.instagram.com\\\/eltextual\"]},{\"@type\":\"Person\",\"@id\":\"https:\\\/\\\/diariotextual.com\\\/inicio\\\/#\\\/schema\\\/person\\\/c7834961ad8b29b1d9cdbf4571299067\",\"name\":\"diario5\",\"image\":{\"@type\":\"ImageObject\",\"inLanguage\":\"es\",\"@id\":\"https:\\\/\\\/secure.gravatar.com\\\/avatar\\\/948c893b847ca6df68216ead81b63f363408ec9b0f600fefc0641ce78613b111?s=96&d=mm&r=g\",\"url\":\"https:\\\/\\\/secure.gravatar.com\\\/avatar\\\/948c893b847ca6df68216ead81b63f363408ec9b0f600fefc0641ce78613b111?s=96&d=mm&r=g\",\"contentUrl\":\"https:\\\/\\\/secure.gravatar.com\\\/avatar\\\/948c893b847ca6df68216ead81b63f363408ec9b0f600fefc0641ce78613b111?s=96&d=mm&r=g\",\"caption\":\"diario5\"},\"url\":\"https:\\\/\\\/diariotextual.com\\\/inicio\\\/index.php\\\/author\\\/diario5\\\/\"}]}<\/script>\n<!-- \/ Yoast SEO plugin. -->","yoast_head_json":{"title":"Un decreto de Macri sobre basura gener\u00f3 cruces en el concejo - Diario Textual","robots":{"index":"index","follow":"follow","max-snippet":"max-snippet:-1","max-image-preview":"max-image-preview:large","max-video-preview":"max-video-preview:-1"},"canonical":"https:\/\/diariotextual.com\/inicio\/index.php\/2019\/09\/26\/decreto-macri-basura-genero-cruces-concejo\/","og_locale":"es_ES","og_type":"article","og_title":"Un decreto de Macri sobre basura gener\u00f3 cruces en el concejo - Diario Textual","og_description":"El decreto 591\/19 del presidente Mauricio Macri sobre tr\u00e1nsito, introducci\u00f3n e importaci\u00f3n definitiva o temporal de todo tipo de residuos procedentes de otros pa\u00edses gener\u00f3 un cruce entre el oficialismo&hellip;","og_url":"https:\/\/diariotextual.com\/inicio\/index.php\/2019\/09\/26\/decreto-macri-basura-genero-cruces-concejo\/","og_site_name":"Diario Textual","article_publisher":"https:\/\/www.facebook.com\/eltextual","article_published_time":"2019-09-26T14:05:26+00:00","article_modified_time":"2019-09-26T15:28:43+00:00","og_image":[{"width":1024,"height":576,"url":"https:\/\/diariotextual.com\/inicio\/wp-content\/uploads\/2019\/09\/concejosesionbasura-1024x576.jpg","type":"image\/jpeg"}],"author":"diario5","twitter_card":"summary_large_image","twitter_creator":"@eltextual","twitter_site":"@eltextual","twitter_misc":{"Escrito por":"diario5","Tiempo de lectura":"2 minutos"},"schema":{"@context":"https:\/\/schema.org","@graph":[{"@type":"Article","@id":"https:\/\/diariotextual.com\/inicio\/index.php\/2019\/09\/26\/decreto-macri-basura-genero-cruces-concejo\/#article","isPartOf":{"@id":"https:\/\/diariotextual.com\/inicio\/index.php\/2019\/09\/26\/decreto-macri-basura-genero-cruces-concejo\/"},"author":{"name":"diario5","@id":"https:\/\/diariotextual.com\/inicio\/#\/schema\/person\/c7834961ad8b29b1d9cdbf4571299067"},"headline":"Un decreto de Macri sobre basura gener\u00f3 cruces en el concejo","datePublished":"2019-09-26T14:05:26+00:00","dateModified":"2019-09-26T15:28:43+00:00","mainEntityOfPage":{"@id":"https:\/\/diariotextual.com\/inicio\/index.php\/2019\/09\/26\/decreto-macri-basura-genero-cruces-concejo\/"},"wordCount":352,"publisher":{"@id":"https:\/\/diariotextual.com\/inicio\/#organization"},"image":{"@id":"https:\/\/diariotextual.com\/inicio\/index.php\/2019\/09\/26\/decreto-macri-basura-genero-cruces-concejo\/#primaryimage"},"thumbnailUrl":"https:\/\/diariotextual.com\/inicio\/wp-content\/uploads\/2019\/09\/concejosesionbasura.jpg","keywords":["basura"],"articleSection":["A - QUE PASA (al costado)","A - TEMPORALES","POLITICA"],"inLanguage":"es"},{"@type":"WebPage","@id":"https:\/\/diariotextual.com\/inicio\/index.php\/2019\/09\/26\/decreto-macri-basura-genero-cruces-concejo\/","url":"https:\/\/diariotextual.com\/inicio\/index.php\/2019\/09\/26\/decreto-macri-basura-genero-cruces-concejo\/","name":"Un decreto de Macri sobre basura gener\u00f3 cruces en el concejo - Diario Textual","isPartOf":{"@id":"https:\/\/diariotextual.com\/inicio\/#website"},"primaryImageOfPage":{"@id":"https:\/\/diariotextual.com\/inicio\/index.php\/2019\/09\/26\/decreto-macri-basura-genero-cruces-concejo\/#primaryimage"},"image":{"@id":"https:\/\/diariotextual.com\/inicio\/index.php\/2019\/09\/26\/decreto-macri-basura-genero-cruces-concejo\/#primaryimage"},"thumbnailUrl":"https:\/\/diariotextual.com\/inicio\/wp-content\/uploads\/2019\/09\/concejosesionbasura.jpg","datePublished":"2019-09-26T14:05:26+00:00","dateModified":"2019-09-26T15:28:43+00:00","breadcrumb":{"@id":"https:\/\/diariotextual.com\/inicio\/index.php\/2019\/09\/26\/decreto-macri-basura-genero-cruces-concejo\/#breadcrumb"},"inLanguage":"es","potentialAction":[{"@type":"ReadAction","target":["https:\/\/diariotextual.com\/inicio\/index.php\/2019\/09\/26\/decreto-macri-basura-genero-cruces-concejo\/"]}]},{"@type":"ImageObject","inLanguage":"es","@id":"https:\/\/diariotextual.com\/inicio\/index.php\/2019\/09\/26\/decreto-macri-basura-genero-cruces-concejo\/#primaryimage","url":"https:\/\/diariotextual.com\/inicio\/wp-content\/uploads\/2019\/09\/concejosesionbasura.jpg","contentUrl":"https:\/\/diariotextual.com\/inicio\/wp-content\/uploads\/2019\/09\/concejosesionbasura.jpg","width":4160,"height":2340},{"@type":"BreadcrumbList","@id":"https:\/\/diariotextual.com\/inicio\/index.php\/2019\/09\/26\/decreto-macri-basura-genero-cruces-concejo\/#breadcrumb","itemListElement":[{"@type":"ListItem","position":1,"name":"Portada","item":"https:\/\/diariotextual.com\/inicio\/"},{"@type":"ListItem","position":2,"name":"Un decreto de Macri sobre basura gener\u00f3 cruces en el concejo"}]},{"@type":"WebSite","@id":"https:\/\/diariotextual.com\/inicio\/#website","url":"https:\/\/diariotextual.com\/inicio\/","name":"Diario Textual","description":"","publisher":{"@id":"https:\/\/diariotextual.com\/inicio\/#organization"},"potentialAction":[{"@type":"SearchAction","target":{"@type":"EntryPoint","urlTemplate":"https:\/\/diariotextual.com\/inicio\/?s={search_term_string}"},"query-input":{"@type":"PropertyValueSpecification","valueRequired":true,"valueName":"search_term_string"}}],"inLanguage":"es"},{"@type":"Organization","@id":"https:\/\/diariotextual.com\/inicio\/#organization","name":"Diario Textual","url":"https:\/\/diariotextual.com\/inicio\/","logo":{"@type":"ImageObject","inLanguage":"es","@id":"https:\/\/diariotextual.com\/inicio\/#\/schema\/logo\/image\/","url":"https:\/\/diariotextual.com\/inicio\/wp-content\/uploads\/2023\/05\/logotextual1.jpg","contentUrl":"https:\/\/diariotextual.com\/inicio\/wp-content\/uploads\/2023\/05\/logotextual1.jpg","width":516,"height":76,"caption":"Diario Textual"},"image":{"@id":"https:\/\/diariotextual.com\/inicio\/#\/schema\/logo\/image\/"},"sameAs":["https:\/\/www.facebook.com\/eltextual","https:\/\/x.com\/eltextual","http:\/\/www.instagram.com\/eltextual"]},{"@type":"Person","@id":"https:\/\/diariotextual.com\/inicio\/#\/schema\/person\/c7834961ad8b29b1d9cdbf4571299067","name":"diario5","image":{"@type":"ImageObject","inLanguage":"es","@id":"https:\/\/secure.gravatar.com\/avatar\/948c893b847ca6df68216ead81b63f363408ec9b0f600fefc0641ce78613b111?s=96&d=mm&r=g","url":"https:\/\/secure.gravatar.com\/avatar\/948c893b847ca6df68216ead81b63f363408ec9b0f600fefc0641ce78613b111?s=96&d=mm&r=g","contentUrl":"https:\/\/secure.gravatar.com\/avatar\/948c893b847ca6df68216ead81b63f363408ec9b0f600fefc0641ce78613b111?s=96&d=mm&r=g","caption":"diario5"},"url":"https:\/\/diariotextual.com\/inicio\/index.php\/author\/diario5\/"}]}},"_links":{"self":[{"href":"https:\/\/diariotextual.com\/inicio\/index.php\/wp-json\/wp\/v2\/posts\/63880","targetHints":{"allow":["GET"]}}],"collection":[{"href":"https:\/\/diariotextual.com\/inicio\/index.php\/wp-json\/wp\/v2\/posts"}],"about":[{"href":"https:\/\/diariotextual.com\/inicio\/index.php\/wp-json\/wp\/v2\/types\/post"}],"author":[{"embeddable":true,"href":"https:\/\/diariotextual.com\/inicio\/index.php\/wp-json\/wp\/v2\/users\/7"}],"replies":[{"embeddable":true,"href":"https:\/\/diariotextual.com\/inicio\/index.php\/wp-json\/wp\/v2\/comments?post=63880"}],"version-history":[{"count":1,"href":"https:\/\/diariotextual.com\/inicio\/index.php\/wp-json\/wp\/v2\/posts\/63880\/revisions"}],"predecessor-version":[{"id":63887,"href":"https:\/\/diariotextual.com\/inicio\/index.php\/wp-json\/wp\/v2\/posts\/63880\/revisions\/63887"}],"wp:featuredmedia":[{"embeddable":true,"href":"https:\/\/diariotextual.com\/inicio\/index.php\/wp-json\/wp\/v2\/media\/63886"}],"wp:attachment":[{"href":"https:\/\/diariotextual.com\/inicio\/index.php\/wp-json\/wp\/v2\/media?parent=63880"}],"wp:term":[{"taxonomy":"category","embeddable":true,"href":"https:\/\/diariotextual.com\/inicio\/index.php\/wp-json\/wp\/v2\/categories?post=63880"},{"taxonomy":"post_tag","embeddable":true,"href":"https:\/\/diariotextual.com\/inicio\/index.php\/wp-json\/wp\/v2\/tags?post=63880"}],"curies":[{"name":"wp","href":"https:\/\/api.w.org\/{rel}","templated":true}]}}