{"id":63892,"date":"2019-09-26T11:29:05","date_gmt":"2019-09-26T14:29:05","guid":{"rendered":"http:\/\/diariotextual.com\/inicio\/?p=63892"},"modified":"2019-09-26T13:27:04","modified_gmt":"2019-09-26T16:27:04","slug":"stj-ordeno-nuevo-juicio-ataque-balazos-al-empresario-cholino","status":"publish","type":"post","link":"https:\/\/diariotextual.com\/inicio\/index.php\/2019\/09\/26\/stj-ordeno-nuevo-juicio-ataque-balazos-al-empresario-cholino\/","title":{"rendered":"El STJ orden\u00f3 nuevo fallo por el ataque a balazos al empresario Cholino"},"content":{"rendered":"<p>La <strong>Sala B del Superior Tribunal de Justicia (STJ)<\/strong> declar\u00f3 <strong>la invalidez<\/strong> del fallo del <strong>Tribunal de Impugnaci\u00f3n Penal\u00a0(TIP)<\/strong> por el que se hab\u00eda revocado la sentencia e imposici\u00f3n de pena de seis a\u00f1os de prisi\u00f3n contra<strong> Juan Alberto Lara<\/strong>, cuando bale\u00f3 al empresario minero <strong>Alberto Jos\u00e9 Cholino<\/strong> en la zona de 25 de Mayo. As\u00ed, orden\u00f3 que el TIP, con otra composici\u00f3n, dicte un nuevo fallo \u201cajustado a derecho\u201d.<\/p>\n<p>El 31 de octubre pasado, el juez de audiencia santarrose\u00f1o Gast\u00f3n Boulenaz hab\u00eda declarado la autor\u00eda material y la responsabilidad penal de Lara \u2013un criancero de 58 a\u00f1os\u2013 por los delitos de homicidio en grado de tentativa, agravado por el uso de arma de fuego, en concurso real con tenencia de arma de fuego de uso civil sin la debida autorizaci\u00f3n. M\u00e1s tarde, el 22 de noviembre, en la audiencia de imposici\u00f3n de pena le dio seis a\u00f1os de prisi\u00f3n.<\/p>\n<p>La defensora particular del imputado, Vanessa Ranocchia Ongaro, interpuso un recurso de impugnaci\u00f3n ante el TIP y la Sala A, integrada por los jueces Filinto Rebechi y Mauricio Piombi, le hizo lugar en forma parcial, ya que declar\u00f3 a Lara autor de los delitos de abuso de arma, en concurso real con tenencia de arma de fuego de uso civil sin la debida autorizaci\u00f3n, y <strong>revoc\u00f3 el homicidio en grado de tentativa por entender que el imputado no tuvo intenciones de matar<\/strong>. Por eso reenviaron el expediente al Tribunal de Audiencia para que \u2013tambi\u00e9n con otra composici\u00f3n\u2013 realizara una nueva audiencia de imposici\u00f3n de pena.<\/p>\n<p>Contra esa resoluci\u00f3n, el fiscal Juan Ignacio Pellegrino y el querellante particular, Jos\u00e9 Mario Aguerrido \u2013en nombre de la v\u00edctima\u2013 fueron en casaci\u00f3n al STJ y consiguieron que los ministros Hugo Oscar D\u00edaz y Elena Victoria Fresco, que conforman la Sala A, les dieran la raz\u00f3n.<\/p>\n<p><strong>\u00bfCu\u00e1l es el hecho que se discute? Boulenaz hab\u00eda dado por probado que el 3 de noviembre de 2015, Lara se aperson\u00f3 con su camioneta Ford Ranger a la mina denominada Alicia \u2013ubicada en un lote cuya titularidad intentaba adquirir por prescripci\u00f3n adquisitiva el acusado\u2013 y una vez all\u00ed, se baj\u00f3 del rodado y se dirigi\u00f3 hacia donde se encontraban trabajando Alberto Jos\u00e9 Cholino y sus empleados. Distante unos cuatro o cinco metros, y previo intercambio de palabras \u2013casi inexistente\u2013, Lara extrajo de su cintura un arma de fuego, tipo revolver calibre 32 largo que ten\u00eda cuatro cartuchos en su interior, y le gatill\u00f3 varias veces a\u00a0 Cholino.<\/strong><\/p>\n<p>\u201cSimult\u00e1neamente con dicha secuencia \u2013detall\u00f3 el magistrado\u2013, las restantes personas que se encontraban con Cholino (Ra\u00fal Francisco Hern\u00e1ndez, Andr\u00e9s Cholino y Roberto Maureira), y que fueron acerc\u00e1ndose segundos despu\u00e9s, tambi\u00e9n fueron apuntadas con el arma a la vez que Lara les gatillaba con ella, aunque no se produjo ning\u00fan disparo\u201d. Dicho episodio ocurri\u00f3 a 40 kil\u00f3metros al sudeste de 25 de Mayo.<\/p>\n<p>&nbsp;<\/p>\n<p><strong>Incongruencias<\/strong><\/p>\n<p>En sus recursos, tanto Pellegrino como Aguerrido objetaron el fallo del TIP aduciendo que fue arbitrario, \u201cpor no respetar el principio de la inmediaci\u00f3n y alterar la base f\u00e1ctica fijada por la Audiencia de Juicio\u201d y por \u201capartarse de las pruebas producidas\u201d para esclarecer el caso. B\u00e1sicamente, Rebechi y Piombi hab\u00edan afirmado que no se acredit\u00f3 \u201cfehacientemente\u201d que Lara, al disparar, lo hubiera hecho \u201ccon la intenci\u00f3n dolosa de producir la muerte\u201d de Cholino.<\/p>\n<p>\u201cLo l\u00f3gico y concreto resulta ser que, si una persona dispara contra otra con la intenci\u00f3n de producir su muerte, y a consecuencia del disparo cae al piso herido (cerca de donde se encuentra el autor del disparo), es indudable que este tratar\u00e1 de finalizar el accionar que se propuso (matar) y para tal fin, si posee en su mano el arma, tratar\u00e1 de efectuarle nuevos disparos (\u2026) En este caso, luego de efectuar el disparo, Lara trat\u00f3 de efectuar otros disparos (que no se efectivizaron), pero no contra Cholino\u201d, sino contra sus acompa\u00f1antes, remarc\u00f3 Impugnaci\u00f3n.<\/p>\n<p>\u201cEl TIP \u2013sostuvo en cambio el STJ\u2013 delimit\u00f3 la cuesti\u00f3n en la discusi\u00f3n sobre si existi\u00f3 o no la voluntad de matar en el accionar de Lara y, de un modo sorprendente e incongruentemente, efectu\u00f3 un an\u00e1lisis parcial de la prueba y una construcci\u00f3n de los hechos que claramente difiri\u00f3 de la fijada por el Tribunal de Juicio\u201d.<\/p>\n<p>\u201cNo existe pasaje alguno en la sentencia que indique la relevancia sustancial de las pruebas indicadas (las declaraciones del damnificado y sus acompa\u00f1antes y un informe criminal\u00edstico sobre el arma), que justifique el descarte de las restantes; como as\u00ed tampoco la relaci\u00f3n directa que esos medios probatorios presentaron para con la intenci\u00f3n dolosa en la conducta de Lara\u201d, agreg\u00f3<\/p>\n<p>\u201cSe evidenci\u00f3 aqu\u00ed \u2013subrayaron D\u00edaz y Fresco\u2013 una t\u00e9cnica no jur\u00eddica para construir el elemento subjetivo del tipo penal, en donde se afirmaron ciertas acciones como las que deber\u00eda haber efectuado Lara (\u2026), suposiciones absolutamente potenciales, sin juzgar las que efectivamente produjo; pues estas solo las tom\u00f3 para rematar la exclusi\u00f3n de la intenci\u00f3n sin raz\u00f3n jur\u00eddica e incluso reflexionando err\u00e1ticamente sobre la instituci\u00f3n de la tentativa (\u2026) Nuevamente reaparece una reflexi\u00f3n desprovista de t\u00e9cnica jur\u00eddica y distante de las circunstancias f\u00e1cticas de la causa, que el TIP utiliz\u00f3 como cimiento de la fundamentaci\u00f3n del cambio de calificaci\u00f3n del caso\u201d.<\/p>\n<p>&nbsp;<\/p>\n<p><strong>Exigencias<\/strong><\/p>\n<p>M\u00e1s adelante, la Sala B remarc\u00f3 que \u201cuna de las exigencias que debe respetarse en toda fundamentaci\u00f3n brindada por los jueces, resulta ser la exposici\u00f3n de correlaci\u00f3n entre las razones dadas en los considerandos, y los hechos debidamente comprobados y las pruebas v\u00e1lidamente incorporadas\u201d.<\/p>\n<p>\u201cEl juzgador debe motivar sus pronunciamientos y la ley exige que en esa funci\u00f3n consigne las razones que determinaron su decisi\u00f3n, expresando sus propias argumentaciones, de modo que sea controlable el camino l\u00f3gico seguido para arribar a la conclusi\u00f3n (\u2026.) As\u00ed, la sentencia debe reunir algunos caracteres: ser coherente, expresa, clara, completa, leg\u00edtima, l\u00f3gica y\u00a0 constringente, o sea que la argumentaci\u00f3n sea de tal naturaleza que no deje otro camino a la raz\u00f3n\u201d, acot\u00f3.<\/p>\n<p>\u201cTodo pronunciamiento judicial necesita de los postulados l\u00f3gicos, entre los que se destaca el de raz\u00f3n suficiente, que importa admitir que los elementos f\u00e1cticos que sustentan el fallo solo pueden dar fundamento a las conclusiones a las que se arribe y no a otras; es decir, que el pronunciamiento derive necesariamente de los dispositivos probatorios invocados en su sustento (\u2026) En consecuencia, la convicci\u00f3n a la que se llega en un fallo, no significa una remisi\u00f3n al puro subjetivismo o a lo que el juzgador crea o decida \u00edntima y simplemente\u201d, manifest\u00f3 el STJ.<\/p>\n<p>Finalmente, los ministros dijeron que \u201cla sentencia del TIP mostr\u00f3 una orfandad de sustento jur\u00eddico e invoc\u00f3 pautas de \u2018extrema laxitud\u2019 (\u2026); por lo que ello no permite descifrar el m\u00e9todo seguido para establecer la valoraci\u00f3n y exposici\u00f3n del raciocinio jur\u00eddico de los jueces\u201d; y, por consiguiente, consideraron probada la causal de arbitrariedad y dispusieron el reenv\u00edo al TIP para que, con otra integraci\u00f3n, efect\u00fae \u201cuna revisi\u00f3n integral, global y ce\u00f1ida a la correcta aplicaci\u00f3n de la ley sustantiva\u201d.<\/p>\n<p>\u200b<\/p>\n","protected":false},"excerpt":{"rendered":"<p>La Sala B del Superior Tribunal de Justicia (STJ) declar\u00f3 la invalidez del fallo del Tribunal de Impugnaci\u00f3n Penal\u00a0(TIP) por el que se hab\u00eda revocado la sentencia e imposici\u00f3n de&hellip;<\/p>\n","protected":false},"author":3,"featured_media":41697,"comment_status":"closed","ping_status":"open","sticky":false,"template":"","format":"standard","meta":{"_acf_changed":false,"footnotes":""},"categories":[11,319,12],"tags":[1821],"class_list":["post-63892","post","type-post","status-publish","format-standard","has-post-thumbnail","hentry","category-que-pasa","category-a-temporales","category-sociedad","tag-cholino"],"acf":[],"yoast_head":"<!-- This site is optimized with the Yoast SEO plugin v27.5 - https:\/\/yoast.com\/product\/yoast-seo-wordpress\/ -->\n<title>El STJ orden\u00f3 nuevo fallo por el ataque a balazos al empresario Cholino<\/title>\n<meta name=\"robots\" content=\"index, follow, max-snippet:-1, max-image-preview:large, max-video-preview:-1\" \/>\n<link rel=\"canonical\" href=\"https:\/\/diariotextual.com\/inicio\/index.php\/2019\/09\/26\/stj-ordeno-nuevo-juicio-ataque-balazos-al-empresario-cholino\/\" \/>\n<meta property=\"og:locale\" content=\"es_ES\" \/>\n<meta property=\"og:type\" content=\"article\" \/>\n<meta property=\"og:title\" content=\"El STJ orden\u00f3 nuevo fallo por el ataque a balazos al empresario Cholino\" \/>\n<meta property=\"og:description\" content=\"La Sala B del Superior Tribunal de Justicia (STJ) declar\u00f3 la invalidez del fallo del Tribunal de Impugnaci\u00f3n Penal\u00a0(TIP) por el que se hab\u00eda revocado la sentencia e imposici\u00f3n de&hellip;\" \/>\n<meta property=\"og:url\" content=\"https:\/\/diariotextual.com\/inicio\/index.php\/2019\/09\/26\/stj-ordeno-nuevo-juicio-ataque-balazos-al-empresario-cholino\/\" \/>\n<meta property=\"og:site_name\" content=\"Diario Textual\" \/>\n<meta property=\"article:publisher\" content=\"https:\/\/www.facebook.com\/eltextual\" \/>\n<meta property=\"article:published_time\" content=\"2019-09-26T14:29:05+00:00\" \/>\n<meta property=\"article:modified_time\" content=\"2019-09-26T16:27:04+00:00\" \/>\n<meta property=\"og:image\" content=\"https:\/\/diariotextual.com\/inicio\/wp-content\/uploads\/2019\/03\/mineraaliciacholino3.jpg\" \/>\n\t<meta property=\"og:image:width\" content=\"688\" \/>\n\t<meta property=\"og:image:height\" content=\"403\" \/>\n\t<meta property=\"og:image:type\" content=\"image\/jpeg\" \/>\n<meta name=\"author\" content=\"Diario1 Diario1\" \/>\n<meta name=\"twitter:card\" content=\"summary_large_image\" \/>\n<meta name=\"twitter:creator\" content=\"@eltextual\" \/>\n<meta name=\"twitter:site\" content=\"@eltextual\" \/>\n<meta name=\"twitter:label1\" content=\"Escrito por\" \/>\n\t<meta name=\"twitter:data1\" content=\"Diario1 Diario1\" \/>\n\t<meta name=\"twitter:label2\" content=\"Tiempo de lectura\" \/>\n\t<meta name=\"twitter:data2\" content=\"6 minutos\" \/>\n<script type=\"application\/ld+json\" class=\"yoast-schema-graph\">{\"@context\":\"https:\\\/\\\/schema.org\",\"@graph\":[{\"@type\":\"Article\",\"@id\":\"https:\\\/\\\/diariotextual.com\\\/inicio\\\/index.php\\\/2019\\\/09\\\/26\\\/stj-ordeno-nuevo-juicio-ataque-balazos-al-empresario-cholino\\\/#article\",\"isPartOf\":{\"@id\":\"https:\\\/\\\/diariotextual.com\\\/inicio\\\/index.php\\\/2019\\\/09\\\/26\\\/stj-ordeno-nuevo-juicio-ataque-balazos-al-empresario-cholino\\\/\"},\"author\":{\"name\":\"Diario1 Diario1\",\"@id\":\"https:\\\/\\\/diariotextual.com\\\/inicio\\\/#\\\/schema\\\/person\\\/418fc4093c33e86ed41562db3508f958\"},\"headline\":\"El STJ orden\u00f3 nuevo fallo por el ataque a balazos al empresario Cholino\",\"datePublished\":\"2019-09-26T14:29:05+00:00\",\"dateModified\":\"2019-09-26T16:27:04+00:00\",\"mainEntityOfPage\":{\"@id\":\"https:\\\/\\\/diariotextual.com\\\/inicio\\\/index.php\\\/2019\\\/09\\\/26\\\/stj-ordeno-nuevo-juicio-ataque-balazos-al-empresario-cholino\\\/\"},\"wordCount\":1253,\"publisher\":{\"@id\":\"https:\\\/\\\/diariotextual.com\\\/inicio\\\/#organization\"},\"image\":{\"@id\":\"https:\\\/\\\/diariotextual.com\\\/inicio\\\/index.php\\\/2019\\\/09\\\/26\\\/stj-ordeno-nuevo-juicio-ataque-balazos-al-empresario-cholino\\\/#primaryimage\"},\"thumbnailUrl\":\"https:\\\/\\\/diariotextual.com\\\/inicio\\\/wp-content\\\/uploads\\\/2019\\\/03\\\/mineraaliciacholino3.jpg\",\"keywords\":[\"cholino\"],\"articleSection\":[\"A - QUE PASA (al costado)\",\"A - TEMPORALES\",\"SOCIEDAD\"],\"inLanguage\":\"es\"},{\"@type\":\"WebPage\",\"@id\":\"https:\\\/\\\/diariotextual.com\\\/inicio\\\/index.php\\\/2019\\\/09\\\/26\\\/stj-ordeno-nuevo-juicio-ataque-balazos-al-empresario-cholino\\\/\",\"url\":\"https:\\\/\\\/diariotextual.com\\\/inicio\\\/index.php\\\/2019\\\/09\\\/26\\\/stj-ordeno-nuevo-juicio-ataque-balazos-al-empresario-cholino\\\/\",\"name\":\"El STJ orden\u00f3 nuevo fallo por el ataque a balazos al empresario Cholino\",\"isPartOf\":{\"@id\":\"https:\\\/\\\/diariotextual.com\\\/inicio\\\/#website\"},\"primaryImageOfPage\":{\"@id\":\"https:\\\/\\\/diariotextual.com\\\/inicio\\\/index.php\\\/2019\\\/09\\\/26\\\/stj-ordeno-nuevo-juicio-ataque-balazos-al-empresario-cholino\\\/#primaryimage\"},\"image\":{\"@id\":\"https:\\\/\\\/diariotextual.com\\\/inicio\\\/index.php\\\/2019\\\/09\\\/26\\\/stj-ordeno-nuevo-juicio-ataque-balazos-al-empresario-cholino\\\/#primaryimage\"},\"thumbnailUrl\":\"https:\\\/\\\/diariotextual.com\\\/inicio\\\/wp-content\\\/uploads\\\/2019\\\/03\\\/mineraaliciacholino3.jpg\",\"datePublished\":\"2019-09-26T14:29:05+00:00\",\"dateModified\":\"2019-09-26T16:27:04+00:00\",\"breadcrumb\":{\"@id\":\"https:\\\/\\\/diariotextual.com\\\/inicio\\\/index.php\\\/2019\\\/09\\\/26\\\/stj-ordeno-nuevo-juicio-ataque-balazos-al-empresario-cholino\\\/#breadcrumb\"},\"inLanguage\":\"es\",\"potentialAction\":[{\"@type\":\"ReadAction\",\"target\":[\"https:\\\/\\\/diariotextual.com\\\/inicio\\\/index.php\\\/2019\\\/09\\\/26\\\/stj-ordeno-nuevo-juicio-ataque-balazos-al-empresario-cholino\\\/\"]}]},{\"@type\":\"ImageObject\",\"inLanguage\":\"es\",\"@id\":\"https:\\\/\\\/diariotextual.com\\\/inicio\\\/index.php\\\/2019\\\/09\\\/26\\\/stj-ordeno-nuevo-juicio-ataque-balazos-al-empresario-cholino\\\/#primaryimage\",\"url\":\"https:\\\/\\\/diariotextual.com\\\/inicio\\\/wp-content\\\/uploads\\\/2019\\\/03\\\/mineraaliciacholino3.jpg\",\"contentUrl\":\"https:\\\/\\\/diariotextual.com\\\/inicio\\\/wp-content\\\/uploads\\\/2019\\\/03\\\/mineraaliciacholino3.jpg\",\"width\":688,\"height\":403},{\"@type\":\"BreadcrumbList\",\"@id\":\"https:\\\/\\\/diariotextual.com\\\/inicio\\\/index.php\\\/2019\\\/09\\\/26\\\/stj-ordeno-nuevo-juicio-ataque-balazos-al-empresario-cholino\\\/#breadcrumb\",\"itemListElement\":[{\"@type\":\"ListItem\",\"position\":1,\"name\":\"Portada\",\"item\":\"https:\\\/\\\/diariotextual.com\\\/inicio\\\/\"},{\"@type\":\"ListItem\",\"position\":2,\"name\":\"El STJ orden\u00f3 nuevo fallo por el ataque a balazos al empresario Cholino\"}]},{\"@type\":\"WebSite\",\"@id\":\"https:\\\/\\\/diariotextual.com\\\/inicio\\\/#website\",\"url\":\"https:\\\/\\\/diariotextual.com\\\/inicio\\\/\",\"name\":\"Diario Textual\",\"description\":\"\",\"publisher\":{\"@id\":\"https:\\\/\\\/diariotextual.com\\\/inicio\\\/#organization\"},\"potentialAction\":[{\"@type\":\"SearchAction\",\"target\":{\"@type\":\"EntryPoint\",\"urlTemplate\":\"https:\\\/\\\/diariotextual.com\\\/inicio\\\/?s={search_term_string}\"},\"query-input\":{\"@type\":\"PropertyValueSpecification\",\"valueRequired\":true,\"valueName\":\"search_term_string\"}}],\"inLanguage\":\"es\"},{\"@type\":\"Organization\",\"@id\":\"https:\\\/\\\/diariotextual.com\\\/inicio\\\/#organization\",\"name\":\"Diario Textual\",\"url\":\"https:\\\/\\\/diariotextual.com\\\/inicio\\\/\",\"logo\":{\"@type\":\"ImageObject\",\"inLanguage\":\"es\",\"@id\":\"https:\\\/\\\/diariotextual.com\\\/inicio\\\/#\\\/schema\\\/logo\\\/image\\\/\",\"url\":\"https:\\\/\\\/diariotextual.com\\\/inicio\\\/wp-content\\\/uploads\\\/2023\\\/05\\\/logotextual1.jpg\",\"contentUrl\":\"https:\\\/\\\/diariotextual.com\\\/inicio\\\/wp-content\\\/uploads\\\/2023\\\/05\\\/logotextual1.jpg\",\"width\":516,\"height\":76,\"caption\":\"Diario Textual\"},\"image\":{\"@id\":\"https:\\\/\\\/diariotextual.com\\\/inicio\\\/#\\\/schema\\\/logo\\\/image\\\/\"},\"sameAs\":[\"https:\\\/\\\/www.facebook.com\\\/eltextual\",\"https:\\\/\\\/x.com\\\/eltextual\",\"http:\\\/\\\/www.instagram.com\\\/eltextual\"]},{\"@type\":\"Person\",\"@id\":\"https:\\\/\\\/diariotextual.com\\\/inicio\\\/#\\\/schema\\\/person\\\/418fc4093c33e86ed41562db3508f958\",\"name\":\"Diario1 Diario1\",\"image\":{\"@type\":\"ImageObject\",\"inLanguage\":\"es\",\"@id\":\"https:\\\/\\\/secure.gravatar.com\\\/avatar\\\/9167d280179c85bc18be67aa7eda765854300033af4896dd779b608640f2ef7a?s=96&d=mm&r=g\",\"url\":\"https:\\\/\\\/secure.gravatar.com\\\/avatar\\\/9167d280179c85bc18be67aa7eda765854300033af4896dd779b608640f2ef7a?s=96&d=mm&r=g\",\"contentUrl\":\"https:\\\/\\\/secure.gravatar.com\\\/avatar\\\/9167d280179c85bc18be67aa7eda765854300033af4896dd779b608640f2ef7a?s=96&d=mm&r=g\",\"caption\":\"Diario1 Diario1\"},\"url\":\"https:\\\/\\\/diariotextual.com\\\/inicio\\\/index.php\\\/author\\\/diario1\\\/\"}]}<\/script>\n<!-- \/ Yoast SEO plugin. -->","yoast_head_json":{"title":"El STJ orden\u00f3 nuevo fallo por el ataque a balazos al empresario Cholino","robots":{"index":"index","follow":"follow","max-snippet":"max-snippet:-1","max-image-preview":"max-image-preview:large","max-video-preview":"max-video-preview:-1"},"canonical":"https:\/\/diariotextual.com\/inicio\/index.php\/2019\/09\/26\/stj-ordeno-nuevo-juicio-ataque-balazos-al-empresario-cholino\/","og_locale":"es_ES","og_type":"article","og_title":"El STJ orden\u00f3 nuevo fallo por el ataque a balazos al empresario Cholino","og_description":"La Sala B del Superior Tribunal de Justicia (STJ) declar\u00f3 la invalidez del fallo del Tribunal de Impugnaci\u00f3n Penal\u00a0(TIP) por el que se hab\u00eda revocado la sentencia e imposici\u00f3n de&hellip;","og_url":"https:\/\/diariotextual.com\/inicio\/index.php\/2019\/09\/26\/stj-ordeno-nuevo-juicio-ataque-balazos-al-empresario-cholino\/","og_site_name":"Diario Textual","article_publisher":"https:\/\/www.facebook.com\/eltextual","article_published_time":"2019-09-26T14:29:05+00:00","article_modified_time":"2019-09-26T16:27:04+00:00","og_image":[{"width":688,"height":403,"url":"https:\/\/diariotextual.com\/inicio\/wp-content\/uploads\/2019\/03\/mineraaliciacholino3.jpg","type":"image\/jpeg"}],"author":"Diario1 Diario1","twitter_card":"summary_large_image","twitter_creator":"@eltextual","twitter_site":"@eltextual","twitter_misc":{"Escrito por":"Diario1 Diario1","Tiempo de lectura":"6 minutos"},"schema":{"@context":"https:\/\/schema.org","@graph":[{"@type":"Article","@id":"https:\/\/diariotextual.com\/inicio\/index.php\/2019\/09\/26\/stj-ordeno-nuevo-juicio-ataque-balazos-al-empresario-cholino\/#article","isPartOf":{"@id":"https:\/\/diariotextual.com\/inicio\/index.php\/2019\/09\/26\/stj-ordeno-nuevo-juicio-ataque-balazos-al-empresario-cholino\/"},"author":{"name":"Diario1 Diario1","@id":"https:\/\/diariotextual.com\/inicio\/#\/schema\/person\/418fc4093c33e86ed41562db3508f958"},"headline":"El STJ orden\u00f3 nuevo fallo por el ataque a balazos al empresario Cholino","datePublished":"2019-09-26T14:29:05+00:00","dateModified":"2019-09-26T16:27:04+00:00","mainEntityOfPage":{"@id":"https:\/\/diariotextual.com\/inicio\/index.php\/2019\/09\/26\/stj-ordeno-nuevo-juicio-ataque-balazos-al-empresario-cholino\/"},"wordCount":1253,"publisher":{"@id":"https:\/\/diariotextual.com\/inicio\/#organization"},"image":{"@id":"https:\/\/diariotextual.com\/inicio\/index.php\/2019\/09\/26\/stj-ordeno-nuevo-juicio-ataque-balazos-al-empresario-cholino\/#primaryimage"},"thumbnailUrl":"https:\/\/diariotextual.com\/inicio\/wp-content\/uploads\/2019\/03\/mineraaliciacholino3.jpg","keywords":["cholino"],"articleSection":["A - QUE PASA (al costado)","A - TEMPORALES","SOCIEDAD"],"inLanguage":"es"},{"@type":"WebPage","@id":"https:\/\/diariotextual.com\/inicio\/index.php\/2019\/09\/26\/stj-ordeno-nuevo-juicio-ataque-balazos-al-empresario-cholino\/","url":"https:\/\/diariotextual.com\/inicio\/index.php\/2019\/09\/26\/stj-ordeno-nuevo-juicio-ataque-balazos-al-empresario-cholino\/","name":"El STJ orden\u00f3 nuevo fallo por el ataque a balazos al empresario Cholino","isPartOf":{"@id":"https:\/\/diariotextual.com\/inicio\/#website"},"primaryImageOfPage":{"@id":"https:\/\/diariotextual.com\/inicio\/index.php\/2019\/09\/26\/stj-ordeno-nuevo-juicio-ataque-balazos-al-empresario-cholino\/#primaryimage"},"image":{"@id":"https:\/\/diariotextual.com\/inicio\/index.php\/2019\/09\/26\/stj-ordeno-nuevo-juicio-ataque-balazos-al-empresario-cholino\/#primaryimage"},"thumbnailUrl":"https:\/\/diariotextual.com\/inicio\/wp-content\/uploads\/2019\/03\/mineraaliciacholino3.jpg","datePublished":"2019-09-26T14:29:05+00:00","dateModified":"2019-09-26T16:27:04+00:00","breadcrumb":{"@id":"https:\/\/diariotextual.com\/inicio\/index.php\/2019\/09\/26\/stj-ordeno-nuevo-juicio-ataque-balazos-al-empresario-cholino\/#breadcrumb"},"inLanguage":"es","potentialAction":[{"@type":"ReadAction","target":["https:\/\/diariotextual.com\/inicio\/index.php\/2019\/09\/26\/stj-ordeno-nuevo-juicio-ataque-balazos-al-empresario-cholino\/"]}]},{"@type":"ImageObject","inLanguage":"es","@id":"https:\/\/diariotextual.com\/inicio\/index.php\/2019\/09\/26\/stj-ordeno-nuevo-juicio-ataque-balazos-al-empresario-cholino\/#primaryimage","url":"https:\/\/diariotextual.com\/inicio\/wp-content\/uploads\/2019\/03\/mineraaliciacholino3.jpg","contentUrl":"https:\/\/diariotextual.com\/inicio\/wp-content\/uploads\/2019\/03\/mineraaliciacholino3.jpg","width":688,"height":403},{"@type":"BreadcrumbList","@id":"https:\/\/diariotextual.com\/inicio\/index.php\/2019\/09\/26\/stj-ordeno-nuevo-juicio-ataque-balazos-al-empresario-cholino\/#breadcrumb","itemListElement":[{"@type":"ListItem","position":1,"name":"Portada","item":"https:\/\/diariotextual.com\/inicio\/"},{"@type":"ListItem","position":2,"name":"El STJ orden\u00f3 nuevo fallo por el ataque a balazos al empresario Cholino"}]},{"@type":"WebSite","@id":"https:\/\/diariotextual.com\/inicio\/#website","url":"https:\/\/diariotextual.com\/inicio\/","name":"Diario Textual","description":"","publisher":{"@id":"https:\/\/diariotextual.com\/inicio\/#organization"},"potentialAction":[{"@type":"SearchAction","target":{"@type":"EntryPoint","urlTemplate":"https:\/\/diariotextual.com\/inicio\/?s={search_term_string}"},"query-input":{"@type":"PropertyValueSpecification","valueRequired":true,"valueName":"search_term_string"}}],"inLanguage":"es"},{"@type":"Organization","@id":"https:\/\/diariotextual.com\/inicio\/#organization","name":"Diario Textual","url":"https:\/\/diariotextual.com\/inicio\/","logo":{"@type":"ImageObject","inLanguage":"es","@id":"https:\/\/diariotextual.com\/inicio\/#\/schema\/logo\/image\/","url":"https:\/\/diariotextual.com\/inicio\/wp-content\/uploads\/2023\/05\/logotextual1.jpg","contentUrl":"https:\/\/diariotextual.com\/inicio\/wp-content\/uploads\/2023\/05\/logotextual1.jpg","width":516,"height":76,"caption":"Diario Textual"},"image":{"@id":"https:\/\/diariotextual.com\/inicio\/#\/schema\/logo\/image\/"},"sameAs":["https:\/\/www.facebook.com\/eltextual","https:\/\/x.com\/eltextual","http:\/\/www.instagram.com\/eltextual"]},{"@type":"Person","@id":"https:\/\/diariotextual.com\/inicio\/#\/schema\/person\/418fc4093c33e86ed41562db3508f958","name":"Diario1 Diario1","image":{"@type":"ImageObject","inLanguage":"es","@id":"https:\/\/secure.gravatar.com\/avatar\/9167d280179c85bc18be67aa7eda765854300033af4896dd779b608640f2ef7a?s=96&d=mm&r=g","url":"https:\/\/secure.gravatar.com\/avatar\/9167d280179c85bc18be67aa7eda765854300033af4896dd779b608640f2ef7a?s=96&d=mm&r=g","contentUrl":"https:\/\/secure.gravatar.com\/avatar\/9167d280179c85bc18be67aa7eda765854300033af4896dd779b608640f2ef7a?s=96&d=mm&r=g","caption":"Diario1 Diario1"},"url":"https:\/\/diariotextual.com\/inicio\/index.php\/author\/diario1\/"}]}},"_links":{"self":[{"href":"https:\/\/diariotextual.com\/inicio\/index.php\/wp-json\/wp\/v2\/posts\/63892","targetHints":{"allow":["GET"]}}],"collection":[{"href":"https:\/\/diariotextual.com\/inicio\/index.php\/wp-json\/wp\/v2\/posts"}],"about":[{"href":"https:\/\/diariotextual.com\/inicio\/index.php\/wp-json\/wp\/v2\/types\/post"}],"author":[{"embeddable":true,"href":"https:\/\/diariotextual.com\/inicio\/index.php\/wp-json\/wp\/v2\/users\/3"}],"replies":[{"embeddable":true,"href":"https:\/\/diariotextual.com\/inicio\/index.php\/wp-json\/wp\/v2\/comments?post=63892"}],"version-history":[{"count":5,"href":"https:\/\/diariotextual.com\/inicio\/index.php\/wp-json\/wp\/v2\/posts\/63892\/revisions"}],"predecessor-version":[{"id":63899,"href":"https:\/\/diariotextual.com\/inicio\/index.php\/wp-json\/wp\/v2\/posts\/63892\/revisions\/63899"}],"wp:featuredmedia":[{"embeddable":true,"href":"https:\/\/diariotextual.com\/inicio\/index.php\/wp-json\/wp\/v2\/media\/41697"}],"wp:attachment":[{"href":"https:\/\/diariotextual.com\/inicio\/index.php\/wp-json\/wp\/v2\/media?parent=63892"}],"wp:term":[{"taxonomy":"category","embeddable":true,"href":"https:\/\/diariotextual.com\/inicio\/index.php\/wp-json\/wp\/v2\/categories?post=63892"},{"taxonomy":"post_tag","embeddable":true,"href":"https:\/\/diariotextual.com\/inicio\/index.php\/wp-json\/wp\/v2\/tags?post=63892"}],"curies":[{"name":"wp","href":"https:\/\/api.w.org\/{rel}","templated":true}]}}