{"id":63952,"date":"2019-09-26T17:46:05","date_gmt":"2019-09-26T20:46:05","guid":{"rendered":"http:\/\/diariotextual.com\/inicio\/?p=63952"},"modified":"2019-09-26T20:08:47","modified_gmt":"2019-09-26T23:08:47","slug":"colectivo-sanitario-insiste-se-prohiba-glifosato-la-pampa","status":"publish","type":"post","link":"https:\/\/diariotextual.com\/inicio\/index.php\/2019\/09\/26\/colectivo-sanitario-insiste-se-prohiba-glifosato-la-pampa\/","title":{"rendered":"Colectivo sanitario insiste en que se proh\u00edba el glifosato en La Pampa"},"content":{"rendered":"<p>El grupo <strong>\u201cLa Pampa Libre de Agrot\u00f3xicos\u201d<\/strong> inform\u00f3 este jueves que <strong>ha entregado una nota a cada uno de los bloques, de la C\u00e1mara de Diputados de la Provincia, solicitando la adhesi\u00f3n al pedido que este espacio le hiciera al gobernador Carlos Verna de prohibici\u00f3n, en todo el territorio pampeano, del agrot\u00f3xico Glifosato<\/strong> y se <strong><a href=\"http:\/\/diariotextual.com\/inicio\/index.php\/2018\/09\/20\/colectivo-sanitario-se-pare-ya-fumigar-envenenarnos\/\">pare ya con las fumigaciones.<\/a><\/strong><\/p>\n<p><!--more--><\/p>\n<p>\u201cSolicitamos en la misma nota que <strong>cada bloque pida de participar en el debate, an\u00e1lisis o discusi\u00f3n de nuestro pedido que el se\u00f1or gobernador decidiera enviar al seno de la Comisi\u00f3n Provincial de Sanidad Vegetal (CoProSaVe) para su evaluaci\u00f3n<\/strong>, lo que permitir\u00eda un debate mucho m\u00e1s grande con una mayor pluralidad de voces teniendo en cuenta la magnitud del reclamo\u201d, expres\u00f3 Carlos Ortellado, uno de los voceros del grupo.<\/p>\n<p>Desde este colectivo sanitario tambi\u00e9n <strong>se le envi\u00f3 una nota al Ministro de la Producci\u00f3n, Ricardo Moralejo, solicit\u00e1ndole la participaci\u00f3n en la CoProSaVe al momento del debate.<\/strong><\/p>\n<p>\u201cDesde este<strong> espacio adherimos y acompa\u00f1amos la huelga a favor del cambio clim\u00e1tico del \u00a0d\u00eda 27 de septiembre\u201d<\/strong>, concluy\u00f3 el grupo \u201cLa Pampa Libre de Agrot\u00f3xicos\u201d.<\/p>\n","protected":false},"excerpt":{"rendered":"<p>El grupo \u201cLa Pampa Libre de Agrot\u00f3xicos\u201d inform\u00f3 este jueves que ha entregado una nota a cada uno de los bloques, de la C\u00e1mara de Diputados de la Provincia, solicitando&hellip;<\/p>\n","protected":false},"author":5,"featured_media":12948,"comment_status":"closed","ping_status":"open","sticky":false,"template":"","format":"standard","meta":{"_acf_changed":false,"footnotes":""},"categories":[11,20],"tags":[],"class_list":["post-63952","post","type-post","status-publish","format-standard","has-post-thumbnail","hentry","category-que-pasa","category-campo"],"acf":[],"yoast_head":"<!-- This site is optimized with the Yoast SEO plugin v27.5 - https:\/\/yoast.com\/product\/yoast-seo-wordpress\/ -->\n<title>Colectivo sanitario insiste en que se proh\u00edba el glifosato en La Pampa - Diario Textual<\/title>\n<meta name=\"robots\" content=\"index, follow, max-snippet:-1, max-image-preview:large, max-video-preview:-1\" \/>\n<link rel=\"canonical\" href=\"https:\/\/diariotextual.com\/inicio\/index.php\/2019\/09\/26\/colectivo-sanitario-insiste-se-prohiba-glifosato-la-pampa\/\" \/>\n<meta property=\"og:locale\" content=\"es_ES\" \/>\n<meta property=\"og:type\" content=\"article\" \/>\n<meta property=\"og:title\" content=\"Colectivo sanitario insiste en que se proh\u00edba el glifosato en La Pampa - Diario Textual\" \/>\n<meta property=\"og:description\" content=\"El grupo \u201cLa Pampa Libre de Agrot\u00f3xicos\u201d inform\u00f3 este jueves que ha entregado una nota a cada uno de los bloques, de la C\u00e1mara de Diputados de la Provincia, solicitando&hellip;\" \/>\n<meta property=\"og:url\" content=\"https:\/\/diariotextual.com\/inicio\/index.php\/2019\/09\/26\/colectivo-sanitario-insiste-se-prohiba-glifosato-la-pampa\/\" \/>\n<meta property=\"og:site_name\" content=\"Diario Textual\" \/>\n<meta property=\"article:publisher\" content=\"https:\/\/www.facebook.com\/eltextual\" \/>\n<meta property=\"article:published_time\" content=\"2019-09-26T20:46:05+00:00\" \/>\n<meta property=\"article:modified_time\" content=\"2019-09-26T23:08:47+00:00\" \/>\n<meta property=\"og:image\" content=\"https:\/\/diariotextual.com\/inicio\/wp-content\/uploads\/2018\/07\/glifosato-630.jpg\" \/>\n\t<meta property=\"og:image:width\" content=\"630\" \/>\n\t<meta property=\"og:image:height\" content=\"375\" \/>\n\t<meta property=\"og:image:type\" content=\"image\/jpeg\" \/>\n<meta name=\"author\" content=\"diario3\" \/>\n<meta name=\"twitter:card\" content=\"summary_large_image\" \/>\n<meta name=\"twitter:creator\" content=\"@eltextual\" \/>\n<meta name=\"twitter:site\" content=\"@eltextual\" \/>\n<meta name=\"twitter:label1\" content=\"Escrito por\" \/>\n\t<meta name=\"twitter:data1\" content=\"diario3\" \/>\n\t<meta name=\"twitter:label2\" content=\"Tiempo de lectura\" \/>\n\t<meta name=\"twitter:data2\" content=\"1 minuto\" \/>\n<script type=\"application\/ld+json\" class=\"yoast-schema-graph\">{\"@context\":\"https:\\\/\\\/schema.org\",\"@graph\":[{\"@type\":\"Article\",\"@id\":\"https:\\\/\\\/diariotextual.com\\\/inicio\\\/index.php\\\/2019\\\/09\\\/26\\\/colectivo-sanitario-insiste-se-prohiba-glifosato-la-pampa\\\/#article\",\"isPartOf\":{\"@id\":\"https:\\\/\\\/diariotextual.com\\\/inicio\\\/index.php\\\/2019\\\/09\\\/26\\\/colectivo-sanitario-insiste-se-prohiba-glifosato-la-pampa\\\/\"},\"author\":{\"name\":\"diario3\",\"@id\":\"https:\\\/\\\/diariotextual.com\\\/inicio\\\/#\\\/schema\\\/person\\\/a1b6f563e0ee944c60f98119389a4d9f\"},\"headline\":\"Colectivo sanitario insiste en que se proh\u00edba el glifosato en La Pampa\",\"datePublished\":\"2019-09-26T20:46:05+00:00\",\"dateModified\":\"2019-09-26T23:08:47+00:00\",\"mainEntityOfPage\":{\"@id\":\"https:\\\/\\\/diariotextual.com\\\/inicio\\\/index.php\\\/2019\\\/09\\\/26\\\/colectivo-sanitario-insiste-se-prohiba-glifosato-la-pampa\\\/\"},\"wordCount\":214,\"publisher\":{\"@id\":\"https:\\\/\\\/diariotextual.com\\\/inicio\\\/#organization\"},\"image\":{\"@id\":\"https:\\\/\\\/diariotextual.com\\\/inicio\\\/index.php\\\/2019\\\/09\\\/26\\\/colectivo-sanitario-insiste-se-prohiba-glifosato-la-pampa\\\/#primaryimage\"},\"thumbnailUrl\":\"https:\\\/\\\/diariotextual.com\\\/inicio\\\/wp-content\\\/uploads\\\/2018\\\/07\\\/glifosato-630.jpg\",\"articleSection\":[\"A - QUE PASA (al costado)\",\"CAMPO\"],\"inLanguage\":\"es\"},{\"@type\":\"WebPage\",\"@id\":\"https:\\\/\\\/diariotextual.com\\\/inicio\\\/index.php\\\/2019\\\/09\\\/26\\\/colectivo-sanitario-insiste-se-prohiba-glifosato-la-pampa\\\/\",\"url\":\"https:\\\/\\\/diariotextual.com\\\/inicio\\\/index.php\\\/2019\\\/09\\\/26\\\/colectivo-sanitario-insiste-se-prohiba-glifosato-la-pampa\\\/\",\"name\":\"Colectivo sanitario insiste en que se proh\u00edba el glifosato en La Pampa - Diario Textual\",\"isPartOf\":{\"@id\":\"https:\\\/\\\/diariotextual.com\\\/inicio\\\/#website\"},\"primaryImageOfPage\":{\"@id\":\"https:\\\/\\\/diariotextual.com\\\/inicio\\\/index.php\\\/2019\\\/09\\\/26\\\/colectivo-sanitario-insiste-se-prohiba-glifosato-la-pampa\\\/#primaryimage\"},\"image\":{\"@id\":\"https:\\\/\\\/diariotextual.com\\\/inicio\\\/index.php\\\/2019\\\/09\\\/26\\\/colectivo-sanitario-insiste-se-prohiba-glifosato-la-pampa\\\/#primaryimage\"},\"thumbnailUrl\":\"https:\\\/\\\/diariotextual.com\\\/inicio\\\/wp-content\\\/uploads\\\/2018\\\/07\\\/glifosato-630.jpg\",\"datePublished\":\"2019-09-26T20:46:05+00:00\",\"dateModified\":\"2019-09-26T23:08:47+00:00\",\"breadcrumb\":{\"@id\":\"https:\\\/\\\/diariotextual.com\\\/inicio\\\/index.php\\\/2019\\\/09\\\/26\\\/colectivo-sanitario-insiste-se-prohiba-glifosato-la-pampa\\\/#breadcrumb\"},\"inLanguage\":\"es\",\"potentialAction\":[{\"@type\":\"ReadAction\",\"target\":[\"https:\\\/\\\/diariotextual.com\\\/inicio\\\/index.php\\\/2019\\\/09\\\/26\\\/colectivo-sanitario-insiste-se-prohiba-glifosato-la-pampa\\\/\"]}]},{\"@type\":\"ImageObject\",\"inLanguage\":\"es\",\"@id\":\"https:\\\/\\\/diariotextual.com\\\/inicio\\\/index.php\\\/2019\\\/09\\\/26\\\/colectivo-sanitario-insiste-se-prohiba-glifosato-la-pampa\\\/#primaryimage\",\"url\":\"https:\\\/\\\/diariotextual.com\\\/inicio\\\/wp-content\\\/uploads\\\/2018\\\/07\\\/glifosato-630.jpg\",\"contentUrl\":\"https:\\\/\\\/diariotextual.com\\\/inicio\\\/wp-content\\\/uploads\\\/2018\\\/07\\\/glifosato-630.jpg\",\"width\":630,\"height\":375},{\"@type\":\"BreadcrumbList\",\"@id\":\"https:\\\/\\\/diariotextual.com\\\/inicio\\\/index.php\\\/2019\\\/09\\\/26\\\/colectivo-sanitario-insiste-se-prohiba-glifosato-la-pampa\\\/#breadcrumb\",\"itemListElement\":[{\"@type\":\"ListItem\",\"position\":1,\"name\":\"Portada\",\"item\":\"https:\\\/\\\/diariotextual.com\\\/inicio\\\/\"},{\"@type\":\"ListItem\",\"position\":2,\"name\":\"Colectivo sanitario insiste en que se proh\u00edba el glifosato en La Pampa\"}]},{\"@type\":\"WebSite\",\"@id\":\"https:\\\/\\\/diariotextual.com\\\/inicio\\\/#website\",\"url\":\"https:\\\/\\\/diariotextual.com\\\/inicio\\\/\",\"name\":\"Diario Textual\",\"description\":\"\",\"publisher\":{\"@id\":\"https:\\\/\\\/diariotextual.com\\\/inicio\\\/#organization\"},\"potentialAction\":[{\"@type\":\"SearchAction\",\"target\":{\"@type\":\"EntryPoint\",\"urlTemplate\":\"https:\\\/\\\/diariotextual.com\\\/inicio\\\/?s={search_term_string}\"},\"query-input\":{\"@type\":\"PropertyValueSpecification\",\"valueRequired\":true,\"valueName\":\"search_term_string\"}}],\"inLanguage\":\"es\"},{\"@type\":\"Organization\",\"@id\":\"https:\\\/\\\/diariotextual.com\\\/inicio\\\/#organization\",\"name\":\"Diario Textual\",\"url\":\"https:\\\/\\\/diariotextual.com\\\/inicio\\\/\",\"logo\":{\"@type\":\"ImageObject\",\"inLanguage\":\"es\",\"@id\":\"https:\\\/\\\/diariotextual.com\\\/inicio\\\/#\\\/schema\\\/logo\\\/image\\\/\",\"url\":\"https:\\\/\\\/diariotextual.com\\\/inicio\\\/wp-content\\\/uploads\\\/2023\\\/05\\\/logotextual1.jpg\",\"contentUrl\":\"https:\\\/\\\/diariotextual.com\\\/inicio\\\/wp-content\\\/uploads\\\/2023\\\/05\\\/logotextual1.jpg\",\"width\":516,\"height\":76,\"caption\":\"Diario Textual\"},\"image\":{\"@id\":\"https:\\\/\\\/diariotextual.com\\\/inicio\\\/#\\\/schema\\\/logo\\\/image\\\/\"},\"sameAs\":[\"https:\\\/\\\/www.facebook.com\\\/eltextual\",\"https:\\\/\\\/x.com\\\/eltextual\",\"http:\\\/\\\/www.instagram.com\\\/eltextual\"]},{\"@type\":\"Person\",\"@id\":\"https:\\\/\\\/diariotextual.com\\\/inicio\\\/#\\\/schema\\\/person\\\/a1b6f563e0ee944c60f98119389a4d9f\",\"name\":\"diario3\",\"image\":{\"@type\":\"ImageObject\",\"inLanguage\":\"es\",\"@id\":\"https:\\\/\\\/secure.gravatar.com\\\/avatar\\\/5e7ee62c82fc04d9dd79d746a390d93c69c43223e5faeeb3ea9461ef752bfc5d?s=96&d=mm&r=g\",\"url\":\"https:\\\/\\\/secure.gravatar.com\\\/avatar\\\/5e7ee62c82fc04d9dd79d746a390d93c69c43223e5faeeb3ea9461ef752bfc5d?s=96&d=mm&r=g\",\"contentUrl\":\"https:\\\/\\\/secure.gravatar.com\\\/avatar\\\/5e7ee62c82fc04d9dd79d746a390d93c69c43223e5faeeb3ea9461ef752bfc5d?s=96&d=mm&r=g\",\"caption\":\"diario3\"},\"url\":\"https:\\\/\\\/diariotextual.com\\\/inicio\\\/index.php\\\/author\\\/diario3\\\/\"}]}<\/script>\n<!-- \/ Yoast SEO plugin. -->","yoast_head_json":{"title":"Colectivo sanitario insiste en que se proh\u00edba el glifosato en La Pampa - Diario Textual","robots":{"index":"index","follow":"follow","max-snippet":"max-snippet:-1","max-image-preview":"max-image-preview:large","max-video-preview":"max-video-preview:-1"},"canonical":"https:\/\/diariotextual.com\/inicio\/index.php\/2019\/09\/26\/colectivo-sanitario-insiste-se-prohiba-glifosato-la-pampa\/","og_locale":"es_ES","og_type":"article","og_title":"Colectivo sanitario insiste en que se proh\u00edba el glifosato en La Pampa - Diario Textual","og_description":"El grupo \u201cLa Pampa Libre de Agrot\u00f3xicos\u201d inform\u00f3 este jueves que ha entregado una nota a cada uno de los bloques, de la C\u00e1mara de Diputados de la Provincia, solicitando&hellip;","og_url":"https:\/\/diariotextual.com\/inicio\/index.php\/2019\/09\/26\/colectivo-sanitario-insiste-se-prohiba-glifosato-la-pampa\/","og_site_name":"Diario Textual","article_publisher":"https:\/\/www.facebook.com\/eltextual","article_published_time":"2019-09-26T20:46:05+00:00","article_modified_time":"2019-09-26T23:08:47+00:00","og_image":[{"width":630,"height":375,"url":"https:\/\/diariotextual.com\/inicio\/wp-content\/uploads\/2018\/07\/glifosato-630.jpg","type":"image\/jpeg"}],"author":"diario3","twitter_card":"summary_large_image","twitter_creator":"@eltextual","twitter_site":"@eltextual","twitter_misc":{"Escrito por":"diario3","Tiempo de lectura":"1 minuto"},"schema":{"@context":"https:\/\/schema.org","@graph":[{"@type":"Article","@id":"https:\/\/diariotextual.com\/inicio\/index.php\/2019\/09\/26\/colectivo-sanitario-insiste-se-prohiba-glifosato-la-pampa\/#article","isPartOf":{"@id":"https:\/\/diariotextual.com\/inicio\/index.php\/2019\/09\/26\/colectivo-sanitario-insiste-se-prohiba-glifosato-la-pampa\/"},"author":{"name":"diario3","@id":"https:\/\/diariotextual.com\/inicio\/#\/schema\/person\/a1b6f563e0ee944c60f98119389a4d9f"},"headline":"Colectivo sanitario insiste en que se proh\u00edba el glifosato en La Pampa","datePublished":"2019-09-26T20:46:05+00:00","dateModified":"2019-09-26T23:08:47+00:00","mainEntityOfPage":{"@id":"https:\/\/diariotextual.com\/inicio\/index.php\/2019\/09\/26\/colectivo-sanitario-insiste-se-prohiba-glifosato-la-pampa\/"},"wordCount":214,"publisher":{"@id":"https:\/\/diariotextual.com\/inicio\/#organization"},"image":{"@id":"https:\/\/diariotextual.com\/inicio\/index.php\/2019\/09\/26\/colectivo-sanitario-insiste-se-prohiba-glifosato-la-pampa\/#primaryimage"},"thumbnailUrl":"https:\/\/diariotextual.com\/inicio\/wp-content\/uploads\/2018\/07\/glifosato-630.jpg","articleSection":["A - QUE PASA (al costado)","CAMPO"],"inLanguage":"es"},{"@type":"WebPage","@id":"https:\/\/diariotextual.com\/inicio\/index.php\/2019\/09\/26\/colectivo-sanitario-insiste-se-prohiba-glifosato-la-pampa\/","url":"https:\/\/diariotextual.com\/inicio\/index.php\/2019\/09\/26\/colectivo-sanitario-insiste-se-prohiba-glifosato-la-pampa\/","name":"Colectivo sanitario insiste en que se proh\u00edba el glifosato en La Pampa - Diario Textual","isPartOf":{"@id":"https:\/\/diariotextual.com\/inicio\/#website"},"primaryImageOfPage":{"@id":"https:\/\/diariotextual.com\/inicio\/index.php\/2019\/09\/26\/colectivo-sanitario-insiste-se-prohiba-glifosato-la-pampa\/#primaryimage"},"image":{"@id":"https:\/\/diariotextual.com\/inicio\/index.php\/2019\/09\/26\/colectivo-sanitario-insiste-se-prohiba-glifosato-la-pampa\/#primaryimage"},"thumbnailUrl":"https:\/\/diariotextual.com\/inicio\/wp-content\/uploads\/2018\/07\/glifosato-630.jpg","datePublished":"2019-09-26T20:46:05+00:00","dateModified":"2019-09-26T23:08:47+00:00","breadcrumb":{"@id":"https:\/\/diariotextual.com\/inicio\/index.php\/2019\/09\/26\/colectivo-sanitario-insiste-se-prohiba-glifosato-la-pampa\/#breadcrumb"},"inLanguage":"es","potentialAction":[{"@type":"ReadAction","target":["https:\/\/diariotextual.com\/inicio\/index.php\/2019\/09\/26\/colectivo-sanitario-insiste-se-prohiba-glifosato-la-pampa\/"]}]},{"@type":"ImageObject","inLanguage":"es","@id":"https:\/\/diariotextual.com\/inicio\/index.php\/2019\/09\/26\/colectivo-sanitario-insiste-se-prohiba-glifosato-la-pampa\/#primaryimage","url":"https:\/\/diariotextual.com\/inicio\/wp-content\/uploads\/2018\/07\/glifosato-630.jpg","contentUrl":"https:\/\/diariotextual.com\/inicio\/wp-content\/uploads\/2018\/07\/glifosato-630.jpg","width":630,"height":375},{"@type":"BreadcrumbList","@id":"https:\/\/diariotextual.com\/inicio\/index.php\/2019\/09\/26\/colectivo-sanitario-insiste-se-prohiba-glifosato-la-pampa\/#breadcrumb","itemListElement":[{"@type":"ListItem","position":1,"name":"Portada","item":"https:\/\/diariotextual.com\/inicio\/"},{"@type":"ListItem","position":2,"name":"Colectivo sanitario insiste en que se proh\u00edba el glifosato en La Pampa"}]},{"@type":"WebSite","@id":"https:\/\/diariotextual.com\/inicio\/#website","url":"https:\/\/diariotextual.com\/inicio\/","name":"Diario Textual","description":"","publisher":{"@id":"https:\/\/diariotextual.com\/inicio\/#organization"},"potentialAction":[{"@type":"SearchAction","target":{"@type":"EntryPoint","urlTemplate":"https:\/\/diariotextual.com\/inicio\/?s={search_term_string}"},"query-input":{"@type":"PropertyValueSpecification","valueRequired":true,"valueName":"search_term_string"}}],"inLanguage":"es"},{"@type":"Organization","@id":"https:\/\/diariotextual.com\/inicio\/#organization","name":"Diario Textual","url":"https:\/\/diariotextual.com\/inicio\/","logo":{"@type":"ImageObject","inLanguage":"es","@id":"https:\/\/diariotextual.com\/inicio\/#\/schema\/logo\/image\/","url":"https:\/\/diariotextual.com\/inicio\/wp-content\/uploads\/2023\/05\/logotextual1.jpg","contentUrl":"https:\/\/diariotextual.com\/inicio\/wp-content\/uploads\/2023\/05\/logotextual1.jpg","width":516,"height":76,"caption":"Diario Textual"},"image":{"@id":"https:\/\/diariotextual.com\/inicio\/#\/schema\/logo\/image\/"},"sameAs":["https:\/\/www.facebook.com\/eltextual","https:\/\/x.com\/eltextual","http:\/\/www.instagram.com\/eltextual"]},{"@type":"Person","@id":"https:\/\/diariotextual.com\/inicio\/#\/schema\/person\/a1b6f563e0ee944c60f98119389a4d9f","name":"diario3","image":{"@type":"ImageObject","inLanguage":"es","@id":"https:\/\/secure.gravatar.com\/avatar\/5e7ee62c82fc04d9dd79d746a390d93c69c43223e5faeeb3ea9461ef752bfc5d?s=96&d=mm&r=g","url":"https:\/\/secure.gravatar.com\/avatar\/5e7ee62c82fc04d9dd79d746a390d93c69c43223e5faeeb3ea9461ef752bfc5d?s=96&d=mm&r=g","contentUrl":"https:\/\/secure.gravatar.com\/avatar\/5e7ee62c82fc04d9dd79d746a390d93c69c43223e5faeeb3ea9461ef752bfc5d?s=96&d=mm&r=g","caption":"diario3"},"url":"https:\/\/diariotextual.com\/inicio\/index.php\/author\/diario3\/"}]}},"_links":{"self":[{"href":"https:\/\/diariotextual.com\/inicio\/index.php\/wp-json\/wp\/v2\/posts\/63952","targetHints":{"allow":["GET"]}}],"collection":[{"href":"https:\/\/diariotextual.com\/inicio\/index.php\/wp-json\/wp\/v2\/posts"}],"about":[{"href":"https:\/\/diariotextual.com\/inicio\/index.php\/wp-json\/wp\/v2\/types\/post"}],"author":[{"embeddable":true,"href":"https:\/\/diariotextual.com\/inicio\/index.php\/wp-json\/wp\/v2\/users\/5"}],"replies":[{"embeddable":true,"href":"https:\/\/diariotextual.com\/inicio\/index.php\/wp-json\/wp\/v2\/comments?post=63952"}],"version-history":[{"count":1,"href":"https:\/\/diariotextual.com\/inicio\/index.php\/wp-json\/wp\/v2\/posts\/63952\/revisions"}],"predecessor-version":[{"id":63954,"href":"https:\/\/diariotextual.com\/inicio\/index.php\/wp-json\/wp\/v2\/posts\/63952\/revisions\/63954"}],"wp:featuredmedia":[{"embeddable":true,"href":"https:\/\/diariotextual.com\/inicio\/index.php\/wp-json\/wp\/v2\/media\/12948"}],"wp:attachment":[{"href":"https:\/\/diariotextual.com\/inicio\/index.php\/wp-json\/wp\/v2\/media?parent=63952"}],"wp:term":[{"taxonomy":"category","embeddable":true,"href":"https:\/\/diariotextual.com\/inicio\/index.php\/wp-json\/wp\/v2\/categories?post=63952"},{"taxonomy":"post_tag","embeddable":true,"href":"https:\/\/diariotextual.com\/inicio\/index.php\/wp-json\/wp\/v2\/tags?post=63952"}],"curies":[{"name":"wp","href":"https:\/\/api.w.org\/{rel}","templated":true}]}}