{"id":63980,"date":"2019-09-27T08:24:39","date_gmt":"2019-09-27T11:24:39","guid":{"rendered":"http:\/\/diariotextual.com\/inicio\/?p=63980"},"modified":"2019-09-29T10:26:08","modified_gmt":"2019-09-29T13:26:08","slug":"pj-pampeano-se-larga-partir-del-27-octubre","status":"publish","type":"post","link":"https:\/\/diariotextual.com\/inicio\/index.php\/2019\/09\/27\/pj-pampeano-se-larga-partir-del-27-octubre\/","title":{"rendered":"PJ pampeano: todo se larga a partir del 27 de octubre"},"content":{"rendered":"<h3 class=\"x_MsoNormal\">Por Norberto G. Asquini<\/h3>\n<p class=\"x_MsoNormal\"><!--more--><\/p>\n<p>&nbsp;<\/p>\n<p class=\"x_MsoNormal\">La pol\u00edtica pampeana est\u00e1 en tiempo de espera hasta el 27 de octubre. Mientras tanto, en el oficialismo pampeano sus dirigentes se mueven entre el exceso de confianza por un resultado ya puesto y las expectativas a futuro. Pero si bien habr\u00e1 un nuevo escenario a partir del 10 de diciembre, los cambios no ser\u00e1n tan de fondo. El actor central, el due\u00f1o de la pelota, seguir\u00e1 siendo el mismo.<\/p>\n<p>&nbsp;<\/p>\n<p class=\"x_MsoNormal\"><strong>Nombres a la espera del 27<\/strong><\/p>\n<p class=\"x_MsoNormal\">El gobernador electo Sergio Ziliotto se ha tomado su tiempo para anunciar el gabinete. Es que le quedaron demasiados meses de sobra en la extensa transici\u00f3n que le toc\u00f3 entre el 19 de mayo en que gan\u00f3 las elecciones y el 10 de diciembre cuando tenga que asumir. Apenas confirm\u00f3 dos de sus ministros: uno central como el de Hacienda y otro que generaba expectativa por ser un ministerio con caracter\u00edsticas novedosas para La Pampa como el de Conectividad y Modernizaci\u00f3n.<\/p>\n<p class=\"x_MsoNormal\">Toda definici\u00f3n en ese sentido parece supeditada al d\u00eda despu\u00e9s de la elecci\u00f3n del 27 de octubre, cuando se confirme el triunfo de Fern\u00e1ndez-Fern\u00e1ndez, de acuerdo a todas las encuestas. Reci\u00e9n ah\u00ed empezar\u00e1 a conocerse el grueso de los nombres y el resto del organigrama. Esto no significa que ya muchos presionen por lugares, si bien los cargos m\u00e1s importantes ya tienen nombre y apellido. Mientras tanto hay funcionarios que se van despidiendo y otros que van cerrando temas, como el de Seguridad con leyes que se est\u00e1n enviando a Diputados para su aprobaci\u00f3n antes del cambio de mando.<\/p>\n<p>&nbsp;<\/p>\n<p class=\"x_MsoNormal\"><strong>Campa\u00f1a con piloto autom\u00e1tico<\/strong><\/p>\n<p class=\"x_MsoNormal\">El PJ est\u00e1 abocado de lleno al acto de cierre de la f\u00f3rmula FF en Santa Rosa. Esta circunstancia tambi\u00e9n estira los tiempos de definiciones. El 17 de octubre es la fecha. La Pampa, y sobre todo el peronismo pampeano, tendr\u00e1n una gran vidriera nacional para mostrarse y no se quiere dejar nada al azar. Se espera una gran concurrencia.<\/p>\n<p class=\"x_MsoNormal\">Este acto es el gran motivador en una campa\u00f1a que discurre sin mucha estridencia ya con los n\u00fameros puestos. Se ve poca actividad proselitista. La tienen los candidatos del PJ, sobretodo del lado de la kirchnerista Carmina Besga. Hern\u00e1n P\u00e9rez Araujo, ya con un lugar asegurado en el Congreso, no se muestra tanto como su compa\u00f1era. La idea de mostrar m\u00e1s a Besga es que ocurra el milagro y consiga los votos necesarios para ingresar a la C\u00e1mara de Diputados. En esa estrategia est\u00e1n los sectores K.<\/p>\n<p class=\"x_MsoNormal\">Del lado de Juntos por el Cambio, el ex Cambiemos, la estrategia de Mart\u00edn Berhongaray es no mostrarse. Ni declaraciones ni menciones al presidente Mauricio Macri. La estrategia del avestruz es que pase la campa\u00f1a con los menores contratiempos posibles, lleguen las elecciones y no pague ni antes ni despu\u00e9s el costo pol\u00edtico de acompa\u00f1ar en la boleta al macrismo. Un candidato sin campa\u00f1a con el piloto autom\u00e1tico puesto.<\/p>\n<p>&nbsp;<\/p>\n<p class=\"x_MsoNormal\"><strong>El due\u00f1o de la pelota<\/strong><\/p>\n<p class=\"x_MsoNormal\">Mientras tanto, y mientras no haya mayores novedades, los ojos est\u00e1n puestos en qu\u00e9 har\u00e1n los principales dirigentes que deber\u00e1n gobernar a partir del 10 de diciembre. Hay quienes tratan de analizar por lo bajo c\u00f3mo ser\u00e1 la relaci\u00f3n de ac\u00e1 a cuatro a\u00f1os entre el gobernador Ziliotto y los intendentes de Santa Rosa, Luciano di N\u00e1poli, y de General Pico, Fernanda Alonso. Los m\u00e1s arriesgados tejen hip\u00f3tesis de conflicto sobre una posible disputa del poder.<\/p>\n<p class=\"x_MsoNormal\">Hay un exceso de confianza en algunos dirigentes sobre lo que pueda ocurrir a futuro, y tambi\u00e9n la preocupaci\u00f3n por los l\u00edmites que les va a imponer la realidad. Para quienes gustan de pensar en complejas estrategias, hay dos cuestiones a tener en cuenta que limitan tambi\u00e9n cualquier an\u00e1lisis.<\/p>\n<p class=\"x_MsoNormal\">Por un lado, los nuevos gobernantes deber\u00e1n afrontar una gesti\u00f3n con recursos limitados y una econom\u00eda en crisis, con problem\u00e1ticas en las dos principales ciudades, y adem\u00e1s legitimarse en sus cargos. Por el otro, se puede hablar de internas futuras, pero la pol\u00edtica pampeana tiene su grado de previsibilidad. Las permanencias son m\u00e1s profundas que las transformaciones. M\u00e1s all\u00e1 del \u201ctrasvasamiento generacional\u201d, estar\u00e1 presente un actor que es central y que es el actual gobernador Carlos Verna. \u201cHan pasado tantos a los que se los jubil\u00f3 antes de tiempo y siempre estuvieron. Verna seguir\u00e1 presente en el pr\u00f3ximo esquema. El es el due\u00f1o de la pelota, la cancha, los arcos y tambi\u00e9n de los equipos y la hinchada. El pr\u00f3ximo escenario no puede prescindir de su figura, aunque pueda estar dos a\u00f1os sin un cargo institucional, que le da cierta estabilidad y ordena al peronismo\u201d, afirma un ministro consultado sobre el tema. Una definici\u00f3n de lo que vendr\u00e1 m\u00e1s all\u00e1 de cualquier especulaci\u00f3n.<\/p>\n<blockquote class=\"wp-embedded-content\" data-secret=\"vdpkCUpAha\"><p><a href=\"http:\/\/diariotextual.com\/inicio\/index.php\/2019\/09\/26\/la-carta-verna-los-pampeanos-las-elecciones-octubre\/\">La carta de Verna a los pampeanos por las elecciones de octubre<\/a><\/p><\/blockquote>\n<p><iframe class=\"wp-embedded-content\" sandbox=\"allow-scripts\" security=\"restricted\" style=\"position: absolute; clip: rect(1px, 1px, 1px, 1px);\" src=\"http:\/\/diariotextual.com\/inicio\/index.php\/2019\/09\/26\/la-carta-verna-los-pampeanos-las-elecciones-octubre\/embed\/#?secret=vdpkCUpAha\" data-secret=\"vdpkCUpAha\" width=\"600\" height=\"338\" title=\"&#171;La carta de Verna a los pampeanos por las elecciones de octubre&#187; &#8212; Diario Textual\" frameborder=\"0\" marginwidth=\"0\" marginheight=\"0\" scrolling=\"no\"><\/iframe><\/p>\n<p>&nbsp;<\/p>\n","protected":false},"excerpt":{"rendered":"<p>Por Norberto G. Asquini<\/p>\n","protected":false},"author":3,"featured_media":49983,"comment_status":"closed","ping_status":"open","sticky":false,"template":"","format":"standard","meta":{"_acf_changed":false,"footnotes":""},"categories":[319,8],"tags":[19,424],"class_list":["post-63980","post","type-post","status-publish","format-standard","has-post-thumbnail","hentry","category-a-temporales","category-politica","tag-verna","tag-ziliotto"],"acf":[],"yoast_head":"<!-- This site is optimized with the Yoast SEO plugin v27.5 - https:\/\/yoast.com\/product\/yoast-seo-wordpress\/ -->\n<title>PJ pampeano: todo se larga a partir del 27 de octubre - Diario Textual<\/title>\n<meta name=\"robots\" content=\"index, follow, max-snippet:-1, max-image-preview:large, max-video-preview:-1\" \/>\n<link rel=\"canonical\" href=\"https:\/\/diariotextual.com\/inicio\/index.php\/2019\/09\/27\/pj-pampeano-se-larga-partir-del-27-octubre\/\" \/>\n<meta property=\"og:locale\" content=\"es_ES\" \/>\n<meta property=\"og:type\" content=\"article\" \/>\n<meta property=\"og:title\" content=\"PJ pampeano: todo se larga a partir del 27 de octubre - Diario Textual\" \/>\n<meta property=\"og:description\" content=\"Por Norberto G. Asquini\" \/>\n<meta property=\"og:url\" content=\"https:\/\/diariotextual.com\/inicio\/index.php\/2019\/09\/27\/pj-pampeano-se-larga-partir-del-27-octubre\/\" \/>\n<meta property=\"og:site_name\" content=\"Diario Textual\" \/>\n<meta property=\"article:publisher\" content=\"https:\/\/www.facebook.com\/eltextual\" \/>\n<meta property=\"article:published_time\" content=\"2019-09-27T11:24:39+00:00\" \/>\n<meta property=\"article:modified_time\" content=\"2019-09-29T13:26:08+00:00\" \/>\n<meta property=\"og:image\" content=\"https:\/\/diariotextual.com\/inicio\/wp-content\/uploads\/2019\/05\/vernaziliotto2019-1001.jpg\" \/>\n\t<meta property=\"og:image:width\" content=\"1000\" \/>\n\t<meta property=\"og:image:height\" content=\"666\" \/>\n\t<meta property=\"og:image:type\" content=\"image\/jpeg\" \/>\n<meta name=\"author\" content=\"Diario1 Diario1\" \/>\n<meta name=\"twitter:card\" content=\"summary_large_image\" \/>\n<meta name=\"twitter:creator\" content=\"@eltextual\" \/>\n<meta name=\"twitter:site\" content=\"@eltextual\" \/>\n<meta name=\"twitter:label1\" content=\"Escrito por\" \/>\n\t<meta name=\"twitter:data1\" content=\"Diario1 Diario1\" \/>\n\t<meta name=\"twitter:label2\" content=\"Tiempo de lectura\" \/>\n\t<meta name=\"twitter:data2\" content=\"4 minutos\" \/>\n<script type=\"application\/ld+json\" class=\"yoast-schema-graph\">{\"@context\":\"https:\\\/\\\/schema.org\",\"@graph\":[{\"@type\":\"Article\",\"@id\":\"https:\\\/\\\/diariotextual.com\\\/inicio\\\/index.php\\\/2019\\\/09\\\/27\\\/pj-pampeano-se-larga-partir-del-27-octubre\\\/#article\",\"isPartOf\":{\"@id\":\"https:\\\/\\\/diariotextual.com\\\/inicio\\\/index.php\\\/2019\\\/09\\\/27\\\/pj-pampeano-se-larga-partir-del-27-octubre\\\/\"},\"author\":{\"name\":\"Diario1 Diario1\",\"@id\":\"https:\\\/\\\/diariotextual.com\\\/inicio\\\/#\\\/schema\\\/person\\\/418fc4093c33e86ed41562db3508f958\"},\"headline\":\"PJ pampeano: todo se larga a partir del 27 de octubre\",\"datePublished\":\"2019-09-27T11:24:39+00:00\",\"dateModified\":\"2019-09-29T13:26:08+00:00\",\"mainEntityOfPage\":{\"@id\":\"https:\\\/\\\/diariotextual.com\\\/inicio\\\/index.php\\\/2019\\\/09\\\/27\\\/pj-pampeano-se-larga-partir-del-27-octubre\\\/\"},\"wordCount\":854,\"publisher\":{\"@id\":\"https:\\\/\\\/diariotextual.com\\\/inicio\\\/#organization\"},\"image\":{\"@id\":\"https:\\\/\\\/diariotextual.com\\\/inicio\\\/index.php\\\/2019\\\/09\\\/27\\\/pj-pampeano-se-larga-partir-del-27-octubre\\\/#primaryimage\"},\"thumbnailUrl\":\"https:\\\/\\\/diariotextual.com\\\/inicio\\\/wp-content\\\/uploads\\\/2019\\\/05\\\/vernaziliotto2019-1001.jpg\",\"keywords\":[\"verna\",\"ziliotto\"],\"articleSection\":[\"A - TEMPORALES\",\"POLITICA\"],\"inLanguage\":\"es\"},{\"@type\":\"WebPage\",\"@id\":\"https:\\\/\\\/diariotextual.com\\\/inicio\\\/index.php\\\/2019\\\/09\\\/27\\\/pj-pampeano-se-larga-partir-del-27-octubre\\\/\",\"url\":\"https:\\\/\\\/diariotextual.com\\\/inicio\\\/index.php\\\/2019\\\/09\\\/27\\\/pj-pampeano-se-larga-partir-del-27-octubre\\\/\",\"name\":\"PJ pampeano: todo se larga a partir del 27 de octubre - Diario Textual\",\"isPartOf\":{\"@id\":\"https:\\\/\\\/diariotextual.com\\\/inicio\\\/#website\"},\"primaryImageOfPage\":{\"@id\":\"https:\\\/\\\/diariotextual.com\\\/inicio\\\/index.php\\\/2019\\\/09\\\/27\\\/pj-pampeano-se-larga-partir-del-27-octubre\\\/#primaryimage\"},\"image\":{\"@id\":\"https:\\\/\\\/diariotextual.com\\\/inicio\\\/index.php\\\/2019\\\/09\\\/27\\\/pj-pampeano-se-larga-partir-del-27-octubre\\\/#primaryimage\"},\"thumbnailUrl\":\"https:\\\/\\\/diariotextual.com\\\/inicio\\\/wp-content\\\/uploads\\\/2019\\\/05\\\/vernaziliotto2019-1001.jpg\",\"datePublished\":\"2019-09-27T11:24:39+00:00\",\"dateModified\":\"2019-09-29T13:26:08+00:00\",\"breadcrumb\":{\"@id\":\"https:\\\/\\\/diariotextual.com\\\/inicio\\\/index.php\\\/2019\\\/09\\\/27\\\/pj-pampeano-se-larga-partir-del-27-octubre\\\/#breadcrumb\"},\"inLanguage\":\"es\",\"potentialAction\":[{\"@type\":\"ReadAction\",\"target\":[\"https:\\\/\\\/diariotextual.com\\\/inicio\\\/index.php\\\/2019\\\/09\\\/27\\\/pj-pampeano-se-larga-partir-del-27-octubre\\\/\"]}]},{\"@type\":\"ImageObject\",\"inLanguage\":\"es\",\"@id\":\"https:\\\/\\\/diariotextual.com\\\/inicio\\\/index.php\\\/2019\\\/09\\\/27\\\/pj-pampeano-se-larga-partir-del-27-octubre\\\/#primaryimage\",\"url\":\"https:\\\/\\\/diariotextual.com\\\/inicio\\\/wp-content\\\/uploads\\\/2019\\\/05\\\/vernaziliotto2019-1001.jpg\",\"contentUrl\":\"https:\\\/\\\/diariotextual.com\\\/inicio\\\/wp-content\\\/uploads\\\/2019\\\/05\\\/vernaziliotto2019-1001.jpg\",\"width\":1000,\"height\":666},{\"@type\":\"BreadcrumbList\",\"@id\":\"https:\\\/\\\/diariotextual.com\\\/inicio\\\/index.php\\\/2019\\\/09\\\/27\\\/pj-pampeano-se-larga-partir-del-27-octubre\\\/#breadcrumb\",\"itemListElement\":[{\"@type\":\"ListItem\",\"position\":1,\"name\":\"Portada\",\"item\":\"https:\\\/\\\/diariotextual.com\\\/inicio\\\/\"},{\"@type\":\"ListItem\",\"position\":2,\"name\":\"PJ pampeano: todo se larga a partir del 27 de octubre\"}]},{\"@type\":\"WebSite\",\"@id\":\"https:\\\/\\\/diariotextual.com\\\/inicio\\\/#website\",\"url\":\"https:\\\/\\\/diariotextual.com\\\/inicio\\\/\",\"name\":\"Diario Textual\",\"description\":\"\",\"publisher\":{\"@id\":\"https:\\\/\\\/diariotextual.com\\\/inicio\\\/#organization\"},\"potentialAction\":[{\"@type\":\"SearchAction\",\"target\":{\"@type\":\"EntryPoint\",\"urlTemplate\":\"https:\\\/\\\/diariotextual.com\\\/inicio\\\/?s={search_term_string}\"},\"query-input\":{\"@type\":\"PropertyValueSpecification\",\"valueRequired\":true,\"valueName\":\"search_term_string\"}}],\"inLanguage\":\"es\"},{\"@type\":\"Organization\",\"@id\":\"https:\\\/\\\/diariotextual.com\\\/inicio\\\/#organization\",\"name\":\"Diario Textual\",\"url\":\"https:\\\/\\\/diariotextual.com\\\/inicio\\\/\",\"logo\":{\"@type\":\"ImageObject\",\"inLanguage\":\"es\",\"@id\":\"https:\\\/\\\/diariotextual.com\\\/inicio\\\/#\\\/schema\\\/logo\\\/image\\\/\",\"url\":\"https:\\\/\\\/diariotextual.com\\\/inicio\\\/wp-content\\\/uploads\\\/2023\\\/05\\\/logotextual1.jpg\",\"contentUrl\":\"https:\\\/\\\/diariotextual.com\\\/inicio\\\/wp-content\\\/uploads\\\/2023\\\/05\\\/logotextual1.jpg\",\"width\":516,\"height\":76,\"caption\":\"Diario Textual\"},\"image\":{\"@id\":\"https:\\\/\\\/diariotextual.com\\\/inicio\\\/#\\\/schema\\\/logo\\\/image\\\/\"},\"sameAs\":[\"https:\\\/\\\/www.facebook.com\\\/eltextual\",\"https:\\\/\\\/x.com\\\/eltextual\",\"http:\\\/\\\/www.instagram.com\\\/eltextual\"]},{\"@type\":\"Person\",\"@id\":\"https:\\\/\\\/diariotextual.com\\\/inicio\\\/#\\\/schema\\\/person\\\/418fc4093c33e86ed41562db3508f958\",\"name\":\"Diario1 Diario1\",\"image\":{\"@type\":\"ImageObject\",\"inLanguage\":\"es\",\"@id\":\"https:\\\/\\\/secure.gravatar.com\\\/avatar\\\/9167d280179c85bc18be67aa7eda765854300033af4896dd779b608640f2ef7a?s=96&d=mm&r=g\",\"url\":\"https:\\\/\\\/secure.gravatar.com\\\/avatar\\\/9167d280179c85bc18be67aa7eda765854300033af4896dd779b608640f2ef7a?s=96&d=mm&r=g\",\"contentUrl\":\"https:\\\/\\\/secure.gravatar.com\\\/avatar\\\/9167d280179c85bc18be67aa7eda765854300033af4896dd779b608640f2ef7a?s=96&d=mm&r=g\",\"caption\":\"Diario1 Diario1\"},\"url\":\"https:\\\/\\\/diariotextual.com\\\/inicio\\\/index.php\\\/author\\\/diario1\\\/\"}]}<\/script>\n<!-- \/ Yoast SEO plugin. -->","yoast_head_json":{"title":"PJ pampeano: todo se larga a partir del 27 de octubre - Diario Textual","robots":{"index":"index","follow":"follow","max-snippet":"max-snippet:-1","max-image-preview":"max-image-preview:large","max-video-preview":"max-video-preview:-1"},"canonical":"https:\/\/diariotextual.com\/inicio\/index.php\/2019\/09\/27\/pj-pampeano-se-larga-partir-del-27-octubre\/","og_locale":"es_ES","og_type":"article","og_title":"PJ pampeano: todo se larga a partir del 27 de octubre - Diario Textual","og_description":"Por Norberto G. Asquini","og_url":"https:\/\/diariotextual.com\/inicio\/index.php\/2019\/09\/27\/pj-pampeano-se-larga-partir-del-27-octubre\/","og_site_name":"Diario Textual","article_publisher":"https:\/\/www.facebook.com\/eltextual","article_published_time":"2019-09-27T11:24:39+00:00","article_modified_time":"2019-09-29T13:26:08+00:00","og_image":[{"width":1000,"height":666,"url":"https:\/\/diariotextual.com\/inicio\/wp-content\/uploads\/2019\/05\/vernaziliotto2019-1001.jpg","type":"image\/jpeg"}],"author":"Diario1 Diario1","twitter_card":"summary_large_image","twitter_creator":"@eltextual","twitter_site":"@eltextual","twitter_misc":{"Escrito por":"Diario1 Diario1","Tiempo de lectura":"4 minutos"},"schema":{"@context":"https:\/\/schema.org","@graph":[{"@type":"Article","@id":"https:\/\/diariotextual.com\/inicio\/index.php\/2019\/09\/27\/pj-pampeano-se-larga-partir-del-27-octubre\/#article","isPartOf":{"@id":"https:\/\/diariotextual.com\/inicio\/index.php\/2019\/09\/27\/pj-pampeano-se-larga-partir-del-27-octubre\/"},"author":{"name":"Diario1 Diario1","@id":"https:\/\/diariotextual.com\/inicio\/#\/schema\/person\/418fc4093c33e86ed41562db3508f958"},"headline":"PJ pampeano: todo se larga a partir del 27 de octubre","datePublished":"2019-09-27T11:24:39+00:00","dateModified":"2019-09-29T13:26:08+00:00","mainEntityOfPage":{"@id":"https:\/\/diariotextual.com\/inicio\/index.php\/2019\/09\/27\/pj-pampeano-se-larga-partir-del-27-octubre\/"},"wordCount":854,"publisher":{"@id":"https:\/\/diariotextual.com\/inicio\/#organization"},"image":{"@id":"https:\/\/diariotextual.com\/inicio\/index.php\/2019\/09\/27\/pj-pampeano-se-larga-partir-del-27-octubre\/#primaryimage"},"thumbnailUrl":"https:\/\/diariotextual.com\/inicio\/wp-content\/uploads\/2019\/05\/vernaziliotto2019-1001.jpg","keywords":["verna","ziliotto"],"articleSection":["A - TEMPORALES","POLITICA"],"inLanguage":"es"},{"@type":"WebPage","@id":"https:\/\/diariotextual.com\/inicio\/index.php\/2019\/09\/27\/pj-pampeano-se-larga-partir-del-27-octubre\/","url":"https:\/\/diariotextual.com\/inicio\/index.php\/2019\/09\/27\/pj-pampeano-se-larga-partir-del-27-octubre\/","name":"PJ pampeano: todo se larga a partir del 27 de octubre - Diario Textual","isPartOf":{"@id":"https:\/\/diariotextual.com\/inicio\/#website"},"primaryImageOfPage":{"@id":"https:\/\/diariotextual.com\/inicio\/index.php\/2019\/09\/27\/pj-pampeano-se-larga-partir-del-27-octubre\/#primaryimage"},"image":{"@id":"https:\/\/diariotextual.com\/inicio\/index.php\/2019\/09\/27\/pj-pampeano-se-larga-partir-del-27-octubre\/#primaryimage"},"thumbnailUrl":"https:\/\/diariotextual.com\/inicio\/wp-content\/uploads\/2019\/05\/vernaziliotto2019-1001.jpg","datePublished":"2019-09-27T11:24:39+00:00","dateModified":"2019-09-29T13:26:08+00:00","breadcrumb":{"@id":"https:\/\/diariotextual.com\/inicio\/index.php\/2019\/09\/27\/pj-pampeano-se-larga-partir-del-27-octubre\/#breadcrumb"},"inLanguage":"es","potentialAction":[{"@type":"ReadAction","target":["https:\/\/diariotextual.com\/inicio\/index.php\/2019\/09\/27\/pj-pampeano-se-larga-partir-del-27-octubre\/"]}]},{"@type":"ImageObject","inLanguage":"es","@id":"https:\/\/diariotextual.com\/inicio\/index.php\/2019\/09\/27\/pj-pampeano-se-larga-partir-del-27-octubre\/#primaryimage","url":"https:\/\/diariotextual.com\/inicio\/wp-content\/uploads\/2019\/05\/vernaziliotto2019-1001.jpg","contentUrl":"https:\/\/diariotextual.com\/inicio\/wp-content\/uploads\/2019\/05\/vernaziliotto2019-1001.jpg","width":1000,"height":666},{"@type":"BreadcrumbList","@id":"https:\/\/diariotextual.com\/inicio\/index.php\/2019\/09\/27\/pj-pampeano-se-larga-partir-del-27-octubre\/#breadcrumb","itemListElement":[{"@type":"ListItem","position":1,"name":"Portada","item":"https:\/\/diariotextual.com\/inicio\/"},{"@type":"ListItem","position":2,"name":"PJ pampeano: todo se larga a partir del 27 de octubre"}]},{"@type":"WebSite","@id":"https:\/\/diariotextual.com\/inicio\/#website","url":"https:\/\/diariotextual.com\/inicio\/","name":"Diario Textual","description":"","publisher":{"@id":"https:\/\/diariotextual.com\/inicio\/#organization"},"potentialAction":[{"@type":"SearchAction","target":{"@type":"EntryPoint","urlTemplate":"https:\/\/diariotextual.com\/inicio\/?s={search_term_string}"},"query-input":{"@type":"PropertyValueSpecification","valueRequired":true,"valueName":"search_term_string"}}],"inLanguage":"es"},{"@type":"Organization","@id":"https:\/\/diariotextual.com\/inicio\/#organization","name":"Diario Textual","url":"https:\/\/diariotextual.com\/inicio\/","logo":{"@type":"ImageObject","inLanguage":"es","@id":"https:\/\/diariotextual.com\/inicio\/#\/schema\/logo\/image\/","url":"https:\/\/diariotextual.com\/inicio\/wp-content\/uploads\/2023\/05\/logotextual1.jpg","contentUrl":"https:\/\/diariotextual.com\/inicio\/wp-content\/uploads\/2023\/05\/logotextual1.jpg","width":516,"height":76,"caption":"Diario Textual"},"image":{"@id":"https:\/\/diariotextual.com\/inicio\/#\/schema\/logo\/image\/"},"sameAs":["https:\/\/www.facebook.com\/eltextual","https:\/\/x.com\/eltextual","http:\/\/www.instagram.com\/eltextual"]},{"@type":"Person","@id":"https:\/\/diariotextual.com\/inicio\/#\/schema\/person\/418fc4093c33e86ed41562db3508f958","name":"Diario1 Diario1","image":{"@type":"ImageObject","inLanguage":"es","@id":"https:\/\/secure.gravatar.com\/avatar\/9167d280179c85bc18be67aa7eda765854300033af4896dd779b608640f2ef7a?s=96&d=mm&r=g","url":"https:\/\/secure.gravatar.com\/avatar\/9167d280179c85bc18be67aa7eda765854300033af4896dd779b608640f2ef7a?s=96&d=mm&r=g","contentUrl":"https:\/\/secure.gravatar.com\/avatar\/9167d280179c85bc18be67aa7eda765854300033af4896dd779b608640f2ef7a?s=96&d=mm&r=g","caption":"Diario1 Diario1"},"url":"https:\/\/diariotextual.com\/inicio\/index.php\/author\/diario1\/"}]}},"_links":{"self":[{"href":"https:\/\/diariotextual.com\/inicio\/index.php\/wp-json\/wp\/v2\/posts\/63980","targetHints":{"allow":["GET"]}}],"collection":[{"href":"https:\/\/diariotextual.com\/inicio\/index.php\/wp-json\/wp\/v2\/posts"}],"about":[{"href":"https:\/\/diariotextual.com\/inicio\/index.php\/wp-json\/wp\/v2\/types\/post"}],"author":[{"embeddable":true,"href":"https:\/\/diariotextual.com\/inicio\/index.php\/wp-json\/wp\/v2\/users\/3"}],"replies":[{"embeddable":true,"href":"https:\/\/diariotextual.com\/inicio\/index.php\/wp-json\/wp\/v2\/comments?post=63980"}],"version-history":[{"count":2,"href":"https:\/\/diariotextual.com\/inicio\/index.php\/wp-json\/wp\/v2\/posts\/63980\/revisions"}],"predecessor-version":[{"id":63986,"href":"https:\/\/diariotextual.com\/inicio\/index.php\/wp-json\/wp\/v2\/posts\/63980\/revisions\/63986"}],"wp:featuredmedia":[{"embeddable":true,"href":"https:\/\/diariotextual.com\/inicio\/index.php\/wp-json\/wp\/v2\/media\/49983"}],"wp:attachment":[{"href":"https:\/\/diariotextual.com\/inicio\/index.php\/wp-json\/wp\/v2\/media?parent=63980"}],"wp:term":[{"taxonomy":"category","embeddable":true,"href":"https:\/\/diariotextual.com\/inicio\/index.php\/wp-json\/wp\/v2\/categories?post=63980"},{"taxonomy":"post_tag","embeddable":true,"href":"https:\/\/diariotextual.com\/inicio\/index.php\/wp-json\/wp\/v2\/tags?post=63980"}],"curies":[{"name":"wp","href":"https:\/\/api.w.org\/{rel}","templated":true}]}}