{"id":64007,"date":"2019-09-27T11:02:57","date_gmt":"2019-09-27T14:02:57","guid":{"rendered":"http:\/\/diariotextual.com\/inicio\/?p=64007"},"modified":"2019-09-27T16:58:54","modified_gmt":"2019-09-27T19:58:54","slug":"ipav-desadjudico-casas-quemu-santa-rosa-advirtio-cane-pico-monte-nievas","status":"publish","type":"post","link":"https:\/\/diariotextual.com\/inicio\/index.php\/2019\/09\/27\/ipav-desadjudico-casas-quemu-santa-rosa-advirtio-cane-pico-monte-nievas\/","title":{"rendered":"El Ipav desadjudic\u00f3 casas en Quem\u00fa y Santa Rosa y advirti\u00f3 en Can\u00e9, Pico y Monte Nievas"},"content":{"rendered":"<p>El <strong>Instituto Provincial Aut\u00e1rquico de Viviendas (Ipav)<\/strong>, en una serie de resoluciones, <strong>desadjudic\u00f3 tres casas en Santa Rosa y una en Quem\u00fa<\/strong>. Adem\u00e1s, <strong>advirti\u00f3 a beneficiarios de Pico, Monte Nievas, Can\u00e9 y la capital que podr\u00eda tomar la misma determinaci\u00f3n si no pagan las cuotas y no habitan las viviendas<\/strong>.<\/p>\n<p>Hace unos d\u00edas, hab\u00eda advertido a cuatro adjudicatarios de casas en Bernasconi y Abramo. Ahora fue por m\u00e1s.<\/p>\n<p>En principio, seg\u00fan las resoluciones a las que accedi\u00f3 <strong>Diario Textual<\/strong>, el Ipav<strong> ya le retir\u00f3 la adjudicaci\u00f3n de tres casas a familias de Santa Rosa<\/strong>: se trata de unidades del Plan Federal de Vivienda, de la segunda etapa del Plan 3000 y del Plan Federal Techo Digno 2015. Adem\u00e1s,<strong> le retir\u00f3 la casa a un hombre en Quem\u00fa<\/strong>, del Fonavi\u00a0XXXII.<\/p>\n<p>En tanto, les envi\u00f3 notificaciones a otros adjudicatarios. Por ejemplo, <strong>una mujer que tiene una casa del Plan Federal en Pico adeuda 140 cuotas<\/strong>. Si no paga, el instituto ya le avis\u00f3 que le retirar\u00e1 la tenencia precaria.<\/p>\n<p>El Ipav, a su vez, reclam\u00f3 por una casa en Monte Nievas. Seg\u00fan dijo el Ipav, la mujer adjudicataria \u201cno habita en forma permanente y efectiva\u201d y adeuda 30 cuotas. Es otra que debe regularizar su situaci\u00f3n.<\/p>\n<p>Tambi\u00e9n hay reclamos a herederos de dos adjudicatarias: una en Santa Rosa y otra en Can\u00e9. Adeudan cuotas y no ocupan las casas.<\/p>\n<p>&nbsp;<\/p>\n<p>&nbsp;<\/p>\n<p>&nbsp;<\/p>\n","protected":false},"excerpt":{"rendered":"<p>El Instituto Provincial Aut\u00e1rquico de Viviendas (Ipav), en una serie de resoluciones, desadjudic\u00f3 tres casas en Santa Rosa y una en Quem\u00fa. Adem\u00e1s, advirti\u00f3 a beneficiarios de Pico, Monte Nievas,&hellip;<\/p>\n","protected":false},"author":3,"featured_media":44007,"comment_status":"closed","ping_status":"open","sticky":false,"template":"","format":"standard","meta":{"_acf_changed":false,"footnotes":""},"categories":[11,319,12],"tags":[],"class_list":["post-64007","post","type-post","status-publish","format-standard","has-post-thumbnail","hentry","category-que-pasa","category-a-temporales","category-sociedad"],"acf":[],"yoast_head":"<!-- This site is optimized with the Yoast SEO plugin v27.5 - https:\/\/yoast.com\/product\/yoast-seo-wordpress\/ -->\n<title>El Ipav desadjudic\u00f3 casas en Quem\u00fa y Santa Rosa y advirti\u00f3 en Can\u00e9, Pico y Monte Nievas - Diario Textual<\/title>\n<meta name=\"robots\" content=\"index, follow, max-snippet:-1, max-image-preview:large, max-video-preview:-1\" \/>\n<link rel=\"canonical\" href=\"https:\/\/diariotextual.com\/inicio\/index.php\/2019\/09\/27\/ipav-desadjudico-casas-quemu-santa-rosa-advirtio-cane-pico-monte-nievas\/\" \/>\n<meta property=\"og:locale\" content=\"es_ES\" \/>\n<meta property=\"og:type\" content=\"article\" \/>\n<meta property=\"og:title\" content=\"El Ipav desadjudic\u00f3 casas en Quem\u00fa y Santa Rosa y advirti\u00f3 en Can\u00e9, Pico y Monte Nievas - Diario Textual\" \/>\n<meta property=\"og:description\" content=\"El Instituto Provincial Aut\u00e1rquico de Viviendas (Ipav), en una serie de resoluciones, desadjudic\u00f3 tres casas en Santa Rosa y una en Quem\u00fa. Adem\u00e1s, advirti\u00f3 a beneficiarios de Pico, Monte Nievas,&hellip;\" \/>\n<meta property=\"og:url\" content=\"https:\/\/diariotextual.com\/inicio\/index.php\/2019\/09\/27\/ipav-desadjudico-casas-quemu-santa-rosa-advirtio-cane-pico-monte-nievas\/\" \/>\n<meta property=\"og:site_name\" content=\"Diario Textual\" \/>\n<meta property=\"article:publisher\" content=\"https:\/\/www.facebook.com\/eltextual\" \/>\n<meta property=\"article:published_time\" content=\"2019-09-27T14:02:57+00:00\" \/>\n<meta property=\"article:modified_time\" content=\"2019-09-27T19:58:54+00:00\" \/>\n<meta property=\"og:image\" content=\"https:\/\/diariotextual.com\/inicio\/wp-content\/uploads\/2019\/04\/casas1009santarosa2019-1.jpg\" \/>\n\t<meta property=\"og:image:width\" content=\"1743\" \/>\n\t<meta property=\"og:image:height\" content=\"1188\" \/>\n\t<meta property=\"og:image:type\" content=\"image\/jpeg\" \/>\n<meta name=\"author\" content=\"Diario1 Diario1\" \/>\n<meta name=\"twitter:card\" content=\"summary_large_image\" \/>\n<meta name=\"twitter:creator\" content=\"@eltextual\" \/>\n<meta name=\"twitter:site\" content=\"@eltextual\" \/>\n<meta name=\"twitter:label1\" content=\"Escrito por\" \/>\n\t<meta name=\"twitter:data1\" content=\"Diario1 Diario1\" \/>\n\t<meta name=\"twitter:label2\" content=\"Tiempo de lectura\" \/>\n\t<meta name=\"twitter:data2\" content=\"1 minuto\" \/>\n<script type=\"application\/ld+json\" class=\"yoast-schema-graph\">{\"@context\":\"https:\\\/\\\/schema.org\",\"@graph\":[{\"@type\":\"Article\",\"@id\":\"https:\\\/\\\/diariotextual.com\\\/inicio\\\/index.php\\\/2019\\\/09\\\/27\\\/ipav-desadjudico-casas-quemu-santa-rosa-advirtio-cane-pico-monte-nievas\\\/#article\",\"isPartOf\":{\"@id\":\"https:\\\/\\\/diariotextual.com\\\/inicio\\\/index.php\\\/2019\\\/09\\\/27\\\/ipav-desadjudico-casas-quemu-santa-rosa-advirtio-cane-pico-monte-nievas\\\/\"},\"author\":{\"name\":\"Diario1 Diario1\",\"@id\":\"https:\\\/\\\/diariotextual.com\\\/inicio\\\/#\\\/schema\\\/person\\\/418fc4093c33e86ed41562db3508f958\"},\"headline\":\"El Ipav desadjudic\u00f3 casas en Quem\u00fa y Santa Rosa y advirti\u00f3 en Can\u00e9, Pico y Monte Nievas\",\"datePublished\":\"2019-09-27T14:02:57+00:00\",\"dateModified\":\"2019-09-27T19:58:54+00:00\",\"mainEntityOfPage\":{\"@id\":\"https:\\\/\\\/diariotextual.com\\\/inicio\\\/index.php\\\/2019\\\/09\\\/27\\\/ipav-desadjudico-casas-quemu-santa-rosa-advirtio-cane-pico-monte-nievas\\\/\"},\"wordCount\":257,\"publisher\":{\"@id\":\"https:\\\/\\\/diariotextual.com\\\/inicio\\\/#organization\"},\"image\":{\"@id\":\"https:\\\/\\\/diariotextual.com\\\/inicio\\\/index.php\\\/2019\\\/09\\\/27\\\/ipav-desadjudico-casas-quemu-santa-rosa-advirtio-cane-pico-monte-nievas\\\/#primaryimage\"},\"thumbnailUrl\":\"https:\\\/\\\/diariotextual.com\\\/inicio\\\/wp-content\\\/uploads\\\/2019\\\/04\\\/casas1009santarosa2019-1.jpg\",\"articleSection\":[\"A - QUE PASA (al costado)\",\"A - TEMPORALES\",\"SOCIEDAD\"],\"inLanguage\":\"es\"},{\"@type\":\"WebPage\",\"@id\":\"https:\\\/\\\/diariotextual.com\\\/inicio\\\/index.php\\\/2019\\\/09\\\/27\\\/ipav-desadjudico-casas-quemu-santa-rosa-advirtio-cane-pico-monte-nievas\\\/\",\"url\":\"https:\\\/\\\/diariotextual.com\\\/inicio\\\/index.php\\\/2019\\\/09\\\/27\\\/ipav-desadjudico-casas-quemu-santa-rosa-advirtio-cane-pico-monte-nievas\\\/\",\"name\":\"El Ipav desadjudic\u00f3 casas en Quem\u00fa y Santa Rosa y advirti\u00f3 en Can\u00e9, Pico y Monte Nievas - Diario Textual\",\"isPartOf\":{\"@id\":\"https:\\\/\\\/diariotextual.com\\\/inicio\\\/#website\"},\"primaryImageOfPage\":{\"@id\":\"https:\\\/\\\/diariotextual.com\\\/inicio\\\/index.php\\\/2019\\\/09\\\/27\\\/ipav-desadjudico-casas-quemu-santa-rosa-advirtio-cane-pico-monte-nievas\\\/#primaryimage\"},\"image\":{\"@id\":\"https:\\\/\\\/diariotextual.com\\\/inicio\\\/index.php\\\/2019\\\/09\\\/27\\\/ipav-desadjudico-casas-quemu-santa-rosa-advirtio-cane-pico-monte-nievas\\\/#primaryimage\"},\"thumbnailUrl\":\"https:\\\/\\\/diariotextual.com\\\/inicio\\\/wp-content\\\/uploads\\\/2019\\\/04\\\/casas1009santarosa2019-1.jpg\",\"datePublished\":\"2019-09-27T14:02:57+00:00\",\"dateModified\":\"2019-09-27T19:58:54+00:00\",\"breadcrumb\":{\"@id\":\"https:\\\/\\\/diariotextual.com\\\/inicio\\\/index.php\\\/2019\\\/09\\\/27\\\/ipav-desadjudico-casas-quemu-santa-rosa-advirtio-cane-pico-monte-nievas\\\/#breadcrumb\"},\"inLanguage\":\"es\",\"potentialAction\":[{\"@type\":\"ReadAction\",\"target\":[\"https:\\\/\\\/diariotextual.com\\\/inicio\\\/index.php\\\/2019\\\/09\\\/27\\\/ipav-desadjudico-casas-quemu-santa-rosa-advirtio-cane-pico-monte-nievas\\\/\"]}]},{\"@type\":\"ImageObject\",\"inLanguage\":\"es\",\"@id\":\"https:\\\/\\\/diariotextual.com\\\/inicio\\\/index.php\\\/2019\\\/09\\\/27\\\/ipav-desadjudico-casas-quemu-santa-rosa-advirtio-cane-pico-monte-nievas\\\/#primaryimage\",\"url\":\"https:\\\/\\\/diariotextual.com\\\/inicio\\\/wp-content\\\/uploads\\\/2019\\\/04\\\/casas1009santarosa2019-1.jpg\",\"contentUrl\":\"https:\\\/\\\/diariotextual.com\\\/inicio\\\/wp-content\\\/uploads\\\/2019\\\/04\\\/casas1009santarosa2019-1.jpg\",\"width\":1743,\"height\":1188},{\"@type\":\"BreadcrumbList\",\"@id\":\"https:\\\/\\\/diariotextual.com\\\/inicio\\\/index.php\\\/2019\\\/09\\\/27\\\/ipav-desadjudico-casas-quemu-santa-rosa-advirtio-cane-pico-monte-nievas\\\/#breadcrumb\",\"itemListElement\":[{\"@type\":\"ListItem\",\"position\":1,\"name\":\"Portada\",\"item\":\"https:\\\/\\\/diariotextual.com\\\/inicio\\\/\"},{\"@type\":\"ListItem\",\"position\":2,\"name\":\"El Ipav desadjudic\u00f3 casas en Quem\u00fa y Santa Rosa y advirti\u00f3 en Can\u00e9, Pico y Monte Nievas\"}]},{\"@type\":\"WebSite\",\"@id\":\"https:\\\/\\\/diariotextual.com\\\/inicio\\\/#website\",\"url\":\"https:\\\/\\\/diariotextual.com\\\/inicio\\\/\",\"name\":\"Diario Textual\",\"description\":\"\",\"publisher\":{\"@id\":\"https:\\\/\\\/diariotextual.com\\\/inicio\\\/#organization\"},\"potentialAction\":[{\"@type\":\"SearchAction\",\"target\":{\"@type\":\"EntryPoint\",\"urlTemplate\":\"https:\\\/\\\/diariotextual.com\\\/inicio\\\/?s={search_term_string}\"},\"query-input\":{\"@type\":\"PropertyValueSpecification\",\"valueRequired\":true,\"valueName\":\"search_term_string\"}}],\"inLanguage\":\"es\"},{\"@type\":\"Organization\",\"@id\":\"https:\\\/\\\/diariotextual.com\\\/inicio\\\/#organization\",\"name\":\"Diario Textual\",\"url\":\"https:\\\/\\\/diariotextual.com\\\/inicio\\\/\",\"logo\":{\"@type\":\"ImageObject\",\"inLanguage\":\"es\",\"@id\":\"https:\\\/\\\/diariotextual.com\\\/inicio\\\/#\\\/schema\\\/logo\\\/image\\\/\",\"url\":\"https:\\\/\\\/diariotextual.com\\\/inicio\\\/wp-content\\\/uploads\\\/2023\\\/05\\\/logotextual1.jpg\",\"contentUrl\":\"https:\\\/\\\/diariotextual.com\\\/inicio\\\/wp-content\\\/uploads\\\/2023\\\/05\\\/logotextual1.jpg\",\"width\":516,\"height\":76,\"caption\":\"Diario Textual\"},\"image\":{\"@id\":\"https:\\\/\\\/diariotextual.com\\\/inicio\\\/#\\\/schema\\\/logo\\\/image\\\/\"},\"sameAs\":[\"https:\\\/\\\/www.facebook.com\\\/eltextual\",\"https:\\\/\\\/x.com\\\/eltextual\",\"http:\\\/\\\/www.instagram.com\\\/eltextual\"]},{\"@type\":\"Person\",\"@id\":\"https:\\\/\\\/diariotextual.com\\\/inicio\\\/#\\\/schema\\\/person\\\/418fc4093c33e86ed41562db3508f958\",\"name\":\"Diario1 Diario1\",\"image\":{\"@type\":\"ImageObject\",\"inLanguage\":\"es\",\"@id\":\"https:\\\/\\\/secure.gravatar.com\\\/avatar\\\/9167d280179c85bc18be67aa7eda765854300033af4896dd779b608640f2ef7a?s=96&d=mm&r=g\",\"url\":\"https:\\\/\\\/secure.gravatar.com\\\/avatar\\\/9167d280179c85bc18be67aa7eda765854300033af4896dd779b608640f2ef7a?s=96&d=mm&r=g\",\"contentUrl\":\"https:\\\/\\\/secure.gravatar.com\\\/avatar\\\/9167d280179c85bc18be67aa7eda765854300033af4896dd779b608640f2ef7a?s=96&d=mm&r=g\",\"caption\":\"Diario1 Diario1\"},\"url\":\"https:\\\/\\\/diariotextual.com\\\/inicio\\\/index.php\\\/author\\\/diario1\\\/\"}]}<\/script>\n<!-- \/ Yoast SEO plugin. -->","yoast_head_json":{"title":"El Ipav desadjudic\u00f3 casas en Quem\u00fa y Santa Rosa y advirti\u00f3 en Can\u00e9, Pico y Monte Nievas - Diario Textual","robots":{"index":"index","follow":"follow","max-snippet":"max-snippet:-1","max-image-preview":"max-image-preview:large","max-video-preview":"max-video-preview:-1"},"canonical":"https:\/\/diariotextual.com\/inicio\/index.php\/2019\/09\/27\/ipav-desadjudico-casas-quemu-santa-rosa-advirtio-cane-pico-monte-nievas\/","og_locale":"es_ES","og_type":"article","og_title":"El Ipav desadjudic\u00f3 casas en Quem\u00fa y Santa Rosa y advirti\u00f3 en Can\u00e9, Pico y Monte Nievas - Diario Textual","og_description":"El Instituto Provincial Aut\u00e1rquico de Viviendas (Ipav), en una serie de resoluciones, desadjudic\u00f3 tres casas en Santa Rosa y una en Quem\u00fa. Adem\u00e1s, advirti\u00f3 a beneficiarios de Pico, Monte Nievas,&hellip;","og_url":"https:\/\/diariotextual.com\/inicio\/index.php\/2019\/09\/27\/ipav-desadjudico-casas-quemu-santa-rosa-advirtio-cane-pico-monte-nievas\/","og_site_name":"Diario Textual","article_publisher":"https:\/\/www.facebook.com\/eltextual","article_published_time":"2019-09-27T14:02:57+00:00","article_modified_time":"2019-09-27T19:58:54+00:00","og_image":[{"width":1743,"height":1188,"url":"https:\/\/diariotextual.com\/inicio\/wp-content\/uploads\/2019\/04\/casas1009santarosa2019-1.jpg","type":"image\/jpeg"}],"author":"Diario1 Diario1","twitter_card":"summary_large_image","twitter_creator":"@eltextual","twitter_site":"@eltextual","twitter_misc":{"Escrito por":"Diario1 Diario1","Tiempo de lectura":"1 minuto"},"schema":{"@context":"https:\/\/schema.org","@graph":[{"@type":"Article","@id":"https:\/\/diariotextual.com\/inicio\/index.php\/2019\/09\/27\/ipav-desadjudico-casas-quemu-santa-rosa-advirtio-cane-pico-monte-nievas\/#article","isPartOf":{"@id":"https:\/\/diariotextual.com\/inicio\/index.php\/2019\/09\/27\/ipav-desadjudico-casas-quemu-santa-rosa-advirtio-cane-pico-monte-nievas\/"},"author":{"name":"Diario1 Diario1","@id":"https:\/\/diariotextual.com\/inicio\/#\/schema\/person\/418fc4093c33e86ed41562db3508f958"},"headline":"El Ipav desadjudic\u00f3 casas en Quem\u00fa y Santa Rosa y advirti\u00f3 en Can\u00e9, Pico y Monte Nievas","datePublished":"2019-09-27T14:02:57+00:00","dateModified":"2019-09-27T19:58:54+00:00","mainEntityOfPage":{"@id":"https:\/\/diariotextual.com\/inicio\/index.php\/2019\/09\/27\/ipav-desadjudico-casas-quemu-santa-rosa-advirtio-cane-pico-monte-nievas\/"},"wordCount":257,"publisher":{"@id":"https:\/\/diariotextual.com\/inicio\/#organization"},"image":{"@id":"https:\/\/diariotextual.com\/inicio\/index.php\/2019\/09\/27\/ipav-desadjudico-casas-quemu-santa-rosa-advirtio-cane-pico-monte-nievas\/#primaryimage"},"thumbnailUrl":"https:\/\/diariotextual.com\/inicio\/wp-content\/uploads\/2019\/04\/casas1009santarosa2019-1.jpg","articleSection":["A - QUE PASA (al costado)","A - TEMPORALES","SOCIEDAD"],"inLanguage":"es"},{"@type":"WebPage","@id":"https:\/\/diariotextual.com\/inicio\/index.php\/2019\/09\/27\/ipav-desadjudico-casas-quemu-santa-rosa-advirtio-cane-pico-monte-nievas\/","url":"https:\/\/diariotextual.com\/inicio\/index.php\/2019\/09\/27\/ipav-desadjudico-casas-quemu-santa-rosa-advirtio-cane-pico-monte-nievas\/","name":"El Ipav desadjudic\u00f3 casas en Quem\u00fa y Santa Rosa y advirti\u00f3 en Can\u00e9, Pico y Monte Nievas - Diario Textual","isPartOf":{"@id":"https:\/\/diariotextual.com\/inicio\/#website"},"primaryImageOfPage":{"@id":"https:\/\/diariotextual.com\/inicio\/index.php\/2019\/09\/27\/ipav-desadjudico-casas-quemu-santa-rosa-advirtio-cane-pico-monte-nievas\/#primaryimage"},"image":{"@id":"https:\/\/diariotextual.com\/inicio\/index.php\/2019\/09\/27\/ipav-desadjudico-casas-quemu-santa-rosa-advirtio-cane-pico-monte-nievas\/#primaryimage"},"thumbnailUrl":"https:\/\/diariotextual.com\/inicio\/wp-content\/uploads\/2019\/04\/casas1009santarosa2019-1.jpg","datePublished":"2019-09-27T14:02:57+00:00","dateModified":"2019-09-27T19:58:54+00:00","breadcrumb":{"@id":"https:\/\/diariotextual.com\/inicio\/index.php\/2019\/09\/27\/ipav-desadjudico-casas-quemu-santa-rosa-advirtio-cane-pico-monte-nievas\/#breadcrumb"},"inLanguage":"es","potentialAction":[{"@type":"ReadAction","target":["https:\/\/diariotextual.com\/inicio\/index.php\/2019\/09\/27\/ipav-desadjudico-casas-quemu-santa-rosa-advirtio-cane-pico-monte-nievas\/"]}]},{"@type":"ImageObject","inLanguage":"es","@id":"https:\/\/diariotextual.com\/inicio\/index.php\/2019\/09\/27\/ipav-desadjudico-casas-quemu-santa-rosa-advirtio-cane-pico-monte-nievas\/#primaryimage","url":"https:\/\/diariotextual.com\/inicio\/wp-content\/uploads\/2019\/04\/casas1009santarosa2019-1.jpg","contentUrl":"https:\/\/diariotextual.com\/inicio\/wp-content\/uploads\/2019\/04\/casas1009santarosa2019-1.jpg","width":1743,"height":1188},{"@type":"BreadcrumbList","@id":"https:\/\/diariotextual.com\/inicio\/index.php\/2019\/09\/27\/ipav-desadjudico-casas-quemu-santa-rosa-advirtio-cane-pico-monte-nievas\/#breadcrumb","itemListElement":[{"@type":"ListItem","position":1,"name":"Portada","item":"https:\/\/diariotextual.com\/inicio\/"},{"@type":"ListItem","position":2,"name":"El Ipav desadjudic\u00f3 casas en Quem\u00fa y Santa Rosa y advirti\u00f3 en Can\u00e9, Pico y Monte Nievas"}]},{"@type":"WebSite","@id":"https:\/\/diariotextual.com\/inicio\/#website","url":"https:\/\/diariotextual.com\/inicio\/","name":"Diario Textual","description":"","publisher":{"@id":"https:\/\/diariotextual.com\/inicio\/#organization"},"potentialAction":[{"@type":"SearchAction","target":{"@type":"EntryPoint","urlTemplate":"https:\/\/diariotextual.com\/inicio\/?s={search_term_string}"},"query-input":{"@type":"PropertyValueSpecification","valueRequired":true,"valueName":"search_term_string"}}],"inLanguage":"es"},{"@type":"Organization","@id":"https:\/\/diariotextual.com\/inicio\/#organization","name":"Diario Textual","url":"https:\/\/diariotextual.com\/inicio\/","logo":{"@type":"ImageObject","inLanguage":"es","@id":"https:\/\/diariotextual.com\/inicio\/#\/schema\/logo\/image\/","url":"https:\/\/diariotextual.com\/inicio\/wp-content\/uploads\/2023\/05\/logotextual1.jpg","contentUrl":"https:\/\/diariotextual.com\/inicio\/wp-content\/uploads\/2023\/05\/logotextual1.jpg","width":516,"height":76,"caption":"Diario Textual"},"image":{"@id":"https:\/\/diariotextual.com\/inicio\/#\/schema\/logo\/image\/"},"sameAs":["https:\/\/www.facebook.com\/eltextual","https:\/\/x.com\/eltextual","http:\/\/www.instagram.com\/eltextual"]},{"@type":"Person","@id":"https:\/\/diariotextual.com\/inicio\/#\/schema\/person\/418fc4093c33e86ed41562db3508f958","name":"Diario1 Diario1","image":{"@type":"ImageObject","inLanguage":"es","@id":"https:\/\/secure.gravatar.com\/avatar\/9167d280179c85bc18be67aa7eda765854300033af4896dd779b608640f2ef7a?s=96&d=mm&r=g","url":"https:\/\/secure.gravatar.com\/avatar\/9167d280179c85bc18be67aa7eda765854300033af4896dd779b608640f2ef7a?s=96&d=mm&r=g","contentUrl":"https:\/\/secure.gravatar.com\/avatar\/9167d280179c85bc18be67aa7eda765854300033af4896dd779b608640f2ef7a?s=96&d=mm&r=g","caption":"Diario1 Diario1"},"url":"https:\/\/diariotextual.com\/inicio\/index.php\/author\/diario1\/"}]}},"_links":{"self":[{"href":"https:\/\/diariotextual.com\/inicio\/index.php\/wp-json\/wp\/v2\/posts\/64007","targetHints":{"allow":["GET"]}}],"collection":[{"href":"https:\/\/diariotextual.com\/inicio\/index.php\/wp-json\/wp\/v2\/posts"}],"about":[{"href":"https:\/\/diariotextual.com\/inicio\/index.php\/wp-json\/wp\/v2\/types\/post"}],"author":[{"embeddable":true,"href":"https:\/\/diariotextual.com\/inicio\/index.php\/wp-json\/wp\/v2\/users\/3"}],"replies":[{"embeddable":true,"href":"https:\/\/diariotextual.com\/inicio\/index.php\/wp-json\/wp\/v2\/comments?post=64007"}],"version-history":[{"count":6,"href":"https:\/\/diariotextual.com\/inicio\/index.php\/wp-json\/wp\/v2\/posts\/64007\/revisions"}],"predecessor-version":[{"id":64015,"href":"https:\/\/diariotextual.com\/inicio\/index.php\/wp-json\/wp\/v2\/posts\/64007\/revisions\/64015"}],"wp:featuredmedia":[{"embeddable":true,"href":"https:\/\/diariotextual.com\/inicio\/index.php\/wp-json\/wp\/v2\/media\/44007"}],"wp:attachment":[{"href":"https:\/\/diariotextual.com\/inicio\/index.php\/wp-json\/wp\/v2\/media?parent=64007"}],"wp:term":[{"taxonomy":"category","embeddable":true,"href":"https:\/\/diariotextual.com\/inicio\/index.php\/wp-json\/wp\/v2\/categories?post=64007"},{"taxonomy":"post_tag","embeddable":true,"href":"https:\/\/diariotextual.com\/inicio\/index.php\/wp-json\/wp\/v2\/tags?post=64007"}],"curies":[{"name":"wp","href":"https:\/\/api.w.org\/{rel}","templated":true}]}}