{"id":64016,"date":"2019-09-27T11:46:30","date_gmt":"2019-09-27T14:46:30","guid":{"rendered":"http:\/\/diariotextual.com\/inicio\/?p=64016"},"modified":"2019-09-27T21:18:33","modified_gmt":"2019-09-28T00:18:33","slug":"choco-una-moto-le-amputaron-la-pierna-al-conductor-tres-anos-prision","status":"publish","type":"post","link":"https:\/\/diariotextual.com\/inicio\/index.php\/2019\/09\/27\/choco-una-moto-le-amputaron-la-pierna-al-conductor-tres-anos-prision\/","title":{"rendered":"Choc\u00f3 una moto y le amputaron la pierna al conductor: tres a\u00f1os de prisi\u00f3n"},"content":{"rendered":"<p>A trav\u00e9s del procedimiento de juicio abreviado, Walter Ram\u00f3n Buld\u00edn fue condenado a tres a\u00f1os de prisi\u00f3n de cumplimiento efectivo y cuatro de inhabilitaci\u00f3n para conducir todo tipo de veh\u00edculo con motor, manteniendo su condici\u00f3n de reincidente, como autor del delito de lesiones grav\u00edsimas culposas calificadas por conducir un veh\u00edculo automotor excediendo en m\u00e1s de 30 kil\u00f3metros por hora la velocidad m\u00e1xima permitida en el lugar del hecho.<\/p>\n<p>A su vez, como ten\u00eda dictada otra condena a seis meses de prisi\u00f3n efectiva, del 14 de febrero de este a\u00f1o, se le unificaron las penas en una pena \u00fanica de tres a\u00f1os de prisi\u00f3n y cuatro a\u00f1os de inhabilitaci\u00f3n.<\/p>\n<p>El hecho probado ocurri\u00f3 el 11 de agosto del a\u00f1o pasado, a la tarde, cuando Buld\u00edn, un jornalero de 28 a\u00f1os, circulaba a alta velocidad (entre 80 y 90 kil\u00f3metros por hora) a bordo de un Fiat Palio, por la calle Stieben, en Santa Rosa, y a escasos metros de la intersecci\u00f3n con Sarmiento, colision\u00f3 con el frente de su rodado en la parte trasera de una moto Appia, 125 cc. Como consecuencia del fuerte impacto, su conductor sufri\u00f3 lesiones de gravedad, y debieron amputarle la pierna izquierda, dice la sentencia dictada por el juez de control santarrose\u00f1o, N\u00e9stor Daniel Ralli.<\/p>\n<p>El abreviado fue convenido entre el fiscal Oscar Alfredo Cazenave, la defensora oficial Mar\u00eda Silvina Blanco G\u00f3mez y el propio acusado, quien permanece detenido. Este hab\u00eda sido condenado hace siete meses, en otro juicio abreviado, por el juez de audiencia Gast\u00f3n Boulenaz a seis meses de cumplimiento efectivo como autor de los delitos de robo simple en grado de tentativa y encubrimiento por receptaci\u00f3n dolosa, en dos expedientes distintos.<\/p>\n<p>El querellante particular, en representaci\u00f3n del damnificado, al ser notificado del acuerdo, tampoco puso objeciones. En la audiencia de visu, esa parte inform\u00f3 que se hab\u00eda iniciado en la v\u00eda civil una acci\u00f3n de da\u00f1os y personas contra el imputado.<\/p>\n<p>\u201cDebiendo analizar la conducta desplegada por el acusado, estimo que ella ha sido t\u00edpica y antijur\u00eddica, mereciendo el reproche penal en atenci\u00f3n a lo que reflejan los hechos probados \u2013se\u00f1al\u00f3 Ralli\u2013. Respecto de la calificaci\u00f3n legal, deben tenerse en cuenta los informes m\u00e9dicos, de los cuales surge que como consecuencia del hecho la v\u00edctima perdi\u00f3 un miembro\u201d.<\/p>\n<p>Entre las pruebas que el magistrado evalu\u00f3 figuran, entre otras, informes t\u00e9cnicos, m\u00e9dicos y de la Agencia de Investigaciones Cient\u00edficas, el testimonio del acompa\u00f1ante de Buld\u00edn, la entrevista a la v\u00edctima y un oficio de la Divisi\u00f3n Accidentolog\u00eda de Tr\u00e1nsito de la Polic\u00eda provincial.<\/p>\n<p>&nbsp;<\/p>\n","protected":false},"excerpt":{"rendered":"<p>A trav\u00e9s del procedimiento de juicio abreviado, Walter Ram\u00f3n Buld\u00edn fue condenado a tres a\u00f1os de prisi\u00f3n de cumplimiento efectivo y cuatro de inhabilitaci\u00f3n para conducir todo tipo de veh\u00edculo&hellip;<\/p>\n","protected":false},"author":7,"featured_media":1608,"comment_status":"closed","ping_status":"open","sticky":false,"template":"","format":"standard","meta":{"_acf_changed":false,"footnotes":""},"categories":[11,319,12],"tags":[],"class_list":["post-64016","post","type-post","status-publish","format-standard","has-post-thumbnail","hentry","category-que-pasa","category-a-temporales","category-sociedad"],"acf":[],"yoast_head":"<!-- This site is optimized with the Yoast SEO plugin v27.5 - https:\/\/yoast.com\/product\/yoast-seo-wordpress\/ -->\n<title>Choc\u00f3 una moto y le amputaron la pierna al conductor: tres a\u00f1os de prisi\u00f3n - Diario Textual<\/title>\n<meta name=\"robots\" content=\"index, follow, max-snippet:-1, max-image-preview:large, max-video-preview:-1\" \/>\n<link rel=\"canonical\" href=\"https:\/\/diariotextual.com\/inicio\/index.php\/2019\/09\/27\/choco-una-moto-le-amputaron-la-pierna-al-conductor-tres-anos-prision\/\" \/>\n<meta property=\"og:locale\" content=\"es_ES\" \/>\n<meta property=\"og:type\" content=\"article\" \/>\n<meta property=\"og:title\" content=\"Choc\u00f3 una moto y le amputaron la pierna al conductor: tres a\u00f1os de prisi\u00f3n - Diario Textual\" \/>\n<meta property=\"og:description\" content=\"A trav\u00e9s del procedimiento de juicio abreviado, Walter Ram\u00f3n Buld\u00edn fue condenado a tres a\u00f1os de prisi\u00f3n de cumplimiento efectivo y cuatro de inhabilitaci\u00f3n para conducir todo tipo de veh\u00edculo&hellip;\" \/>\n<meta property=\"og:url\" content=\"https:\/\/diariotextual.com\/inicio\/index.php\/2019\/09\/27\/choco-una-moto-le-amputaron-la-pierna-al-conductor-tres-anos-prision\/\" \/>\n<meta property=\"og:site_name\" content=\"Diario Textual\" \/>\n<meta property=\"article:publisher\" content=\"https:\/\/www.facebook.com\/eltextual\" \/>\n<meta property=\"article:published_time\" content=\"2019-09-27T14:46:30+00:00\" \/>\n<meta property=\"article:modified_time\" content=\"2019-09-28T00:18:33+00:00\" \/>\n<meta property=\"og:image\" content=\"https:\/\/diariotextual.com\/inicio\/wp-content\/uploads\/2018\/03\/centrojudicial2016-1222.jpg\" \/>\n\t<meta property=\"og:image:width\" content=\"600\" \/>\n\t<meta property=\"og:image:height\" content=\"400\" \/>\n\t<meta property=\"og:image:type\" content=\"image\/jpeg\" \/>\n<meta name=\"author\" content=\"diario5\" \/>\n<meta name=\"twitter:card\" content=\"summary_large_image\" \/>\n<meta name=\"twitter:creator\" content=\"@eltextual\" \/>\n<meta name=\"twitter:site\" content=\"@eltextual\" \/>\n<meta name=\"twitter:label1\" content=\"Escrito por\" \/>\n\t<meta name=\"twitter:data1\" content=\"diario5\" \/>\n\t<meta name=\"twitter:label2\" content=\"Tiempo de lectura\" \/>\n\t<meta name=\"twitter:data2\" content=\"2 minutos\" \/>\n<script type=\"application\/ld+json\" class=\"yoast-schema-graph\">{\"@context\":\"https:\\\/\\\/schema.org\",\"@graph\":[{\"@type\":\"Article\",\"@id\":\"https:\\\/\\\/diariotextual.com\\\/inicio\\\/index.php\\\/2019\\\/09\\\/27\\\/choco-una-moto-le-amputaron-la-pierna-al-conductor-tres-anos-prision\\\/#article\",\"isPartOf\":{\"@id\":\"https:\\\/\\\/diariotextual.com\\\/inicio\\\/index.php\\\/2019\\\/09\\\/27\\\/choco-una-moto-le-amputaron-la-pierna-al-conductor-tres-anos-prision\\\/\"},\"author\":{\"name\":\"diario5\",\"@id\":\"https:\\\/\\\/diariotextual.com\\\/inicio\\\/#\\\/schema\\\/person\\\/c7834961ad8b29b1d9cdbf4571299067\"},\"headline\":\"Choc\u00f3 una moto y le amputaron la pierna al conductor: tres a\u00f1os de prisi\u00f3n\",\"datePublished\":\"2019-09-27T14:46:30+00:00\",\"dateModified\":\"2019-09-28T00:18:33+00:00\",\"mainEntityOfPage\":{\"@id\":\"https:\\\/\\\/diariotextual.com\\\/inicio\\\/index.php\\\/2019\\\/09\\\/27\\\/choco-una-moto-le-amputaron-la-pierna-al-conductor-tres-anos-prision\\\/\"},\"wordCount\":483,\"publisher\":{\"@id\":\"https:\\\/\\\/diariotextual.com\\\/inicio\\\/#organization\"},\"image\":{\"@id\":\"https:\\\/\\\/diariotextual.com\\\/inicio\\\/index.php\\\/2019\\\/09\\\/27\\\/choco-una-moto-le-amputaron-la-pierna-al-conductor-tres-anos-prision\\\/#primaryimage\"},\"thumbnailUrl\":\"https:\\\/\\\/diariotextual.com\\\/inicio\\\/wp-content\\\/uploads\\\/2018\\\/03\\\/centrojudicial2016-1222.jpg\",\"articleSection\":[\"A - QUE PASA (al costado)\",\"A - TEMPORALES\",\"SOCIEDAD\"],\"inLanguage\":\"es\"},{\"@type\":\"WebPage\",\"@id\":\"https:\\\/\\\/diariotextual.com\\\/inicio\\\/index.php\\\/2019\\\/09\\\/27\\\/choco-una-moto-le-amputaron-la-pierna-al-conductor-tres-anos-prision\\\/\",\"url\":\"https:\\\/\\\/diariotextual.com\\\/inicio\\\/index.php\\\/2019\\\/09\\\/27\\\/choco-una-moto-le-amputaron-la-pierna-al-conductor-tres-anos-prision\\\/\",\"name\":\"Choc\u00f3 una moto y le amputaron la pierna al conductor: tres a\u00f1os de prisi\u00f3n - Diario Textual\",\"isPartOf\":{\"@id\":\"https:\\\/\\\/diariotextual.com\\\/inicio\\\/#website\"},\"primaryImageOfPage\":{\"@id\":\"https:\\\/\\\/diariotextual.com\\\/inicio\\\/index.php\\\/2019\\\/09\\\/27\\\/choco-una-moto-le-amputaron-la-pierna-al-conductor-tres-anos-prision\\\/#primaryimage\"},\"image\":{\"@id\":\"https:\\\/\\\/diariotextual.com\\\/inicio\\\/index.php\\\/2019\\\/09\\\/27\\\/choco-una-moto-le-amputaron-la-pierna-al-conductor-tres-anos-prision\\\/#primaryimage\"},\"thumbnailUrl\":\"https:\\\/\\\/diariotextual.com\\\/inicio\\\/wp-content\\\/uploads\\\/2018\\\/03\\\/centrojudicial2016-1222.jpg\",\"datePublished\":\"2019-09-27T14:46:30+00:00\",\"dateModified\":\"2019-09-28T00:18:33+00:00\",\"breadcrumb\":{\"@id\":\"https:\\\/\\\/diariotextual.com\\\/inicio\\\/index.php\\\/2019\\\/09\\\/27\\\/choco-una-moto-le-amputaron-la-pierna-al-conductor-tres-anos-prision\\\/#breadcrumb\"},\"inLanguage\":\"es\",\"potentialAction\":[{\"@type\":\"ReadAction\",\"target\":[\"https:\\\/\\\/diariotextual.com\\\/inicio\\\/index.php\\\/2019\\\/09\\\/27\\\/choco-una-moto-le-amputaron-la-pierna-al-conductor-tres-anos-prision\\\/\"]}]},{\"@type\":\"ImageObject\",\"inLanguage\":\"es\",\"@id\":\"https:\\\/\\\/diariotextual.com\\\/inicio\\\/index.php\\\/2019\\\/09\\\/27\\\/choco-una-moto-le-amputaron-la-pierna-al-conductor-tres-anos-prision\\\/#primaryimage\",\"url\":\"https:\\\/\\\/diariotextual.com\\\/inicio\\\/wp-content\\\/uploads\\\/2018\\\/03\\\/centrojudicial2016-1222.jpg\",\"contentUrl\":\"https:\\\/\\\/diariotextual.com\\\/inicio\\\/wp-content\\\/uploads\\\/2018\\\/03\\\/centrojudicial2016-1222.jpg\",\"width\":600,\"height\":400},{\"@type\":\"BreadcrumbList\",\"@id\":\"https:\\\/\\\/diariotextual.com\\\/inicio\\\/index.php\\\/2019\\\/09\\\/27\\\/choco-una-moto-le-amputaron-la-pierna-al-conductor-tres-anos-prision\\\/#breadcrumb\",\"itemListElement\":[{\"@type\":\"ListItem\",\"position\":1,\"name\":\"Portada\",\"item\":\"https:\\\/\\\/diariotextual.com\\\/inicio\\\/\"},{\"@type\":\"ListItem\",\"position\":2,\"name\":\"Choc\u00f3 una moto y le amputaron la pierna al conductor: tres a\u00f1os de prisi\u00f3n\"}]},{\"@type\":\"WebSite\",\"@id\":\"https:\\\/\\\/diariotextual.com\\\/inicio\\\/#website\",\"url\":\"https:\\\/\\\/diariotextual.com\\\/inicio\\\/\",\"name\":\"Diario Textual\",\"description\":\"\",\"publisher\":{\"@id\":\"https:\\\/\\\/diariotextual.com\\\/inicio\\\/#organization\"},\"potentialAction\":[{\"@type\":\"SearchAction\",\"target\":{\"@type\":\"EntryPoint\",\"urlTemplate\":\"https:\\\/\\\/diariotextual.com\\\/inicio\\\/?s={search_term_string}\"},\"query-input\":{\"@type\":\"PropertyValueSpecification\",\"valueRequired\":true,\"valueName\":\"search_term_string\"}}],\"inLanguage\":\"es\"},{\"@type\":\"Organization\",\"@id\":\"https:\\\/\\\/diariotextual.com\\\/inicio\\\/#organization\",\"name\":\"Diario Textual\",\"url\":\"https:\\\/\\\/diariotextual.com\\\/inicio\\\/\",\"logo\":{\"@type\":\"ImageObject\",\"inLanguage\":\"es\",\"@id\":\"https:\\\/\\\/diariotextual.com\\\/inicio\\\/#\\\/schema\\\/logo\\\/image\\\/\",\"url\":\"https:\\\/\\\/diariotextual.com\\\/inicio\\\/wp-content\\\/uploads\\\/2023\\\/05\\\/logotextual1.jpg\",\"contentUrl\":\"https:\\\/\\\/diariotextual.com\\\/inicio\\\/wp-content\\\/uploads\\\/2023\\\/05\\\/logotextual1.jpg\",\"width\":516,\"height\":76,\"caption\":\"Diario Textual\"},\"image\":{\"@id\":\"https:\\\/\\\/diariotextual.com\\\/inicio\\\/#\\\/schema\\\/logo\\\/image\\\/\"},\"sameAs\":[\"https:\\\/\\\/www.facebook.com\\\/eltextual\",\"https:\\\/\\\/x.com\\\/eltextual\",\"http:\\\/\\\/www.instagram.com\\\/eltextual\"]},{\"@type\":\"Person\",\"@id\":\"https:\\\/\\\/diariotextual.com\\\/inicio\\\/#\\\/schema\\\/person\\\/c7834961ad8b29b1d9cdbf4571299067\",\"name\":\"diario5\",\"image\":{\"@type\":\"ImageObject\",\"inLanguage\":\"es\",\"@id\":\"https:\\\/\\\/secure.gravatar.com\\\/avatar\\\/948c893b847ca6df68216ead81b63f363408ec9b0f600fefc0641ce78613b111?s=96&d=mm&r=g\",\"url\":\"https:\\\/\\\/secure.gravatar.com\\\/avatar\\\/948c893b847ca6df68216ead81b63f363408ec9b0f600fefc0641ce78613b111?s=96&d=mm&r=g\",\"contentUrl\":\"https:\\\/\\\/secure.gravatar.com\\\/avatar\\\/948c893b847ca6df68216ead81b63f363408ec9b0f600fefc0641ce78613b111?s=96&d=mm&r=g\",\"caption\":\"diario5\"},\"url\":\"https:\\\/\\\/diariotextual.com\\\/inicio\\\/index.php\\\/author\\\/diario5\\\/\"}]}<\/script>\n<!-- \/ Yoast SEO plugin. -->","yoast_head_json":{"title":"Choc\u00f3 una moto y le amputaron la pierna al conductor: tres a\u00f1os de prisi\u00f3n - Diario Textual","robots":{"index":"index","follow":"follow","max-snippet":"max-snippet:-1","max-image-preview":"max-image-preview:large","max-video-preview":"max-video-preview:-1"},"canonical":"https:\/\/diariotextual.com\/inicio\/index.php\/2019\/09\/27\/choco-una-moto-le-amputaron-la-pierna-al-conductor-tres-anos-prision\/","og_locale":"es_ES","og_type":"article","og_title":"Choc\u00f3 una moto y le amputaron la pierna al conductor: tres a\u00f1os de prisi\u00f3n - Diario Textual","og_description":"A trav\u00e9s del procedimiento de juicio abreviado, Walter Ram\u00f3n Buld\u00edn fue condenado a tres a\u00f1os de prisi\u00f3n de cumplimiento efectivo y cuatro de inhabilitaci\u00f3n para conducir todo tipo de veh\u00edculo&hellip;","og_url":"https:\/\/diariotextual.com\/inicio\/index.php\/2019\/09\/27\/choco-una-moto-le-amputaron-la-pierna-al-conductor-tres-anos-prision\/","og_site_name":"Diario Textual","article_publisher":"https:\/\/www.facebook.com\/eltextual","article_published_time":"2019-09-27T14:46:30+00:00","article_modified_time":"2019-09-28T00:18:33+00:00","og_image":[{"width":600,"height":400,"url":"https:\/\/diariotextual.com\/inicio\/wp-content\/uploads\/2018\/03\/centrojudicial2016-1222.jpg","type":"image\/jpeg"}],"author":"diario5","twitter_card":"summary_large_image","twitter_creator":"@eltextual","twitter_site":"@eltextual","twitter_misc":{"Escrito por":"diario5","Tiempo de lectura":"2 minutos"},"schema":{"@context":"https:\/\/schema.org","@graph":[{"@type":"Article","@id":"https:\/\/diariotextual.com\/inicio\/index.php\/2019\/09\/27\/choco-una-moto-le-amputaron-la-pierna-al-conductor-tres-anos-prision\/#article","isPartOf":{"@id":"https:\/\/diariotextual.com\/inicio\/index.php\/2019\/09\/27\/choco-una-moto-le-amputaron-la-pierna-al-conductor-tres-anos-prision\/"},"author":{"name":"diario5","@id":"https:\/\/diariotextual.com\/inicio\/#\/schema\/person\/c7834961ad8b29b1d9cdbf4571299067"},"headline":"Choc\u00f3 una moto y le amputaron la pierna al conductor: tres a\u00f1os de prisi\u00f3n","datePublished":"2019-09-27T14:46:30+00:00","dateModified":"2019-09-28T00:18:33+00:00","mainEntityOfPage":{"@id":"https:\/\/diariotextual.com\/inicio\/index.php\/2019\/09\/27\/choco-una-moto-le-amputaron-la-pierna-al-conductor-tres-anos-prision\/"},"wordCount":483,"publisher":{"@id":"https:\/\/diariotextual.com\/inicio\/#organization"},"image":{"@id":"https:\/\/diariotextual.com\/inicio\/index.php\/2019\/09\/27\/choco-una-moto-le-amputaron-la-pierna-al-conductor-tres-anos-prision\/#primaryimage"},"thumbnailUrl":"https:\/\/diariotextual.com\/inicio\/wp-content\/uploads\/2018\/03\/centrojudicial2016-1222.jpg","articleSection":["A - QUE PASA (al costado)","A - TEMPORALES","SOCIEDAD"],"inLanguage":"es"},{"@type":"WebPage","@id":"https:\/\/diariotextual.com\/inicio\/index.php\/2019\/09\/27\/choco-una-moto-le-amputaron-la-pierna-al-conductor-tres-anos-prision\/","url":"https:\/\/diariotextual.com\/inicio\/index.php\/2019\/09\/27\/choco-una-moto-le-amputaron-la-pierna-al-conductor-tres-anos-prision\/","name":"Choc\u00f3 una moto y le amputaron la pierna al conductor: tres a\u00f1os de prisi\u00f3n - Diario Textual","isPartOf":{"@id":"https:\/\/diariotextual.com\/inicio\/#website"},"primaryImageOfPage":{"@id":"https:\/\/diariotextual.com\/inicio\/index.php\/2019\/09\/27\/choco-una-moto-le-amputaron-la-pierna-al-conductor-tres-anos-prision\/#primaryimage"},"image":{"@id":"https:\/\/diariotextual.com\/inicio\/index.php\/2019\/09\/27\/choco-una-moto-le-amputaron-la-pierna-al-conductor-tres-anos-prision\/#primaryimage"},"thumbnailUrl":"https:\/\/diariotextual.com\/inicio\/wp-content\/uploads\/2018\/03\/centrojudicial2016-1222.jpg","datePublished":"2019-09-27T14:46:30+00:00","dateModified":"2019-09-28T00:18:33+00:00","breadcrumb":{"@id":"https:\/\/diariotextual.com\/inicio\/index.php\/2019\/09\/27\/choco-una-moto-le-amputaron-la-pierna-al-conductor-tres-anos-prision\/#breadcrumb"},"inLanguage":"es","potentialAction":[{"@type":"ReadAction","target":["https:\/\/diariotextual.com\/inicio\/index.php\/2019\/09\/27\/choco-una-moto-le-amputaron-la-pierna-al-conductor-tres-anos-prision\/"]}]},{"@type":"ImageObject","inLanguage":"es","@id":"https:\/\/diariotextual.com\/inicio\/index.php\/2019\/09\/27\/choco-una-moto-le-amputaron-la-pierna-al-conductor-tres-anos-prision\/#primaryimage","url":"https:\/\/diariotextual.com\/inicio\/wp-content\/uploads\/2018\/03\/centrojudicial2016-1222.jpg","contentUrl":"https:\/\/diariotextual.com\/inicio\/wp-content\/uploads\/2018\/03\/centrojudicial2016-1222.jpg","width":600,"height":400},{"@type":"BreadcrumbList","@id":"https:\/\/diariotextual.com\/inicio\/index.php\/2019\/09\/27\/choco-una-moto-le-amputaron-la-pierna-al-conductor-tres-anos-prision\/#breadcrumb","itemListElement":[{"@type":"ListItem","position":1,"name":"Portada","item":"https:\/\/diariotextual.com\/inicio\/"},{"@type":"ListItem","position":2,"name":"Choc\u00f3 una moto y le amputaron la pierna al conductor: tres a\u00f1os de prisi\u00f3n"}]},{"@type":"WebSite","@id":"https:\/\/diariotextual.com\/inicio\/#website","url":"https:\/\/diariotextual.com\/inicio\/","name":"Diario Textual","description":"","publisher":{"@id":"https:\/\/diariotextual.com\/inicio\/#organization"},"potentialAction":[{"@type":"SearchAction","target":{"@type":"EntryPoint","urlTemplate":"https:\/\/diariotextual.com\/inicio\/?s={search_term_string}"},"query-input":{"@type":"PropertyValueSpecification","valueRequired":true,"valueName":"search_term_string"}}],"inLanguage":"es"},{"@type":"Organization","@id":"https:\/\/diariotextual.com\/inicio\/#organization","name":"Diario Textual","url":"https:\/\/diariotextual.com\/inicio\/","logo":{"@type":"ImageObject","inLanguage":"es","@id":"https:\/\/diariotextual.com\/inicio\/#\/schema\/logo\/image\/","url":"https:\/\/diariotextual.com\/inicio\/wp-content\/uploads\/2023\/05\/logotextual1.jpg","contentUrl":"https:\/\/diariotextual.com\/inicio\/wp-content\/uploads\/2023\/05\/logotextual1.jpg","width":516,"height":76,"caption":"Diario Textual"},"image":{"@id":"https:\/\/diariotextual.com\/inicio\/#\/schema\/logo\/image\/"},"sameAs":["https:\/\/www.facebook.com\/eltextual","https:\/\/x.com\/eltextual","http:\/\/www.instagram.com\/eltextual"]},{"@type":"Person","@id":"https:\/\/diariotextual.com\/inicio\/#\/schema\/person\/c7834961ad8b29b1d9cdbf4571299067","name":"diario5","image":{"@type":"ImageObject","inLanguage":"es","@id":"https:\/\/secure.gravatar.com\/avatar\/948c893b847ca6df68216ead81b63f363408ec9b0f600fefc0641ce78613b111?s=96&d=mm&r=g","url":"https:\/\/secure.gravatar.com\/avatar\/948c893b847ca6df68216ead81b63f363408ec9b0f600fefc0641ce78613b111?s=96&d=mm&r=g","contentUrl":"https:\/\/secure.gravatar.com\/avatar\/948c893b847ca6df68216ead81b63f363408ec9b0f600fefc0641ce78613b111?s=96&d=mm&r=g","caption":"diario5"},"url":"https:\/\/diariotextual.com\/inicio\/index.php\/author\/diario5\/"}]}},"_links":{"self":[{"href":"https:\/\/diariotextual.com\/inicio\/index.php\/wp-json\/wp\/v2\/posts\/64016","targetHints":{"allow":["GET"]}}],"collection":[{"href":"https:\/\/diariotextual.com\/inicio\/index.php\/wp-json\/wp\/v2\/posts"}],"about":[{"href":"https:\/\/diariotextual.com\/inicio\/index.php\/wp-json\/wp\/v2\/types\/post"}],"author":[{"embeddable":true,"href":"https:\/\/diariotextual.com\/inicio\/index.php\/wp-json\/wp\/v2\/users\/7"}],"replies":[{"embeddable":true,"href":"https:\/\/diariotextual.com\/inicio\/index.php\/wp-json\/wp\/v2\/comments?post=64016"}],"version-history":[{"count":1,"href":"https:\/\/diariotextual.com\/inicio\/index.php\/wp-json\/wp\/v2\/posts\/64016\/revisions"}],"predecessor-version":[{"id":64017,"href":"https:\/\/diariotextual.com\/inicio\/index.php\/wp-json\/wp\/v2\/posts\/64016\/revisions\/64017"}],"wp:featuredmedia":[{"embeddable":true,"href":"https:\/\/diariotextual.com\/inicio\/index.php\/wp-json\/wp\/v2\/media\/1608"}],"wp:attachment":[{"href":"https:\/\/diariotextual.com\/inicio\/index.php\/wp-json\/wp\/v2\/media?parent=64016"}],"wp:term":[{"taxonomy":"category","embeddable":true,"href":"https:\/\/diariotextual.com\/inicio\/index.php\/wp-json\/wp\/v2\/categories?post=64016"},{"taxonomy":"post_tag","embeddable":true,"href":"https:\/\/diariotextual.com\/inicio\/index.php\/wp-json\/wp\/v2\/tags?post=64016"}],"curies":[{"name":"wp","href":"https:\/\/api.w.org\/{rel}","templated":true}]}}