{"id":64019,"date":"2019-09-27T13:01:44","date_gmt":"2019-09-27T16:01:44","guid":{"rendered":"http:\/\/diariotextual.com\/inicio\/?p=64019"},"modified":"2019-09-27T17:42:09","modified_gmt":"2019-09-27T20:42:09","slug":"cometio-estafas-cheques-lo-condenaron-dos-anos-suspenso","status":"publish","type":"post","link":"https:\/\/diariotextual.com\/inicio\/index.php\/2019\/09\/27\/cometio-estafas-cheques-lo-condenaron-dos-anos-suspenso\/","title":{"rendered":"Cometi\u00f3 estafas con cheques y lo condenaron a dos a\u00f1os en suspenso"},"content":{"rendered":"<p>Un jornalero de 40 a\u00f1os fue condenado hoy a dos a\u00f1os de prisi\u00f3n en suspenso por el delito de encubrimiento agravado en concurso real con estafa en tres hechos que tambi\u00e9n concursan en forma real entre s\u00ed.<\/p>\n<p>Durante la investigaci\u00f3n fiscal preparatoria qued\u00f3 acreditado que el acusado, Ricardo Javier Rach, tuvo en su poder 13 cheques cuyo origen il\u00edcito no pod\u00eda desconocer, por cuanto todos ellos presentaban orden de no pago, ya que pertenec\u00edan a una chequera que no hab\u00eda sido aceptada ni retirada por su titular, al momento en que le fue ofrecida por la entidad emisora, el Banco Santander R\u00edo, sucursal Santa Rosa y que, supuestamente, ya hab\u00eda sido destruida de conformidad con las normativas bancarias, dice el fallo firmado por el juez de control santarrose\u00f1o Carlos Ren\u00e9 Ordas.<\/p>\n<p>\u201cDoce de los cheques \u2013agrega\u2013 fueron entregados por el compareciente, endosando \u00fanicamente uno de ellos a nombre de tres personas, en concepto de pago de deudas que manten\u00eda con ellos, a sabiendas que ninguno podr\u00eda cobrar el dinero, provoc\u00e1ndoles en consecuencia un perjuicio econ\u00f3mico\u201d.<\/p>\n<p>La sentencia de Ordas fue dictada a partir de un acuerdo de juicio abreviado suscripto entre el fiscal general M\u00e1ximo Paulucci, la defensora oficial Mariel Annechini y el propio acusado, quien acept\u00f3 su responsabilidad penal. Los damnificados, al ser informados del acuerdo, tambi\u00e9n dieron su conformidad.<\/p>\n<p>\u201cM\u00e1s all\u00e1 del reconocimiento realizado por Rach al suscribir el acuerdo, considero que el hecho fue debidamente probado a partir de incorporarse como prueba de cargo la denuncia\u201d formulada por el hombre al que el banco le hab\u00eda ofrecido las chequeras, sostuvo el juez. \u00c9l inform\u00f3 que a su cuenta ingresaron cheques pertenecientes a una chequera que nunca hab\u00eda recibido por parte del Banco Santander Rio, y que supuestamente dicha chequera habr\u00eda sido destruida, acot\u00f3.<\/p>\n<p>Adem\u00e1s, dentro del cuadro probatorio, se incorpor\u00f3 la declaraci\u00f3n de uno de los tres damnificados, quien identific\u00f3 a la persona que le entreg\u00f3 los documentos; como as\u00ed tambi\u00e9n se secuestr\u00f3 un cuaderno donde constaban las anotaciones de los referidos cheques. Todas esas evidencias, m\u00e1s la admisi\u00f3n por parte del imputado de su accionar, permitieron tener por acreditado el il\u00edcito, indic\u00f3 Ordas.<\/p>\n<p>Las partes tambi\u00e9n convinieron que Rach deber\u00e1 cumplir las siguientes pautas de conducta durante dos a\u00f1os, bajo apercibimiento de revocarle la condicionalidad de la pena: fijar domicilio, del que no podr\u00e1 ausentarse sin autorizaci\u00f3n judicial, y someterse al cuidado de la Unidad de Abordaje, Orientaci\u00f3n y Supervisi\u00f3n de personas en conflicto con la ley penal, con la frecuencia que el organismo determine.<\/p>\n<p>\u200b<\/p>\n","protected":false},"excerpt":{"rendered":"<p>Un jornalero de 40 a\u00f1os fue condenado hoy a dos a\u00f1os de prisi\u00f3n en suspenso por el delito de encubrimiento agravado en concurso real con estafa en tres hechos que&hellip;<\/p>\n","protected":false},"author":7,"featured_media":64020,"comment_status":"closed","ping_status":"open","sticky":false,"template":"","format":"standard","meta":{"_acf_changed":false,"footnotes":""},"categories":[11,319,12],"tags":[],"class_list":["post-64019","post","type-post","status-publish","format-standard","has-post-thumbnail","hentry","category-que-pasa","category-a-temporales","category-sociedad"],"acf":[],"yoast_head":"<!-- This site is optimized with the Yoast SEO plugin v27.5 - https:\/\/yoast.com\/product\/yoast-seo-wordpress\/ -->\n<title>Cometi\u00f3 estafas con cheques y lo condenaron a dos a\u00f1os en suspenso - Diario Textual<\/title>\n<meta name=\"robots\" content=\"index, follow, max-snippet:-1, max-image-preview:large, max-video-preview:-1\" \/>\n<link rel=\"canonical\" href=\"https:\/\/diariotextual.com\/inicio\/index.php\/2019\/09\/27\/cometio-estafas-cheques-lo-condenaron-dos-anos-suspenso\/\" \/>\n<meta property=\"og:locale\" content=\"es_ES\" \/>\n<meta property=\"og:type\" content=\"article\" \/>\n<meta property=\"og:title\" content=\"Cometi\u00f3 estafas con cheques y lo condenaron a dos a\u00f1os en suspenso - Diario Textual\" \/>\n<meta property=\"og:description\" content=\"Un jornalero de 40 a\u00f1os fue condenado hoy a dos a\u00f1os de prisi\u00f3n en suspenso por el delito de encubrimiento agravado en concurso real con estafa en tres hechos que&hellip;\" \/>\n<meta property=\"og:url\" content=\"https:\/\/diariotextual.com\/inicio\/index.php\/2019\/09\/27\/cometio-estafas-cheques-lo-condenaron-dos-anos-suspenso\/\" \/>\n<meta property=\"og:site_name\" content=\"Diario Textual\" \/>\n<meta property=\"article:publisher\" content=\"https:\/\/www.facebook.com\/eltextual\" \/>\n<meta property=\"article:published_time\" content=\"2019-09-27T16:01:44+00:00\" \/>\n<meta property=\"article:modified_time\" content=\"2019-09-27T20:42:09+00:00\" \/>\n<meta property=\"og:image\" content=\"https:\/\/diariotextual.com\/inicio\/wp-content\/uploads\/2019\/09\/cheque.jpg\" \/>\n\t<meta property=\"og:image:width\" content=\"900\" \/>\n\t<meta property=\"og:image:height\" content=\"600\" \/>\n\t<meta property=\"og:image:type\" content=\"image\/jpeg\" \/>\n<meta name=\"author\" content=\"diario5\" \/>\n<meta name=\"twitter:card\" content=\"summary_large_image\" \/>\n<meta name=\"twitter:creator\" content=\"@eltextual\" \/>\n<meta name=\"twitter:site\" content=\"@eltextual\" \/>\n<meta name=\"twitter:label1\" content=\"Escrito por\" \/>\n\t<meta name=\"twitter:data1\" content=\"diario5\" \/>\n\t<meta name=\"twitter:label2\" content=\"Tiempo de lectura\" \/>\n\t<meta name=\"twitter:data2\" content=\"2 minutos\" \/>\n<script type=\"application\/ld+json\" class=\"yoast-schema-graph\">{\"@context\":\"https:\\\/\\\/schema.org\",\"@graph\":[{\"@type\":\"Article\",\"@id\":\"https:\\\/\\\/diariotextual.com\\\/inicio\\\/index.php\\\/2019\\\/09\\\/27\\\/cometio-estafas-cheques-lo-condenaron-dos-anos-suspenso\\\/#article\",\"isPartOf\":{\"@id\":\"https:\\\/\\\/diariotextual.com\\\/inicio\\\/index.php\\\/2019\\\/09\\\/27\\\/cometio-estafas-cheques-lo-condenaron-dos-anos-suspenso\\\/\"},\"author\":{\"name\":\"diario5\",\"@id\":\"https:\\\/\\\/diariotextual.com\\\/inicio\\\/#\\\/schema\\\/person\\\/c7834961ad8b29b1d9cdbf4571299067\"},\"headline\":\"Cometi\u00f3 estafas con cheques y lo condenaron a dos a\u00f1os en suspenso\",\"datePublished\":\"2019-09-27T16:01:44+00:00\",\"dateModified\":\"2019-09-27T20:42:09+00:00\",\"mainEntityOfPage\":{\"@id\":\"https:\\\/\\\/diariotextual.com\\\/inicio\\\/index.php\\\/2019\\\/09\\\/27\\\/cometio-estafas-cheques-lo-condenaron-dos-anos-suspenso\\\/\"},\"wordCount\":463,\"publisher\":{\"@id\":\"https:\\\/\\\/diariotextual.com\\\/inicio\\\/#organization\"},\"image\":{\"@id\":\"https:\\\/\\\/diariotextual.com\\\/inicio\\\/index.php\\\/2019\\\/09\\\/27\\\/cometio-estafas-cheques-lo-condenaron-dos-anos-suspenso\\\/#primaryimage\"},\"thumbnailUrl\":\"https:\\\/\\\/diariotextual.com\\\/inicio\\\/wp-content\\\/uploads\\\/2019\\\/09\\\/cheque.jpg\",\"articleSection\":[\"A - QUE PASA (al costado)\",\"A - TEMPORALES\",\"SOCIEDAD\"],\"inLanguage\":\"es\"},{\"@type\":\"WebPage\",\"@id\":\"https:\\\/\\\/diariotextual.com\\\/inicio\\\/index.php\\\/2019\\\/09\\\/27\\\/cometio-estafas-cheques-lo-condenaron-dos-anos-suspenso\\\/\",\"url\":\"https:\\\/\\\/diariotextual.com\\\/inicio\\\/index.php\\\/2019\\\/09\\\/27\\\/cometio-estafas-cheques-lo-condenaron-dos-anos-suspenso\\\/\",\"name\":\"Cometi\u00f3 estafas con cheques y lo condenaron a dos a\u00f1os en suspenso - Diario Textual\",\"isPartOf\":{\"@id\":\"https:\\\/\\\/diariotextual.com\\\/inicio\\\/#website\"},\"primaryImageOfPage\":{\"@id\":\"https:\\\/\\\/diariotextual.com\\\/inicio\\\/index.php\\\/2019\\\/09\\\/27\\\/cometio-estafas-cheques-lo-condenaron-dos-anos-suspenso\\\/#primaryimage\"},\"image\":{\"@id\":\"https:\\\/\\\/diariotextual.com\\\/inicio\\\/index.php\\\/2019\\\/09\\\/27\\\/cometio-estafas-cheques-lo-condenaron-dos-anos-suspenso\\\/#primaryimage\"},\"thumbnailUrl\":\"https:\\\/\\\/diariotextual.com\\\/inicio\\\/wp-content\\\/uploads\\\/2019\\\/09\\\/cheque.jpg\",\"datePublished\":\"2019-09-27T16:01:44+00:00\",\"dateModified\":\"2019-09-27T20:42:09+00:00\",\"breadcrumb\":{\"@id\":\"https:\\\/\\\/diariotextual.com\\\/inicio\\\/index.php\\\/2019\\\/09\\\/27\\\/cometio-estafas-cheques-lo-condenaron-dos-anos-suspenso\\\/#breadcrumb\"},\"inLanguage\":\"es\",\"potentialAction\":[{\"@type\":\"ReadAction\",\"target\":[\"https:\\\/\\\/diariotextual.com\\\/inicio\\\/index.php\\\/2019\\\/09\\\/27\\\/cometio-estafas-cheques-lo-condenaron-dos-anos-suspenso\\\/\"]}]},{\"@type\":\"ImageObject\",\"inLanguage\":\"es\",\"@id\":\"https:\\\/\\\/diariotextual.com\\\/inicio\\\/index.php\\\/2019\\\/09\\\/27\\\/cometio-estafas-cheques-lo-condenaron-dos-anos-suspenso\\\/#primaryimage\",\"url\":\"https:\\\/\\\/diariotextual.com\\\/inicio\\\/wp-content\\\/uploads\\\/2019\\\/09\\\/cheque.jpg\",\"contentUrl\":\"https:\\\/\\\/diariotextual.com\\\/inicio\\\/wp-content\\\/uploads\\\/2019\\\/09\\\/cheque.jpg\",\"width\":900,\"height\":600},{\"@type\":\"BreadcrumbList\",\"@id\":\"https:\\\/\\\/diariotextual.com\\\/inicio\\\/index.php\\\/2019\\\/09\\\/27\\\/cometio-estafas-cheques-lo-condenaron-dos-anos-suspenso\\\/#breadcrumb\",\"itemListElement\":[{\"@type\":\"ListItem\",\"position\":1,\"name\":\"Portada\",\"item\":\"https:\\\/\\\/diariotextual.com\\\/inicio\\\/\"},{\"@type\":\"ListItem\",\"position\":2,\"name\":\"Cometi\u00f3 estafas con cheques y lo condenaron a dos a\u00f1os en suspenso\"}]},{\"@type\":\"WebSite\",\"@id\":\"https:\\\/\\\/diariotextual.com\\\/inicio\\\/#website\",\"url\":\"https:\\\/\\\/diariotextual.com\\\/inicio\\\/\",\"name\":\"Diario Textual\",\"description\":\"\",\"publisher\":{\"@id\":\"https:\\\/\\\/diariotextual.com\\\/inicio\\\/#organization\"},\"potentialAction\":[{\"@type\":\"SearchAction\",\"target\":{\"@type\":\"EntryPoint\",\"urlTemplate\":\"https:\\\/\\\/diariotextual.com\\\/inicio\\\/?s={search_term_string}\"},\"query-input\":{\"@type\":\"PropertyValueSpecification\",\"valueRequired\":true,\"valueName\":\"search_term_string\"}}],\"inLanguage\":\"es\"},{\"@type\":\"Organization\",\"@id\":\"https:\\\/\\\/diariotextual.com\\\/inicio\\\/#organization\",\"name\":\"Diario Textual\",\"url\":\"https:\\\/\\\/diariotextual.com\\\/inicio\\\/\",\"logo\":{\"@type\":\"ImageObject\",\"inLanguage\":\"es\",\"@id\":\"https:\\\/\\\/diariotextual.com\\\/inicio\\\/#\\\/schema\\\/logo\\\/image\\\/\",\"url\":\"https:\\\/\\\/diariotextual.com\\\/inicio\\\/wp-content\\\/uploads\\\/2023\\\/05\\\/logotextual1.jpg\",\"contentUrl\":\"https:\\\/\\\/diariotextual.com\\\/inicio\\\/wp-content\\\/uploads\\\/2023\\\/05\\\/logotextual1.jpg\",\"width\":516,\"height\":76,\"caption\":\"Diario Textual\"},\"image\":{\"@id\":\"https:\\\/\\\/diariotextual.com\\\/inicio\\\/#\\\/schema\\\/logo\\\/image\\\/\"},\"sameAs\":[\"https:\\\/\\\/www.facebook.com\\\/eltextual\",\"https:\\\/\\\/x.com\\\/eltextual\",\"http:\\\/\\\/www.instagram.com\\\/eltextual\"]},{\"@type\":\"Person\",\"@id\":\"https:\\\/\\\/diariotextual.com\\\/inicio\\\/#\\\/schema\\\/person\\\/c7834961ad8b29b1d9cdbf4571299067\",\"name\":\"diario5\",\"image\":{\"@type\":\"ImageObject\",\"inLanguage\":\"es\",\"@id\":\"https:\\\/\\\/secure.gravatar.com\\\/avatar\\\/948c893b847ca6df68216ead81b63f363408ec9b0f600fefc0641ce78613b111?s=96&d=mm&r=g\",\"url\":\"https:\\\/\\\/secure.gravatar.com\\\/avatar\\\/948c893b847ca6df68216ead81b63f363408ec9b0f600fefc0641ce78613b111?s=96&d=mm&r=g\",\"contentUrl\":\"https:\\\/\\\/secure.gravatar.com\\\/avatar\\\/948c893b847ca6df68216ead81b63f363408ec9b0f600fefc0641ce78613b111?s=96&d=mm&r=g\",\"caption\":\"diario5\"},\"url\":\"https:\\\/\\\/diariotextual.com\\\/inicio\\\/index.php\\\/author\\\/diario5\\\/\"}]}<\/script>\n<!-- \/ Yoast SEO plugin. -->","yoast_head_json":{"title":"Cometi\u00f3 estafas con cheques y lo condenaron a dos a\u00f1os en suspenso - Diario Textual","robots":{"index":"index","follow":"follow","max-snippet":"max-snippet:-1","max-image-preview":"max-image-preview:large","max-video-preview":"max-video-preview:-1"},"canonical":"https:\/\/diariotextual.com\/inicio\/index.php\/2019\/09\/27\/cometio-estafas-cheques-lo-condenaron-dos-anos-suspenso\/","og_locale":"es_ES","og_type":"article","og_title":"Cometi\u00f3 estafas con cheques y lo condenaron a dos a\u00f1os en suspenso - Diario Textual","og_description":"Un jornalero de 40 a\u00f1os fue condenado hoy a dos a\u00f1os de prisi\u00f3n en suspenso por el delito de encubrimiento agravado en concurso real con estafa en tres hechos que&hellip;","og_url":"https:\/\/diariotextual.com\/inicio\/index.php\/2019\/09\/27\/cometio-estafas-cheques-lo-condenaron-dos-anos-suspenso\/","og_site_name":"Diario Textual","article_publisher":"https:\/\/www.facebook.com\/eltextual","article_published_time":"2019-09-27T16:01:44+00:00","article_modified_time":"2019-09-27T20:42:09+00:00","og_image":[{"width":900,"height":600,"url":"https:\/\/diariotextual.com\/inicio\/wp-content\/uploads\/2019\/09\/cheque.jpg","type":"image\/jpeg"}],"author":"diario5","twitter_card":"summary_large_image","twitter_creator":"@eltextual","twitter_site":"@eltextual","twitter_misc":{"Escrito por":"diario5","Tiempo de lectura":"2 minutos"},"schema":{"@context":"https:\/\/schema.org","@graph":[{"@type":"Article","@id":"https:\/\/diariotextual.com\/inicio\/index.php\/2019\/09\/27\/cometio-estafas-cheques-lo-condenaron-dos-anos-suspenso\/#article","isPartOf":{"@id":"https:\/\/diariotextual.com\/inicio\/index.php\/2019\/09\/27\/cometio-estafas-cheques-lo-condenaron-dos-anos-suspenso\/"},"author":{"name":"diario5","@id":"https:\/\/diariotextual.com\/inicio\/#\/schema\/person\/c7834961ad8b29b1d9cdbf4571299067"},"headline":"Cometi\u00f3 estafas con cheques y lo condenaron a dos a\u00f1os en suspenso","datePublished":"2019-09-27T16:01:44+00:00","dateModified":"2019-09-27T20:42:09+00:00","mainEntityOfPage":{"@id":"https:\/\/diariotextual.com\/inicio\/index.php\/2019\/09\/27\/cometio-estafas-cheques-lo-condenaron-dos-anos-suspenso\/"},"wordCount":463,"publisher":{"@id":"https:\/\/diariotextual.com\/inicio\/#organization"},"image":{"@id":"https:\/\/diariotextual.com\/inicio\/index.php\/2019\/09\/27\/cometio-estafas-cheques-lo-condenaron-dos-anos-suspenso\/#primaryimage"},"thumbnailUrl":"https:\/\/diariotextual.com\/inicio\/wp-content\/uploads\/2019\/09\/cheque.jpg","articleSection":["A - QUE PASA (al costado)","A - TEMPORALES","SOCIEDAD"],"inLanguage":"es"},{"@type":"WebPage","@id":"https:\/\/diariotextual.com\/inicio\/index.php\/2019\/09\/27\/cometio-estafas-cheques-lo-condenaron-dos-anos-suspenso\/","url":"https:\/\/diariotextual.com\/inicio\/index.php\/2019\/09\/27\/cometio-estafas-cheques-lo-condenaron-dos-anos-suspenso\/","name":"Cometi\u00f3 estafas con cheques y lo condenaron a dos a\u00f1os en suspenso - Diario Textual","isPartOf":{"@id":"https:\/\/diariotextual.com\/inicio\/#website"},"primaryImageOfPage":{"@id":"https:\/\/diariotextual.com\/inicio\/index.php\/2019\/09\/27\/cometio-estafas-cheques-lo-condenaron-dos-anos-suspenso\/#primaryimage"},"image":{"@id":"https:\/\/diariotextual.com\/inicio\/index.php\/2019\/09\/27\/cometio-estafas-cheques-lo-condenaron-dos-anos-suspenso\/#primaryimage"},"thumbnailUrl":"https:\/\/diariotextual.com\/inicio\/wp-content\/uploads\/2019\/09\/cheque.jpg","datePublished":"2019-09-27T16:01:44+00:00","dateModified":"2019-09-27T20:42:09+00:00","breadcrumb":{"@id":"https:\/\/diariotextual.com\/inicio\/index.php\/2019\/09\/27\/cometio-estafas-cheques-lo-condenaron-dos-anos-suspenso\/#breadcrumb"},"inLanguage":"es","potentialAction":[{"@type":"ReadAction","target":["https:\/\/diariotextual.com\/inicio\/index.php\/2019\/09\/27\/cometio-estafas-cheques-lo-condenaron-dos-anos-suspenso\/"]}]},{"@type":"ImageObject","inLanguage":"es","@id":"https:\/\/diariotextual.com\/inicio\/index.php\/2019\/09\/27\/cometio-estafas-cheques-lo-condenaron-dos-anos-suspenso\/#primaryimage","url":"https:\/\/diariotextual.com\/inicio\/wp-content\/uploads\/2019\/09\/cheque.jpg","contentUrl":"https:\/\/diariotextual.com\/inicio\/wp-content\/uploads\/2019\/09\/cheque.jpg","width":900,"height":600},{"@type":"BreadcrumbList","@id":"https:\/\/diariotextual.com\/inicio\/index.php\/2019\/09\/27\/cometio-estafas-cheques-lo-condenaron-dos-anos-suspenso\/#breadcrumb","itemListElement":[{"@type":"ListItem","position":1,"name":"Portada","item":"https:\/\/diariotextual.com\/inicio\/"},{"@type":"ListItem","position":2,"name":"Cometi\u00f3 estafas con cheques y lo condenaron a dos a\u00f1os en suspenso"}]},{"@type":"WebSite","@id":"https:\/\/diariotextual.com\/inicio\/#website","url":"https:\/\/diariotextual.com\/inicio\/","name":"Diario Textual","description":"","publisher":{"@id":"https:\/\/diariotextual.com\/inicio\/#organization"},"potentialAction":[{"@type":"SearchAction","target":{"@type":"EntryPoint","urlTemplate":"https:\/\/diariotextual.com\/inicio\/?s={search_term_string}"},"query-input":{"@type":"PropertyValueSpecification","valueRequired":true,"valueName":"search_term_string"}}],"inLanguage":"es"},{"@type":"Organization","@id":"https:\/\/diariotextual.com\/inicio\/#organization","name":"Diario Textual","url":"https:\/\/diariotextual.com\/inicio\/","logo":{"@type":"ImageObject","inLanguage":"es","@id":"https:\/\/diariotextual.com\/inicio\/#\/schema\/logo\/image\/","url":"https:\/\/diariotextual.com\/inicio\/wp-content\/uploads\/2023\/05\/logotextual1.jpg","contentUrl":"https:\/\/diariotextual.com\/inicio\/wp-content\/uploads\/2023\/05\/logotextual1.jpg","width":516,"height":76,"caption":"Diario Textual"},"image":{"@id":"https:\/\/diariotextual.com\/inicio\/#\/schema\/logo\/image\/"},"sameAs":["https:\/\/www.facebook.com\/eltextual","https:\/\/x.com\/eltextual","http:\/\/www.instagram.com\/eltextual"]},{"@type":"Person","@id":"https:\/\/diariotextual.com\/inicio\/#\/schema\/person\/c7834961ad8b29b1d9cdbf4571299067","name":"diario5","image":{"@type":"ImageObject","inLanguage":"es","@id":"https:\/\/secure.gravatar.com\/avatar\/948c893b847ca6df68216ead81b63f363408ec9b0f600fefc0641ce78613b111?s=96&d=mm&r=g","url":"https:\/\/secure.gravatar.com\/avatar\/948c893b847ca6df68216ead81b63f363408ec9b0f600fefc0641ce78613b111?s=96&d=mm&r=g","contentUrl":"https:\/\/secure.gravatar.com\/avatar\/948c893b847ca6df68216ead81b63f363408ec9b0f600fefc0641ce78613b111?s=96&d=mm&r=g","caption":"diario5"},"url":"https:\/\/diariotextual.com\/inicio\/index.php\/author\/diario5\/"}]}},"_links":{"self":[{"href":"https:\/\/diariotextual.com\/inicio\/index.php\/wp-json\/wp\/v2\/posts\/64019","targetHints":{"allow":["GET"]}}],"collection":[{"href":"https:\/\/diariotextual.com\/inicio\/index.php\/wp-json\/wp\/v2\/posts"}],"about":[{"href":"https:\/\/diariotextual.com\/inicio\/index.php\/wp-json\/wp\/v2\/types\/post"}],"author":[{"embeddable":true,"href":"https:\/\/diariotextual.com\/inicio\/index.php\/wp-json\/wp\/v2\/users\/7"}],"replies":[{"embeddable":true,"href":"https:\/\/diariotextual.com\/inicio\/index.php\/wp-json\/wp\/v2\/comments?post=64019"}],"version-history":[{"count":1,"href":"https:\/\/diariotextual.com\/inicio\/index.php\/wp-json\/wp\/v2\/posts\/64019\/revisions"}],"predecessor-version":[{"id":64021,"href":"https:\/\/diariotextual.com\/inicio\/index.php\/wp-json\/wp\/v2\/posts\/64019\/revisions\/64021"}],"wp:featuredmedia":[{"embeddable":true,"href":"https:\/\/diariotextual.com\/inicio\/index.php\/wp-json\/wp\/v2\/media\/64020"}],"wp:attachment":[{"href":"https:\/\/diariotextual.com\/inicio\/index.php\/wp-json\/wp\/v2\/media?parent=64019"}],"wp:term":[{"taxonomy":"category","embeddable":true,"href":"https:\/\/diariotextual.com\/inicio\/index.php\/wp-json\/wp\/v2\/categories?post=64019"},{"taxonomy":"post_tag","embeddable":true,"href":"https:\/\/diariotextual.com\/inicio\/index.php\/wp-json\/wp\/v2\/tags?post=64019"}],"curies":[{"name":"wp","href":"https:\/\/api.w.org\/{rel}","templated":true}]}}