{"id":64044,"date":"2019-09-27T16:58:27","date_gmt":"2019-09-27T19:58:27","guid":{"rendered":"http:\/\/diariotextual.com\/inicio\/?p=64044"},"modified":"2019-09-28T09:10:00","modified_gmt":"2019-09-28T12:10:00","slug":"cfk-viaja-urgencia-cuba-regresa-estar-17-octubre-santa-rosa","status":"publish","type":"post","link":"https:\/\/diariotextual.com\/inicio\/index.php\/2019\/09\/27\/cfk-viaja-urgencia-cuba-regresa-estar-17-octubre-santa-rosa\/","title":{"rendered":"CFK viaja de urgencia a Cuba, pero regresa para estar el 17 de octubre en Santa Rosa"},"content":{"rendered":"<p><strong>Cristina Fern\u00e1ndez de Kirchner<\/strong> volvi\u00f3 a cancelar la gira de presentaci\u00f3n de su libro \u00abSinceramente\u00bb y viajar\u00e1 de urgencia a Cuba para ver a su hija Florencia , que se encuentra en tratamiento desde hace meses. Sin embargo, estar\u00e1 de vuelta en la primera semana de octubre: as\u00ed retomar\u00e1 la campa\u00f1a y estar\u00e1 en el acto de<strong>l 17 de octubre en el Parque Don Tom\u00e1s<\/strong>, donde los organizadores pretenden una convocatoria de unas 50 mil personas.<\/p>\n<p>De manera sorpresiva, la expresidenta volvi\u00f3 a pedir permiso a la justicia para viajar a la isla. Los jueces del Tribunal Oral Federal 2, que la juzgan por corrupci\u00f3n con la obra p\u00fablica en Santa Cruz, y los del Federal 7, que qued\u00f3 a cargo del juicio a la expresidenta en la causa de los cuadernos, ya la autorizaron a viajar.<\/p>\n<p><strong>La solicitud de Cristina Kirchner sorprendi\u00f3 incluso a los integrantes de su espacio ya que ten\u00eda previsto viajar esta noche a Salta para presentar el s\u00e1bado su libro.<\/strong> A principios de mes la senadora ya hab\u00eda tenido que suspender la presentaci\u00f3n en La Matanza para viajar a la isla.<\/p>\n<p>La visita a Salta era importante para el kirchnerismo porque <strong>se esperaba que la expresidenta diera un empuj\u00f3n a la precandidatura de Sergio \u00abOso\u00bb Leavy<\/strong> de cara a las primarias para la gobernaci\u00f3n del pr\u00f3ximo 6 de octubre. Cristina volver\u00e1 al pa\u00eds dos d\u00edas despu\u00e9s, con lo que ya no habr\u00e1 posibilidad de apoyo p\u00fablico.<\/p>\n<p>Adem\u00e1s, Cristina ten\u00eda previsto bajar a Quilmes el s\u00e1bado 5 de octubre para apoyar la candidatura de la camporista Mayra Mendoza. En la agenda de Cristina figura el 17 de octubre para el acto del D\u00eda de la Lealtad en Santa Rosa.<\/p>\n<p>En los \u00faltimos d\u00edas crecieron los rumores sobre nuevas complicaciones en la salud de Florencia, aunque el hermetismo sigue siendo total en la familia Kirchner.<\/p>\n<blockquote class=\"wp-embedded-content\" data-secret=\"bkNFucNnHj\"><p><a href=\"http:\/\/diariotextual.com\/inicio\/index.php\/2019\/09\/27\/pj-pampeano-se-larga-partir-del-27-octubre\/\">PJ pampeano: todo se larga a partir del 27 de octubre<\/a><\/p><\/blockquote>\n<p><iframe class=\"wp-embedded-content\" sandbox=\"allow-scripts\" security=\"restricted\" style=\"position: absolute; clip: rect(1px, 1px, 1px, 1px);\" src=\"http:\/\/diariotextual.com\/inicio\/index.php\/2019\/09\/27\/pj-pampeano-se-larga-partir-del-27-octubre\/embed\/#?secret=bkNFucNnHj\" data-secret=\"bkNFucNnHj\" width=\"600\" height=\"338\" title=\"&#171;PJ pampeano: todo se larga a partir del 27 de octubre&#187; &#8212; Diario Textual\" frameborder=\"0\" marginwidth=\"0\" marginheight=\"0\" scrolling=\"no\"><\/iframe><\/p>\n<p>&nbsp;<\/p>\n","protected":false},"excerpt":{"rendered":"<p>Cristina Fern\u00e1ndez de Kirchner volvi\u00f3 a cancelar la gira de presentaci\u00f3n de su libro \u00abSinceramente\u00bb y viajar\u00e1 de urgencia a Cuba para ver a su hija Florencia , que se&hellip;<\/p>\n","protected":false},"author":3,"featured_media":61357,"comment_status":"closed","ping_status":"open","sticky":false,"template":"","format":"standard","meta":{"_acf_changed":false,"footnotes":""},"categories":[1,319,8],"tags":[682,31],"class_list":["post-64044","post","type-post","status-publish","format-standard","has-post-thumbnail","hentry","category-es-noticia","category-a-temporales","category-politica","tag-cfk","tag-cristina"],"acf":[],"yoast_head":"<!-- This site is optimized with the Yoast SEO plugin v27.5 - https:\/\/yoast.com\/product\/yoast-seo-wordpress\/ -->\n<title>CFK viaja de urgencia a Cuba, pero regresa para estar el 17 de octubre en Santa Rosa - Diario Textual<\/title>\n<meta name=\"robots\" content=\"index, follow, max-snippet:-1, max-image-preview:large, max-video-preview:-1\" \/>\n<link rel=\"canonical\" href=\"https:\/\/diariotextual.com\/inicio\/index.php\/2019\/09\/27\/cfk-viaja-urgencia-cuba-regresa-estar-17-octubre-santa-rosa\/\" \/>\n<meta property=\"og:locale\" content=\"es_ES\" \/>\n<meta property=\"og:type\" content=\"article\" \/>\n<meta property=\"og:title\" content=\"CFK viaja de urgencia a Cuba, pero regresa para estar el 17 de octubre en Santa Rosa - Diario Textual\" \/>\n<meta property=\"og:description\" content=\"Cristina Fern\u00e1ndez de Kirchner volvi\u00f3 a cancelar la gira de presentaci\u00f3n de su libro \u00abSinceramente\u00bb y viajar\u00e1 de urgencia a Cuba para ver a su hija Florencia , que se&hellip;\" \/>\n<meta property=\"og:url\" content=\"https:\/\/diariotextual.com\/inicio\/index.php\/2019\/09\/27\/cfk-viaja-urgencia-cuba-regresa-estar-17-octubre-santa-rosa\/\" \/>\n<meta property=\"og:site_name\" content=\"Diario Textual\" \/>\n<meta property=\"article:publisher\" content=\"https:\/\/www.facebook.com\/eltextual\" \/>\n<meta property=\"article:published_time\" content=\"2019-09-27T19:58:27+00:00\" \/>\n<meta property=\"article:modified_time\" content=\"2019-09-28T12:10:00+00:00\" \/>\n<meta property=\"og:image\" content=\"https:\/\/diariotextual.com\/inicio\/wp-content\/uploads\/2019\/08\/cristinafernandezlaplata2019-2.jpg\" \/>\n\t<meta property=\"og:image:width\" content=\"750\" \/>\n\t<meta property=\"og:image:height\" content=\"500\" \/>\n\t<meta property=\"og:image:type\" content=\"image\/jpeg\" \/>\n<meta name=\"author\" content=\"Diario1 Diario1\" \/>\n<meta name=\"twitter:card\" content=\"summary_large_image\" \/>\n<meta name=\"twitter:creator\" content=\"@eltextual\" \/>\n<meta name=\"twitter:site\" content=\"@eltextual\" \/>\n<meta name=\"twitter:label1\" content=\"Escrito por\" \/>\n\t<meta name=\"twitter:data1\" content=\"Diario1 Diario1\" \/>\n\t<meta name=\"twitter:label2\" content=\"Tiempo de lectura\" \/>\n\t<meta name=\"twitter:data2\" content=\"2 minutos\" \/>\n<script type=\"application\/ld+json\" class=\"yoast-schema-graph\">{\"@context\":\"https:\\\/\\\/schema.org\",\"@graph\":[{\"@type\":\"Article\",\"@id\":\"https:\\\/\\\/diariotextual.com\\\/inicio\\\/index.php\\\/2019\\\/09\\\/27\\\/cfk-viaja-urgencia-cuba-regresa-estar-17-octubre-santa-rosa\\\/#article\",\"isPartOf\":{\"@id\":\"https:\\\/\\\/diariotextual.com\\\/inicio\\\/index.php\\\/2019\\\/09\\\/27\\\/cfk-viaja-urgencia-cuba-regresa-estar-17-octubre-santa-rosa\\\/\"},\"author\":{\"name\":\"Diario1 Diario1\",\"@id\":\"https:\\\/\\\/diariotextual.com\\\/inicio\\\/#\\\/schema\\\/person\\\/418fc4093c33e86ed41562db3508f958\"},\"headline\":\"CFK viaja de urgencia a Cuba, pero regresa para estar el 17 de octubre en Santa Rosa\",\"datePublished\":\"2019-09-27T19:58:27+00:00\",\"dateModified\":\"2019-09-28T12:10:00+00:00\",\"mainEntityOfPage\":{\"@id\":\"https:\\\/\\\/diariotextual.com\\\/inicio\\\/index.php\\\/2019\\\/09\\\/27\\\/cfk-viaja-urgencia-cuba-regresa-estar-17-octubre-santa-rosa\\\/\"},\"wordCount\":347,\"publisher\":{\"@id\":\"https:\\\/\\\/diariotextual.com\\\/inicio\\\/#organization\"},\"image\":{\"@id\":\"https:\\\/\\\/diariotextual.com\\\/inicio\\\/index.php\\\/2019\\\/09\\\/27\\\/cfk-viaja-urgencia-cuba-regresa-estar-17-octubre-santa-rosa\\\/#primaryimage\"},\"thumbnailUrl\":\"https:\\\/\\\/diariotextual.com\\\/inicio\\\/wp-content\\\/uploads\\\/2019\\\/08\\\/cristinafernandezlaplata2019-2.jpg\",\"keywords\":[\"CFK\",\"cristina\"],\"articleSection\":[\"A - ES NOTICIA (van abajo)\",\"A - TEMPORALES\",\"POLITICA\"],\"inLanguage\":\"es\"},{\"@type\":\"WebPage\",\"@id\":\"https:\\\/\\\/diariotextual.com\\\/inicio\\\/index.php\\\/2019\\\/09\\\/27\\\/cfk-viaja-urgencia-cuba-regresa-estar-17-octubre-santa-rosa\\\/\",\"url\":\"https:\\\/\\\/diariotextual.com\\\/inicio\\\/index.php\\\/2019\\\/09\\\/27\\\/cfk-viaja-urgencia-cuba-regresa-estar-17-octubre-santa-rosa\\\/\",\"name\":\"CFK viaja de urgencia a Cuba, pero regresa para estar el 17 de octubre en Santa Rosa - Diario Textual\",\"isPartOf\":{\"@id\":\"https:\\\/\\\/diariotextual.com\\\/inicio\\\/#website\"},\"primaryImageOfPage\":{\"@id\":\"https:\\\/\\\/diariotextual.com\\\/inicio\\\/index.php\\\/2019\\\/09\\\/27\\\/cfk-viaja-urgencia-cuba-regresa-estar-17-octubre-santa-rosa\\\/#primaryimage\"},\"image\":{\"@id\":\"https:\\\/\\\/diariotextual.com\\\/inicio\\\/index.php\\\/2019\\\/09\\\/27\\\/cfk-viaja-urgencia-cuba-regresa-estar-17-octubre-santa-rosa\\\/#primaryimage\"},\"thumbnailUrl\":\"https:\\\/\\\/diariotextual.com\\\/inicio\\\/wp-content\\\/uploads\\\/2019\\\/08\\\/cristinafernandezlaplata2019-2.jpg\",\"datePublished\":\"2019-09-27T19:58:27+00:00\",\"dateModified\":\"2019-09-28T12:10:00+00:00\",\"breadcrumb\":{\"@id\":\"https:\\\/\\\/diariotextual.com\\\/inicio\\\/index.php\\\/2019\\\/09\\\/27\\\/cfk-viaja-urgencia-cuba-regresa-estar-17-octubre-santa-rosa\\\/#breadcrumb\"},\"inLanguage\":\"es\",\"potentialAction\":[{\"@type\":\"ReadAction\",\"target\":[\"https:\\\/\\\/diariotextual.com\\\/inicio\\\/index.php\\\/2019\\\/09\\\/27\\\/cfk-viaja-urgencia-cuba-regresa-estar-17-octubre-santa-rosa\\\/\"]}]},{\"@type\":\"ImageObject\",\"inLanguage\":\"es\",\"@id\":\"https:\\\/\\\/diariotextual.com\\\/inicio\\\/index.php\\\/2019\\\/09\\\/27\\\/cfk-viaja-urgencia-cuba-regresa-estar-17-octubre-santa-rosa\\\/#primaryimage\",\"url\":\"https:\\\/\\\/diariotextual.com\\\/inicio\\\/wp-content\\\/uploads\\\/2019\\\/08\\\/cristinafernandezlaplata2019-2.jpg\",\"contentUrl\":\"https:\\\/\\\/diariotextual.com\\\/inicio\\\/wp-content\\\/uploads\\\/2019\\\/08\\\/cristinafernandezlaplata2019-2.jpg\",\"width\":750,\"height\":500},{\"@type\":\"BreadcrumbList\",\"@id\":\"https:\\\/\\\/diariotextual.com\\\/inicio\\\/index.php\\\/2019\\\/09\\\/27\\\/cfk-viaja-urgencia-cuba-regresa-estar-17-octubre-santa-rosa\\\/#breadcrumb\",\"itemListElement\":[{\"@type\":\"ListItem\",\"position\":1,\"name\":\"Portada\",\"item\":\"https:\\\/\\\/diariotextual.com\\\/inicio\\\/\"},{\"@type\":\"ListItem\",\"position\":2,\"name\":\"CFK viaja de urgencia a Cuba, pero regresa para estar el 17 de octubre en Santa Rosa\"}]},{\"@type\":\"WebSite\",\"@id\":\"https:\\\/\\\/diariotextual.com\\\/inicio\\\/#website\",\"url\":\"https:\\\/\\\/diariotextual.com\\\/inicio\\\/\",\"name\":\"Diario Textual\",\"description\":\"\",\"publisher\":{\"@id\":\"https:\\\/\\\/diariotextual.com\\\/inicio\\\/#organization\"},\"potentialAction\":[{\"@type\":\"SearchAction\",\"target\":{\"@type\":\"EntryPoint\",\"urlTemplate\":\"https:\\\/\\\/diariotextual.com\\\/inicio\\\/?s={search_term_string}\"},\"query-input\":{\"@type\":\"PropertyValueSpecification\",\"valueRequired\":true,\"valueName\":\"search_term_string\"}}],\"inLanguage\":\"es\"},{\"@type\":\"Organization\",\"@id\":\"https:\\\/\\\/diariotextual.com\\\/inicio\\\/#organization\",\"name\":\"Diario Textual\",\"url\":\"https:\\\/\\\/diariotextual.com\\\/inicio\\\/\",\"logo\":{\"@type\":\"ImageObject\",\"inLanguage\":\"es\",\"@id\":\"https:\\\/\\\/diariotextual.com\\\/inicio\\\/#\\\/schema\\\/logo\\\/image\\\/\",\"url\":\"https:\\\/\\\/diariotextual.com\\\/inicio\\\/wp-content\\\/uploads\\\/2023\\\/05\\\/logotextual1.jpg\",\"contentUrl\":\"https:\\\/\\\/diariotextual.com\\\/inicio\\\/wp-content\\\/uploads\\\/2023\\\/05\\\/logotextual1.jpg\",\"width\":516,\"height\":76,\"caption\":\"Diario Textual\"},\"image\":{\"@id\":\"https:\\\/\\\/diariotextual.com\\\/inicio\\\/#\\\/schema\\\/logo\\\/image\\\/\"},\"sameAs\":[\"https:\\\/\\\/www.facebook.com\\\/eltextual\",\"https:\\\/\\\/x.com\\\/eltextual\",\"http:\\\/\\\/www.instagram.com\\\/eltextual\"]},{\"@type\":\"Person\",\"@id\":\"https:\\\/\\\/diariotextual.com\\\/inicio\\\/#\\\/schema\\\/person\\\/418fc4093c33e86ed41562db3508f958\",\"name\":\"Diario1 Diario1\",\"image\":{\"@type\":\"ImageObject\",\"inLanguage\":\"es\",\"@id\":\"https:\\\/\\\/secure.gravatar.com\\\/avatar\\\/9167d280179c85bc18be67aa7eda765854300033af4896dd779b608640f2ef7a?s=96&d=mm&r=g\",\"url\":\"https:\\\/\\\/secure.gravatar.com\\\/avatar\\\/9167d280179c85bc18be67aa7eda765854300033af4896dd779b608640f2ef7a?s=96&d=mm&r=g\",\"contentUrl\":\"https:\\\/\\\/secure.gravatar.com\\\/avatar\\\/9167d280179c85bc18be67aa7eda765854300033af4896dd779b608640f2ef7a?s=96&d=mm&r=g\",\"caption\":\"Diario1 Diario1\"},\"url\":\"https:\\\/\\\/diariotextual.com\\\/inicio\\\/index.php\\\/author\\\/diario1\\\/\"}]}<\/script>\n<!-- \/ Yoast SEO plugin. -->","yoast_head_json":{"title":"CFK viaja de urgencia a Cuba, pero regresa para estar el 17 de octubre en Santa Rosa - Diario Textual","robots":{"index":"index","follow":"follow","max-snippet":"max-snippet:-1","max-image-preview":"max-image-preview:large","max-video-preview":"max-video-preview:-1"},"canonical":"https:\/\/diariotextual.com\/inicio\/index.php\/2019\/09\/27\/cfk-viaja-urgencia-cuba-regresa-estar-17-octubre-santa-rosa\/","og_locale":"es_ES","og_type":"article","og_title":"CFK viaja de urgencia a Cuba, pero regresa para estar el 17 de octubre en Santa Rosa - Diario Textual","og_description":"Cristina Fern\u00e1ndez de Kirchner volvi\u00f3 a cancelar la gira de presentaci\u00f3n de su libro \u00abSinceramente\u00bb y viajar\u00e1 de urgencia a Cuba para ver a su hija Florencia , que se&hellip;","og_url":"https:\/\/diariotextual.com\/inicio\/index.php\/2019\/09\/27\/cfk-viaja-urgencia-cuba-regresa-estar-17-octubre-santa-rosa\/","og_site_name":"Diario Textual","article_publisher":"https:\/\/www.facebook.com\/eltextual","article_published_time":"2019-09-27T19:58:27+00:00","article_modified_time":"2019-09-28T12:10:00+00:00","og_image":[{"width":750,"height":500,"url":"https:\/\/diariotextual.com\/inicio\/wp-content\/uploads\/2019\/08\/cristinafernandezlaplata2019-2.jpg","type":"image\/jpeg"}],"author":"Diario1 Diario1","twitter_card":"summary_large_image","twitter_creator":"@eltextual","twitter_site":"@eltextual","twitter_misc":{"Escrito por":"Diario1 Diario1","Tiempo de lectura":"2 minutos"},"schema":{"@context":"https:\/\/schema.org","@graph":[{"@type":"Article","@id":"https:\/\/diariotextual.com\/inicio\/index.php\/2019\/09\/27\/cfk-viaja-urgencia-cuba-regresa-estar-17-octubre-santa-rosa\/#article","isPartOf":{"@id":"https:\/\/diariotextual.com\/inicio\/index.php\/2019\/09\/27\/cfk-viaja-urgencia-cuba-regresa-estar-17-octubre-santa-rosa\/"},"author":{"name":"Diario1 Diario1","@id":"https:\/\/diariotextual.com\/inicio\/#\/schema\/person\/418fc4093c33e86ed41562db3508f958"},"headline":"CFK viaja de urgencia a Cuba, pero regresa para estar el 17 de octubre en Santa Rosa","datePublished":"2019-09-27T19:58:27+00:00","dateModified":"2019-09-28T12:10:00+00:00","mainEntityOfPage":{"@id":"https:\/\/diariotextual.com\/inicio\/index.php\/2019\/09\/27\/cfk-viaja-urgencia-cuba-regresa-estar-17-octubre-santa-rosa\/"},"wordCount":347,"publisher":{"@id":"https:\/\/diariotextual.com\/inicio\/#organization"},"image":{"@id":"https:\/\/diariotextual.com\/inicio\/index.php\/2019\/09\/27\/cfk-viaja-urgencia-cuba-regresa-estar-17-octubre-santa-rosa\/#primaryimage"},"thumbnailUrl":"https:\/\/diariotextual.com\/inicio\/wp-content\/uploads\/2019\/08\/cristinafernandezlaplata2019-2.jpg","keywords":["CFK","cristina"],"articleSection":["A - ES NOTICIA (van abajo)","A - TEMPORALES","POLITICA"],"inLanguage":"es"},{"@type":"WebPage","@id":"https:\/\/diariotextual.com\/inicio\/index.php\/2019\/09\/27\/cfk-viaja-urgencia-cuba-regresa-estar-17-octubre-santa-rosa\/","url":"https:\/\/diariotextual.com\/inicio\/index.php\/2019\/09\/27\/cfk-viaja-urgencia-cuba-regresa-estar-17-octubre-santa-rosa\/","name":"CFK viaja de urgencia a Cuba, pero regresa para estar el 17 de octubre en Santa Rosa - Diario Textual","isPartOf":{"@id":"https:\/\/diariotextual.com\/inicio\/#website"},"primaryImageOfPage":{"@id":"https:\/\/diariotextual.com\/inicio\/index.php\/2019\/09\/27\/cfk-viaja-urgencia-cuba-regresa-estar-17-octubre-santa-rosa\/#primaryimage"},"image":{"@id":"https:\/\/diariotextual.com\/inicio\/index.php\/2019\/09\/27\/cfk-viaja-urgencia-cuba-regresa-estar-17-octubre-santa-rosa\/#primaryimage"},"thumbnailUrl":"https:\/\/diariotextual.com\/inicio\/wp-content\/uploads\/2019\/08\/cristinafernandezlaplata2019-2.jpg","datePublished":"2019-09-27T19:58:27+00:00","dateModified":"2019-09-28T12:10:00+00:00","breadcrumb":{"@id":"https:\/\/diariotextual.com\/inicio\/index.php\/2019\/09\/27\/cfk-viaja-urgencia-cuba-regresa-estar-17-octubre-santa-rosa\/#breadcrumb"},"inLanguage":"es","potentialAction":[{"@type":"ReadAction","target":["https:\/\/diariotextual.com\/inicio\/index.php\/2019\/09\/27\/cfk-viaja-urgencia-cuba-regresa-estar-17-octubre-santa-rosa\/"]}]},{"@type":"ImageObject","inLanguage":"es","@id":"https:\/\/diariotextual.com\/inicio\/index.php\/2019\/09\/27\/cfk-viaja-urgencia-cuba-regresa-estar-17-octubre-santa-rosa\/#primaryimage","url":"https:\/\/diariotextual.com\/inicio\/wp-content\/uploads\/2019\/08\/cristinafernandezlaplata2019-2.jpg","contentUrl":"https:\/\/diariotextual.com\/inicio\/wp-content\/uploads\/2019\/08\/cristinafernandezlaplata2019-2.jpg","width":750,"height":500},{"@type":"BreadcrumbList","@id":"https:\/\/diariotextual.com\/inicio\/index.php\/2019\/09\/27\/cfk-viaja-urgencia-cuba-regresa-estar-17-octubre-santa-rosa\/#breadcrumb","itemListElement":[{"@type":"ListItem","position":1,"name":"Portada","item":"https:\/\/diariotextual.com\/inicio\/"},{"@type":"ListItem","position":2,"name":"CFK viaja de urgencia a Cuba, pero regresa para estar el 17 de octubre en Santa Rosa"}]},{"@type":"WebSite","@id":"https:\/\/diariotextual.com\/inicio\/#website","url":"https:\/\/diariotextual.com\/inicio\/","name":"Diario Textual","description":"","publisher":{"@id":"https:\/\/diariotextual.com\/inicio\/#organization"},"potentialAction":[{"@type":"SearchAction","target":{"@type":"EntryPoint","urlTemplate":"https:\/\/diariotextual.com\/inicio\/?s={search_term_string}"},"query-input":{"@type":"PropertyValueSpecification","valueRequired":true,"valueName":"search_term_string"}}],"inLanguage":"es"},{"@type":"Organization","@id":"https:\/\/diariotextual.com\/inicio\/#organization","name":"Diario Textual","url":"https:\/\/diariotextual.com\/inicio\/","logo":{"@type":"ImageObject","inLanguage":"es","@id":"https:\/\/diariotextual.com\/inicio\/#\/schema\/logo\/image\/","url":"https:\/\/diariotextual.com\/inicio\/wp-content\/uploads\/2023\/05\/logotextual1.jpg","contentUrl":"https:\/\/diariotextual.com\/inicio\/wp-content\/uploads\/2023\/05\/logotextual1.jpg","width":516,"height":76,"caption":"Diario Textual"},"image":{"@id":"https:\/\/diariotextual.com\/inicio\/#\/schema\/logo\/image\/"},"sameAs":["https:\/\/www.facebook.com\/eltextual","https:\/\/x.com\/eltextual","http:\/\/www.instagram.com\/eltextual"]},{"@type":"Person","@id":"https:\/\/diariotextual.com\/inicio\/#\/schema\/person\/418fc4093c33e86ed41562db3508f958","name":"Diario1 Diario1","image":{"@type":"ImageObject","inLanguage":"es","@id":"https:\/\/secure.gravatar.com\/avatar\/9167d280179c85bc18be67aa7eda765854300033af4896dd779b608640f2ef7a?s=96&d=mm&r=g","url":"https:\/\/secure.gravatar.com\/avatar\/9167d280179c85bc18be67aa7eda765854300033af4896dd779b608640f2ef7a?s=96&d=mm&r=g","contentUrl":"https:\/\/secure.gravatar.com\/avatar\/9167d280179c85bc18be67aa7eda765854300033af4896dd779b608640f2ef7a?s=96&d=mm&r=g","caption":"Diario1 Diario1"},"url":"https:\/\/diariotextual.com\/inicio\/index.php\/author\/diario1\/"}]}},"_links":{"self":[{"href":"https:\/\/diariotextual.com\/inicio\/index.php\/wp-json\/wp\/v2\/posts\/64044","targetHints":{"allow":["GET"]}}],"collection":[{"href":"https:\/\/diariotextual.com\/inicio\/index.php\/wp-json\/wp\/v2\/posts"}],"about":[{"href":"https:\/\/diariotextual.com\/inicio\/index.php\/wp-json\/wp\/v2\/types\/post"}],"author":[{"embeddable":true,"href":"https:\/\/diariotextual.com\/inicio\/index.php\/wp-json\/wp\/v2\/users\/3"}],"replies":[{"embeddable":true,"href":"https:\/\/diariotextual.com\/inicio\/index.php\/wp-json\/wp\/v2\/comments?post=64044"}],"version-history":[{"count":5,"href":"https:\/\/diariotextual.com\/inicio\/index.php\/wp-json\/wp\/v2\/posts\/64044\/revisions"}],"predecessor-version":[{"id":64049,"href":"https:\/\/diariotextual.com\/inicio\/index.php\/wp-json\/wp\/v2\/posts\/64044\/revisions\/64049"}],"wp:featuredmedia":[{"embeddable":true,"href":"https:\/\/diariotextual.com\/inicio\/index.php\/wp-json\/wp\/v2\/media\/61357"}],"wp:attachment":[{"href":"https:\/\/diariotextual.com\/inicio\/index.php\/wp-json\/wp\/v2\/media?parent=64044"}],"wp:term":[{"taxonomy":"category","embeddable":true,"href":"https:\/\/diariotextual.com\/inicio\/index.php\/wp-json\/wp\/v2\/categories?post=64044"},{"taxonomy":"post_tag","embeddable":true,"href":"https:\/\/diariotextual.com\/inicio\/index.php\/wp-json\/wp\/v2\/tags?post=64044"}],"curies":[{"name":"wp","href":"https:\/\/api.w.org\/{rel}","templated":true}]}}