{"id":64111,"date":"2019-09-28T09:56:01","date_gmt":"2019-09-28T12:56:01","guid":{"rendered":"http:\/\/diariotextual.com\/inicio\/?p=64111"},"modified":"2019-09-28T21:14:39","modified_gmt":"2019-09-29T00:14:39","slug":"acto-del-17-octubre-tendra-tres-oradores-verna-cfk-alberto-fernandez","status":"publish","type":"post","link":"https:\/\/diariotextual.com\/inicio\/index.php\/2019\/09\/28\/acto-del-17-octubre-tendra-tres-oradores-verna-cfk-alberto-fernandez\/","title":{"rendered":"El acto del 17 de octubre tendr\u00e1 tres oradores: Verna, CFK y Alberto Fern\u00e1ndez"},"content":{"rendered":"<p>Los organizadores del acto del 17 de octubre, que ser\u00e1 una suerte de cierre de campa\u00f1a del Frente de Todos, est\u00e1n ultimando detalles.<strong> Jos\u00e9 P\u00e9rez<\/strong>, subsecretario de Medios, dijo a<strong> Radio Textual (FM Sonar)<\/strong> que la f\u00f3rmula presidencial <strong>Alberto Fern\u00e1ndez<\/strong> y<strong> Cristina Fern\u00e1ndez<\/strong> llegar\u00e1 un d\u00eda antes a la ciudad de Santa Rosa y que ser\u00e1n los principales oradores, junto a <strong>Carlos Verna<\/strong>, alrededor de las 18 horas en el <strong>Parque Don Tom\u00e1s<\/strong>.<\/p>\n<p>El palco estar\u00e1 ubicado en proximidades de la pista de atletismo, al sur de la laguna (continuaci\u00f3n de la avenida Uruguay).<\/p>\n<p>Se espera una multitud. Hay quienes esperan entre 40 mil y 50 mil personas. P\u00e9rez fue m\u00e1s cauto. \u00abNo s\u00e9 cu\u00e1l ser\u00e1 la asistencia, pero no ser\u00e1 poca.\u00a0Calculamos al menos 10 mil\u00bb, dijo.<\/p>\n<p>El acto, en el D\u00eda de la Lealtad Peronista, comenzar\u00e1 pasado el mediod\u00eda. Habr\u00e1 espect\u00e1culos musicales y, ya a las 18 horas, se esperan los discursos. <strong>\u201cSer\u00e1n tres los oradores: Verna, Cristina y Alberto\u201d<\/strong>, dijo P\u00e9rez.<\/p>\n<p>Dijo que Alberto y Cristina llegar\u00e1n \u00abel 16 a la noche\u00bb a la ciudad capital. \u00abY ya el 17\u00a0llegar\u00e1 buena parte de los dirigentes, como gobernadores e intendentes de la provincia de Buenos Aires\u00bb, agreg\u00f3.<\/p>\n<p><strong>\u00bfPor qu\u00e9 Alberto y CFK eligieron a La Pampa para cerrar el acto?<\/strong> \u201cCreo que, posiblemente, tiene que ver con una especie de reconocimiento al peronismo en la provincia de La Pampa, que supo encolumnarse en un proyecto en com\u00fan. Marc\u00f3 el camino a seguir al peronismo nacional. Tambi\u00e9n tiene que ver, seguramente, en alg\u00fan reconocimiento al gobernador Verna que se opuso a las pol\u00edticas de este Gobierno nacional. Ahora parece que todos se le animan, pero en el inicio de la gesti\u00f3n no era gratis ni sencillo plantarse as\u00ed. Incluso, en la decisi\u00f3n de hacer el acto aqu\u00ed, quiz\u00e1s hay alg\u00fan tipo de decisi\u00f3n de acercarse al peronismo genuino\u201d, sostuvo.<\/p>\n<p>&nbsp;<\/p>\n<p>&nbsp;<\/p>\n<p>&nbsp;<\/p>\n<p>&nbsp;<\/p>\n<p>&nbsp;<\/p>\n<p>&nbsp;<\/p>\n","protected":false},"excerpt":{"rendered":"<p>Los organizadores del acto del 17 de octubre, que ser\u00e1 una suerte de cierre de campa\u00f1a del Frente de Todos, est\u00e1n ultimando detalles. Jos\u00e9 P\u00e9rez, subsecretario de Medios, dijo a&hellip;<\/p>\n","protected":false},"author":3,"featured_media":50027,"comment_status":"closed","ping_status":"open","sticky":false,"template":"","format":"standard","meta":{"_acf_changed":false,"footnotes":""},"categories":[11,319,8],"tags":[],"class_list":["post-64111","post","type-post","status-publish","format-standard","has-post-thumbnail","hentry","category-que-pasa","category-a-temporales","category-politica"],"acf":[],"yoast_head":"<!-- This site is optimized with the Yoast SEO plugin v27.5 - https:\/\/yoast.com\/product\/yoast-seo-wordpress\/ -->\n<title>El acto del 17 de octubre tendr\u00e1 tres oradores: Verna, CFK y Alberto Fern\u00e1ndez - Diario Textual<\/title>\n<meta name=\"robots\" content=\"index, follow, max-snippet:-1, max-image-preview:large, max-video-preview:-1\" \/>\n<link rel=\"canonical\" href=\"https:\/\/diariotextual.com\/inicio\/index.php\/2019\/09\/28\/acto-del-17-octubre-tendra-tres-oradores-verna-cfk-alberto-fernandez\/\" \/>\n<meta property=\"og:locale\" content=\"es_ES\" \/>\n<meta property=\"og:type\" content=\"article\" \/>\n<meta property=\"og:title\" content=\"El acto del 17 de octubre tendr\u00e1 tres oradores: Verna, CFK y Alberto Fern\u00e1ndez - Diario Textual\" \/>\n<meta property=\"og:description\" content=\"Los organizadores del acto del 17 de octubre, que ser\u00e1 una suerte de cierre de campa\u00f1a del Frente de Todos, est\u00e1n ultimando detalles. Jos\u00e9 P\u00e9rez, subsecretario de Medios, dijo a&hellip;\" \/>\n<meta property=\"og:url\" content=\"https:\/\/diariotextual.com\/inicio\/index.php\/2019\/09\/28\/acto-del-17-octubre-tendra-tres-oradores-verna-cfk-alberto-fernandez\/\" \/>\n<meta property=\"og:site_name\" content=\"Diario Textual\" \/>\n<meta property=\"article:publisher\" content=\"https:\/\/www.facebook.com\/eltextual\" \/>\n<meta property=\"article:published_time\" content=\"2019-09-28T12:56:01+00:00\" \/>\n<meta property=\"article:modified_time\" content=\"2019-09-29T00:14:39+00:00\" \/>\n<meta property=\"og:image\" content=\"https:\/\/diariotextual.com\/inicio\/wp-content\/uploads\/2019\/05\/albertofernandezcristinafernandez2019-1.jpg\" \/>\n\t<meta property=\"og:image:width\" content=\"830\" \/>\n\t<meta property=\"og:image:height\" content=\"542\" \/>\n\t<meta property=\"og:image:type\" content=\"image\/jpeg\" \/>\n<meta name=\"author\" content=\"Diario1 Diario1\" \/>\n<meta name=\"twitter:card\" content=\"summary_large_image\" \/>\n<meta name=\"twitter:creator\" content=\"@eltextual\" \/>\n<meta name=\"twitter:site\" content=\"@eltextual\" \/>\n<meta name=\"twitter:label1\" content=\"Escrito por\" \/>\n\t<meta name=\"twitter:data1\" content=\"Diario1 Diario1\" \/>\n\t<meta name=\"twitter:label2\" content=\"Tiempo de lectura\" \/>\n\t<meta name=\"twitter:data2\" content=\"2 minutos\" \/>\n<script type=\"application\/ld+json\" class=\"yoast-schema-graph\">{\"@context\":\"https:\\\/\\\/schema.org\",\"@graph\":[{\"@type\":\"Article\",\"@id\":\"https:\\\/\\\/diariotextual.com\\\/inicio\\\/index.php\\\/2019\\\/09\\\/28\\\/acto-del-17-octubre-tendra-tres-oradores-verna-cfk-alberto-fernandez\\\/#article\",\"isPartOf\":{\"@id\":\"https:\\\/\\\/diariotextual.com\\\/inicio\\\/index.php\\\/2019\\\/09\\\/28\\\/acto-del-17-octubre-tendra-tres-oradores-verna-cfk-alberto-fernandez\\\/\"},\"author\":{\"name\":\"Diario1 Diario1\",\"@id\":\"https:\\\/\\\/diariotextual.com\\\/inicio\\\/#\\\/schema\\\/person\\\/418fc4093c33e86ed41562db3508f958\"},\"headline\":\"El acto del 17 de octubre tendr\u00e1 tres oradores: Verna, CFK y Alberto Fern\u00e1ndez\",\"datePublished\":\"2019-09-28T12:56:01+00:00\",\"dateModified\":\"2019-09-29T00:14:39+00:00\",\"mainEntityOfPage\":{\"@id\":\"https:\\\/\\\/diariotextual.com\\\/inicio\\\/index.php\\\/2019\\\/09\\\/28\\\/acto-del-17-octubre-tendra-tres-oradores-verna-cfk-alberto-fernandez\\\/\"},\"wordCount\":351,\"publisher\":{\"@id\":\"https:\\\/\\\/diariotextual.com\\\/inicio\\\/#organization\"},\"image\":{\"@id\":\"https:\\\/\\\/diariotextual.com\\\/inicio\\\/index.php\\\/2019\\\/09\\\/28\\\/acto-del-17-octubre-tendra-tres-oradores-verna-cfk-alberto-fernandez\\\/#primaryimage\"},\"thumbnailUrl\":\"https:\\\/\\\/diariotextual.com\\\/inicio\\\/wp-content\\\/uploads\\\/2019\\\/05\\\/albertofernandezcristinafernandez2019-1.jpg\",\"articleSection\":[\"A - QUE PASA (al costado)\",\"A - TEMPORALES\",\"POLITICA\"],\"inLanguage\":\"es\"},{\"@type\":\"WebPage\",\"@id\":\"https:\\\/\\\/diariotextual.com\\\/inicio\\\/index.php\\\/2019\\\/09\\\/28\\\/acto-del-17-octubre-tendra-tres-oradores-verna-cfk-alberto-fernandez\\\/\",\"url\":\"https:\\\/\\\/diariotextual.com\\\/inicio\\\/index.php\\\/2019\\\/09\\\/28\\\/acto-del-17-octubre-tendra-tres-oradores-verna-cfk-alberto-fernandez\\\/\",\"name\":\"El acto del 17 de octubre tendr\u00e1 tres oradores: Verna, CFK y Alberto Fern\u00e1ndez - Diario Textual\",\"isPartOf\":{\"@id\":\"https:\\\/\\\/diariotextual.com\\\/inicio\\\/#website\"},\"primaryImageOfPage\":{\"@id\":\"https:\\\/\\\/diariotextual.com\\\/inicio\\\/index.php\\\/2019\\\/09\\\/28\\\/acto-del-17-octubre-tendra-tres-oradores-verna-cfk-alberto-fernandez\\\/#primaryimage\"},\"image\":{\"@id\":\"https:\\\/\\\/diariotextual.com\\\/inicio\\\/index.php\\\/2019\\\/09\\\/28\\\/acto-del-17-octubre-tendra-tres-oradores-verna-cfk-alberto-fernandez\\\/#primaryimage\"},\"thumbnailUrl\":\"https:\\\/\\\/diariotextual.com\\\/inicio\\\/wp-content\\\/uploads\\\/2019\\\/05\\\/albertofernandezcristinafernandez2019-1.jpg\",\"datePublished\":\"2019-09-28T12:56:01+00:00\",\"dateModified\":\"2019-09-29T00:14:39+00:00\",\"breadcrumb\":{\"@id\":\"https:\\\/\\\/diariotextual.com\\\/inicio\\\/index.php\\\/2019\\\/09\\\/28\\\/acto-del-17-octubre-tendra-tres-oradores-verna-cfk-alberto-fernandez\\\/#breadcrumb\"},\"inLanguage\":\"es\",\"potentialAction\":[{\"@type\":\"ReadAction\",\"target\":[\"https:\\\/\\\/diariotextual.com\\\/inicio\\\/index.php\\\/2019\\\/09\\\/28\\\/acto-del-17-octubre-tendra-tres-oradores-verna-cfk-alberto-fernandez\\\/\"]}]},{\"@type\":\"ImageObject\",\"inLanguage\":\"es\",\"@id\":\"https:\\\/\\\/diariotextual.com\\\/inicio\\\/index.php\\\/2019\\\/09\\\/28\\\/acto-del-17-octubre-tendra-tres-oradores-verna-cfk-alberto-fernandez\\\/#primaryimage\",\"url\":\"https:\\\/\\\/diariotextual.com\\\/inicio\\\/wp-content\\\/uploads\\\/2019\\\/05\\\/albertofernandezcristinafernandez2019-1.jpg\",\"contentUrl\":\"https:\\\/\\\/diariotextual.com\\\/inicio\\\/wp-content\\\/uploads\\\/2019\\\/05\\\/albertofernandezcristinafernandez2019-1.jpg\",\"width\":830,\"height\":542},{\"@type\":\"BreadcrumbList\",\"@id\":\"https:\\\/\\\/diariotextual.com\\\/inicio\\\/index.php\\\/2019\\\/09\\\/28\\\/acto-del-17-octubre-tendra-tres-oradores-verna-cfk-alberto-fernandez\\\/#breadcrumb\",\"itemListElement\":[{\"@type\":\"ListItem\",\"position\":1,\"name\":\"Portada\",\"item\":\"https:\\\/\\\/diariotextual.com\\\/inicio\\\/\"},{\"@type\":\"ListItem\",\"position\":2,\"name\":\"El acto del 17 de octubre tendr\u00e1 tres oradores: Verna, CFK y Alberto Fern\u00e1ndez\"}]},{\"@type\":\"WebSite\",\"@id\":\"https:\\\/\\\/diariotextual.com\\\/inicio\\\/#website\",\"url\":\"https:\\\/\\\/diariotextual.com\\\/inicio\\\/\",\"name\":\"Diario Textual\",\"description\":\"\",\"publisher\":{\"@id\":\"https:\\\/\\\/diariotextual.com\\\/inicio\\\/#organization\"},\"potentialAction\":[{\"@type\":\"SearchAction\",\"target\":{\"@type\":\"EntryPoint\",\"urlTemplate\":\"https:\\\/\\\/diariotextual.com\\\/inicio\\\/?s={search_term_string}\"},\"query-input\":{\"@type\":\"PropertyValueSpecification\",\"valueRequired\":true,\"valueName\":\"search_term_string\"}}],\"inLanguage\":\"es\"},{\"@type\":\"Organization\",\"@id\":\"https:\\\/\\\/diariotextual.com\\\/inicio\\\/#organization\",\"name\":\"Diario Textual\",\"url\":\"https:\\\/\\\/diariotextual.com\\\/inicio\\\/\",\"logo\":{\"@type\":\"ImageObject\",\"inLanguage\":\"es\",\"@id\":\"https:\\\/\\\/diariotextual.com\\\/inicio\\\/#\\\/schema\\\/logo\\\/image\\\/\",\"url\":\"https:\\\/\\\/diariotextual.com\\\/inicio\\\/wp-content\\\/uploads\\\/2023\\\/05\\\/logotextual1.jpg\",\"contentUrl\":\"https:\\\/\\\/diariotextual.com\\\/inicio\\\/wp-content\\\/uploads\\\/2023\\\/05\\\/logotextual1.jpg\",\"width\":516,\"height\":76,\"caption\":\"Diario Textual\"},\"image\":{\"@id\":\"https:\\\/\\\/diariotextual.com\\\/inicio\\\/#\\\/schema\\\/logo\\\/image\\\/\"},\"sameAs\":[\"https:\\\/\\\/www.facebook.com\\\/eltextual\",\"https:\\\/\\\/x.com\\\/eltextual\",\"http:\\\/\\\/www.instagram.com\\\/eltextual\"]},{\"@type\":\"Person\",\"@id\":\"https:\\\/\\\/diariotextual.com\\\/inicio\\\/#\\\/schema\\\/person\\\/418fc4093c33e86ed41562db3508f958\",\"name\":\"Diario1 Diario1\",\"image\":{\"@type\":\"ImageObject\",\"inLanguage\":\"es\",\"@id\":\"https:\\\/\\\/secure.gravatar.com\\\/avatar\\\/9167d280179c85bc18be67aa7eda765854300033af4896dd779b608640f2ef7a?s=96&d=mm&r=g\",\"url\":\"https:\\\/\\\/secure.gravatar.com\\\/avatar\\\/9167d280179c85bc18be67aa7eda765854300033af4896dd779b608640f2ef7a?s=96&d=mm&r=g\",\"contentUrl\":\"https:\\\/\\\/secure.gravatar.com\\\/avatar\\\/9167d280179c85bc18be67aa7eda765854300033af4896dd779b608640f2ef7a?s=96&d=mm&r=g\",\"caption\":\"Diario1 Diario1\"},\"url\":\"https:\\\/\\\/diariotextual.com\\\/inicio\\\/index.php\\\/author\\\/diario1\\\/\"}]}<\/script>\n<!-- \/ Yoast SEO plugin. -->","yoast_head_json":{"title":"El acto del 17 de octubre tendr\u00e1 tres oradores: Verna, CFK y Alberto Fern\u00e1ndez - Diario Textual","robots":{"index":"index","follow":"follow","max-snippet":"max-snippet:-1","max-image-preview":"max-image-preview:large","max-video-preview":"max-video-preview:-1"},"canonical":"https:\/\/diariotextual.com\/inicio\/index.php\/2019\/09\/28\/acto-del-17-octubre-tendra-tres-oradores-verna-cfk-alberto-fernandez\/","og_locale":"es_ES","og_type":"article","og_title":"El acto del 17 de octubre tendr\u00e1 tres oradores: Verna, CFK y Alberto Fern\u00e1ndez - Diario Textual","og_description":"Los organizadores del acto del 17 de octubre, que ser\u00e1 una suerte de cierre de campa\u00f1a del Frente de Todos, est\u00e1n ultimando detalles. Jos\u00e9 P\u00e9rez, subsecretario de Medios, dijo a&hellip;","og_url":"https:\/\/diariotextual.com\/inicio\/index.php\/2019\/09\/28\/acto-del-17-octubre-tendra-tres-oradores-verna-cfk-alberto-fernandez\/","og_site_name":"Diario Textual","article_publisher":"https:\/\/www.facebook.com\/eltextual","article_published_time":"2019-09-28T12:56:01+00:00","article_modified_time":"2019-09-29T00:14:39+00:00","og_image":[{"width":830,"height":542,"url":"https:\/\/diariotextual.com\/inicio\/wp-content\/uploads\/2019\/05\/albertofernandezcristinafernandez2019-1.jpg","type":"image\/jpeg"}],"author":"Diario1 Diario1","twitter_card":"summary_large_image","twitter_creator":"@eltextual","twitter_site":"@eltextual","twitter_misc":{"Escrito por":"Diario1 Diario1","Tiempo de lectura":"2 minutos"},"schema":{"@context":"https:\/\/schema.org","@graph":[{"@type":"Article","@id":"https:\/\/diariotextual.com\/inicio\/index.php\/2019\/09\/28\/acto-del-17-octubre-tendra-tres-oradores-verna-cfk-alberto-fernandez\/#article","isPartOf":{"@id":"https:\/\/diariotextual.com\/inicio\/index.php\/2019\/09\/28\/acto-del-17-octubre-tendra-tres-oradores-verna-cfk-alberto-fernandez\/"},"author":{"name":"Diario1 Diario1","@id":"https:\/\/diariotextual.com\/inicio\/#\/schema\/person\/418fc4093c33e86ed41562db3508f958"},"headline":"El acto del 17 de octubre tendr\u00e1 tres oradores: Verna, CFK y Alberto Fern\u00e1ndez","datePublished":"2019-09-28T12:56:01+00:00","dateModified":"2019-09-29T00:14:39+00:00","mainEntityOfPage":{"@id":"https:\/\/diariotextual.com\/inicio\/index.php\/2019\/09\/28\/acto-del-17-octubre-tendra-tres-oradores-verna-cfk-alberto-fernandez\/"},"wordCount":351,"publisher":{"@id":"https:\/\/diariotextual.com\/inicio\/#organization"},"image":{"@id":"https:\/\/diariotextual.com\/inicio\/index.php\/2019\/09\/28\/acto-del-17-octubre-tendra-tres-oradores-verna-cfk-alberto-fernandez\/#primaryimage"},"thumbnailUrl":"https:\/\/diariotextual.com\/inicio\/wp-content\/uploads\/2019\/05\/albertofernandezcristinafernandez2019-1.jpg","articleSection":["A - QUE PASA (al costado)","A - TEMPORALES","POLITICA"],"inLanguage":"es"},{"@type":"WebPage","@id":"https:\/\/diariotextual.com\/inicio\/index.php\/2019\/09\/28\/acto-del-17-octubre-tendra-tres-oradores-verna-cfk-alberto-fernandez\/","url":"https:\/\/diariotextual.com\/inicio\/index.php\/2019\/09\/28\/acto-del-17-octubre-tendra-tres-oradores-verna-cfk-alberto-fernandez\/","name":"El acto del 17 de octubre tendr\u00e1 tres oradores: Verna, CFK y Alberto Fern\u00e1ndez - Diario Textual","isPartOf":{"@id":"https:\/\/diariotextual.com\/inicio\/#website"},"primaryImageOfPage":{"@id":"https:\/\/diariotextual.com\/inicio\/index.php\/2019\/09\/28\/acto-del-17-octubre-tendra-tres-oradores-verna-cfk-alberto-fernandez\/#primaryimage"},"image":{"@id":"https:\/\/diariotextual.com\/inicio\/index.php\/2019\/09\/28\/acto-del-17-octubre-tendra-tres-oradores-verna-cfk-alberto-fernandez\/#primaryimage"},"thumbnailUrl":"https:\/\/diariotextual.com\/inicio\/wp-content\/uploads\/2019\/05\/albertofernandezcristinafernandez2019-1.jpg","datePublished":"2019-09-28T12:56:01+00:00","dateModified":"2019-09-29T00:14:39+00:00","breadcrumb":{"@id":"https:\/\/diariotextual.com\/inicio\/index.php\/2019\/09\/28\/acto-del-17-octubre-tendra-tres-oradores-verna-cfk-alberto-fernandez\/#breadcrumb"},"inLanguage":"es","potentialAction":[{"@type":"ReadAction","target":["https:\/\/diariotextual.com\/inicio\/index.php\/2019\/09\/28\/acto-del-17-octubre-tendra-tres-oradores-verna-cfk-alberto-fernandez\/"]}]},{"@type":"ImageObject","inLanguage":"es","@id":"https:\/\/diariotextual.com\/inicio\/index.php\/2019\/09\/28\/acto-del-17-octubre-tendra-tres-oradores-verna-cfk-alberto-fernandez\/#primaryimage","url":"https:\/\/diariotextual.com\/inicio\/wp-content\/uploads\/2019\/05\/albertofernandezcristinafernandez2019-1.jpg","contentUrl":"https:\/\/diariotextual.com\/inicio\/wp-content\/uploads\/2019\/05\/albertofernandezcristinafernandez2019-1.jpg","width":830,"height":542},{"@type":"BreadcrumbList","@id":"https:\/\/diariotextual.com\/inicio\/index.php\/2019\/09\/28\/acto-del-17-octubre-tendra-tres-oradores-verna-cfk-alberto-fernandez\/#breadcrumb","itemListElement":[{"@type":"ListItem","position":1,"name":"Portada","item":"https:\/\/diariotextual.com\/inicio\/"},{"@type":"ListItem","position":2,"name":"El acto del 17 de octubre tendr\u00e1 tres oradores: Verna, CFK y Alberto Fern\u00e1ndez"}]},{"@type":"WebSite","@id":"https:\/\/diariotextual.com\/inicio\/#website","url":"https:\/\/diariotextual.com\/inicio\/","name":"Diario Textual","description":"","publisher":{"@id":"https:\/\/diariotextual.com\/inicio\/#organization"},"potentialAction":[{"@type":"SearchAction","target":{"@type":"EntryPoint","urlTemplate":"https:\/\/diariotextual.com\/inicio\/?s={search_term_string}"},"query-input":{"@type":"PropertyValueSpecification","valueRequired":true,"valueName":"search_term_string"}}],"inLanguage":"es"},{"@type":"Organization","@id":"https:\/\/diariotextual.com\/inicio\/#organization","name":"Diario Textual","url":"https:\/\/diariotextual.com\/inicio\/","logo":{"@type":"ImageObject","inLanguage":"es","@id":"https:\/\/diariotextual.com\/inicio\/#\/schema\/logo\/image\/","url":"https:\/\/diariotextual.com\/inicio\/wp-content\/uploads\/2023\/05\/logotextual1.jpg","contentUrl":"https:\/\/diariotextual.com\/inicio\/wp-content\/uploads\/2023\/05\/logotextual1.jpg","width":516,"height":76,"caption":"Diario Textual"},"image":{"@id":"https:\/\/diariotextual.com\/inicio\/#\/schema\/logo\/image\/"},"sameAs":["https:\/\/www.facebook.com\/eltextual","https:\/\/x.com\/eltextual","http:\/\/www.instagram.com\/eltextual"]},{"@type":"Person","@id":"https:\/\/diariotextual.com\/inicio\/#\/schema\/person\/418fc4093c33e86ed41562db3508f958","name":"Diario1 Diario1","image":{"@type":"ImageObject","inLanguage":"es","@id":"https:\/\/secure.gravatar.com\/avatar\/9167d280179c85bc18be67aa7eda765854300033af4896dd779b608640f2ef7a?s=96&d=mm&r=g","url":"https:\/\/secure.gravatar.com\/avatar\/9167d280179c85bc18be67aa7eda765854300033af4896dd779b608640f2ef7a?s=96&d=mm&r=g","contentUrl":"https:\/\/secure.gravatar.com\/avatar\/9167d280179c85bc18be67aa7eda765854300033af4896dd779b608640f2ef7a?s=96&d=mm&r=g","caption":"Diario1 Diario1"},"url":"https:\/\/diariotextual.com\/inicio\/index.php\/author\/diario1\/"}]}},"_links":{"self":[{"href":"https:\/\/diariotextual.com\/inicio\/index.php\/wp-json\/wp\/v2\/posts\/64111","targetHints":{"allow":["GET"]}}],"collection":[{"href":"https:\/\/diariotextual.com\/inicio\/index.php\/wp-json\/wp\/v2\/posts"}],"about":[{"href":"https:\/\/diariotextual.com\/inicio\/index.php\/wp-json\/wp\/v2\/types\/post"}],"author":[{"embeddable":true,"href":"https:\/\/diariotextual.com\/inicio\/index.php\/wp-json\/wp\/v2\/users\/3"}],"replies":[{"embeddable":true,"href":"https:\/\/diariotextual.com\/inicio\/index.php\/wp-json\/wp\/v2\/comments?post=64111"}],"version-history":[{"count":10,"href":"https:\/\/diariotextual.com\/inicio\/index.php\/wp-json\/wp\/v2\/posts\/64111\/revisions"}],"predecessor-version":[{"id":64123,"href":"https:\/\/diariotextual.com\/inicio\/index.php\/wp-json\/wp\/v2\/posts\/64111\/revisions\/64123"}],"wp:featuredmedia":[{"embeddable":true,"href":"https:\/\/diariotextual.com\/inicio\/index.php\/wp-json\/wp\/v2\/media\/50027"}],"wp:attachment":[{"href":"https:\/\/diariotextual.com\/inicio\/index.php\/wp-json\/wp\/v2\/media?parent=64111"}],"wp:term":[{"taxonomy":"category","embeddable":true,"href":"https:\/\/diariotextual.com\/inicio\/index.php\/wp-json\/wp\/v2\/categories?post=64111"},{"taxonomy":"post_tag","embeddable":true,"href":"https:\/\/diariotextual.com\/inicio\/index.php\/wp-json\/wp\/v2\/tags?post=64111"}],"curies":[{"name":"wp","href":"https:\/\/api.w.org\/{rel}","templated":true}]}}