{"id":64124,"date":"2019-09-28T10:27:22","date_gmt":"2019-09-28T13:27:22","guid":{"rendered":"http:\/\/diariotextual.com\/inicio\/?p=64124"},"modified":"2019-09-29T19:47:49","modified_gmt":"2019-09-29T22:47:49","slug":"exclusivo-tof-revoco-la-prision-domiciliaria-baraldini-sera-encarcelado-ezeiza","status":"publish","type":"post","link":"https:\/\/diariotextual.com\/inicio\/index.php\/2019\/09\/28\/exclusivo-tof-revoco-la-prision-domiciliaria-baraldini-sera-encarcelado-ezeiza\/","title":{"rendered":"El TOF revoc\u00f3 la prisi\u00f3n domiciliaria y Baraldini ser\u00e1 encarcelado en Ezeiza"},"content":{"rendered":"<p>El Tribunal Oral Federal de Santa Rosa<strong> revoc\u00f3 la prisi\u00f3n domiciliaria<\/strong> del exmilitar y exjefe de la Polic\u00eda pampeana, <strong>Luis Baraldini<\/strong>, y<strong> orden\u00f3 que vuelva a la c\u00e1rcel<\/strong>, informaron este s\u00e1bado fuentes de la causa a <strong>Diario Textual<\/strong>.<\/p>\n<p>La decisi\u00f3n la tomaron los jueces del TOF porque<strong> Baraldini -quien en agosto fue condenado a 25 a\u00f1os de prisi\u00f3n- viol\u00f3 las condiciones de la prisi\u00f3n domiciliaria<\/strong>: fue visto el pasado mi\u00e9rcoles a las 11.46 de la ma\u00f1ana en Rivadavia 6.647.<\/p>\n<p>Uno de los jefes de la represi\u00f3n pampeana, por lo pronto, permanece internado: ingres\u00f3 el viernes a la tarde al Hospital Naval de Buenos Aires despu\u00e9s de sufrir \u00abun accidente cerebro vascular\u00bb, seg\u00fan dijeron sus familiares. Una vez recuperado, ser\u00e1 trasladado a la C\u00e1rcel de Ezeiza, dijeron los informantes a Diario Textual.<\/p>\n<p><img fetchpriority=\"high\" decoding=\"async\" class=\"alignnone wp-image-63757 size-large\" src=\"http:\/\/diariotextual.com\/inicio\/wp-content\/uploads\/2019\/09\/baraldinicallebuenosaires2019-1-1024x768.jpeg\" alt=\"\" width=\"1024\" height=\"768\" srcset=\"https:\/\/diariotextual.com\/inicio\/wp-content\/uploads\/2019\/09\/baraldinicallebuenosaires2019-1-1024x768.jpeg 1024w, https:\/\/diariotextual.com\/inicio\/wp-content\/uploads\/2019\/09\/baraldinicallebuenosaires2019-1-300x225.jpeg 300w, https:\/\/diariotextual.com\/inicio\/wp-content\/uploads\/2019\/09\/baraldinicallebuenosaires2019-1-768x576.jpeg 768w, https:\/\/diariotextual.com\/inicio\/wp-content\/uploads\/2019\/09\/baraldinicallebuenosaires2019-1-1170x878.jpeg 1170w, https:\/\/diariotextual.com\/inicio\/wp-content\/uploads\/2019\/09\/baraldinicallebuenosaires2019-1-585x439.jpeg 585w, https:\/\/diariotextual.com\/inicio\/wp-content\/uploads\/2019\/09\/baraldinicallebuenosaires2019-1.jpeg 1280w\" sizes=\"(max-width: 1024px) 100vw, 1024px\" \/><\/p>\n<p>Uno de los principales s\u00edmbolos de la Dictadura en La Pampa ten\u00eda domiciliaria, pero bajo ciertas circunstancias: pod\u00eda estar en la casa de una de sus hijas en Santa Rosa o en el departamento de su esposa en la ciudad de Buenos Aires. Pod\u00eda salir para ir a consultar a m\u00e9dicos, pero siempre con autorizaci\u00f3n previa del TOF y acompa\u00f1ado por una de sus hijas y uno de sus yernos.<\/p>\n<p>El exmilitar fue fotografiado por Luis Barotto, secuestrado durante la dictadura en La Pampa y pareja de Raquel Barabaschi, quien fuera tambi\u00e9n secuestrada y torturada. Se lo ve a Baraldini, solo, en un banco y con un tel\u00e9fono celular.<\/p>\n<p>Barabaschi, querellante en la causa de la Subzona 14, pidi\u00f3 inmediatamente que sea llevado a una c\u00e1rcel com\u00fan. Lo mismo hicieron\u00a0 otros querellantes y la fiscal\u00eda.<\/p>\n<p>Baraldini fue condenado en el mes de agosto pasado por TOF a 25 a\u00f1os de prisi\u00f3n e inhabilitaci\u00f3n absoluta y perpetua en el juicio de la Subzona 14 II, por 214 cr\u00edmenes de lesa humanidad -asociaci\u00f3n il\u00edcita, secuestros y torturas-.<\/p>\n<p>&nbsp;<\/p>\n<p>&nbsp;<\/p>\n<p>&nbsp;<\/p>\n<p>&nbsp;<\/p>\n","protected":false},"excerpt":{"rendered":"<p>El Tribunal Oral Federal de Santa Rosa revoc\u00f3 la prisi\u00f3n domiciliaria del exmilitar y exjefe de la Polic\u00eda pampeana, Luis Baraldini, y orden\u00f3 que vuelva a la c\u00e1rcel, informaron este&hellip;<\/p>\n","protected":false},"author":3,"featured_media":22396,"comment_status":"closed","ping_status":"open","sticky":false,"template":"","format":"standard","meta":{"_acf_changed":false,"footnotes":""},"categories":[10,319,8],"tags":[800],"class_list":["post-64124","post","type-post","status-publish","format-standard","has-post-thumbnail","hentry","category-portada-2","category-a-temporales","category-politica","tag-baraldini"],"acf":[],"yoast_head":"<!-- This site is optimized with the Yoast SEO plugin v27.5 - https:\/\/yoast.com\/product\/yoast-seo-wordpress\/ -->\n<title>El TOF revoc\u00f3 la prisi\u00f3n domiciliaria y Baraldini ser\u00e1 encarcelado en Ezeiza - Diario Textual<\/title>\n<meta name=\"robots\" content=\"index, follow, max-snippet:-1, max-image-preview:large, max-video-preview:-1\" \/>\n<link rel=\"canonical\" href=\"https:\/\/diariotextual.com\/inicio\/index.php\/2019\/09\/28\/exclusivo-tof-revoco-la-prision-domiciliaria-baraldini-sera-encarcelado-ezeiza\/\" \/>\n<meta property=\"og:locale\" content=\"es_ES\" \/>\n<meta property=\"og:type\" content=\"article\" \/>\n<meta property=\"og:title\" content=\"El TOF revoc\u00f3 la prisi\u00f3n domiciliaria y Baraldini ser\u00e1 encarcelado en Ezeiza - Diario Textual\" \/>\n<meta property=\"og:description\" content=\"El Tribunal Oral Federal de Santa Rosa revoc\u00f3 la prisi\u00f3n domiciliaria del exmilitar y exjefe de la Polic\u00eda pampeana, Luis Baraldini, y orden\u00f3 que vuelva a la c\u00e1rcel, informaron este&hellip;\" \/>\n<meta property=\"og:url\" content=\"https:\/\/diariotextual.com\/inicio\/index.php\/2019\/09\/28\/exclusivo-tof-revoco-la-prision-domiciliaria-baraldini-sera-encarcelado-ezeiza\/\" \/>\n<meta property=\"og:site_name\" content=\"Diario Textual\" \/>\n<meta property=\"article:publisher\" content=\"https:\/\/www.facebook.com\/eltextual\" \/>\n<meta property=\"article:published_time\" content=\"2019-09-28T13:27:22+00:00\" \/>\n<meta property=\"article:modified_time\" content=\"2019-09-29T22:47:49+00:00\" \/>\n<meta property=\"og:image\" content=\"https:\/\/diariotextual.com\/inicio\/wp-content\/uploads\/2018\/10\/baraldiniluis2017-9143.jpg\" \/>\n\t<meta property=\"og:image:width\" content=\"637\" \/>\n\t<meta property=\"og:image:height\" content=\"425\" \/>\n\t<meta property=\"og:image:type\" content=\"image\/jpeg\" \/>\n<meta name=\"author\" content=\"Diario1 Diario1\" \/>\n<meta name=\"twitter:card\" content=\"summary_large_image\" \/>\n<meta name=\"twitter:creator\" content=\"@eltextual\" \/>\n<meta name=\"twitter:site\" content=\"@eltextual\" \/>\n<meta name=\"twitter:label1\" content=\"Escrito por\" \/>\n\t<meta name=\"twitter:data1\" content=\"Diario1 Diario1\" \/>\n\t<meta name=\"twitter:label2\" content=\"Tiempo de lectura\" \/>\n\t<meta name=\"twitter:data2\" content=\"2 minutos\" \/>\n<script type=\"application\/ld+json\" class=\"yoast-schema-graph\">{\"@context\":\"https:\\\/\\\/schema.org\",\"@graph\":[{\"@type\":\"Article\",\"@id\":\"https:\\\/\\\/diariotextual.com\\\/inicio\\\/index.php\\\/2019\\\/09\\\/28\\\/exclusivo-tof-revoco-la-prision-domiciliaria-baraldini-sera-encarcelado-ezeiza\\\/#article\",\"isPartOf\":{\"@id\":\"https:\\\/\\\/diariotextual.com\\\/inicio\\\/index.php\\\/2019\\\/09\\\/28\\\/exclusivo-tof-revoco-la-prision-domiciliaria-baraldini-sera-encarcelado-ezeiza\\\/\"},\"author\":{\"name\":\"Diario1 Diario1\",\"@id\":\"https:\\\/\\\/diariotextual.com\\\/inicio\\\/#\\\/schema\\\/person\\\/418fc4093c33e86ed41562db3508f958\"},\"headline\":\"El TOF revoc\u00f3 la prisi\u00f3n domiciliaria y Baraldini ser\u00e1 encarcelado en Ezeiza\",\"datePublished\":\"2019-09-28T13:27:22+00:00\",\"dateModified\":\"2019-09-29T22:47:49+00:00\",\"mainEntityOfPage\":{\"@id\":\"https:\\\/\\\/diariotextual.com\\\/inicio\\\/index.php\\\/2019\\\/09\\\/28\\\/exclusivo-tof-revoco-la-prision-domiciliaria-baraldini-sera-encarcelado-ezeiza\\\/\"},\"wordCount\":348,\"publisher\":{\"@id\":\"https:\\\/\\\/diariotextual.com\\\/inicio\\\/#organization\"},\"image\":{\"@id\":\"https:\\\/\\\/diariotextual.com\\\/inicio\\\/index.php\\\/2019\\\/09\\\/28\\\/exclusivo-tof-revoco-la-prision-domiciliaria-baraldini-sera-encarcelado-ezeiza\\\/#primaryimage\"},\"thumbnailUrl\":\"https:\\\/\\\/diariotextual.com\\\/inicio\\\/wp-content\\\/uploads\\\/2018\\\/10\\\/baraldiniluis2017-9143.jpg\",\"keywords\":[\"baraldini\"],\"articleSection\":[\"A - PORTADA2\",\"A - TEMPORALES\",\"POLITICA\"],\"inLanguage\":\"es\"},{\"@type\":\"WebPage\",\"@id\":\"https:\\\/\\\/diariotextual.com\\\/inicio\\\/index.php\\\/2019\\\/09\\\/28\\\/exclusivo-tof-revoco-la-prision-domiciliaria-baraldini-sera-encarcelado-ezeiza\\\/\",\"url\":\"https:\\\/\\\/diariotextual.com\\\/inicio\\\/index.php\\\/2019\\\/09\\\/28\\\/exclusivo-tof-revoco-la-prision-domiciliaria-baraldini-sera-encarcelado-ezeiza\\\/\",\"name\":\"El TOF revoc\u00f3 la prisi\u00f3n domiciliaria y Baraldini ser\u00e1 encarcelado en Ezeiza - Diario Textual\",\"isPartOf\":{\"@id\":\"https:\\\/\\\/diariotextual.com\\\/inicio\\\/#website\"},\"primaryImageOfPage\":{\"@id\":\"https:\\\/\\\/diariotextual.com\\\/inicio\\\/index.php\\\/2019\\\/09\\\/28\\\/exclusivo-tof-revoco-la-prision-domiciliaria-baraldini-sera-encarcelado-ezeiza\\\/#primaryimage\"},\"image\":{\"@id\":\"https:\\\/\\\/diariotextual.com\\\/inicio\\\/index.php\\\/2019\\\/09\\\/28\\\/exclusivo-tof-revoco-la-prision-domiciliaria-baraldini-sera-encarcelado-ezeiza\\\/#primaryimage\"},\"thumbnailUrl\":\"https:\\\/\\\/diariotextual.com\\\/inicio\\\/wp-content\\\/uploads\\\/2018\\\/10\\\/baraldiniluis2017-9143.jpg\",\"datePublished\":\"2019-09-28T13:27:22+00:00\",\"dateModified\":\"2019-09-29T22:47:49+00:00\",\"breadcrumb\":{\"@id\":\"https:\\\/\\\/diariotextual.com\\\/inicio\\\/index.php\\\/2019\\\/09\\\/28\\\/exclusivo-tof-revoco-la-prision-domiciliaria-baraldini-sera-encarcelado-ezeiza\\\/#breadcrumb\"},\"inLanguage\":\"es\",\"potentialAction\":[{\"@type\":\"ReadAction\",\"target\":[\"https:\\\/\\\/diariotextual.com\\\/inicio\\\/index.php\\\/2019\\\/09\\\/28\\\/exclusivo-tof-revoco-la-prision-domiciliaria-baraldini-sera-encarcelado-ezeiza\\\/\"]}]},{\"@type\":\"ImageObject\",\"inLanguage\":\"es\",\"@id\":\"https:\\\/\\\/diariotextual.com\\\/inicio\\\/index.php\\\/2019\\\/09\\\/28\\\/exclusivo-tof-revoco-la-prision-domiciliaria-baraldini-sera-encarcelado-ezeiza\\\/#primaryimage\",\"url\":\"https:\\\/\\\/diariotextual.com\\\/inicio\\\/wp-content\\\/uploads\\\/2018\\\/10\\\/baraldiniluis2017-9143.jpg\",\"contentUrl\":\"https:\\\/\\\/diariotextual.com\\\/inicio\\\/wp-content\\\/uploads\\\/2018\\\/10\\\/baraldiniluis2017-9143.jpg\",\"width\":637,\"height\":425},{\"@type\":\"BreadcrumbList\",\"@id\":\"https:\\\/\\\/diariotextual.com\\\/inicio\\\/index.php\\\/2019\\\/09\\\/28\\\/exclusivo-tof-revoco-la-prision-domiciliaria-baraldini-sera-encarcelado-ezeiza\\\/#breadcrumb\",\"itemListElement\":[{\"@type\":\"ListItem\",\"position\":1,\"name\":\"Portada\",\"item\":\"https:\\\/\\\/diariotextual.com\\\/inicio\\\/\"},{\"@type\":\"ListItem\",\"position\":2,\"name\":\"El TOF revoc\u00f3 la prisi\u00f3n domiciliaria y Baraldini ser\u00e1 encarcelado en Ezeiza\"}]},{\"@type\":\"WebSite\",\"@id\":\"https:\\\/\\\/diariotextual.com\\\/inicio\\\/#website\",\"url\":\"https:\\\/\\\/diariotextual.com\\\/inicio\\\/\",\"name\":\"Diario Textual\",\"description\":\"\",\"publisher\":{\"@id\":\"https:\\\/\\\/diariotextual.com\\\/inicio\\\/#organization\"},\"potentialAction\":[{\"@type\":\"SearchAction\",\"target\":{\"@type\":\"EntryPoint\",\"urlTemplate\":\"https:\\\/\\\/diariotextual.com\\\/inicio\\\/?s={search_term_string}\"},\"query-input\":{\"@type\":\"PropertyValueSpecification\",\"valueRequired\":true,\"valueName\":\"search_term_string\"}}],\"inLanguage\":\"es\"},{\"@type\":\"Organization\",\"@id\":\"https:\\\/\\\/diariotextual.com\\\/inicio\\\/#organization\",\"name\":\"Diario Textual\",\"url\":\"https:\\\/\\\/diariotextual.com\\\/inicio\\\/\",\"logo\":{\"@type\":\"ImageObject\",\"inLanguage\":\"es\",\"@id\":\"https:\\\/\\\/diariotextual.com\\\/inicio\\\/#\\\/schema\\\/logo\\\/image\\\/\",\"url\":\"https:\\\/\\\/diariotextual.com\\\/inicio\\\/wp-content\\\/uploads\\\/2023\\\/05\\\/logotextual1.jpg\",\"contentUrl\":\"https:\\\/\\\/diariotextual.com\\\/inicio\\\/wp-content\\\/uploads\\\/2023\\\/05\\\/logotextual1.jpg\",\"width\":516,\"height\":76,\"caption\":\"Diario Textual\"},\"image\":{\"@id\":\"https:\\\/\\\/diariotextual.com\\\/inicio\\\/#\\\/schema\\\/logo\\\/image\\\/\"},\"sameAs\":[\"https:\\\/\\\/www.facebook.com\\\/eltextual\",\"https:\\\/\\\/x.com\\\/eltextual\",\"http:\\\/\\\/www.instagram.com\\\/eltextual\"]},{\"@type\":\"Person\",\"@id\":\"https:\\\/\\\/diariotextual.com\\\/inicio\\\/#\\\/schema\\\/person\\\/418fc4093c33e86ed41562db3508f958\",\"name\":\"Diario1 Diario1\",\"image\":{\"@type\":\"ImageObject\",\"inLanguage\":\"es\",\"@id\":\"https:\\\/\\\/secure.gravatar.com\\\/avatar\\\/9167d280179c85bc18be67aa7eda765854300033af4896dd779b608640f2ef7a?s=96&d=mm&r=g\",\"url\":\"https:\\\/\\\/secure.gravatar.com\\\/avatar\\\/9167d280179c85bc18be67aa7eda765854300033af4896dd779b608640f2ef7a?s=96&d=mm&r=g\",\"contentUrl\":\"https:\\\/\\\/secure.gravatar.com\\\/avatar\\\/9167d280179c85bc18be67aa7eda765854300033af4896dd779b608640f2ef7a?s=96&d=mm&r=g\",\"caption\":\"Diario1 Diario1\"},\"url\":\"https:\\\/\\\/diariotextual.com\\\/inicio\\\/index.php\\\/author\\\/diario1\\\/\"}]}<\/script>\n<!-- \/ Yoast SEO plugin. -->","yoast_head_json":{"title":"El TOF revoc\u00f3 la prisi\u00f3n domiciliaria y Baraldini ser\u00e1 encarcelado en Ezeiza - Diario Textual","robots":{"index":"index","follow":"follow","max-snippet":"max-snippet:-1","max-image-preview":"max-image-preview:large","max-video-preview":"max-video-preview:-1"},"canonical":"https:\/\/diariotextual.com\/inicio\/index.php\/2019\/09\/28\/exclusivo-tof-revoco-la-prision-domiciliaria-baraldini-sera-encarcelado-ezeiza\/","og_locale":"es_ES","og_type":"article","og_title":"El TOF revoc\u00f3 la prisi\u00f3n domiciliaria y Baraldini ser\u00e1 encarcelado en Ezeiza - Diario Textual","og_description":"El Tribunal Oral Federal de Santa Rosa revoc\u00f3 la prisi\u00f3n domiciliaria del exmilitar y exjefe de la Polic\u00eda pampeana, Luis Baraldini, y orden\u00f3 que vuelva a la c\u00e1rcel, informaron este&hellip;","og_url":"https:\/\/diariotextual.com\/inicio\/index.php\/2019\/09\/28\/exclusivo-tof-revoco-la-prision-domiciliaria-baraldini-sera-encarcelado-ezeiza\/","og_site_name":"Diario Textual","article_publisher":"https:\/\/www.facebook.com\/eltextual","article_published_time":"2019-09-28T13:27:22+00:00","article_modified_time":"2019-09-29T22:47:49+00:00","og_image":[{"width":637,"height":425,"url":"https:\/\/diariotextual.com\/inicio\/wp-content\/uploads\/2018\/10\/baraldiniluis2017-9143.jpg","type":"image\/jpeg"}],"author":"Diario1 Diario1","twitter_card":"summary_large_image","twitter_creator":"@eltextual","twitter_site":"@eltextual","twitter_misc":{"Escrito por":"Diario1 Diario1","Tiempo de lectura":"2 minutos"},"schema":{"@context":"https:\/\/schema.org","@graph":[{"@type":"Article","@id":"https:\/\/diariotextual.com\/inicio\/index.php\/2019\/09\/28\/exclusivo-tof-revoco-la-prision-domiciliaria-baraldini-sera-encarcelado-ezeiza\/#article","isPartOf":{"@id":"https:\/\/diariotextual.com\/inicio\/index.php\/2019\/09\/28\/exclusivo-tof-revoco-la-prision-domiciliaria-baraldini-sera-encarcelado-ezeiza\/"},"author":{"name":"Diario1 Diario1","@id":"https:\/\/diariotextual.com\/inicio\/#\/schema\/person\/418fc4093c33e86ed41562db3508f958"},"headline":"El TOF revoc\u00f3 la prisi\u00f3n domiciliaria y Baraldini ser\u00e1 encarcelado en Ezeiza","datePublished":"2019-09-28T13:27:22+00:00","dateModified":"2019-09-29T22:47:49+00:00","mainEntityOfPage":{"@id":"https:\/\/diariotextual.com\/inicio\/index.php\/2019\/09\/28\/exclusivo-tof-revoco-la-prision-domiciliaria-baraldini-sera-encarcelado-ezeiza\/"},"wordCount":348,"publisher":{"@id":"https:\/\/diariotextual.com\/inicio\/#organization"},"image":{"@id":"https:\/\/diariotextual.com\/inicio\/index.php\/2019\/09\/28\/exclusivo-tof-revoco-la-prision-domiciliaria-baraldini-sera-encarcelado-ezeiza\/#primaryimage"},"thumbnailUrl":"https:\/\/diariotextual.com\/inicio\/wp-content\/uploads\/2018\/10\/baraldiniluis2017-9143.jpg","keywords":["baraldini"],"articleSection":["A - PORTADA2","A - TEMPORALES","POLITICA"],"inLanguage":"es"},{"@type":"WebPage","@id":"https:\/\/diariotextual.com\/inicio\/index.php\/2019\/09\/28\/exclusivo-tof-revoco-la-prision-domiciliaria-baraldini-sera-encarcelado-ezeiza\/","url":"https:\/\/diariotextual.com\/inicio\/index.php\/2019\/09\/28\/exclusivo-tof-revoco-la-prision-domiciliaria-baraldini-sera-encarcelado-ezeiza\/","name":"El TOF revoc\u00f3 la prisi\u00f3n domiciliaria y Baraldini ser\u00e1 encarcelado en Ezeiza - Diario Textual","isPartOf":{"@id":"https:\/\/diariotextual.com\/inicio\/#website"},"primaryImageOfPage":{"@id":"https:\/\/diariotextual.com\/inicio\/index.php\/2019\/09\/28\/exclusivo-tof-revoco-la-prision-domiciliaria-baraldini-sera-encarcelado-ezeiza\/#primaryimage"},"image":{"@id":"https:\/\/diariotextual.com\/inicio\/index.php\/2019\/09\/28\/exclusivo-tof-revoco-la-prision-domiciliaria-baraldini-sera-encarcelado-ezeiza\/#primaryimage"},"thumbnailUrl":"https:\/\/diariotextual.com\/inicio\/wp-content\/uploads\/2018\/10\/baraldiniluis2017-9143.jpg","datePublished":"2019-09-28T13:27:22+00:00","dateModified":"2019-09-29T22:47:49+00:00","breadcrumb":{"@id":"https:\/\/diariotextual.com\/inicio\/index.php\/2019\/09\/28\/exclusivo-tof-revoco-la-prision-domiciliaria-baraldini-sera-encarcelado-ezeiza\/#breadcrumb"},"inLanguage":"es","potentialAction":[{"@type":"ReadAction","target":["https:\/\/diariotextual.com\/inicio\/index.php\/2019\/09\/28\/exclusivo-tof-revoco-la-prision-domiciliaria-baraldini-sera-encarcelado-ezeiza\/"]}]},{"@type":"ImageObject","inLanguage":"es","@id":"https:\/\/diariotextual.com\/inicio\/index.php\/2019\/09\/28\/exclusivo-tof-revoco-la-prision-domiciliaria-baraldini-sera-encarcelado-ezeiza\/#primaryimage","url":"https:\/\/diariotextual.com\/inicio\/wp-content\/uploads\/2018\/10\/baraldiniluis2017-9143.jpg","contentUrl":"https:\/\/diariotextual.com\/inicio\/wp-content\/uploads\/2018\/10\/baraldiniluis2017-9143.jpg","width":637,"height":425},{"@type":"BreadcrumbList","@id":"https:\/\/diariotextual.com\/inicio\/index.php\/2019\/09\/28\/exclusivo-tof-revoco-la-prision-domiciliaria-baraldini-sera-encarcelado-ezeiza\/#breadcrumb","itemListElement":[{"@type":"ListItem","position":1,"name":"Portada","item":"https:\/\/diariotextual.com\/inicio\/"},{"@type":"ListItem","position":2,"name":"El TOF revoc\u00f3 la prisi\u00f3n domiciliaria y Baraldini ser\u00e1 encarcelado en Ezeiza"}]},{"@type":"WebSite","@id":"https:\/\/diariotextual.com\/inicio\/#website","url":"https:\/\/diariotextual.com\/inicio\/","name":"Diario Textual","description":"","publisher":{"@id":"https:\/\/diariotextual.com\/inicio\/#organization"},"potentialAction":[{"@type":"SearchAction","target":{"@type":"EntryPoint","urlTemplate":"https:\/\/diariotextual.com\/inicio\/?s={search_term_string}"},"query-input":{"@type":"PropertyValueSpecification","valueRequired":true,"valueName":"search_term_string"}}],"inLanguage":"es"},{"@type":"Organization","@id":"https:\/\/diariotextual.com\/inicio\/#organization","name":"Diario Textual","url":"https:\/\/diariotextual.com\/inicio\/","logo":{"@type":"ImageObject","inLanguage":"es","@id":"https:\/\/diariotextual.com\/inicio\/#\/schema\/logo\/image\/","url":"https:\/\/diariotextual.com\/inicio\/wp-content\/uploads\/2023\/05\/logotextual1.jpg","contentUrl":"https:\/\/diariotextual.com\/inicio\/wp-content\/uploads\/2023\/05\/logotextual1.jpg","width":516,"height":76,"caption":"Diario Textual"},"image":{"@id":"https:\/\/diariotextual.com\/inicio\/#\/schema\/logo\/image\/"},"sameAs":["https:\/\/www.facebook.com\/eltextual","https:\/\/x.com\/eltextual","http:\/\/www.instagram.com\/eltextual"]},{"@type":"Person","@id":"https:\/\/diariotextual.com\/inicio\/#\/schema\/person\/418fc4093c33e86ed41562db3508f958","name":"Diario1 Diario1","image":{"@type":"ImageObject","inLanguage":"es","@id":"https:\/\/secure.gravatar.com\/avatar\/9167d280179c85bc18be67aa7eda765854300033af4896dd779b608640f2ef7a?s=96&d=mm&r=g","url":"https:\/\/secure.gravatar.com\/avatar\/9167d280179c85bc18be67aa7eda765854300033af4896dd779b608640f2ef7a?s=96&d=mm&r=g","contentUrl":"https:\/\/secure.gravatar.com\/avatar\/9167d280179c85bc18be67aa7eda765854300033af4896dd779b608640f2ef7a?s=96&d=mm&r=g","caption":"Diario1 Diario1"},"url":"https:\/\/diariotextual.com\/inicio\/index.php\/author\/diario1\/"}]}},"_links":{"self":[{"href":"https:\/\/diariotextual.com\/inicio\/index.php\/wp-json\/wp\/v2\/posts\/64124","targetHints":{"allow":["GET"]}}],"collection":[{"href":"https:\/\/diariotextual.com\/inicio\/index.php\/wp-json\/wp\/v2\/posts"}],"about":[{"href":"https:\/\/diariotextual.com\/inicio\/index.php\/wp-json\/wp\/v2\/types\/post"}],"author":[{"embeddable":true,"href":"https:\/\/diariotextual.com\/inicio\/index.php\/wp-json\/wp\/v2\/users\/3"}],"replies":[{"embeddable":true,"href":"https:\/\/diariotextual.com\/inicio\/index.php\/wp-json\/wp\/v2\/comments?post=64124"}],"version-history":[{"count":12,"href":"https:\/\/diariotextual.com\/inicio\/index.php\/wp-json\/wp\/v2\/posts\/64124\/revisions"}],"predecessor-version":[{"id":64140,"href":"https:\/\/diariotextual.com\/inicio\/index.php\/wp-json\/wp\/v2\/posts\/64124\/revisions\/64140"}],"wp:featuredmedia":[{"embeddable":true,"href":"https:\/\/diariotextual.com\/inicio\/index.php\/wp-json\/wp\/v2\/media\/22396"}],"wp:attachment":[{"href":"https:\/\/diariotextual.com\/inicio\/index.php\/wp-json\/wp\/v2\/media?parent=64124"}],"wp:term":[{"taxonomy":"category","embeddable":true,"href":"https:\/\/diariotextual.com\/inicio\/index.php\/wp-json\/wp\/v2\/categories?post=64124"},{"taxonomy":"post_tag","embeddable":true,"href":"https:\/\/diariotextual.com\/inicio\/index.php\/wp-json\/wp\/v2\/tags?post=64124"}],"curies":[{"name":"wp","href":"https:\/\/api.w.org\/{rel}","templated":true}]}}