{"id":64152,"date":"2019-09-28T15:19:32","date_gmt":"2019-09-28T18:19:32","guid":{"rendered":"http:\/\/diariotextual.com\/inicio\/?p=64152"},"modified":"2019-09-30T09:14:47","modified_gmt":"2019-09-30T12:14:47","slug":"odiaba-los-cumpleanos-mensaje-viral-docente-pampeano","status":"publish","type":"post","link":"https:\/\/diariotextual.com\/inicio\/index.php\/2019\/09\/28\/odiaba-los-cumpleanos-mensaje-viral-docente-pampeano\/","title":{"rendered":"\u00abYo odiaba los cumplea\u00f1os\u00bb, el mensaje viral de un docente pampeano"},"content":{"rendered":"<p><strong>Jes\u00fas Iv\u00e1n Fern\u00e1ndez<\/strong> cumple este s\u00e1bado <strong>34 a\u00f1os de edad<\/strong>. Esta vez dice que lo est\u00e1 disfrutando. <strong>\u201cYo odiaba los cumplea\u00f1os\u201d<\/strong>, cuenta, luego de que <strong>Diario Textual<\/strong> lo contactara por<strong>\u00a0un mensaje que se viraliz\u00f3 en Facebook.<\/strong><\/p>\n<p>Jes\u00fas es un conocido<strong> militante social, pol\u00edtico y sindical<\/strong> del oeste pampeano. Se lo reconoce por su compromiso con la escuela p\u00fablica y los alumnos y por su ayuda desinteresada. En su camioneta, generalmente los fines de semana, recorre a los puesteros y sus familias -muchas veces olvidados- para tenderles una mano. \u201cSon mis pe\u00f1is, mis hermanos\u201d, dice, quien se reconoce que por sus venas corre <strong>sangre ranquel<\/strong>.<\/p>\n<p>Su mam\u00e1 es <strong>Rosal\u00eda Fr\u00edas<\/strong>, quien <strong>le dio diez hermanos y los cri\u00f3 pr\u00e1cticamente en soledad<\/strong>. El naci\u00f3 en Victorica. \u201cEn realidad, me llevaron a nacer en Victorica por falta de comodidades hospitaliarias en Santa Isabel\u201d, cuenta.<\/p>\n<p>Estudio la primaria y la secundaria en el pueblo. Y luego se fue a Pico a estudiar profesorado en Educaci\u00f3n F\u00edsica. \u201cYo no ten\u00eda posibilidades de estudiar o tener un t\u00edtulo.<strong> Solo pude porque me fui a la casa de un hermano y su familia<\/strong>. Despu\u00e9s alquil\u00e9 con unos amigos. <strong>Trabajaba y estudiaba. De alba\u00f1iler\u00eda, lavando autos y camiones, de cartero, vendiendo productos Biogreen, de arbitraje y de profesor de atletismo<\/strong>. Me cost\u00f3, pero tambi\u00e9n lo disfrut\u00e9\u00bb, dice.<\/p>\n<p>Volvi\u00f3 a Santa Isabel y hoy <strong>es docente en los colegios secundarios El Bardino (Santa Isabel) y Aguilas del Oeste (Algarrobo del Aguila)<\/strong>. Tiene dos nenes, <strong>Morena<\/strong> (10) y<strong> Catriel<\/strong> (2). Adem\u00e1s, hace una semana se cas\u00f3 con <strong>Mar\u00eda Ayel\u00e9n Alcaraz Echeveste<\/strong>.<\/p>\n<p>El siguiente es el mensaje, emocionante, que hoy escribi\u00f3 en su cuenta de Facebook:<\/p>\n<p><em>Cuando ni\u00f1o llegu\u00e9 a odiar los cumplea\u00f1os. Casi hasta el d\u00eda de hoy.<strong> Nac\u00ed y nos criamos con 10 hermanos mas, era casi imposible o un milagro ver una torta de cumplea\u00f1os<\/strong> o un bizcochuelo en casa.<\/em><\/p>\n<p><em>Alguna vez mi hermanita Mar\u00eda Cristina, que ahora vive y nos cuida desde el cielo, y\/o mi hermana Elda, cuando era el cumple de alguno de nosotros, nos hac\u00eda en una fuente algo as\u00ed como una choco masitas, no s\u00e9 c\u00f3mo se la ingeniaba pero eran gelletitas y dulce de leche. <strong>Ella pensaba que, de \u00faltima, pudi\u00e9ramos comer algo dulce<\/strong>. Un d\u00eda mam\u00e1 se las ingeni\u00f3 y recuerdo le cantamos el cumplea\u00f1os 12 a mi hermano Polo con un buen puchero con papas. Ellas lo hac\u00edan ver especial a ese d\u00eda. No s\u00e9 c\u00f3mo hac\u00edan.<\/em><\/p>\n<p><em><strong>Llegaban, a su vez, las invitaciones de amigos de escuela a su festejo de cumplea\u00f1os y era ah\u00ed tambi\u00e9n donde yo odiaba esos d\u00edas porque todos o casi todos llevaban regalos y ropa limpia y nueva. Menos nosotros.<\/strong> Alguna vez <strong>ten\u00edamos que inventar la excusa de que nos \u00edbamos al campo<\/strong>, pero era para no decir que no \u00edbamos porque no quer\u00edamos aparecer sin un regalo. Mam\u00e1 se daba cuenta que a nosotros nos urg\u00eda un apuro y<strong> de \u00faltima nos mandaba a sacar fiado un desodorante, un portarretratos, una ropita barata o algo que, a su vez, nos dol\u00eda regalar porque en realidad hacia m\u00e1s falta en casa.<\/strong> La idea era pasarla lindo y<strong> comer eso tan rico que hac\u00edan otras mam\u00e1, la torta&#8230;<\/strong><\/em><\/p>\n<p><em>La cuesti\u00f3n es que <strong>todo eso me marc\u00f3. Yo odiaba los cumplea\u00f1os<\/strong>. Hoy puedo entenderlo mejor. No era f\u00e1cil comprender a esa edad\u00a0<strong>la pobreza<\/strong>. Pero<strong> ese d\u00eda algo especial se sent\u00eda aunque solo fuera tomar una simple taza de leche de chiva con torta frita<\/strong>.<\/em><\/p>\n<p><em>La cuesti\u00f3n es que no aprend\u00ed nunca la parte emotiva o expresiva o de agradecimiento facial ni corporal o con palabras ante esas cosas o esos momentos de recibir algo porque no las viv\u00ed.<strong> Pero sepan y van estas palabras desde lo m\u00e1s profundo de mi ni\u00f1ez regocijada y emocionada por sus saludos por recordar, que significa volver a traer al coraz\u00f3n sus saludos y mis agradecimientos a cada uno de ustedes por tomarse un tiempito<\/strong>.<\/em><\/p>\n<p>&nbsp;<\/p>\n<p>&nbsp;<\/p>\n<p>&nbsp;<\/p>\n","protected":false},"excerpt":{"rendered":"<p>Jes\u00fas Iv\u00e1n Fern\u00e1ndez cumple este s\u00e1bado 34 a\u00f1os de edad. Esta vez dice que lo est\u00e1 disfrutando. \u201cYo odiaba los cumplea\u00f1os\u201d, cuenta, luego de que Diario Textual lo contactara por\u00a0un&hellip;<\/p>\n","protected":false},"author":3,"featured_media":64154,"comment_status":"closed","ping_status":"open","sticky":false,"template":"","format":"standard","meta":{"_acf_changed":false,"footnotes":""},"categories":[319,12],"tags":[2053,57,930,2271],"class_list":["post-64152","post","type-post","status-publish","format-standard","has-post-thumbnail","hentry","category-a-temporales","category-sociedad","tag-cumpleanos","tag-docentes","tag-fernandez","tag-jesus"],"acf":[],"yoast_head":"<!-- This site is optimized with the Yoast SEO plugin v27.5 - https:\/\/yoast.com\/product\/yoast-seo-wordpress\/ -->\n<title>&quot;Yo odiaba los cumplea\u00f1os&quot;, el mensaje viral de un docente pampeano - Diario Textual<\/title>\n<meta name=\"robots\" content=\"index, follow, max-snippet:-1, max-image-preview:large, max-video-preview:-1\" \/>\n<link rel=\"canonical\" href=\"https:\/\/diariotextual.com\/inicio\/index.php\/2019\/09\/28\/odiaba-los-cumpleanos-mensaje-viral-docente-pampeano\/\" \/>\n<meta property=\"og:locale\" content=\"es_ES\" \/>\n<meta property=\"og:type\" content=\"article\" \/>\n<meta property=\"og:title\" content=\"&quot;Yo odiaba los cumplea\u00f1os&quot;, el mensaje viral de un docente pampeano - Diario Textual\" \/>\n<meta property=\"og:description\" content=\"Jes\u00fas Iv\u00e1n Fern\u00e1ndez cumple este s\u00e1bado 34 a\u00f1os de edad. Esta vez dice que lo est\u00e1 disfrutando. \u201cYo odiaba los cumplea\u00f1os\u201d, cuenta, luego de que Diario Textual lo contactara por\u00a0un&hellip;\" \/>\n<meta property=\"og:url\" content=\"https:\/\/diariotextual.com\/inicio\/index.php\/2019\/09\/28\/odiaba-los-cumpleanos-mensaje-viral-docente-pampeano\/\" \/>\n<meta property=\"og:site_name\" content=\"Diario Textual\" \/>\n<meta property=\"article:publisher\" content=\"https:\/\/www.facebook.com\/eltextual\" \/>\n<meta property=\"article:published_time\" content=\"2019-09-28T18:19:32+00:00\" \/>\n<meta property=\"article:modified_time\" content=\"2019-09-30T12:14:47+00:00\" \/>\n<meta property=\"og:image\" content=\"https:\/\/diariotextual.com\/inicio\/wp-content\/uploads\/2019\/09\/fernandezjesus1.jpg\" \/>\n\t<meta property=\"og:image:width\" content=\"878\" \/>\n\t<meta property=\"og:image:height\" content=\"540\" \/>\n\t<meta property=\"og:image:type\" content=\"image\/jpeg\" \/>\n<meta name=\"author\" content=\"Diario1 Diario1\" \/>\n<meta name=\"twitter:card\" content=\"summary_large_image\" \/>\n<meta name=\"twitter:creator\" content=\"@eltextual\" \/>\n<meta name=\"twitter:site\" content=\"@eltextual\" \/>\n<meta name=\"twitter:label1\" content=\"Escrito por\" \/>\n\t<meta name=\"twitter:data1\" content=\"Diario1 Diario1\" \/>\n\t<meta name=\"twitter:label2\" content=\"Tiempo de lectura\" \/>\n\t<meta name=\"twitter:data2\" content=\"4 minutos\" \/>\n<script type=\"application\/ld+json\" class=\"yoast-schema-graph\">{\"@context\":\"https:\\\/\\\/schema.org\",\"@graph\":[{\"@type\":\"Article\",\"@id\":\"https:\\\/\\\/diariotextual.com\\\/inicio\\\/index.php\\\/2019\\\/09\\\/28\\\/odiaba-los-cumpleanos-mensaje-viral-docente-pampeano\\\/#article\",\"isPartOf\":{\"@id\":\"https:\\\/\\\/diariotextual.com\\\/inicio\\\/index.php\\\/2019\\\/09\\\/28\\\/odiaba-los-cumpleanos-mensaje-viral-docente-pampeano\\\/\"},\"author\":{\"name\":\"Diario1 Diario1\",\"@id\":\"https:\\\/\\\/diariotextual.com\\\/inicio\\\/#\\\/schema\\\/person\\\/418fc4093c33e86ed41562db3508f958\"},\"headline\":\"\u00abYo odiaba los cumplea\u00f1os\u00bb, el mensaje viral de un docente pampeano\",\"datePublished\":\"2019-09-28T18:19:32+00:00\",\"dateModified\":\"2019-09-30T12:14:47+00:00\",\"mainEntityOfPage\":{\"@id\":\"https:\\\/\\\/diariotextual.com\\\/inicio\\\/index.php\\\/2019\\\/09\\\/28\\\/odiaba-los-cumpleanos-mensaje-viral-docente-pampeano\\\/\"},\"wordCount\":722,\"publisher\":{\"@id\":\"https:\\\/\\\/diariotextual.com\\\/inicio\\\/#organization\"},\"image\":{\"@id\":\"https:\\\/\\\/diariotextual.com\\\/inicio\\\/index.php\\\/2019\\\/09\\\/28\\\/odiaba-los-cumpleanos-mensaje-viral-docente-pampeano\\\/#primaryimage\"},\"thumbnailUrl\":\"https:\\\/\\\/diariotextual.com\\\/inicio\\\/wp-content\\\/uploads\\\/2019\\\/09\\\/fernandezjesus1.jpg\",\"keywords\":[\"cumplea\u00f1os\",\"docentes\",\"fernandez\",\"jesus\"],\"articleSection\":[\"A - TEMPORALES\",\"SOCIEDAD\"],\"inLanguage\":\"es\"},{\"@type\":\"WebPage\",\"@id\":\"https:\\\/\\\/diariotextual.com\\\/inicio\\\/index.php\\\/2019\\\/09\\\/28\\\/odiaba-los-cumpleanos-mensaje-viral-docente-pampeano\\\/\",\"url\":\"https:\\\/\\\/diariotextual.com\\\/inicio\\\/index.php\\\/2019\\\/09\\\/28\\\/odiaba-los-cumpleanos-mensaje-viral-docente-pampeano\\\/\",\"name\":\"\\\"Yo odiaba los cumplea\u00f1os\\\", el mensaje viral de un docente pampeano - Diario Textual\",\"isPartOf\":{\"@id\":\"https:\\\/\\\/diariotextual.com\\\/inicio\\\/#website\"},\"primaryImageOfPage\":{\"@id\":\"https:\\\/\\\/diariotextual.com\\\/inicio\\\/index.php\\\/2019\\\/09\\\/28\\\/odiaba-los-cumpleanos-mensaje-viral-docente-pampeano\\\/#primaryimage\"},\"image\":{\"@id\":\"https:\\\/\\\/diariotextual.com\\\/inicio\\\/index.php\\\/2019\\\/09\\\/28\\\/odiaba-los-cumpleanos-mensaje-viral-docente-pampeano\\\/#primaryimage\"},\"thumbnailUrl\":\"https:\\\/\\\/diariotextual.com\\\/inicio\\\/wp-content\\\/uploads\\\/2019\\\/09\\\/fernandezjesus1.jpg\",\"datePublished\":\"2019-09-28T18:19:32+00:00\",\"dateModified\":\"2019-09-30T12:14:47+00:00\",\"breadcrumb\":{\"@id\":\"https:\\\/\\\/diariotextual.com\\\/inicio\\\/index.php\\\/2019\\\/09\\\/28\\\/odiaba-los-cumpleanos-mensaje-viral-docente-pampeano\\\/#breadcrumb\"},\"inLanguage\":\"es\",\"potentialAction\":[{\"@type\":\"ReadAction\",\"target\":[\"https:\\\/\\\/diariotextual.com\\\/inicio\\\/index.php\\\/2019\\\/09\\\/28\\\/odiaba-los-cumpleanos-mensaje-viral-docente-pampeano\\\/\"]}]},{\"@type\":\"ImageObject\",\"inLanguage\":\"es\",\"@id\":\"https:\\\/\\\/diariotextual.com\\\/inicio\\\/index.php\\\/2019\\\/09\\\/28\\\/odiaba-los-cumpleanos-mensaje-viral-docente-pampeano\\\/#primaryimage\",\"url\":\"https:\\\/\\\/diariotextual.com\\\/inicio\\\/wp-content\\\/uploads\\\/2019\\\/09\\\/fernandezjesus1.jpg\",\"contentUrl\":\"https:\\\/\\\/diariotextual.com\\\/inicio\\\/wp-content\\\/uploads\\\/2019\\\/09\\\/fernandezjesus1.jpg\",\"width\":878,\"height\":540},{\"@type\":\"BreadcrumbList\",\"@id\":\"https:\\\/\\\/diariotextual.com\\\/inicio\\\/index.php\\\/2019\\\/09\\\/28\\\/odiaba-los-cumpleanos-mensaje-viral-docente-pampeano\\\/#breadcrumb\",\"itemListElement\":[{\"@type\":\"ListItem\",\"position\":1,\"name\":\"Portada\",\"item\":\"https:\\\/\\\/diariotextual.com\\\/inicio\\\/\"},{\"@type\":\"ListItem\",\"position\":2,\"name\":\"\u00abYo odiaba los cumplea\u00f1os\u00bb, el mensaje viral de un docente pampeano\"}]},{\"@type\":\"WebSite\",\"@id\":\"https:\\\/\\\/diariotextual.com\\\/inicio\\\/#website\",\"url\":\"https:\\\/\\\/diariotextual.com\\\/inicio\\\/\",\"name\":\"Diario Textual\",\"description\":\"\",\"publisher\":{\"@id\":\"https:\\\/\\\/diariotextual.com\\\/inicio\\\/#organization\"},\"potentialAction\":[{\"@type\":\"SearchAction\",\"target\":{\"@type\":\"EntryPoint\",\"urlTemplate\":\"https:\\\/\\\/diariotextual.com\\\/inicio\\\/?s={search_term_string}\"},\"query-input\":{\"@type\":\"PropertyValueSpecification\",\"valueRequired\":true,\"valueName\":\"search_term_string\"}}],\"inLanguage\":\"es\"},{\"@type\":\"Organization\",\"@id\":\"https:\\\/\\\/diariotextual.com\\\/inicio\\\/#organization\",\"name\":\"Diario Textual\",\"url\":\"https:\\\/\\\/diariotextual.com\\\/inicio\\\/\",\"logo\":{\"@type\":\"ImageObject\",\"inLanguage\":\"es\",\"@id\":\"https:\\\/\\\/diariotextual.com\\\/inicio\\\/#\\\/schema\\\/logo\\\/image\\\/\",\"url\":\"https:\\\/\\\/diariotextual.com\\\/inicio\\\/wp-content\\\/uploads\\\/2023\\\/05\\\/logotextual1.jpg\",\"contentUrl\":\"https:\\\/\\\/diariotextual.com\\\/inicio\\\/wp-content\\\/uploads\\\/2023\\\/05\\\/logotextual1.jpg\",\"width\":516,\"height\":76,\"caption\":\"Diario Textual\"},\"image\":{\"@id\":\"https:\\\/\\\/diariotextual.com\\\/inicio\\\/#\\\/schema\\\/logo\\\/image\\\/\"},\"sameAs\":[\"https:\\\/\\\/www.facebook.com\\\/eltextual\",\"https:\\\/\\\/x.com\\\/eltextual\",\"http:\\\/\\\/www.instagram.com\\\/eltextual\"]},{\"@type\":\"Person\",\"@id\":\"https:\\\/\\\/diariotextual.com\\\/inicio\\\/#\\\/schema\\\/person\\\/418fc4093c33e86ed41562db3508f958\",\"name\":\"Diario1 Diario1\",\"image\":{\"@type\":\"ImageObject\",\"inLanguage\":\"es\",\"@id\":\"https:\\\/\\\/secure.gravatar.com\\\/avatar\\\/9167d280179c85bc18be67aa7eda765854300033af4896dd779b608640f2ef7a?s=96&d=mm&r=g\",\"url\":\"https:\\\/\\\/secure.gravatar.com\\\/avatar\\\/9167d280179c85bc18be67aa7eda765854300033af4896dd779b608640f2ef7a?s=96&d=mm&r=g\",\"contentUrl\":\"https:\\\/\\\/secure.gravatar.com\\\/avatar\\\/9167d280179c85bc18be67aa7eda765854300033af4896dd779b608640f2ef7a?s=96&d=mm&r=g\",\"caption\":\"Diario1 Diario1\"},\"url\":\"https:\\\/\\\/diariotextual.com\\\/inicio\\\/index.php\\\/author\\\/diario1\\\/\"}]}<\/script>\n<!-- \/ Yoast SEO plugin. -->","yoast_head_json":{"title":"\"Yo odiaba los cumplea\u00f1os\", el mensaje viral de un docente pampeano - Diario Textual","robots":{"index":"index","follow":"follow","max-snippet":"max-snippet:-1","max-image-preview":"max-image-preview:large","max-video-preview":"max-video-preview:-1"},"canonical":"https:\/\/diariotextual.com\/inicio\/index.php\/2019\/09\/28\/odiaba-los-cumpleanos-mensaje-viral-docente-pampeano\/","og_locale":"es_ES","og_type":"article","og_title":"\"Yo odiaba los cumplea\u00f1os\", el mensaje viral de un docente pampeano - Diario Textual","og_description":"Jes\u00fas Iv\u00e1n Fern\u00e1ndez cumple este s\u00e1bado 34 a\u00f1os de edad. Esta vez dice que lo est\u00e1 disfrutando. \u201cYo odiaba los cumplea\u00f1os\u201d, cuenta, luego de que Diario Textual lo contactara por\u00a0un&hellip;","og_url":"https:\/\/diariotextual.com\/inicio\/index.php\/2019\/09\/28\/odiaba-los-cumpleanos-mensaje-viral-docente-pampeano\/","og_site_name":"Diario Textual","article_publisher":"https:\/\/www.facebook.com\/eltextual","article_published_time":"2019-09-28T18:19:32+00:00","article_modified_time":"2019-09-30T12:14:47+00:00","og_image":[{"width":878,"height":540,"url":"https:\/\/diariotextual.com\/inicio\/wp-content\/uploads\/2019\/09\/fernandezjesus1.jpg","type":"image\/jpeg"}],"author":"Diario1 Diario1","twitter_card":"summary_large_image","twitter_creator":"@eltextual","twitter_site":"@eltextual","twitter_misc":{"Escrito por":"Diario1 Diario1","Tiempo de lectura":"4 minutos"},"schema":{"@context":"https:\/\/schema.org","@graph":[{"@type":"Article","@id":"https:\/\/diariotextual.com\/inicio\/index.php\/2019\/09\/28\/odiaba-los-cumpleanos-mensaje-viral-docente-pampeano\/#article","isPartOf":{"@id":"https:\/\/diariotextual.com\/inicio\/index.php\/2019\/09\/28\/odiaba-los-cumpleanos-mensaje-viral-docente-pampeano\/"},"author":{"name":"Diario1 Diario1","@id":"https:\/\/diariotextual.com\/inicio\/#\/schema\/person\/418fc4093c33e86ed41562db3508f958"},"headline":"\u00abYo odiaba los cumplea\u00f1os\u00bb, el mensaje viral de un docente pampeano","datePublished":"2019-09-28T18:19:32+00:00","dateModified":"2019-09-30T12:14:47+00:00","mainEntityOfPage":{"@id":"https:\/\/diariotextual.com\/inicio\/index.php\/2019\/09\/28\/odiaba-los-cumpleanos-mensaje-viral-docente-pampeano\/"},"wordCount":722,"publisher":{"@id":"https:\/\/diariotextual.com\/inicio\/#organization"},"image":{"@id":"https:\/\/diariotextual.com\/inicio\/index.php\/2019\/09\/28\/odiaba-los-cumpleanos-mensaje-viral-docente-pampeano\/#primaryimage"},"thumbnailUrl":"https:\/\/diariotextual.com\/inicio\/wp-content\/uploads\/2019\/09\/fernandezjesus1.jpg","keywords":["cumplea\u00f1os","docentes","fernandez","jesus"],"articleSection":["A - TEMPORALES","SOCIEDAD"],"inLanguage":"es"},{"@type":"WebPage","@id":"https:\/\/diariotextual.com\/inicio\/index.php\/2019\/09\/28\/odiaba-los-cumpleanos-mensaje-viral-docente-pampeano\/","url":"https:\/\/diariotextual.com\/inicio\/index.php\/2019\/09\/28\/odiaba-los-cumpleanos-mensaje-viral-docente-pampeano\/","name":"\"Yo odiaba los cumplea\u00f1os\", el mensaje viral de un docente pampeano - Diario Textual","isPartOf":{"@id":"https:\/\/diariotextual.com\/inicio\/#website"},"primaryImageOfPage":{"@id":"https:\/\/diariotextual.com\/inicio\/index.php\/2019\/09\/28\/odiaba-los-cumpleanos-mensaje-viral-docente-pampeano\/#primaryimage"},"image":{"@id":"https:\/\/diariotextual.com\/inicio\/index.php\/2019\/09\/28\/odiaba-los-cumpleanos-mensaje-viral-docente-pampeano\/#primaryimage"},"thumbnailUrl":"https:\/\/diariotextual.com\/inicio\/wp-content\/uploads\/2019\/09\/fernandezjesus1.jpg","datePublished":"2019-09-28T18:19:32+00:00","dateModified":"2019-09-30T12:14:47+00:00","breadcrumb":{"@id":"https:\/\/diariotextual.com\/inicio\/index.php\/2019\/09\/28\/odiaba-los-cumpleanos-mensaje-viral-docente-pampeano\/#breadcrumb"},"inLanguage":"es","potentialAction":[{"@type":"ReadAction","target":["https:\/\/diariotextual.com\/inicio\/index.php\/2019\/09\/28\/odiaba-los-cumpleanos-mensaje-viral-docente-pampeano\/"]}]},{"@type":"ImageObject","inLanguage":"es","@id":"https:\/\/diariotextual.com\/inicio\/index.php\/2019\/09\/28\/odiaba-los-cumpleanos-mensaje-viral-docente-pampeano\/#primaryimage","url":"https:\/\/diariotextual.com\/inicio\/wp-content\/uploads\/2019\/09\/fernandezjesus1.jpg","contentUrl":"https:\/\/diariotextual.com\/inicio\/wp-content\/uploads\/2019\/09\/fernandezjesus1.jpg","width":878,"height":540},{"@type":"BreadcrumbList","@id":"https:\/\/diariotextual.com\/inicio\/index.php\/2019\/09\/28\/odiaba-los-cumpleanos-mensaje-viral-docente-pampeano\/#breadcrumb","itemListElement":[{"@type":"ListItem","position":1,"name":"Portada","item":"https:\/\/diariotextual.com\/inicio\/"},{"@type":"ListItem","position":2,"name":"\u00abYo odiaba los cumplea\u00f1os\u00bb, el mensaje viral de un docente pampeano"}]},{"@type":"WebSite","@id":"https:\/\/diariotextual.com\/inicio\/#website","url":"https:\/\/diariotextual.com\/inicio\/","name":"Diario Textual","description":"","publisher":{"@id":"https:\/\/diariotextual.com\/inicio\/#organization"},"potentialAction":[{"@type":"SearchAction","target":{"@type":"EntryPoint","urlTemplate":"https:\/\/diariotextual.com\/inicio\/?s={search_term_string}"},"query-input":{"@type":"PropertyValueSpecification","valueRequired":true,"valueName":"search_term_string"}}],"inLanguage":"es"},{"@type":"Organization","@id":"https:\/\/diariotextual.com\/inicio\/#organization","name":"Diario Textual","url":"https:\/\/diariotextual.com\/inicio\/","logo":{"@type":"ImageObject","inLanguage":"es","@id":"https:\/\/diariotextual.com\/inicio\/#\/schema\/logo\/image\/","url":"https:\/\/diariotextual.com\/inicio\/wp-content\/uploads\/2023\/05\/logotextual1.jpg","contentUrl":"https:\/\/diariotextual.com\/inicio\/wp-content\/uploads\/2023\/05\/logotextual1.jpg","width":516,"height":76,"caption":"Diario Textual"},"image":{"@id":"https:\/\/diariotextual.com\/inicio\/#\/schema\/logo\/image\/"},"sameAs":["https:\/\/www.facebook.com\/eltextual","https:\/\/x.com\/eltextual","http:\/\/www.instagram.com\/eltextual"]},{"@type":"Person","@id":"https:\/\/diariotextual.com\/inicio\/#\/schema\/person\/418fc4093c33e86ed41562db3508f958","name":"Diario1 Diario1","image":{"@type":"ImageObject","inLanguage":"es","@id":"https:\/\/secure.gravatar.com\/avatar\/9167d280179c85bc18be67aa7eda765854300033af4896dd779b608640f2ef7a?s=96&d=mm&r=g","url":"https:\/\/secure.gravatar.com\/avatar\/9167d280179c85bc18be67aa7eda765854300033af4896dd779b608640f2ef7a?s=96&d=mm&r=g","contentUrl":"https:\/\/secure.gravatar.com\/avatar\/9167d280179c85bc18be67aa7eda765854300033af4896dd779b608640f2ef7a?s=96&d=mm&r=g","caption":"Diario1 Diario1"},"url":"https:\/\/diariotextual.com\/inicio\/index.php\/author\/diario1\/"}]}},"_links":{"self":[{"href":"https:\/\/diariotextual.com\/inicio\/index.php\/wp-json\/wp\/v2\/posts\/64152","targetHints":{"allow":["GET"]}}],"collection":[{"href":"https:\/\/diariotextual.com\/inicio\/index.php\/wp-json\/wp\/v2\/posts"}],"about":[{"href":"https:\/\/diariotextual.com\/inicio\/index.php\/wp-json\/wp\/v2\/types\/post"}],"author":[{"embeddable":true,"href":"https:\/\/diariotextual.com\/inicio\/index.php\/wp-json\/wp\/v2\/users\/3"}],"replies":[{"embeddable":true,"href":"https:\/\/diariotextual.com\/inicio\/index.php\/wp-json\/wp\/v2\/comments?post=64152"}],"version-history":[{"count":10,"href":"https:\/\/diariotextual.com\/inicio\/index.php\/wp-json\/wp\/v2\/posts\/64152\/revisions"}],"predecessor-version":[{"id":64164,"href":"https:\/\/diariotextual.com\/inicio\/index.php\/wp-json\/wp\/v2\/posts\/64152\/revisions\/64164"}],"wp:featuredmedia":[{"embeddable":true,"href":"https:\/\/diariotextual.com\/inicio\/index.php\/wp-json\/wp\/v2\/media\/64154"}],"wp:attachment":[{"href":"https:\/\/diariotextual.com\/inicio\/index.php\/wp-json\/wp\/v2\/media?parent=64152"}],"wp:term":[{"taxonomy":"category","embeddable":true,"href":"https:\/\/diariotextual.com\/inicio\/index.php\/wp-json\/wp\/v2\/categories?post=64152"},{"taxonomy":"post_tag","embeddable":true,"href":"https:\/\/diariotextual.com\/inicio\/index.php\/wp-json\/wp\/v2\/tags?post=64152"}],"curies":[{"name":"wp","href":"https:\/\/api.w.org\/{rel}","templated":true}]}}