{"id":64243,"date":"2019-09-29T18:44:46","date_gmt":"2019-09-29T21:44:46","guid":{"rendered":"http:\/\/diariotextual.com\/inicio\/?p=64243"},"modified":"2019-09-30T04:14:18","modified_gmt":"2019-09-30T07:14:18","slug":"fallecio-otra-chica-ya-tres-los-muertos-choque-25-mayo","status":"publish","type":"post","link":"https:\/\/diariotextual.com\/inicio\/index.php\/2019\/09\/29\/fallecio-otra-chica-ya-tres-los-muertos-choque-25-mayo\/","title":{"rendered":"Falleci\u00f3 otra chica y ya son tres los muertos en un choque en 25 de Mayo"},"content":{"rendered":"<p>Ya son <strong>tres los j\u00f3venes fallecidos<\/strong> en un triple choque en la ruta provincial 34, en el ingreso a la localidad de <strong>25 de Mayo<\/strong>. En la ma\u00f1ana hab\u00edan fallecido un hombre y una mujer y por la tarde muri\u00f3 otra de las protagonistas del siniestro vial, informaron fuentes oficiales a <strong>Diario Textual<\/strong>.<\/p>\n<p>Las v\u00edctimas fatales fueron identificadas como <strong>Lucas Dami\u00e1n Baz\u00e1n<\/strong> (de 26 a\u00f1os, que conduc\u00eda una camioneta Ford Ranger), <strong>Mar\u00eda Eugenia Schmidt<\/strong> (de 27, que iba de acompa\u00f1ante en la Ranger) y <strong>Evelyn Papeix Palacios<\/strong> (de 22, conduc\u00eda una Fiat Toro).<\/p>\n<p>El siniestro ocurri\u00f3 a las\u00a0<strong>6.20 horas<\/strong>\u00a0a unos 2 kil\u00f3metros al norte de la rotonda de acceso. Fue protagonizado por un\u00a0<strong>Vectra<\/strong>\u00a0-que ingresaba a la localidad, en direcci\u00f3n sur-, una<strong>\u00a0Toro<\/strong>\u00a0-que tambi\u00e9n ingresaba- y una\u00a0<strong>Ford Ranger<\/strong>\u00a0-que sal\u00eda-, inform\u00f3 a Diario Textual el comisario<strong>\u00a0Juan Mercado<\/strong>.<\/p>\n<p>\u00bfQu\u00e9 fue lo que sucedi\u00f3? Seg\u00fan el relato de testigos,<strong>\u00a0aparentemente la Toro iba sobrepasando otro veh\u00edculo<\/strong>\u00a0y se encontr\u00f3, de frente, con el Vectra que ingresaba. El auto y la pickup se rozaron. As\u00ed, la Toro hizo un trompo y qued\u00f3 sobre la cinta asf\u00e1ltica. En ese momento, fue embestida por la Ranger. <strong>La Toro se parti\u00f3 en dos.<\/strong><\/p>\n<blockquote class=\"wp-embedded-content\" data-secret=\"auaQ8ohOrU\"><p><a href=\"http:\/\/diariotextual.com\/inicio\/index.php\/2019\/09\/30\/choque-fatal-murio-camionero-quemu-2\/\">Otro choque fatal: muri\u00f3 un camionero de Quem\u00fa<\/a><\/p><\/blockquote>\n<p><iframe class=\"wp-embedded-content\" sandbox=\"allow-scripts\" security=\"restricted\" style=\"position: absolute; clip: rect(1px, 1px, 1px, 1px);\" src=\"http:\/\/diariotextual.com\/inicio\/index.php\/2019\/09\/30\/choque-fatal-murio-camionero-quemu-2\/embed\/#?secret=auaQ8ohOrU\" data-secret=\"auaQ8ohOrU\" width=\"600\" height=\"338\" title=\"&#171;Otro choque fatal: muri\u00f3 un camionero de Quem\u00fa&#187; &#8212; Diario Textual\" frameborder=\"0\" marginwidth=\"0\" marginheight=\"0\" scrolling=\"no\"><\/iframe><\/p>\n<p>Lucas Baz\u00e1n muri\u00f3 en el lugar del siniestro, cerca de las 6.30 horas, en tanto que Mar\u00eda Eugenia Schmidt falleci\u00f3 en el Hospital Ahuad, de la localidad, a las 9 horas. A su vez, Evelyn Papeix Palacios fue asistida en el Ahuad y posteriormente trasladada\u00a0al Hospital Castro Rendon en Neuqu\u00e9n, donde falleci\u00f3 a las 14.40 horas.<\/p>\n<p>Hay una joven herida, en grave estado, que se encuentra internada en un centro de salud de Neuqu\u00e9n. Se trata de una mujer de 21 a\u00f1os, que iba junto a las v\u00edctimas fatales de la Ranger.<\/p>\n<p>En tanto, los dos ocupantes del Chevrolet Vectra, ambos de 53 a\u00f1os de edad, no sufrieron heridas.<\/p>\n<p>&nbsp;<\/p>\n<p>&nbsp;<\/p>\n<p><em><strong>(Foto gentileza de AM 900)<\/strong><\/em><\/p>\n<p>&nbsp;<\/p>\n<p>&nbsp;<\/p>\n","protected":false},"excerpt":{"rendered":"<p>Ya son tres los j\u00f3venes fallecidos en un triple choque en la ruta provincial 34, en el ingreso a la localidad de 25 de Mayo. En la ma\u00f1ana hab\u00edan fallecido&hellip;<\/p>\n","protected":false},"author":3,"featured_media":64246,"comment_status":"closed","ping_status":"open","sticky":false,"template":"","format":"standard","meta":{"_acf_changed":false,"footnotes":""},"categories":[1,11,319,12],"tags":[],"class_list":["post-64243","post","type-post","status-publish","format-standard","has-post-thumbnail","hentry","category-es-noticia","category-que-pasa","category-a-temporales","category-sociedad"],"acf":[],"yoast_head":"<!-- This site is optimized with the Yoast SEO plugin v27.5 - https:\/\/yoast.com\/product\/yoast-seo-wordpress\/ -->\n<title>Falleci\u00f3 otra chica y ya son tres los muertos en un choque en 25 de Mayo - Diario Textual<\/title>\n<meta name=\"robots\" content=\"index, follow, max-snippet:-1, max-image-preview:large, max-video-preview:-1\" \/>\n<link rel=\"canonical\" href=\"https:\/\/diariotextual.com\/inicio\/index.php\/2019\/09\/29\/fallecio-otra-chica-ya-tres-los-muertos-choque-25-mayo\/\" \/>\n<meta property=\"og:locale\" content=\"es_ES\" \/>\n<meta property=\"og:type\" content=\"article\" \/>\n<meta property=\"og:title\" content=\"Falleci\u00f3 otra chica y ya son tres los muertos en un choque en 25 de Mayo - Diario Textual\" \/>\n<meta property=\"og:description\" content=\"Ya son tres los j\u00f3venes fallecidos en un triple choque en la ruta provincial 34, en el ingreso a la localidad de 25 de Mayo. En la ma\u00f1ana hab\u00edan fallecido&hellip;\" \/>\n<meta property=\"og:url\" content=\"https:\/\/diariotextual.com\/inicio\/index.php\/2019\/09\/29\/fallecio-otra-chica-ya-tres-los-muertos-choque-25-mayo\/\" \/>\n<meta property=\"og:site_name\" content=\"Diario Textual\" \/>\n<meta property=\"article:publisher\" content=\"https:\/\/www.facebook.com\/eltextual\" \/>\n<meta property=\"article:published_time\" content=\"2019-09-29T21:44:46+00:00\" \/>\n<meta property=\"article:modified_time\" content=\"2019-09-30T07:14:18+00:00\" \/>\n<meta property=\"og:image\" content=\"https:\/\/diariotextual.com\/inicio\/wp-content\/uploads\/2019\/09\/choque25mayo2019-5.jpg\" \/>\n\t<meta property=\"og:image:width\" content=\"715\" \/>\n\t<meta property=\"og:image:height\" content=\"431\" \/>\n\t<meta property=\"og:image:type\" content=\"image\/jpeg\" \/>\n<meta name=\"author\" content=\"Diario1 Diario1\" \/>\n<meta name=\"twitter:card\" content=\"summary_large_image\" \/>\n<meta name=\"twitter:creator\" content=\"@eltextual\" \/>\n<meta name=\"twitter:site\" content=\"@eltextual\" \/>\n<meta name=\"twitter:label1\" content=\"Escrito por\" \/>\n\t<meta name=\"twitter:data1\" content=\"Diario1 Diario1\" \/>\n\t<meta name=\"twitter:label2\" content=\"Tiempo de lectura\" \/>\n\t<meta name=\"twitter:data2\" content=\"2 minutos\" \/>\n<script type=\"application\/ld+json\" class=\"yoast-schema-graph\">{\"@context\":\"https:\\\/\\\/schema.org\",\"@graph\":[{\"@type\":\"Article\",\"@id\":\"https:\\\/\\\/diariotextual.com\\\/inicio\\\/index.php\\\/2019\\\/09\\\/29\\\/fallecio-otra-chica-ya-tres-los-muertos-choque-25-mayo\\\/#article\",\"isPartOf\":{\"@id\":\"https:\\\/\\\/diariotextual.com\\\/inicio\\\/index.php\\\/2019\\\/09\\\/29\\\/fallecio-otra-chica-ya-tres-los-muertos-choque-25-mayo\\\/\"},\"author\":{\"name\":\"Diario1 Diario1\",\"@id\":\"https:\\\/\\\/diariotextual.com\\\/inicio\\\/#\\\/schema\\\/person\\\/418fc4093c33e86ed41562db3508f958\"},\"headline\":\"Falleci\u00f3 otra chica y ya son tres los muertos en un choque en 25 de Mayo\",\"datePublished\":\"2019-09-29T21:44:46+00:00\",\"dateModified\":\"2019-09-30T07:14:18+00:00\",\"mainEntityOfPage\":{\"@id\":\"https:\\\/\\\/diariotextual.com\\\/inicio\\\/index.php\\\/2019\\\/09\\\/29\\\/fallecio-otra-chica-ya-tres-los-muertos-choque-25-mayo\\\/\"},\"wordCount\":356,\"publisher\":{\"@id\":\"https:\\\/\\\/diariotextual.com\\\/inicio\\\/#organization\"},\"image\":{\"@id\":\"https:\\\/\\\/diariotextual.com\\\/inicio\\\/index.php\\\/2019\\\/09\\\/29\\\/fallecio-otra-chica-ya-tres-los-muertos-choque-25-mayo\\\/#primaryimage\"},\"thumbnailUrl\":\"https:\\\/\\\/diariotextual.com\\\/inicio\\\/wp-content\\\/uploads\\\/2019\\\/09\\\/choque25mayo2019-5.jpg\",\"articleSection\":[\"A - ES NOTICIA (van abajo)\",\"A - QUE PASA (al costado)\",\"A - TEMPORALES\",\"SOCIEDAD\"],\"inLanguage\":\"es\"},{\"@type\":\"WebPage\",\"@id\":\"https:\\\/\\\/diariotextual.com\\\/inicio\\\/index.php\\\/2019\\\/09\\\/29\\\/fallecio-otra-chica-ya-tres-los-muertos-choque-25-mayo\\\/\",\"url\":\"https:\\\/\\\/diariotextual.com\\\/inicio\\\/index.php\\\/2019\\\/09\\\/29\\\/fallecio-otra-chica-ya-tres-los-muertos-choque-25-mayo\\\/\",\"name\":\"Falleci\u00f3 otra chica y ya son tres los muertos en un choque en 25 de Mayo - Diario Textual\",\"isPartOf\":{\"@id\":\"https:\\\/\\\/diariotextual.com\\\/inicio\\\/#website\"},\"primaryImageOfPage\":{\"@id\":\"https:\\\/\\\/diariotextual.com\\\/inicio\\\/index.php\\\/2019\\\/09\\\/29\\\/fallecio-otra-chica-ya-tres-los-muertos-choque-25-mayo\\\/#primaryimage\"},\"image\":{\"@id\":\"https:\\\/\\\/diariotextual.com\\\/inicio\\\/index.php\\\/2019\\\/09\\\/29\\\/fallecio-otra-chica-ya-tres-los-muertos-choque-25-mayo\\\/#primaryimage\"},\"thumbnailUrl\":\"https:\\\/\\\/diariotextual.com\\\/inicio\\\/wp-content\\\/uploads\\\/2019\\\/09\\\/choque25mayo2019-5.jpg\",\"datePublished\":\"2019-09-29T21:44:46+00:00\",\"dateModified\":\"2019-09-30T07:14:18+00:00\",\"breadcrumb\":{\"@id\":\"https:\\\/\\\/diariotextual.com\\\/inicio\\\/index.php\\\/2019\\\/09\\\/29\\\/fallecio-otra-chica-ya-tres-los-muertos-choque-25-mayo\\\/#breadcrumb\"},\"inLanguage\":\"es\",\"potentialAction\":[{\"@type\":\"ReadAction\",\"target\":[\"https:\\\/\\\/diariotextual.com\\\/inicio\\\/index.php\\\/2019\\\/09\\\/29\\\/fallecio-otra-chica-ya-tres-los-muertos-choque-25-mayo\\\/\"]}]},{\"@type\":\"ImageObject\",\"inLanguage\":\"es\",\"@id\":\"https:\\\/\\\/diariotextual.com\\\/inicio\\\/index.php\\\/2019\\\/09\\\/29\\\/fallecio-otra-chica-ya-tres-los-muertos-choque-25-mayo\\\/#primaryimage\",\"url\":\"https:\\\/\\\/diariotextual.com\\\/inicio\\\/wp-content\\\/uploads\\\/2019\\\/09\\\/choque25mayo2019-5.jpg\",\"contentUrl\":\"https:\\\/\\\/diariotextual.com\\\/inicio\\\/wp-content\\\/uploads\\\/2019\\\/09\\\/choque25mayo2019-5.jpg\",\"width\":715,\"height\":431},{\"@type\":\"BreadcrumbList\",\"@id\":\"https:\\\/\\\/diariotextual.com\\\/inicio\\\/index.php\\\/2019\\\/09\\\/29\\\/fallecio-otra-chica-ya-tres-los-muertos-choque-25-mayo\\\/#breadcrumb\",\"itemListElement\":[{\"@type\":\"ListItem\",\"position\":1,\"name\":\"Portada\",\"item\":\"https:\\\/\\\/diariotextual.com\\\/inicio\\\/\"},{\"@type\":\"ListItem\",\"position\":2,\"name\":\"Falleci\u00f3 otra chica y ya son tres los muertos en un choque en 25 de Mayo\"}]},{\"@type\":\"WebSite\",\"@id\":\"https:\\\/\\\/diariotextual.com\\\/inicio\\\/#website\",\"url\":\"https:\\\/\\\/diariotextual.com\\\/inicio\\\/\",\"name\":\"Diario Textual\",\"description\":\"\",\"publisher\":{\"@id\":\"https:\\\/\\\/diariotextual.com\\\/inicio\\\/#organization\"},\"potentialAction\":[{\"@type\":\"SearchAction\",\"target\":{\"@type\":\"EntryPoint\",\"urlTemplate\":\"https:\\\/\\\/diariotextual.com\\\/inicio\\\/?s={search_term_string}\"},\"query-input\":{\"@type\":\"PropertyValueSpecification\",\"valueRequired\":true,\"valueName\":\"search_term_string\"}}],\"inLanguage\":\"es\"},{\"@type\":\"Organization\",\"@id\":\"https:\\\/\\\/diariotextual.com\\\/inicio\\\/#organization\",\"name\":\"Diario Textual\",\"url\":\"https:\\\/\\\/diariotextual.com\\\/inicio\\\/\",\"logo\":{\"@type\":\"ImageObject\",\"inLanguage\":\"es\",\"@id\":\"https:\\\/\\\/diariotextual.com\\\/inicio\\\/#\\\/schema\\\/logo\\\/image\\\/\",\"url\":\"https:\\\/\\\/diariotextual.com\\\/inicio\\\/wp-content\\\/uploads\\\/2023\\\/05\\\/logotextual1.jpg\",\"contentUrl\":\"https:\\\/\\\/diariotextual.com\\\/inicio\\\/wp-content\\\/uploads\\\/2023\\\/05\\\/logotextual1.jpg\",\"width\":516,\"height\":76,\"caption\":\"Diario Textual\"},\"image\":{\"@id\":\"https:\\\/\\\/diariotextual.com\\\/inicio\\\/#\\\/schema\\\/logo\\\/image\\\/\"},\"sameAs\":[\"https:\\\/\\\/www.facebook.com\\\/eltextual\",\"https:\\\/\\\/x.com\\\/eltextual\",\"http:\\\/\\\/www.instagram.com\\\/eltextual\"]},{\"@type\":\"Person\",\"@id\":\"https:\\\/\\\/diariotextual.com\\\/inicio\\\/#\\\/schema\\\/person\\\/418fc4093c33e86ed41562db3508f958\",\"name\":\"Diario1 Diario1\",\"image\":{\"@type\":\"ImageObject\",\"inLanguage\":\"es\",\"@id\":\"https:\\\/\\\/secure.gravatar.com\\\/avatar\\\/9167d280179c85bc18be67aa7eda765854300033af4896dd779b608640f2ef7a?s=96&d=mm&r=g\",\"url\":\"https:\\\/\\\/secure.gravatar.com\\\/avatar\\\/9167d280179c85bc18be67aa7eda765854300033af4896dd779b608640f2ef7a?s=96&d=mm&r=g\",\"contentUrl\":\"https:\\\/\\\/secure.gravatar.com\\\/avatar\\\/9167d280179c85bc18be67aa7eda765854300033af4896dd779b608640f2ef7a?s=96&d=mm&r=g\",\"caption\":\"Diario1 Diario1\"},\"url\":\"https:\\\/\\\/diariotextual.com\\\/inicio\\\/index.php\\\/author\\\/diario1\\\/\"}]}<\/script>\n<!-- \/ Yoast SEO plugin. -->","yoast_head_json":{"title":"Falleci\u00f3 otra chica y ya son tres los muertos en un choque en 25 de Mayo - Diario Textual","robots":{"index":"index","follow":"follow","max-snippet":"max-snippet:-1","max-image-preview":"max-image-preview:large","max-video-preview":"max-video-preview:-1"},"canonical":"https:\/\/diariotextual.com\/inicio\/index.php\/2019\/09\/29\/fallecio-otra-chica-ya-tres-los-muertos-choque-25-mayo\/","og_locale":"es_ES","og_type":"article","og_title":"Falleci\u00f3 otra chica y ya son tres los muertos en un choque en 25 de Mayo - Diario Textual","og_description":"Ya son tres los j\u00f3venes fallecidos en un triple choque en la ruta provincial 34, en el ingreso a la localidad de 25 de Mayo. En la ma\u00f1ana hab\u00edan fallecido&hellip;","og_url":"https:\/\/diariotextual.com\/inicio\/index.php\/2019\/09\/29\/fallecio-otra-chica-ya-tres-los-muertos-choque-25-mayo\/","og_site_name":"Diario Textual","article_publisher":"https:\/\/www.facebook.com\/eltextual","article_published_time":"2019-09-29T21:44:46+00:00","article_modified_time":"2019-09-30T07:14:18+00:00","og_image":[{"width":715,"height":431,"url":"https:\/\/diariotextual.com\/inicio\/wp-content\/uploads\/2019\/09\/choque25mayo2019-5.jpg","type":"image\/jpeg"}],"author":"Diario1 Diario1","twitter_card":"summary_large_image","twitter_creator":"@eltextual","twitter_site":"@eltextual","twitter_misc":{"Escrito por":"Diario1 Diario1","Tiempo de lectura":"2 minutos"},"schema":{"@context":"https:\/\/schema.org","@graph":[{"@type":"Article","@id":"https:\/\/diariotextual.com\/inicio\/index.php\/2019\/09\/29\/fallecio-otra-chica-ya-tres-los-muertos-choque-25-mayo\/#article","isPartOf":{"@id":"https:\/\/diariotextual.com\/inicio\/index.php\/2019\/09\/29\/fallecio-otra-chica-ya-tres-los-muertos-choque-25-mayo\/"},"author":{"name":"Diario1 Diario1","@id":"https:\/\/diariotextual.com\/inicio\/#\/schema\/person\/418fc4093c33e86ed41562db3508f958"},"headline":"Falleci\u00f3 otra chica y ya son tres los muertos en un choque en 25 de Mayo","datePublished":"2019-09-29T21:44:46+00:00","dateModified":"2019-09-30T07:14:18+00:00","mainEntityOfPage":{"@id":"https:\/\/diariotextual.com\/inicio\/index.php\/2019\/09\/29\/fallecio-otra-chica-ya-tres-los-muertos-choque-25-mayo\/"},"wordCount":356,"publisher":{"@id":"https:\/\/diariotextual.com\/inicio\/#organization"},"image":{"@id":"https:\/\/diariotextual.com\/inicio\/index.php\/2019\/09\/29\/fallecio-otra-chica-ya-tres-los-muertos-choque-25-mayo\/#primaryimage"},"thumbnailUrl":"https:\/\/diariotextual.com\/inicio\/wp-content\/uploads\/2019\/09\/choque25mayo2019-5.jpg","articleSection":["A - ES NOTICIA (van abajo)","A - QUE PASA (al costado)","A - TEMPORALES","SOCIEDAD"],"inLanguage":"es"},{"@type":"WebPage","@id":"https:\/\/diariotextual.com\/inicio\/index.php\/2019\/09\/29\/fallecio-otra-chica-ya-tres-los-muertos-choque-25-mayo\/","url":"https:\/\/diariotextual.com\/inicio\/index.php\/2019\/09\/29\/fallecio-otra-chica-ya-tres-los-muertos-choque-25-mayo\/","name":"Falleci\u00f3 otra chica y ya son tres los muertos en un choque en 25 de Mayo - Diario Textual","isPartOf":{"@id":"https:\/\/diariotextual.com\/inicio\/#website"},"primaryImageOfPage":{"@id":"https:\/\/diariotextual.com\/inicio\/index.php\/2019\/09\/29\/fallecio-otra-chica-ya-tres-los-muertos-choque-25-mayo\/#primaryimage"},"image":{"@id":"https:\/\/diariotextual.com\/inicio\/index.php\/2019\/09\/29\/fallecio-otra-chica-ya-tres-los-muertos-choque-25-mayo\/#primaryimage"},"thumbnailUrl":"https:\/\/diariotextual.com\/inicio\/wp-content\/uploads\/2019\/09\/choque25mayo2019-5.jpg","datePublished":"2019-09-29T21:44:46+00:00","dateModified":"2019-09-30T07:14:18+00:00","breadcrumb":{"@id":"https:\/\/diariotextual.com\/inicio\/index.php\/2019\/09\/29\/fallecio-otra-chica-ya-tres-los-muertos-choque-25-mayo\/#breadcrumb"},"inLanguage":"es","potentialAction":[{"@type":"ReadAction","target":["https:\/\/diariotextual.com\/inicio\/index.php\/2019\/09\/29\/fallecio-otra-chica-ya-tres-los-muertos-choque-25-mayo\/"]}]},{"@type":"ImageObject","inLanguage":"es","@id":"https:\/\/diariotextual.com\/inicio\/index.php\/2019\/09\/29\/fallecio-otra-chica-ya-tres-los-muertos-choque-25-mayo\/#primaryimage","url":"https:\/\/diariotextual.com\/inicio\/wp-content\/uploads\/2019\/09\/choque25mayo2019-5.jpg","contentUrl":"https:\/\/diariotextual.com\/inicio\/wp-content\/uploads\/2019\/09\/choque25mayo2019-5.jpg","width":715,"height":431},{"@type":"BreadcrumbList","@id":"https:\/\/diariotextual.com\/inicio\/index.php\/2019\/09\/29\/fallecio-otra-chica-ya-tres-los-muertos-choque-25-mayo\/#breadcrumb","itemListElement":[{"@type":"ListItem","position":1,"name":"Portada","item":"https:\/\/diariotextual.com\/inicio\/"},{"@type":"ListItem","position":2,"name":"Falleci\u00f3 otra chica y ya son tres los muertos en un choque en 25 de Mayo"}]},{"@type":"WebSite","@id":"https:\/\/diariotextual.com\/inicio\/#website","url":"https:\/\/diariotextual.com\/inicio\/","name":"Diario Textual","description":"","publisher":{"@id":"https:\/\/diariotextual.com\/inicio\/#organization"},"potentialAction":[{"@type":"SearchAction","target":{"@type":"EntryPoint","urlTemplate":"https:\/\/diariotextual.com\/inicio\/?s={search_term_string}"},"query-input":{"@type":"PropertyValueSpecification","valueRequired":true,"valueName":"search_term_string"}}],"inLanguage":"es"},{"@type":"Organization","@id":"https:\/\/diariotextual.com\/inicio\/#organization","name":"Diario Textual","url":"https:\/\/diariotextual.com\/inicio\/","logo":{"@type":"ImageObject","inLanguage":"es","@id":"https:\/\/diariotextual.com\/inicio\/#\/schema\/logo\/image\/","url":"https:\/\/diariotextual.com\/inicio\/wp-content\/uploads\/2023\/05\/logotextual1.jpg","contentUrl":"https:\/\/diariotextual.com\/inicio\/wp-content\/uploads\/2023\/05\/logotextual1.jpg","width":516,"height":76,"caption":"Diario Textual"},"image":{"@id":"https:\/\/diariotextual.com\/inicio\/#\/schema\/logo\/image\/"},"sameAs":["https:\/\/www.facebook.com\/eltextual","https:\/\/x.com\/eltextual","http:\/\/www.instagram.com\/eltextual"]},{"@type":"Person","@id":"https:\/\/diariotextual.com\/inicio\/#\/schema\/person\/418fc4093c33e86ed41562db3508f958","name":"Diario1 Diario1","image":{"@type":"ImageObject","inLanguage":"es","@id":"https:\/\/secure.gravatar.com\/avatar\/9167d280179c85bc18be67aa7eda765854300033af4896dd779b608640f2ef7a?s=96&d=mm&r=g","url":"https:\/\/secure.gravatar.com\/avatar\/9167d280179c85bc18be67aa7eda765854300033af4896dd779b608640f2ef7a?s=96&d=mm&r=g","contentUrl":"https:\/\/secure.gravatar.com\/avatar\/9167d280179c85bc18be67aa7eda765854300033af4896dd779b608640f2ef7a?s=96&d=mm&r=g","caption":"Diario1 Diario1"},"url":"https:\/\/diariotextual.com\/inicio\/index.php\/author\/diario1\/"}]}},"_links":{"self":[{"href":"https:\/\/diariotextual.com\/inicio\/index.php\/wp-json\/wp\/v2\/posts\/64243","targetHints":{"allow":["GET"]}}],"collection":[{"href":"https:\/\/diariotextual.com\/inicio\/index.php\/wp-json\/wp\/v2\/posts"}],"about":[{"href":"https:\/\/diariotextual.com\/inicio\/index.php\/wp-json\/wp\/v2\/types\/post"}],"author":[{"embeddable":true,"href":"https:\/\/diariotextual.com\/inicio\/index.php\/wp-json\/wp\/v2\/users\/3"}],"replies":[{"embeddable":true,"href":"https:\/\/diariotextual.com\/inicio\/index.php\/wp-json\/wp\/v2\/comments?post=64243"}],"version-history":[{"count":15,"href":"https:\/\/diariotextual.com\/inicio\/index.php\/wp-json\/wp\/v2\/posts\/64243\/revisions"}],"predecessor-version":[{"id":64311,"href":"https:\/\/diariotextual.com\/inicio\/index.php\/wp-json\/wp\/v2\/posts\/64243\/revisions\/64311"}],"wp:featuredmedia":[{"embeddable":true,"href":"https:\/\/diariotextual.com\/inicio\/index.php\/wp-json\/wp\/v2\/media\/64246"}],"wp:attachment":[{"href":"https:\/\/diariotextual.com\/inicio\/index.php\/wp-json\/wp\/v2\/media?parent=64243"}],"wp:term":[{"taxonomy":"category","embeddable":true,"href":"https:\/\/diariotextual.com\/inicio\/index.php\/wp-json\/wp\/v2\/categories?post=64243"},{"taxonomy":"post_tag","embeddable":true,"href":"https:\/\/diariotextual.com\/inicio\/index.php\/wp-json\/wp\/v2\/tags?post=64243"}],"curies":[{"name":"wp","href":"https:\/\/api.w.org\/{rel}","templated":true}]}}