{"id":64261,"date":"2019-09-29T19:43:20","date_gmt":"2019-09-29T22:43:20","guid":{"rendered":"http:\/\/diariotextual.com\/inicio\/?p=64261"},"modified":"2019-09-30T08:14:29","modified_gmt":"2019-09-30T11:14:29","slug":"cannabis-medicinal-la-pampa-la-demanda-se-satisface-desde-narcotrafico","status":"publish","type":"post","link":"https:\/\/diariotextual.com\/inicio\/index.php\/2019\/09\/29\/cannabis-medicinal-la-pampa-la-demanda-se-satisface-desde-narcotrafico\/","title":{"rendered":"Cannabis medicinal en La Pampa: \u201cLa demanda se satisface desde el narcotr\u00e1fico\u201d"},"content":{"rendered":"<p>Sin grises de por medio, Daniel Oliveto, docente en Biolog\u00eda, afirm\u00f3 que <strong>el 95 por ciento de los pampeanos que tratan sus enfermedades con goteros de cannabis medicinal se provee de ese aceite del \u00e1mbito ilegal<\/strong>. \u201cToda esta gente, actualmente, casi en un <strong>95 por ciento, se provee del aceite de manera ilegal, la asimila el narcotr\u00e1fico<\/strong>\u201d, dijo y asegur\u00f3 que <strong>por un gotero de ese aceite se llegan a pagar 3 mil pesos.<\/strong><\/p>\n<p><!--more--><\/p>\n<p>Oliveto, en medio de sus preparativos para participar de la primera Expo Cannabis que se realizar\u00e1 la semana que viene en el predio de la Sociedad Rural de Buenos Aires, habl\u00f3 con Diario Textual y fue <strong>contundente. \u201cHay -dijo- todo un mercado que el Estado Provincial no se hace cargo, por un lado el Ministerio de Salud dijo que la Provincia iba a cubrir los tratamientos con aceite solo para los casos de epilepsia refractaria, dejando afuera todo el resto de las patolog\u00edas<\/strong> y por otro el <strong>ministro de Salud cuando tuvo una capacitaci\u00f3n que vino desde Naci\u00f3n, creado por ley 27.350, ac\u00e1 en los hospitales p\u00fablicos de La Pampa, no envi\u00f3 a los m\u00e9dicos de Salud P\u00fablica a capacitarse<\/strong>, por lo tanto qui\u00e9n va a recetar aceite de cannabis si los m\u00e9dicos no tienen idea\u201d.<\/p>\n<p>\u201cAh\u00ed tenemos <strong>otro de los problemas que tiene que ver con el cannabis medicinal que solamente saben los que lo utilizan y los m\u00e9dicos no saben nada<\/strong>. Esto porque en su formaci\u00f3n de grado, <strong>los profesionales no tienen el estudio del sistema endocannabinoide, o sea, no saben que hay un mont\u00f3n de enfermedades que se curan con estas mol\u00e9culas<\/strong> que tiene la planta\u201d, expres\u00f3 el profesor en Biolog\u00eda.<\/p>\n<p>Oliveto asegur\u00f3 que u<strong>n 95 por ciento de los usuarios pampeanos de cannabis medicinal se provee del aceite de manera ilegal. \u201cLa asimila el narcotr\u00e1fico, es decir, gente que no tiene ninguno tipo de preparaci\u00f3n<\/strong> y que va a vender goteros por 3 mil pesos, cuando<strong> una planta de tama\u00f1o medio te puede llegar a sacar diez goteros, en tres meses de germinada<\/strong>\u201d, agreg\u00f3 y destac\u00f3 que en nuestra provincia hay mucha gente que se trata para distintas enfermedades: \u201cHay <strong>pacientes con trastornos neurol\u00f3gicos, Parkinson, Mal de Alzheimer, dolor neurop\u00e1tico, por artritis, artrosis, o gente con inflamaciones, autoinmune o c\u00e1ncer.<\/strong> Cuando empez\u00e1s a sumar, la demanda es enorme\u201d.<\/p>\n<p>&nbsp;<\/p>\n<p><strong>Ley 27.350<\/strong><\/p>\n<p>El docente pampeano explic\u00f3 que la <strong>ley 27.350, aprobada en marzo de 2017, habilita a que el Conicet y el INTA empiecen a producir cannabis con fines de investigaci\u00f3n cient\u00edfico<\/strong> y remarc\u00f3 que eso no se est\u00e1 haciendo.<\/p>\n<p>Aclar\u00f3 que <strong>en Jujuy est\u00e1n haciendo un \u201cchanchullo\u201d de plantas pero no est\u00e1 el Conicet involucrado, sino que es una empresa del Estado Provincial<\/strong>. \u201cAc\u00e1 en <strong>La Pampa tenemos adem\u00e1s de la tierra el laboratorio nacional y que por ley est\u00e1 autorizado a producir aceite de cannabis, adem\u00e1s de tener a la Universidad Nacional de La Pampa con seis unidades acad\u00e9micas, convenios con la Universidad Nacional de La Plata<\/strong> y jefes de Conicet. Es decir, estamos en condiciones de<strong> comenzar a producir y a garantizar un aceite de calidad para la demanda<\/strong>\u201d.<\/p>\n<p>En su participaci\u00f3n a la<strong> Expo Cannabis, Oliveto dijo que aprovechar\u00e1 para establecer un v\u00ednculo con investigadores de La Plata<\/strong>, que tienen el primer cultivo del pa\u00eds, en torno a la ley y relacionado a la investigaci\u00f3n.<\/p>\n<p>\u201cLa idea <strong>es determinar a partir de los espectrofot\u00f3metros y material de laboratorio, cu\u00e1les son los valores espec\u00edficos de cannibinoide que tienen los aceites que est\u00e1n tomando ac\u00e1 los pampeanos. Entonces con toda esa serie de datos ya no quedar\u00eda m\u00e1s que nada que empezar la producci\u00f3n<\/strong> y dejar de perder tiempo\u201d, afirm\u00f3.<\/p>\n<p>&nbsp;<\/p>\n<p><strong>Expo Cannabis<\/strong><\/p>\n<p>La primera <strong>exposici\u00f3n ser\u00e1 desde el viernes 4 al domingo 6 de octubre en el predio de La Rural<\/strong> en Capital Federal. All\u00ed estar\u00e1 el <strong>docente pampeano junto a Ayel\u00e9n Vitale explicando su trabajo publicado por la editorial Acad\u00e9mica Espa\u00f1ola, el viernes a las 19.30 horas.<\/strong><\/p>\n<p>\u201cEs un <strong>trabajo cient\u00edfico de tres a\u00f1os de seguimiento a usuarios de cannabis y se hizo sobre las variedades de plantas que utilizan y las dosificaciones que usan y para que enfermedades<\/strong>. Cruzamos esta informaci\u00f3n con las producciones cient\u00edficas de Israel, Inglaterra, Canad\u00e1, Espa\u00f1a y Estados Unidos principalmente y hay una congruencia en los datos, las dosificaciones que analizamos para las distintas patolog\u00edas son las que est\u00e1n registradas en otros textos cient\u00edficos. Ese trabajo lo expusimos en el primer Congreso Argentino de Cannabis y Salud en la Universidad Nacional de La Plata y fue posteriormente publicado por la editorial Acad\u00e9mica Espa\u00f1ola. Ahora se hizo un formato de poster para participar en la Expo\u201d, expres\u00f3.<\/p>\n<p>E<strong>l docente explic\u00f3 que es la primera feria en nuestro pa\u00eds y que va a mostrar el potencial de la planta con relaci\u00f3n a la industria.<\/strong>\u00a0 Por ejemplo, c\u00f3mo fabricar materiales de construcci\u00f3n, pasta celulosa, granos y alimentos.<\/p>\n<p>&nbsp;<\/p>\n","protected":false},"excerpt":{"rendered":"<p>Sin grises de por medio, Daniel Oliveto, docente en Biolog\u00eda, afirm\u00f3 que el 95 por ciento de los pampeanos que tratan sus enfermedades con goteros de cannabis medicinal se provee&hellip;<\/p>\n","protected":false},"author":5,"featured_media":64282,"comment_status":"closed","ping_status":"open","sticky":false,"template":"","format":"standard","meta":{"_acf_changed":false,"footnotes":""},"categories":[319,12],"tags":[],"class_list":["post-64261","post","type-post","status-publish","format-standard","has-post-thumbnail","hentry","category-a-temporales","category-sociedad"],"acf":[],"yoast_head":"<!-- This site is optimized with the Yoast SEO plugin v27.5 - https:\/\/yoast.com\/product\/yoast-seo-wordpress\/ -->\n<title>Cannabis medicinal en La Pampa: \u201cLa demanda se satisface desde el narcotr\u00e1fico\u201d - Diario Textual<\/title>\n<meta name=\"robots\" content=\"index, follow, max-snippet:-1, max-image-preview:large, max-video-preview:-1\" \/>\n<link rel=\"canonical\" href=\"https:\/\/diariotextual.com\/inicio\/index.php\/2019\/09\/29\/cannabis-medicinal-la-pampa-la-demanda-se-satisface-desde-narcotrafico\/\" \/>\n<meta property=\"og:locale\" content=\"es_ES\" \/>\n<meta property=\"og:type\" content=\"article\" \/>\n<meta property=\"og:title\" content=\"Cannabis medicinal en La Pampa: \u201cLa demanda se satisface desde el narcotr\u00e1fico\u201d - Diario Textual\" \/>\n<meta property=\"og:description\" content=\"Sin grises de por medio, Daniel Oliveto, docente en Biolog\u00eda, afirm\u00f3 que el 95 por ciento de los pampeanos que tratan sus enfermedades con goteros de cannabis medicinal se provee&hellip;\" \/>\n<meta property=\"og:url\" content=\"https:\/\/diariotextual.com\/inicio\/index.php\/2019\/09\/29\/cannabis-medicinal-la-pampa-la-demanda-se-satisface-desde-narcotrafico\/\" \/>\n<meta property=\"og:site_name\" content=\"Diario Textual\" \/>\n<meta property=\"article:publisher\" content=\"https:\/\/www.facebook.com\/eltextual\" \/>\n<meta property=\"article:published_time\" content=\"2019-09-29T22:43:20+00:00\" \/>\n<meta property=\"article:modified_time\" content=\"2019-09-30T11:14:29+00:00\" \/>\n<meta property=\"og:image\" content=\"https:\/\/diariotextual.com\/inicio\/wp-content\/uploads\/2019\/09\/olivetodaniel1.jpg\" \/>\n\t<meta property=\"og:image:width\" content=\"564\" \/>\n\t<meta property=\"og:image:height\" content=\"369\" \/>\n\t<meta property=\"og:image:type\" content=\"image\/jpeg\" \/>\n<meta name=\"author\" content=\"diario3\" \/>\n<meta name=\"twitter:card\" content=\"summary_large_image\" \/>\n<meta name=\"twitter:creator\" content=\"@eltextual\" \/>\n<meta name=\"twitter:site\" content=\"@eltextual\" \/>\n<meta name=\"twitter:label1\" content=\"Escrito por\" \/>\n\t<meta name=\"twitter:data1\" content=\"diario3\" \/>\n\t<meta name=\"twitter:label2\" content=\"Tiempo de lectura\" \/>\n\t<meta name=\"twitter:data2\" content=\"4 minutos\" \/>\n<script type=\"application\/ld+json\" class=\"yoast-schema-graph\">{\"@context\":\"https:\\\/\\\/schema.org\",\"@graph\":[{\"@type\":\"Article\",\"@id\":\"https:\\\/\\\/diariotextual.com\\\/inicio\\\/index.php\\\/2019\\\/09\\\/29\\\/cannabis-medicinal-la-pampa-la-demanda-se-satisface-desde-narcotrafico\\\/#article\",\"isPartOf\":{\"@id\":\"https:\\\/\\\/diariotextual.com\\\/inicio\\\/index.php\\\/2019\\\/09\\\/29\\\/cannabis-medicinal-la-pampa-la-demanda-se-satisface-desde-narcotrafico\\\/\"},\"author\":{\"name\":\"diario3\",\"@id\":\"https:\\\/\\\/diariotextual.com\\\/inicio\\\/#\\\/schema\\\/person\\\/a1b6f563e0ee944c60f98119389a4d9f\"},\"headline\":\"Cannabis medicinal en La Pampa: \u201cLa demanda se satisface desde el narcotr\u00e1fico\u201d\",\"datePublished\":\"2019-09-29T22:43:20+00:00\",\"dateModified\":\"2019-09-30T11:14:29+00:00\",\"mainEntityOfPage\":{\"@id\":\"https:\\\/\\\/diariotextual.com\\\/inicio\\\/index.php\\\/2019\\\/09\\\/29\\\/cannabis-medicinal-la-pampa-la-demanda-se-satisface-desde-narcotrafico\\\/\"},\"wordCount\":869,\"publisher\":{\"@id\":\"https:\\\/\\\/diariotextual.com\\\/inicio\\\/#organization\"},\"image\":{\"@id\":\"https:\\\/\\\/diariotextual.com\\\/inicio\\\/index.php\\\/2019\\\/09\\\/29\\\/cannabis-medicinal-la-pampa-la-demanda-se-satisface-desde-narcotrafico\\\/#primaryimage\"},\"thumbnailUrl\":\"https:\\\/\\\/diariotextual.com\\\/inicio\\\/wp-content\\\/uploads\\\/2019\\\/09\\\/olivetodaniel1.jpg\",\"articleSection\":[\"A - TEMPORALES\",\"SOCIEDAD\"],\"inLanguage\":\"es\"},{\"@type\":\"WebPage\",\"@id\":\"https:\\\/\\\/diariotextual.com\\\/inicio\\\/index.php\\\/2019\\\/09\\\/29\\\/cannabis-medicinal-la-pampa-la-demanda-se-satisface-desde-narcotrafico\\\/\",\"url\":\"https:\\\/\\\/diariotextual.com\\\/inicio\\\/index.php\\\/2019\\\/09\\\/29\\\/cannabis-medicinal-la-pampa-la-demanda-se-satisface-desde-narcotrafico\\\/\",\"name\":\"Cannabis medicinal en La Pampa: \u201cLa demanda se satisface desde el narcotr\u00e1fico\u201d - Diario Textual\",\"isPartOf\":{\"@id\":\"https:\\\/\\\/diariotextual.com\\\/inicio\\\/#website\"},\"primaryImageOfPage\":{\"@id\":\"https:\\\/\\\/diariotextual.com\\\/inicio\\\/index.php\\\/2019\\\/09\\\/29\\\/cannabis-medicinal-la-pampa-la-demanda-se-satisface-desde-narcotrafico\\\/#primaryimage\"},\"image\":{\"@id\":\"https:\\\/\\\/diariotextual.com\\\/inicio\\\/index.php\\\/2019\\\/09\\\/29\\\/cannabis-medicinal-la-pampa-la-demanda-se-satisface-desde-narcotrafico\\\/#primaryimage\"},\"thumbnailUrl\":\"https:\\\/\\\/diariotextual.com\\\/inicio\\\/wp-content\\\/uploads\\\/2019\\\/09\\\/olivetodaniel1.jpg\",\"datePublished\":\"2019-09-29T22:43:20+00:00\",\"dateModified\":\"2019-09-30T11:14:29+00:00\",\"breadcrumb\":{\"@id\":\"https:\\\/\\\/diariotextual.com\\\/inicio\\\/index.php\\\/2019\\\/09\\\/29\\\/cannabis-medicinal-la-pampa-la-demanda-se-satisface-desde-narcotrafico\\\/#breadcrumb\"},\"inLanguage\":\"es\",\"potentialAction\":[{\"@type\":\"ReadAction\",\"target\":[\"https:\\\/\\\/diariotextual.com\\\/inicio\\\/index.php\\\/2019\\\/09\\\/29\\\/cannabis-medicinal-la-pampa-la-demanda-se-satisface-desde-narcotrafico\\\/\"]}]},{\"@type\":\"ImageObject\",\"inLanguage\":\"es\",\"@id\":\"https:\\\/\\\/diariotextual.com\\\/inicio\\\/index.php\\\/2019\\\/09\\\/29\\\/cannabis-medicinal-la-pampa-la-demanda-se-satisface-desde-narcotrafico\\\/#primaryimage\",\"url\":\"https:\\\/\\\/diariotextual.com\\\/inicio\\\/wp-content\\\/uploads\\\/2019\\\/09\\\/olivetodaniel1.jpg\",\"contentUrl\":\"https:\\\/\\\/diariotextual.com\\\/inicio\\\/wp-content\\\/uploads\\\/2019\\\/09\\\/olivetodaniel1.jpg\",\"width\":564,\"height\":369},{\"@type\":\"BreadcrumbList\",\"@id\":\"https:\\\/\\\/diariotextual.com\\\/inicio\\\/index.php\\\/2019\\\/09\\\/29\\\/cannabis-medicinal-la-pampa-la-demanda-se-satisface-desde-narcotrafico\\\/#breadcrumb\",\"itemListElement\":[{\"@type\":\"ListItem\",\"position\":1,\"name\":\"Portada\",\"item\":\"https:\\\/\\\/diariotextual.com\\\/inicio\\\/\"},{\"@type\":\"ListItem\",\"position\":2,\"name\":\"Cannabis medicinal en La Pampa: \u201cLa demanda se satisface desde el narcotr\u00e1fico\u201d\"}]},{\"@type\":\"WebSite\",\"@id\":\"https:\\\/\\\/diariotextual.com\\\/inicio\\\/#website\",\"url\":\"https:\\\/\\\/diariotextual.com\\\/inicio\\\/\",\"name\":\"Diario Textual\",\"description\":\"\",\"publisher\":{\"@id\":\"https:\\\/\\\/diariotextual.com\\\/inicio\\\/#organization\"},\"potentialAction\":[{\"@type\":\"SearchAction\",\"target\":{\"@type\":\"EntryPoint\",\"urlTemplate\":\"https:\\\/\\\/diariotextual.com\\\/inicio\\\/?s={search_term_string}\"},\"query-input\":{\"@type\":\"PropertyValueSpecification\",\"valueRequired\":true,\"valueName\":\"search_term_string\"}}],\"inLanguage\":\"es\"},{\"@type\":\"Organization\",\"@id\":\"https:\\\/\\\/diariotextual.com\\\/inicio\\\/#organization\",\"name\":\"Diario Textual\",\"url\":\"https:\\\/\\\/diariotextual.com\\\/inicio\\\/\",\"logo\":{\"@type\":\"ImageObject\",\"inLanguage\":\"es\",\"@id\":\"https:\\\/\\\/diariotextual.com\\\/inicio\\\/#\\\/schema\\\/logo\\\/image\\\/\",\"url\":\"https:\\\/\\\/diariotextual.com\\\/inicio\\\/wp-content\\\/uploads\\\/2023\\\/05\\\/logotextual1.jpg\",\"contentUrl\":\"https:\\\/\\\/diariotextual.com\\\/inicio\\\/wp-content\\\/uploads\\\/2023\\\/05\\\/logotextual1.jpg\",\"width\":516,\"height\":76,\"caption\":\"Diario Textual\"},\"image\":{\"@id\":\"https:\\\/\\\/diariotextual.com\\\/inicio\\\/#\\\/schema\\\/logo\\\/image\\\/\"},\"sameAs\":[\"https:\\\/\\\/www.facebook.com\\\/eltextual\",\"https:\\\/\\\/x.com\\\/eltextual\",\"http:\\\/\\\/www.instagram.com\\\/eltextual\"]},{\"@type\":\"Person\",\"@id\":\"https:\\\/\\\/diariotextual.com\\\/inicio\\\/#\\\/schema\\\/person\\\/a1b6f563e0ee944c60f98119389a4d9f\",\"name\":\"diario3\",\"image\":{\"@type\":\"ImageObject\",\"inLanguage\":\"es\",\"@id\":\"https:\\\/\\\/secure.gravatar.com\\\/avatar\\\/5e7ee62c82fc04d9dd79d746a390d93c69c43223e5faeeb3ea9461ef752bfc5d?s=96&d=mm&r=g\",\"url\":\"https:\\\/\\\/secure.gravatar.com\\\/avatar\\\/5e7ee62c82fc04d9dd79d746a390d93c69c43223e5faeeb3ea9461ef752bfc5d?s=96&d=mm&r=g\",\"contentUrl\":\"https:\\\/\\\/secure.gravatar.com\\\/avatar\\\/5e7ee62c82fc04d9dd79d746a390d93c69c43223e5faeeb3ea9461ef752bfc5d?s=96&d=mm&r=g\",\"caption\":\"diario3\"},\"url\":\"https:\\\/\\\/diariotextual.com\\\/inicio\\\/index.php\\\/author\\\/diario3\\\/\"}]}<\/script>\n<!-- \/ Yoast SEO plugin. -->","yoast_head_json":{"title":"Cannabis medicinal en La Pampa: \u201cLa demanda se satisface desde el narcotr\u00e1fico\u201d - Diario Textual","robots":{"index":"index","follow":"follow","max-snippet":"max-snippet:-1","max-image-preview":"max-image-preview:large","max-video-preview":"max-video-preview:-1"},"canonical":"https:\/\/diariotextual.com\/inicio\/index.php\/2019\/09\/29\/cannabis-medicinal-la-pampa-la-demanda-se-satisface-desde-narcotrafico\/","og_locale":"es_ES","og_type":"article","og_title":"Cannabis medicinal en La Pampa: \u201cLa demanda se satisface desde el narcotr\u00e1fico\u201d - Diario Textual","og_description":"Sin grises de por medio, Daniel Oliveto, docente en Biolog\u00eda, afirm\u00f3 que el 95 por ciento de los pampeanos que tratan sus enfermedades con goteros de cannabis medicinal se provee&hellip;","og_url":"https:\/\/diariotextual.com\/inicio\/index.php\/2019\/09\/29\/cannabis-medicinal-la-pampa-la-demanda-se-satisface-desde-narcotrafico\/","og_site_name":"Diario Textual","article_publisher":"https:\/\/www.facebook.com\/eltextual","article_published_time":"2019-09-29T22:43:20+00:00","article_modified_time":"2019-09-30T11:14:29+00:00","og_image":[{"width":564,"height":369,"url":"https:\/\/diariotextual.com\/inicio\/wp-content\/uploads\/2019\/09\/olivetodaniel1.jpg","type":"image\/jpeg"}],"author":"diario3","twitter_card":"summary_large_image","twitter_creator":"@eltextual","twitter_site":"@eltextual","twitter_misc":{"Escrito por":"diario3","Tiempo de lectura":"4 minutos"},"schema":{"@context":"https:\/\/schema.org","@graph":[{"@type":"Article","@id":"https:\/\/diariotextual.com\/inicio\/index.php\/2019\/09\/29\/cannabis-medicinal-la-pampa-la-demanda-se-satisface-desde-narcotrafico\/#article","isPartOf":{"@id":"https:\/\/diariotextual.com\/inicio\/index.php\/2019\/09\/29\/cannabis-medicinal-la-pampa-la-demanda-se-satisface-desde-narcotrafico\/"},"author":{"name":"diario3","@id":"https:\/\/diariotextual.com\/inicio\/#\/schema\/person\/a1b6f563e0ee944c60f98119389a4d9f"},"headline":"Cannabis medicinal en La Pampa: \u201cLa demanda se satisface desde el narcotr\u00e1fico\u201d","datePublished":"2019-09-29T22:43:20+00:00","dateModified":"2019-09-30T11:14:29+00:00","mainEntityOfPage":{"@id":"https:\/\/diariotextual.com\/inicio\/index.php\/2019\/09\/29\/cannabis-medicinal-la-pampa-la-demanda-se-satisface-desde-narcotrafico\/"},"wordCount":869,"publisher":{"@id":"https:\/\/diariotextual.com\/inicio\/#organization"},"image":{"@id":"https:\/\/diariotextual.com\/inicio\/index.php\/2019\/09\/29\/cannabis-medicinal-la-pampa-la-demanda-se-satisface-desde-narcotrafico\/#primaryimage"},"thumbnailUrl":"https:\/\/diariotextual.com\/inicio\/wp-content\/uploads\/2019\/09\/olivetodaniel1.jpg","articleSection":["A - TEMPORALES","SOCIEDAD"],"inLanguage":"es"},{"@type":"WebPage","@id":"https:\/\/diariotextual.com\/inicio\/index.php\/2019\/09\/29\/cannabis-medicinal-la-pampa-la-demanda-se-satisface-desde-narcotrafico\/","url":"https:\/\/diariotextual.com\/inicio\/index.php\/2019\/09\/29\/cannabis-medicinal-la-pampa-la-demanda-se-satisface-desde-narcotrafico\/","name":"Cannabis medicinal en La Pampa: \u201cLa demanda se satisface desde el narcotr\u00e1fico\u201d - Diario Textual","isPartOf":{"@id":"https:\/\/diariotextual.com\/inicio\/#website"},"primaryImageOfPage":{"@id":"https:\/\/diariotextual.com\/inicio\/index.php\/2019\/09\/29\/cannabis-medicinal-la-pampa-la-demanda-se-satisface-desde-narcotrafico\/#primaryimage"},"image":{"@id":"https:\/\/diariotextual.com\/inicio\/index.php\/2019\/09\/29\/cannabis-medicinal-la-pampa-la-demanda-se-satisface-desde-narcotrafico\/#primaryimage"},"thumbnailUrl":"https:\/\/diariotextual.com\/inicio\/wp-content\/uploads\/2019\/09\/olivetodaniel1.jpg","datePublished":"2019-09-29T22:43:20+00:00","dateModified":"2019-09-30T11:14:29+00:00","breadcrumb":{"@id":"https:\/\/diariotextual.com\/inicio\/index.php\/2019\/09\/29\/cannabis-medicinal-la-pampa-la-demanda-se-satisface-desde-narcotrafico\/#breadcrumb"},"inLanguage":"es","potentialAction":[{"@type":"ReadAction","target":["https:\/\/diariotextual.com\/inicio\/index.php\/2019\/09\/29\/cannabis-medicinal-la-pampa-la-demanda-se-satisface-desde-narcotrafico\/"]}]},{"@type":"ImageObject","inLanguage":"es","@id":"https:\/\/diariotextual.com\/inicio\/index.php\/2019\/09\/29\/cannabis-medicinal-la-pampa-la-demanda-se-satisface-desde-narcotrafico\/#primaryimage","url":"https:\/\/diariotextual.com\/inicio\/wp-content\/uploads\/2019\/09\/olivetodaniel1.jpg","contentUrl":"https:\/\/diariotextual.com\/inicio\/wp-content\/uploads\/2019\/09\/olivetodaniel1.jpg","width":564,"height":369},{"@type":"BreadcrumbList","@id":"https:\/\/diariotextual.com\/inicio\/index.php\/2019\/09\/29\/cannabis-medicinal-la-pampa-la-demanda-se-satisface-desde-narcotrafico\/#breadcrumb","itemListElement":[{"@type":"ListItem","position":1,"name":"Portada","item":"https:\/\/diariotextual.com\/inicio\/"},{"@type":"ListItem","position":2,"name":"Cannabis medicinal en La Pampa: \u201cLa demanda se satisface desde el narcotr\u00e1fico\u201d"}]},{"@type":"WebSite","@id":"https:\/\/diariotextual.com\/inicio\/#website","url":"https:\/\/diariotextual.com\/inicio\/","name":"Diario Textual","description":"","publisher":{"@id":"https:\/\/diariotextual.com\/inicio\/#organization"},"potentialAction":[{"@type":"SearchAction","target":{"@type":"EntryPoint","urlTemplate":"https:\/\/diariotextual.com\/inicio\/?s={search_term_string}"},"query-input":{"@type":"PropertyValueSpecification","valueRequired":true,"valueName":"search_term_string"}}],"inLanguage":"es"},{"@type":"Organization","@id":"https:\/\/diariotextual.com\/inicio\/#organization","name":"Diario Textual","url":"https:\/\/diariotextual.com\/inicio\/","logo":{"@type":"ImageObject","inLanguage":"es","@id":"https:\/\/diariotextual.com\/inicio\/#\/schema\/logo\/image\/","url":"https:\/\/diariotextual.com\/inicio\/wp-content\/uploads\/2023\/05\/logotextual1.jpg","contentUrl":"https:\/\/diariotextual.com\/inicio\/wp-content\/uploads\/2023\/05\/logotextual1.jpg","width":516,"height":76,"caption":"Diario Textual"},"image":{"@id":"https:\/\/diariotextual.com\/inicio\/#\/schema\/logo\/image\/"},"sameAs":["https:\/\/www.facebook.com\/eltextual","https:\/\/x.com\/eltextual","http:\/\/www.instagram.com\/eltextual"]},{"@type":"Person","@id":"https:\/\/diariotextual.com\/inicio\/#\/schema\/person\/a1b6f563e0ee944c60f98119389a4d9f","name":"diario3","image":{"@type":"ImageObject","inLanguage":"es","@id":"https:\/\/secure.gravatar.com\/avatar\/5e7ee62c82fc04d9dd79d746a390d93c69c43223e5faeeb3ea9461ef752bfc5d?s=96&d=mm&r=g","url":"https:\/\/secure.gravatar.com\/avatar\/5e7ee62c82fc04d9dd79d746a390d93c69c43223e5faeeb3ea9461ef752bfc5d?s=96&d=mm&r=g","contentUrl":"https:\/\/secure.gravatar.com\/avatar\/5e7ee62c82fc04d9dd79d746a390d93c69c43223e5faeeb3ea9461ef752bfc5d?s=96&d=mm&r=g","caption":"diario3"},"url":"https:\/\/diariotextual.com\/inicio\/index.php\/author\/diario3\/"}]}},"_links":{"self":[{"href":"https:\/\/diariotextual.com\/inicio\/index.php\/wp-json\/wp\/v2\/posts\/64261","targetHints":{"allow":["GET"]}}],"collection":[{"href":"https:\/\/diariotextual.com\/inicio\/index.php\/wp-json\/wp\/v2\/posts"}],"about":[{"href":"https:\/\/diariotextual.com\/inicio\/index.php\/wp-json\/wp\/v2\/types\/post"}],"author":[{"embeddable":true,"href":"https:\/\/diariotextual.com\/inicio\/index.php\/wp-json\/wp\/v2\/users\/5"}],"replies":[{"embeddable":true,"href":"https:\/\/diariotextual.com\/inicio\/index.php\/wp-json\/wp\/v2\/comments?post=64261"}],"version-history":[{"count":3,"href":"https:\/\/diariotextual.com\/inicio\/index.php\/wp-json\/wp\/v2\/posts\/64261\/revisions"}],"predecessor-version":[{"id":64281,"href":"https:\/\/diariotextual.com\/inicio\/index.php\/wp-json\/wp\/v2\/posts\/64261\/revisions\/64281"}],"wp:featuredmedia":[{"embeddable":true,"href":"https:\/\/diariotextual.com\/inicio\/index.php\/wp-json\/wp\/v2\/media\/64282"}],"wp:attachment":[{"href":"https:\/\/diariotextual.com\/inicio\/index.php\/wp-json\/wp\/v2\/media?parent=64261"}],"wp:term":[{"taxonomy":"category","embeddable":true,"href":"https:\/\/diariotextual.com\/inicio\/index.php\/wp-json\/wp\/v2\/categories?post=64261"},{"taxonomy":"post_tag","embeddable":true,"href":"https:\/\/diariotextual.com\/inicio\/index.php\/wp-json\/wp\/v2\/tags?post=64261"}],"curies":[{"name":"wp","href":"https:\/\/api.w.org\/{rel}","templated":true}]}}