{"id":64293,"date":"2019-09-30T00:10:13","date_gmt":"2019-09-30T03:10:13","guid":{"rendered":"http:\/\/diariotextual.com\/inicio\/?p=64293"},"modified":"2019-09-30T16:38:21","modified_gmt":"2019-09-30T19:38:21","slug":"choque-fatal-murio-camionero-quemu-2","status":"publish","type":"post","link":"https:\/\/diariotextual.com\/inicio\/index.php\/2019\/09\/30\/choque-fatal-murio-camionero-quemu-2\/","title":{"rendered":"Otro choque fatal: muri\u00f3 un camionero de Quem\u00fa"},"content":{"rendered":"<p>El domingo termin\u00f3 de la peor manera en La Pampa con <strong>cuatro fallecidos en dos siniestros viales<\/strong>. Esta noche, <strong>un chofer de un cami\u00f3n de 25 a\u00f1os de edad muri\u00f3 en un choque<\/strong>, frontal, en la<strong> ruta provincial 1<\/strong>, entre Tril\u00ed y Quem\u00fa,\u00a0 informaron fuentes oficiales a <strong>Diario Textual<\/strong>. La v\u00edctima fatal fue identificada como <strong>Franco Nicol\u00e1s Villarruel<\/strong>. Hay, adem\u00e1s, <strong>otros tres heridos<\/strong>.<\/p>\n<p>Se sum\u00f3 a otro siniestro, ocurrido en la madrugada del domingo, que dej\u00f3 <strong>tres muertos en la localidad de 25 de Mayo<\/strong> y una herida grave.<\/p>\n<p>El choque de esta noche se registr\u00f3 alrededor de las <strong>22.30 horas<\/strong>, entre los kil\u00f3metros 122 y 123 de la 1,<strong> a unos 12 kil\u00f3metros al norte de la localidad de Quem\u00fa<\/strong>.<\/p>\n<p><strong>Chocaron de frente dos camiones<\/strong>, un <strong>VW 9150<\/strong> -de la empresa Acquam, de la familia Malatesta- y un<strong> Scania<\/strong>. Adem\u00e1s, una camioneta <strong>Chevrolet S-10 intent\u00f3 esquivar a los camiones, derrap\u00f3 en la banquina y volc\u00f3<\/strong>. Finalmente qued\u00f3 sobre sus cuatro ruedas sobre la cinta asf\u00e1ltica.<\/p>\n<p>La v\u00edctima fatal fue identificada como Franco Villarruel. Ten\u00eda 25 a\u00f1os y conduc\u00eda un transporte de la empresa de piletas Acquam.<\/p>\n<p>El VW se trasladaba en direcci\u00f3n norte, posiblemente a Pico, en tanto que el otro cami\u00f3n cargado de ma\u00edz lo hac\u00eda en sentido contrario y se dirig\u00eda desde San Luis a Quem\u00fa. Por causas que a\u00fan no se establecieron, <strong>chocaron de frente<\/strong>. El joven de Quem\u00fa muri\u00f3 en el lugar.<\/p>\n<p>&nbsp;<\/p>\n<blockquote class=\"wp-embedded-content\" data-secret=\"F9RUpDOIdP\"><p><a href=\"http:\/\/diariotextual.com\/inicio\/index.php\/2019\/09\/29\/fallecio-otra-chica-ya-tres-los-muertos-choque-25-mayo\/\">Falleci\u00f3 otra chica y ya son tres los muertos en un choque en 25 de Mayo<\/a><\/p><\/blockquote>\n<p><iframe class=\"wp-embedded-content\" sandbox=\"allow-scripts\" security=\"restricted\" style=\"position: absolute; clip: rect(1px, 1px, 1px, 1px);\" src=\"http:\/\/diariotextual.com\/inicio\/index.php\/2019\/09\/29\/fallecio-otra-chica-ya-tres-los-muertos-choque-25-mayo\/embed\/#?secret=F9RUpDOIdP\" data-secret=\"F9RUpDOIdP\" width=\"600\" height=\"338\" title=\"&#171;Falleci\u00f3 otra chica y ya son tres los muertos en un choque en 25 de Mayo&#187; &#8212; Diario Textual\" frameborder=\"0\" marginwidth=\"0\" marginheight=\"0\" scrolling=\"no\"><\/iframe><\/p>\n<p>&nbsp;<\/p>\n<p>En tanto, el conductor del Scania,<strong> Jos\u00e9 Ortiz, de 48 a\u00f1os<\/strong>, fue internado en el Hospital Centeno, de Pico. Se encuentra estable.<\/p>\n<p>A su vez, una S-10, que iba detr\u00e1s del VW, volc\u00f3 al intentar esquivar el choque. Era conducida por Mario Domingo Quiroga, acompa\u00f1ado por su hija mayor de edad. Ambos se encuentran internados, fuera de peligro, en el Hospital Calandri de Quem\u00fa.<\/p>\n<p>En el lugar del siniestro trabajaron polic\u00edas de la comisar\u00eda de Quem\u00fa y de la Unidad Regional II y bomberos voluntarios de Quem\u00fa. En el caso interviene el fiscal <strong>Francisco Truco<\/strong>.<\/p>\n<p>&nbsp;<\/p>\n<p><img fetchpriority=\"high\" decoding=\"async\" class=\"alignnone wp-image-64301 size-large\" src=\"http:\/\/diariotextual.com\/inicio\/wp-content\/uploads\/2019\/09\/choquequemucamiones2019-2-1024x704.jpg\" alt=\"\" width=\"1024\" height=\"704\" srcset=\"https:\/\/diariotextual.com\/inicio\/wp-content\/uploads\/2019\/09\/choquequemucamiones2019-2-1024x704.jpg 1024w, https:\/\/diariotextual.com\/inicio\/wp-content\/uploads\/2019\/09\/choquequemucamiones2019-2-300x206.jpg 300w, https:\/\/diariotextual.com\/inicio\/wp-content\/uploads\/2019\/09\/choquequemucamiones2019-2-768x528.jpg 768w, https:\/\/diariotextual.com\/inicio\/wp-content\/uploads\/2019\/09\/choquequemucamiones2019-2-1170x804.jpg 1170w, https:\/\/diariotextual.com\/inicio\/wp-content\/uploads\/2019\/09\/choquequemucamiones2019-2-585x402.jpg 585w, https:\/\/diariotextual.com\/inicio\/wp-content\/uploads\/2019\/09\/choquequemucamiones2019-2.jpg 1272w\" sizes=\"(max-width: 1024px) 100vw, 1024px\" \/><\/p>\n<p><img decoding=\"async\" class=\"alignnone wp-image-64306 size-large\" src=\"http:\/\/diariotextual.com\/inicio\/wp-content\/uploads\/2019\/09\/choquequemucamiones2019-3-1024x659.jpg\" alt=\"\" width=\"1024\" height=\"659\" srcset=\"https:\/\/diariotextual.com\/inicio\/wp-content\/uploads\/2019\/09\/choquequemucamiones2019-3-1024x659.jpg 1024w, https:\/\/diariotextual.com\/inicio\/wp-content\/uploads\/2019\/09\/choquequemucamiones2019-3-300x193.jpg 300w, https:\/\/diariotextual.com\/inicio\/wp-content\/uploads\/2019\/09\/choquequemucamiones2019-3-768x494.jpg 768w, https:\/\/diariotextual.com\/inicio\/wp-content\/uploads\/2019\/09\/choquequemucamiones2019-3-1170x753.jpg 1170w, https:\/\/diariotextual.com\/inicio\/wp-content\/uploads\/2019\/09\/choquequemucamiones2019-3-585x376.jpg 585w, https:\/\/diariotextual.com\/inicio\/wp-content\/uploads\/2019\/09\/choquequemucamiones2019-3.jpg 1267w\" sizes=\"(max-width: 1024px) 100vw, 1024px\" \/><\/p>\n","protected":false},"excerpt":{"rendered":"<p>El domingo termin\u00f3 de la peor manera en La Pampa con cuatro fallecidos en dos siniestros viales. Esta noche, un chofer de un cami\u00f3n de 25 a\u00f1os de edad muri\u00f3&hellip;<\/p>\n","protected":false},"author":3,"featured_media":64295,"comment_status":"closed","ping_status":"open","sticky":false,"template":"","format":"standard","meta":{"_acf_changed":false,"footnotes":""},"categories":[11,319,12],"tags":[171,277],"class_list":["post-64293","post","type-post","status-publish","format-standard","has-post-thumbnail","hentry","category-que-pasa","category-a-temporales","category-sociedad","tag-choque","tag-quemu"],"acf":[],"yoast_head":"<!-- This site is optimized with the Yoast SEO plugin v27.5 - https:\/\/yoast.com\/product\/yoast-seo-wordpress\/ -->\n<title>Otro choque fatal: muri\u00f3 un camionero de Quem\u00fa - Diario Textual<\/title>\n<meta name=\"robots\" content=\"index, follow, max-snippet:-1, max-image-preview:large, max-video-preview:-1\" \/>\n<link rel=\"canonical\" href=\"https:\/\/diariotextual.com\/inicio\/index.php\/2019\/09\/30\/choque-fatal-murio-camionero-quemu-2\/\" \/>\n<meta property=\"og:locale\" content=\"es_ES\" \/>\n<meta property=\"og:type\" content=\"article\" \/>\n<meta property=\"og:title\" content=\"Otro choque fatal: muri\u00f3 un camionero de Quem\u00fa - Diario Textual\" \/>\n<meta property=\"og:description\" content=\"El domingo termin\u00f3 de la peor manera en La Pampa con cuatro fallecidos en dos siniestros viales. Esta noche, un chofer de un cami\u00f3n de 25 a\u00f1os de edad muri\u00f3&hellip;\" \/>\n<meta property=\"og:url\" content=\"https:\/\/diariotextual.com\/inicio\/index.php\/2019\/09\/30\/choque-fatal-murio-camionero-quemu-2\/\" \/>\n<meta property=\"og:site_name\" content=\"Diario Textual\" \/>\n<meta property=\"article:publisher\" content=\"https:\/\/www.facebook.com\/eltextual\" \/>\n<meta property=\"article:published_time\" content=\"2019-09-30T03:10:13+00:00\" \/>\n<meta property=\"article:modified_time\" content=\"2019-09-30T19:38:21+00:00\" \/>\n<meta property=\"og:image\" content=\"https:\/\/diariotextual.com\/inicio\/wp-content\/uploads\/2019\/09\/choquequemucamiones2019-1.jpg\" \/>\n\t<meta property=\"og:image:width\" content=\"1268\" \/>\n\t<meta property=\"og:image:height\" content=\"824\" \/>\n\t<meta property=\"og:image:type\" content=\"image\/jpeg\" \/>\n<meta name=\"author\" content=\"Diario1 Diario1\" \/>\n<meta name=\"twitter:card\" content=\"summary_large_image\" \/>\n<meta name=\"twitter:creator\" content=\"@eltextual\" \/>\n<meta name=\"twitter:site\" content=\"@eltextual\" \/>\n<meta name=\"twitter:label1\" content=\"Escrito por\" \/>\n\t<meta name=\"twitter:data1\" content=\"Diario1 Diario1\" \/>\n\t<meta name=\"twitter:label2\" content=\"Tiempo de lectura\" \/>\n\t<meta name=\"twitter:data2\" content=\"2 minutos\" \/>\n<script type=\"application\/ld+json\" class=\"yoast-schema-graph\">{\"@context\":\"https:\\\/\\\/schema.org\",\"@graph\":[{\"@type\":\"Article\",\"@id\":\"https:\\\/\\\/diariotextual.com\\\/inicio\\\/index.php\\\/2019\\\/09\\\/30\\\/choque-fatal-murio-camionero-quemu-2\\\/#article\",\"isPartOf\":{\"@id\":\"https:\\\/\\\/diariotextual.com\\\/inicio\\\/index.php\\\/2019\\\/09\\\/30\\\/choque-fatal-murio-camionero-quemu-2\\\/\"},\"author\":{\"name\":\"Diario1 Diario1\",\"@id\":\"https:\\\/\\\/diariotextual.com\\\/inicio\\\/#\\\/schema\\\/person\\\/418fc4093c33e86ed41562db3508f958\"},\"headline\":\"Otro choque fatal: muri\u00f3 un camionero de Quem\u00fa\",\"datePublished\":\"2019-09-30T03:10:13+00:00\",\"dateModified\":\"2019-09-30T19:38:21+00:00\",\"mainEntityOfPage\":{\"@id\":\"https:\\\/\\\/diariotextual.com\\\/inicio\\\/index.php\\\/2019\\\/09\\\/30\\\/choque-fatal-murio-camionero-quemu-2\\\/\"},\"wordCount\":364,\"publisher\":{\"@id\":\"https:\\\/\\\/diariotextual.com\\\/inicio\\\/#organization\"},\"image\":{\"@id\":\"https:\\\/\\\/diariotextual.com\\\/inicio\\\/index.php\\\/2019\\\/09\\\/30\\\/choque-fatal-murio-camionero-quemu-2\\\/#primaryimage\"},\"thumbnailUrl\":\"https:\\\/\\\/diariotextual.com\\\/inicio\\\/wp-content\\\/uploads\\\/2019\\\/09\\\/choquequemucamiones2019-1.jpg\",\"keywords\":[\"choque\",\"quemu\"],\"articleSection\":[\"A - QUE PASA (al costado)\",\"A - TEMPORALES\",\"SOCIEDAD\"],\"inLanguage\":\"es\"},{\"@type\":\"WebPage\",\"@id\":\"https:\\\/\\\/diariotextual.com\\\/inicio\\\/index.php\\\/2019\\\/09\\\/30\\\/choque-fatal-murio-camionero-quemu-2\\\/\",\"url\":\"https:\\\/\\\/diariotextual.com\\\/inicio\\\/index.php\\\/2019\\\/09\\\/30\\\/choque-fatal-murio-camionero-quemu-2\\\/\",\"name\":\"Otro choque fatal: muri\u00f3 un camionero de Quem\u00fa - Diario Textual\",\"isPartOf\":{\"@id\":\"https:\\\/\\\/diariotextual.com\\\/inicio\\\/#website\"},\"primaryImageOfPage\":{\"@id\":\"https:\\\/\\\/diariotextual.com\\\/inicio\\\/index.php\\\/2019\\\/09\\\/30\\\/choque-fatal-murio-camionero-quemu-2\\\/#primaryimage\"},\"image\":{\"@id\":\"https:\\\/\\\/diariotextual.com\\\/inicio\\\/index.php\\\/2019\\\/09\\\/30\\\/choque-fatal-murio-camionero-quemu-2\\\/#primaryimage\"},\"thumbnailUrl\":\"https:\\\/\\\/diariotextual.com\\\/inicio\\\/wp-content\\\/uploads\\\/2019\\\/09\\\/choquequemucamiones2019-1.jpg\",\"datePublished\":\"2019-09-30T03:10:13+00:00\",\"dateModified\":\"2019-09-30T19:38:21+00:00\",\"breadcrumb\":{\"@id\":\"https:\\\/\\\/diariotextual.com\\\/inicio\\\/index.php\\\/2019\\\/09\\\/30\\\/choque-fatal-murio-camionero-quemu-2\\\/#breadcrumb\"},\"inLanguage\":\"es\",\"potentialAction\":[{\"@type\":\"ReadAction\",\"target\":[\"https:\\\/\\\/diariotextual.com\\\/inicio\\\/index.php\\\/2019\\\/09\\\/30\\\/choque-fatal-murio-camionero-quemu-2\\\/\"]}]},{\"@type\":\"ImageObject\",\"inLanguage\":\"es\",\"@id\":\"https:\\\/\\\/diariotextual.com\\\/inicio\\\/index.php\\\/2019\\\/09\\\/30\\\/choque-fatal-murio-camionero-quemu-2\\\/#primaryimage\",\"url\":\"https:\\\/\\\/diariotextual.com\\\/inicio\\\/wp-content\\\/uploads\\\/2019\\\/09\\\/choquequemucamiones2019-1.jpg\",\"contentUrl\":\"https:\\\/\\\/diariotextual.com\\\/inicio\\\/wp-content\\\/uploads\\\/2019\\\/09\\\/choquequemucamiones2019-1.jpg\",\"width\":1268,\"height\":824},{\"@type\":\"BreadcrumbList\",\"@id\":\"https:\\\/\\\/diariotextual.com\\\/inicio\\\/index.php\\\/2019\\\/09\\\/30\\\/choque-fatal-murio-camionero-quemu-2\\\/#breadcrumb\",\"itemListElement\":[{\"@type\":\"ListItem\",\"position\":1,\"name\":\"Portada\",\"item\":\"https:\\\/\\\/diariotextual.com\\\/inicio\\\/\"},{\"@type\":\"ListItem\",\"position\":2,\"name\":\"Otro choque fatal: muri\u00f3 un camionero de Quem\u00fa\"}]},{\"@type\":\"WebSite\",\"@id\":\"https:\\\/\\\/diariotextual.com\\\/inicio\\\/#website\",\"url\":\"https:\\\/\\\/diariotextual.com\\\/inicio\\\/\",\"name\":\"Diario Textual\",\"description\":\"\",\"publisher\":{\"@id\":\"https:\\\/\\\/diariotextual.com\\\/inicio\\\/#organization\"},\"potentialAction\":[{\"@type\":\"SearchAction\",\"target\":{\"@type\":\"EntryPoint\",\"urlTemplate\":\"https:\\\/\\\/diariotextual.com\\\/inicio\\\/?s={search_term_string}\"},\"query-input\":{\"@type\":\"PropertyValueSpecification\",\"valueRequired\":true,\"valueName\":\"search_term_string\"}}],\"inLanguage\":\"es\"},{\"@type\":\"Organization\",\"@id\":\"https:\\\/\\\/diariotextual.com\\\/inicio\\\/#organization\",\"name\":\"Diario Textual\",\"url\":\"https:\\\/\\\/diariotextual.com\\\/inicio\\\/\",\"logo\":{\"@type\":\"ImageObject\",\"inLanguage\":\"es\",\"@id\":\"https:\\\/\\\/diariotextual.com\\\/inicio\\\/#\\\/schema\\\/logo\\\/image\\\/\",\"url\":\"https:\\\/\\\/diariotextual.com\\\/inicio\\\/wp-content\\\/uploads\\\/2023\\\/05\\\/logotextual1.jpg\",\"contentUrl\":\"https:\\\/\\\/diariotextual.com\\\/inicio\\\/wp-content\\\/uploads\\\/2023\\\/05\\\/logotextual1.jpg\",\"width\":516,\"height\":76,\"caption\":\"Diario Textual\"},\"image\":{\"@id\":\"https:\\\/\\\/diariotextual.com\\\/inicio\\\/#\\\/schema\\\/logo\\\/image\\\/\"},\"sameAs\":[\"https:\\\/\\\/www.facebook.com\\\/eltextual\",\"https:\\\/\\\/x.com\\\/eltextual\",\"http:\\\/\\\/www.instagram.com\\\/eltextual\"]},{\"@type\":\"Person\",\"@id\":\"https:\\\/\\\/diariotextual.com\\\/inicio\\\/#\\\/schema\\\/person\\\/418fc4093c33e86ed41562db3508f958\",\"name\":\"Diario1 Diario1\",\"image\":{\"@type\":\"ImageObject\",\"inLanguage\":\"es\",\"@id\":\"https:\\\/\\\/secure.gravatar.com\\\/avatar\\\/9167d280179c85bc18be67aa7eda765854300033af4896dd779b608640f2ef7a?s=96&d=mm&r=g\",\"url\":\"https:\\\/\\\/secure.gravatar.com\\\/avatar\\\/9167d280179c85bc18be67aa7eda765854300033af4896dd779b608640f2ef7a?s=96&d=mm&r=g\",\"contentUrl\":\"https:\\\/\\\/secure.gravatar.com\\\/avatar\\\/9167d280179c85bc18be67aa7eda765854300033af4896dd779b608640f2ef7a?s=96&d=mm&r=g\",\"caption\":\"Diario1 Diario1\"},\"url\":\"https:\\\/\\\/diariotextual.com\\\/inicio\\\/index.php\\\/author\\\/diario1\\\/\"}]}<\/script>\n<!-- \/ Yoast SEO plugin. -->","yoast_head_json":{"title":"Otro choque fatal: muri\u00f3 un camionero de Quem\u00fa - Diario Textual","robots":{"index":"index","follow":"follow","max-snippet":"max-snippet:-1","max-image-preview":"max-image-preview:large","max-video-preview":"max-video-preview:-1"},"canonical":"https:\/\/diariotextual.com\/inicio\/index.php\/2019\/09\/30\/choque-fatal-murio-camionero-quemu-2\/","og_locale":"es_ES","og_type":"article","og_title":"Otro choque fatal: muri\u00f3 un camionero de Quem\u00fa - Diario Textual","og_description":"El domingo termin\u00f3 de la peor manera en La Pampa con cuatro fallecidos en dos siniestros viales. Esta noche, un chofer de un cami\u00f3n de 25 a\u00f1os de edad muri\u00f3&hellip;","og_url":"https:\/\/diariotextual.com\/inicio\/index.php\/2019\/09\/30\/choque-fatal-murio-camionero-quemu-2\/","og_site_name":"Diario Textual","article_publisher":"https:\/\/www.facebook.com\/eltextual","article_published_time":"2019-09-30T03:10:13+00:00","article_modified_time":"2019-09-30T19:38:21+00:00","og_image":[{"width":1268,"height":824,"url":"https:\/\/diariotextual.com\/inicio\/wp-content\/uploads\/2019\/09\/choquequemucamiones2019-1.jpg","type":"image\/jpeg"}],"author":"Diario1 Diario1","twitter_card":"summary_large_image","twitter_creator":"@eltextual","twitter_site":"@eltextual","twitter_misc":{"Escrito por":"Diario1 Diario1","Tiempo de lectura":"2 minutos"},"schema":{"@context":"https:\/\/schema.org","@graph":[{"@type":"Article","@id":"https:\/\/diariotextual.com\/inicio\/index.php\/2019\/09\/30\/choque-fatal-murio-camionero-quemu-2\/#article","isPartOf":{"@id":"https:\/\/diariotextual.com\/inicio\/index.php\/2019\/09\/30\/choque-fatal-murio-camionero-quemu-2\/"},"author":{"name":"Diario1 Diario1","@id":"https:\/\/diariotextual.com\/inicio\/#\/schema\/person\/418fc4093c33e86ed41562db3508f958"},"headline":"Otro choque fatal: muri\u00f3 un camionero de Quem\u00fa","datePublished":"2019-09-30T03:10:13+00:00","dateModified":"2019-09-30T19:38:21+00:00","mainEntityOfPage":{"@id":"https:\/\/diariotextual.com\/inicio\/index.php\/2019\/09\/30\/choque-fatal-murio-camionero-quemu-2\/"},"wordCount":364,"publisher":{"@id":"https:\/\/diariotextual.com\/inicio\/#organization"},"image":{"@id":"https:\/\/diariotextual.com\/inicio\/index.php\/2019\/09\/30\/choque-fatal-murio-camionero-quemu-2\/#primaryimage"},"thumbnailUrl":"https:\/\/diariotextual.com\/inicio\/wp-content\/uploads\/2019\/09\/choquequemucamiones2019-1.jpg","keywords":["choque","quemu"],"articleSection":["A - QUE PASA (al costado)","A - TEMPORALES","SOCIEDAD"],"inLanguage":"es"},{"@type":"WebPage","@id":"https:\/\/diariotextual.com\/inicio\/index.php\/2019\/09\/30\/choque-fatal-murio-camionero-quemu-2\/","url":"https:\/\/diariotextual.com\/inicio\/index.php\/2019\/09\/30\/choque-fatal-murio-camionero-quemu-2\/","name":"Otro choque fatal: muri\u00f3 un camionero de Quem\u00fa - Diario Textual","isPartOf":{"@id":"https:\/\/diariotextual.com\/inicio\/#website"},"primaryImageOfPage":{"@id":"https:\/\/diariotextual.com\/inicio\/index.php\/2019\/09\/30\/choque-fatal-murio-camionero-quemu-2\/#primaryimage"},"image":{"@id":"https:\/\/diariotextual.com\/inicio\/index.php\/2019\/09\/30\/choque-fatal-murio-camionero-quemu-2\/#primaryimage"},"thumbnailUrl":"https:\/\/diariotextual.com\/inicio\/wp-content\/uploads\/2019\/09\/choquequemucamiones2019-1.jpg","datePublished":"2019-09-30T03:10:13+00:00","dateModified":"2019-09-30T19:38:21+00:00","breadcrumb":{"@id":"https:\/\/diariotextual.com\/inicio\/index.php\/2019\/09\/30\/choque-fatal-murio-camionero-quemu-2\/#breadcrumb"},"inLanguage":"es","potentialAction":[{"@type":"ReadAction","target":["https:\/\/diariotextual.com\/inicio\/index.php\/2019\/09\/30\/choque-fatal-murio-camionero-quemu-2\/"]}]},{"@type":"ImageObject","inLanguage":"es","@id":"https:\/\/diariotextual.com\/inicio\/index.php\/2019\/09\/30\/choque-fatal-murio-camionero-quemu-2\/#primaryimage","url":"https:\/\/diariotextual.com\/inicio\/wp-content\/uploads\/2019\/09\/choquequemucamiones2019-1.jpg","contentUrl":"https:\/\/diariotextual.com\/inicio\/wp-content\/uploads\/2019\/09\/choquequemucamiones2019-1.jpg","width":1268,"height":824},{"@type":"BreadcrumbList","@id":"https:\/\/diariotextual.com\/inicio\/index.php\/2019\/09\/30\/choque-fatal-murio-camionero-quemu-2\/#breadcrumb","itemListElement":[{"@type":"ListItem","position":1,"name":"Portada","item":"https:\/\/diariotextual.com\/inicio\/"},{"@type":"ListItem","position":2,"name":"Otro choque fatal: muri\u00f3 un camionero de Quem\u00fa"}]},{"@type":"WebSite","@id":"https:\/\/diariotextual.com\/inicio\/#website","url":"https:\/\/diariotextual.com\/inicio\/","name":"Diario Textual","description":"","publisher":{"@id":"https:\/\/diariotextual.com\/inicio\/#organization"},"potentialAction":[{"@type":"SearchAction","target":{"@type":"EntryPoint","urlTemplate":"https:\/\/diariotextual.com\/inicio\/?s={search_term_string}"},"query-input":{"@type":"PropertyValueSpecification","valueRequired":true,"valueName":"search_term_string"}}],"inLanguage":"es"},{"@type":"Organization","@id":"https:\/\/diariotextual.com\/inicio\/#organization","name":"Diario Textual","url":"https:\/\/diariotextual.com\/inicio\/","logo":{"@type":"ImageObject","inLanguage":"es","@id":"https:\/\/diariotextual.com\/inicio\/#\/schema\/logo\/image\/","url":"https:\/\/diariotextual.com\/inicio\/wp-content\/uploads\/2023\/05\/logotextual1.jpg","contentUrl":"https:\/\/diariotextual.com\/inicio\/wp-content\/uploads\/2023\/05\/logotextual1.jpg","width":516,"height":76,"caption":"Diario Textual"},"image":{"@id":"https:\/\/diariotextual.com\/inicio\/#\/schema\/logo\/image\/"},"sameAs":["https:\/\/www.facebook.com\/eltextual","https:\/\/x.com\/eltextual","http:\/\/www.instagram.com\/eltextual"]},{"@type":"Person","@id":"https:\/\/diariotextual.com\/inicio\/#\/schema\/person\/418fc4093c33e86ed41562db3508f958","name":"Diario1 Diario1","image":{"@type":"ImageObject","inLanguage":"es","@id":"https:\/\/secure.gravatar.com\/avatar\/9167d280179c85bc18be67aa7eda765854300033af4896dd779b608640f2ef7a?s=96&d=mm&r=g","url":"https:\/\/secure.gravatar.com\/avatar\/9167d280179c85bc18be67aa7eda765854300033af4896dd779b608640f2ef7a?s=96&d=mm&r=g","contentUrl":"https:\/\/secure.gravatar.com\/avatar\/9167d280179c85bc18be67aa7eda765854300033af4896dd779b608640f2ef7a?s=96&d=mm&r=g","caption":"Diario1 Diario1"},"url":"https:\/\/diariotextual.com\/inicio\/index.php\/author\/diario1\/"}]}},"_links":{"self":[{"href":"https:\/\/diariotextual.com\/inicio\/index.php\/wp-json\/wp\/v2\/posts\/64293","targetHints":{"allow":["GET"]}}],"collection":[{"href":"https:\/\/diariotextual.com\/inicio\/index.php\/wp-json\/wp\/v2\/posts"}],"about":[{"href":"https:\/\/diariotextual.com\/inicio\/index.php\/wp-json\/wp\/v2\/types\/post"}],"author":[{"embeddable":true,"href":"https:\/\/diariotextual.com\/inicio\/index.php\/wp-json\/wp\/v2\/users\/3"}],"replies":[{"embeddable":true,"href":"https:\/\/diariotextual.com\/inicio\/index.php\/wp-json\/wp\/v2\/comments?post=64293"}],"version-history":[{"count":19,"href":"https:\/\/diariotextual.com\/inicio\/index.php\/wp-json\/wp\/v2\/posts\/64293\/revisions"}],"predecessor-version":[{"id":64403,"href":"https:\/\/diariotextual.com\/inicio\/index.php\/wp-json\/wp\/v2\/posts\/64293\/revisions\/64403"}],"wp:featuredmedia":[{"embeddable":true,"href":"https:\/\/diariotextual.com\/inicio\/index.php\/wp-json\/wp\/v2\/media\/64295"}],"wp:attachment":[{"href":"https:\/\/diariotextual.com\/inicio\/index.php\/wp-json\/wp\/v2\/media?parent=64293"}],"wp:term":[{"taxonomy":"category","embeddable":true,"href":"https:\/\/diariotextual.com\/inicio\/index.php\/wp-json\/wp\/v2\/categories?post=64293"},{"taxonomy":"post_tag","embeddable":true,"href":"https:\/\/diariotextual.com\/inicio\/index.php\/wp-json\/wp\/v2\/tags?post=64293"}],"curies":[{"name":"wp","href":"https:\/\/api.w.org\/{rel}","templated":true}]}}