{"id":64321,"date":"2019-09-30T06:59:05","date_gmt":"2019-09-30T09:59:05","guid":{"rendered":"http:\/\/diariotextual.com\/inicio\/?p=64321"},"modified":"2019-09-30T17:10:59","modified_gmt":"2019-09-30T20:10:59","slug":"ziliotto-medio-la-pelea-los-rios-lamento-la-ucr-siga-gobernando-mendoza","status":"publish","type":"post","link":"https:\/\/diariotextual.com\/inicio\/index.php\/2019\/09\/30\/ziliotto-medio-la-pelea-los-rios-lamento-la-ucr-siga-gobernando-mendoza\/","title":{"rendered":"Ziliotto, en medio de la pelea por los r\u00edos, lament\u00f3 que la UCR siga gobernando Mendoza"},"content":{"rendered":"<p><strong>Sergio Ziliotto<\/strong>, gobernador electo por La Pampa, lament\u00f3 que el radicalismo siga gobernando Mendoza en medio de la pelea pol\u00edtica y judicial por los r\u00edos Salado, Atuel y Colorado. \u00abEsper\u00e1bamos racionalidad con\u00a0 <strong>Anabel Fern\u00e1ndez Sagasti<\/strong> en el Gobierno de Mendoza. No pudo ser. Hoy m\u00e1s que nunca ratificamos la lucha hist\u00f3rica de pueblo y gobierno pampeanos por nuestra soberan\u00eda h\u00eddrica. Hoy m\u00e1s que nunca #NoAPortezueloEnManosDeMendoza #ElAtuelTambienEsPampeano\u00bb, tuite\u00f3.<\/p>\n<p>El diputado nacional, que asumir\u00e1 en reemplazo de Carlos Verna consideraba que, con el peronismo en el sill\u00f3n de San Mart\u00edn, ambas provincias podr\u00edan haber iniciado un principio de acuerdo.<\/p>\n<p>Hoy son tres los principales conflictos con Mendoza por los recursos h\u00eddricos: la hist\u00f3rica pelea por el corte sistem\u00e1tico del Atuel, que lleva unos 70 a\u00f1os y cuyo caso, luego de que fracasaran nuevas negociaciones, se encuentra en la Corte Suprema de la Naci\u00f3n; el proyecto de represa hidroel\u00e9ctrica Portezuelo del Viento, que podr\u00eda afectar la calidad y cantidad de caudal del Colorado; y el corte del Salado.<\/p>\n<p>Con una diferencia mayor a los 15 puntos, el radicalismo retuvo la provincia de Mendoza, en una elecci\u00f3n que Mauricio Macri tomar\u00e1 como impulso hacia las generales de octubre. <strong>Rodolfo Su\u00e1rez, hasta ahora intendente de la capital, ser\u00e1 el sucesor de Alfredo Cornej<\/strong>o. Se impuso por encima de la kirchnerista Anabel Fern\u00e1ndez Sagasti, por 50,12% contra 34,82%.<\/p>\n<p>La ventaja del oficialismo sobre la oposici\u00f3n peronista en las internas, en junio de este a\u00f1o, hab\u00eda sido bastante menor. Pero una vez definidos los candidatos, el electorado mendocino dio un fuerte respaldo a la UCR, que seguir\u00e1 al frente de la Gobernaci\u00f3n.<\/p>\n<p>&nbsp;<\/p>\n<blockquote class=\"twitter-tweet\">\n<p dir=\"ltr\" lang=\"es\">Esper\u00e1bamos racionalidad con <a href=\"https:\/\/twitter.com\/anabelfsagasti?ref_src=twsrc%5Etfw\">@anabelfsagasti<\/a> en el Gobierno de Mendoza. No pudo ser. Hoy m\u00e1s que nunca ratificamos la lucha hist\u00f3rica de pueblo y gobierno pampeanos por nuestra soberan\u00eda h\u00eddrica.<br \/>\nHoy m\u00e1s que nunca <a href=\"https:\/\/twitter.com\/hashtag\/NoAPortezueloEnManosDeMendoza?src=hash&amp;ref_src=twsrc%5Etfw\">#NoAPortezueloEnManosDeMendoza<\/a> <a href=\"https:\/\/twitter.com\/hashtag\/ElAtuelTambienEsPampeano?src=hash&amp;ref_src=twsrc%5Etfw\">#ElAtuelTambienEsPampeano<\/a><\/p>\n<p>\u2014 Sergio Ziliotto (@ZiliottoSergio) <a href=\"https:\/\/twitter.com\/ZiliottoSergio\/status\/1178457427412492288?ref_src=twsrc%5Etfw\">September 29, 2019<\/a><\/p><\/blockquote>\n<p><script async src=\"https:\/\/platform.twitter.com\/widgets.js\" charset=\"utf-8\"><\/script><\/p>\n","protected":false},"excerpt":{"rendered":"<p>Sergio Ziliotto, gobernador electo por La Pampa, lament\u00f3 que el radicalismo siga gobernando Mendoza en medio de la pelea pol\u00edtica y judicial por los r\u00edos Salado, Atuel y Colorado. \u00abEsper\u00e1bamos&hellip;<\/p>\n","protected":false},"author":3,"featured_media":57523,"comment_status":"closed","ping_status":"open","sticky":false,"template":"","format":"standard","meta":{"_acf_changed":false,"footnotes":""},"categories":[319,8],"tags":[],"class_list":["post-64321","post","type-post","status-publish","format-standard","has-post-thumbnail","hentry","category-a-temporales","category-politica"],"acf":[],"yoast_head":"<!-- This site is optimized with the Yoast SEO plugin v27.5 - https:\/\/yoast.com\/product\/yoast-seo-wordpress\/ -->\n<title>Ziliotto, en medio de la pelea por los r\u00edos, lament\u00f3 que la UCR siga gobernando Mendoza - Diario Textual<\/title>\n<meta name=\"robots\" content=\"index, follow, max-snippet:-1, max-image-preview:large, max-video-preview:-1\" \/>\n<link rel=\"canonical\" href=\"https:\/\/diariotextual.com\/inicio\/index.php\/2019\/09\/30\/ziliotto-medio-la-pelea-los-rios-lamento-la-ucr-siga-gobernando-mendoza\/\" \/>\n<meta property=\"og:locale\" content=\"es_ES\" \/>\n<meta property=\"og:type\" content=\"article\" \/>\n<meta property=\"og:title\" content=\"Ziliotto, en medio de la pelea por los r\u00edos, lament\u00f3 que la UCR siga gobernando Mendoza - Diario Textual\" \/>\n<meta property=\"og:description\" content=\"Sergio Ziliotto, gobernador electo por La Pampa, lament\u00f3 que el radicalismo siga gobernando Mendoza en medio de la pelea pol\u00edtica y judicial por los r\u00edos Salado, Atuel y Colorado. \u00abEsper\u00e1bamos&hellip;\" \/>\n<meta property=\"og:url\" content=\"https:\/\/diariotextual.com\/inicio\/index.php\/2019\/09\/30\/ziliotto-medio-la-pelea-los-rios-lamento-la-ucr-siga-gobernando-mendoza\/\" \/>\n<meta property=\"og:site_name\" content=\"Diario Textual\" \/>\n<meta property=\"article:publisher\" content=\"https:\/\/www.facebook.com\/eltextual\" \/>\n<meta property=\"article:published_time\" content=\"2019-09-30T09:59:05+00:00\" \/>\n<meta property=\"article:modified_time\" content=\"2019-09-30T20:10:59+00:00\" \/>\n<meta property=\"og:image\" content=\"https:\/\/diariotextual.com\/inicio\/wp-content\/uploads\/2019\/07\/ziliottoriocolorado444.jpg\" \/>\n\t<meta property=\"og:image:width\" content=\"1274\" \/>\n\t<meta property=\"og:image:height\" content=\"900\" \/>\n\t<meta property=\"og:image:type\" content=\"image\/jpeg\" \/>\n<meta name=\"author\" content=\"Diario1 Diario1\" \/>\n<meta name=\"twitter:card\" content=\"summary_large_image\" \/>\n<meta name=\"twitter:creator\" content=\"@eltextual\" \/>\n<meta name=\"twitter:site\" content=\"@eltextual\" \/>\n<meta name=\"twitter:label1\" content=\"Escrito por\" \/>\n\t<meta name=\"twitter:data1\" content=\"Diario1 Diario1\" \/>\n\t<meta name=\"twitter:label2\" content=\"Tiempo de lectura\" \/>\n\t<meta name=\"twitter:data2\" content=\"2 minutos\" \/>\n<script type=\"application\/ld+json\" class=\"yoast-schema-graph\">{\"@context\":\"https:\\\/\\\/schema.org\",\"@graph\":[{\"@type\":\"Article\",\"@id\":\"https:\\\/\\\/diariotextual.com\\\/inicio\\\/index.php\\\/2019\\\/09\\\/30\\\/ziliotto-medio-la-pelea-los-rios-lamento-la-ucr-siga-gobernando-mendoza\\\/#article\",\"isPartOf\":{\"@id\":\"https:\\\/\\\/diariotextual.com\\\/inicio\\\/index.php\\\/2019\\\/09\\\/30\\\/ziliotto-medio-la-pelea-los-rios-lamento-la-ucr-siga-gobernando-mendoza\\\/\"},\"author\":{\"name\":\"Diario1 Diario1\",\"@id\":\"https:\\\/\\\/diariotextual.com\\\/inicio\\\/#\\\/schema\\\/person\\\/418fc4093c33e86ed41562db3508f958\"},\"headline\":\"Ziliotto, en medio de la pelea por los r\u00edos, lament\u00f3 que la UCR siga gobernando Mendoza\",\"datePublished\":\"2019-09-30T09:59:05+00:00\",\"dateModified\":\"2019-09-30T20:10:59+00:00\",\"mainEntityOfPage\":{\"@id\":\"https:\\\/\\\/diariotextual.com\\\/inicio\\\/index.php\\\/2019\\\/09\\\/30\\\/ziliotto-medio-la-pelea-los-rios-lamento-la-ucr-siga-gobernando-mendoza\\\/\"},\"wordCount\":350,\"publisher\":{\"@id\":\"https:\\\/\\\/diariotextual.com\\\/inicio\\\/#organization\"},\"image\":{\"@id\":\"https:\\\/\\\/diariotextual.com\\\/inicio\\\/index.php\\\/2019\\\/09\\\/30\\\/ziliotto-medio-la-pelea-los-rios-lamento-la-ucr-siga-gobernando-mendoza\\\/#primaryimage\"},\"thumbnailUrl\":\"https:\\\/\\\/diariotextual.com\\\/inicio\\\/wp-content\\\/uploads\\\/2019\\\/07\\\/ziliottoriocolorado444.jpg\",\"articleSection\":[\"A - TEMPORALES\",\"POLITICA\"],\"inLanguage\":\"es\"},{\"@type\":\"WebPage\",\"@id\":\"https:\\\/\\\/diariotextual.com\\\/inicio\\\/index.php\\\/2019\\\/09\\\/30\\\/ziliotto-medio-la-pelea-los-rios-lamento-la-ucr-siga-gobernando-mendoza\\\/\",\"url\":\"https:\\\/\\\/diariotextual.com\\\/inicio\\\/index.php\\\/2019\\\/09\\\/30\\\/ziliotto-medio-la-pelea-los-rios-lamento-la-ucr-siga-gobernando-mendoza\\\/\",\"name\":\"Ziliotto, en medio de la pelea por los r\u00edos, lament\u00f3 que la UCR siga gobernando Mendoza - Diario Textual\",\"isPartOf\":{\"@id\":\"https:\\\/\\\/diariotextual.com\\\/inicio\\\/#website\"},\"primaryImageOfPage\":{\"@id\":\"https:\\\/\\\/diariotextual.com\\\/inicio\\\/index.php\\\/2019\\\/09\\\/30\\\/ziliotto-medio-la-pelea-los-rios-lamento-la-ucr-siga-gobernando-mendoza\\\/#primaryimage\"},\"image\":{\"@id\":\"https:\\\/\\\/diariotextual.com\\\/inicio\\\/index.php\\\/2019\\\/09\\\/30\\\/ziliotto-medio-la-pelea-los-rios-lamento-la-ucr-siga-gobernando-mendoza\\\/#primaryimage\"},\"thumbnailUrl\":\"https:\\\/\\\/diariotextual.com\\\/inicio\\\/wp-content\\\/uploads\\\/2019\\\/07\\\/ziliottoriocolorado444.jpg\",\"datePublished\":\"2019-09-30T09:59:05+00:00\",\"dateModified\":\"2019-09-30T20:10:59+00:00\",\"breadcrumb\":{\"@id\":\"https:\\\/\\\/diariotextual.com\\\/inicio\\\/index.php\\\/2019\\\/09\\\/30\\\/ziliotto-medio-la-pelea-los-rios-lamento-la-ucr-siga-gobernando-mendoza\\\/#breadcrumb\"},\"inLanguage\":\"es\",\"potentialAction\":[{\"@type\":\"ReadAction\",\"target\":[\"https:\\\/\\\/diariotextual.com\\\/inicio\\\/index.php\\\/2019\\\/09\\\/30\\\/ziliotto-medio-la-pelea-los-rios-lamento-la-ucr-siga-gobernando-mendoza\\\/\"]}]},{\"@type\":\"ImageObject\",\"inLanguage\":\"es\",\"@id\":\"https:\\\/\\\/diariotextual.com\\\/inicio\\\/index.php\\\/2019\\\/09\\\/30\\\/ziliotto-medio-la-pelea-los-rios-lamento-la-ucr-siga-gobernando-mendoza\\\/#primaryimage\",\"url\":\"https:\\\/\\\/diariotextual.com\\\/inicio\\\/wp-content\\\/uploads\\\/2019\\\/07\\\/ziliottoriocolorado444.jpg\",\"contentUrl\":\"https:\\\/\\\/diariotextual.com\\\/inicio\\\/wp-content\\\/uploads\\\/2019\\\/07\\\/ziliottoriocolorado444.jpg\",\"width\":1274,\"height\":900},{\"@type\":\"BreadcrumbList\",\"@id\":\"https:\\\/\\\/diariotextual.com\\\/inicio\\\/index.php\\\/2019\\\/09\\\/30\\\/ziliotto-medio-la-pelea-los-rios-lamento-la-ucr-siga-gobernando-mendoza\\\/#breadcrumb\",\"itemListElement\":[{\"@type\":\"ListItem\",\"position\":1,\"name\":\"Portada\",\"item\":\"https:\\\/\\\/diariotextual.com\\\/inicio\\\/\"},{\"@type\":\"ListItem\",\"position\":2,\"name\":\"Ziliotto, en medio de la pelea por los r\u00edos, lament\u00f3 que la UCR siga gobernando Mendoza\"}]},{\"@type\":\"WebSite\",\"@id\":\"https:\\\/\\\/diariotextual.com\\\/inicio\\\/#website\",\"url\":\"https:\\\/\\\/diariotextual.com\\\/inicio\\\/\",\"name\":\"Diario Textual\",\"description\":\"\",\"publisher\":{\"@id\":\"https:\\\/\\\/diariotextual.com\\\/inicio\\\/#organization\"},\"potentialAction\":[{\"@type\":\"SearchAction\",\"target\":{\"@type\":\"EntryPoint\",\"urlTemplate\":\"https:\\\/\\\/diariotextual.com\\\/inicio\\\/?s={search_term_string}\"},\"query-input\":{\"@type\":\"PropertyValueSpecification\",\"valueRequired\":true,\"valueName\":\"search_term_string\"}}],\"inLanguage\":\"es\"},{\"@type\":\"Organization\",\"@id\":\"https:\\\/\\\/diariotextual.com\\\/inicio\\\/#organization\",\"name\":\"Diario Textual\",\"url\":\"https:\\\/\\\/diariotextual.com\\\/inicio\\\/\",\"logo\":{\"@type\":\"ImageObject\",\"inLanguage\":\"es\",\"@id\":\"https:\\\/\\\/diariotextual.com\\\/inicio\\\/#\\\/schema\\\/logo\\\/image\\\/\",\"url\":\"https:\\\/\\\/diariotextual.com\\\/inicio\\\/wp-content\\\/uploads\\\/2023\\\/05\\\/logotextual1.jpg\",\"contentUrl\":\"https:\\\/\\\/diariotextual.com\\\/inicio\\\/wp-content\\\/uploads\\\/2023\\\/05\\\/logotextual1.jpg\",\"width\":516,\"height\":76,\"caption\":\"Diario Textual\"},\"image\":{\"@id\":\"https:\\\/\\\/diariotextual.com\\\/inicio\\\/#\\\/schema\\\/logo\\\/image\\\/\"},\"sameAs\":[\"https:\\\/\\\/www.facebook.com\\\/eltextual\",\"https:\\\/\\\/x.com\\\/eltextual\",\"http:\\\/\\\/www.instagram.com\\\/eltextual\"]},{\"@type\":\"Person\",\"@id\":\"https:\\\/\\\/diariotextual.com\\\/inicio\\\/#\\\/schema\\\/person\\\/418fc4093c33e86ed41562db3508f958\",\"name\":\"Diario1 Diario1\",\"image\":{\"@type\":\"ImageObject\",\"inLanguage\":\"es\",\"@id\":\"https:\\\/\\\/secure.gravatar.com\\\/avatar\\\/9167d280179c85bc18be67aa7eda765854300033af4896dd779b608640f2ef7a?s=96&d=mm&r=g\",\"url\":\"https:\\\/\\\/secure.gravatar.com\\\/avatar\\\/9167d280179c85bc18be67aa7eda765854300033af4896dd779b608640f2ef7a?s=96&d=mm&r=g\",\"contentUrl\":\"https:\\\/\\\/secure.gravatar.com\\\/avatar\\\/9167d280179c85bc18be67aa7eda765854300033af4896dd779b608640f2ef7a?s=96&d=mm&r=g\",\"caption\":\"Diario1 Diario1\"},\"url\":\"https:\\\/\\\/diariotextual.com\\\/inicio\\\/index.php\\\/author\\\/diario1\\\/\"}]}<\/script>\n<!-- \/ Yoast SEO plugin. -->","yoast_head_json":{"title":"Ziliotto, en medio de la pelea por los r\u00edos, lament\u00f3 que la UCR siga gobernando Mendoza - Diario Textual","robots":{"index":"index","follow":"follow","max-snippet":"max-snippet:-1","max-image-preview":"max-image-preview:large","max-video-preview":"max-video-preview:-1"},"canonical":"https:\/\/diariotextual.com\/inicio\/index.php\/2019\/09\/30\/ziliotto-medio-la-pelea-los-rios-lamento-la-ucr-siga-gobernando-mendoza\/","og_locale":"es_ES","og_type":"article","og_title":"Ziliotto, en medio de la pelea por los r\u00edos, lament\u00f3 que la UCR siga gobernando Mendoza - Diario Textual","og_description":"Sergio Ziliotto, gobernador electo por La Pampa, lament\u00f3 que el radicalismo siga gobernando Mendoza en medio de la pelea pol\u00edtica y judicial por los r\u00edos Salado, Atuel y Colorado. \u00abEsper\u00e1bamos&hellip;","og_url":"https:\/\/diariotextual.com\/inicio\/index.php\/2019\/09\/30\/ziliotto-medio-la-pelea-los-rios-lamento-la-ucr-siga-gobernando-mendoza\/","og_site_name":"Diario Textual","article_publisher":"https:\/\/www.facebook.com\/eltextual","article_published_time":"2019-09-30T09:59:05+00:00","article_modified_time":"2019-09-30T20:10:59+00:00","og_image":[{"width":1274,"height":900,"url":"https:\/\/diariotextual.com\/inicio\/wp-content\/uploads\/2019\/07\/ziliottoriocolorado444.jpg","type":"image\/jpeg"}],"author":"Diario1 Diario1","twitter_card":"summary_large_image","twitter_creator":"@eltextual","twitter_site":"@eltextual","twitter_misc":{"Escrito por":"Diario1 Diario1","Tiempo de lectura":"2 minutos"},"schema":{"@context":"https:\/\/schema.org","@graph":[{"@type":"Article","@id":"https:\/\/diariotextual.com\/inicio\/index.php\/2019\/09\/30\/ziliotto-medio-la-pelea-los-rios-lamento-la-ucr-siga-gobernando-mendoza\/#article","isPartOf":{"@id":"https:\/\/diariotextual.com\/inicio\/index.php\/2019\/09\/30\/ziliotto-medio-la-pelea-los-rios-lamento-la-ucr-siga-gobernando-mendoza\/"},"author":{"name":"Diario1 Diario1","@id":"https:\/\/diariotextual.com\/inicio\/#\/schema\/person\/418fc4093c33e86ed41562db3508f958"},"headline":"Ziliotto, en medio de la pelea por los r\u00edos, lament\u00f3 que la UCR siga gobernando Mendoza","datePublished":"2019-09-30T09:59:05+00:00","dateModified":"2019-09-30T20:10:59+00:00","mainEntityOfPage":{"@id":"https:\/\/diariotextual.com\/inicio\/index.php\/2019\/09\/30\/ziliotto-medio-la-pelea-los-rios-lamento-la-ucr-siga-gobernando-mendoza\/"},"wordCount":350,"publisher":{"@id":"https:\/\/diariotextual.com\/inicio\/#organization"},"image":{"@id":"https:\/\/diariotextual.com\/inicio\/index.php\/2019\/09\/30\/ziliotto-medio-la-pelea-los-rios-lamento-la-ucr-siga-gobernando-mendoza\/#primaryimage"},"thumbnailUrl":"https:\/\/diariotextual.com\/inicio\/wp-content\/uploads\/2019\/07\/ziliottoriocolorado444.jpg","articleSection":["A - TEMPORALES","POLITICA"],"inLanguage":"es"},{"@type":"WebPage","@id":"https:\/\/diariotextual.com\/inicio\/index.php\/2019\/09\/30\/ziliotto-medio-la-pelea-los-rios-lamento-la-ucr-siga-gobernando-mendoza\/","url":"https:\/\/diariotextual.com\/inicio\/index.php\/2019\/09\/30\/ziliotto-medio-la-pelea-los-rios-lamento-la-ucr-siga-gobernando-mendoza\/","name":"Ziliotto, en medio de la pelea por los r\u00edos, lament\u00f3 que la UCR siga gobernando Mendoza - Diario Textual","isPartOf":{"@id":"https:\/\/diariotextual.com\/inicio\/#website"},"primaryImageOfPage":{"@id":"https:\/\/diariotextual.com\/inicio\/index.php\/2019\/09\/30\/ziliotto-medio-la-pelea-los-rios-lamento-la-ucr-siga-gobernando-mendoza\/#primaryimage"},"image":{"@id":"https:\/\/diariotextual.com\/inicio\/index.php\/2019\/09\/30\/ziliotto-medio-la-pelea-los-rios-lamento-la-ucr-siga-gobernando-mendoza\/#primaryimage"},"thumbnailUrl":"https:\/\/diariotextual.com\/inicio\/wp-content\/uploads\/2019\/07\/ziliottoriocolorado444.jpg","datePublished":"2019-09-30T09:59:05+00:00","dateModified":"2019-09-30T20:10:59+00:00","breadcrumb":{"@id":"https:\/\/diariotextual.com\/inicio\/index.php\/2019\/09\/30\/ziliotto-medio-la-pelea-los-rios-lamento-la-ucr-siga-gobernando-mendoza\/#breadcrumb"},"inLanguage":"es","potentialAction":[{"@type":"ReadAction","target":["https:\/\/diariotextual.com\/inicio\/index.php\/2019\/09\/30\/ziliotto-medio-la-pelea-los-rios-lamento-la-ucr-siga-gobernando-mendoza\/"]}]},{"@type":"ImageObject","inLanguage":"es","@id":"https:\/\/diariotextual.com\/inicio\/index.php\/2019\/09\/30\/ziliotto-medio-la-pelea-los-rios-lamento-la-ucr-siga-gobernando-mendoza\/#primaryimage","url":"https:\/\/diariotextual.com\/inicio\/wp-content\/uploads\/2019\/07\/ziliottoriocolorado444.jpg","contentUrl":"https:\/\/diariotextual.com\/inicio\/wp-content\/uploads\/2019\/07\/ziliottoriocolorado444.jpg","width":1274,"height":900},{"@type":"BreadcrumbList","@id":"https:\/\/diariotextual.com\/inicio\/index.php\/2019\/09\/30\/ziliotto-medio-la-pelea-los-rios-lamento-la-ucr-siga-gobernando-mendoza\/#breadcrumb","itemListElement":[{"@type":"ListItem","position":1,"name":"Portada","item":"https:\/\/diariotextual.com\/inicio\/"},{"@type":"ListItem","position":2,"name":"Ziliotto, en medio de la pelea por los r\u00edos, lament\u00f3 que la UCR siga gobernando Mendoza"}]},{"@type":"WebSite","@id":"https:\/\/diariotextual.com\/inicio\/#website","url":"https:\/\/diariotextual.com\/inicio\/","name":"Diario Textual","description":"","publisher":{"@id":"https:\/\/diariotextual.com\/inicio\/#organization"},"potentialAction":[{"@type":"SearchAction","target":{"@type":"EntryPoint","urlTemplate":"https:\/\/diariotextual.com\/inicio\/?s={search_term_string}"},"query-input":{"@type":"PropertyValueSpecification","valueRequired":true,"valueName":"search_term_string"}}],"inLanguage":"es"},{"@type":"Organization","@id":"https:\/\/diariotextual.com\/inicio\/#organization","name":"Diario Textual","url":"https:\/\/diariotextual.com\/inicio\/","logo":{"@type":"ImageObject","inLanguage":"es","@id":"https:\/\/diariotextual.com\/inicio\/#\/schema\/logo\/image\/","url":"https:\/\/diariotextual.com\/inicio\/wp-content\/uploads\/2023\/05\/logotextual1.jpg","contentUrl":"https:\/\/diariotextual.com\/inicio\/wp-content\/uploads\/2023\/05\/logotextual1.jpg","width":516,"height":76,"caption":"Diario Textual"},"image":{"@id":"https:\/\/diariotextual.com\/inicio\/#\/schema\/logo\/image\/"},"sameAs":["https:\/\/www.facebook.com\/eltextual","https:\/\/x.com\/eltextual","http:\/\/www.instagram.com\/eltextual"]},{"@type":"Person","@id":"https:\/\/diariotextual.com\/inicio\/#\/schema\/person\/418fc4093c33e86ed41562db3508f958","name":"Diario1 Diario1","image":{"@type":"ImageObject","inLanguage":"es","@id":"https:\/\/secure.gravatar.com\/avatar\/9167d280179c85bc18be67aa7eda765854300033af4896dd779b608640f2ef7a?s=96&d=mm&r=g","url":"https:\/\/secure.gravatar.com\/avatar\/9167d280179c85bc18be67aa7eda765854300033af4896dd779b608640f2ef7a?s=96&d=mm&r=g","contentUrl":"https:\/\/secure.gravatar.com\/avatar\/9167d280179c85bc18be67aa7eda765854300033af4896dd779b608640f2ef7a?s=96&d=mm&r=g","caption":"Diario1 Diario1"},"url":"https:\/\/diariotextual.com\/inicio\/index.php\/author\/diario1\/"}]}},"_links":{"self":[{"href":"https:\/\/diariotextual.com\/inicio\/index.php\/wp-json\/wp\/v2\/posts\/64321","targetHints":{"allow":["GET"]}}],"collection":[{"href":"https:\/\/diariotextual.com\/inicio\/index.php\/wp-json\/wp\/v2\/posts"}],"about":[{"href":"https:\/\/diariotextual.com\/inicio\/index.php\/wp-json\/wp\/v2\/types\/post"}],"author":[{"embeddable":true,"href":"https:\/\/diariotextual.com\/inicio\/index.php\/wp-json\/wp\/v2\/users\/3"}],"replies":[{"embeddable":true,"href":"https:\/\/diariotextual.com\/inicio\/index.php\/wp-json\/wp\/v2\/comments?post=64321"}],"version-history":[{"count":4,"href":"https:\/\/diariotextual.com\/inicio\/index.php\/wp-json\/wp\/v2\/posts\/64321\/revisions"}],"predecessor-version":[{"id":64327,"href":"https:\/\/diariotextual.com\/inicio\/index.php\/wp-json\/wp\/v2\/posts\/64321\/revisions\/64327"}],"wp:featuredmedia":[{"embeddable":true,"href":"https:\/\/diariotextual.com\/inicio\/index.php\/wp-json\/wp\/v2\/media\/57523"}],"wp:attachment":[{"href":"https:\/\/diariotextual.com\/inicio\/index.php\/wp-json\/wp\/v2\/media?parent=64321"}],"wp:term":[{"taxonomy":"category","embeddable":true,"href":"https:\/\/diariotextual.com\/inicio\/index.php\/wp-json\/wp\/v2\/categories?post=64321"},{"taxonomy":"post_tag","embeddable":true,"href":"https:\/\/diariotextual.com\/inicio\/index.php\/wp-json\/wp\/v2\/tags?post=64321"}],"curies":[{"name":"wp","href":"https:\/\/api.w.org\/{rel}","templated":true}]}}