{"id":64332,"date":"2019-09-30T08:36:24","date_gmt":"2019-09-30T11:36:24","guid":{"rendered":"http:\/\/diariotextual.com\/inicio\/?p=64332"},"modified":"2019-09-30T11:33:52","modified_gmt":"2019-09-30T14:33:52","slug":"fraschina-rt-no-reactivacion-posible-energia-comida-cara","status":"publish","type":"post","link":"https:\/\/diariotextual.com\/inicio\/index.php\/2019\/09\/30\/fraschina-rt-no-reactivacion-posible-energia-comida-cara\/","title":{"rendered":"Fraschina en RT: \u00abNo hay reactivaci\u00f3n posible con energ\u00eda y comida cara\u00bb"},"content":{"rendered":"<p>El economista y docente de la Universidad de Avellaneda, <strong>Santiago Fraschina<\/strong>, dijo que \u00ab<strong>no hay reactivaci\u00f3n posible de la econom\u00eda con energ\u00eda y comida cara\u00bb<\/strong> y advirti\u00f3 que lo que hizo Mauricio Macri en materia econ\u00f3mica es <strong>\u00abin\u00e9dito\u00bb<\/strong> porque <strong>\u00abendeud\u00f3 a 26 gobiernos y es como si estuvi\u00e9ramos pagando un bono que emiti\u00f3 (Hip\u00f3lito) Irigoyen en 1919\u00bb.<\/strong><\/p>\n<p>Fraschina habl\u00f3 en<strong> Radio Textual (FM Sonar 97.9)<\/strong> sobre la coyuntura econ\u00f3mica y las perspectivas a futuro.<\/p>\n<p><strong>\u201cUno de los grandes problemas que vamos a tener por a\u00f1os es el endeudamiento\u00bb<\/strong> que dejar\u00e1 el Gobierno de Cambiemos.<\/p>\n<p>\u00ab<strong>Con los bonistas privados nos endeud\u00f3 en un promedio de 1300 d\u00f3lares por segundo,\u00a0la deuda externa con el sistema financiero fue de 150 mil millones de d\u00f3lares y como eso no alcanz\u00f3, recurri\u00f3 al FMI para endeudarnos en 57 mil millones de d\u00f3lares. En definitiva, endeud\u00f3 a 26 gobiernos y es como si estuvi\u00e9ramos pagando un bono que emiti\u00f3 Irigoyen en 1919. Esto es in\u00e9dito\u00bb<\/strong>, reflexion\u00f3.<\/p>\n<p>\u00bfC\u00f3mo repercute este endeudamiento en el bolsillo de los argentinos? \u00abYa est\u00e1 impactando. <strong>Para poder pagar esta deuda hay que ajustar en forma permanente y eso implica ajustar partidas en salud, educaci\u00f3n y partidas previsionales, s\u00f3lo para pagar deuda p\u00fablica. Este a\u00f1o pagamos 1 mill\u00f3n de pesos por minuto de deuda p\u00fablica. La otra forma de ajustar es devaluando la moneda nacional\u00bb<\/strong>, explic\u00f3.<\/p>\n<p>\u00bfY c\u00f3mo se sale de esta coyuntura?\u00a0\u00abNo hay reactivaci\u00f3n posible con energ\u00eda y comida cara\u00bb, dijo, y plante\u00f3 la necesidad de desdolarizar las tarifas y renegociar la deuda.<\/p>\n","protected":false},"excerpt":{"rendered":"<p>El economista y docente de la Universidad de Avellaneda, Santiago Fraschina, dijo que \u00abno hay reactivaci\u00f3n posible de la econom\u00eda con energ\u00eda y comida cara\u00bb y advirti\u00f3 que lo que&hellip;<\/p>\n","protected":false},"author":7,"featured_media":64333,"comment_status":"closed","ping_status":"open","sticky":false,"template":"","format":"standard","meta":{"_acf_changed":false,"footnotes":""},"categories":[11,5],"tags":[],"class_list":["post-64332","post","type-post","status-publish","format-standard","has-post-thumbnail","hentry","category-que-pasa","category-economia"],"acf":[],"yoast_head":"<!-- This site is optimized with the Yoast SEO plugin v27.5 - https:\/\/yoast.com\/product\/yoast-seo-wordpress\/ -->\n<title>Fraschina en RT: &quot;No hay reactivaci\u00f3n posible con energ\u00eda y comida cara&quot; - Diario Textual<\/title>\n<meta name=\"robots\" content=\"index, follow, max-snippet:-1, max-image-preview:large, max-video-preview:-1\" \/>\n<link rel=\"canonical\" href=\"https:\/\/diariotextual.com\/inicio\/index.php\/2019\/09\/30\/fraschina-rt-no-reactivacion-posible-energia-comida-cara\/\" \/>\n<meta property=\"og:locale\" content=\"es_ES\" \/>\n<meta property=\"og:type\" content=\"article\" \/>\n<meta property=\"og:title\" content=\"Fraschina en RT: &quot;No hay reactivaci\u00f3n posible con energ\u00eda y comida cara&quot; - Diario Textual\" \/>\n<meta property=\"og:description\" content=\"El economista y docente de la Universidad de Avellaneda, Santiago Fraschina, dijo que \u00abno hay reactivaci\u00f3n posible de la econom\u00eda con energ\u00eda y comida cara\u00bb y advirti\u00f3 que lo que&hellip;\" \/>\n<meta property=\"og:url\" content=\"https:\/\/diariotextual.com\/inicio\/index.php\/2019\/09\/30\/fraschina-rt-no-reactivacion-posible-energia-comida-cara\/\" \/>\n<meta property=\"og:site_name\" content=\"Diario Textual\" \/>\n<meta property=\"article:publisher\" content=\"https:\/\/www.facebook.com\/eltextual\" \/>\n<meta property=\"article:published_time\" content=\"2019-09-30T11:36:24+00:00\" \/>\n<meta property=\"article:modified_time\" content=\"2019-09-30T14:33:52+00:00\" \/>\n<meta property=\"og:image\" content=\"https:\/\/diariotextual.com\/inicio\/wp-content\/uploads\/2019\/09\/fraschinasantiago.jpg\" \/>\n\t<meta property=\"og:image:width\" content=\"1200\" \/>\n\t<meta property=\"og:image:height\" content=\"600\" \/>\n\t<meta property=\"og:image:type\" content=\"image\/jpeg\" \/>\n<meta name=\"author\" content=\"diario5\" \/>\n<meta name=\"twitter:card\" content=\"summary_large_image\" \/>\n<meta name=\"twitter:creator\" content=\"@eltextual\" \/>\n<meta name=\"twitter:site\" content=\"@eltextual\" \/>\n<meta name=\"twitter:label1\" content=\"Escrito por\" \/>\n\t<meta name=\"twitter:data1\" content=\"diario5\" \/>\n\t<meta name=\"twitter:label2\" content=\"Tiempo de lectura\" \/>\n\t<meta name=\"twitter:data2\" content=\"1 minuto\" \/>\n<script type=\"application\/ld+json\" class=\"yoast-schema-graph\">{\"@context\":\"https:\\\/\\\/schema.org\",\"@graph\":[{\"@type\":\"Article\",\"@id\":\"https:\\\/\\\/diariotextual.com\\\/inicio\\\/index.php\\\/2019\\\/09\\\/30\\\/fraschina-rt-no-reactivacion-posible-energia-comida-cara\\\/#article\",\"isPartOf\":{\"@id\":\"https:\\\/\\\/diariotextual.com\\\/inicio\\\/index.php\\\/2019\\\/09\\\/30\\\/fraschina-rt-no-reactivacion-posible-energia-comida-cara\\\/\"},\"author\":{\"name\":\"diario5\",\"@id\":\"https:\\\/\\\/diariotextual.com\\\/inicio\\\/#\\\/schema\\\/person\\\/c7834961ad8b29b1d9cdbf4571299067\"},\"headline\":\"Fraschina en RT: \u00abNo hay reactivaci\u00f3n posible con energ\u00eda y comida cara\u00bb\",\"datePublished\":\"2019-09-30T11:36:24+00:00\",\"dateModified\":\"2019-09-30T14:33:52+00:00\",\"mainEntityOfPage\":{\"@id\":\"https:\\\/\\\/diariotextual.com\\\/inicio\\\/index.php\\\/2019\\\/09\\\/30\\\/fraschina-rt-no-reactivacion-posible-energia-comida-cara\\\/\"},\"wordCount\":282,\"publisher\":{\"@id\":\"https:\\\/\\\/diariotextual.com\\\/inicio\\\/#organization\"},\"image\":{\"@id\":\"https:\\\/\\\/diariotextual.com\\\/inicio\\\/index.php\\\/2019\\\/09\\\/30\\\/fraschina-rt-no-reactivacion-posible-energia-comida-cara\\\/#primaryimage\"},\"thumbnailUrl\":\"https:\\\/\\\/diariotextual.com\\\/inicio\\\/wp-content\\\/uploads\\\/2019\\\/09\\\/fraschinasantiago.jpg\",\"articleSection\":[\"A - QUE PASA (al costado)\",\"ECONOMIA\"],\"inLanguage\":\"es\"},{\"@type\":\"WebPage\",\"@id\":\"https:\\\/\\\/diariotextual.com\\\/inicio\\\/index.php\\\/2019\\\/09\\\/30\\\/fraschina-rt-no-reactivacion-posible-energia-comida-cara\\\/\",\"url\":\"https:\\\/\\\/diariotextual.com\\\/inicio\\\/index.php\\\/2019\\\/09\\\/30\\\/fraschina-rt-no-reactivacion-posible-energia-comida-cara\\\/\",\"name\":\"Fraschina en RT: \\\"No hay reactivaci\u00f3n posible con energ\u00eda y comida cara\\\" - Diario Textual\",\"isPartOf\":{\"@id\":\"https:\\\/\\\/diariotextual.com\\\/inicio\\\/#website\"},\"primaryImageOfPage\":{\"@id\":\"https:\\\/\\\/diariotextual.com\\\/inicio\\\/index.php\\\/2019\\\/09\\\/30\\\/fraschina-rt-no-reactivacion-posible-energia-comida-cara\\\/#primaryimage\"},\"image\":{\"@id\":\"https:\\\/\\\/diariotextual.com\\\/inicio\\\/index.php\\\/2019\\\/09\\\/30\\\/fraschina-rt-no-reactivacion-posible-energia-comida-cara\\\/#primaryimage\"},\"thumbnailUrl\":\"https:\\\/\\\/diariotextual.com\\\/inicio\\\/wp-content\\\/uploads\\\/2019\\\/09\\\/fraschinasantiago.jpg\",\"datePublished\":\"2019-09-30T11:36:24+00:00\",\"dateModified\":\"2019-09-30T14:33:52+00:00\",\"breadcrumb\":{\"@id\":\"https:\\\/\\\/diariotextual.com\\\/inicio\\\/index.php\\\/2019\\\/09\\\/30\\\/fraschina-rt-no-reactivacion-posible-energia-comida-cara\\\/#breadcrumb\"},\"inLanguage\":\"es\",\"potentialAction\":[{\"@type\":\"ReadAction\",\"target\":[\"https:\\\/\\\/diariotextual.com\\\/inicio\\\/index.php\\\/2019\\\/09\\\/30\\\/fraschina-rt-no-reactivacion-posible-energia-comida-cara\\\/\"]}]},{\"@type\":\"ImageObject\",\"inLanguage\":\"es\",\"@id\":\"https:\\\/\\\/diariotextual.com\\\/inicio\\\/index.php\\\/2019\\\/09\\\/30\\\/fraschina-rt-no-reactivacion-posible-energia-comida-cara\\\/#primaryimage\",\"url\":\"https:\\\/\\\/diariotextual.com\\\/inicio\\\/wp-content\\\/uploads\\\/2019\\\/09\\\/fraschinasantiago.jpg\",\"contentUrl\":\"https:\\\/\\\/diariotextual.com\\\/inicio\\\/wp-content\\\/uploads\\\/2019\\\/09\\\/fraschinasantiago.jpg\",\"width\":1200,\"height\":600},{\"@type\":\"BreadcrumbList\",\"@id\":\"https:\\\/\\\/diariotextual.com\\\/inicio\\\/index.php\\\/2019\\\/09\\\/30\\\/fraschina-rt-no-reactivacion-posible-energia-comida-cara\\\/#breadcrumb\",\"itemListElement\":[{\"@type\":\"ListItem\",\"position\":1,\"name\":\"Portada\",\"item\":\"https:\\\/\\\/diariotextual.com\\\/inicio\\\/\"},{\"@type\":\"ListItem\",\"position\":2,\"name\":\"Fraschina en RT: \u00abNo hay reactivaci\u00f3n posible con energ\u00eda y comida cara\u00bb\"}]},{\"@type\":\"WebSite\",\"@id\":\"https:\\\/\\\/diariotextual.com\\\/inicio\\\/#website\",\"url\":\"https:\\\/\\\/diariotextual.com\\\/inicio\\\/\",\"name\":\"Diario Textual\",\"description\":\"\",\"publisher\":{\"@id\":\"https:\\\/\\\/diariotextual.com\\\/inicio\\\/#organization\"},\"potentialAction\":[{\"@type\":\"SearchAction\",\"target\":{\"@type\":\"EntryPoint\",\"urlTemplate\":\"https:\\\/\\\/diariotextual.com\\\/inicio\\\/?s={search_term_string}\"},\"query-input\":{\"@type\":\"PropertyValueSpecification\",\"valueRequired\":true,\"valueName\":\"search_term_string\"}}],\"inLanguage\":\"es\"},{\"@type\":\"Organization\",\"@id\":\"https:\\\/\\\/diariotextual.com\\\/inicio\\\/#organization\",\"name\":\"Diario Textual\",\"url\":\"https:\\\/\\\/diariotextual.com\\\/inicio\\\/\",\"logo\":{\"@type\":\"ImageObject\",\"inLanguage\":\"es\",\"@id\":\"https:\\\/\\\/diariotextual.com\\\/inicio\\\/#\\\/schema\\\/logo\\\/image\\\/\",\"url\":\"https:\\\/\\\/diariotextual.com\\\/inicio\\\/wp-content\\\/uploads\\\/2023\\\/05\\\/logotextual1.jpg\",\"contentUrl\":\"https:\\\/\\\/diariotextual.com\\\/inicio\\\/wp-content\\\/uploads\\\/2023\\\/05\\\/logotextual1.jpg\",\"width\":516,\"height\":76,\"caption\":\"Diario Textual\"},\"image\":{\"@id\":\"https:\\\/\\\/diariotextual.com\\\/inicio\\\/#\\\/schema\\\/logo\\\/image\\\/\"},\"sameAs\":[\"https:\\\/\\\/www.facebook.com\\\/eltextual\",\"https:\\\/\\\/x.com\\\/eltextual\",\"http:\\\/\\\/www.instagram.com\\\/eltextual\"]},{\"@type\":\"Person\",\"@id\":\"https:\\\/\\\/diariotextual.com\\\/inicio\\\/#\\\/schema\\\/person\\\/c7834961ad8b29b1d9cdbf4571299067\",\"name\":\"diario5\",\"image\":{\"@type\":\"ImageObject\",\"inLanguage\":\"es\",\"@id\":\"https:\\\/\\\/secure.gravatar.com\\\/avatar\\\/948c893b847ca6df68216ead81b63f363408ec9b0f600fefc0641ce78613b111?s=96&d=mm&r=g\",\"url\":\"https:\\\/\\\/secure.gravatar.com\\\/avatar\\\/948c893b847ca6df68216ead81b63f363408ec9b0f600fefc0641ce78613b111?s=96&d=mm&r=g\",\"contentUrl\":\"https:\\\/\\\/secure.gravatar.com\\\/avatar\\\/948c893b847ca6df68216ead81b63f363408ec9b0f600fefc0641ce78613b111?s=96&d=mm&r=g\",\"caption\":\"diario5\"},\"url\":\"https:\\\/\\\/diariotextual.com\\\/inicio\\\/index.php\\\/author\\\/diario5\\\/\"}]}<\/script>\n<!-- \/ Yoast SEO plugin. -->","yoast_head_json":{"title":"Fraschina en RT: \"No hay reactivaci\u00f3n posible con energ\u00eda y comida cara\" - Diario Textual","robots":{"index":"index","follow":"follow","max-snippet":"max-snippet:-1","max-image-preview":"max-image-preview:large","max-video-preview":"max-video-preview:-1"},"canonical":"https:\/\/diariotextual.com\/inicio\/index.php\/2019\/09\/30\/fraschina-rt-no-reactivacion-posible-energia-comida-cara\/","og_locale":"es_ES","og_type":"article","og_title":"Fraschina en RT: \"No hay reactivaci\u00f3n posible con energ\u00eda y comida cara\" - Diario Textual","og_description":"El economista y docente de la Universidad de Avellaneda, Santiago Fraschina, dijo que \u00abno hay reactivaci\u00f3n posible de la econom\u00eda con energ\u00eda y comida cara\u00bb y advirti\u00f3 que lo que&hellip;","og_url":"https:\/\/diariotextual.com\/inicio\/index.php\/2019\/09\/30\/fraschina-rt-no-reactivacion-posible-energia-comida-cara\/","og_site_name":"Diario Textual","article_publisher":"https:\/\/www.facebook.com\/eltextual","article_published_time":"2019-09-30T11:36:24+00:00","article_modified_time":"2019-09-30T14:33:52+00:00","og_image":[{"width":1200,"height":600,"url":"https:\/\/diariotextual.com\/inicio\/wp-content\/uploads\/2019\/09\/fraschinasantiago.jpg","type":"image\/jpeg"}],"author":"diario5","twitter_card":"summary_large_image","twitter_creator":"@eltextual","twitter_site":"@eltextual","twitter_misc":{"Escrito por":"diario5","Tiempo de lectura":"1 minuto"},"schema":{"@context":"https:\/\/schema.org","@graph":[{"@type":"Article","@id":"https:\/\/diariotextual.com\/inicio\/index.php\/2019\/09\/30\/fraschina-rt-no-reactivacion-posible-energia-comida-cara\/#article","isPartOf":{"@id":"https:\/\/diariotextual.com\/inicio\/index.php\/2019\/09\/30\/fraschina-rt-no-reactivacion-posible-energia-comida-cara\/"},"author":{"name":"diario5","@id":"https:\/\/diariotextual.com\/inicio\/#\/schema\/person\/c7834961ad8b29b1d9cdbf4571299067"},"headline":"Fraschina en RT: \u00abNo hay reactivaci\u00f3n posible con energ\u00eda y comida cara\u00bb","datePublished":"2019-09-30T11:36:24+00:00","dateModified":"2019-09-30T14:33:52+00:00","mainEntityOfPage":{"@id":"https:\/\/diariotextual.com\/inicio\/index.php\/2019\/09\/30\/fraschina-rt-no-reactivacion-posible-energia-comida-cara\/"},"wordCount":282,"publisher":{"@id":"https:\/\/diariotextual.com\/inicio\/#organization"},"image":{"@id":"https:\/\/diariotextual.com\/inicio\/index.php\/2019\/09\/30\/fraschina-rt-no-reactivacion-posible-energia-comida-cara\/#primaryimage"},"thumbnailUrl":"https:\/\/diariotextual.com\/inicio\/wp-content\/uploads\/2019\/09\/fraschinasantiago.jpg","articleSection":["A - QUE PASA (al costado)","ECONOMIA"],"inLanguage":"es"},{"@type":"WebPage","@id":"https:\/\/diariotextual.com\/inicio\/index.php\/2019\/09\/30\/fraschina-rt-no-reactivacion-posible-energia-comida-cara\/","url":"https:\/\/diariotextual.com\/inicio\/index.php\/2019\/09\/30\/fraschina-rt-no-reactivacion-posible-energia-comida-cara\/","name":"Fraschina en RT: \"No hay reactivaci\u00f3n posible con energ\u00eda y comida cara\" - Diario Textual","isPartOf":{"@id":"https:\/\/diariotextual.com\/inicio\/#website"},"primaryImageOfPage":{"@id":"https:\/\/diariotextual.com\/inicio\/index.php\/2019\/09\/30\/fraschina-rt-no-reactivacion-posible-energia-comida-cara\/#primaryimage"},"image":{"@id":"https:\/\/diariotextual.com\/inicio\/index.php\/2019\/09\/30\/fraschina-rt-no-reactivacion-posible-energia-comida-cara\/#primaryimage"},"thumbnailUrl":"https:\/\/diariotextual.com\/inicio\/wp-content\/uploads\/2019\/09\/fraschinasantiago.jpg","datePublished":"2019-09-30T11:36:24+00:00","dateModified":"2019-09-30T14:33:52+00:00","breadcrumb":{"@id":"https:\/\/diariotextual.com\/inicio\/index.php\/2019\/09\/30\/fraschina-rt-no-reactivacion-posible-energia-comida-cara\/#breadcrumb"},"inLanguage":"es","potentialAction":[{"@type":"ReadAction","target":["https:\/\/diariotextual.com\/inicio\/index.php\/2019\/09\/30\/fraschina-rt-no-reactivacion-posible-energia-comida-cara\/"]}]},{"@type":"ImageObject","inLanguage":"es","@id":"https:\/\/diariotextual.com\/inicio\/index.php\/2019\/09\/30\/fraschina-rt-no-reactivacion-posible-energia-comida-cara\/#primaryimage","url":"https:\/\/diariotextual.com\/inicio\/wp-content\/uploads\/2019\/09\/fraschinasantiago.jpg","contentUrl":"https:\/\/diariotextual.com\/inicio\/wp-content\/uploads\/2019\/09\/fraschinasantiago.jpg","width":1200,"height":600},{"@type":"BreadcrumbList","@id":"https:\/\/diariotextual.com\/inicio\/index.php\/2019\/09\/30\/fraschina-rt-no-reactivacion-posible-energia-comida-cara\/#breadcrumb","itemListElement":[{"@type":"ListItem","position":1,"name":"Portada","item":"https:\/\/diariotextual.com\/inicio\/"},{"@type":"ListItem","position":2,"name":"Fraschina en RT: \u00abNo hay reactivaci\u00f3n posible con energ\u00eda y comida cara\u00bb"}]},{"@type":"WebSite","@id":"https:\/\/diariotextual.com\/inicio\/#website","url":"https:\/\/diariotextual.com\/inicio\/","name":"Diario Textual","description":"","publisher":{"@id":"https:\/\/diariotextual.com\/inicio\/#organization"},"potentialAction":[{"@type":"SearchAction","target":{"@type":"EntryPoint","urlTemplate":"https:\/\/diariotextual.com\/inicio\/?s={search_term_string}"},"query-input":{"@type":"PropertyValueSpecification","valueRequired":true,"valueName":"search_term_string"}}],"inLanguage":"es"},{"@type":"Organization","@id":"https:\/\/diariotextual.com\/inicio\/#organization","name":"Diario Textual","url":"https:\/\/diariotextual.com\/inicio\/","logo":{"@type":"ImageObject","inLanguage":"es","@id":"https:\/\/diariotextual.com\/inicio\/#\/schema\/logo\/image\/","url":"https:\/\/diariotextual.com\/inicio\/wp-content\/uploads\/2023\/05\/logotextual1.jpg","contentUrl":"https:\/\/diariotextual.com\/inicio\/wp-content\/uploads\/2023\/05\/logotextual1.jpg","width":516,"height":76,"caption":"Diario Textual"},"image":{"@id":"https:\/\/diariotextual.com\/inicio\/#\/schema\/logo\/image\/"},"sameAs":["https:\/\/www.facebook.com\/eltextual","https:\/\/x.com\/eltextual","http:\/\/www.instagram.com\/eltextual"]},{"@type":"Person","@id":"https:\/\/diariotextual.com\/inicio\/#\/schema\/person\/c7834961ad8b29b1d9cdbf4571299067","name":"diario5","image":{"@type":"ImageObject","inLanguage":"es","@id":"https:\/\/secure.gravatar.com\/avatar\/948c893b847ca6df68216ead81b63f363408ec9b0f600fefc0641ce78613b111?s=96&d=mm&r=g","url":"https:\/\/secure.gravatar.com\/avatar\/948c893b847ca6df68216ead81b63f363408ec9b0f600fefc0641ce78613b111?s=96&d=mm&r=g","contentUrl":"https:\/\/secure.gravatar.com\/avatar\/948c893b847ca6df68216ead81b63f363408ec9b0f600fefc0641ce78613b111?s=96&d=mm&r=g","caption":"diario5"},"url":"https:\/\/diariotextual.com\/inicio\/index.php\/author\/diario5\/"}]}},"_links":{"self":[{"href":"https:\/\/diariotextual.com\/inicio\/index.php\/wp-json\/wp\/v2\/posts\/64332","targetHints":{"allow":["GET"]}}],"collection":[{"href":"https:\/\/diariotextual.com\/inicio\/index.php\/wp-json\/wp\/v2\/posts"}],"about":[{"href":"https:\/\/diariotextual.com\/inicio\/index.php\/wp-json\/wp\/v2\/types\/post"}],"author":[{"embeddable":true,"href":"https:\/\/diariotextual.com\/inicio\/index.php\/wp-json\/wp\/v2\/users\/7"}],"replies":[{"embeddable":true,"href":"https:\/\/diariotextual.com\/inicio\/index.php\/wp-json\/wp\/v2\/comments?post=64332"}],"version-history":[{"count":1,"href":"https:\/\/diariotextual.com\/inicio\/index.php\/wp-json\/wp\/v2\/posts\/64332\/revisions"}],"predecessor-version":[{"id":64334,"href":"https:\/\/diariotextual.com\/inicio\/index.php\/wp-json\/wp\/v2\/posts\/64332\/revisions\/64334"}],"wp:featuredmedia":[{"embeddable":true,"href":"https:\/\/diariotextual.com\/inicio\/index.php\/wp-json\/wp\/v2\/media\/64333"}],"wp:attachment":[{"href":"https:\/\/diariotextual.com\/inicio\/index.php\/wp-json\/wp\/v2\/media?parent=64332"}],"wp:term":[{"taxonomy":"category","embeddable":true,"href":"https:\/\/diariotextual.com\/inicio\/index.php\/wp-json\/wp\/v2\/categories?post=64332"},{"taxonomy":"post_tag","embeddable":true,"href":"https:\/\/diariotextual.com\/inicio\/index.php\/wp-json\/wp\/v2\/tags?post=64332"}],"curies":[{"name":"wp","href":"https:\/\/api.w.org\/{rel}","templated":true}]}}