{"id":64342,"date":"2019-09-30T09:49:54","date_gmt":"2019-09-30T12:49:54","guid":{"rendered":"http:\/\/diariotextual.com\/inicio\/?p=64342"},"modified":"2019-09-30T13:37:47","modified_gmt":"2019-09-30T16:37:47","slug":"mendoza-inscribe-interesados-trabajar-portezuelo-abre-registro-pymes","status":"publish","type":"post","link":"https:\/\/diariotextual.com\/inicio\/index.php\/2019\/09\/30\/mendoza-inscribe-interesados-trabajar-portezuelo-abre-registro-pymes\/","title":{"rendered":"Mendoza inscribe a interesados en trabajar en Portezuelo y abre un registro de pymes"},"content":{"rendered":"<p><strong>Mendoza<\/strong> sigue desafiando y desoyendo al <strong>Coirco<\/strong> y ahora abri\u00f3 un <strong>registro de personas con oficios y profesionales interesados en trabajar en la obra Portezuelo del Viento.<\/strong> Tambi\u00e9n cre\u00f3 un <strong>registro de pymes<\/strong> mendocinas para darles prioridad en la construcci\u00f3n de la represa hidroel\u00e9ctrica.<\/p>\n<blockquote class=\"wp-embedded-content\" data-secret=\"6dsktqN294\"><p><a href=\"http:\/\/diariotextual.com\/inicio\/index.php\/2019\/09\/12\/tres-provincias-cambian-posicion-portezuelo-piden-audiencia-publica-e-informe-ambiental\/\">Tres provincias cambian de posici\u00f3n: piden frenar Portezuelo, informe ambiental y audiencia<\/a><\/p><\/blockquote>\n<p><iframe class=\"wp-embedded-content\" sandbox=\"allow-scripts\" security=\"restricted\" style=\"position: absolute; clip: rect(1px, 1px, 1px, 1px);\" src=\"http:\/\/diariotextual.com\/inicio\/index.php\/2019\/09\/12\/tres-provincias-cambian-posicion-portezuelo-piden-audiencia-publica-e-informe-ambiental\/embed\/#?secret=6dsktqN294\" data-secret=\"6dsktqN294\" width=\"600\" height=\"338\" title=\"&#171;Tres provincias cambian de posici\u00f3n: piden frenar Portezuelo, informe ambiental y audiencia&#187; &#8212; Diario Textual\" frameborder=\"0\" marginwidth=\"0\" marginheight=\"0\" scrolling=\"no\"><\/iframe><\/p>\n<p>El gobierno mendocino avanz\u00f3 con estas medidas pese al fuerte pedido que hicieron las provincias que integran el Comit\u00e9 Interprovincial del R\u00edo Colorado para que se haga\u00a0un nuevo estudio de impacto ambiental\u00a0y\u00a0una audiencia p\u00fablica nacional. Es que, como viene planteando desde hace tiempo La Pampa, la megaobra se construir\u00eda sobre el r\u00edo Grande, tributario del Colorado, y eso podr\u00eda afectar la cantidad y calidad de agua.<\/p>\n<p>El gobierno pampeano reclama, adem\u00e1s de un nuevo estudio de impacto ambiental, un plan de llenado y otro de manejo en conjunto por las provincias integrantes del Coirco.<\/p>\n<p>Pero Mendoza, igual avanz\u00f3:\u00a0el gobierno nacional sac\u00f3 un decreto para el financiamiento -1023 millones de d\u00f3lares- y el 13 de septiembre el gobernador Alfredo Cornejo (Cambiemos) convoc\u00f3 a una licitaci\u00f3n p\u00fablica para que las empresas levanten la obra.<\/p>\n<p>Ahora, se conoci\u00f3 que el Ministerio de Econom\u00eda, Infraestructura y Energ\u00eda abri\u00f3 el registro de inscripci\u00f3n para futuros trabajadores de la obra hidroel\u00e9ctrica, con prioridad para residentes de al menos un a\u00f1o en San Rafael, Malarg\u00fce y General Alvear.\u00a0Luego del per\u00edodo de inscripciones, el gobierno mendocino y la Universidad de Cuyo asistir\u00e1 con cursos gratuitos a quienes quieran capacitarse.<\/p>\n<p>Tambi\u00e9n se crear\u00e1 una base de pymes que recibir\u00e1n asistencia para alcanzar los est\u00e1ndares de calidad exigidos.\u00a0La intenci\u00f3n, de acuerdo a la convocatoria oficial, es que la mano de obra sea mendocina y que las pymes que participen tambi\u00e9n sean locales.<\/p>\n<blockquote class=\"wp-embedded-content\" data-secret=\"evbzCROpre\"><p><a href=\"http:\/\/diariotextual.com\/inicio\/index.php\/2019\/09\/13\/cornejo-desoyo-al-coirco-firmo-los-pliegos-la-licitacion-portezuelo\/\">Cornejo llam\u00f3 a la licitaci\u00f3n de Portezuelo y minti\u00f3: &#171;Tiene el apoyo de las provincias&#187;<\/a><\/p><\/blockquote>\n<p><iframe class=\"wp-embedded-content\" sandbox=\"allow-scripts\" security=\"restricted\" style=\"position: absolute; clip: rect(1px, 1px, 1px, 1px);\" src=\"http:\/\/diariotextual.com\/inicio\/index.php\/2019\/09\/13\/cornejo-desoyo-al-coirco-firmo-los-pliegos-la-licitacion-portezuelo\/embed\/#?secret=evbzCROpre\" data-secret=\"evbzCROpre\" width=\"600\" height=\"338\" title=\"&#171;Cornejo llam\u00f3 a la licitaci\u00f3n de Portezuelo y minti\u00f3: &#171;Tiene el apoyo de las provincias&#187;&#187; &#8212; Diario Textual\" frameborder=\"0\" marginwidth=\"0\" marginheight=\"0\" scrolling=\"no\"><\/iframe><\/p>\n","protected":false},"excerpt":{"rendered":"<p>Mendoza sigue desafiando y desoyendo al Coirco y ahora abri\u00f3 un registro de personas con oficios y profesionales interesados en trabajar en la obra Portezuelo del Viento. Tambi\u00e9n cre\u00f3 un&hellip;<\/p>\n","protected":false},"author":7,"featured_media":58218,"comment_status":"closed","ping_status":"open","sticky":false,"template":"","format":"standard","meta":{"_acf_changed":false,"footnotes":""},"categories":[11,8],"tags":[259],"class_list":["post-64342","post","type-post","status-publish","format-standard","has-post-thumbnail","hentry","category-que-pasa","category-politica","tag-portezuelo"],"acf":[],"yoast_head":"<!-- This site is optimized with the Yoast SEO plugin v27.5 - https:\/\/yoast.com\/product\/yoast-seo-wordpress\/ -->\n<title>Mendoza inscribe a interesados en trabajar en Portezuelo y abre un registro de pymes - Diario Textual<\/title>\n<meta name=\"robots\" content=\"index, follow, max-snippet:-1, max-image-preview:large, max-video-preview:-1\" \/>\n<link rel=\"canonical\" href=\"https:\/\/diariotextual.com\/inicio\/index.php\/2019\/09\/30\/mendoza-inscribe-interesados-trabajar-portezuelo-abre-registro-pymes\/\" \/>\n<meta property=\"og:locale\" content=\"es_ES\" \/>\n<meta property=\"og:type\" content=\"article\" \/>\n<meta property=\"og:title\" content=\"Mendoza inscribe a interesados en trabajar en Portezuelo y abre un registro de pymes - Diario Textual\" \/>\n<meta property=\"og:description\" content=\"Mendoza sigue desafiando y desoyendo al Coirco y ahora abri\u00f3 un registro de personas con oficios y profesionales interesados en trabajar en la obra Portezuelo del Viento. Tambi\u00e9n cre\u00f3 un&hellip;\" \/>\n<meta property=\"og:url\" content=\"https:\/\/diariotextual.com\/inicio\/index.php\/2019\/09\/30\/mendoza-inscribe-interesados-trabajar-portezuelo-abre-registro-pymes\/\" \/>\n<meta property=\"og:site_name\" content=\"Diario Textual\" \/>\n<meta property=\"article:publisher\" content=\"https:\/\/www.facebook.com\/eltextual\" \/>\n<meta property=\"article:published_time\" content=\"2019-09-30T12:49:54+00:00\" \/>\n<meta property=\"article:modified_time\" content=\"2019-09-30T16:37:47+00:00\" \/>\n<meta property=\"og:image\" content=\"https:\/\/diariotextual.com\/inicio\/wp-content\/uploads\/2019\/08\/portezuelodelvientodibujo112.jpg\" \/>\n\t<meta property=\"og:image:width\" content=\"920\" \/>\n\t<meta property=\"og:image:height\" content=\"520\" \/>\n\t<meta property=\"og:image:type\" content=\"image\/jpeg\" \/>\n<meta name=\"author\" content=\"diario5\" \/>\n<meta name=\"twitter:card\" content=\"summary_large_image\" \/>\n<meta name=\"twitter:creator\" content=\"@eltextual\" \/>\n<meta name=\"twitter:site\" content=\"@eltextual\" \/>\n<meta name=\"twitter:label1\" content=\"Escrito por\" \/>\n\t<meta name=\"twitter:data1\" content=\"diario5\" \/>\n\t<meta name=\"twitter:label2\" content=\"Tiempo de lectura\" \/>\n\t<meta name=\"twitter:data2\" content=\"2 minutos\" \/>\n<script type=\"application\/ld+json\" class=\"yoast-schema-graph\">{\"@context\":\"https:\\\/\\\/schema.org\",\"@graph\":[{\"@type\":\"Article\",\"@id\":\"https:\\\/\\\/diariotextual.com\\\/inicio\\\/index.php\\\/2019\\\/09\\\/30\\\/mendoza-inscribe-interesados-trabajar-portezuelo-abre-registro-pymes\\\/#article\",\"isPartOf\":{\"@id\":\"https:\\\/\\\/diariotextual.com\\\/inicio\\\/index.php\\\/2019\\\/09\\\/30\\\/mendoza-inscribe-interesados-trabajar-portezuelo-abre-registro-pymes\\\/\"},\"author\":{\"name\":\"diario5\",\"@id\":\"https:\\\/\\\/diariotextual.com\\\/inicio\\\/#\\\/schema\\\/person\\\/c7834961ad8b29b1d9cdbf4571299067\"},\"headline\":\"Mendoza inscribe a interesados en trabajar en Portezuelo y abre un registro de pymes\",\"datePublished\":\"2019-09-30T12:49:54+00:00\",\"dateModified\":\"2019-09-30T16:37:47+00:00\",\"mainEntityOfPage\":{\"@id\":\"https:\\\/\\\/diariotextual.com\\\/inicio\\\/index.php\\\/2019\\\/09\\\/30\\\/mendoza-inscribe-interesados-trabajar-portezuelo-abre-registro-pymes\\\/\"},\"wordCount\":333,\"publisher\":{\"@id\":\"https:\\\/\\\/diariotextual.com\\\/inicio\\\/#organization\"},\"image\":{\"@id\":\"https:\\\/\\\/diariotextual.com\\\/inicio\\\/index.php\\\/2019\\\/09\\\/30\\\/mendoza-inscribe-interesados-trabajar-portezuelo-abre-registro-pymes\\\/#primaryimage\"},\"thumbnailUrl\":\"https:\\\/\\\/diariotextual.com\\\/inicio\\\/wp-content\\\/uploads\\\/2019\\\/08\\\/portezuelodelvientodibujo112.jpg\",\"keywords\":[\"portezuelo\"],\"articleSection\":[\"A - QUE PASA (al costado)\",\"POLITICA\"],\"inLanguage\":\"es\"},{\"@type\":\"WebPage\",\"@id\":\"https:\\\/\\\/diariotextual.com\\\/inicio\\\/index.php\\\/2019\\\/09\\\/30\\\/mendoza-inscribe-interesados-trabajar-portezuelo-abre-registro-pymes\\\/\",\"url\":\"https:\\\/\\\/diariotextual.com\\\/inicio\\\/index.php\\\/2019\\\/09\\\/30\\\/mendoza-inscribe-interesados-trabajar-portezuelo-abre-registro-pymes\\\/\",\"name\":\"Mendoza inscribe a interesados en trabajar en Portezuelo y abre un registro de pymes - Diario Textual\",\"isPartOf\":{\"@id\":\"https:\\\/\\\/diariotextual.com\\\/inicio\\\/#website\"},\"primaryImageOfPage\":{\"@id\":\"https:\\\/\\\/diariotextual.com\\\/inicio\\\/index.php\\\/2019\\\/09\\\/30\\\/mendoza-inscribe-interesados-trabajar-portezuelo-abre-registro-pymes\\\/#primaryimage\"},\"image\":{\"@id\":\"https:\\\/\\\/diariotextual.com\\\/inicio\\\/index.php\\\/2019\\\/09\\\/30\\\/mendoza-inscribe-interesados-trabajar-portezuelo-abre-registro-pymes\\\/#primaryimage\"},\"thumbnailUrl\":\"https:\\\/\\\/diariotextual.com\\\/inicio\\\/wp-content\\\/uploads\\\/2019\\\/08\\\/portezuelodelvientodibujo112.jpg\",\"datePublished\":\"2019-09-30T12:49:54+00:00\",\"dateModified\":\"2019-09-30T16:37:47+00:00\",\"breadcrumb\":{\"@id\":\"https:\\\/\\\/diariotextual.com\\\/inicio\\\/index.php\\\/2019\\\/09\\\/30\\\/mendoza-inscribe-interesados-trabajar-portezuelo-abre-registro-pymes\\\/#breadcrumb\"},\"inLanguage\":\"es\",\"potentialAction\":[{\"@type\":\"ReadAction\",\"target\":[\"https:\\\/\\\/diariotextual.com\\\/inicio\\\/index.php\\\/2019\\\/09\\\/30\\\/mendoza-inscribe-interesados-trabajar-portezuelo-abre-registro-pymes\\\/\"]}]},{\"@type\":\"ImageObject\",\"inLanguage\":\"es\",\"@id\":\"https:\\\/\\\/diariotextual.com\\\/inicio\\\/index.php\\\/2019\\\/09\\\/30\\\/mendoza-inscribe-interesados-trabajar-portezuelo-abre-registro-pymes\\\/#primaryimage\",\"url\":\"https:\\\/\\\/diariotextual.com\\\/inicio\\\/wp-content\\\/uploads\\\/2019\\\/08\\\/portezuelodelvientodibujo112.jpg\",\"contentUrl\":\"https:\\\/\\\/diariotextual.com\\\/inicio\\\/wp-content\\\/uploads\\\/2019\\\/08\\\/portezuelodelvientodibujo112.jpg\",\"width\":920,\"height\":520},{\"@type\":\"BreadcrumbList\",\"@id\":\"https:\\\/\\\/diariotextual.com\\\/inicio\\\/index.php\\\/2019\\\/09\\\/30\\\/mendoza-inscribe-interesados-trabajar-portezuelo-abre-registro-pymes\\\/#breadcrumb\",\"itemListElement\":[{\"@type\":\"ListItem\",\"position\":1,\"name\":\"Portada\",\"item\":\"https:\\\/\\\/diariotextual.com\\\/inicio\\\/\"},{\"@type\":\"ListItem\",\"position\":2,\"name\":\"Mendoza inscribe a interesados en trabajar en Portezuelo y abre un registro de pymes\"}]},{\"@type\":\"WebSite\",\"@id\":\"https:\\\/\\\/diariotextual.com\\\/inicio\\\/#website\",\"url\":\"https:\\\/\\\/diariotextual.com\\\/inicio\\\/\",\"name\":\"Diario Textual\",\"description\":\"\",\"publisher\":{\"@id\":\"https:\\\/\\\/diariotextual.com\\\/inicio\\\/#organization\"},\"potentialAction\":[{\"@type\":\"SearchAction\",\"target\":{\"@type\":\"EntryPoint\",\"urlTemplate\":\"https:\\\/\\\/diariotextual.com\\\/inicio\\\/?s={search_term_string}\"},\"query-input\":{\"@type\":\"PropertyValueSpecification\",\"valueRequired\":true,\"valueName\":\"search_term_string\"}}],\"inLanguage\":\"es\"},{\"@type\":\"Organization\",\"@id\":\"https:\\\/\\\/diariotextual.com\\\/inicio\\\/#organization\",\"name\":\"Diario Textual\",\"url\":\"https:\\\/\\\/diariotextual.com\\\/inicio\\\/\",\"logo\":{\"@type\":\"ImageObject\",\"inLanguage\":\"es\",\"@id\":\"https:\\\/\\\/diariotextual.com\\\/inicio\\\/#\\\/schema\\\/logo\\\/image\\\/\",\"url\":\"https:\\\/\\\/diariotextual.com\\\/inicio\\\/wp-content\\\/uploads\\\/2023\\\/05\\\/logotextual1.jpg\",\"contentUrl\":\"https:\\\/\\\/diariotextual.com\\\/inicio\\\/wp-content\\\/uploads\\\/2023\\\/05\\\/logotextual1.jpg\",\"width\":516,\"height\":76,\"caption\":\"Diario Textual\"},\"image\":{\"@id\":\"https:\\\/\\\/diariotextual.com\\\/inicio\\\/#\\\/schema\\\/logo\\\/image\\\/\"},\"sameAs\":[\"https:\\\/\\\/www.facebook.com\\\/eltextual\",\"https:\\\/\\\/x.com\\\/eltextual\",\"http:\\\/\\\/www.instagram.com\\\/eltextual\"]},{\"@type\":\"Person\",\"@id\":\"https:\\\/\\\/diariotextual.com\\\/inicio\\\/#\\\/schema\\\/person\\\/c7834961ad8b29b1d9cdbf4571299067\",\"name\":\"diario5\",\"image\":{\"@type\":\"ImageObject\",\"inLanguage\":\"es\",\"@id\":\"https:\\\/\\\/secure.gravatar.com\\\/avatar\\\/948c893b847ca6df68216ead81b63f363408ec9b0f600fefc0641ce78613b111?s=96&d=mm&r=g\",\"url\":\"https:\\\/\\\/secure.gravatar.com\\\/avatar\\\/948c893b847ca6df68216ead81b63f363408ec9b0f600fefc0641ce78613b111?s=96&d=mm&r=g\",\"contentUrl\":\"https:\\\/\\\/secure.gravatar.com\\\/avatar\\\/948c893b847ca6df68216ead81b63f363408ec9b0f600fefc0641ce78613b111?s=96&d=mm&r=g\",\"caption\":\"diario5\"},\"url\":\"https:\\\/\\\/diariotextual.com\\\/inicio\\\/index.php\\\/author\\\/diario5\\\/\"}]}<\/script>\n<!-- \/ Yoast SEO plugin. -->","yoast_head_json":{"title":"Mendoza inscribe a interesados en trabajar en Portezuelo y abre un registro de pymes - Diario Textual","robots":{"index":"index","follow":"follow","max-snippet":"max-snippet:-1","max-image-preview":"max-image-preview:large","max-video-preview":"max-video-preview:-1"},"canonical":"https:\/\/diariotextual.com\/inicio\/index.php\/2019\/09\/30\/mendoza-inscribe-interesados-trabajar-portezuelo-abre-registro-pymes\/","og_locale":"es_ES","og_type":"article","og_title":"Mendoza inscribe a interesados en trabajar en Portezuelo y abre un registro de pymes - Diario Textual","og_description":"Mendoza sigue desafiando y desoyendo al Coirco y ahora abri\u00f3 un registro de personas con oficios y profesionales interesados en trabajar en la obra Portezuelo del Viento. Tambi\u00e9n cre\u00f3 un&hellip;","og_url":"https:\/\/diariotextual.com\/inicio\/index.php\/2019\/09\/30\/mendoza-inscribe-interesados-trabajar-portezuelo-abre-registro-pymes\/","og_site_name":"Diario Textual","article_publisher":"https:\/\/www.facebook.com\/eltextual","article_published_time":"2019-09-30T12:49:54+00:00","article_modified_time":"2019-09-30T16:37:47+00:00","og_image":[{"width":920,"height":520,"url":"https:\/\/diariotextual.com\/inicio\/wp-content\/uploads\/2019\/08\/portezuelodelvientodibujo112.jpg","type":"image\/jpeg"}],"author":"diario5","twitter_card":"summary_large_image","twitter_creator":"@eltextual","twitter_site":"@eltextual","twitter_misc":{"Escrito por":"diario5","Tiempo de lectura":"2 minutos"},"schema":{"@context":"https:\/\/schema.org","@graph":[{"@type":"Article","@id":"https:\/\/diariotextual.com\/inicio\/index.php\/2019\/09\/30\/mendoza-inscribe-interesados-trabajar-portezuelo-abre-registro-pymes\/#article","isPartOf":{"@id":"https:\/\/diariotextual.com\/inicio\/index.php\/2019\/09\/30\/mendoza-inscribe-interesados-trabajar-portezuelo-abre-registro-pymes\/"},"author":{"name":"diario5","@id":"https:\/\/diariotextual.com\/inicio\/#\/schema\/person\/c7834961ad8b29b1d9cdbf4571299067"},"headline":"Mendoza inscribe a interesados en trabajar en Portezuelo y abre un registro de pymes","datePublished":"2019-09-30T12:49:54+00:00","dateModified":"2019-09-30T16:37:47+00:00","mainEntityOfPage":{"@id":"https:\/\/diariotextual.com\/inicio\/index.php\/2019\/09\/30\/mendoza-inscribe-interesados-trabajar-portezuelo-abre-registro-pymes\/"},"wordCount":333,"publisher":{"@id":"https:\/\/diariotextual.com\/inicio\/#organization"},"image":{"@id":"https:\/\/diariotextual.com\/inicio\/index.php\/2019\/09\/30\/mendoza-inscribe-interesados-trabajar-portezuelo-abre-registro-pymes\/#primaryimage"},"thumbnailUrl":"https:\/\/diariotextual.com\/inicio\/wp-content\/uploads\/2019\/08\/portezuelodelvientodibujo112.jpg","keywords":["portezuelo"],"articleSection":["A - QUE PASA (al costado)","POLITICA"],"inLanguage":"es"},{"@type":"WebPage","@id":"https:\/\/diariotextual.com\/inicio\/index.php\/2019\/09\/30\/mendoza-inscribe-interesados-trabajar-portezuelo-abre-registro-pymes\/","url":"https:\/\/diariotextual.com\/inicio\/index.php\/2019\/09\/30\/mendoza-inscribe-interesados-trabajar-portezuelo-abre-registro-pymes\/","name":"Mendoza inscribe a interesados en trabajar en Portezuelo y abre un registro de pymes - Diario Textual","isPartOf":{"@id":"https:\/\/diariotextual.com\/inicio\/#website"},"primaryImageOfPage":{"@id":"https:\/\/diariotextual.com\/inicio\/index.php\/2019\/09\/30\/mendoza-inscribe-interesados-trabajar-portezuelo-abre-registro-pymes\/#primaryimage"},"image":{"@id":"https:\/\/diariotextual.com\/inicio\/index.php\/2019\/09\/30\/mendoza-inscribe-interesados-trabajar-portezuelo-abre-registro-pymes\/#primaryimage"},"thumbnailUrl":"https:\/\/diariotextual.com\/inicio\/wp-content\/uploads\/2019\/08\/portezuelodelvientodibujo112.jpg","datePublished":"2019-09-30T12:49:54+00:00","dateModified":"2019-09-30T16:37:47+00:00","breadcrumb":{"@id":"https:\/\/diariotextual.com\/inicio\/index.php\/2019\/09\/30\/mendoza-inscribe-interesados-trabajar-portezuelo-abre-registro-pymes\/#breadcrumb"},"inLanguage":"es","potentialAction":[{"@type":"ReadAction","target":["https:\/\/diariotextual.com\/inicio\/index.php\/2019\/09\/30\/mendoza-inscribe-interesados-trabajar-portezuelo-abre-registro-pymes\/"]}]},{"@type":"ImageObject","inLanguage":"es","@id":"https:\/\/diariotextual.com\/inicio\/index.php\/2019\/09\/30\/mendoza-inscribe-interesados-trabajar-portezuelo-abre-registro-pymes\/#primaryimage","url":"https:\/\/diariotextual.com\/inicio\/wp-content\/uploads\/2019\/08\/portezuelodelvientodibujo112.jpg","contentUrl":"https:\/\/diariotextual.com\/inicio\/wp-content\/uploads\/2019\/08\/portezuelodelvientodibujo112.jpg","width":920,"height":520},{"@type":"BreadcrumbList","@id":"https:\/\/diariotextual.com\/inicio\/index.php\/2019\/09\/30\/mendoza-inscribe-interesados-trabajar-portezuelo-abre-registro-pymes\/#breadcrumb","itemListElement":[{"@type":"ListItem","position":1,"name":"Portada","item":"https:\/\/diariotextual.com\/inicio\/"},{"@type":"ListItem","position":2,"name":"Mendoza inscribe a interesados en trabajar en Portezuelo y abre un registro de pymes"}]},{"@type":"WebSite","@id":"https:\/\/diariotextual.com\/inicio\/#website","url":"https:\/\/diariotextual.com\/inicio\/","name":"Diario Textual","description":"","publisher":{"@id":"https:\/\/diariotextual.com\/inicio\/#organization"},"potentialAction":[{"@type":"SearchAction","target":{"@type":"EntryPoint","urlTemplate":"https:\/\/diariotextual.com\/inicio\/?s={search_term_string}"},"query-input":{"@type":"PropertyValueSpecification","valueRequired":true,"valueName":"search_term_string"}}],"inLanguage":"es"},{"@type":"Organization","@id":"https:\/\/diariotextual.com\/inicio\/#organization","name":"Diario Textual","url":"https:\/\/diariotextual.com\/inicio\/","logo":{"@type":"ImageObject","inLanguage":"es","@id":"https:\/\/diariotextual.com\/inicio\/#\/schema\/logo\/image\/","url":"https:\/\/diariotextual.com\/inicio\/wp-content\/uploads\/2023\/05\/logotextual1.jpg","contentUrl":"https:\/\/diariotextual.com\/inicio\/wp-content\/uploads\/2023\/05\/logotextual1.jpg","width":516,"height":76,"caption":"Diario Textual"},"image":{"@id":"https:\/\/diariotextual.com\/inicio\/#\/schema\/logo\/image\/"},"sameAs":["https:\/\/www.facebook.com\/eltextual","https:\/\/x.com\/eltextual","http:\/\/www.instagram.com\/eltextual"]},{"@type":"Person","@id":"https:\/\/diariotextual.com\/inicio\/#\/schema\/person\/c7834961ad8b29b1d9cdbf4571299067","name":"diario5","image":{"@type":"ImageObject","inLanguage":"es","@id":"https:\/\/secure.gravatar.com\/avatar\/948c893b847ca6df68216ead81b63f363408ec9b0f600fefc0641ce78613b111?s=96&d=mm&r=g","url":"https:\/\/secure.gravatar.com\/avatar\/948c893b847ca6df68216ead81b63f363408ec9b0f600fefc0641ce78613b111?s=96&d=mm&r=g","contentUrl":"https:\/\/secure.gravatar.com\/avatar\/948c893b847ca6df68216ead81b63f363408ec9b0f600fefc0641ce78613b111?s=96&d=mm&r=g","caption":"diario5"},"url":"https:\/\/diariotextual.com\/inicio\/index.php\/author\/diario5\/"}]}},"_links":{"self":[{"href":"https:\/\/diariotextual.com\/inicio\/index.php\/wp-json\/wp\/v2\/posts\/64342","targetHints":{"allow":["GET"]}}],"collection":[{"href":"https:\/\/diariotextual.com\/inicio\/index.php\/wp-json\/wp\/v2\/posts"}],"about":[{"href":"https:\/\/diariotextual.com\/inicio\/index.php\/wp-json\/wp\/v2\/types\/post"}],"author":[{"embeddable":true,"href":"https:\/\/diariotextual.com\/inicio\/index.php\/wp-json\/wp\/v2\/users\/7"}],"replies":[{"embeddable":true,"href":"https:\/\/diariotextual.com\/inicio\/index.php\/wp-json\/wp\/v2\/comments?post=64342"}],"version-history":[{"count":1,"href":"https:\/\/diariotextual.com\/inicio\/index.php\/wp-json\/wp\/v2\/posts\/64342\/revisions"}],"predecessor-version":[{"id":64351,"href":"https:\/\/diariotextual.com\/inicio\/index.php\/wp-json\/wp\/v2\/posts\/64342\/revisions\/64351"}],"wp:featuredmedia":[{"embeddable":true,"href":"https:\/\/diariotextual.com\/inicio\/index.php\/wp-json\/wp\/v2\/media\/58218"}],"wp:attachment":[{"href":"https:\/\/diariotextual.com\/inicio\/index.php\/wp-json\/wp\/v2\/media?parent=64342"}],"wp:term":[{"taxonomy":"category","embeddable":true,"href":"https:\/\/diariotextual.com\/inicio\/index.php\/wp-json\/wp\/v2\/categories?post=64342"},{"taxonomy":"post_tag","embeddable":true,"href":"https:\/\/diariotextual.com\/inicio\/index.php\/wp-json\/wp\/v2\/tags?post=64342"}],"curies":[{"name":"wp","href":"https:\/\/api.w.org\/{rel}","templated":true}]}}