{"id":64343,"date":"2019-09-30T09:35:50","date_gmt":"2019-09-30T12:35:50","guid":{"rendered":"http:\/\/diariotextual.com\/inicio\/?p=64343"},"modified":"2019-09-30T13:32:53","modified_gmt":"2019-09-30T16:32:53","slug":"pichetto-mendoza-voto-bien","status":"publish","type":"post","link":"https:\/\/diariotextual.com\/inicio\/index.php\/2019\/09\/30\/pichetto-mendoza-voto-bien\/","title":{"rendered":"Pichetto: \u00abMendoza vot\u00f3 muy bien\u00bb"},"content":{"rendered":"<p>El senador nacional y candidato a vicepresidente por Juntos para el Cambio, <strong>Miguel \u00c1ngel Pichetto<\/strong>, consider\u00f3 hoy que los mendocinos emitieron un <strong>\u00abvoto identificado con el Gobierno nacional\u00bb<\/strong> en los comicios en el que se proclam\u00f3 vencedor el candidato radical del frente Cambia Mendoza, Rodolfo Su\u00e1rez.<\/p>\n<p>Pichetto consider\u00f3 que la sociedad mendocina \u00abha votado muy bien\u00bb en las elecciones en las que Su\u00e1rez se impuso por amplia ventaja y evalu\u00f3 que el resultado en la provincia cuyana hace pensar que \u00abhay gente repensando su voto\u00bb.<\/p>\n<p><strong>\u00abMendoza expresa a sectores medios muy fuertes, una sociedad comprometida con el trabajo y con la producci\u00f3n, es un voto muy identificado con el gobierno nacional\u00bb, manifest\u00f3 Pichetto.<\/strong><\/p>\n<p>En declaraciones formuladas a radio La Red, el legislador y candidato a vicepresidente por Juntos por el Cambio explic\u00f3 que existe un trabajo \u00abmuy bueno\u00bb del actual gobernador Alfredo Cornejo en cuanto al ordenamiento de la provincia.<\/p>\n<blockquote class=\"wp-embedded-content\" data-secret=\"vSMd62SP4j\"><p><a href=\"http:\/\/diariotextual.com\/inicio\/index.php\/2019\/09\/29\/mendoza-cambiemos-retuvo-la-gobernacion\/\">Mendoza: Cambiemos gan\u00f3 ampliamente y retuvo la gobernaci\u00f3n<\/a><\/p><\/blockquote>\n<p><iframe class=\"wp-embedded-content\" sandbox=\"allow-scripts\" security=\"restricted\" style=\"position: absolute; clip: rect(1px, 1px, 1px, 1px);\" src=\"http:\/\/diariotextual.com\/inicio\/index.php\/2019\/09\/29\/mendoza-cambiemos-retuvo-la-gobernacion\/embed\/#?secret=vSMd62SP4j\" data-secret=\"vSMd62SP4j\" width=\"600\" height=\"338\" title=\"&#171;Mendoza: Cambiemos gan\u00f3 ampliamente y retuvo la gobernaci\u00f3n&#187; &#8212; Diario Textual\" frameborder=\"0\" marginwidth=\"0\" marginheight=\"0\" scrolling=\"no\"><\/iframe><\/p>\n<p>\u00abLa sociedad mendocina ha votado muy bien, ha votado por una propuesta que ha dado resultado. Creo que hay un proceso que indica tambi\u00e9n que hay gente repensando su voto de cara al 27 de octubre\u00bb, expres\u00f3.<\/p>\n<p>De acuerdo con los \u00faltimos resultados oficiales conocidos, con el 66,97 % de las mesas escrutadas, Su\u00e1rez alcanz\u00f3 el 50,97 % de los votos, delante de Fern\u00e1ndez Sagasti, que lleg\u00f3 al 34,18 %.<\/p>\n<p>En tercer lugar se ubic\u00f3 Jos\u00e9 Luis Ram\u00f3n de la lista Protectora, con el 8,22 %, y cuarta qued\u00f3 Noelia Barbeito, del Frente de Izquierda, con el 3,21 %.<\/p>\n<blockquote class=\"wp-embedded-content\" data-secret=\"LXEk3cGAzI\"><p><a href=\"http:\/\/diariotextual.com\/inicio\/index.php\/2019\/09\/30\/ziliotto-medio-la-pelea-los-rios-lamento-la-ucr-siga-gobernando-mendoza\/\">Ziliotto, en medio de la pelea por los r\u00edos, lament\u00f3 que la UCR siga gobernando Mendoza<\/a><\/p><\/blockquote>\n<p><iframe class=\"wp-embedded-content\" sandbox=\"allow-scripts\" security=\"restricted\" style=\"position: absolute; clip: rect(1px, 1px, 1px, 1px);\" src=\"http:\/\/diariotextual.com\/inicio\/index.php\/2019\/09\/30\/ziliotto-medio-la-pelea-los-rios-lamento-la-ucr-siga-gobernando-mendoza\/embed\/#?secret=LXEk3cGAzI\" data-secret=\"LXEk3cGAzI\" width=\"600\" height=\"338\" title=\"&#171;Ziliotto, en medio de la pelea por los r\u00edos, lament\u00f3 que la UCR siga gobernando Mendoza&#187; &#8212; Diario Textual\" frameborder=\"0\" marginwidth=\"0\" marginheight=\"0\" scrolling=\"no\"><\/iframe><\/p>\n<p>&nbsp;<\/p>\n<p>&nbsp;<\/p>\n","protected":false},"excerpt":{"rendered":"<p>El senador nacional y candidato a vicepresidente por Juntos para el Cambio, Miguel \u00c1ngel Pichetto, consider\u00f3 hoy que los mendocinos emitieron un \u00abvoto identificado con el Gobierno nacional\u00bb en los&hellip;<\/p>\n","protected":false},"author":3,"featured_media":51754,"comment_status":"closed","ping_status":"open","sticky":false,"template":"","format":"standard","meta":{"_acf_changed":false,"footnotes":""},"categories":[11,319,8],"tags":[],"class_list":["post-64343","post","type-post","status-publish","format-standard","has-post-thumbnail","hentry","category-que-pasa","category-a-temporales","category-politica"],"acf":[],"yoast_head":"<!-- This site is optimized with the Yoast SEO plugin v27.5 - https:\/\/yoast.com\/product\/yoast-seo-wordpress\/ -->\n<title>Pichetto: &quot;Mendoza vot\u00f3 muy bien&quot; - Diario Textual<\/title>\n<meta name=\"robots\" content=\"index, follow, max-snippet:-1, max-image-preview:large, max-video-preview:-1\" \/>\n<link rel=\"canonical\" href=\"https:\/\/diariotextual.com\/inicio\/index.php\/2019\/09\/30\/pichetto-mendoza-voto-bien\/\" \/>\n<meta property=\"og:locale\" content=\"es_ES\" \/>\n<meta property=\"og:type\" content=\"article\" \/>\n<meta property=\"og:title\" content=\"Pichetto: &quot;Mendoza vot\u00f3 muy bien&quot; - Diario Textual\" \/>\n<meta property=\"og:description\" content=\"El senador nacional y candidato a vicepresidente por Juntos para el Cambio, Miguel \u00c1ngel Pichetto, consider\u00f3 hoy que los mendocinos emitieron un \u00abvoto identificado con el Gobierno nacional\u00bb en los&hellip;\" \/>\n<meta property=\"og:url\" content=\"https:\/\/diariotextual.com\/inicio\/index.php\/2019\/09\/30\/pichetto-mendoza-voto-bien\/\" \/>\n<meta property=\"og:site_name\" content=\"Diario Textual\" \/>\n<meta property=\"article:publisher\" content=\"https:\/\/www.facebook.com\/eltextual\" \/>\n<meta property=\"article:published_time\" content=\"2019-09-30T12:35:50+00:00\" \/>\n<meta property=\"article:modified_time\" content=\"2019-09-30T16:32:53+00:00\" \/>\n<meta property=\"og:image\" content=\"https:\/\/diariotextual.com\/inicio\/wp-content\/uploads\/2019\/06\/pichettomiguel88888.jpg\" \/>\n\t<meta property=\"og:image:width\" content=\"1200\" \/>\n\t<meta property=\"og:image:height\" content=\"762\" \/>\n\t<meta property=\"og:image:type\" content=\"image\/jpeg\" \/>\n<meta name=\"author\" content=\"Diario1 Diario1\" \/>\n<meta name=\"twitter:card\" content=\"summary_large_image\" \/>\n<meta name=\"twitter:creator\" content=\"@eltextual\" \/>\n<meta name=\"twitter:site\" content=\"@eltextual\" \/>\n<meta name=\"twitter:label1\" content=\"Escrito por\" \/>\n\t<meta name=\"twitter:data1\" content=\"Diario1 Diario1\" \/>\n\t<meta name=\"twitter:label2\" content=\"Tiempo de lectura\" \/>\n\t<meta name=\"twitter:data2\" content=\"1 minuto\" \/>\n<script type=\"application\/ld+json\" class=\"yoast-schema-graph\">{\"@context\":\"https:\\\/\\\/schema.org\",\"@graph\":[{\"@type\":\"Article\",\"@id\":\"https:\\\/\\\/diariotextual.com\\\/inicio\\\/index.php\\\/2019\\\/09\\\/30\\\/pichetto-mendoza-voto-bien\\\/#article\",\"isPartOf\":{\"@id\":\"https:\\\/\\\/diariotextual.com\\\/inicio\\\/index.php\\\/2019\\\/09\\\/30\\\/pichetto-mendoza-voto-bien\\\/\"},\"author\":{\"name\":\"Diario1 Diario1\",\"@id\":\"https:\\\/\\\/diariotextual.com\\\/inicio\\\/#\\\/schema\\\/person\\\/418fc4093c33e86ed41562db3508f958\"},\"headline\":\"Pichetto: \u00abMendoza vot\u00f3 muy bien\u00bb\",\"datePublished\":\"2019-09-30T12:35:50+00:00\",\"dateModified\":\"2019-09-30T16:32:53+00:00\",\"mainEntityOfPage\":{\"@id\":\"https:\\\/\\\/diariotextual.com\\\/inicio\\\/index.php\\\/2019\\\/09\\\/30\\\/pichetto-mendoza-voto-bien\\\/\"},\"wordCount\":266,\"publisher\":{\"@id\":\"https:\\\/\\\/diariotextual.com\\\/inicio\\\/#organization\"},\"image\":{\"@id\":\"https:\\\/\\\/diariotextual.com\\\/inicio\\\/index.php\\\/2019\\\/09\\\/30\\\/pichetto-mendoza-voto-bien\\\/#primaryimage\"},\"thumbnailUrl\":\"https:\\\/\\\/diariotextual.com\\\/inicio\\\/wp-content\\\/uploads\\\/2019\\\/06\\\/pichettomiguel88888.jpg\",\"articleSection\":[\"A - QUE PASA (al costado)\",\"A - TEMPORALES\",\"POLITICA\"],\"inLanguage\":\"es\"},{\"@type\":\"WebPage\",\"@id\":\"https:\\\/\\\/diariotextual.com\\\/inicio\\\/index.php\\\/2019\\\/09\\\/30\\\/pichetto-mendoza-voto-bien\\\/\",\"url\":\"https:\\\/\\\/diariotextual.com\\\/inicio\\\/index.php\\\/2019\\\/09\\\/30\\\/pichetto-mendoza-voto-bien\\\/\",\"name\":\"Pichetto: \\\"Mendoza vot\u00f3 muy bien\\\" - Diario Textual\",\"isPartOf\":{\"@id\":\"https:\\\/\\\/diariotextual.com\\\/inicio\\\/#website\"},\"primaryImageOfPage\":{\"@id\":\"https:\\\/\\\/diariotextual.com\\\/inicio\\\/index.php\\\/2019\\\/09\\\/30\\\/pichetto-mendoza-voto-bien\\\/#primaryimage\"},\"image\":{\"@id\":\"https:\\\/\\\/diariotextual.com\\\/inicio\\\/index.php\\\/2019\\\/09\\\/30\\\/pichetto-mendoza-voto-bien\\\/#primaryimage\"},\"thumbnailUrl\":\"https:\\\/\\\/diariotextual.com\\\/inicio\\\/wp-content\\\/uploads\\\/2019\\\/06\\\/pichettomiguel88888.jpg\",\"datePublished\":\"2019-09-30T12:35:50+00:00\",\"dateModified\":\"2019-09-30T16:32:53+00:00\",\"breadcrumb\":{\"@id\":\"https:\\\/\\\/diariotextual.com\\\/inicio\\\/index.php\\\/2019\\\/09\\\/30\\\/pichetto-mendoza-voto-bien\\\/#breadcrumb\"},\"inLanguage\":\"es\",\"potentialAction\":[{\"@type\":\"ReadAction\",\"target\":[\"https:\\\/\\\/diariotextual.com\\\/inicio\\\/index.php\\\/2019\\\/09\\\/30\\\/pichetto-mendoza-voto-bien\\\/\"]}]},{\"@type\":\"ImageObject\",\"inLanguage\":\"es\",\"@id\":\"https:\\\/\\\/diariotextual.com\\\/inicio\\\/index.php\\\/2019\\\/09\\\/30\\\/pichetto-mendoza-voto-bien\\\/#primaryimage\",\"url\":\"https:\\\/\\\/diariotextual.com\\\/inicio\\\/wp-content\\\/uploads\\\/2019\\\/06\\\/pichettomiguel88888.jpg\",\"contentUrl\":\"https:\\\/\\\/diariotextual.com\\\/inicio\\\/wp-content\\\/uploads\\\/2019\\\/06\\\/pichettomiguel88888.jpg\",\"width\":1200,\"height\":762},{\"@type\":\"BreadcrumbList\",\"@id\":\"https:\\\/\\\/diariotextual.com\\\/inicio\\\/index.php\\\/2019\\\/09\\\/30\\\/pichetto-mendoza-voto-bien\\\/#breadcrumb\",\"itemListElement\":[{\"@type\":\"ListItem\",\"position\":1,\"name\":\"Portada\",\"item\":\"https:\\\/\\\/diariotextual.com\\\/inicio\\\/\"},{\"@type\":\"ListItem\",\"position\":2,\"name\":\"Pichetto: \u00abMendoza vot\u00f3 muy bien\u00bb\"}]},{\"@type\":\"WebSite\",\"@id\":\"https:\\\/\\\/diariotextual.com\\\/inicio\\\/#website\",\"url\":\"https:\\\/\\\/diariotextual.com\\\/inicio\\\/\",\"name\":\"Diario Textual\",\"description\":\"\",\"publisher\":{\"@id\":\"https:\\\/\\\/diariotextual.com\\\/inicio\\\/#organization\"},\"potentialAction\":[{\"@type\":\"SearchAction\",\"target\":{\"@type\":\"EntryPoint\",\"urlTemplate\":\"https:\\\/\\\/diariotextual.com\\\/inicio\\\/?s={search_term_string}\"},\"query-input\":{\"@type\":\"PropertyValueSpecification\",\"valueRequired\":true,\"valueName\":\"search_term_string\"}}],\"inLanguage\":\"es\"},{\"@type\":\"Organization\",\"@id\":\"https:\\\/\\\/diariotextual.com\\\/inicio\\\/#organization\",\"name\":\"Diario Textual\",\"url\":\"https:\\\/\\\/diariotextual.com\\\/inicio\\\/\",\"logo\":{\"@type\":\"ImageObject\",\"inLanguage\":\"es\",\"@id\":\"https:\\\/\\\/diariotextual.com\\\/inicio\\\/#\\\/schema\\\/logo\\\/image\\\/\",\"url\":\"https:\\\/\\\/diariotextual.com\\\/inicio\\\/wp-content\\\/uploads\\\/2023\\\/05\\\/logotextual1.jpg\",\"contentUrl\":\"https:\\\/\\\/diariotextual.com\\\/inicio\\\/wp-content\\\/uploads\\\/2023\\\/05\\\/logotextual1.jpg\",\"width\":516,\"height\":76,\"caption\":\"Diario Textual\"},\"image\":{\"@id\":\"https:\\\/\\\/diariotextual.com\\\/inicio\\\/#\\\/schema\\\/logo\\\/image\\\/\"},\"sameAs\":[\"https:\\\/\\\/www.facebook.com\\\/eltextual\",\"https:\\\/\\\/x.com\\\/eltextual\",\"http:\\\/\\\/www.instagram.com\\\/eltextual\"]},{\"@type\":\"Person\",\"@id\":\"https:\\\/\\\/diariotextual.com\\\/inicio\\\/#\\\/schema\\\/person\\\/418fc4093c33e86ed41562db3508f958\",\"name\":\"Diario1 Diario1\",\"image\":{\"@type\":\"ImageObject\",\"inLanguage\":\"es\",\"@id\":\"https:\\\/\\\/secure.gravatar.com\\\/avatar\\\/9167d280179c85bc18be67aa7eda765854300033af4896dd779b608640f2ef7a?s=96&d=mm&r=g\",\"url\":\"https:\\\/\\\/secure.gravatar.com\\\/avatar\\\/9167d280179c85bc18be67aa7eda765854300033af4896dd779b608640f2ef7a?s=96&d=mm&r=g\",\"contentUrl\":\"https:\\\/\\\/secure.gravatar.com\\\/avatar\\\/9167d280179c85bc18be67aa7eda765854300033af4896dd779b608640f2ef7a?s=96&d=mm&r=g\",\"caption\":\"Diario1 Diario1\"},\"url\":\"https:\\\/\\\/diariotextual.com\\\/inicio\\\/index.php\\\/author\\\/diario1\\\/\"}]}<\/script>\n<!-- \/ Yoast SEO plugin. -->","yoast_head_json":{"title":"Pichetto: \"Mendoza vot\u00f3 muy bien\" - Diario Textual","robots":{"index":"index","follow":"follow","max-snippet":"max-snippet:-1","max-image-preview":"max-image-preview:large","max-video-preview":"max-video-preview:-1"},"canonical":"https:\/\/diariotextual.com\/inicio\/index.php\/2019\/09\/30\/pichetto-mendoza-voto-bien\/","og_locale":"es_ES","og_type":"article","og_title":"Pichetto: \"Mendoza vot\u00f3 muy bien\" - Diario Textual","og_description":"El senador nacional y candidato a vicepresidente por Juntos para el Cambio, Miguel \u00c1ngel Pichetto, consider\u00f3 hoy que los mendocinos emitieron un \u00abvoto identificado con el Gobierno nacional\u00bb en los&hellip;","og_url":"https:\/\/diariotextual.com\/inicio\/index.php\/2019\/09\/30\/pichetto-mendoza-voto-bien\/","og_site_name":"Diario Textual","article_publisher":"https:\/\/www.facebook.com\/eltextual","article_published_time":"2019-09-30T12:35:50+00:00","article_modified_time":"2019-09-30T16:32:53+00:00","og_image":[{"width":1200,"height":762,"url":"https:\/\/diariotextual.com\/inicio\/wp-content\/uploads\/2019\/06\/pichettomiguel88888.jpg","type":"image\/jpeg"}],"author":"Diario1 Diario1","twitter_card":"summary_large_image","twitter_creator":"@eltextual","twitter_site":"@eltextual","twitter_misc":{"Escrito por":"Diario1 Diario1","Tiempo de lectura":"1 minuto"},"schema":{"@context":"https:\/\/schema.org","@graph":[{"@type":"Article","@id":"https:\/\/diariotextual.com\/inicio\/index.php\/2019\/09\/30\/pichetto-mendoza-voto-bien\/#article","isPartOf":{"@id":"https:\/\/diariotextual.com\/inicio\/index.php\/2019\/09\/30\/pichetto-mendoza-voto-bien\/"},"author":{"name":"Diario1 Diario1","@id":"https:\/\/diariotextual.com\/inicio\/#\/schema\/person\/418fc4093c33e86ed41562db3508f958"},"headline":"Pichetto: \u00abMendoza vot\u00f3 muy bien\u00bb","datePublished":"2019-09-30T12:35:50+00:00","dateModified":"2019-09-30T16:32:53+00:00","mainEntityOfPage":{"@id":"https:\/\/diariotextual.com\/inicio\/index.php\/2019\/09\/30\/pichetto-mendoza-voto-bien\/"},"wordCount":266,"publisher":{"@id":"https:\/\/diariotextual.com\/inicio\/#organization"},"image":{"@id":"https:\/\/diariotextual.com\/inicio\/index.php\/2019\/09\/30\/pichetto-mendoza-voto-bien\/#primaryimage"},"thumbnailUrl":"https:\/\/diariotextual.com\/inicio\/wp-content\/uploads\/2019\/06\/pichettomiguel88888.jpg","articleSection":["A - QUE PASA (al costado)","A - TEMPORALES","POLITICA"],"inLanguage":"es"},{"@type":"WebPage","@id":"https:\/\/diariotextual.com\/inicio\/index.php\/2019\/09\/30\/pichetto-mendoza-voto-bien\/","url":"https:\/\/diariotextual.com\/inicio\/index.php\/2019\/09\/30\/pichetto-mendoza-voto-bien\/","name":"Pichetto: \"Mendoza vot\u00f3 muy bien\" - Diario Textual","isPartOf":{"@id":"https:\/\/diariotextual.com\/inicio\/#website"},"primaryImageOfPage":{"@id":"https:\/\/diariotextual.com\/inicio\/index.php\/2019\/09\/30\/pichetto-mendoza-voto-bien\/#primaryimage"},"image":{"@id":"https:\/\/diariotextual.com\/inicio\/index.php\/2019\/09\/30\/pichetto-mendoza-voto-bien\/#primaryimage"},"thumbnailUrl":"https:\/\/diariotextual.com\/inicio\/wp-content\/uploads\/2019\/06\/pichettomiguel88888.jpg","datePublished":"2019-09-30T12:35:50+00:00","dateModified":"2019-09-30T16:32:53+00:00","breadcrumb":{"@id":"https:\/\/diariotextual.com\/inicio\/index.php\/2019\/09\/30\/pichetto-mendoza-voto-bien\/#breadcrumb"},"inLanguage":"es","potentialAction":[{"@type":"ReadAction","target":["https:\/\/diariotextual.com\/inicio\/index.php\/2019\/09\/30\/pichetto-mendoza-voto-bien\/"]}]},{"@type":"ImageObject","inLanguage":"es","@id":"https:\/\/diariotextual.com\/inicio\/index.php\/2019\/09\/30\/pichetto-mendoza-voto-bien\/#primaryimage","url":"https:\/\/diariotextual.com\/inicio\/wp-content\/uploads\/2019\/06\/pichettomiguel88888.jpg","contentUrl":"https:\/\/diariotextual.com\/inicio\/wp-content\/uploads\/2019\/06\/pichettomiguel88888.jpg","width":1200,"height":762},{"@type":"BreadcrumbList","@id":"https:\/\/diariotextual.com\/inicio\/index.php\/2019\/09\/30\/pichetto-mendoza-voto-bien\/#breadcrumb","itemListElement":[{"@type":"ListItem","position":1,"name":"Portada","item":"https:\/\/diariotextual.com\/inicio\/"},{"@type":"ListItem","position":2,"name":"Pichetto: \u00abMendoza vot\u00f3 muy bien\u00bb"}]},{"@type":"WebSite","@id":"https:\/\/diariotextual.com\/inicio\/#website","url":"https:\/\/diariotextual.com\/inicio\/","name":"Diario Textual","description":"","publisher":{"@id":"https:\/\/diariotextual.com\/inicio\/#organization"},"potentialAction":[{"@type":"SearchAction","target":{"@type":"EntryPoint","urlTemplate":"https:\/\/diariotextual.com\/inicio\/?s={search_term_string}"},"query-input":{"@type":"PropertyValueSpecification","valueRequired":true,"valueName":"search_term_string"}}],"inLanguage":"es"},{"@type":"Organization","@id":"https:\/\/diariotextual.com\/inicio\/#organization","name":"Diario Textual","url":"https:\/\/diariotextual.com\/inicio\/","logo":{"@type":"ImageObject","inLanguage":"es","@id":"https:\/\/diariotextual.com\/inicio\/#\/schema\/logo\/image\/","url":"https:\/\/diariotextual.com\/inicio\/wp-content\/uploads\/2023\/05\/logotextual1.jpg","contentUrl":"https:\/\/diariotextual.com\/inicio\/wp-content\/uploads\/2023\/05\/logotextual1.jpg","width":516,"height":76,"caption":"Diario Textual"},"image":{"@id":"https:\/\/diariotextual.com\/inicio\/#\/schema\/logo\/image\/"},"sameAs":["https:\/\/www.facebook.com\/eltextual","https:\/\/x.com\/eltextual","http:\/\/www.instagram.com\/eltextual"]},{"@type":"Person","@id":"https:\/\/diariotextual.com\/inicio\/#\/schema\/person\/418fc4093c33e86ed41562db3508f958","name":"Diario1 Diario1","image":{"@type":"ImageObject","inLanguage":"es","@id":"https:\/\/secure.gravatar.com\/avatar\/9167d280179c85bc18be67aa7eda765854300033af4896dd779b608640f2ef7a?s=96&d=mm&r=g","url":"https:\/\/secure.gravatar.com\/avatar\/9167d280179c85bc18be67aa7eda765854300033af4896dd779b608640f2ef7a?s=96&d=mm&r=g","contentUrl":"https:\/\/secure.gravatar.com\/avatar\/9167d280179c85bc18be67aa7eda765854300033af4896dd779b608640f2ef7a?s=96&d=mm&r=g","caption":"Diario1 Diario1"},"url":"https:\/\/diariotextual.com\/inicio\/index.php\/author\/diario1\/"}]}},"_links":{"self":[{"href":"https:\/\/diariotextual.com\/inicio\/index.php\/wp-json\/wp\/v2\/posts\/64343","targetHints":{"allow":["GET"]}}],"collection":[{"href":"https:\/\/diariotextual.com\/inicio\/index.php\/wp-json\/wp\/v2\/posts"}],"about":[{"href":"https:\/\/diariotextual.com\/inicio\/index.php\/wp-json\/wp\/v2\/types\/post"}],"author":[{"embeddable":true,"href":"https:\/\/diariotextual.com\/inicio\/index.php\/wp-json\/wp\/v2\/users\/3"}],"replies":[{"embeddable":true,"href":"https:\/\/diariotextual.com\/inicio\/index.php\/wp-json\/wp\/v2\/comments?post=64343"}],"version-history":[{"count":1,"href":"https:\/\/diariotextual.com\/inicio\/index.php\/wp-json\/wp\/v2\/posts\/64343\/revisions"}],"predecessor-version":[{"id":64346,"href":"https:\/\/diariotextual.com\/inicio\/index.php\/wp-json\/wp\/v2\/posts\/64343\/revisions\/64346"}],"wp:featuredmedia":[{"embeddable":true,"href":"https:\/\/diariotextual.com\/inicio\/index.php\/wp-json\/wp\/v2\/media\/51754"}],"wp:attachment":[{"href":"https:\/\/diariotextual.com\/inicio\/index.php\/wp-json\/wp\/v2\/media?parent=64343"}],"wp:term":[{"taxonomy":"category","embeddable":true,"href":"https:\/\/diariotextual.com\/inicio\/index.php\/wp-json\/wp\/v2\/categories?post=64343"},{"taxonomy":"post_tag","embeddable":true,"href":"https:\/\/diariotextual.com\/inicio\/index.php\/wp-json\/wp\/v2\/tags?post=64343"}],"curies":[{"name":"wp","href":"https:\/\/api.w.org\/{rel}","templated":true}]}}