{"id":64363,"date":"2019-09-30T11:31:24","date_gmt":"2019-09-30T14:31:24","guid":{"rendered":"http:\/\/diariotextual.com\/inicio\/?p=64363"},"modified":"2019-09-30T22:58:53","modified_gmt":"2019-10-01T01:58:53","slug":"chico-pampeano-representara-al-pais-una-olimpiada-internacional","status":"publish","type":"post","link":"https:\/\/diariotextual.com\/inicio\/index.php\/2019\/09\/30\/chico-pampeano-representara-al-pais-una-olimpiada-internacional\/","title":{"rendered":"Un chico pampeano representar\u00e1 al pa\u00eds en una olimp\u00edada en Catar"},"content":{"rendered":"<p>El adolescente santarrose\u00f1o <strong>Agust\u00edn Sans\u00f3n (15 a\u00f1os)<\/strong> fue seleccionado por el Comit\u00e9 Nacional de Ciencia para representar a Argentina en la <strong>Olimp\u00edada Juvenil Internacional de Ciencia<\/strong> que se realizar\u00e1 en diciembre en <strong>Catar. \u00abNo me lo esperaba. Pens\u00e9 que no iba a ser posible por el nivel internacional. Ahora tendr\u00e9 que esforzarme m\u00e1s\u00bb<\/strong>, dijo el estudiante en conferencia de prensa.<\/p>\n<p>Agust\u00edn cursa en el colegio Santo Tom\u00e1s, de Santa Rosa. En la instancia nacional de las olimp\u00edadas, que tuvieron lugar del 2 y el 6 de septiembre en Mendoza, obtuvo un segundo puesto.<\/p>\n<p>Ahora, <strong>fue seleccionado por Comit\u00e9 Nacional de Ciencia<\/strong> para viajar como becado en representaci\u00f3n de Argentina junto a otros dos chicos de San Juan y Mar del Plata.<\/p>\n<p>El joven pampeano deber\u00e1 viajar a Mendoza en octubre y en noviembre donde recibir\u00e1 un entrenamiento en la Universidad Nacional de Cuyo.<\/p>\n<p><strong>\u00abVoy a competir con gente que sabe un mont\u00f3n, pero lo que m\u00e1s rescato es que voy a aprender\u00bb<\/strong>, dijo Agust\u00edn.<\/p>\n<p>La Olimp\u00edada Juvenil Internacional de Ciencia es una competencia de Ciencias Naturales para estudiantes de hasta 15 a\u00f1os que se desarrolla todos los a\u00f1os desde 2004. El objetivo es promover el valor de la ense\u00f1anza de las ciencias de la naturaleza en la educaci\u00f3n general de los j\u00f3venes y en todos los aspectos de su vida. Se trata de un evento cient\u00edfico de naturaleza puramente educativa que consiste en ex\u00e1menes de f\u00edsica, qu\u00edmica e biolog\u00eda.<\/p>\n<p>&nbsp;<\/p>\n<p>&nbsp;<\/p>\n","protected":false},"excerpt":{"rendered":"<p>El adolescente santarrose\u00f1o Agust\u00edn Sans\u00f3n (15 a\u00f1os) fue seleccionado por el Comit\u00e9 Nacional de Ciencia para representar a Argentina en la Olimp\u00edada Juvenil Internacional de Ciencia que se realizar\u00e1 en&hellip;<\/p>\n","protected":false},"author":7,"featured_media":64367,"comment_status":"closed","ping_status":"open","sticky":false,"template":"","format":"standard","meta":{"_acf_changed":false,"footnotes":""},"categories":[11,319,2],"tags":[],"class_list":["post-64363","post","type-post","status-publish","format-standard","has-post-thumbnail","hentry","category-que-pasa","category-a-temporales","category-cultura"],"acf":[],"yoast_head":"<!-- This site is optimized with the Yoast SEO plugin v27.5 - https:\/\/yoast.com\/product\/yoast-seo-wordpress\/ -->\n<title>Un chico pampeano representar\u00e1 al pa\u00eds en una olimp\u00edada en Catar - Diario Textual<\/title>\n<meta name=\"robots\" content=\"index, follow, max-snippet:-1, max-image-preview:large, max-video-preview:-1\" \/>\n<link rel=\"canonical\" href=\"https:\/\/diariotextual.com\/inicio\/index.php\/2019\/09\/30\/chico-pampeano-representara-al-pais-una-olimpiada-internacional\/\" \/>\n<meta property=\"og:locale\" content=\"es_ES\" \/>\n<meta property=\"og:type\" content=\"article\" \/>\n<meta property=\"og:title\" content=\"Un chico pampeano representar\u00e1 al pa\u00eds en una olimp\u00edada en Catar - Diario Textual\" \/>\n<meta property=\"og:description\" content=\"El adolescente santarrose\u00f1o Agust\u00edn Sans\u00f3n (15 a\u00f1os) fue seleccionado por el Comit\u00e9 Nacional de Ciencia para representar a Argentina en la Olimp\u00edada Juvenil Internacional de Ciencia que se realizar\u00e1 en&hellip;\" \/>\n<meta property=\"og:url\" content=\"https:\/\/diariotextual.com\/inicio\/index.php\/2019\/09\/30\/chico-pampeano-representara-al-pais-una-olimpiada-internacional\/\" \/>\n<meta property=\"og:site_name\" content=\"Diario Textual\" \/>\n<meta property=\"article:publisher\" content=\"https:\/\/www.facebook.com\/eltextual\" \/>\n<meta property=\"article:published_time\" content=\"2019-09-30T14:31:24+00:00\" \/>\n<meta property=\"article:modified_time\" content=\"2019-10-01T01:58:53+00:00\" \/>\n<meta property=\"og:image\" content=\"https:\/\/diariotextual.com\/inicio\/wp-content\/uploads\/2019\/09\/sanz\u00f3nagustin7382.jpg\" \/>\n\t<meta property=\"og:image:width\" content=\"801\" \/>\n\t<meta property=\"og:image:height\" content=\"450\" \/>\n\t<meta property=\"og:image:type\" content=\"image\/jpeg\" \/>\n<meta name=\"author\" content=\"diario5\" \/>\n<meta name=\"twitter:card\" content=\"summary_large_image\" \/>\n<meta name=\"twitter:creator\" content=\"@eltextual\" \/>\n<meta name=\"twitter:site\" content=\"@eltextual\" \/>\n<meta name=\"twitter:label1\" content=\"Escrito por\" \/>\n\t<meta name=\"twitter:data1\" content=\"diario5\" \/>\n\t<meta name=\"twitter:label2\" content=\"Tiempo de lectura\" \/>\n\t<meta name=\"twitter:data2\" content=\"1 minuto\" \/>\n<script type=\"application\/ld+json\" class=\"yoast-schema-graph\">{\"@context\":\"https:\\\/\\\/schema.org\",\"@graph\":[{\"@type\":\"Article\",\"@id\":\"https:\\\/\\\/diariotextual.com\\\/inicio\\\/index.php\\\/2019\\\/09\\\/30\\\/chico-pampeano-representara-al-pais-una-olimpiada-internacional\\\/#article\",\"isPartOf\":{\"@id\":\"https:\\\/\\\/diariotextual.com\\\/inicio\\\/index.php\\\/2019\\\/09\\\/30\\\/chico-pampeano-representara-al-pais-una-olimpiada-internacional\\\/\"},\"author\":{\"name\":\"diario5\",\"@id\":\"https:\\\/\\\/diariotextual.com\\\/inicio\\\/#\\\/schema\\\/person\\\/c7834961ad8b29b1d9cdbf4571299067\"},\"headline\":\"Un chico pampeano representar\u00e1 al pa\u00eds en una olimp\u00edada en Catar\",\"datePublished\":\"2019-09-30T14:31:24+00:00\",\"dateModified\":\"2019-10-01T01:58:53+00:00\",\"mainEntityOfPage\":{\"@id\":\"https:\\\/\\\/diariotextual.com\\\/inicio\\\/index.php\\\/2019\\\/09\\\/30\\\/chico-pampeano-representara-al-pais-una-olimpiada-internacional\\\/\"},\"wordCount\":273,\"publisher\":{\"@id\":\"https:\\\/\\\/diariotextual.com\\\/inicio\\\/#organization\"},\"image\":{\"@id\":\"https:\\\/\\\/diariotextual.com\\\/inicio\\\/index.php\\\/2019\\\/09\\\/30\\\/chico-pampeano-representara-al-pais-una-olimpiada-internacional\\\/#primaryimage\"},\"thumbnailUrl\":\"https:\\\/\\\/diariotextual.com\\\/inicio\\\/wp-content\\\/uploads\\\/2019\\\/09\\\/sanz\u00f3nagustin7382.jpg\",\"articleSection\":[\"A - QUE PASA (al costado)\",\"A - TEMPORALES\",\"CULTURA\"],\"inLanguage\":\"es\"},{\"@type\":\"WebPage\",\"@id\":\"https:\\\/\\\/diariotextual.com\\\/inicio\\\/index.php\\\/2019\\\/09\\\/30\\\/chico-pampeano-representara-al-pais-una-olimpiada-internacional\\\/\",\"url\":\"https:\\\/\\\/diariotextual.com\\\/inicio\\\/index.php\\\/2019\\\/09\\\/30\\\/chico-pampeano-representara-al-pais-una-olimpiada-internacional\\\/\",\"name\":\"Un chico pampeano representar\u00e1 al pa\u00eds en una olimp\u00edada en Catar - Diario Textual\",\"isPartOf\":{\"@id\":\"https:\\\/\\\/diariotextual.com\\\/inicio\\\/#website\"},\"primaryImageOfPage\":{\"@id\":\"https:\\\/\\\/diariotextual.com\\\/inicio\\\/index.php\\\/2019\\\/09\\\/30\\\/chico-pampeano-representara-al-pais-una-olimpiada-internacional\\\/#primaryimage\"},\"image\":{\"@id\":\"https:\\\/\\\/diariotextual.com\\\/inicio\\\/index.php\\\/2019\\\/09\\\/30\\\/chico-pampeano-representara-al-pais-una-olimpiada-internacional\\\/#primaryimage\"},\"thumbnailUrl\":\"https:\\\/\\\/diariotextual.com\\\/inicio\\\/wp-content\\\/uploads\\\/2019\\\/09\\\/sanz\u00f3nagustin7382.jpg\",\"datePublished\":\"2019-09-30T14:31:24+00:00\",\"dateModified\":\"2019-10-01T01:58:53+00:00\",\"breadcrumb\":{\"@id\":\"https:\\\/\\\/diariotextual.com\\\/inicio\\\/index.php\\\/2019\\\/09\\\/30\\\/chico-pampeano-representara-al-pais-una-olimpiada-internacional\\\/#breadcrumb\"},\"inLanguage\":\"es\",\"potentialAction\":[{\"@type\":\"ReadAction\",\"target\":[\"https:\\\/\\\/diariotextual.com\\\/inicio\\\/index.php\\\/2019\\\/09\\\/30\\\/chico-pampeano-representara-al-pais-una-olimpiada-internacional\\\/\"]}]},{\"@type\":\"ImageObject\",\"inLanguage\":\"es\",\"@id\":\"https:\\\/\\\/diariotextual.com\\\/inicio\\\/index.php\\\/2019\\\/09\\\/30\\\/chico-pampeano-representara-al-pais-una-olimpiada-internacional\\\/#primaryimage\",\"url\":\"https:\\\/\\\/diariotextual.com\\\/inicio\\\/wp-content\\\/uploads\\\/2019\\\/09\\\/sanz\u00f3nagustin7382.jpg\",\"contentUrl\":\"https:\\\/\\\/diariotextual.com\\\/inicio\\\/wp-content\\\/uploads\\\/2019\\\/09\\\/sanz\u00f3nagustin7382.jpg\",\"width\":801,\"height\":450},{\"@type\":\"BreadcrumbList\",\"@id\":\"https:\\\/\\\/diariotextual.com\\\/inicio\\\/index.php\\\/2019\\\/09\\\/30\\\/chico-pampeano-representara-al-pais-una-olimpiada-internacional\\\/#breadcrumb\",\"itemListElement\":[{\"@type\":\"ListItem\",\"position\":1,\"name\":\"Portada\",\"item\":\"https:\\\/\\\/diariotextual.com\\\/inicio\\\/\"},{\"@type\":\"ListItem\",\"position\":2,\"name\":\"Un chico pampeano representar\u00e1 al pa\u00eds en una olimp\u00edada en Catar\"}]},{\"@type\":\"WebSite\",\"@id\":\"https:\\\/\\\/diariotextual.com\\\/inicio\\\/#website\",\"url\":\"https:\\\/\\\/diariotextual.com\\\/inicio\\\/\",\"name\":\"Diario Textual\",\"description\":\"\",\"publisher\":{\"@id\":\"https:\\\/\\\/diariotextual.com\\\/inicio\\\/#organization\"},\"potentialAction\":[{\"@type\":\"SearchAction\",\"target\":{\"@type\":\"EntryPoint\",\"urlTemplate\":\"https:\\\/\\\/diariotextual.com\\\/inicio\\\/?s={search_term_string}\"},\"query-input\":{\"@type\":\"PropertyValueSpecification\",\"valueRequired\":true,\"valueName\":\"search_term_string\"}}],\"inLanguage\":\"es\"},{\"@type\":\"Organization\",\"@id\":\"https:\\\/\\\/diariotextual.com\\\/inicio\\\/#organization\",\"name\":\"Diario Textual\",\"url\":\"https:\\\/\\\/diariotextual.com\\\/inicio\\\/\",\"logo\":{\"@type\":\"ImageObject\",\"inLanguage\":\"es\",\"@id\":\"https:\\\/\\\/diariotextual.com\\\/inicio\\\/#\\\/schema\\\/logo\\\/image\\\/\",\"url\":\"https:\\\/\\\/diariotextual.com\\\/inicio\\\/wp-content\\\/uploads\\\/2023\\\/05\\\/logotextual1.jpg\",\"contentUrl\":\"https:\\\/\\\/diariotextual.com\\\/inicio\\\/wp-content\\\/uploads\\\/2023\\\/05\\\/logotextual1.jpg\",\"width\":516,\"height\":76,\"caption\":\"Diario Textual\"},\"image\":{\"@id\":\"https:\\\/\\\/diariotextual.com\\\/inicio\\\/#\\\/schema\\\/logo\\\/image\\\/\"},\"sameAs\":[\"https:\\\/\\\/www.facebook.com\\\/eltextual\",\"https:\\\/\\\/x.com\\\/eltextual\",\"http:\\\/\\\/www.instagram.com\\\/eltextual\"]},{\"@type\":\"Person\",\"@id\":\"https:\\\/\\\/diariotextual.com\\\/inicio\\\/#\\\/schema\\\/person\\\/c7834961ad8b29b1d9cdbf4571299067\",\"name\":\"diario5\",\"image\":{\"@type\":\"ImageObject\",\"inLanguage\":\"es\",\"@id\":\"https:\\\/\\\/secure.gravatar.com\\\/avatar\\\/948c893b847ca6df68216ead81b63f363408ec9b0f600fefc0641ce78613b111?s=96&d=mm&r=g\",\"url\":\"https:\\\/\\\/secure.gravatar.com\\\/avatar\\\/948c893b847ca6df68216ead81b63f363408ec9b0f600fefc0641ce78613b111?s=96&d=mm&r=g\",\"contentUrl\":\"https:\\\/\\\/secure.gravatar.com\\\/avatar\\\/948c893b847ca6df68216ead81b63f363408ec9b0f600fefc0641ce78613b111?s=96&d=mm&r=g\",\"caption\":\"diario5\"},\"url\":\"https:\\\/\\\/diariotextual.com\\\/inicio\\\/index.php\\\/author\\\/diario5\\\/\"}]}<\/script>\n<!-- \/ Yoast SEO plugin. -->","yoast_head_json":{"title":"Un chico pampeano representar\u00e1 al pa\u00eds en una olimp\u00edada en Catar - Diario Textual","robots":{"index":"index","follow":"follow","max-snippet":"max-snippet:-1","max-image-preview":"max-image-preview:large","max-video-preview":"max-video-preview:-1"},"canonical":"https:\/\/diariotextual.com\/inicio\/index.php\/2019\/09\/30\/chico-pampeano-representara-al-pais-una-olimpiada-internacional\/","og_locale":"es_ES","og_type":"article","og_title":"Un chico pampeano representar\u00e1 al pa\u00eds en una olimp\u00edada en Catar - Diario Textual","og_description":"El adolescente santarrose\u00f1o Agust\u00edn Sans\u00f3n (15 a\u00f1os) fue seleccionado por el Comit\u00e9 Nacional de Ciencia para representar a Argentina en la Olimp\u00edada Juvenil Internacional de Ciencia que se realizar\u00e1 en&hellip;","og_url":"https:\/\/diariotextual.com\/inicio\/index.php\/2019\/09\/30\/chico-pampeano-representara-al-pais-una-olimpiada-internacional\/","og_site_name":"Diario Textual","article_publisher":"https:\/\/www.facebook.com\/eltextual","article_published_time":"2019-09-30T14:31:24+00:00","article_modified_time":"2019-10-01T01:58:53+00:00","og_image":[{"width":801,"height":450,"url":"https:\/\/diariotextual.com\/inicio\/wp-content\/uploads\/2019\/09\/sanz\u00f3nagustin7382.jpg","type":"image\/jpeg"}],"author":"diario5","twitter_card":"summary_large_image","twitter_creator":"@eltextual","twitter_site":"@eltextual","twitter_misc":{"Escrito por":"diario5","Tiempo de lectura":"1 minuto"},"schema":{"@context":"https:\/\/schema.org","@graph":[{"@type":"Article","@id":"https:\/\/diariotextual.com\/inicio\/index.php\/2019\/09\/30\/chico-pampeano-representara-al-pais-una-olimpiada-internacional\/#article","isPartOf":{"@id":"https:\/\/diariotextual.com\/inicio\/index.php\/2019\/09\/30\/chico-pampeano-representara-al-pais-una-olimpiada-internacional\/"},"author":{"name":"diario5","@id":"https:\/\/diariotextual.com\/inicio\/#\/schema\/person\/c7834961ad8b29b1d9cdbf4571299067"},"headline":"Un chico pampeano representar\u00e1 al pa\u00eds en una olimp\u00edada en Catar","datePublished":"2019-09-30T14:31:24+00:00","dateModified":"2019-10-01T01:58:53+00:00","mainEntityOfPage":{"@id":"https:\/\/diariotextual.com\/inicio\/index.php\/2019\/09\/30\/chico-pampeano-representara-al-pais-una-olimpiada-internacional\/"},"wordCount":273,"publisher":{"@id":"https:\/\/diariotextual.com\/inicio\/#organization"},"image":{"@id":"https:\/\/diariotextual.com\/inicio\/index.php\/2019\/09\/30\/chico-pampeano-representara-al-pais-una-olimpiada-internacional\/#primaryimage"},"thumbnailUrl":"https:\/\/diariotextual.com\/inicio\/wp-content\/uploads\/2019\/09\/sanz\u00f3nagustin7382.jpg","articleSection":["A - QUE PASA (al costado)","A - TEMPORALES","CULTURA"],"inLanguage":"es"},{"@type":"WebPage","@id":"https:\/\/diariotextual.com\/inicio\/index.php\/2019\/09\/30\/chico-pampeano-representara-al-pais-una-olimpiada-internacional\/","url":"https:\/\/diariotextual.com\/inicio\/index.php\/2019\/09\/30\/chico-pampeano-representara-al-pais-una-olimpiada-internacional\/","name":"Un chico pampeano representar\u00e1 al pa\u00eds en una olimp\u00edada en Catar - Diario Textual","isPartOf":{"@id":"https:\/\/diariotextual.com\/inicio\/#website"},"primaryImageOfPage":{"@id":"https:\/\/diariotextual.com\/inicio\/index.php\/2019\/09\/30\/chico-pampeano-representara-al-pais-una-olimpiada-internacional\/#primaryimage"},"image":{"@id":"https:\/\/diariotextual.com\/inicio\/index.php\/2019\/09\/30\/chico-pampeano-representara-al-pais-una-olimpiada-internacional\/#primaryimage"},"thumbnailUrl":"https:\/\/diariotextual.com\/inicio\/wp-content\/uploads\/2019\/09\/sanz\u00f3nagustin7382.jpg","datePublished":"2019-09-30T14:31:24+00:00","dateModified":"2019-10-01T01:58:53+00:00","breadcrumb":{"@id":"https:\/\/diariotextual.com\/inicio\/index.php\/2019\/09\/30\/chico-pampeano-representara-al-pais-una-olimpiada-internacional\/#breadcrumb"},"inLanguage":"es","potentialAction":[{"@type":"ReadAction","target":["https:\/\/diariotextual.com\/inicio\/index.php\/2019\/09\/30\/chico-pampeano-representara-al-pais-una-olimpiada-internacional\/"]}]},{"@type":"ImageObject","inLanguage":"es","@id":"https:\/\/diariotextual.com\/inicio\/index.php\/2019\/09\/30\/chico-pampeano-representara-al-pais-una-olimpiada-internacional\/#primaryimage","url":"https:\/\/diariotextual.com\/inicio\/wp-content\/uploads\/2019\/09\/sanz\u00f3nagustin7382.jpg","contentUrl":"https:\/\/diariotextual.com\/inicio\/wp-content\/uploads\/2019\/09\/sanz\u00f3nagustin7382.jpg","width":801,"height":450},{"@type":"BreadcrumbList","@id":"https:\/\/diariotextual.com\/inicio\/index.php\/2019\/09\/30\/chico-pampeano-representara-al-pais-una-olimpiada-internacional\/#breadcrumb","itemListElement":[{"@type":"ListItem","position":1,"name":"Portada","item":"https:\/\/diariotextual.com\/inicio\/"},{"@type":"ListItem","position":2,"name":"Un chico pampeano representar\u00e1 al pa\u00eds en una olimp\u00edada en Catar"}]},{"@type":"WebSite","@id":"https:\/\/diariotextual.com\/inicio\/#website","url":"https:\/\/diariotextual.com\/inicio\/","name":"Diario Textual","description":"","publisher":{"@id":"https:\/\/diariotextual.com\/inicio\/#organization"},"potentialAction":[{"@type":"SearchAction","target":{"@type":"EntryPoint","urlTemplate":"https:\/\/diariotextual.com\/inicio\/?s={search_term_string}"},"query-input":{"@type":"PropertyValueSpecification","valueRequired":true,"valueName":"search_term_string"}}],"inLanguage":"es"},{"@type":"Organization","@id":"https:\/\/diariotextual.com\/inicio\/#organization","name":"Diario Textual","url":"https:\/\/diariotextual.com\/inicio\/","logo":{"@type":"ImageObject","inLanguage":"es","@id":"https:\/\/diariotextual.com\/inicio\/#\/schema\/logo\/image\/","url":"https:\/\/diariotextual.com\/inicio\/wp-content\/uploads\/2023\/05\/logotextual1.jpg","contentUrl":"https:\/\/diariotextual.com\/inicio\/wp-content\/uploads\/2023\/05\/logotextual1.jpg","width":516,"height":76,"caption":"Diario Textual"},"image":{"@id":"https:\/\/diariotextual.com\/inicio\/#\/schema\/logo\/image\/"},"sameAs":["https:\/\/www.facebook.com\/eltextual","https:\/\/x.com\/eltextual","http:\/\/www.instagram.com\/eltextual"]},{"@type":"Person","@id":"https:\/\/diariotextual.com\/inicio\/#\/schema\/person\/c7834961ad8b29b1d9cdbf4571299067","name":"diario5","image":{"@type":"ImageObject","inLanguage":"es","@id":"https:\/\/secure.gravatar.com\/avatar\/948c893b847ca6df68216ead81b63f363408ec9b0f600fefc0641ce78613b111?s=96&d=mm&r=g","url":"https:\/\/secure.gravatar.com\/avatar\/948c893b847ca6df68216ead81b63f363408ec9b0f600fefc0641ce78613b111?s=96&d=mm&r=g","contentUrl":"https:\/\/secure.gravatar.com\/avatar\/948c893b847ca6df68216ead81b63f363408ec9b0f600fefc0641ce78613b111?s=96&d=mm&r=g","caption":"diario5"},"url":"https:\/\/diariotextual.com\/inicio\/index.php\/author\/diario5\/"}]}},"_links":{"self":[{"href":"https:\/\/diariotextual.com\/inicio\/index.php\/wp-json\/wp\/v2\/posts\/64363","targetHints":{"allow":["GET"]}}],"collection":[{"href":"https:\/\/diariotextual.com\/inicio\/index.php\/wp-json\/wp\/v2\/posts"}],"about":[{"href":"https:\/\/diariotextual.com\/inicio\/index.php\/wp-json\/wp\/v2\/types\/post"}],"author":[{"embeddable":true,"href":"https:\/\/diariotextual.com\/inicio\/index.php\/wp-json\/wp\/v2\/users\/7"}],"replies":[{"embeddable":true,"href":"https:\/\/diariotextual.com\/inicio\/index.php\/wp-json\/wp\/v2\/comments?post=64363"}],"version-history":[{"count":8,"href":"https:\/\/diariotextual.com\/inicio\/index.php\/wp-json\/wp\/v2\/posts\/64363\/revisions"}],"predecessor-version":[{"id":64400,"href":"https:\/\/diariotextual.com\/inicio\/index.php\/wp-json\/wp\/v2\/posts\/64363\/revisions\/64400"}],"wp:featuredmedia":[{"embeddable":true,"href":"https:\/\/diariotextual.com\/inicio\/index.php\/wp-json\/wp\/v2\/media\/64367"}],"wp:attachment":[{"href":"https:\/\/diariotextual.com\/inicio\/index.php\/wp-json\/wp\/v2\/media?parent=64363"}],"wp:term":[{"taxonomy":"category","embeddable":true,"href":"https:\/\/diariotextual.com\/inicio\/index.php\/wp-json\/wp\/v2\/categories?post=64363"},{"taxonomy":"post_tag","embeddable":true,"href":"https:\/\/diariotextual.com\/inicio\/index.php\/wp-json\/wp\/v2\/tags?post=64363"}],"curies":[{"name":"wp","href":"https:\/\/api.w.org\/{rel}","templated":true}]}}