{"id":64380,"date":"2019-09-30T13:15:54","date_gmt":"2019-09-30T16:15:54","guid":{"rendered":"http:\/\/diariotextual.com\/inicio\/?p=64380"},"modified":"2019-09-30T23:03:39","modified_gmt":"2019-10-01T02:03:39","slug":"baleo-una-casa-le-disparo-policia-imputan-joven-abuso-armas","status":"publish","type":"post","link":"https:\/\/diariotextual.com\/inicio\/index.php\/2019\/09\/30\/baleo-una-casa-le-disparo-policia-imputan-joven-abuso-armas\/","title":{"rendered":"Bale\u00f3 una casa y le dispar\u00f3 a un polic\u00eda: imputan a un joven por abuso de armas"},"content":{"rendered":"<p>Horas antes de cumplir los 18 a\u00f1os, un menor cometi\u00f3 los delitos de abuso de armas, en concurso real con abuso de armas calificado por haber disparado a un miembro de la fuerza de seguridad policial; en concurso material con portaci\u00f3n de arma de fuego de uso civil sin la debida autorizaci\u00f3n legal; y por ello hoy la jueza de control santarrose\u00f1a Mar\u00eda Florencia Maza lo declar\u00f3 autor y responsable penal en orden a ellos.<\/p>\n<p>El conflicto penal se resolvi\u00f3 a trav\u00e9s del procedimiento de juicio abreviado, luego de que as\u00ed lo acordaran la fiscala Leticia Pordomingo, el defensor oficial Juan Jos\u00e9 Herm\u00faa y el propio imputado.<\/p>\n<p>As\u00ed, en la causa qued\u00f3 probado que el pasado 4 de enero, a la noche, el menor \u2013en forma pedestre y junto a otro hombre\u2013 lleg\u00f3 hasta el frente de un domicilio de la calle Sergio L\u00f3pez, en Santa Rosa. Mientras eran esperados en la esquina de L\u00f3pez y Toscano por dos personas que se encontraban a bordo de sendas motos, dice el fallo, el imputado extrajo de su cintura un arma de fuego, tipo revolver, con tambor, calibre 22, con el cual apunt\u00f3 al frente de la vivienda, \u00a0realizando cinco o seis disparos que no impactaron en ninguna persona. Su propietario se arroj\u00f3 al suelo y gir\u00f3 hasta resguardarse en el patio de la casa, a\u00f1ade la sentencia.<\/p>\n<p>A su vez, el s\u00e1bado 5 a la ma\u00f1ana, cuando personal del Grupo Especial de Operaciones de la Polic\u00eda provincial ingres\u00f3 al domicilio del menor, en cumplimiento de una orden de allanamiento emitida por el juez de control actuante, en busca de armas de fuego, fue recibido a los tiros por el menor, quien empu\u00f1ando un arma de fuego tipo revolver, calibre 22 largo, apunt\u00f3 contra el primer uniformado de la formaci\u00f3n, un sargento.<\/p>\n<p>\u201cEl disparo impact\u00f3 en el escudo de protecci\u00f3n que llevaba, sin causarle lesiones, dejando constancia que de no haber existido dicha protecci\u00f3n, el proyectil habr\u00eda impactado en la cabeza o en el rostro del efectivo policial; motivo por el cual este efectu\u00f3 \u2013como consecuencia de dicha agresi\u00f3n\u2013, dos tiros de disuasi\u00f3n en direcci\u00f3n al imputado\u201d, detall\u00f3 Maza en el fallo.<\/p>\n<p>El menor, en ese momento ten\u00eda 17 a\u00f1os. Por esa raz\u00f3n se le declar\u00f3 la autor\u00eda y responsabilidad penal y no se le impuso una pena, y se dispuso comunicar lo resuelto al Juzgado de la Familia, Ni\u00f1os, Ni\u00f1as y Adolescentes de Santa Rosa, a los fines previstos en las leyes 1270 y 22.278. Los 18 los cumpli\u00f3 el 7 de enero.<\/p>\n<p>Los dos damnificados, al ser notificados por el Ministerio P\u00fablico Fiscal de lo convenido en el abreviado, tambi\u00e9n dieron su consentimiento, aunque el primero de ellos pidi\u00f3 no volver a tener problemas con el acusado.<\/p>\n<p>&nbsp;<\/p>\n<p>&nbsp;<\/p>\n","protected":false},"excerpt":{"rendered":"<p>Horas antes de cumplir los 18 a\u00f1os, un menor cometi\u00f3 los delitos de abuso de armas, en concurso real con abuso de armas calificado por haber disparado a un miembro&hellip;<\/p>\n","protected":false},"author":7,"featured_media":1608,"comment_status":"closed","ping_status":"open","sticky":false,"template":"","format":"standard","meta":{"_acf_changed":false,"footnotes":""},"categories":[319,12],"tags":[],"class_list":["post-64380","post","type-post","status-publish","format-standard","has-post-thumbnail","hentry","category-a-temporales","category-sociedad"],"acf":[],"yoast_head":"<!-- This site is optimized with the Yoast SEO plugin v27.5 - https:\/\/yoast.com\/product\/yoast-seo-wordpress\/ -->\n<title>Bale\u00f3 una casa y le dispar\u00f3 a un polic\u00eda: imputan a un joven por abuso de armas - Diario Textual<\/title>\n<meta name=\"robots\" content=\"index, follow, max-snippet:-1, max-image-preview:large, max-video-preview:-1\" \/>\n<link rel=\"canonical\" href=\"https:\/\/diariotextual.com\/inicio\/index.php\/2019\/09\/30\/baleo-una-casa-le-disparo-policia-imputan-joven-abuso-armas\/\" \/>\n<meta property=\"og:locale\" content=\"es_ES\" \/>\n<meta property=\"og:type\" content=\"article\" \/>\n<meta property=\"og:title\" content=\"Bale\u00f3 una casa y le dispar\u00f3 a un polic\u00eda: imputan a un joven por abuso de armas - Diario Textual\" \/>\n<meta property=\"og:description\" content=\"Horas antes de cumplir los 18 a\u00f1os, un menor cometi\u00f3 los delitos de abuso de armas, en concurso real con abuso de armas calificado por haber disparado a un miembro&hellip;\" \/>\n<meta property=\"og:url\" content=\"https:\/\/diariotextual.com\/inicio\/index.php\/2019\/09\/30\/baleo-una-casa-le-disparo-policia-imputan-joven-abuso-armas\/\" \/>\n<meta property=\"og:site_name\" content=\"Diario Textual\" \/>\n<meta property=\"article:publisher\" content=\"https:\/\/www.facebook.com\/eltextual\" \/>\n<meta property=\"article:published_time\" content=\"2019-09-30T16:15:54+00:00\" \/>\n<meta property=\"article:modified_time\" content=\"2019-10-01T02:03:39+00:00\" \/>\n<meta property=\"og:image\" content=\"https:\/\/diariotextual.com\/inicio\/wp-content\/uploads\/2018\/03\/centrojudicial2016-1222.jpg\" \/>\n\t<meta property=\"og:image:width\" content=\"600\" \/>\n\t<meta property=\"og:image:height\" content=\"400\" \/>\n\t<meta property=\"og:image:type\" content=\"image\/jpeg\" \/>\n<meta name=\"author\" content=\"diario5\" \/>\n<meta name=\"twitter:card\" content=\"summary_large_image\" \/>\n<meta name=\"twitter:creator\" content=\"@eltextual\" \/>\n<meta name=\"twitter:site\" content=\"@eltextual\" \/>\n<meta name=\"twitter:label1\" content=\"Escrito por\" \/>\n\t<meta name=\"twitter:data1\" content=\"diario5\" \/>\n\t<meta name=\"twitter:label2\" content=\"Tiempo de lectura\" \/>\n\t<meta name=\"twitter:data2\" content=\"2 minutos\" \/>\n<script type=\"application\/ld+json\" class=\"yoast-schema-graph\">{\"@context\":\"https:\\\/\\\/schema.org\",\"@graph\":[{\"@type\":\"Article\",\"@id\":\"https:\\\/\\\/diariotextual.com\\\/inicio\\\/index.php\\\/2019\\\/09\\\/30\\\/baleo-una-casa-le-disparo-policia-imputan-joven-abuso-armas\\\/#article\",\"isPartOf\":{\"@id\":\"https:\\\/\\\/diariotextual.com\\\/inicio\\\/index.php\\\/2019\\\/09\\\/30\\\/baleo-una-casa-le-disparo-policia-imputan-joven-abuso-armas\\\/\"},\"author\":{\"name\":\"diario5\",\"@id\":\"https:\\\/\\\/diariotextual.com\\\/inicio\\\/#\\\/schema\\\/person\\\/c7834961ad8b29b1d9cdbf4571299067\"},\"headline\":\"Bale\u00f3 una casa y le dispar\u00f3 a un polic\u00eda: imputan a un joven por abuso de armas\",\"datePublished\":\"2019-09-30T16:15:54+00:00\",\"dateModified\":\"2019-10-01T02:03:39+00:00\",\"mainEntityOfPage\":{\"@id\":\"https:\\\/\\\/diariotextual.com\\\/inicio\\\/index.php\\\/2019\\\/09\\\/30\\\/baleo-una-casa-le-disparo-policia-imputan-joven-abuso-armas\\\/\"},\"wordCount\":496,\"publisher\":{\"@id\":\"https:\\\/\\\/diariotextual.com\\\/inicio\\\/#organization\"},\"image\":{\"@id\":\"https:\\\/\\\/diariotextual.com\\\/inicio\\\/index.php\\\/2019\\\/09\\\/30\\\/baleo-una-casa-le-disparo-policia-imputan-joven-abuso-armas\\\/#primaryimage\"},\"thumbnailUrl\":\"https:\\\/\\\/diariotextual.com\\\/inicio\\\/wp-content\\\/uploads\\\/2018\\\/03\\\/centrojudicial2016-1222.jpg\",\"articleSection\":[\"A - TEMPORALES\",\"SOCIEDAD\"],\"inLanguage\":\"es\"},{\"@type\":\"WebPage\",\"@id\":\"https:\\\/\\\/diariotextual.com\\\/inicio\\\/index.php\\\/2019\\\/09\\\/30\\\/baleo-una-casa-le-disparo-policia-imputan-joven-abuso-armas\\\/\",\"url\":\"https:\\\/\\\/diariotextual.com\\\/inicio\\\/index.php\\\/2019\\\/09\\\/30\\\/baleo-una-casa-le-disparo-policia-imputan-joven-abuso-armas\\\/\",\"name\":\"Bale\u00f3 una casa y le dispar\u00f3 a un polic\u00eda: imputan a un joven por abuso de armas - Diario Textual\",\"isPartOf\":{\"@id\":\"https:\\\/\\\/diariotextual.com\\\/inicio\\\/#website\"},\"primaryImageOfPage\":{\"@id\":\"https:\\\/\\\/diariotextual.com\\\/inicio\\\/index.php\\\/2019\\\/09\\\/30\\\/baleo-una-casa-le-disparo-policia-imputan-joven-abuso-armas\\\/#primaryimage\"},\"image\":{\"@id\":\"https:\\\/\\\/diariotextual.com\\\/inicio\\\/index.php\\\/2019\\\/09\\\/30\\\/baleo-una-casa-le-disparo-policia-imputan-joven-abuso-armas\\\/#primaryimage\"},\"thumbnailUrl\":\"https:\\\/\\\/diariotextual.com\\\/inicio\\\/wp-content\\\/uploads\\\/2018\\\/03\\\/centrojudicial2016-1222.jpg\",\"datePublished\":\"2019-09-30T16:15:54+00:00\",\"dateModified\":\"2019-10-01T02:03:39+00:00\",\"breadcrumb\":{\"@id\":\"https:\\\/\\\/diariotextual.com\\\/inicio\\\/index.php\\\/2019\\\/09\\\/30\\\/baleo-una-casa-le-disparo-policia-imputan-joven-abuso-armas\\\/#breadcrumb\"},\"inLanguage\":\"es\",\"potentialAction\":[{\"@type\":\"ReadAction\",\"target\":[\"https:\\\/\\\/diariotextual.com\\\/inicio\\\/index.php\\\/2019\\\/09\\\/30\\\/baleo-una-casa-le-disparo-policia-imputan-joven-abuso-armas\\\/\"]}]},{\"@type\":\"ImageObject\",\"inLanguage\":\"es\",\"@id\":\"https:\\\/\\\/diariotextual.com\\\/inicio\\\/index.php\\\/2019\\\/09\\\/30\\\/baleo-una-casa-le-disparo-policia-imputan-joven-abuso-armas\\\/#primaryimage\",\"url\":\"https:\\\/\\\/diariotextual.com\\\/inicio\\\/wp-content\\\/uploads\\\/2018\\\/03\\\/centrojudicial2016-1222.jpg\",\"contentUrl\":\"https:\\\/\\\/diariotextual.com\\\/inicio\\\/wp-content\\\/uploads\\\/2018\\\/03\\\/centrojudicial2016-1222.jpg\",\"width\":600,\"height\":400},{\"@type\":\"BreadcrumbList\",\"@id\":\"https:\\\/\\\/diariotextual.com\\\/inicio\\\/index.php\\\/2019\\\/09\\\/30\\\/baleo-una-casa-le-disparo-policia-imputan-joven-abuso-armas\\\/#breadcrumb\",\"itemListElement\":[{\"@type\":\"ListItem\",\"position\":1,\"name\":\"Portada\",\"item\":\"https:\\\/\\\/diariotextual.com\\\/inicio\\\/\"},{\"@type\":\"ListItem\",\"position\":2,\"name\":\"Bale\u00f3 una casa y le dispar\u00f3 a un polic\u00eda: imputan a un joven por abuso de armas\"}]},{\"@type\":\"WebSite\",\"@id\":\"https:\\\/\\\/diariotextual.com\\\/inicio\\\/#website\",\"url\":\"https:\\\/\\\/diariotextual.com\\\/inicio\\\/\",\"name\":\"Diario Textual\",\"description\":\"\",\"publisher\":{\"@id\":\"https:\\\/\\\/diariotextual.com\\\/inicio\\\/#organization\"},\"potentialAction\":[{\"@type\":\"SearchAction\",\"target\":{\"@type\":\"EntryPoint\",\"urlTemplate\":\"https:\\\/\\\/diariotextual.com\\\/inicio\\\/?s={search_term_string}\"},\"query-input\":{\"@type\":\"PropertyValueSpecification\",\"valueRequired\":true,\"valueName\":\"search_term_string\"}}],\"inLanguage\":\"es\"},{\"@type\":\"Organization\",\"@id\":\"https:\\\/\\\/diariotextual.com\\\/inicio\\\/#organization\",\"name\":\"Diario Textual\",\"url\":\"https:\\\/\\\/diariotextual.com\\\/inicio\\\/\",\"logo\":{\"@type\":\"ImageObject\",\"inLanguage\":\"es\",\"@id\":\"https:\\\/\\\/diariotextual.com\\\/inicio\\\/#\\\/schema\\\/logo\\\/image\\\/\",\"url\":\"https:\\\/\\\/diariotextual.com\\\/inicio\\\/wp-content\\\/uploads\\\/2023\\\/05\\\/logotextual1.jpg\",\"contentUrl\":\"https:\\\/\\\/diariotextual.com\\\/inicio\\\/wp-content\\\/uploads\\\/2023\\\/05\\\/logotextual1.jpg\",\"width\":516,\"height\":76,\"caption\":\"Diario Textual\"},\"image\":{\"@id\":\"https:\\\/\\\/diariotextual.com\\\/inicio\\\/#\\\/schema\\\/logo\\\/image\\\/\"},\"sameAs\":[\"https:\\\/\\\/www.facebook.com\\\/eltextual\",\"https:\\\/\\\/x.com\\\/eltextual\",\"http:\\\/\\\/www.instagram.com\\\/eltextual\"]},{\"@type\":\"Person\",\"@id\":\"https:\\\/\\\/diariotextual.com\\\/inicio\\\/#\\\/schema\\\/person\\\/c7834961ad8b29b1d9cdbf4571299067\",\"name\":\"diario5\",\"image\":{\"@type\":\"ImageObject\",\"inLanguage\":\"es\",\"@id\":\"https:\\\/\\\/secure.gravatar.com\\\/avatar\\\/948c893b847ca6df68216ead81b63f363408ec9b0f600fefc0641ce78613b111?s=96&d=mm&r=g\",\"url\":\"https:\\\/\\\/secure.gravatar.com\\\/avatar\\\/948c893b847ca6df68216ead81b63f363408ec9b0f600fefc0641ce78613b111?s=96&d=mm&r=g\",\"contentUrl\":\"https:\\\/\\\/secure.gravatar.com\\\/avatar\\\/948c893b847ca6df68216ead81b63f363408ec9b0f600fefc0641ce78613b111?s=96&d=mm&r=g\",\"caption\":\"diario5\"},\"url\":\"https:\\\/\\\/diariotextual.com\\\/inicio\\\/index.php\\\/author\\\/diario5\\\/\"}]}<\/script>\n<!-- \/ Yoast SEO plugin. -->","yoast_head_json":{"title":"Bale\u00f3 una casa y le dispar\u00f3 a un polic\u00eda: imputan a un joven por abuso de armas - Diario Textual","robots":{"index":"index","follow":"follow","max-snippet":"max-snippet:-1","max-image-preview":"max-image-preview:large","max-video-preview":"max-video-preview:-1"},"canonical":"https:\/\/diariotextual.com\/inicio\/index.php\/2019\/09\/30\/baleo-una-casa-le-disparo-policia-imputan-joven-abuso-armas\/","og_locale":"es_ES","og_type":"article","og_title":"Bale\u00f3 una casa y le dispar\u00f3 a un polic\u00eda: imputan a un joven por abuso de armas - Diario Textual","og_description":"Horas antes de cumplir los 18 a\u00f1os, un menor cometi\u00f3 los delitos de abuso de armas, en concurso real con abuso de armas calificado por haber disparado a un miembro&hellip;","og_url":"https:\/\/diariotextual.com\/inicio\/index.php\/2019\/09\/30\/baleo-una-casa-le-disparo-policia-imputan-joven-abuso-armas\/","og_site_name":"Diario Textual","article_publisher":"https:\/\/www.facebook.com\/eltextual","article_published_time":"2019-09-30T16:15:54+00:00","article_modified_time":"2019-10-01T02:03:39+00:00","og_image":[{"width":600,"height":400,"url":"https:\/\/diariotextual.com\/inicio\/wp-content\/uploads\/2018\/03\/centrojudicial2016-1222.jpg","type":"image\/jpeg"}],"author":"diario5","twitter_card":"summary_large_image","twitter_creator":"@eltextual","twitter_site":"@eltextual","twitter_misc":{"Escrito por":"diario5","Tiempo de lectura":"2 minutos"},"schema":{"@context":"https:\/\/schema.org","@graph":[{"@type":"Article","@id":"https:\/\/diariotextual.com\/inicio\/index.php\/2019\/09\/30\/baleo-una-casa-le-disparo-policia-imputan-joven-abuso-armas\/#article","isPartOf":{"@id":"https:\/\/diariotextual.com\/inicio\/index.php\/2019\/09\/30\/baleo-una-casa-le-disparo-policia-imputan-joven-abuso-armas\/"},"author":{"name":"diario5","@id":"https:\/\/diariotextual.com\/inicio\/#\/schema\/person\/c7834961ad8b29b1d9cdbf4571299067"},"headline":"Bale\u00f3 una casa y le dispar\u00f3 a un polic\u00eda: imputan a un joven por abuso de armas","datePublished":"2019-09-30T16:15:54+00:00","dateModified":"2019-10-01T02:03:39+00:00","mainEntityOfPage":{"@id":"https:\/\/diariotextual.com\/inicio\/index.php\/2019\/09\/30\/baleo-una-casa-le-disparo-policia-imputan-joven-abuso-armas\/"},"wordCount":496,"publisher":{"@id":"https:\/\/diariotextual.com\/inicio\/#organization"},"image":{"@id":"https:\/\/diariotextual.com\/inicio\/index.php\/2019\/09\/30\/baleo-una-casa-le-disparo-policia-imputan-joven-abuso-armas\/#primaryimage"},"thumbnailUrl":"https:\/\/diariotextual.com\/inicio\/wp-content\/uploads\/2018\/03\/centrojudicial2016-1222.jpg","articleSection":["A - TEMPORALES","SOCIEDAD"],"inLanguage":"es"},{"@type":"WebPage","@id":"https:\/\/diariotextual.com\/inicio\/index.php\/2019\/09\/30\/baleo-una-casa-le-disparo-policia-imputan-joven-abuso-armas\/","url":"https:\/\/diariotextual.com\/inicio\/index.php\/2019\/09\/30\/baleo-una-casa-le-disparo-policia-imputan-joven-abuso-armas\/","name":"Bale\u00f3 una casa y le dispar\u00f3 a un polic\u00eda: imputan a un joven por abuso de armas - Diario Textual","isPartOf":{"@id":"https:\/\/diariotextual.com\/inicio\/#website"},"primaryImageOfPage":{"@id":"https:\/\/diariotextual.com\/inicio\/index.php\/2019\/09\/30\/baleo-una-casa-le-disparo-policia-imputan-joven-abuso-armas\/#primaryimage"},"image":{"@id":"https:\/\/diariotextual.com\/inicio\/index.php\/2019\/09\/30\/baleo-una-casa-le-disparo-policia-imputan-joven-abuso-armas\/#primaryimage"},"thumbnailUrl":"https:\/\/diariotextual.com\/inicio\/wp-content\/uploads\/2018\/03\/centrojudicial2016-1222.jpg","datePublished":"2019-09-30T16:15:54+00:00","dateModified":"2019-10-01T02:03:39+00:00","breadcrumb":{"@id":"https:\/\/diariotextual.com\/inicio\/index.php\/2019\/09\/30\/baleo-una-casa-le-disparo-policia-imputan-joven-abuso-armas\/#breadcrumb"},"inLanguage":"es","potentialAction":[{"@type":"ReadAction","target":["https:\/\/diariotextual.com\/inicio\/index.php\/2019\/09\/30\/baleo-una-casa-le-disparo-policia-imputan-joven-abuso-armas\/"]}]},{"@type":"ImageObject","inLanguage":"es","@id":"https:\/\/diariotextual.com\/inicio\/index.php\/2019\/09\/30\/baleo-una-casa-le-disparo-policia-imputan-joven-abuso-armas\/#primaryimage","url":"https:\/\/diariotextual.com\/inicio\/wp-content\/uploads\/2018\/03\/centrojudicial2016-1222.jpg","contentUrl":"https:\/\/diariotextual.com\/inicio\/wp-content\/uploads\/2018\/03\/centrojudicial2016-1222.jpg","width":600,"height":400},{"@type":"BreadcrumbList","@id":"https:\/\/diariotextual.com\/inicio\/index.php\/2019\/09\/30\/baleo-una-casa-le-disparo-policia-imputan-joven-abuso-armas\/#breadcrumb","itemListElement":[{"@type":"ListItem","position":1,"name":"Portada","item":"https:\/\/diariotextual.com\/inicio\/"},{"@type":"ListItem","position":2,"name":"Bale\u00f3 una casa y le dispar\u00f3 a un polic\u00eda: imputan a un joven por abuso de armas"}]},{"@type":"WebSite","@id":"https:\/\/diariotextual.com\/inicio\/#website","url":"https:\/\/diariotextual.com\/inicio\/","name":"Diario Textual","description":"","publisher":{"@id":"https:\/\/diariotextual.com\/inicio\/#organization"},"potentialAction":[{"@type":"SearchAction","target":{"@type":"EntryPoint","urlTemplate":"https:\/\/diariotextual.com\/inicio\/?s={search_term_string}"},"query-input":{"@type":"PropertyValueSpecification","valueRequired":true,"valueName":"search_term_string"}}],"inLanguage":"es"},{"@type":"Organization","@id":"https:\/\/diariotextual.com\/inicio\/#organization","name":"Diario Textual","url":"https:\/\/diariotextual.com\/inicio\/","logo":{"@type":"ImageObject","inLanguage":"es","@id":"https:\/\/diariotextual.com\/inicio\/#\/schema\/logo\/image\/","url":"https:\/\/diariotextual.com\/inicio\/wp-content\/uploads\/2023\/05\/logotextual1.jpg","contentUrl":"https:\/\/diariotextual.com\/inicio\/wp-content\/uploads\/2023\/05\/logotextual1.jpg","width":516,"height":76,"caption":"Diario Textual"},"image":{"@id":"https:\/\/diariotextual.com\/inicio\/#\/schema\/logo\/image\/"},"sameAs":["https:\/\/www.facebook.com\/eltextual","https:\/\/x.com\/eltextual","http:\/\/www.instagram.com\/eltextual"]},{"@type":"Person","@id":"https:\/\/diariotextual.com\/inicio\/#\/schema\/person\/c7834961ad8b29b1d9cdbf4571299067","name":"diario5","image":{"@type":"ImageObject","inLanguage":"es","@id":"https:\/\/secure.gravatar.com\/avatar\/948c893b847ca6df68216ead81b63f363408ec9b0f600fefc0641ce78613b111?s=96&d=mm&r=g","url":"https:\/\/secure.gravatar.com\/avatar\/948c893b847ca6df68216ead81b63f363408ec9b0f600fefc0641ce78613b111?s=96&d=mm&r=g","contentUrl":"https:\/\/secure.gravatar.com\/avatar\/948c893b847ca6df68216ead81b63f363408ec9b0f600fefc0641ce78613b111?s=96&d=mm&r=g","caption":"diario5"},"url":"https:\/\/diariotextual.com\/inicio\/index.php\/author\/diario5\/"}]}},"_links":{"self":[{"href":"https:\/\/diariotextual.com\/inicio\/index.php\/wp-json\/wp\/v2\/posts\/64380","targetHints":{"allow":["GET"]}}],"collection":[{"href":"https:\/\/diariotextual.com\/inicio\/index.php\/wp-json\/wp\/v2\/posts"}],"about":[{"href":"https:\/\/diariotextual.com\/inicio\/index.php\/wp-json\/wp\/v2\/types\/post"}],"author":[{"embeddable":true,"href":"https:\/\/diariotextual.com\/inicio\/index.php\/wp-json\/wp\/v2\/users\/7"}],"replies":[{"embeddable":true,"href":"https:\/\/diariotextual.com\/inicio\/index.php\/wp-json\/wp\/v2\/comments?post=64380"}],"version-history":[{"count":1,"href":"https:\/\/diariotextual.com\/inicio\/index.php\/wp-json\/wp\/v2\/posts\/64380\/revisions"}],"predecessor-version":[{"id":64381,"href":"https:\/\/diariotextual.com\/inicio\/index.php\/wp-json\/wp\/v2\/posts\/64380\/revisions\/64381"}],"wp:featuredmedia":[{"embeddable":true,"href":"https:\/\/diariotextual.com\/inicio\/index.php\/wp-json\/wp\/v2\/media\/1608"}],"wp:attachment":[{"href":"https:\/\/diariotextual.com\/inicio\/index.php\/wp-json\/wp\/v2\/media?parent=64380"}],"wp:term":[{"taxonomy":"category","embeddable":true,"href":"https:\/\/diariotextual.com\/inicio\/index.php\/wp-json\/wp\/v2\/categories?post=64380"},{"taxonomy":"post_tag","embeddable":true,"href":"https:\/\/diariotextual.com\/inicio\/index.php\/wp-json\/wp\/v2\/tags?post=64380"}],"curies":[{"name":"wp","href":"https:\/\/api.w.org\/{rel}","templated":true}]}}