{"id":64389,"date":"2019-09-30T13:32:29","date_gmt":"2019-09-30T16:32:29","guid":{"rendered":"http:\/\/diariotextual.com\/inicio\/?p=64389"},"modified":"2019-10-01T09:03:31","modified_gmt":"2019-10-01T12:03:31","slug":"aumentaron-las-picadas-motos-santa-rosa-gobierno-pide-intervencion-los-fiscales","status":"publish","type":"post","link":"https:\/\/diariotextual.com\/inicio\/index.php\/2019\/09\/30\/aumentaron-las-picadas-motos-santa-rosa-gobierno-pide-intervencion-los-fiscales\/","title":{"rendered":"Aumentaron las picadas de motos en Santa Rosa y el Gobierno pide intervenci\u00f3n a los fiscales"},"content":{"rendered":"<p>El Gobierno provincial admiti\u00f3 que <strong>aumentaron los casos de picadas de motos <\/strong>en Santa Rosa. Por eso <strong>pidi\u00f3 colaboraci\u00f3n de los fiscales para avanzar contra los infractores<\/strong> que ponen en riesgo sus propias vidas y de otros ciudadanos.<strong> Quieren avanzar<\/strong>, a partir del an\u00e1lisis de fotos y de c\u00e1maras de videovigilancia,<strong> con las retenciones de motos y autos y acusarlos por delitos que prev\u00e9n la prisi\u00f3n de seis meses a tres a\u00f1os e inhabilitaci\u00f3n especial para conducir por el doble del tiempo de la condena.<\/strong><\/p>\n<p>El director de Seguridad Vial, Fernando Funes, dijo que se han comunicado con fiscales de Santa Rosa para replicar la experiencia en Pico. \u00abNos comunicamos con la Justicia de La Pampa, a trav\u00e9s de los fiscales, para implementar lo mismo que implementa General Pico por medio del fiscal Armando Ag\u00fcero\u00bb, dijo. \u00abEn este procedimiento la Polic\u00eda constata -por foto o video-, sin persecuci\u00f3n evitando males mayores. Una vez identificada la persona que est\u00e1 realizando picadas &#8211; en moto o auto-, se inician las actuaciones a trav\u00e9s del art\u00edculo 193 bis del C\u00f3digo Penal, para pedir el allanamiento y retener el veh\u00edculo\u201d.<\/p>\n<p>El art\u00edculo 193 bis, indica \u2013entre otras cosas- que ser\u00e1 reprimido con prisi\u00f3n de seis meses a tres a\u00f1os e inhabilitaci\u00f3n especial para conducir por el doble del tiempo de la condena, al conductor que creare una situaci\u00f3n de peligro para la vida o la integridad f\u00edsica de las personas, mediante la participaci\u00f3n en una prueba de velocidad o de destreza con un veh\u00edculo automotor, realizada sin la debida autorizaci\u00f3n de la autoridad competente.<\/p>\n<p>\u00abTenemos buena predisposici\u00f3n por parte de la Justicia y por ello queremos actuar de manera preventiva, antes que ocurran v\u00edctimas fatales\u00bb, dijo. \u00abA trav\u00e9s del \u00e1rea de Accidentolog\u00eda de la Polic\u00eda de la provincia, ya est\u00e1 todo coordinado. El comisario Pico est\u00e1 en comunicaci\u00f3n con los fiscales. Una vez que se constate una picada la Polic\u00eda va a actuar; por eso tambi\u00e9n pedimos a los vecinos, cuando vean una picada, alerten de inmediato al 101\u201d, concluy\u00f3.<\/p>\n<p><img fetchpriority=\"high\" decoding=\"async\" class=\"alignnone wp-image-64394 size-large\" src=\"http:\/\/diariotextual.com\/inicio\/wp-content\/uploads\/2019\/09\/funesfernando2019-1-1024x683.jpg\" alt=\"\" width=\"1024\" height=\"683\" srcset=\"https:\/\/diariotextual.com\/inicio\/wp-content\/uploads\/2019\/09\/funesfernando2019-1-1024x683.jpg 1024w, https:\/\/diariotextual.com\/inicio\/wp-content\/uploads\/2019\/09\/funesfernando2019-1-300x200.jpg 300w, https:\/\/diariotextual.com\/inicio\/wp-content\/uploads\/2019\/09\/funesfernando2019-1-768x512.jpg 768w, https:\/\/diariotextual.com\/inicio\/wp-content\/uploads\/2019\/09\/funesfernando2019-1-1170x780.jpg 1170w, https:\/\/diariotextual.com\/inicio\/wp-content\/uploads\/2019\/09\/funesfernando2019-1-585x390.jpg 585w, https:\/\/diariotextual.com\/inicio\/wp-content\/uploads\/2019\/09\/funesfernando2019-1-263x175.jpg 263w, https:\/\/diariotextual.com\/inicio\/wp-content\/uploads\/2019\/09\/funesfernando2019-1.jpg 1670w\" sizes=\"(max-width: 1024px) 100vw, 1024px\" \/><\/p>\n<p>&nbsp;<\/p>\n","protected":false},"excerpt":{"rendered":"<p>El Gobierno provincial admiti\u00f3 que aumentaron los casos de picadas de motos en Santa Rosa. Por eso pidi\u00f3 colaboraci\u00f3n de los fiscales para avanzar contra los infractores que ponen en&hellip;<\/p>\n","protected":false},"author":3,"featured_media":64395,"comment_status":"closed","ping_status":"open","sticky":false,"template":"","format":"standard","meta":{"_acf_changed":false,"footnotes":""},"categories":[319,12],"tags":[],"class_list":["post-64389","post","type-post","status-publish","format-standard","has-post-thumbnail","hentry","category-a-temporales","category-sociedad"],"acf":[],"yoast_head":"<!-- This site is optimized with the Yoast SEO plugin v27.5 - https:\/\/yoast.com\/product\/yoast-seo-wordpress\/ -->\n<title>Aumentaron las picadas de motos en Santa Rosa y el Gobierno pide intervenci\u00f3n a los fiscales - Diario Textual<\/title>\n<meta name=\"robots\" content=\"index, follow, max-snippet:-1, max-image-preview:large, max-video-preview:-1\" \/>\n<link rel=\"canonical\" href=\"https:\/\/diariotextual.com\/inicio\/index.php\/2019\/09\/30\/aumentaron-las-picadas-motos-santa-rosa-gobierno-pide-intervencion-los-fiscales\/\" \/>\n<meta property=\"og:locale\" content=\"es_ES\" \/>\n<meta property=\"og:type\" content=\"article\" \/>\n<meta property=\"og:title\" content=\"Aumentaron las picadas de motos en Santa Rosa y el Gobierno pide intervenci\u00f3n a los fiscales - Diario Textual\" \/>\n<meta property=\"og:description\" content=\"El Gobierno provincial admiti\u00f3 que aumentaron los casos de picadas de motos en Santa Rosa. Por eso pidi\u00f3 colaboraci\u00f3n de los fiscales para avanzar contra los infractores que ponen en&hellip;\" \/>\n<meta property=\"og:url\" content=\"https:\/\/diariotextual.com\/inicio\/index.php\/2019\/09\/30\/aumentaron-las-picadas-motos-santa-rosa-gobierno-pide-intervencion-los-fiscales\/\" \/>\n<meta property=\"og:site_name\" content=\"Diario Textual\" \/>\n<meta property=\"article:publisher\" content=\"https:\/\/www.facebook.com\/eltextual\" \/>\n<meta property=\"article:published_time\" content=\"2019-09-30T16:32:29+00:00\" \/>\n<meta property=\"article:modified_time\" content=\"2019-10-01T12:03:31+00:00\" \/>\n<meta property=\"og:image\" content=\"https:\/\/diariotextual.com\/inicio\/wp-content\/uploads\/2019\/09\/funesfernando2019-2.jpg\" \/>\n\t<meta property=\"og:image:width\" content=\"1670\" \/>\n\t<meta property=\"og:image:height\" content=\"1114\" \/>\n\t<meta property=\"og:image:type\" content=\"image\/jpeg\" \/>\n<meta name=\"author\" content=\"Diario1 Diario1\" \/>\n<meta name=\"twitter:card\" content=\"summary_large_image\" \/>\n<meta name=\"twitter:creator\" content=\"@eltextual\" \/>\n<meta name=\"twitter:site\" content=\"@eltextual\" \/>\n<meta name=\"twitter:label1\" content=\"Escrito por\" \/>\n\t<meta name=\"twitter:data1\" content=\"Diario1 Diario1\" \/>\n\t<meta name=\"twitter:label2\" content=\"Tiempo de lectura\" \/>\n\t<meta name=\"twitter:data2\" content=\"2 minutos\" \/>\n<script type=\"application\/ld+json\" class=\"yoast-schema-graph\">{\"@context\":\"https:\\\/\\\/schema.org\",\"@graph\":[{\"@type\":\"Article\",\"@id\":\"https:\\\/\\\/diariotextual.com\\\/inicio\\\/index.php\\\/2019\\\/09\\\/30\\\/aumentaron-las-picadas-motos-santa-rosa-gobierno-pide-intervencion-los-fiscales\\\/#article\",\"isPartOf\":{\"@id\":\"https:\\\/\\\/diariotextual.com\\\/inicio\\\/index.php\\\/2019\\\/09\\\/30\\\/aumentaron-las-picadas-motos-santa-rosa-gobierno-pide-intervencion-los-fiscales\\\/\"},\"author\":{\"name\":\"Diario1 Diario1\",\"@id\":\"https:\\\/\\\/diariotextual.com\\\/inicio\\\/#\\\/schema\\\/person\\\/418fc4093c33e86ed41562db3508f958\"},\"headline\":\"Aumentaron las picadas de motos en Santa Rosa y el Gobierno pide intervenci\u00f3n a los fiscales\",\"datePublished\":\"2019-09-30T16:32:29+00:00\",\"dateModified\":\"2019-10-01T12:03:31+00:00\",\"mainEntityOfPage\":{\"@id\":\"https:\\\/\\\/diariotextual.com\\\/inicio\\\/index.php\\\/2019\\\/09\\\/30\\\/aumentaron-las-picadas-motos-santa-rosa-gobierno-pide-intervencion-los-fiscales\\\/\"},\"wordCount\":383,\"publisher\":{\"@id\":\"https:\\\/\\\/diariotextual.com\\\/inicio\\\/#organization\"},\"image\":{\"@id\":\"https:\\\/\\\/diariotextual.com\\\/inicio\\\/index.php\\\/2019\\\/09\\\/30\\\/aumentaron-las-picadas-motos-santa-rosa-gobierno-pide-intervencion-los-fiscales\\\/#primaryimage\"},\"thumbnailUrl\":\"https:\\\/\\\/diariotextual.com\\\/inicio\\\/wp-content\\\/uploads\\\/2019\\\/09\\\/funesfernando2019-2.jpg\",\"articleSection\":[\"A - TEMPORALES\",\"SOCIEDAD\"],\"inLanguage\":\"es\"},{\"@type\":\"WebPage\",\"@id\":\"https:\\\/\\\/diariotextual.com\\\/inicio\\\/index.php\\\/2019\\\/09\\\/30\\\/aumentaron-las-picadas-motos-santa-rosa-gobierno-pide-intervencion-los-fiscales\\\/\",\"url\":\"https:\\\/\\\/diariotextual.com\\\/inicio\\\/index.php\\\/2019\\\/09\\\/30\\\/aumentaron-las-picadas-motos-santa-rosa-gobierno-pide-intervencion-los-fiscales\\\/\",\"name\":\"Aumentaron las picadas de motos en Santa Rosa y el Gobierno pide intervenci\u00f3n a los fiscales - Diario Textual\",\"isPartOf\":{\"@id\":\"https:\\\/\\\/diariotextual.com\\\/inicio\\\/#website\"},\"primaryImageOfPage\":{\"@id\":\"https:\\\/\\\/diariotextual.com\\\/inicio\\\/index.php\\\/2019\\\/09\\\/30\\\/aumentaron-las-picadas-motos-santa-rosa-gobierno-pide-intervencion-los-fiscales\\\/#primaryimage\"},\"image\":{\"@id\":\"https:\\\/\\\/diariotextual.com\\\/inicio\\\/index.php\\\/2019\\\/09\\\/30\\\/aumentaron-las-picadas-motos-santa-rosa-gobierno-pide-intervencion-los-fiscales\\\/#primaryimage\"},\"thumbnailUrl\":\"https:\\\/\\\/diariotextual.com\\\/inicio\\\/wp-content\\\/uploads\\\/2019\\\/09\\\/funesfernando2019-2.jpg\",\"datePublished\":\"2019-09-30T16:32:29+00:00\",\"dateModified\":\"2019-10-01T12:03:31+00:00\",\"breadcrumb\":{\"@id\":\"https:\\\/\\\/diariotextual.com\\\/inicio\\\/index.php\\\/2019\\\/09\\\/30\\\/aumentaron-las-picadas-motos-santa-rosa-gobierno-pide-intervencion-los-fiscales\\\/#breadcrumb\"},\"inLanguage\":\"es\",\"potentialAction\":[{\"@type\":\"ReadAction\",\"target\":[\"https:\\\/\\\/diariotextual.com\\\/inicio\\\/index.php\\\/2019\\\/09\\\/30\\\/aumentaron-las-picadas-motos-santa-rosa-gobierno-pide-intervencion-los-fiscales\\\/\"]}]},{\"@type\":\"ImageObject\",\"inLanguage\":\"es\",\"@id\":\"https:\\\/\\\/diariotextual.com\\\/inicio\\\/index.php\\\/2019\\\/09\\\/30\\\/aumentaron-las-picadas-motos-santa-rosa-gobierno-pide-intervencion-los-fiscales\\\/#primaryimage\",\"url\":\"https:\\\/\\\/diariotextual.com\\\/inicio\\\/wp-content\\\/uploads\\\/2019\\\/09\\\/funesfernando2019-2.jpg\",\"contentUrl\":\"https:\\\/\\\/diariotextual.com\\\/inicio\\\/wp-content\\\/uploads\\\/2019\\\/09\\\/funesfernando2019-2.jpg\",\"width\":1670,\"height\":1114},{\"@type\":\"BreadcrumbList\",\"@id\":\"https:\\\/\\\/diariotextual.com\\\/inicio\\\/index.php\\\/2019\\\/09\\\/30\\\/aumentaron-las-picadas-motos-santa-rosa-gobierno-pide-intervencion-los-fiscales\\\/#breadcrumb\",\"itemListElement\":[{\"@type\":\"ListItem\",\"position\":1,\"name\":\"Portada\",\"item\":\"https:\\\/\\\/diariotextual.com\\\/inicio\\\/\"},{\"@type\":\"ListItem\",\"position\":2,\"name\":\"Aumentaron las picadas de motos en Santa Rosa y el Gobierno pide intervenci\u00f3n a los fiscales\"}]},{\"@type\":\"WebSite\",\"@id\":\"https:\\\/\\\/diariotextual.com\\\/inicio\\\/#website\",\"url\":\"https:\\\/\\\/diariotextual.com\\\/inicio\\\/\",\"name\":\"Diario Textual\",\"description\":\"\",\"publisher\":{\"@id\":\"https:\\\/\\\/diariotextual.com\\\/inicio\\\/#organization\"},\"potentialAction\":[{\"@type\":\"SearchAction\",\"target\":{\"@type\":\"EntryPoint\",\"urlTemplate\":\"https:\\\/\\\/diariotextual.com\\\/inicio\\\/?s={search_term_string}\"},\"query-input\":{\"@type\":\"PropertyValueSpecification\",\"valueRequired\":true,\"valueName\":\"search_term_string\"}}],\"inLanguage\":\"es\"},{\"@type\":\"Organization\",\"@id\":\"https:\\\/\\\/diariotextual.com\\\/inicio\\\/#organization\",\"name\":\"Diario Textual\",\"url\":\"https:\\\/\\\/diariotextual.com\\\/inicio\\\/\",\"logo\":{\"@type\":\"ImageObject\",\"inLanguage\":\"es\",\"@id\":\"https:\\\/\\\/diariotextual.com\\\/inicio\\\/#\\\/schema\\\/logo\\\/image\\\/\",\"url\":\"https:\\\/\\\/diariotextual.com\\\/inicio\\\/wp-content\\\/uploads\\\/2023\\\/05\\\/logotextual1.jpg\",\"contentUrl\":\"https:\\\/\\\/diariotextual.com\\\/inicio\\\/wp-content\\\/uploads\\\/2023\\\/05\\\/logotextual1.jpg\",\"width\":516,\"height\":76,\"caption\":\"Diario Textual\"},\"image\":{\"@id\":\"https:\\\/\\\/diariotextual.com\\\/inicio\\\/#\\\/schema\\\/logo\\\/image\\\/\"},\"sameAs\":[\"https:\\\/\\\/www.facebook.com\\\/eltextual\",\"https:\\\/\\\/x.com\\\/eltextual\",\"http:\\\/\\\/www.instagram.com\\\/eltextual\"]},{\"@type\":\"Person\",\"@id\":\"https:\\\/\\\/diariotextual.com\\\/inicio\\\/#\\\/schema\\\/person\\\/418fc4093c33e86ed41562db3508f958\",\"name\":\"Diario1 Diario1\",\"image\":{\"@type\":\"ImageObject\",\"inLanguage\":\"es\",\"@id\":\"https:\\\/\\\/secure.gravatar.com\\\/avatar\\\/9167d280179c85bc18be67aa7eda765854300033af4896dd779b608640f2ef7a?s=96&d=mm&r=g\",\"url\":\"https:\\\/\\\/secure.gravatar.com\\\/avatar\\\/9167d280179c85bc18be67aa7eda765854300033af4896dd779b608640f2ef7a?s=96&d=mm&r=g\",\"contentUrl\":\"https:\\\/\\\/secure.gravatar.com\\\/avatar\\\/9167d280179c85bc18be67aa7eda765854300033af4896dd779b608640f2ef7a?s=96&d=mm&r=g\",\"caption\":\"Diario1 Diario1\"},\"url\":\"https:\\\/\\\/diariotextual.com\\\/inicio\\\/index.php\\\/author\\\/diario1\\\/\"}]}<\/script>\n<!-- \/ Yoast SEO plugin. -->","yoast_head_json":{"title":"Aumentaron las picadas de motos en Santa Rosa y el Gobierno pide intervenci\u00f3n a los fiscales - Diario Textual","robots":{"index":"index","follow":"follow","max-snippet":"max-snippet:-1","max-image-preview":"max-image-preview:large","max-video-preview":"max-video-preview:-1"},"canonical":"https:\/\/diariotextual.com\/inicio\/index.php\/2019\/09\/30\/aumentaron-las-picadas-motos-santa-rosa-gobierno-pide-intervencion-los-fiscales\/","og_locale":"es_ES","og_type":"article","og_title":"Aumentaron las picadas de motos en Santa Rosa y el Gobierno pide intervenci\u00f3n a los fiscales - Diario Textual","og_description":"El Gobierno provincial admiti\u00f3 que aumentaron los casos de picadas de motos en Santa Rosa. Por eso pidi\u00f3 colaboraci\u00f3n de los fiscales para avanzar contra los infractores que ponen en&hellip;","og_url":"https:\/\/diariotextual.com\/inicio\/index.php\/2019\/09\/30\/aumentaron-las-picadas-motos-santa-rosa-gobierno-pide-intervencion-los-fiscales\/","og_site_name":"Diario Textual","article_publisher":"https:\/\/www.facebook.com\/eltextual","article_published_time":"2019-09-30T16:32:29+00:00","article_modified_time":"2019-10-01T12:03:31+00:00","og_image":[{"width":1670,"height":1114,"url":"https:\/\/diariotextual.com\/inicio\/wp-content\/uploads\/2019\/09\/funesfernando2019-2.jpg","type":"image\/jpeg"}],"author":"Diario1 Diario1","twitter_card":"summary_large_image","twitter_creator":"@eltextual","twitter_site":"@eltextual","twitter_misc":{"Escrito por":"Diario1 Diario1","Tiempo de lectura":"2 minutos"},"schema":{"@context":"https:\/\/schema.org","@graph":[{"@type":"Article","@id":"https:\/\/diariotextual.com\/inicio\/index.php\/2019\/09\/30\/aumentaron-las-picadas-motos-santa-rosa-gobierno-pide-intervencion-los-fiscales\/#article","isPartOf":{"@id":"https:\/\/diariotextual.com\/inicio\/index.php\/2019\/09\/30\/aumentaron-las-picadas-motos-santa-rosa-gobierno-pide-intervencion-los-fiscales\/"},"author":{"name":"Diario1 Diario1","@id":"https:\/\/diariotextual.com\/inicio\/#\/schema\/person\/418fc4093c33e86ed41562db3508f958"},"headline":"Aumentaron las picadas de motos en Santa Rosa y el Gobierno pide intervenci\u00f3n a los fiscales","datePublished":"2019-09-30T16:32:29+00:00","dateModified":"2019-10-01T12:03:31+00:00","mainEntityOfPage":{"@id":"https:\/\/diariotextual.com\/inicio\/index.php\/2019\/09\/30\/aumentaron-las-picadas-motos-santa-rosa-gobierno-pide-intervencion-los-fiscales\/"},"wordCount":383,"publisher":{"@id":"https:\/\/diariotextual.com\/inicio\/#organization"},"image":{"@id":"https:\/\/diariotextual.com\/inicio\/index.php\/2019\/09\/30\/aumentaron-las-picadas-motos-santa-rosa-gobierno-pide-intervencion-los-fiscales\/#primaryimage"},"thumbnailUrl":"https:\/\/diariotextual.com\/inicio\/wp-content\/uploads\/2019\/09\/funesfernando2019-2.jpg","articleSection":["A - TEMPORALES","SOCIEDAD"],"inLanguage":"es"},{"@type":"WebPage","@id":"https:\/\/diariotextual.com\/inicio\/index.php\/2019\/09\/30\/aumentaron-las-picadas-motos-santa-rosa-gobierno-pide-intervencion-los-fiscales\/","url":"https:\/\/diariotextual.com\/inicio\/index.php\/2019\/09\/30\/aumentaron-las-picadas-motos-santa-rosa-gobierno-pide-intervencion-los-fiscales\/","name":"Aumentaron las picadas de motos en Santa Rosa y el Gobierno pide intervenci\u00f3n a los fiscales - Diario Textual","isPartOf":{"@id":"https:\/\/diariotextual.com\/inicio\/#website"},"primaryImageOfPage":{"@id":"https:\/\/diariotextual.com\/inicio\/index.php\/2019\/09\/30\/aumentaron-las-picadas-motos-santa-rosa-gobierno-pide-intervencion-los-fiscales\/#primaryimage"},"image":{"@id":"https:\/\/diariotextual.com\/inicio\/index.php\/2019\/09\/30\/aumentaron-las-picadas-motos-santa-rosa-gobierno-pide-intervencion-los-fiscales\/#primaryimage"},"thumbnailUrl":"https:\/\/diariotextual.com\/inicio\/wp-content\/uploads\/2019\/09\/funesfernando2019-2.jpg","datePublished":"2019-09-30T16:32:29+00:00","dateModified":"2019-10-01T12:03:31+00:00","breadcrumb":{"@id":"https:\/\/diariotextual.com\/inicio\/index.php\/2019\/09\/30\/aumentaron-las-picadas-motos-santa-rosa-gobierno-pide-intervencion-los-fiscales\/#breadcrumb"},"inLanguage":"es","potentialAction":[{"@type":"ReadAction","target":["https:\/\/diariotextual.com\/inicio\/index.php\/2019\/09\/30\/aumentaron-las-picadas-motos-santa-rosa-gobierno-pide-intervencion-los-fiscales\/"]}]},{"@type":"ImageObject","inLanguage":"es","@id":"https:\/\/diariotextual.com\/inicio\/index.php\/2019\/09\/30\/aumentaron-las-picadas-motos-santa-rosa-gobierno-pide-intervencion-los-fiscales\/#primaryimage","url":"https:\/\/diariotextual.com\/inicio\/wp-content\/uploads\/2019\/09\/funesfernando2019-2.jpg","contentUrl":"https:\/\/diariotextual.com\/inicio\/wp-content\/uploads\/2019\/09\/funesfernando2019-2.jpg","width":1670,"height":1114},{"@type":"BreadcrumbList","@id":"https:\/\/diariotextual.com\/inicio\/index.php\/2019\/09\/30\/aumentaron-las-picadas-motos-santa-rosa-gobierno-pide-intervencion-los-fiscales\/#breadcrumb","itemListElement":[{"@type":"ListItem","position":1,"name":"Portada","item":"https:\/\/diariotextual.com\/inicio\/"},{"@type":"ListItem","position":2,"name":"Aumentaron las picadas de motos en Santa Rosa y el Gobierno pide intervenci\u00f3n a los fiscales"}]},{"@type":"WebSite","@id":"https:\/\/diariotextual.com\/inicio\/#website","url":"https:\/\/diariotextual.com\/inicio\/","name":"Diario Textual","description":"","publisher":{"@id":"https:\/\/diariotextual.com\/inicio\/#organization"},"potentialAction":[{"@type":"SearchAction","target":{"@type":"EntryPoint","urlTemplate":"https:\/\/diariotextual.com\/inicio\/?s={search_term_string}"},"query-input":{"@type":"PropertyValueSpecification","valueRequired":true,"valueName":"search_term_string"}}],"inLanguage":"es"},{"@type":"Organization","@id":"https:\/\/diariotextual.com\/inicio\/#organization","name":"Diario Textual","url":"https:\/\/diariotextual.com\/inicio\/","logo":{"@type":"ImageObject","inLanguage":"es","@id":"https:\/\/diariotextual.com\/inicio\/#\/schema\/logo\/image\/","url":"https:\/\/diariotextual.com\/inicio\/wp-content\/uploads\/2023\/05\/logotextual1.jpg","contentUrl":"https:\/\/diariotextual.com\/inicio\/wp-content\/uploads\/2023\/05\/logotextual1.jpg","width":516,"height":76,"caption":"Diario Textual"},"image":{"@id":"https:\/\/diariotextual.com\/inicio\/#\/schema\/logo\/image\/"},"sameAs":["https:\/\/www.facebook.com\/eltextual","https:\/\/x.com\/eltextual","http:\/\/www.instagram.com\/eltextual"]},{"@type":"Person","@id":"https:\/\/diariotextual.com\/inicio\/#\/schema\/person\/418fc4093c33e86ed41562db3508f958","name":"Diario1 Diario1","image":{"@type":"ImageObject","inLanguage":"es","@id":"https:\/\/secure.gravatar.com\/avatar\/9167d280179c85bc18be67aa7eda765854300033af4896dd779b608640f2ef7a?s=96&d=mm&r=g","url":"https:\/\/secure.gravatar.com\/avatar\/9167d280179c85bc18be67aa7eda765854300033af4896dd779b608640f2ef7a?s=96&d=mm&r=g","contentUrl":"https:\/\/secure.gravatar.com\/avatar\/9167d280179c85bc18be67aa7eda765854300033af4896dd779b608640f2ef7a?s=96&d=mm&r=g","caption":"Diario1 Diario1"},"url":"https:\/\/diariotextual.com\/inicio\/index.php\/author\/diario1\/"}]}},"_links":{"self":[{"href":"https:\/\/diariotextual.com\/inicio\/index.php\/wp-json\/wp\/v2\/posts\/64389","targetHints":{"allow":["GET"]}}],"collection":[{"href":"https:\/\/diariotextual.com\/inicio\/index.php\/wp-json\/wp\/v2\/posts"}],"about":[{"href":"https:\/\/diariotextual.com\/inicio\/index.php\/wp-json\/wp\/v2\/types\/post"}],"author":[{"embeddable":true,"href":"https:\/\/diariotextual.com\/inicio\/index.php\/wp-json\/wp\/v2\/users\/3"}],"replies":[{"embeddable":true,"href":"https:\/\/diariotextual.com\/inicio\/index.php\/wp-json\/wp\/v2\/comments?post=64389"}],"version-history":[{"count":4,"href":"https:\/\/diariotextual.com\/inicio\/index.php\/wp-json\/wp\/v2\/posts\/64389\/revisions"}],"predecessor-version":[{"id":64397,"href":"https:\/\/diariotextual.com\/inicio\/index.php\/wp-json\/wp\/v2\/posts\/64389\/revisions\/64397"}],"wp:featuredmedia":[{"embeddable":true,"href":"https:\/\/diariotextual.com\/inicio\/index.php\/wp-json\/wp\/v2\/media\/64395"}],"wp:attachment":[{"href":"https:\/\/diariotextual.com\/inicio\/index.php\/wp-json\/wp\/v2\/media?parent=64389"}],"wp:term":[{"taxonomy":"category","embeddable":true,"href":"https:\/\/diariotextual.com\/inicio\/index.php\/wp-json\/wp\/v2\/categories?post=64389"},{"taxonomy":"post_tag","embeddable":true,"href":"https:\/\/diariotextual.com\/inicio\/index.php\/wp-json\/wp\/v2\/tags?post=64389"}],"curies":[{"name":"wp","href":"https:\/\/api.w.org\/{rel}","templated":true}]}}