{"id":64420,"date":"2019-09-30T18:03:07","date_gmt":"2019-09-30T21:03:07","guid":{"rendered":"http:\/\/diariotextual.com\/inicio\/?p=64420"},"modified":"2019-09-30T22:58:17","modified_gmt":"2019-10-01T01:58:17","slug":"frente-todos-dice-avanzara-programa-alivio-fiscal-las-pymes","status":"publish","type":"post","link":"https:\/\/diariotextual.com\/inicio\/index.php\/2019\/09\/30\/frente-todos-dice-avanzara-programa-alivio-fiscal-las-pymes\/","title":{"rendered":"El Frente de Todos dice que avanzar\u00e1 en un \u00abprograma de alivio fiscal\u00bb para las Pymes"},"content":{"rendered":"<p>Los candidatos a diputados nacionales del <strong>Frente de Todos<\/strong> se comprometieron a trabajar en el Parlamento en la elaboraci\u00f3n de iniciativas que promuevan la implementaci\u00f3n de un <strong>\u201cimportante programa de alivio fiscal\u201d<\/strong>, con el objetivo de volver a \u201cponer de pie la industria nacional y as\u00ed fomentar la generaci\u00f3n de empleo\u201d en el pa\u00eds.<\/p>\n<p><strong>Hern\u00e1n P\u00e9rez Araujo<\/strong> y<strong> Carmina Besga<\/strong>, postulantes a ocupar dos bancas en la C\u00e1mara de Diputados de la Naci\u00f3n, estuvieron en <strong>Jacinto Arauz<\/strong>. All\u00ed recorrieron emprendimientos:<strong>\u00a0una cooperativa l\u00e1ctea y una empaquetadora de sal que nuclean, entre las dos, a treinta trabajadores.<\/strong><\/p>\n<p>\u00abEstos emprendimientos productivos -dijo Besga- est\u00e9n acompa\u00f1ados por el gobierno provincial y el Ministerio de Producci\u00f3n. Estamos trabajando para impulsar en la C\u00e1mara de Diputados de la Naci\u00f3n un proyecto de ley que traiga alivio fiscal a las peque\u00f1as y medianas empresas\u201d.<\/p>\n<p>\u201cSi bien en La Pampa la realidad econ\u00f3mica que surge de las pol\u00edticas nacionales afecta a las PyMES, vemos que son permanentemente acompa\u00f1adas por el Ministerio de la Producci\u00f3n\u201d, dijo la candidata. \u00abEl Congreso Nacional tienen que ser el lugar en el que se generen instrumentos que permitan a las PyMES volver a ser el motor que encienda la econom\u00eda\u201d.<\/p>\n<p>Asegur\u00f3 que se debe \u201cvolver a poner de pi\u00e9 la producci\u00f3n y la industria\u00bb nacional. \u00abEstamos convencidos de que esa es la \u00fanica forma posible de recuperar los puestos de trabajo que destroz\u00f3 el gobierno de Macri. El gobierno que encabezar\u00e1n Alberto Fern\u00e1ndez y Cristina Fern\u00e1ndez de Kirchner han asumido el compromiso irrenunciable de fomentar el crecimiento a trav\u00e9s de la producci\u00f3n y la industria y nosotros seremos los que acompa\u00f1emos el proyecto generando los instrumentos legislativos que sean necesarios\u201d.<\/p>\n<p>&nbsp;<\/p>\n","protected":false},"excerpt":{"rendered":"<p>Los candidatos a diputados nacionales del Frente de Todos se comprometieron a trabajar en el Parlamento en la elaboraci\u00f3n de iniciativas que promuevan la implementaci\u00f3n de un \u201cimportante programa de&hellip;<\/p>\n","protected":false},"author":3,"featured_media":64422,"comment_status":"closed","ping_status":"open","sticky":false,"template":"","format":"standard","meta":{"_acf_changed":false,"footnotes":""},"categories":[1,11,5],"tags":[],"class_list":["post-64420","post","type-post","status-publish","format-standard","has-post-thumbnail","hentry","category-es-noticia","category-que-pasa","category-economia"],"acf":[],"yoast_head":"<!-- This site is optimized with the Yoast SEO plugin v27.5 - https:\/\/yoast.com\/product\/yoast-seo-wordpress\/ -->\n<title>El Frente de Todos dice que avanzar\u00e1 en un &quot;programa de alivio fiscal&quot; para las Pymes - Diario Textual<\/title>\n<meta name=\"robots\" content=\"index, follow, max-snippet:-1, max-image-preview:large, max-video-preview:-1\" \/>\n<link rel=\"canonical\" href=\"https:\/\/diariotextual.com\/inicio\/index.php\/2019\/09\/30\/frente-todos-dice-avanzara-programa-alivio-fiscal-las-pymes\/\" \/>\n<meta property=\"og:locale\" content=\"es_ES\" \/>\n<meta property=\"og:type\" content=\"article\" \/>\n<meta property=\"og:title\" content=\"El Frente de Todos dice que avanzar\u00e1 en un &quot;programa de alivio fiscal&quot; para las Pymes - Diario Textual\" \/>\n<meta property=\"og:description\" content=\"Los candidatos a diputados nacionales del Frente de Todos se comprometieron a trabajar en el Parlamento en la elaboraci\u00f3n de iniciativas que promuevan la implementaci\u00f3n de un \u201cimportante programa de&hellip;\" \/>\n<meta property=\"og:url\" content=\"https:\/\/diariotextual.com\/inicio\/index.php\/2019\/09\/30\/frente-todos-dice-avanzara-programa-alivio-fiscal-las-pymes\/\" \/>\n<meta property=\"og:site_name\" content=\"Diario Textual\" \/>\n<meta property=\"article:publisher\" content=\"https:\/\/www.facebook.com\/eltextual\" \/>\n<meta property=\"article:published_time\" content=\"2019-09-30T21:03:07+00:00\" \/>\n<meta property=\"article:modified_time\" content=\"2019-10-01T01:58:17+00:00\" \/>\n<meta property=\"og:image\" content=\"https:\/\/diariotextual.com\/inicio\/wp-content\/uploads\/2019\/09\/perezaraujobesgaarauz2019-1.jpg\" \/>\n\t<meta property=\"og:image:width\" content=\"1126\" \/>\n\t<meta property=\"og:image:height\" content=\"752\" \/>\n\t<meta property=\"og:image:type\" content=\"image\/jpeg\" \/>\n<meta name=\"author\" content=\"Diario1 Diario1\" \/>\n<meta name=\"twitter:card\" content=\"summary_large_image\" \/>\n<meta name=\"twitter:creator\" content=\"@eltextual\" \/>\n<meta name=\"twitter:site\" content=\"@eltextual\" \/>\n<meta name=\"twitter:label1\" content=\"Escrito por\" \/>\n\t<meta name=\"twitter:data1\" content=\"Diario1 Diario1\" \/>\n\t<meta name=\"twitter:label2\" content=\"Tiempo de lectura\" \/>\n\t<meta name=\"twitter:data2\" content=\"2 minutos\" \/>\n<script type=\"application\/ld+json\" class=\"yoast-schema-graph\">{\"@context\":\"https:\\\/\\\/schema.org\",\"@graph\":[{\"@type\":\"Article\",\"@id\":\"https:\\\/\\\/diariotextual.com\\\/inicio\\\/index.php\\\/2019\\\/09\\\/30\\\/frente-todos-dice-avanzara-programa-alivio-fiscal-las-pymes\\\/#article\",\"isPartOf\":{\"@id\":\"https:\\\/\\\/diariotextual.com\\\/inicio\\\/index.php\\\/2019\\\/09\\\/30\\\/frente-todos-dice-avanzara-programa-alivio-fiscal-las-pymes\\\/\"},\"author\":{\"name\":\"Diario1 Diario1\",\"@id\":\"https:\\\/\\\/diariotextual.com\\\/inicio\\\/#\\\/schema\\\/person\\\/418fc4093c33e86ed41562db3508f958\"},\"headline\":\"El Frente de Todos dice que avanzar\u00e1 en un \u00abprograma de alivio fiscal\u00bb para las Pymes\",\"datePublished\":\"2019-09-30T21:03:07+00:00\",\"dateModified\":\"2019-10-01T01:58:17+00:00\",\"mainEntityOfPage\":{\"@id\":\"https:\\\/\\\/diariotextual.com\\\/inicio\\\/index.php\\\/2019\\\/09\\\/30\\\/frente-todos-dice-avanzara-programa-alivio-fiscal-las-pymes\\\/\"},\"wordCount\":322,\"publisher\":{\"@id\":\"https:\\\/\\\/diariotextual.com\\\/inicio\\\/#organization\"},\"image\":{\"@id\":\"https:\\\/\\\/diariotextual.com\\\/inicio\\\/index.php\\\/2019\\\/09\\\/30\\\/frente-todos-dice-avanzara-programa-alivio-fiscal-las-pymes\\\/#primaryimage\"},\"thumbnailUrl\":\"https:\\\/\\\/diariotextual.com\\\/inicio\\\/wp-content\\\/uploads\\\/2019\\\/09\\\/perezaraujobesgaarauz2019-1.jpg\",\"articleSection\":[\"A - ES NOTICIA (van abajo)\",\"A - QUE PASA (al costado)\",\"ECONOMIA\"],\"inLanguage\":\"es\"},{\"@type\":\"WebPage\",\"@id\":\"https:\\\/\\\/diariotextual.com\\\/inicio\\\/index.php\\\/2019\\\/09\\\/30\\\/frente-todos-dice-avanzara-programa-alivio-fiscal-las-pymes\\\/\",\"url\":\"https:\\\/\\\/diariotextual.com\\\/inicio\\\/index.php\\\/2019\\\/09\\\/30\\\/frente-todos-dice-avanzara-programa-alivio-fiscal-las-pymes\\\/\",\"name\":\"El Frente de Todos dice que avanzar\u00e1 en un \\\"programa de alivio fiscal\\\" para las Pymes - Diario Textual\",\"isPartOf\":{\"@id\":\"https:\\\/\\\/diariotextual.com\\\/inicio\\\/#website\"},\"primaryImageOfPage\":{\"@id\":\"https:\\\/\\\/diariotextual.com\\\/inicio\\\/index.php\\\/2019\\\/09\\\/30\\\/frente-todos-dice-avanzara-programa-alivio-fiscal-las-pymes\\\/#primaryimage\"},\"image\":{\"@id\":\"https:\\\/\\\/diariotextual.com\\\/inicio\\\/index.php\\\/2019\\\/09\\\/30\\\/frente-todos-dice-avanzara-programa-alivio-fiscal-las-pymes\\\/#primaryimage\"},\"thumbnailUrl\":\"https:\\\/\\\/diariotextual.com\\\/inicio\\\/wp-content\\\/uploads\\\/2019\\\/09\\\/perezaraujobesgaarauz2019-1.jpg\",\"datePublished\":\"2019-09-30T21:03:07+00:00\",\"dateModified\":\"2019-10-01T01:58:17+00:00\",\"breadcrumb\":{\"@id\":\"https:\\\/\\\/diariotextual.com\\\/inicio\\\/index.php\\\/2019\\\/09\\\/30\\\/frente-todos-dice-avanzara-programa-alivio-fiscal-las-pymes\\\/#breadcrumb\"},\"inLanguage\":\"es\",\"potentialAction\":[{\"@type\":\"ReadAction\",\"target\":[\"https:\\\/\\\/diariotextual.com\\\/inicio\\\/index.php\\\/2019\\\/09\\\/30\\\/frente-todos-dice-avanzara-programa-alivio-fiscal-las-pymes\\\/\"]}]},{\"@type\":\"ImageObject\",\"inLanguage\":\"es\",\"@id\":\"https:\\\/\\\/diariotextual.com\\\/inicio\\\/index.php\\\/2019\\\/09\\\/30\\\/frente-todos-dice-avanzara-programa-alivio-fiscal-las-pymes\\\/#primaryimage\",\"url\":\"https:\\\/\\\/diariotextual.com\\\/inicio\\\/wp-content\\\/uploads\\\/2019\\\/09\\\/perezaraujobesgaarauz2019-1.jpg\",\"contentUrl\":\"https:\\\/\\\/diariotextual.com\\\/inicio\\\/wp-content\\\/uploads\\\/2019\\\/09\\\/perezaraujobesgaarauz2019-1.jpg\",\"width\":1126,\"height\":752},{\"@type\":\"BreadcrumbList\",\"@id\":\"https:\\\/\\\/diariotextual.com\\\/inicio\\\/index.php\\\/2019\\\/09\\\/30\\\/frente-todos-dice-avanzara-programa-alivio-fiscal-las-pymes\\\/#breadcrumb\",\"itemListElement\":[{\"@type\":\"ListItem\",\"position\":1,\"name\":\"Portada\",\"item\":\"https:\\\/\\\/diariotextual.com\\\/inicio\\\/\"},{\"@type\":\"ListItem\",\"position\":2,\"name\":\"El Frente de Todos dice que avanzar\u00e1 en un \u00abprograma de alivio fiscal\u00bb para las Pymes\"}]},{\"@type\":\"WebSite\",\"@id\":\"https:\\\/\\\/diariotextual.com\\\/inicio\\\/#website\",\"url\":\"https:\\\/\\\/diariotextual.com\\\/inicio\\\/\",\"name\":\"Diario Textual\",\"description\":\"\",\"publisher\":{\"@id\":\"https:\\\/\\\/diariotextual.com\\\/inicio\\\/#organization\"},\"potentialAction\":[{\"@type\":\"SearchAction\",\"target\":{\"@type\":\"EntryPoint\",\"urlTemplate\":\"https:\\\/\\\/diariotextual.com\\\/inicio\\\/?s={search_term_string}\"},\"query-input\":{\"@type\":\"PropertyValueSpecification\",\"valueRequired\":true,\"valueName\":\"search_term_string\"}}],\"inLanguage\":\"es\"},{\"@type\":\"Organization\",\"@id\":\"https:\\\/\\\/diariotextual.com\\\/inicio\\\/#organization\",\"name\":\"Diario Textual\",\"url\":\"https:\\\/\\\/diariotextual.com\\\/inicio\\\/\",\"logo\":{\"@type\":\"ImageObject\",\"inLanguage\":\"es\",\"@id\":\"https:\\\/\\\/diariotextual.com\\\/inicio\\\/#\\\/schema\\\/logo\\\/image\\\/\",\"url\":\"https:\\\/\\\/diariotextual.com\\\/inicio\\\/wp-content\\\/uploads\\\/2023\\\/05\\\/logotextual1.jpg\",\"contentUrl\":\"https:\\\/\\\/diariotextual.com\\\/inicio\\\/wp-content\\\/uploads\\\/2023\\\/05\\\/logotextual1.jpg\",\"width\":516,\"height\":76,\"caption\":\"Diario Textual\"},\"image\":{\"@id\":\"https:\\\/\\\/diariotextual.com\\\/inicio\\\/#\\\/schema\\\/logo\\\/image\\\/\"},\"sameAs\":[\"https:\\\/\\\/www.facebook.com\\\/eltextual\",\"https:\\\/\\\/x.com\\\/eltextual\",\"http:\\\/\\\/www.instagram.com\\\/eltextual\"]},{\"@type\":\"Person\",\"@id\":\"https:\\\/\\\/diariotextual.com\\\/inicio\\\/#\\\/schema\\\/person\\\/418fc4093c33e86ed41562db3508f958\",\"name\":\"Diario1 Diario1\",\"image\":{\"@type\":\"ImageObject\",\"inLanguage\":\"es\",\"@id\":\"https:\\\/\\\/secure.gravatar.com\\\/avatar\\\/9167d280179c85bc18be67aa7eda765854300033af4896dd779b608640f2ef7a?s=96&d=mm&r=g\",\"url\":\"https:\\\/\\\/secure.gravatar.com\\\/avatar\\\/9167d280179c85bc18be67aa7eda765854300033af4896dd779b608640f2ef7a?s=96&d=mm&r=g\",\"contentUrl\":\"https:\\\/\\\/secure.gravatar.com\\\/avatar\\\/9167d280179c85bc18be67aa7eda765854300033af4896dd779b608640f2ef7a?s=96&d=mm&r=g\",\"caption\":\"Diario1 Diario1\"},\"url\":\"https:\\\/\\\/diariotextual.com\\\/inicio\\\/index.php\\\/author\\\/diario1\\\/\"}]}<\/script>\n<!-- \/ Yoast SEO plugin. -->","yoast_head_json":{"title":"El Frente de Todos dice que avanzar\u00e1 en un \"programa de alivio fiscal\" para las Pymes - Diario Textual","robots":{"index":"index","follow":"follow","max-snippet":"max-snippet:-1","max-image-preview":"max-image-preview:large","max-video-preview":"max-video-preview:-1"},"canonical":"https:\/\/diariotextual.com\/inicio\/index.php\/2019\/09\/30\/frente-todos-dice-avanzara-programa-alivio-fiscal-las-pymes\/","og_locale":"es_ES","og_type":"article","og_title":"El Frente de Todos dice que avanzar\u00e1 en un \"programa de alivio fiscal\" para las Pymes - Diario Textual","og_description":"Los candidatos a diputados nacionales del Frente de Todos se comprometieron a trabajar en el Parlamento en la elaboraci\u00f3n de iniciativas que promuevan la implementaci\u00f3n de un \u201cimportante programa de&hellip;","og_url":"https:\/\/diariotextual.com\/inicio\/index.php\/2019\/09\/30\/frente-todos-dice-avanzara-programa-alivio-fiscal-las-pymes\/","og_site_name":"Diario Textual","article_publisher":"https:\/\/www.facebook.com\/eltextual","article_published_time":"2019-09-30T21:03:07+00:00","article_modified_time":"2019-10-01T01:58:17+00:00","og_image":[{"width":1126,"height":752,"url":"https:\/\/diariotextual.com\/inicio\/wp-content\/uploads\/2019\/09\/perezaraujobesgaarauz2019-1.jpg","type":"image\/jpeg"}],"author":"Diario1 Diario1","twitter_card":"summary_large_image","twitter_creator":"@eltextual","twitter_site":"@eltextual","twitter_misc":{"Escrito por":"Diario1 Diario1","Tiempo de lectura":"2 minutos"},"schema":{"@context":"https:\/\/schema.org","@graph":[{"@type":"Article","@id":"https:\/\/diariotextual.com\/inicio\/index.php\/2019\/09\/30\/frente-todos-dice-avanzara-programa-alivio-fiscal-las-pymes\/#article","isPartOf":{"@id":"https:\/\/diariotextual.com\/inicio\/index.php\/2019\/09\/30\/frente-todos-dice-avanzara-programa-alivio-fiscal-las-pymes\/"},"author":{"name":"Diario1 Diario1","@id":"https:\/\/diariotextual.com\/inicio\/#\/schema\/person\/418fc4093c33e86ed41562db3508f958"},"headline":"El Frente de Todos dice que avanzar\u00e1 en un \u00abprograma de alivio fiscal\u00bb para las Pymes","datePublished":"2019-09-30T21:03:07+00:00","dateModified":"2019-10-01T01:58:17+00:00","mainEntityOfPage":{"@id":"https:\/\/diariotextual.com\/inicio\/index.php\/2019\/09\/30\/frente-todos-dice-avanzara-programa-alivio-fiscal-las-pymes\/"},"wordCount":322,"publisher":{"@id":"https:\/\/diariotextual.com\/inicio\/#organization"},"image":{"@id":"https:\/\/diariotextual.com\/inicio\/index.php\/2019\/09\/30\/frente-todos-dice-avanzara-programa-alivio-fiscal-las-pymes\/#primaryimage"},"thumbnailUrl":"https:\/\/diariotextual.com\/inicio\/wp-content\/uploads\/2019\/09\/perezaraujobesgaarauz2019-1.jpg","articleSection":["A - ES NOTICIA (van abajo)","A - QUE PASA (al costado)","ECONOMIA"],"inLanguage":"es"},{"@type":"WebPage","@id":"https:\/\/diariotextual.com\/inicio\/index.php\/2019\/09\/30\/frente-todos-dice-avanzara-programa-alivio-fiscal-las-pymes\/","url":"https:\/\/diariotextual.com\/inicio\/index.php\/2019\/09\/30\/frente-todos-dice-avanzara-programa-alivio-fiscal-las-pymes\/","name":"El Frente de Todos dice que avanzar\u00e1 en un \"programa de alivio fiscal\" para las Pymes - Diario Textual","isPartOf":{"@id":"https:\/\/diariotextual.com\/inicio\/#website"},"primaryImageOfPage":{"@id":"https:\/\/diariotextual.com\/inicio\/index.php\/2019\/09\/30\/frente-todos-dice-avanzara-programa-alivio-fiscal-las-pymes\/#primaryimage"},"image":{"@id":"https:\/\/diariotextual.com\/inicio\/index.php\/2019\/09\/30\/frente-todos-dice-avanzara-programa-alivio-fiscal-las-pymes\/#primaryimage"},"thumbnailUrl":"https:\/\/diariotextual.com\/inicio\/wp-content\/uploads\/2019\/09\/perezaraujobesgaarauz2019-1.jpg","datePublished":"2019-09-30T21:03:07+00:00","dateModified":"2019-10-01T01:58:17+00:00","breadcrumb":{"@id":"https:\/\/diariotextual.com\/inicio\/index.php\/2019\/09\/30\/frente-todos-dice-avanzara-programa-alivio-fiscal-las-pymes\/#breadcrumb"},"inLanguage":"es","potentialAction":[{"@type":"ReadAction","target":["https:\/\/diariotextual.com\/inicio\/index.php\/2019\/09\/30\/frente-todos-dice-avanzara-programa-alivio-fiscal-las-pymes\/"]}]},{"@type":"ImageObject","inLanguage":"es","@id":"https:\/\/diariotextual.com\/inicio\/index.php\/2019\/09\/30\/frente-todos-dice-avanzara-programa-alivio-fiscal-las-pymes\/#primaryimage","url":"https:\/\/diariotextual.com\/inicio\/wp-content\/uploads\/2019\/09\/perezaraujobesgaarauz2019-1.jpg","contentUrl":"https:\/\/diariotextual.com\/inicio\/wp-content\/uploads\/2019\/09\/perezaraujobesgaarauz2019-1.jpg","width":1126,"height":752},{"@type":"BreadcrumbList","@id":"https:\/\/diariotextual.com\/inicio\/index.php\/2019\/09\/30\/frente-todos-dice-avanzara-programa-alivio-fiscal-las-pymes\/#breadcrumb","itemListElement":[{"@type":"ListItem","position":1,"name":"Portada","item":"https:\/\/diariotextual.com\/inicio\/"},{"@type":"ListItem","position":2,"name":"El Frente de Todos dice que avanzar\u00e1 en un \u00abprograma de alivio fiscal\u00bb para las Pymes"}]},{"@type":"WebSite","@id":"https:\/\/diariotextual.com\/inicio\/#website","url":"https:\/\/diariotextual.com\/inicio\/","name":"Diario Textual","description":"","publisher":{"@id":"https:\/\/diariotextual.com\/inicio\/#organization"},"potentialAction":[{"@type":"SearchAction","target":{"@type":"EntryPoint","urlTemplate":"https:\/\/diariotextual.com\/inicio\/?s={search_term_string}"},"query-input":{"@type":"PropertyValueSpecification","valueRequired":true,"valueName":"search_term_string"}}],"inLanguage":"es"},{"@type":"Organization","@id":"https:\/\/diariotextual.com\/inicio\/#organization","name":"Diario Textual","url":"https:\/\/diariotextual.com\/inicio\/","logo":{"@type":"ImageObject","inLanguage":"es","@id":"https:\/\/diariotextual.com\/inicio\/#\/schema\/logo\/image\/","url":"https:\/\/diariotextual.com\/inicio\/wp-content\/uploads\/2023\/05\/logotextual1.jpg","contentUrl":"https:\/\/diariotextual.com\/inicio\/wp-content\/uploads\/2023\/05\/logotextual1.jpg","width":516,"height":76,"caption":"Diario Textual"},"image":{"@id":"https:\/\/diariotextual.com\/inicio\/#\/schema\/logo\/image\/"},"sameAs":["https:\/\/www.facebook.com\/eltextual","https:\/\/x.com\/eltextual","http:\/\/www.instagram.com\/eltextual"]},{"@type":"Person","@id":"https:\/\/diariotextual.com\/inicio\/#\/schema\/person\/418fc4093c33e86ed41562db3508f958","name":"Diario1 Diario1","image":{"@type":"ImageObject","inLanguage":"es","@id":"https:\/\/secure.gravatar.com\/avatar\/9167d280179c85bc18be67aa7eda765854300033af4896dd779b608640f2ef7a?s=96&d=mm&r=g","url":"https:\/\/secure.gravatar.com\/avatar\/9167d280179c85bc18be67aa7eda765854300033af4896dd779b608640f2ef7a?s=96&d=mm&r=g","contentUrl":"https:\/\/secure.gravatar.com\/avatar\/9167d280179c85bc18be67aa7eda765854300033af4896dd779b608640f2ef7a?s=96&d=mm&r=g","caption":"Diario1 Diario1"},"url":"https:\/\/diariotextual.com\/inicio\/index.php\/author\/diario1\/"}]}},"_links":{"self":[{"href":"https:\/\/diariotextual.com\/inicio\/index.php\/wp-json\/wp\/v2\/posts\/64420","targetHints":{"allow":["GET"]}}],"collection":[{"href":"https:\/\/diariotextual.com\/inicio\/index.php\/wp-json\/wp\/v2\/posts"}],"about":[{"href":"https:\/\/diariotextual.com\/inicio\/index.php\/wp-json\/wp\/v2\/types\/post"}],"author":[{"embeddable":true,"href":"https:\/\/diariotextual.com\/inicio\/index.php\/wp-json\/wp\/v2\/users\/3"}],"replies":[{"embeddable":true,"href":"https:\/\/diariotextual.com\/inicio\/index.php\/wp-json\/wp\/v2\/comments?post=64420"}],"version-history":[{"count":3,"href":"https:\/\/diariotextual.com\/inicio\/index.php\/wp-json\/wp\/v2\/posts\/64420\/revisions"}],"predecessor-version":[{"id":64424,"href":"https:\/\/diariotextual.com\/inicio\/index.php\/wp-json\/wp\/v2\/posts\/64420\/revisions\/64424"}],"wp:featuredmedia":[{"embeddable":true,"href":"https:\/\/diariotextual.com\/inicio\/index.php\/wp-json\/wp\/v2\/media\/64422"}],"wp:attachment":[{"href":"https:\/\/diariotextual.com\/inicio\/index.php\/wp-json\/wp\/v2\/media?parent=64420"}],"wp:term":[{"taxonomy":"category","embeddable":true,"href":"https:\/\/diariotextual.com\/inicio\/index.php\/wp-json\/wp\/v2\/categories?post=64420"},{"taxonomy":"post_tag","embeddable":true,"href":"https:\/\/diariotextual.com\/inicio\/index.php\/wp-json\/wp\/v2\/tags?post=64420"}],"curies":[{"name":"wp","href":"https:\/\/api.w.org\/{rel}","templated":true}]}}