{"id":64456,"date":"2019-10-01T09:13:41","date_gmt":"2019-10-01T12:13:41","guid":{"rendered":"http:\/\/diariotextual.com\/inicio\/?p=64456"},"modified":"2019-10-01T15:59:32","modified_gmt":"2019-10-01T18:59:32","slug":"comienza-la-3o-feria-provincial-del-libro-santa-rosa-programa-completo","status":"publish","type":"post","link":"https:\/\/diariotextual.com\/inicio\/index.php\/2019\/10\/01\/comienza-la-3o-feria-provincial-del-libro-santa-rosa-programa-completo\/","title":{"rendered":"Comienza la 3\u00ba Feria Provincial del Libro en Santa Rosa: el programa completo"},"content":{"rendered":"<p>Con un amplio programa de actividades libres y gratuitas, comenzar\u00e1 este mi\u00e9rcoles 2 la <strong>3\u00ba Feria Provincial del Libro en Santa Rosa<\/strong>. El acto de inauguraci\u00f3n comenzar\u00e1 a las 9.30 en el Centro Cultural Medasur, con palabras de la secretaria de Cultura, Adriana Lis Maggio. La muestra se extender\u00e1 hasta el domingo 6.<\/p>\n<p>En la\u00a0edici\u00f3n 2019\u00a0ser\u00e1 nombrada\u00a0Madrina Literaria\u00a0de la feria a la escritora\u00a0Teresa P\u00e9rez\u00a0y\u00a0Padrino de la Ciencia\u00a0al docente e investigador\u00a0Walter Mui\u00f1o.<\/p>\n<p>En el cierre del acto se presentar\u00e1 la\u00a0Orquesta\u00a0Infanto Juvenil\u00a0\u201cOrquesta\u00a0de la\u00a07\u201d,\u00a0dependiente de la Secretar\u00eda\u00a0de Cultura del Gobierno de La Pampa.<\/p>\n<p>&nbsp;<\/p>\n<p><strong>Premio Testimonio<\/strong><\/p>\n<p>El\u00a0s\u00e1bado 5 a las 19.30 horas en el auditorio\u00a0se entregar\u00e1 el Premio Testimonio 2019 a 18 personalidades destacadas de nuestra provincia. Un reconocimiento del Gobierno de La Pampa al talento y la dedicaci\u00f3n de sus habitantes, que a trav\u00e9s de su trayectoria de vida\u00a0se han destacado en la educaci\u00f3n, el arte, el periodismo, el folclore, la ciencia, los oficios, el deporte, militancia y derechos humanos.<\/p>\n<p>&nbsp;<\/p>\n<p><strong>Editoriales<\/strong><\/p>\n<p>Recordamos que este a\u00f1o la\u00a0feria contar\u00e1 con un\u00a0crecimiento particular de stands de 33 editoriales de\u00a0La Pampa, Buenos Aires, C\u00f3rdoba, Santa Cruz y Neuqu\u00e9n,\u00a0junto a un\u00a0espacio\u00a0de\u00a0las\u00a0Bibliotecas Populares de Santa Rosa,\u00a0las que realizar\u00e1n su campa\u00f1a de inscripci\u00f3n de nuevos socios. Todos ellos estar\u00e1n\u00a0ubicados\u00a0en una carpa montada\u00a0en el estacionamiento del Centro Cultural Medasur\u00a0de la calle Padre Buodo.<\/p>\n<p>&nbsp;<\/p>\n<p><strong>Stands y actividades<\/strong><\/p>\n<p>Habr\u00e1 una participaci\u00f3n especial con\u00a0stands institucionales, tal el caso del\u00a0Consejo Federal de Inversiones (CFI)\u00a0que estar\u00e1 ubicado\u00a0en el primer piso del Medasur. En tanto que\u00a0la\u00a0Biblioteca Nacional, el gremio UTELPA\u00a0(Uni\u00f3n de los Trabajadores de\u00a0la Educaci\u00f3n de La Pampa)\u00a0y el Instituto Nacional de la M\u00fasica (INAMU) junto al Instituto Nacional del Teatro (INT), estar\u00e1n\u00a0ubicados en el segundo piso del Centro Cultural.<\/p>\n<p>La 3\u00ba Feria Provincial del libro sede Santa Rosa\u00a0es organizada por la Secretar\u00eda de Cultura del Gobierno de La Pampa, el Consejo Federal de Inversiones y la Fundaci\u00f3n Banco de La Pampa.\u00a0Durante los cinco d\u00edas<strong> se presentar\u00e1n 44 libros de 52 autores, habr\u00e1 m\u00e1s de 20 actividades\u00a0entre talleres para ni\u00f1os y adolescentes; capacitaciones para bibliotecarios; charla para editoriales y libreros, m\u00fasicos y gestores culturales.<\/strong><\/p>\n<p><img fetchpriority=\"high\" decoding=\"async\" class=\"alignnone size-full wp-image-43631\" src=\"http:\/\/diariotextual.com\/inicio\/wp-content\/uploads\/2019\/03\/ferialibroquemulectura43.jpg\" alt=\"\" width=\"807\" height=\"477\" srcset=\"https:\/\/diariotextual.com\/inicio\/wp-content\/uploads\/2019\/03\/ferialibroquemulectura43.jpg 807w, https:\/\/diariotextual.com\/inicio\/wp-content\/uploads\/2019\/03\/ferialibroquemulectura43-300x177.jpg 300w, https:\/\/diariotextual.com\/inicio\/wp-content\/uploads\/2019\/03\/ferialibroquemulectura43-768x454.jpg 768w, https:\/\/diariotextual.com\/inicio\/wp-content\/uploads\/2019\/03\/ferialibroquemulectura43-585x346.jpg 585w\" sizes=\"(max-width: 807px) 100vw, 807px\" \/><\/p>\n<p>&nbsp;<\/p>\n<p><strong>El programa completo<\/strong><\/p>\n<p>Mi\u00e9rcoles 2<\/p>\n<p><strong>9:30 hs: INAUGURACI\u00d3N con palabras de la Secretaria de Cultura, Prof. Adriana Lis Maggio.<\/strong><\/p>\n<p>-Presentaci\u00f3n de la Orquesta Infanto Juvenil N.\u00ba 7 de la Secretar\u00eda de Cultura.<\/p>\n<p>-Presentaci\u00f3n El palpitar del papel a cargo del ilustrador, dise\u00f1ador y escritor Istvansch.<\/p>\n<p>-Apertura con stand editoriales e invitados especiales. Auditorio<\/p>\n<p><strong>11 horas:<\/strong><\/p>\n<p>-Taller did\u00e1ctico: Descubriendo nuestro patrimonio: identidad y cultura en La Pampa. Direcci\u00f3n Provincial de Patrimonio Cultural. Destinado a nivel Secundario. Sala Nervi.<\/p>\n<p>-Le\u00e9 esto (que est\u00e1 buen\u00edsimo) <a href=\"https:\/\/www.facebook.com\/hashtag\/le%C3%A9esto?source=note&amp;epa=HASHTAG\">#Le\u00e9Esto<\/a> <a href=\"https:\/\/www.facebook.com\/hashtag\/unlpamlee?source=note&amp;epa=HASHTAG\">#UNLPamLee<\/a>. Arte Propio.<\/p>\n<p><strong>14 horas: <\/strong><\/p>\n<p>-Presentaci\u00f3n de \u00bfQui\u00e9nes son Mis t\u00edos gigantes? Lectura y conversaci\u00f3n con el escritor Nicol\u00e1s Schuff. Conabip y ALIJA. Destinado a nivel Primario. Auditorio.<\/p>\n<p><strong>15 horas:<\/strong><\/p>\n<p>-Presentaci\u00f3n El palpitar del papel a cargo del ilustrador Istvansch. Destinado a nivel Primario. Auditorio.<\/p>\n<p>-Taller de Narraci\u00f3n e ilustraci\u00f3n. Estudio Mafia. Destinado a nivel Inicial. Sala Nervi.<\/p>\n<p><strong>15.30 horas:<\/strong><\/p>\n<p>-Le\u00e9 esto (que est\u00e1 buen\u00edsimo) <a href=\"https:\/\/www.facebook.com\/hashtag\/le%C3%A9esto?source=note&amp;epa=HASHTAG\">#Le\u00e9Esto<\/a> <a href=\"https:\/\/www.facebook.com\/hashtag\/unlpamlee?source=note&amp;epa=HASHTAG\">#UNLPamLee<\/a>. Arte Propio.<\/p>\n<p><strong>18 horas:<\/strong><\/p>\n<p>-Charla\/muestra de oralituras de Abya Yala, a cargo de Sergio de Matteo (Asociaci\u00f3n Pampeana de Escritores). Sala Nervi.<\/p>\n<p><strong>19 horas: <\/strong><\/p>\n<p>-Presentaci\u00f3n del libro El peso de la luz en la mano (Impresiones sobre el credo po\u00e9tico de Antonio Esteban Ag\u00fcero), de Gustavo Romero Borri. Sala Nervi.<\/p>\n<p><strong>20 horas:<\/strong><\/p>\n<p><strong>-Performance \u2013 Lectura: Tr\u00e1nsito Po\u00e9tico, a cargo de Fernando Noy<\/strong>. Destinado a poetas, actores, actores perform\u00e1ticos, p\u00fablico en general. Consejo Federal de Inversiones. Auditorio.<\/p>\n<p>&nbsp;<\/p>\n<p>Jueves 3<\/p>\n<p><strong>9 horas:<\/strong><\/p>\n<p>-Taller did\u00e1ctico: Descubriendo nuestro patrimonio: identidad y cultura en La Pampa. Direcci\u00f3n Provincial de Patrimonio Cultural. Destinado a nivel Secundario. Sala Nervi.<\/p>\n<p><strong>10 horas:<\/strong><\/p>\n<p>-Presentaci\u00f3n El palpitar del papel a cargo del ilustrador Istvansch. Destinado a nivel Primario. Auditorio.<\/p>\n<p>-Taller de edici\u00f3n. Buen Gusto Ediciones. Destinado a nivel Secundario. Sala Curadur\u00eda.<\/p>\n<p><strong>10.30 horas:<\/strong><\/p>\n<p>-Presentaci\u00f3n del libro Las peripecias de Juana la gota, a cargo de la Secretar\u00eda de Recursos H\u00eddricos. Destinado a nivel Primario. Sala Nervi.<\/p>\n<p><strong>14 horas: <\/strong><\/p>\n<p>-Presentaci\u00f3n El palpitar del papel a cargo del ilustrador Istvansch. Destinado a nivel Primario. Auditorio.<\/p>\n<p>-Presentaci\u00f3n del proyecto \u201cCaminos del Agua\u201d &#8211; Cerro de los Viejos. Direcci\u00f3n Provincial de Patrimonio Cultural. Destinado a nivel Secundario. Sala Nervi.<\/p>\n<p><strong>15 horas:<\/strong><\/p>\n<p>-Chocolatada cient\u00edfica: La fauna microsc\u00f3pica tambi\u00e9n debe ser protegida. Expositoras: Dra. Mariana Rocha y Lic. Irene Doma \u2013 Facultad de Ciencias Exactas y Naturales \u2013 UNLPam. Destinado a nivel Primario. Sala Nervi.<\/p>\n<p><strong>15.30 horas:<\/strong><\/p>\n<p>-Presentaci\u00f3n de las canciones del Gato Pirucho: Maullando por un sue\u00f1o, de Stella Gamba. Destinado a nivel Inicial y Primario. Auditorio.<\/p>\n<p><strong>17 horas:<\/strong><\/p>\n<p><strong>-Legislaci\u00f3n y pol\u00edticas culturales. Alejandro Dujovne, investigador de CONICET, presenta proyecto de ley de creaci\u00f3n del Instituto Nacional del Libro.<\/strong> Destinado a escritores, editoriales, libreros, gestores culturales, y p\u00fablico en general. Sala Nervi.<\/p>\n<p><strong>19 horas:<\/strong><\/p>\n<p><strong>-Conversatorio Poes\u00eda en escena: con Fernando Noy y Samuel Bossini. <\/strong>Destinado a poetas, actores, cuentacuentos, escritores, maestros y bibliotecarios. Consejo Federal de Inversiones. Auditorio.<\/p>\n<p>-Presentaci\u00f3n de libros acad\u00e9micos de inter\u00e9s regional de la Universidad Nacional de La Pampa:<\/p>\n<p>Historia del Poder Judicial de La Pampa, de Helga Mar\u00eda Lell (Comp.); Las inundaciones en el Noreste de La Pampa. Una mirada multidisciplinar, a cargo de Beatriz Dillon y Daila Pombo (Coord.); Actores pol\u00edticos y reorganizaci\u00f3n partidaria en la patagonia (1980-1983), de Marisa Moroni (Comp.) y Geograf\u00eda y ense\u00f1anza. Investigaci\u00f3n, reflexi\u00f3n y pr\u00e1cticas, a cargo de Mar\u00eda Cristina Nin (Comp.). Sala Nervi.<\/p>\n<p>&nbsp;<\/p>\n<p>Viernes 4<\/p>\n<p><strong>9 horas:<\/strong><\/p>\n<p>-Presentaci\u00f3n de las canciones del Gato Pirucho: Maullando por un sue\u00f1o, de Stella Gamba. Destinado a nivel Inicial y Primario. Auditorio.<\/p>\n<p>-Charla sobre la Ley Provincial de Arqueolog\u00eda y Paleontolog\u00eda. Direcci\u00f3n Provincial de Patrimonio Cultural y Museo Provincial de Historia Natural. Destinado a nivel Secundario. Sala Nervi.<\/p>\n<p><strong>10 horas:<\/strong><\/p>\n<p>-Presentaci\u00f3n del libro de historietas Yanka y Rayen. Historias de la cultura ranquel, a cargo de Javier Villalba y Mat\u00edas Prieto Can\u00e9. Destinado a nivel Primario. Organiza: 7 Sellos Editorial Cooperativa. Auditorio.<\/p>\n<p>-Capacitaci\u00f3n: Libros, mediadores y comunidad &#8211; Herramientas de gesti\u00f3n, planificaci\u00f3n y reflexi\u00f3n para el desarrollo de las Bibliotecas Populares &#8211; Tercera etapa, a cargo de Marisa Negri y Braian Urban. Consejo Federal de Inversiones y Secretar\u00eda de Cultura. Sala Nervi.<\/p>\n<p>-Presentaci\u00f3n del libro Historias de Encuentros del Programa INAUN. Destinado a nivel Secundario. Sala Curadur\u00eda.<\/p>\n<p><strong>10.30 horas:<\/strong><\/p>\n<p>-Le\u00e9 esto (que est\u00e1 buen\u00edsimo) <a href=\"https:\/\/www.facebook.com\/hashtag\/le%C3%A9esto?source=note&amp;epa=HASHTAG\">#Le\u00e9Esto<\/a> <a href=\"https:\/\/www.facebook.com\/hashtag\/unlpamlee?source=note&amp;epa=HASHTAG\">#UNLPamLee<\/a>. Para todo p\u00fablico. Arte Propio.<\/p>\n<p><strong>14 horas:<\/strong><\/p>\n<p>-Presentaci\u00f3n del libro de historietas Yanka y Rayen. Historias de la cultura ranquel, a cargo de Javier Villalba y Mat\u00edas Prieto Can\u00e9. Destinado a nivel Primario. Organiza: 7 Sellos Editorial Cooperativa. Auditorio.<\/p>\n<p>-Capacitaci\u00f3n: Libros, mediadores y comunidad &#8211; Herramientas de gesti\u00f3n, planificaci\u00f3n y reflexi\u00f3n para el desarrollo de las Bibliotecas Populares &#8211; Tercera etapa, a cargo de Marisa Negri y Braian Urban. Consejo Federal de Inversiones y Secretar\u00eda de Cultura. Sala Nervi.<\/p>\n<p><strong>15 horas:<\/strong><\/p>\n<p>-Presentaci\u00f3n del libro El baile de las ranas, cuentos y poes\u00edas, a cargo de Nidia Tineo. Destinado a nivel Inicial y Primario. Sala Curadur\u00eda.<\/p>\n<p>-Presentaci\u00f3n del cuadernillo Diferentes pero iguales de la Secretar\u00eda de la Mujer. Arte Propio.<\/p>\n<p><strong>16 horas:<\/strong><\/p>\n<p><strong>-Taller te\u00f3rico Los BBB y el retelling en la literatura juvenil, a cargo de Meli Corbetto y Cristina Alemany.<\/strong> Destinado a j\u00f3venes, docentes y dem\u00e1s personas interesadas en la literatura juvenil, la comunicaci\u00f3n, la producci\u00f3n de contenido online y las redes sociales. Consejo Federal de Inversiones. Auditorio.<\/p>\n<p><strong>17 horas:<\/strong><\/p>\n<p><strong>-Taller-conversatorio Hablapoes\u00eda, a cargo de Samuel Bossini.<\/strong> Destinado a escritores, lectores e interesados en una aproximaci\u00f3n a la poes\u00eda. Consejo Federal de Inversiones. Sala Nervi.<\/p>\n<p><strong>19 horas:<\/strong><\/p>\n<p>-Presentaci\u00f3n de Canto Quetral III de Juan Carlos Bustriazo Ortiz (Edici\u00f3n de la Secretar\u00eda de Cultura del Gobierno de La Pampa); Pampas del Sud (APE &#8211; Secretar\u00eda de Cultura); Cr\u00f3nicas de Pichimiric\u00f3 (Fondo Editorial Pampeano); Libro digital Pueblos Ind\u00edgenas y Migraciones en la Pampa (Publicaci\u00f3n de la Modalidad de Educaci\u00f3n Intercultural Biling\u00fce &#8211; A\u00f1o 2019) y Paulino Ortellado: un guitarrero pampeano (Edici\u00f3n de UPCN &#8211; Seccional La Pampa). Auditorio.<\/p>\n<p>-Bestiario, realizaci\u00f3n de un fanzine de animales. Estudio Mafia. Destinado a nivel Terciario. Sala Curadur\u00eda.<\/p>\n<p>-Presentaci\u00f3n del libro Miradas de Patricia Bonjour. Arte Propio.<\/p>\n<p>-Taller C\u00f3mo escribir la historia para ni\u00f1os y ni\u00f1as. Desde la paradoja a lo l\u00fadico, a cargo de Ram\u00f3n Tarruella. Destinado a docentes y estudiantes de Institutos de Formaci\u00f3n Docente. Sala Nervi.<\/p>\n<p>&nbsp;<\/p>\n<p>S\u00e1bado 5<\/p>\n<p><strong>9 horas:<\/strong><\/p>\n<p>-Capacitaci\u00f3n: Libros, mediadores y comunidad &#8211; Herramientas de gesti\u00f3n, planificaci\u00f3n y reflexi\u00f3n para el desarrollo de las Bibliotecas Populares &#8211; Tercera etapa, a cargo de Marisa Negri y Braian Urban. Consejo Federal de Inversiones y Secretar\u00eda de Cultura. Sala Nervi.<\/p>\n<p><strong>14 horas:<\/strong><\/p>\n<p><strong>-Taller te\u00f3rico Los BBB y el retelling en la literatura juvenil, a cargo de Meli Corbetto y Cristina Alemany.<\/strong> Destinado a j\u00f3venes, docentes y dem\u00e1s personas interesadas en la literatura juvenil, la comunicaci\u00f3n, la producci\u00f3n de contenido online y las redes sociales. Consejo Federal de Inversiones. Auditorio.<\/p>\n<p>-Presentaci\u00f3n de Pampa Patag\u00f3nica, de Quique Rodr\u00edguez. Sala Curadur\u00eda.<\/p>\n<p><strong>15 horas:<\/strong><\/p>\n<p>-Presentaci\u00f3n El valor de las antolog\u00edas como difusi\u00f3n y canon. Participan: \u00c1gueda Franco, Carlos Garrido, Olga Reinoso y Eduardo Senac. Coordina: Samuel Bossini. Destinado a escritores, poetas, profesores, investigadores y p\u00fablico general. Consejo Federal de Inversiones. Sala Nervi.<\/p>\n<p>-Presentaci\u00f3n de Dos rusos contra el mundo, de Benjamin Uriel Claverie Montes. Arte Propio.<\/p>\n<p>-Presentaci\u00f3n de El dispositivo King de Aldo Birgier. Sala Curadur\u00eda.<\/p>\n<p><strong>16 horas:<\/strong><\/p>\n<p><strong>-Mesa debate: Las redes sociales y la literatura juvenil hoy. C\u00f3mo se comunican lectores, autores y editoriales. Panelistas: Meli Corbetto, Sof\u00eda Mascar\u00f3, Gladys Lej y Diana Torales. <\/strong>Coordina: Cristina Alemany. Destinado a p\u00fablico en general. Consejo Federal de Inversiones. Auditorio.<\/p>\n<p>-La Asociaci\u00f3n Pampeana de Escritores presenta a delegaci\u00f3n de Realic\u00f3. Sala Curadur\u00eda.<\/p>\n<p><strong>17 horas:<\/strong><\/p>\n<p>-Presentaci\u00f3n del libro El viento y las l\u00e1mparas de Silvia Martin. Arte Propio.<\/p>\n<p>-Presentaci\u00f3n del libro El sitio Chenque I. Un cementerio prehisp\u00e1nico en la pampa occidental de M\u00f3nica Ber\u00f3n. Sala Nervi.<\/p>\n<p>-Presentaci\u00f3n del Blog de viajeros: Cicloturismo y trekking La Pampa -Cumbres y Caminos, a cargo del grupo Pedaleadas. Sala Curadur\u00eda.<\/p>\n<p><strong>17.30 horas:<\/strong><\/p>\n<p>-INAMU en la feria: Charla &#8211; debate sobre pol\u00edticas p\u00fablicas para la m\u00fasica y la danza, legislaci\u00f3n de la actividad y estado actual del Instituto, a cargo de Diego Boris, presidente del Instituto Nacional de la M\u00fasica. Destinado a m\u00fasicos, bailarines, productores, gestores culturales y p\u00fablico en general. Auditorio.<\/p>\n<p><strong>18 horas:<\/strong><\/p>\n<p>-Presentaci\u00f3n del libro Shuptun, el eco, estudio del idioma de los G\u00fcn\u00fcn a k\u00fcna (Pampas Antiguos o Tehuelches Septentrionales). Sala Nervi.<\/p>\n<p>-Presentaci\u00f3n del libro El lamento del Atuel II, de Osvaldo Campanari. Arte Propio.<\/p>\n<p>-Presentaci\u00f3n del libro El visitante de Miguel G\u00f3mez Drummell. Sala Curadur\u00eda.<\/p>\n<p><strong>19.30 horas:<\/strong><\/p>\n<p><strong>-Entrega del Premio Testimonio a personalidades destacadas de nuestra provincia.<\/strong> Auditorio.<\/p>\n<p>&nbsp;<\/p>\n<p>Domingo 6<\/p>\n<p><strong>15 horas:<\/strong><\/p>\n<p>-Presentaci\u00f3n del libro Con los pies en la tierra y la mirada al cielo a cargo de Micaela Alonso y Quijote deshilachado de Ariel Dietz. Sala Nervi.<\/p>\n<p>-Presentaci\u00f3n de Relatos de nuestra comarca de Luis Rold\u00e1n. Sala Curadur\u00eda.<\/p>\n<p>-Presentaci\u00f3n de Confidencial de Andrea Pianovi. Arte Propio.<\/p>\n<p><strong>16 horas:<\/strong><\/p>\n<p>-Presentaci\u00f3n del libro Historia de la casa Bullrich, 1867-1978. Or\u00edgenes y desarrollo de una empresa familiar de Ignacio Zubizarreta. Sala Curadur\u00eda.<\/p>\n<p>-Presentaci\u00f3n del libro La volver\u00eda a matar de Andr\u00e9s Borrello y Memorial &#8211; Testimoniales del juicio hist\u00f3rico de la subzona 1.4 de Silvio Tejada. Sala Nervi.<\/p>\n<p>-\u00abEditorial Voces: una experiencia cooperativa\u00bb, presentaci\u00f3n de: cds Eco de mi voz de Viviana Dal Santo, Peque\u00f1os milagros de Gabriel Raiz, Un viejo mar de Juan Carlos Corso y Un territorio inabarcable de Edgar Morisoli. Los libros incluyen Pap\u00e1 en Ciudad Rodrigo de Miguel de la Cruz y Once Aguas de Walter Cazenave. Auditorio.<\/p>\n<p>-Presentaci\u00f3n del libro Entre ayer y hoy de Aldo Alonso. Arte Propio.<\/p>\n<p><strong>17 horas:<\/strong><\/p>\n<p>-Presentaci\u00f3n de libros de escritores socios de la Asociaci\u00f3n Pampeana de Escritores. Sala Nervi.<\/p>\n<p>-Presentaci\u00f3n de Recuerdos de Chos Malal a cargo de Roberto Hepper. Sala Curadur\u00eda.<\/p>\n<p>-Presentaci\u00f3n de Mariposas de Noem\u00ed Rubiano y Trozos de mi alma y conciencia de Olga Mary Vargas. Arte Propio.<\/p>\n<p><strong>18 horas:<\/strong><\/p>\n<p>-Presentaci\u00f3n del libro La Magia en el derrumbe, de Victoria Alcala. Sala Curadur\u00eda.<\/p>\n<p><strong>19 horas:<\/strong><\/p>\n<p><strong>-Antonio Birabent presenta Oficio: Juglar.<\/strong> Auditorio.<\/p>\n<p><img decoding=\"async\" class=\"alignnone size-full wp-image-59477\" src=\"http:\/\/diariotextual.com\/inicio\/wp-content\/uploads\/2019\/08\/birabentantonio9677.jpg\" alt=\"\" width=\"778\" height=\"410\" srcset=\"https:\/\/diariotextual.com\/inicio\/wp-content\/uploads\/2019\/08\/birabentantonio9677.jpg 778w, https:\/\/diariotextual.com\/inicio\/wp-content\/uploads\/2019\/08\/birabentantonio9677-300x158.jpg 300w, https:\/\/diariotextual.com\/inicio\/wp-content\/uploads\/2019\/08\/birabentantonio9677-768x405.jpg 768w, https:\/\/diariotextual.com\/inicio\/wp-content\/uploads\/2019\/08\/birabentantonio9677-585x308.jpg 585w\" sizes=\"(max-width: 778px) 100vw, 778px\" \/><\/p>\n<p>PROPUESTAS INTERACTIVAS PERMANENTES<\/p>\n<p><em>MI\u00c9RCOLES A VIERNES DE 9 a 12 y de 14 a 18 HORAS <\/em><\/p>\n<p><em>S\u00c1BADO y DOMINGO DE 14 A 18 HORAS<\/em><\/p>\n<p><strong>-\u201dCaminos del arte: sue\u00f1os de agua\u201d<\/strong>. Museo Provincial de Artes. Hall Medasur.<\/p>\n<p><strong>-\u201cLa vida es juego&#8230;Un ropero m\u00e1gico para armar personajes\u201d.<\/strong> Hall Medasur<\/p>\n<p><strong>-Laboratorio de experiencias po\u00e9ticas: El mundo es un texto (que leemos todos los d\u00edas). <\/strong>Coordina: \u201cLa casa ambulante\u201d del equipo educativo de la Casa Museo Olga Orozco. Destinado a ni\u00f1os y ni\u00f1as desde los 7 a\u00f1os en adelante. Jardines del Medasur.<\/p>\n<p>&#8211;<strong>PaleoCuriosos: los gigantes pampeanos llegan a la Feria del Libro.<\/strong> Muestra y actividades relacionadas a la Paleontolog\u00eda de La Pampa. Museo Provincial de Historia Natural. Para todo p\u00fablico. Carpa.<\/p>\n<p><strong>-Stand de \u201cCaminos del Agua\u201d &#8211; Cerro de los Viejos <\/strong>&#8211; Direcci\u00f3n Provincial de Patrimonio Provincial.<\/p>\n<p>&nbsp;<\/p>\n<p><strong>Invitados especiales:\u00a0<\/strong>Consejo Federal de Inversiones (1\u00b0 Piso),\u00a0Uni\u00f3n de Trabajadores de la Educaci\u00f3n de La Pampa (2\u00b0 Piso),\u00a0Biblioteca Nacional (2\u00b0 Piso),\u00a0Bibliotecas Populares de Santa Rosa (Carpa),\u00a0Instituto Nacional de la M\u00fasica e\u00a0Instituto Nacional del Teatro (2\u00b0 Piso).<\/p>\n<p>&nbsp;<\/p>\n<p><strong>Editoriales presentes: L<\/strong>a Mariposa y la Iguana,\u00a0Orgullo y Prejuicio, Sudestada,\u00a0Buen Gusto Ediciones,\u00a0Cienvolando,\u00a0La Coop,\u00a0M\u00e1gicas Naranjas; Iamiqu\u00e9 y Peque\u00f1o Editor;\u00a0Tela, Papel y Madera;\u00a0Limonero y Gerbera; Sigilo, Godot y Gourmet Musical;\u00a0Mil Botellas;\u00a0Albino y Asociados;\u00a0Eterna Cadencia;\u00a0Editorial Mate;\u00a0Eduntref;\u00a0Edunlpam;\u00a0Membrillo Encuadernaciones;\u00a0Centro Cultural de la Cooperaci\u00f3n;\u00a0Arte Propio;\u00a07 Sellos Editorial Cooperativa;\u00a0Gr\u00e1fica 29 de Mayo;\u00a0Adriana Hidalgo;\u00a0Editorial Voces;\u00a0Revista HB;\u00a04 Islas;\u00a0Enso\u00f1aci\u00f3n;\u00a0Ediciones Doble Z;\u00a0WAI Ediciones;\u00a0Mafia gusano;\u00a0Urania y Rayo Rojo;\u00a0Teatrito Rioplatense de Entidades;\u00a0Libros de la Araucaria y Punto de Encuentro y Eduvim.<\/p>\n<p><iframe style=\"border: none; overflow: hidden;\" src=\"https:\/\/www.facebook.com\/plugins\/post.php?href=https%3A%2F%2Fwww.facebook.com%2Fnotes%2F3%25C2%25BA-feria-provincial-del-libro-la-pampa%2Fprograma%2F1243901462455537%2F&amp;width=500\" width=\"500\" height=\"456\" frameborder=\"0\" scrolling=\"no\"><\/iframe><\/p>\n","protected":false},"excerpt":{"rendered":"<p>Con un amplio programa de actividades libres y gratuitas, comenzar\u00e1 este mi\u00e9rcoles 2 la 3\u00ba Feria Provincial del Libro en Santa Rosa. El acto de inauguraci\u00f3n comenzar\u00e1 a las 9.30&hellip;<\/p>\n","protected":false},"author":4,"featured_media":12001,"comment_status":"closed","ping_status":"open","sticky":false,"template":"","format":"standard","meta":{"_acf_changed":false,"footnotes":""},"categories":[11,319,2],"tags":[],"class_list":["post-64456","post","type-post","status-publish","format-standard","has-post-thumbnail","hentry","category-que-pasa","category-a-temporales","category-cultura"],"acf":[],"yoast_head":"<!-- This site is optimized with the Yoast SEO plugin v27.5 - https:\/\/yoast.com\/product\/yoast-seo-wordpress\/ -->\n<title>Comienza la 3\u00ba Feria Provincial del Libro en Santa Rosa: el programa completo - Diario Textual<\/title>\n<meta name=\"robots\" content=\"index, follow, max-snippet:-1, max-image-preview:large, max-video-preview:-1\" \/>\n<link rel=\"canonical\" href=\"https:\/\/diariotextual.com\/inicio\/index.php\/2019\/10\/01\/comienza-la-3o-feria-provincial-del-libro-santa-rosa-programa-completo\/\" \/>\n<meta property=\"og:locale\" content=\"es_ES\" \/>\n<meta property=\"og:type\" content=\"article\" \/>\n<meta property=\"og:title\" content=\"Comienza la 3\u00ba Feria Provincial del Libro en Santa Rosa: el programa completo - Diario Textual\" \/>\n<meta property=\"og:description\" content=\"Con un amplio programa de actividades libres y gratuitas, comenzar\u00e1 este mi\u00e9rcoles 2 la 3\u00ba Feria Provincial del Libro en Santa Rosa. El acto de inauguraci\u00f3n comenzar\u00e1 a las 9.30&hellip;\" \/>\n<meta property=\"og:url\" content=\"https:\/\/diariotextual.com\/inicio\/index.php\/2019\/10\/01\/comienza-la-3o-feria-provincial-del-libro-santa-rosa-programa-completo\/\" \/>\n<meta property=\"og:site_name\" content=\"Diario Textual\" \/>\n<meta property=\"article:publisher\" content=\"https:\/\/www.facebook.com\/eltextual\" \/>\n<meta property=\"article:published_time\" content=\"2019-10-01T12:13:41+00:00\" \/>\n<meta property=\"article:modified_time\" content=\"2019-10-01T18:59:32+00:00\" \/>\n<meta property=\"og:image\" content=\"https:\/\/diariotextual.com\/inicio\/wp-content\/uploads\/2018\/06\/ferialibropampastand35.jpg\" \/>\n\t<meta property=\"og:image:width\" content=\"608\" \/>\n\t<meta property=\"og:image:height\" content=\"403\" \/>\n\t<meta property=\"og:image:type\" content=\"image\/jpeg\" \/>\n<meta name=\"author\" content=\"diario2\" \/>\n<meta name=\"twitter:card\" content=\"summary_large_image\" \/>\n<meta name=\"twitter:creator\" content=\"@eltextual\" \/>\n<meta name=\"twitter:site\" content=\"@eltextual\" \/>\n<meta name=\"twitter:label1\" content=\"Escrito por\" \/>\n\t<meta name=\"twitter:data1\" content=\"diario2\" \/>\n\t<meta name=\"twitter:label2\" content=\"Tiempo de lectura\" \/>\n\t<meta name=\"twitter:data2\" content=\"12 minutos\" \/>\n<script type=\"application\/ld+json\" class=\"yoast-schema-graph\">{\"@context\":\"https:\\\/\\\/schema.org\",\"@graph\":[{\"@type\":\"Article\",\"@id\":\"https:\\\/\\\/diariotextual.com\\\/inicio\\\/index.php\\\/2019\\\/10\\\/01\\\/comienza-la-3o-feria-provincial-del-libro-santa-rosa-programa-completo\\\/#article\",\"isPartOf\":{\"@id\":\"https:\\\/\\\/diariotextual.com\\\/inicio\\\/index.php\\\/2019\\\/10\\\/01\\\/comienza-la-3o-feria-provincial-del-libro-santa-rosa-programa-completo\\\/\"},\"author\":{\"name\":\"diario2\",\"@id\":\"https:\\\/\\\/diariotextual.com\\\/inicio\\\/#\\\/schema\\\/person\\\/694f60677f23c4a530867a98f22b3768\"},\"headline\":\"Comienza la 3\u00ba Feria Provincial del Libro en Santa Rosa: el programa completo\",\"datePublished\":\"2019-10-01T12:13:41+00:00\",\"dateModified\":\"2019-10-01T18:59:32+00:00\",\"mainEntityOfPage\":{\"@id\":\"https:\\\/\\\/diariotextual.com\\\/inicio\\\/index.php\\\/2019\\\/10\\\/01\\\/comienza-la-3o-feria-provincial-del-libro-santa-rosa-programa-completo\\\/\"},\"wordCount\":2473,\"publisher\":{\"@id\":\"https:\\\/\\\/diariotextual.com\\\/inicio\\\/#organization\"},\"image\":{\"@id\":\"https:\\\/\\\/diariotextual.com\\\/inicio\\\/index.php\\\/2019\\\/10\\\/01\\\/comienza-la-3o-feria-provincial-del-libro-santa-rosa-programa-completo\\\/#primaryimage\"},\"thumbnailUrl\":\"https:\\\/\\\/diariotextual.com\\\/inicio\\\/wp-content\\\/uploads\\\/2018\\\/06\\\/ferialibropampastand35.jpg\",\"articleSection\":[\"A - QUE PASA (al costado)\",\"A - TEMPORALES\",\"CULTURA\"],\"inLanguage\":\"es\"},{\"@type\":\"WebPage\",\"@id\":\"https:\\\/\\\/diariotextual.com\\\/inicio\\\/index.php\\\/2019\\\/10\\\/01\\\/comienza-la-3o-feria-provincial-del-libro-santa-rosa-programa-completo\\\/\",\"url\":\"https:\\\/\\\/diariotextual.com\\\/inicio\\\/index.php\\\/2019\\\/10\\\/01\\\/comienza-la-3o-feria-provincial-del-libro-santa-rosa-programa-completo\\\/\",\"name\":\"Comienza la 3\u00ba Feria Provincial del Libro en Santa Rosa: el programa completo - Diario Textual\",\"isPartOf\":{\"@id\":\"https:\\\/\\\/diariotextual.com\\\/inicio\\\/#website\"},\"primaryImageOfPage\":{\"@id\":\"https:\\\/\\\/diariotextual.com\\\/inicio\\\/index.php\\\/2019\\\/10\\\/01\\\/comienza-la-3o-feria-provincial-del-libro-santa-rosa-programa-completo\\\/#primaryimage\"},\"image\":{\"@id\":\"https:\\\/\\\/diariotextual.com\\\/inicio\\\/index.php\\\/2019\\\/10\\\/01\\\/comienza-la-3o-feria-provincial-del-libro-santa-rosa-programa-completo\\\/#primaryimage\"},\"thumbnailUrl\":\"https:\\\/\\\/diariotextual.com\\\/inicio\\\/wp-content\\\/uploads\\\/2018\\\/06\\\/ferialibropampastand35.jpg\",\"datePublished\":\"2019-10-01T12:13:41+00:00\",\"dateModified\":\"2019-10-01T18:59:32+00:00\",\"breadcrumb\":{\"@id\":\"https:\\\/\\\/diariotextual.com\\\/inicio\\\/index.php\\\/2019\\\/10\\\/01\\\/comienza-la-3o-feria-provincial-del-libro-santa-rosa-programa-completo\\\/#breadcrumb\"},\"inLanguage\":\"es\",\"potentialAction\":[{\"@type\":\"ReadAction\",\"target\":[\"https:\\\/\\\/diariotextual.com\\\/inicio\\\/index.php\\\/2019\\\/10\\\/01\\\/comienza-la-3o-feria-provincial-del-libro-santa-rosa-programa-completo\\\/\"]}]},{\"@type\":\"ImageObject\",\"inLanguage\":\"es\",\"@id\":\"https:\\\/\\\/diariotextual.com\\\/inicio\\\/index.php\\\/2019\\\/10\\\/01\\\/comienza-la-3o-feria-provincial-del-libro-santa-rosa-programa-completo\\\/#primaryimage\",\"url\":\"https:\\\/\\\/diariotextual.com\\\/inicio\\\/wp-content\\\/uploads\\\/2018\\\/06\\\/ferialibropampastand35.jpg\",\"contentUrl\":\"https:\\\/\\\/diariotextual.com\\\/inicio\\\/wp-content\\\/uploads\\\/2018\\\/06\\\/ferialibropampastand35.jpg\",\"width\":608,\"height\":403},{\"@type\":\"BreadcrumbList\",\"@id\":\"https:\\\/\\\/diariotextual.com\\\/inicio\\\/index.php\\\/2019\\\/10\\\/01\\\/comienza-la-3o-feria-provincial-del-libro-santa-rosa-programa-completo\\\/#breadcrumb\",\"itemListElement\":[{\"@type\":\"ListItem\",\"position\":1,\"name\":\"Portada\",\"item\":\"https:\\\/\\\/diariotextual.com\\\/inicio\\\/\"},{\"@type\":\"ListItem\",\"position\":2,\"name\":\"Comienza la 3\u00ba Feria Provincial del Libro en Santa Rosa: el programa completo\"}]},{\"@type\":\"WebSite\",\"@id\":\"https:\\\/\\\/diariotextual.com\\\/inicio\\\/#website\",\"url\":\"https:\\\/\\\/diariotextual.com\\\/inicio\\\/\",\"name\":\"Diario Textual\",\"description\":\"\",\"publisher\":{\"@id\":\"https:\\\/\\\/diariotextual.com\\\/inicio\\\/#organization\"},\"potentialAction\":[{\"@type\":\"SearchAction\",\"target\":{\"@type\":\"EntryPoint\",\"urlTemplate\":\"https:\\\/\\\/diariotextual.com\\\/inicio\\\/?s={search_term_string}\"},\"query-input\":{\"@type\":\"PropertyValueSpecification\",\"valueRequired\":true,\"valueName\":\"search_term_string\"}}],\"inLanguage\":\"es\"},{\"@type\":\"Organization\",\"@id\":\"https:\\\/\\\/diariotextual.com\\\/inicio\\\/#organization\",\"name\":\"Diario Textual\",\"url\":\"https:\\\/\\\/diariotextual.com\\\/inicio\\\/\",\"logo\":{\"@type\":\"ImageObject\",\"inLanguage\":\"es\",\"@id\":\"https:\\\/\\\/diariotextual.com\\\/inicio\\\/#\\\/schema\\\/logo\\\/image\\\/\",\"url\":\"https:\\\/\\\/diariotextual.com\\\/inicio\\\/wp-content\\\/uploads\\\/2023\\\/05\\\/logotextual1.jpg\",\"contentUrl\":\"https:\\\/\\\/diariotextual.com\\\/inicio\\\/wp-content\\\/uploads\\\/2023\\\/05\\\/logotextual1.jpg\",\"width\":516,\"height\":76,\"caption\":\"Diario Textual\"},\"image\":{\"@id\":\"https:\\\/\\\/diariotextual.com\\\/inicio\\\/#\\\/schema\\\/logo\\\/image\\\/\"},\"sameAs\":[\"https:\\\/\\\/www.facebook.com\\\/eltextual\",\"https:\\\/\\\/x.com\\\/eltextual\",\"http:\\\/\\\/www.instagram.com\\\/eltextual\"]},{\"@type\":\"Person\",\"@id\":\"https:\\\/\\\/diariotextual.com\\\/inicio\\\/#\\\/schema\\\/person\\\/694f60677f23c4a530867a98f22b3768\",\"name\":\"diario2\",\"image\":{\"@type\":\"ImageObject\",\"inLanguage\":\"es\",\"@id\":\"https:\\\/\\\/secure.gravatar.com\\\/avatar\\\/5a2567495ba16b852fcd8f1ed006a2e24fcace936018ed8237e95f488ad6e0a7?s=96&d=mm&r=g\",\"url\":\"https:\\\/\\\/secure.gravatar.com\\\/avatar\\\/5a2567495ba16b852fcd8f1ed006a2e24fcace936018ed8237e95f488ad6e0a7?s=96&d=mm&r=g\",\"contentUrl\":\"https:\\\/\\\/secure.gravatar.com\\\/avatar\\\/5a2567495ba16b852fcd8f1ed006a2e24fcace936018ed8237e95f488ad6e0a7?s=96&d=mm&r=g\",\"caption\":\"diario2\"},\"url\":\"https:\\\/\\\/diariotextual.com\\\/inicio\\\/index.php\\\/author\\\/diario2\\\/\"}]}<\/script>\n<!-- \/ Yoast SEO plugin. -->","yoast_head_json":{"title":"Comienza la 3\u00ba Feria Provincial del Libro en Santa Rosa: el programa completo - Diario Textual","robots":{"index":"index","follow":"follow","max-snippet":"max-snippet:-1","max-image-preview":"max-image-preview:large","max-video-preview":"max-video-preview:-1"},"canonical":"https:\/\/diariotextual.com\/inicio\/index.php\/2019\/10\/01\/comienza-la-3o-feria-provincial-del-libro-santa-rosa-programa-completo\/","og_locale":"es_ES","og_type":"article","og_title":"Comienza la 3\u00ba Feria Provincial del Libro en Santa Rosa: el programa completo - Diario Textual","og_description":"Con un amplio programa de actividades libres y gratuitas, comenzar\u00e1 este mi\u00e9rcoles 2 la 3\u00ba Feria Provincial del Libro en Santa Rosa. El acto de inauguraci\u00f3n comenzar\u00e1 a las 9.30&hellip;","og_url":"https:\/\/diariotextual.com\/inicio\/index.php\/2019\/10\/01\/comienza-la-3o-feria-provincial-del-libro-santa-rosa-programa-completo\/","og_site_name":"Diario Textual","article_publisher":"https:\/\/www.facebook.com\/eltextual","article_published_time":"2019-10-01T12:13:41+00:00","article_modified_time":"2019-10-01T18:59:32+00:00","og_image":[{"width":608,"height":403,"url":"https:\/\/diariotextual.com\/inicio\/wp-content\/uploads\/2018\/06\/ferialibropampastand35.jpg","type":"image\/jpeg"}],"author":"diario2","twitter_card":"summary_large_image","twitter_creator":"@eltextual","twitter_site":"@eltextual","twitter_misc":{"Escrito por":"diario2","Tiempo de lectura":"12 minutos"},"schema":{"@context":"https:\/\/schema.org","@graph":[{"@type":"Article","@id":"https:\/\/diariotextual.com\/inicio\/index.php\/2019\/10\/01\/comienza-la-3o-feria-provincial-del-libro-santa-rosa-programa-completo\/#article","isPartOf":{"@id":"https:\/\/diariotextual.com\/inicio\/index.php\/2019\/10\/01\/comienza-la-3o-feria-provincial-del-libro-santa-rosa-programa-completo\/"},"author":{"name":"diario2","@id":"https:\/\/diariotextual.com\/inicio\/#\/schema\/person\/694f60677f23c4a530867a98f22b3768"},"headline":"Comienza la 3\u00ba Feria Provincial del Libro en Santa Rosa: el programa completo","datePublished":"2019-10-01T12:13:41+00:00","dateModified":"2019-10-01T18:59:32+00:00","mainEntityOfPage":{"@id":"https:\/\/diariotextual.com\/inicio\/index.php\/2019\/10\/01\/comienza-la-3o-feria-provincial-del-libro-santa-rosa-programa-completo\/"},"wordCount":2473,"publisher":{"@id":"https:\/\/diariotextual.com\/inicio\/#organization"},"image":{"@id":"https:\/\/diariotextual.com\/inicio\/index.php\/2019\/10\/01\/comienza-la-3o-feria-provincial-del-libro-santa-rosa-programa-completo\/#primaryimage"},"thumbnailUrl":"https:\/\/diariotextual.com\/inicio\/wp-content\/uploads\/2018\/06\/ferialibropampastand35.jpg","articleSection":["A - QUE PASA (al costado)","A - TEMPORALES","CULTURA"],"inLanguage":"es"},{"@type":"WebPage","@id":"https:\/\/diariotextual.com\/inicio\/index.php\/2019\/10\/01\/comienza-la-3o-feria-provincial-del-libro-santa-rosa-programa-completo\/","url":"https:\/\/diariotextual.com\/inicio\/index.php\/2019\/10\/01\/comienza-la-3o-feria-provincial-del-libro-santa-rosa-programa-completo\/","name":"Comienza la 3\u00ba Feria Provincial del Libro en Santa Rosa: el programa completo - Diario Textual","isPartOf":{"@id":"https:\/\/diariotextual.com\/inicio\/#website"},"primaryImageOfPage":{"@id":"https:\/\/diariotextual.com\/inicio\/index.php\/2019\/10\/01\/comienza-la-3o-feria-provincial-del-libro-santa-rosa-programa-completo\/#primaryimage"},"image":{"@id":"https:\/\/diariotextual.com\/inicio\/index.php\/2019\/10\/01\/comienza-la-3o-feria-provincial-del-libro-santa-rosa-programa-completo\/#primaryimage"},"thumbnailUrl":"https:\/\/diariotextual.com\/inicio\/wp-content\/uploads\/2018\/06\/ferialibropampastand35.jpg","datePublished":"2019-10-01T12:13:41+00:00","dateModified":"2019-10-01T18:59:32+00:00","breadcrumb":{"@id":"https:\/\/diariotextual.com\/inicio\/index.php\/2019\/10\/01\/comienza-la-3o-feria-provincial-del-libro-santa-rosa-programa-completo\/#breadcrumb"},"inLanguage":"es","potentialAction":[{"@type":"ReadAction","target":["https:\/\/diariotextual.com\/inicio\/index.php\/2019\/10\/01\/comienza-la-3o-feria-provincial-del-libro-santa-rosa-programa-completo\/"]}]},{"@type":"ImageObject","inLanguage":"es","@id":"https:\/\/diariotextual.com\/inicio\/index.php\/2019\/10\/01\/comienza-la-3o-feria-provincial-del-libro-santa-rosa-programa-completo\/#primaryimage","url":"https:\/\/diariotextual.com\/inicio\/wp-content\/uploads\/2018\/06\/ferialibropampastand35.jpg","contentUrl":"https:\/\/diariotextual.com\/inicio\/wp-content\/uploads\/2018\/06\/ferialibropampastand35.jpg","width":608,"height":403},{"@type":"BreadcrumbList","@id":"https:\/\/diariotextual.com\/inicio\/index.php\/2019\/10\/01\/comienza-la-3o-feria-provincial-del-libro-santa-rosa-programa-completo\/#breadcrumb","itemListElement":[{"@type":"ListItem","position":1,"name":"Portada","item":"https:\/\/diariotextual.com\/inicio\/"},{"@type":"ListItem","position":2,"name":"Comienza la 3\u00ba Feria Provincial del Libro en Santa Rosa: el programa completo"}]},{"@type":"WebSite","@id":"https:\/\/diariotextual.com\/inicio\/#website","url":"https:\/\/diariotextual.com\/inicio\/","name":"Diario Textual","description":"","publisher":{"@id":"https:\/\/diariotextual.com\/inicio\/#organization"},"potentialAction":[{"@type":"SearchAction","target":{"@type":"EntryPoint","urlTemplate":"https:\/\/diariotextual.com\/inicio\/?s={search_term_string}"},"query-input":{"@type":"PropertyValueSpecification","valueRequired":true,"valueName":"search_term_string"}}],"inLanguage":"es"},{"@type":"Organization","@id":"https:\/\/diariotextual.com\/inicio\/#organization","name":"Diario Textual","url":"https:\/\/diariotextual.com\/inicio\/","logo":{"@type":"ImageObject","inLanguage":"es","@id":"https:\/\/diariotextual.com\/inicio\/#\/schema\/logo\/image\/","url":"https:\/\/diariotextual.com\/inicio\/wp-content\/uploads\/2023\/05\/logotextual1.jpg","contentUrl":"https:\/\/diariotextual.com\/inicio\/wp-content\/uploads\/2023\/05\/logotextual1.jpg","width":516,"height":76,"caption":"Diario Textual"},"image":{"@id":"https:\/\/diariotextual.com\/inicio\/#\/schema\/logo\/image\/"},"sameAs":["https:\/\/www.facebook.com\/eltextual","https:\/\/x.com\/eltextual","http:\/\/www.instagram.com\/eltextual"]},{"@type":"Person","@id":"https:\/\/diariotextual.com\/inicio\/#\/schema\/person\/694f60677f23c4a530867a98f22b3768","name":"diario2","image":{"@type":"ImageObject","inLanguage":"es","@id":"https:\/\/secure.gravatar.com\/avatar\/5a2567495ba16b852fcd8f1ed006a2e24fcace936018ed8237e95f488ad6e0a7?s=96&d=mm&r=g","url":"https:\/\/secure.gravatar.com\/avatar\/5a2567495ba16b852fcd8f1ed006a2e24fcace936018ed8237e95f488ad6e0a7?s=96&d=mm&r=g","contentUrl":"https:\/\/secure.gravatar.com\/avatar\/5a2567495ba16b852fcd8f1ed006a2e24fcace936018ed8237e95f488ad6e0a7?s=96&d=mm&r=g","caption":"diario2"},"url":"https:\/\/diariotextual.com\/inicio\/index.php\/author\/diario2\/"}]}},"_links":{"self":[{"href":"https:\/\/diariotextual.com\/inicio\/index.php\/wp-json\/wp\/v2\/posts\/64456","targetHints":{"allow":["GET"]}}],"collection":[{"href":"https:\/\/diariotextual.com\/inicio\/index.php\/wp-json\/wp\/v2\/posts"}],"about":[{"href":"https:\/\/diariotextual.com\/inicio\/index.php\/wp-json\/wp\/v2\/types\/post"}],"author":[{"embeddable":true,"href":"https:\/\/diariotextual.com\/inicio\/index.php\/wp-json\/wp\/v2\/users\/4"}],"replies":[{"embeddable":true,"href":"https:\/\/diariotextual.com\/inicio\/index.php\/wp-json\/wp\/v2\/comments?post=64456"}],"version-history":[{"count":3,"href":"https:\/\/diariotextual.com\/inicio\/index.php\/wp-json\/wp\/v2\/posts\/64456\/revisions"}],"predecessor-version":[{"id":64466,"href":"https:\/\/diariotextual.com\/inicio\/index.php\/wp-json\/wp\/v2\/posts\/64456\/revisions\/64466"}],"wp:featuredmedia":[{"embeddable":true,"href":"https:\/\/diariotextual.com\/inicio\/index.php\/wp-json\/wp\/v2\/media\/12001"}],"wp:attachment":[{"href":"https:\/\/diariotextual.com\/inicio\/index.php\/wp-json\/wp\/v2\/media?parent=64456"}],"wp:term":[{"taxonomy":"category","embeddable":true,"href":"https:\/\/diariotextual.com\/inicio\/index.php\/wp-json\/wp\/v2\/categories?post=64456"},{"taxonomy":"post_tag","embeddable":true,"href":"https:\/\/diariotextual.com\/inicio\/index.php\/wp-json\/wp\/v2\/tags?post=64456"}],"curies":[{"name":"wp","href":"https:\/\/api.w.org\/{rel}","templated":true}]}}