{"id":64457,"date":"2019-10-01T09:02:42","date_gmt":"2019-10-01T12:02:42","guid":{"rendered":"http:\/\/diariotextual.com\/inicio\/?p=64457"},"modified":"2019-10-01T19:59:50","modified_gmt":"2019-10-01T22:59:50","slug":"sobreseyeron-al-exfuncionario-del-senasa-amenazo-cagar-tiros-los-coloquen-carteles-kicillof","status":"publish","type":"post","link":"https:\/\/diariotextual.com\/inicio\/index.php\/2019\/10\/01\/sobreseyeron-al-exfuncionario-del-senasa-amenazo-cagar-tiros-los-coloquen-carteles-kicillof\/","title":{"rendered":"Sobreseyeron al exfuncionario del Senasa que amenaz\u00f3 con \u00abcagar a tiros\u00bb a los que coloquen carteles de Kicillof"},"content":{"rendered":"<p>El juez federal de Santa Rosa,<strong>\u00a0Juan Baric<\/strong>,<strong> sobresey\u00f3 a Carlos Mart\u00edn Montoya<\/strong>, el <strong>exfuncionario <\/strong>del Senasa que amenaz\u00f3 con <a href=\"http:\/\/diariotextual.com\/inicio\/index.php\/2019\/09\/19\/pampeano-funcionario-nacional-prometio-cagar-tiros-al-pegue-cartel-campo\/\" target=\"_blank\" rel=\"noopener\"><strong>disparar a quienes coloquen carteles en su campo de Axel Kicillof<\/strong><\/a>, candidato a la gobernaci\u00f3n bonaerense, al enojarse por no ver ninguno de Mar\u00eda Eugenia Vidal.<\/p>\n<p>Montoya -quien reside en Buenos Aires y tiene un campo en la zona de Quehu\u00e9- hab\u00eda sido acusado por el Ministerio P\u00fablico Fiscal por los\u00a0<strong>delitos\u00a0de intimidaci\u00f3n p\u00fablica, incitaci\u00f3n p\u00fablica a la violencia y apolog\u00eda del crimen.<\/strong><\/p>\n<p>Baric dijo que no hubo delito. \u00abNo est\u00e1 bien lo que hizo (Montoya) pero no encuadra en ninguna figura penal\u00bb, dijo a El Destape. Sin embargo,<strong>\u00a0sostuvo que los casos en que Mauricio Macri fue amenazado por redes sociales \u00abs\u00ed son delito\u00bb y debe investigarse. \u00abEn los casos de Macri hay un sujeto pasivo sobre el cual va dirigida la amenaza, cosa que en este caso no la ten\u00e9s\u00bb, sostuvo.<\/strong><\/p>\n<p>Seg\u00fan contaron fuentes judiciales, la fiscal\u00eda entendi\u00f3 que estos dichos infundieron \u00abtemor p\u00fablico\u00bb adem\u00e1s de configurar una amenaza \u00abcon la comisi\u00f3n de un delito e incitando a la violencia contra un grupo de personas\u00bb, lo que gener\u00f3 \u00abuna situaci\u00f3n concreta de alarma\u00bb. Incluso, Montoya renunci\u00f3 un d\u00eda despu\u00e9s de conocido el video.<\/p>\n<p>Pese a ello, el juez defini\u00f3 sobreseerlo al argumentar que se trat\u00f3 de un \u00abexabrupto\u00bb, al cual calific\u00f3 como \u00abaquello que se concreta imprevistamente o de forma brusca, impensada\u00bb. Ahora la fiscal\u00eda analiza apelar ese sobreseimiento y definir\u00e1 la C\u00e1mara Federal de Bah\u00eda Blanca.<\/p>\n<p><iframe style=\"border: none; overflow: hidden;\" src=\"https:\/\/www.facebook.com\/plugins\/video.php?href=https%3A%2F%2Fwww.facebook.com%2Feltextual%2Fvideos%2F2495395637215554%2F&amp;show_text=1&amp;width=267\" width=\"267\" height=\"1028\" frameborder=\"0\" scrolling=\"no\" allowfullscreen=\"allowfullscreen\"><\/iframe><\/p>\n<p>&nbsp;<\/p>\n<p>&nbsp;<\/p>\n<p>&nbsp;<\/p>\n<p>&nbsp;<\/p>\n","protected":false},"excerpt":{"rendered":"<p>El juez federal de Santa Rosa,\u00a0Juan Baric, sobresey\u00f3 a Carlos Mart\u00edn Montoya, el exfuncionario del Senasa que amenaz\u00f3 con disparar a quienes coloquen carteles en su campo de Axel Kicillof,&hellip;<\/p>\n","protected":false},"author":3,"featured_media":63153,"comment_status":"closed","ping_status":"open","sticky":false,"template":"","format":"standard","meta":{"_acf_changed":false,"footnotes":""},"categories":[319,12],"tags":[2251],"class_list":["post-64457","post","type-post","status-publish","format-standard","has-post-thumbnail","hentry","category-a-temporales","category-sociedad","tag-montoya"],"acf":[],"yoast_head":"<!-- This site is optimized with the Yoast SEO plugin v27.5 - https:\/\/yoast.com\/product\/yoast-seo-wordpress\/ -->\n<title>Sobreseyeron al exfuncionario del Senasa que amenaz\u00f3 con &quot;cagar a tiros&quot; a los que coloquen carteles de Kicillof - Diario Textual<\/title>\n<meta name=\"robots\" content=\"index, follow, max-snippet:-1, max-image-preview:large, max-video-preview:-1\" \/>\n<link rel=\"canonical\" href=\"https:\/\/diariotextual.com\/inicio\/index.php\/2019\/10\/01\/sobreseyeron-al-exfuncionario-del-senasa-amenazo-cagar-tiros-los-coloquen-carteles-kicillof\/\" \/>\n<meta property=\"og:locale\" content=\"es_ES\" \/>\n<meta property=\"og:type\" content=\"article\" \/>\n<meta property=\"og:title\" content=\"Sobreseyeron al exfuncionario del Senasa que amenaz\u00f3 con &quot;cagar a tiros&quot; a los que coloquen carteles de Kicillof - Diario Textual\" \/>\n<meta property=\"og:description\" content=\"El juez federal de Santa Rosa,\u00a0Juan Baric, sobresey\u00f3 a Carlos Mart\u00edn Montoya, el exfuncionario del Senasa que amenaz\u00f3 con disparar a quienes coloquen carteles en su campo de Axel Kicillof,&hellip;\" \/>\n<meta property=\"og:url\" content=\"https:\/\/diariotextual.com\/inicio\/index.php\/2019\/10\/01\/sobreseyeron-al-exfuncionario-del-senasa-amenazo-cagar-tiros-los-coloquen-carteles-kicillof\/\" \/>\n<meta property=\"og:site_name\" content=\"Diario Textual\" \/>\n<meta property=\"article:publisher\" content=\"https:\/\/www.facebook.com\/eltextual\" \/>\n<meta property=\"article:published_time\" content=\"2019-10-01T12:02:42+00:00\" \/>\n<meta property=\"article:modified_time\" content=\"2019-10-01T22:59:50+00:00\" \/>\n<meta property=\"og:image\" content=\"https:\/\/diariotextual.com\/inicio\/wp-content\/uploads\/2019\/09\/montoyacaico1.jpg\" \/>\n\t<meta property=\"og:image:width\" content=\"705\" \/>\n\t<meta property=\"og:image:height\" content=\"459\" \/>\n\t<meta property=\"og:image:type\" content=\"image\/jpeg\" \/>\n<meta name=\"author\" content=\"Diario1 Diario1\" \/>\n<meta name=\"twitter:card\" content=\"summary_large_image\" \/>\n<meta name=\"twitter:creator\" content=\"@eltextual\" \/>\n<meta name=\"twitter:site\" content=\"@eltextual\" \/>\n<meta name=\"twitter:label1\" content=\"Escrito por\" \/>\n\t<meta name=\"twitter:data1\" content=\"Diario1 Diario1\" \/>\n\t<meta name=\"twitter:label2\" content=\"Tiempo de lectura\" \/>\n\t<meta name=\"twitter:data2\" content=\"1 minuto\" \/>\n<script type=\"application\/ld+json\" class=\"yoast-schema-graph\">{\"@context\":\"https:\\\/\\\/schema.org\",\"@graph\":[{\"@type\":\"Article\",\"@id\":\"https:\\\/\\\/diariotextual.com\\\/inicio\\\/index.php\\\/2019\\\/10\\\/01\\\/sobreseyeron-al-exfuncionario-del-senasa-amenazo-cagar-tiros-los-coloquen-carteles-kicillof\\\/#article\",\"isPartOf\":{\"@id\":\"https:\\\/\\\/diariotextual.com\\\/inicio\\\/index.php\\\/2019\\\/10\\\/01\\\/sobreseyeron-al-exfuncionario-del-senasa-amenazo-cagar-tiros-los-coloquen-carteles-kicillof\\\/\"},\"author\":{\"name\":\"Diario1 Diario1\",\"@id\":\"https:\\\/\\\/diariotextual.com\\\/inicio\\\/#\\\/schema\\\/person\\\/418fc4093c33e86ed41562db3508f958\"},\"headline\":\"Sobreseyeron al exfuncionario del Senasa que amenaz\u00f3 con \u00abcagar a tiros\u00bb a los que coloquen carteles de Kicillof\",\"datePublished\":\"2019-10-01T12:02:42+00:00\",\"dateModified\":\"2019-10-01T22:59:50+00:00\",\"mainEntityOfPage\":{\"@id\":\"https:\\\/\\\/diariotextual.com\\\/inicio\\\/index.php\\\/2019\\\/10\\\/01\\\/sobreseyeron-al-exfuncionario-del-senasa-amenazo-cagar-tiros-los-coloquen-carteles-kicillof\\\/\"},\"wordCount\":295,\"publisher\":{\"@id\":\"https:\\\/\\\/diariotextual.com\\\/inicio\\\/#organization\"},\"image\":{\"@id\":\"https:\\\/\\\/diariotextual.com\\\/inicio\\\/index.php\\\/2019\\\/10\\\/01\\\/sobreseyeron-al-exfuncionario-del-senasa-amenazo-cagar-tiros-los-coloquen-carteles-kicillof\\\/#primaryimage\"},\"thumbnailUrl\":\"https:\\\/\\\/diariotextual.com\\\/inicio\\\/wp-content\\\/uploads\\\/2019\\\/09\\\/montoyacaico1.jpg\",\"keywords\":[\"montoya\"],\"articleSection\":[\"A - TEMPORALES\",\"SOCIEDAD\"],\"inLanguage\":\"es\"},{\"@type\":\"WebPage\",\"@id\":\"https:\\\/\\\/diariotextual.com\\\/inicio\\\/index.php\\\/2019\\\/10\\\/01\\\/sobreseyeron-al-exfuncionario-del-senasa-amenazo-cagar-tiros-los-coloquen-carteles-kicillof\\\/\",\"url\":\"https:\\\/\\\/diariotextual.com\\\/inicio\\\/index.php\\\/2019\\\/10\\\/01\\\/sobreseyeron-al-exfuncionario-del-senasa-amenazo-cagar-tiros-los-coloquen-carteles-kicillof\\\/\",\"name\":\"Sobreseyeron al exfuncionario del Senasa que amenaz\u00f3 con \\\"cagar a tiros\\\" a los que coloquen carteles de Kicillof - Diario Textual\",\"isPartOf\":{\"@id\":\"https:\\\/\\\/diariotextual.com\\\/inicio\\\/#website\"},\"primaryImageOfPage\":{\"@id\":\"https:\\\/\\\/diariotextual.com\\\/inicio\\\/index.php\\\/2019\\\/10\\\/01\\\/sobreseyeron-al-exfuncionario-del-senasa-amenazo-cagar-tiros-los-coloquen-carteles-kicillof\\\/#primaryimage\"},\"image\":{\"@id\":\"https:\\\/\\\/diariotextual.com\\\/inicio\\\/index.php\\\/2019\\\/10\\\/01\\\/sobreseyeron-al-exfuncionario-del-senasa-amenazo-cagar-tiros-los-coloquen-carteles-kicillof\\\/#primaryimage\"},\"thumbnailUrl\":\"https:\\\/\\\/diariotextual.com\\\/inicio\\\/wp-content\\\/uploads\\\/2019\\\/09\\\/montoyacaico1.jpg\",\"datePublished\":\"2019-10-01T12:02:42+00:00\",\"dateModified\":\"2019-10-01T22:59:50+00:00\",\"breadcrumb\":{\"@id\":\"https:\\\/\\\/diariotextual.com\\\/inicio\\\/index.php\\\/2019\\\/10\\\/01\\\/sobreseyeron-al-exfuncionario-del-senasa-amenazo-cagar-tiros-los-coloquen-carteles-kicillof\\\/#breadcrumb\"},\"inLanguage\":\"es\",\"potentialAction\":[{\"@type\":\"ReadAction\",\"target\":[\"https:\\\/\\\/diariotextual.com\\\/inicio\\\/index.php\\\/2019\\\/10\\\/01\\\/sobreseyeron-al-exfuncionario-del-senasa-amenazo-cagar-tiros-los-coloquen-carteles-kicillof\\\/\"]}]},{\"@type\":\"ImageObject\",\"inLanguage\":\"es\",\"@id\":\"https:\\\/\\\/diariotextual.com\\\/inicio\\\/index.php\\\/2019\\\/10\\\/01\\\/sobreseyeron-al-exfuncionario-del-senasa-amenazo-cagar-tiros-los-coloquen-carteles-kicillof\\\/#primaryimage\",\"url\":\"https:\\\/\\\/diariotextual.com\\\/inicio\\\/wp-content\\\/uploads\\\/2019\\\/09\\\/montoyacaico1.jpg\",\"contentUrl\":\"https:\\\/\\\/diariotextual.com\\\/inicio\\\/wp-content\\\/uploads\\\/2019\\\/09\\\/montoyacaico1.jpg\",\"width\":705,\"height\":459},{\"@type\":\"BreadcrumbList\",\"@id\":\"https:\\\/\\\/diariotextual.com\\\/inicio\\\/index.php\\\/2019\\\/10\\\/01\\\/sobreseyeron-al-exfuncionario-del-senasa-amenazo-cagar-tiros-los-coloquen-carteles-kicillof\\\/#breadcrumb\",\"itemListElement\":[{\"@type\":\"ListItem\",\"position\":1,\"name\":\"Portada\",\"item\":\"https:\\\/\\\/diariotextual.com\\\/inicio\\\/\"},{\"@type\":\"ListItem\",\"position\":2,\"name\":\"Sobreseyeron al exfuncionario del Senasa que amenaz\u00f3 con \u00abcagar a tiros\u00bb a los que coloquen carteles de Kicillof\"}]},{\"@type\":\"WebSite\",\"@id\":\"https:\\\/\\\/diariotextual.com\\\/inicio\\\/#website\",\"url\":\"https:\\\/\\\/diariotextual.com\\\/inicio\\\/\",\"name\":\"Diario Textual\",\"description\":\"\",\"publisher\":{\"@id\":\"https:\\\/\\\/diariotextual.com\\\/inicio\\\/#organization\"},\"potentialAction\":[{\"@type\":\"SearchAction\",\"target\":{\"@type\":\"EntryPoint\",\"urlTemplate\":\"https:\\\/\\\/diariotextual.com\\\/inicio\\\/?s={search_term_string}\"},\"query-input\":{\"@type\":\"PropertyValueSpecification\",\"valueRequired\":true,\"valueName\":\"search_term_string\"}}],\"inLanguage\":\"es\"},{\"@type\":\"Organization\",\"@id\":\"https:\\\/\\\/diariotextual.com\\\/inicio\\\/#organization\",\"name\":\"Diario Textual\",\"url\":\"https:\\\/\\\/diariotextual.com\\\/inicio\\\/\",\"logo\":{\"@type\":\"ImageObject\",\"inLanguage\":\"es\",\"@id\":\"https:\\\/\\\/diariotextual.com\\\/inicio\\\/#\\\/schema\\\/logo\\\/image\\\/\",\"url\":\"https:\\\/\\\/diariotextual.com\\\/inicio\\\/wp-content\\\/uploads\\\/2023\\\/05\\\/logotextual1.jpg\",\"contentUrl\":\"https:\\\/\\\/diariotextual.com\\\/inicio\\\/wp-content\\\/uploads\\\/2023\\\/05\\\/logotextual1.jpg\",\"width\":516,\"height\":76,\"caption\":\"Diario Textual\"},\"image\":{\"@id\":\"https:\\\/\\\/diariotextual.com\\\/inicio\\\/#\\\/schema\\\/logo\\\/image\\\/\"},\"sameAs\":[\"https:\\\/\\\/www.facebook.com\\\/eltextual\",\"https:\\\/\\\/x.com\\\/eltextual\",\"http:\\\/\\\/www.instagram.com\\\/eltextual\"]},{\"@type\":\"Person\",\"@id\":\"https:\\\/\\\/diariotextual.com\\\/inicio\\\/#\\\/schema\\\/person\\\/418fc4093c33e86ed41562db3508f958\",\"name\":\"Diario1 Diario1\",\"image\":{\"@type\":\"ImageObject\",\"inLanguage\":\"es\",\"@id\":\"https:\\\/\\\/secure.gravatar.com\\\/avatar\\\/9167d280179c85bc18be67aa7eda765854300033af4896dd779b608640f2ef7a?s=96&d=mm&r=g\",\"url\":\"https:\\\/\\\/secure.gravatar.com\\\/avatar\\\/9167d280179c85bc18be67aa7eda765854300033af4896dd779b608640f2ef7a?s=96&d=mm&r=g\",\"contentUrl\":\"https:\\\/\\\/secure.gravatar.com\\\/avatar\\\/9167d280179c85bc18be67aa7eda765854300033af4896dd779b608640f2ef7a?s=96&d=mm&r=g\",\"caption\":\"Diario1 Diario1\"},\"url\":\"https:\\\/\\\/diariotextual.com\\\/inicio\\\/index.php\\\/author\\\/diario1\\\/\"}]}<\/script>\n<!-- \/ Yoast SEO plugin. -->","yoast_head_json":{"title":"Sobreseyeron al exfuncionario del Senasa que amenaz\u00f3 con \"cagar a tiros\" a los que coloquen carteles de Kicillof - Diario Textual","robots":{"index":"index","follow":"follow","max-snippet":"max-snippet:-1","max-image-preview":"max-image-preview:large","max-video-preview":"max-video-preview:-1"},"canonical":"https:\/\/diariotextual.com\/inicio\/index.php\/2019\/10\/01\/sobreseyeron-al-exfuncionario-del-senasa-amenazo-cagar-tiros-los-coloquen-carteles-kicillof\/","og_locale":"es_ES","og_type":"article","og_title":"Sobreseyeron al exfuncionario del Senasa que amenaz\u00f3 con \"cagar a tiros\" a los que coloquen carteles de Kicillof - Diario Textual","og_description":"El juez federal de Santa Rosa,\u00a0Juan Baric, sobresey\u00f3 a Carlos Mart\u00edn Montoya, el exfuncionario del Senasa que amenaz\u00f3 con disparar a quienes coloquen carteles en su campo de Axel Kicillof,&hellip;","og_url":"https:\/\/diariotextual.com\/inicio\/index.php\/2019\/10\/01\/sobreseyeron-al-exfuncionario-del-senasa-amenazo-cagar-tiros-los-coloquen-carteles-kicillof\/","og_site_name":"Diario Textual","article_publisher":"https:\/\/www.facebook.com\/eltextual","article_published_time":"2019-10-01T12:02:42+00:00","article_modified_time":"2019-10-01T22:59:50+00:00","og_image":[{"width":705,"height":459,"url":"https:\/\/diariotextual.com\/inicio\/wp-content\/uploads\/2019\/09\/montoyacaico1.jpg","type":"image\/jpeg"}],"author":"Diario1 Diario1","twitter_card":"summary_large_image","twitter_creator":"@eltextual","twitter_site":"@eltextual","twitter_misc":{"Escrito por":"Diario1 Diario1","Tiempo de lectura":"1 minuto"},"schema":{"@context":"https:\/\/schema.org","@graph":[{"@type":"Article","@id":"https:\/\/diariotextual.com\/inicio\/index.php\/2019\/10\/01\/sobreseyeron-al-exfuncionario-del-senasa-amenazo-cagar-tiros-los-coloquen-carteles-kicillof\/#article","isPartOf":{"@id":"https:\/\/diariotextual.com\/inicio\/index.php\/2019\/10\/01\/sobreseyeron-al-exfuncionario-del-senasa-amenazo-cagar-tiros-los-coloquen-carteles-kicillof\/"},"author":{"name":"Diario1 Diario1","@id":"https:\/\/diariotextual.com\/inicio\/#\/schema\/person\/418fc4093c33e86ed41562db3508f958"},"headline":"Sobreseyeron al exfuncionario del Senasa que amenaz\u00f3 con \u00abcagar a tiros\u00bb a los que coloquen carteles de Kicillof","datePublished":"2019-10-01T12:02:42+00:00","dateModified":"2019-10-01T22:59:50+00:00","mainEntityOfPage":{"@id":"https:\/\/diariotextual.com\/inicio\/index.php\/2019\/10\/01\/sobreseyeron-al-exfuncionario-del-senasa-amenazo-cagar-tiros-los-coloquen-carteles-kicillof\/"},"wordCount":295,"publisher":{"@id":"https:\/\/diariotextual.com\/inicio\/#organization"},"image":{"@id":"https:\/\/diariotextual.com\/inicio\/index.php\/2019\/10\/01\/sobreseyeron-al-exfuncionario-del-senasa-amenazo-cagar-tiros-los-coloquen-carteles-kicillof\/#primaryimage"},"thumbnailUrl":"https:\/\/diariotextual.com\/inicio\/wp-content\/uploads\/2019\/09\/montoyacaico1.jpg","keywords":["montoya"],"articleSection":["A - TEMPORALES","SOCIEDAD"],"inLanguage":"es"},{"@type":"WebPage","@id":"https:\/\/diariotextual.com\/inicio\/index.php\/2019\/10\/01\/sobreseyeron-al-exfuncionario-del-senasa-amenazo-cagar-tiros-los-coloquen-carteles-kicillof\/","url":"https:\/\/diariotextual.com\/inicio\/index.php\/2019\/10\/01\/sobreseyeron-al-exfuncionario-del-senasa-amenazo-cagar-tiros-los-coloquen-carteles-kicillof\/","name":"Sobreseyeron al exfuncionario del Senasa que amenaz\u00f3 con \"cagar a tiros\" a los que coloquen carteles de Kicillof - Diario Textual","isPartOf":{"@id":"https:\/\/diariotextual.com\/inicio\/#website"},"primaryImageOfPage":{"@id":"https:\/\/diariotextual.com\/inicio\/index.php\/2019\/10\/01\/sobreseyeron-al-exfuncionario-del-senasa-amenazo-cagar-tiros-los-coloquen-carteles-kicillof\/#primaryimage"},"image":{"@id":"https:\/\/diariotextual.com\/inicio\/index.php\/2019\/10\/01\/sobreseyeron-al-exfuncionario-del-senasa-amenazo-cagar-tiros-los-coloquen-carteles-kicillof\/#primaryimage"},"thumbnailUrl":"https:\/\/diariotextual.com\/inicio\/wp-content\/uploads\/2019\/09\/montoyacaico1.jpg","datePublished":"2019-10-01T12:02:42+00:00","dateModified":"2019-10-01T22:59:50+00:00","breadcrumb":{"@id":"https:\/\/diariotextual.com\/inicio\/index.php\/2019\/10\/01\/sobreseyeron-al-exfuncionario-del-senasa-amenazo-cagar-tiros-los-coloquen-carteles-kicillof\/#breadcrumb"},"inLanguage":"es","potentialAction":[{"@type":"ReadAction","target":["https:\/\/diariotextual.com\/inicio\/index.php\/2019\/10\/01\/sobreseyeron-al-exfuncionario-del-senasa-amenazo-cagar-tiros-los-coloquen-carteles-kicillof\/"]}]},{"@type":"ImageObject","inLanguage":"es","@id":"https:\/\/diariotextual.com\/inicio\/index.php\/2019\/10\/01\/sobreseyeron-al-exfuncionario-del-senasa-amenazo-cagar-tiros-los-coloquen-carteles-kicillof\/#primaryimage","url":"https:\/\/diariotextual.com\/inicio\/wp-content\/uploads\/2019\/09\/montoyacaico1.jpg","contentUrl":"https:\/\/diariotextual.com\/inicio\/wp-content\/uploads\/2019\/09\/montoyacaico1.jpg","width":705,"height":459},{"@type":"BreadcrumbList","@id":"https:\/\/diariotextual.com\/inicio\/index.php\/2019\/10\/01\/sobreseyeron-al-exfuncionario-del-senasa-amenazo-cagar-tiros-los-coloquen-carteles-kicillof\/#breadcrumb","itemListElement":[{"@type":"ListItem","position":1,"name":"Portada","item":"https:\/\/diariotextual.com\/inicio\/"},{"@type":"ListItem","position":2,"name":"Sobreseyeron al exfuncionario del Senasa que amenaz\u00f3 con \u00abcagar a tiros\u00bb a los que coloquen carteles de Kicillof"}]},{"@type":"WebSite","@id":"https:\/\/diariotextual.com\/inicio\/#website","url":"https:\/\/diariotextual.com\/inicio\/","name":"Diario Textual","description":"","publisher":{"@id":"https:\/\/diariotextual.com\/inicio\/#organization"},"potentialAction":[{"@type":"SearchAction","target":{"@type":"EntryPoint","urlTemplate":"https:\/\/diariotextual.com\/inicio\/?s={search_term_string}"},"query-input":{"@type":"PropertyValueSpecification","valueRequired":true,"valueName":"search_term_string"}}],"inLanguage":"es"},{"@type":"Organization","@id":"https:\/\/diariotextual.com\/inicio\/#organization","name":"Diario Textual","url":"https:\/\/diariotextual.com\/inicio\/","logo":{"@type":"ImageObject","inLanguage":"es","@id":"https:\/\/diariotextual.com\/inicio\/#\/schema\/logo\/image\/","url":"https:\/\/diariotextual.com\/inicio\/wp-content\/uploads\/2023\/05\/logotextual1.jpg","contentUrl":"https:\/\/diariotextual.com\/inicio\/wp-content\/uploads\/2023\/05\/logotextual1.jpg","width":516,"height":76,"caption":"Diario Textual"},"image":{"@id":"https:\/\/diariotextual.com\/inicio\/#\/schema\/logo\/image\/"},"sameAs":["https:\/\/www.facebook.com\/eltextual","https:\/\/x.com\/eltextual","http:\/\/www.instagram.com\/eltextual"]},{"@type":"Person","@id":"https:\/\/diariotextual.com\/inicio\/#\/schema\/person\/418fc4093c33e86ed41562db3508f958","name":"Diario1 Diario1","image":{"@type":"ImageObject","inLanguage":"es","@id":"https:\/\/secure.gravatar.com\/avatar\/9167d280179c85bc18be67aa7eda765854300033af4896dd779b608640f2ef7a?s=96&d=mm&r=g","url":"https:\/\/secure.gravatar.com\/avatar\/9167d280179c85bc18be67aa7eda765854300033af4896dd779b608640f2ef7a?s=96&d=mm&r=g","contentUrl":"https:\/\/secure.gravatar.com\/avatar\/9167d280179c85bc18be67aa7eda765854300033af4896dd779b608640f2ef7a?s=96&d=mm&r=g","caption":"Diario1 Diario1"},"url":"https:\/\/diariotextual.com\/inicio\/index.php\/author\/diario1\/"}]}},"_links":{"self":[{"href":"https:\/\/diariotextual.com\/inicio\/index.php\/wp-json\/wp\/v2\/posts\/64457","targetHints":{"allow":["GET"]}}],"collection":[{"href":"https:\/\/diariotextual.com\/inicio\/index.php\/wp-json\/wp\/v2\/posts"}],"about":[{"href":"https:\/\/diariotextual.com\/inicio\/index.php\/wp-json\/wp\/v2\/types\/post"}],"author":[{"embeddable":true,"href":"https:\/\/diariotextual.com\/inicio\/index.php\/wp-json\/wp\/v2\/users\/3"}],"replies":[{"embeddable":true,"href":"https:\/\/diariotextual.com\/inicio\/index.php\/wp-json\/wp\/v2\/comments?post=64457"}],"version-history":[{"count":2,"href":"https:\/\/diariotextual.com\/inicio\/index.php\/wp-json\/wp\/v2\/posts\/64457\/revisions"}],"predecessor-version":[{"id":64459,"href":"https:\/\/diariotextual.com\/inicio\/index.php\/wp-json\/wp\/v2\/posts\/64457\/revisions\/64459"}],"wp:featuredmedia":[{"embeddable":true,"href":"https:\/\/diariotextual.com\/inicio\/index.php\/wp-json\/wp\/v2\/media\/63153"}],"wp:attachment":[{"href":"https:\/\/diariotextual.com\/inicio\/index.php\/wp-json\/wp\/v2\/media?parent=64457"}],"wp:term":[{"taxonomy":"category","embeddable":true,"href":"https:\/\/diariotextual.com\/inicio\/index.php\/wp-json\/wp\/v2\/categories?post=64457"},{"taxonomy":"post_tag","embeddable":true,"href":"https:\/\/diariotextual.com\/inicio\/index.php\/wp-json\/wp\/v2\/tags?post=64457"}],"curies":[{"name":"wp","href":"https:\/\/api.w.org\/{rel}","templated":true}]}}