{"id":64467,"date":"2019-10-01T10:28:21","date_gmt":"2019-10-01T13:28:21","guid":{"rendered":"http:\/\/diariotextual.com\/inicio\/?p=64467"},"modified":"2019-10-01T13:22:09","modified_gmt":"2019-10-01T16:22:09","slug":"elevan-naranja-alerta-la-actividad-del-volcan-copahue-neuquen","status":"publish","type":"post","link":"https:\/\/diariotextual.com\/inicio\/index.php\/2019\/10\/01\/elevan-naranja-alerta-la-actividad-del-volcan-copahue-neuquen\/","title":{"rendered":"Elevan a naranja el alerta por la actividad del volc\u00e1n Copahue en Neuqu\u00e9n"},"content":{"rendered":"<p>La red de vigilancia volc\u00e1nica registr\u00f3 sismos de largo per\u00edodo con \u00abalta energ\u00eda\u00bb y abundante sismicidad, e inform\u00f3 el incremento de alerta t\u00e9cnica naranja para el volc\u00e1n Copahue, que implica un radio de exclusi\u00f3n de 5 kil\u00f3metros en torno al cr\u00e1ter del macizo neuquino y la aplicaci\u00f3n del plan de contingencia local ante riesgo volc\u00e1nico.<\/p>\n<p>El Servicio Nacional de Geolog\u00eda y Miner\u00eda de Chile (Sernageomin) junto al Servicio Geol\u00f3gico Minero Argentino (Segemar) y la Subsecretaria de Defensa Civil de Neuqu\u00e9n, resolvi\u00f3 ayer a ultima hora elevar a naranja el alerta del volc\u00e1n Copahue, luego de haber permanecido en alerta amarilla desde abril, inform\u00f3 la agencia T\u00e9lam.<\/p>\n<p>\u201cSe sigue monitoreando el volc\u00e1n, que dio 3 registros en el d\u00eda lunes, 3 movimientos de largos periodos de alta energ\u00eda, todos localizados a 5,8 kil\u00f3metros al noreste del volc\u00e1n\u201d, explic\u00f3 el subsecretario de Defensa Civil y Protecci\u00f3n Ciudadana de Neuqu\u00e9n, Mart\u00edn Giusti.<\/p>\n<p>Asimismo, el funcionario se\u00f1al\u00f3 que \u201cse vuelven a repasar los planes de contingencia, se est\u00e1 siguiendo desde cerca la actividad del volc\u00e1n, y contamos con mucha informaci\u00f3n\u201d.<\/p>\n<p>El macizo se encuentra ubicado al noroeste de la provincia de Neuqu\u00e9n, en el l\u00edmite entre Argentina y Chile.<\/p>\n","protected":false},"excerpt":{"rendered":"<p>La red de vigilancia volc\u00e1nica registr\u00f3 sismos de largo per\u00edodo con \u00abalta energ\u00eda\u00bb y abundante sismicidad, e inform\u00f3 el incremento de alerta t\u00e9cnica naranja para el volc\u00e1n Copahue, que implica&hellip;<\/p>\n","protected":false},"author":3,"featured_media":9483,"comment_status":"closed","ping_status":"open","sticky":false,"template":"","format":"standard","meta":{"_acf_changed":false,"footnotes":""},"categories":[1,11,319,12],"tags":[],"class_list":["post-64467","post","type-post","status-publish","format-standard","has-post-thumbnail","hentry","category-es-noticia","category-que-pasa","category-a-temporales","category-sociedad"],"acf":[],"yoast_head":"<!-- This site is optimized with the Yoast SEO plugin v27.5 - https:\/\/yoast.com\/product\/yoast-seo-wordpress\/ -->\n<title>Elevan a naranja el alerta por la actividad del volc\u00e1n Copahue en Neuqu\u00e9n - Diario Textual<\/title>\n<meta name=\"robots\" content=\"index, follow, max-snippet:-1, max-image-preview:large, max-video-preview:-1\" \/>\n<link rel=\"canonical\" href=\"https:\/\/diariotextual.com\/inicio\/index.php\/2019\/10\/01\/elevan-naranja-alerta-la-actividad-del-volcan-copahue-neuquen\/\" \/>\n<meta property=\"og:locale\" content=\"es_ES\" \/>\n<meta property=\"og:type\" content=\"article\" \/>\n<meta property=\"og:title\" content=\"Elevan a naranja el alerta por la actividad del volc\u00e1n Copahue en Neuqu\u00e9n - Diario Textual\" \/>\n<meta property=\"og:description\" content=\"La red de vigilancia volc\u00e1nica registr\u00f3 sismos de largo per\u00edodo con \u00abalta energ\u00eda\u00bb y abundante sismicidad, e inform\u00f3 el incremento de alerta t\u00e9cnica naranja para el volc\u00e1n Copahue, que implica&hellip;\" \/>\n<meta property=\"og:url\" content=\"https:\/\/diariotextual.com\/inicio\/index.php\/2019\/10\/01\/elevan-naranja-alerta-la-actividad-del-volcan-copahue-neuquen\/\" \/>\n<meta property=\"og:site_name\" content=\"Diario Textual\" \/>\n<meta property=\"article:publisher\" content=\"https:\/\/www.facebook.com\/eltextual\" \/>\n<meta property=\"article:published_time\" content=\"2019-10-01T13:28:21+00:00\" \/>\n<meta property=\"article:modified_time\" content=\"2019-10-01T16:22:09+00:00\" \/>\n<meta property=\"og:image\" content=\"https:\/\/diariotextual.com\/inicio\/wp-content\/uploads\/2018\/06\/volcancopahue2018.jpg\" \/>\n\t<meta property=\"og:image:width\" content=\"688\" \/>\n\t<meta property=\"og:image:height\" content=\"407\" \/>\n\t<meta property=\"og:image:type\" content=\"image\/jpeg\" \/>\n<meta name=\"author\" content=\"Diario1 Diario1\" \/>\n<meta name=\"twitter:card\" content=\"summary_large_image\" \/>\n<meta name=\"twitter:creator\" content=\"@eltextual\" \/>\n<meta name=\"twitter:site\" content=\"@eltextual\" \/>\n<meta name=\"twitter:label1\" content=\"Escrito por\" \/>\n\t<meta name=\"twitter:data1\" content=\"Diario1 Diario1\" \/>\n\t<meta name=\"twitter:label2\" content=\"Tiempo de lectura\" \/>\n\t<meta name=\"twitter:data2\" content=\"1 minuto\" \/>\n<script type=\"application\/ld+json\" class=\"yoast-schema-graph\">{\"@context\":\"https:\\\/\\\/schema.org\",\"@graph\":[{\"@type\":\"Article\",\"@id\":\"https:\\\/\\\/diariotextual.com\\\/inicio\\\/index.php\\\/2019\\\/10\\\/01\\\/elevan-naranja-alerta-la-actividad-del-volcan-copahue-neuquen\\\/#article\",\"isPartOf\":{\"@id\":\"https:\\\/\\\/diariotextual.com\\\/inicio\\\/index.php\\\/2019\\\/10\\\/01\\\/elevan-naranja-alerta-la-actividad-del-volcan-copahue-neuquen\\\/\"},\"author\":{\"name\":\"Diario1 Diario1\",\"@id\":\"https:\\\/\\\/diariotextual.com\\\/inicio\\\/#\\\/schema\\\/person\\\/418fc4093c33e86ed41562db3508f958\"},\"headline\":\"Elevan a naranja el alerta por la actividad del volc\u00e1n Copahue en Neuqu\u00e9n\",\"datePublished\":\"2019-10-01T13:28:21+00:00\",\"dateModified\":\"2019-10-01T16:22:09+00:00\",\"mainEntityOfPage\":{\"@id\":\"https:\\\/\\\/diariotextual.com\\\/inicio\\\/index.php\\\/2019\\\/10\\\/01\\\/elevan-naranja-alerta-la-actividad-del-volcan-copahue-neuquen\\\/\"},\"wordCount\":235,\"publisher\":{\"@id\":\"https:\\\/\\\/diariotextual.com\\\/inicio\\\/#organization\"},\"image\":{\"@id\":\"https:\\\/\\\/diariotextual.com\\\/inicio\\\/index.php\\\/2019\\\/10\\\/01\\\/elevan-naranja-alerta-la-actividad-del-volcan-copahue-neuquen\\\/#primaryimage\"},\"thumbnailUrl\":\"https:\\\/\\\/diariotextual.com\\\/inicio\\\/wp-content\\\/uploads\\\/2018\\\/06\\\/volcancopahue2018.jpg\",\"articleSection\":[\"A - ES NOTICIA (van abajo)\",\"A - QUE PASA (al costado)\",\"A - TEMPORALES\",\"SOCIEDAD\"],\"inLanguage\":\"es\"},{\"@type\":\"WebPage\",\"@id\":\"https:\\\/\\\/diariotextual.com\\\/inicio\\\/index.php\\\/2019\\\/10\\\/01\\\/elevan-naranja-alerta-la-actividad-del-volcan-copahue-neuquen\\\/\",\"url\":\"https:\\\/\\\/diariotextual.com\\\/inicio\\\/index.php\\\/2019\\\/10\\\/01\\\/elevan-naranja-alerta-la-actividad-del-volcan-copahue-neuquen\\\/\",\"name\":\"Elevan a naranja el alerta por la actividad del volc\u00e1n Copahue en Neuqu\u00e9n - Diario Textual\",\"isPartOf\":{\"@id\":\"https:\\\/\\\/diariotextual.com\\\/inicio\\\/#website\"},\"primaryImageOfPage\":{\"@id\":\"https:\\\/\\\/diariotextual.com\\\/inicio\\\/index.php\\\/2019\\\/10\\\/01\\\/elevan-naranja-alerta-la-actividad-del-volcan-copahue-neuquen\\\/#primaryimage\"},\"image\":{\"@id\":\"https:\\\/\\\/diariotextual.com\\\/inicio\\\/index.php\\\/2019\\\/10\\\/01\\\/elevan-naranja-alerta-la-actividad-del-volcan-copahue-neuquen\\\/#primaryimage\"},\"thumbnailUrl\":\"https:\\\/\\\/diariotextual.com\\\/inicio\\\/wp-content\\\/uploads\\\/2018\\\/06\\\/volcancopahue2018.jpg\",\"datePublished\":\"2019-10-01T13:28:21+00:00\",\"dateModified\":\"2019-10-01T16:22:09+00:00\",\"breadcrumb\":{\"@id\":\"https:\\\/\\\/diariotextual.com\\\/inicio\\\/index.php\\\/2019\\\/10\\\/01\\\/elevan-naranja-alerta-la-actividad-del-volcan-copahue-neuquen\\\/#breadcrumb\"},\"inLanguage\":\"es\",\"potentialAction\":[{\"@type\":\"ReadAction\",\"target\":[\"https:\\\/\\\/diariotextual.com\\\/inicio\\\/index.php\\\/2019\\\/10\\\/01\\\/elevan-naranja-alerta-la-actividad-del-volcan-copahue-neuquen\\\/\"]}]},{\"@type\":\"ImageObject\",\"inLanguage\":\"es\",\"@id\":\"https:\\\/\\\/diariotextual.com\\\/inicio\\\/index.php\\\/2019\\\/10\\\/01\\\/elevan-naranja-alerta-la-actividad-del-volcan-copahue-neuquen\\\/#primaryimage\",\"url\":\"https:\\\/\\\/diariotextual.com\\\/inicio\\\/wp-content\\\/uploads\\\/2018\\\/06\\\/volcancopahue2018.jpg\",\"contentUrl\":\"https:\\\/\\\/diariotextual.com\\\/inicio\\\/wp-content\\\/uploads\\\/2018\\\/06\\\/volcancopahue2018.jpg\",\"width\":688,\"height\":407},{\"@type\":\"BreadcrumbList\",\"@id\":\"https:\\\/\\\/diariotextual.com\\\/inicio\\\/index.php\\\/2019\\\/10\\\/01\\\/elevan-naranja-alerta-la-actividad-del-volcan-copahue-neuquen\\\/#breadcrumb\",\"itemListElement\":[{\"@type\":\"ListItem\",\"position\":1,\"name\":\"Portada\",\"item\":\"https:\\\/\\\/diariotextual.com\\\/inicio\\\/\"},{\"@type\":\"ListItem\",\"position\":2,\"name\":\"Elevan a naranja el alerta por la actividad del volc\u00e1n Copahue en Neuqu\u00e9n\"}]},{\"@type\":\"WebSite\",\"@id\":\"https:\\\/\\\/diariotextual.com\\\/inicio\\\/#website\",\"url\":\"https:\\\/\\\/diariotextual.com\\\/inicio\\\/\",\"name\":\"Diario Textual\",\"description\":\"\",\"publisher\":{\"@id\":\"https:\\\/\\\/diariotextual.com\\\/inicio\\\/#organization\"},\"potentialAction\":[{\"@type\":\"SearchAction\",\"target\":{\"@type\":\"EntryPoint\",\"urlTemplate\":\"https:\\\/\\\/diariotextual.com\\\/inicio\\\/?s={search_term_string}\"},\"query-input\":{\"@type\":\"PropertyValueSpecification\",\"valueRequired\":true,\"valueName\":\"search_term_string\"}}],\"inLanguage\":\"es\"},{\"@type\":\"Organization\",\"@id\":\"https:\\\/\\\/diariotextual.com\\\/inicio\\\/#organization\",\"name\":\"Diario Textual\",\"url\":\"https:\\\/\\\/diariotextual.com\\\/inicio\\\/\",\"logo\":{\"@type\":\"ImageObject\",\"inLanguage\":\"es\",\"@id\":\"https:\\\/\\\/diariotextual.com\\\/inicio\\\/#\\\/schema\\\/logo\\\/image\\\/\",\"url\":\"https:\\\/\\\/diariotextual.com\\\/inicio\\\/wp-content\\\/uploads\\\/2023\\\/05\\\/logotextual1.jpg\",\"contentUrl\":\"https:\\\/\\\/diariotextual.com\\\/inicio\\\/wp-content\\\/uploads\\\/2023\\\/05\\\/logotextual1.jpg\",\"width\":516,\"height\":76,\"caption\":\"Diario Textual\"},\"image\":{\"@id\":\"https:\\\/\\\/diariotextual.com\\\/inicio\\\/#\\\/schema\\\/logo\\\/image\\\/\"},\"sameAs\":[\"https:\\\/\\\/www.facebook.com\\\/eltextual\",\"https:\\\/\\\/x.com\\\/eltextual\",\"http:\\\/\\\/www.instagram.com\\\/eltextual\"]},{\"@type\":\"Person\",\"@id\":\"https:\\\/\\\/diariotextual.com\\\/inicio\\\/#\\\/schema\\\/person\\\/418fc4093c33e86ed41562db3508f958\",\"name\":\"Diario1 Diario1\",\"image\":{\"@type\":\"ImageObject\",\"inLanguage\":\"es\",\"@id\":\"https:\\\/\\\/secure.gravatar.com\\\/avatar\\\/9167d280179c85bc18be67aa7eda765854300033af4896dd779b608640f2ef7a?s=96&d=mm&r=g\",\"url\":\"https:\\\/\\\/secure.gravatar.com\\\/avatar\\\/9167d280179c85bc18be67aa7eda765854300033af4896dd779b608640f2ef7a?s=96&d=mm&r=g\",\"contentUrl\":\"https:\\\/\\\/secure.gravatar.com\\\/avatar\\\/9167d280179c85bc18be67aa7eda765854300033af4896dd779b608640f2ef7a?s=96&d=mm&r=g\",\"caption\":\"Diario1 Diario1\"},\"url\":\"https:\\\/\\\/diariotextual.com\\\/inicio\\\/index.php\\\/author\\\/diario1\\\/\"}]}<\/script>\n<!-- \/ Yoast SEO plugin. -->","yoast_head_json":{"title":"Elevan a naranja el alerta por la actividad del volc\u00e1n Copahue en Neuqu\u00e9n - Diario Textual","robots":{"index":"index","follow":"follow","max-snippet":"max-snippet:-1","max-image-preview":"max-image-preview:large","max-video-preview":"max-video-preview:-1"},"canonical":"https:\/\/diariotextual.com\/inicio\/index.php\/2019\/10\/01\/elevan-naranja-alerta-la-actividad-del-volcan-copahue-neuquen\/","og_locale":"es_ES","og_type":"article","og_title":"Elevan a naranja el alerta por la actividad del volc\u00e1n Copahue en Neuqu\u00e9n - Diario Textual","og_description":"La red de vigilancia volc\u00e1nica registr\u00f3 sismos de largo per\u00edodo con \u00abalta energ\u00eda\u00bb y abundante sismicidad, e inform\u00f3 el incremento de alerta t\u00e9cnica naranja para el volc\u00e1n Copahue, que implica&hellip;","og_url":"https:\/\/diariotextual.com\/inicio\/index.php\/2019\/10\/01\/elevan-naranja-alerta-la-actividad-del-volcan-copahue-neuquen\/","og_site_name":"Diario Textual","article_publisher":"https:\/\/www.facebook.com\/eltextual","article_published_time":"2019-10-01T13:28:21+00:00","article_modified_time":"2019-10-01T16:22:09+00:00","og_image":[{"width":688,"height":407,"url":"https:\/\/diariotextual.com\/inicio\/wp-content\/uploads\/2018\/06\/volcancopahue2018.jpg","type":"image\/jpeg"}],"author":"Diario1 Diario1","twitter_card":"summary_large_image","twitter_creator":"@eltextual","twitter_site":"@eltextual","twitter_misc":{"Escrito por":"Diario1 Diario1","Tiempo de lectura":"1 minuto"},"schema":{"@context":"https:\/\/schema.org","@graph":[{"@type":"Article","@id":"https:\/\/diariotextual.com\/inicio\/index.php\/2019\/10\/01\/elevan-naranja-alerta-la-actividad-del-volcan-copahue-neuquen\/#article","isPartOf":{"@id":"https:\/\/diariotextual.com\/inicio\/index.php\/2019\/10\/01\/elevan-naranja-alerta-la-actividad-del-volcan-copahue-neuquen\/"},"author":{"name":"Diario1 Diario1","@id":"https:\/\/diariotextual.com\/inicio\/#\/schema\/person\/418fc4093c33e86ed41562db3508f958"},"headline":"Elevan a naranja el alerta por la actividad del volc\u00e1n Copahue en Neuqu\u00e9n","datePublished":"2019-10-01T13:28:21+00:00","dateModified":"2019-10-01T16:22:09+00:00","mainEntityOfPage":{"@id":"https:\/\/diariotextual.com\/inicio\/index.php\/2019\/10\/01\/elevan-naranja-alerta-la-actividad-del-volcan-copahue-neuquen\/"},"wordCount":235,"publisher":{"@id":"https:\/\/diariotextual.com\/inicio\/#organization"},"image":{"@id":"https:\/\/diariotextual.com\/inicio\/index.php\/2019\/10\/01\/elevan-naranja-alerta-la-actividad-del-volcan-copahue-neuquen\/#primaryimage"},"thumbnailUrl":"https:\/\/diariotextual.com\/inicio\/wp-content\/uploads\/2018\/06\/volcancopahue2018.jpg","articleSection":["A - ES NOTICIA (van abajo)","A - QUE PASA (al costado)","A - TEMPORALES","SOCIEDAD"],"inLanguage":"es"},{"@type":"WebPage","@id":"https:\/\/diariotextual.com\/inicio\/index.php\/2019\/10\/01\/elevan-naranja-alerta-la-actividad-del-volcan-copahue-neuquen\/","url":"https:\/\/diariotextual.com\/inicio\/index.php\/2019\/10\/01\/elevan-naranja-alerta-la-actividad-del-volcan-copahue-neuquen\/","name":"Elevan a naranja el alerta por la actividad del volc\u00e1n Copahue en Neuqu\u00e9n - Diario Textual","isPartOf":{"@id":"https:\/\/diariotextual.com\/inicio\/#website"},"primaryImageOfPage":{"@id":"https:\/\/diariotextual.com\/inicio\/index.php\/2019\/10\/01\/elevan-naranja-alerta-la-actividad-del-volcan-copahue-neuquen\/#primaryimage"},"image":{"@id":"https:\/\/diariotextual.com\/inicio\/index.php\/2019\/10\/01\/elevan-naranja-alerta-la-actividad-del-volcan-copahue-neuquen\/#primaryimage"},"thumbnailUrl":"https:\/\/diariotextual.com\/inicio\/wp-content\/uploads\/2018\/06\/volcancopahue2018.jpg","datePublished":"2019-10-01T13:28:21+00:00","dateModified":"2019-10-01T16:22:09+00:00","breadcrumb":{"@id":"https:\/\/diariotextual.com\/inicio\/index.php\/2019\/10\/01\/elevan-naranja-alerta-la-actividad-del-volcan-copahue-neuquen\/#breadcrumb"},"inLanguage":"es","potentialAction":[{"@type":"ReadAction","target":["https:\/\/diariotextual.com\/inicio\/index.php\/2019\/10\/01\/elevan-naranja-alerta-la-actividad-del-volcan-copahue-neuquen\/"]}]},{"@type":"ImageObject","inLanguage":"es","@id":"https:\/\/diariotextual.com\/inicio\/index.php\/2019\/10\/01\/elevan-naranja-alerta-la-actividad-del-volcan-copahue-neuquen\/#primaryimage","url":"https:\/\/diariotextual.com\/inicio\/wp-content\/uploads\/2018\/06\/volcancopahue2018.jpg","contentUrl":"https:\/\/diariotextual.com\/inicio\/wp-content\/uploads\/2018\/06\/volcancopahue2018.jpg","width":688,"height":407},{"@type":"BreadcrumbList","@id":"https:\/\/diariotextual.com\/inicio\/index.php\/2019\/10\/01\/elevan-naranja-alerta-la-actividad-del-volcan-copahue-neuquen\/#breadcrumb","itemListElement":[{"@type":"ListItem","position":1,"name":"Portada","item":"https:\/\/diariotextual.com\/inicio\/"},{"@type":"ListItem","position":2,"name":"Elevan a naranja el alerta por la actividad del volc\u00e1n Copahue en Neuqu\u00e9n"}]},{"@type":"WebSite","@id":"https:\/\/diariotextual.com\/inicio\/#website","url":"https:\/\/diariotextual.com\/inicio\/","name":"Diario Textual","description":"","publisher":{"@id":"https:\/\/diariotextual.com\/inicio\/#organization"},"potentialAction":[{"@type":"SearchAction","target":{"@type":"EntryPoint","urlTemplate":"https:\/\/diariotextual.com\/inicio\/?s={search_term_string}"},"query-input":{"@type":"PropertyValueSpecification","valueRequired":true,"valueName":"search_term_string"}}],"inLanguage":"es"},{"@type":"Organization","@id":"https:\/\/diariotextual.com\/inicio\/#organization","name":"Diario Textual","url":"https:\/\/diariotextual.com\/inicio\/","logo":{"@type":"ImageObject","inLanguage":"es","@id":"https:\/\/diariotextual.com\/inicio\/#\/schema\/logo\/image\/","url":"https:\/\/diariotextual.com\/inicio\/wp-content\/uploads\/2023\/05\/logotextual1.jpg","contentUrl":"https:\/\/diariotextual.com\/inicio\/wp-content\/uploads\/2023\/05\/logotextual1.jpg","width":516,"height":76,"caption":"Diario Textual"},"image":{"@id":"https:\/\/diariotextual.com\/inicio\/#\/schema\/logo\/image\/"},"sameAs":["https:\/\/www.facebook.com\/eltextual","https:\/\/x.com\/eltextual","http:\/\/www.instagram.com\/eltextual"]},{"@type":"Person","@id":"https:\/\/diariotextual.com\/inicio\/#\/schema\/person\/418fc4093c33e86ed41562db3508f958","name":"Diario1 Diario1","image":{"@type":"ImageObject","inLanguage":"es","@id":"https:\/\/secure.gravatar.com\/avatar\/9167d280179c85bc18be67aa7eda765854300033af4896dd779b608640f2ef7a?s=96&d=mm&r=g","url":"https:\/\/secure.gravatar.com\/avatar\/9167d280179c85bc18be67aa7eda765854300033af4896dd779b608640f2ef7a?s=96&d=mm&r=g","contentUrl":"https:\/\/secure.gravatar.com\/avatar\/9167d280179c85bc18be67aa7eda765854300033af4896dd779b608640f2ef7a?s=96&d=mm&r=g","caption":"Diario1 Diario1"},"url":"https:\/\/diariotextual.com\/inicio\/index.php\/author\/diario1\/"}]}},"_links":{"self":[{"href":"https:\/\/diariotextual.com\/inicio\/index.php\/wp-json\/wp\/v2\/posts\/64467","targetHints":{"allow":["GET"]}}],"collection":[{"href":"https:\/\/diariotextual.com\/inicio\/index.php\/wp-json\/wp\/v2\/posts"}],"about":[{"href":"https:\/\/diariotextual.com\/inicio\/index.php\/wp-json\/wp\/v2\/types\/post"}],"author":[{"embeddable":true,"href":"https:\/\/diariotextual.com\/inicio\/index.php\/wp-json\/wp\/v2\/users\/3"}],"replies":[{"embeddable":true,"href":"https:\/\/diariotextual.com\/inicio\/index.php\/wp-json\/wp\/v2\/comments?post=64467"}],"version-history":[{"count":2,"href":"https:\/\/diariotextual.com\/inicio\/index.php\/wp-json\/wp\/v2\/posts\/64467\/revisions"}],"predecessor-version":[{"id":64469,"href":"https:\/\/diariotextual.com\/inicio\/index.php\/wp-json\/wp\/v2\/posts\/64467\/revisions\/64469"}],"wp:featuredmedia":[{"embeddable":true,"href":"https:\/\/diariotextual.com\/inicio\/index.php\/wp-json\/wp\/v2\/media\/9483"}],"wp:attachment":[{"href":"https:\/\/diariotextual.com\/inicio\/index.php\/wp-json\/wp\/v2\/media?parent=64467"}],"wp:term":[{"taxonomy":"category","embeddable":true,"href":"https:\/\/diariotextual.com\/inicio\/index.php\/wp-json\/wp\/v2\/categories?post=64467"},{"taxonomy":"post_tag","embeddable":true,"href":"https:\/\/diariotextual.com\/inicio\/index.php\/wp-json\/wp\/v2\/tags?post=64467"}],"curies":[{"name":"wp","href":"https:\/\/api.w.org\/{rel}","templated":true}]}}