{"id":64470,"date":"2019-10-01T10:40:58","date_gmt":"2019-10-01T13:40:58","guid":{"rendered":"http:\/\/diariotextual.com\/inicio\/?p=64470"},"modified":"2019-10-01T15:47:27","modified_gmt":"2019-10-01T18:47:27","slug":"rauschenberger-cuestiona-nivel-cinismo-e-insensibilidad-del-macrismo-frente-la-pobreza","status":"publish","type":"post","link":"https:\/\/diariotextual.com\/inicio\/index.php\/2019\/10\/01\/rauschenberger-cuestiona-nivel-cinismo-e-insensibilidad-del-macrismo-frente-la-pobreza\/","title":{"rendered":"Rauschenberger cuestiona el \u00abnivel de cinismo e insensibilidad\u00bb del macrismo frente a la pobreza"},"content":{"rendered":"<p style=\"font-weight: 400;\">En el d\u00eda de ayer, el Instituto Nacional de Estad\u00edsticas y Censos (Indec) dio a conocer el nuevo \u00edndice de pobreza e indigencia de la Argentina. El dato alarmante es que marc\u00f3 un aumento al 35,4% en el primer semestre del a\u00f1o en relaci\u00f3n a igual per\u00edodo del a\u00f1o pasado, cuando se registraba 27,3%. En tanto, el nivel de indigencia tambi\u00e9n aument\u00f3 a 7,7% desde el 4,9% anterior de finales de 2017, inform\u00f3 el organismo. \u00abEstos n\u00fameros marcan, entre otras casos, el fracaso rotundo del actual Gobierno Nacional cuyo presidente hab\u00eda pedido ser evaluado por las cifras de pobreza\u00bb, dijo hoy el diputado Ariel Rauschenberger (PJ). \u00abNo hay registro en la historia de nuestro pa\u00eds de un aumento semejante en un solo per\u00edodo presidencial. Mauricio Macri nos ha depositado nuevamente en los registros que se vislumbraron en la peor crisis Argentina all\u00e1 por el a\u00f1o 2001\u00bb, dijo.<\/p>\n<p style=\"font-weight: 400;\">\u00abPor otra parte, el mismo gobierno que dice haber escuchado el mensaje de las urnas determin\u00f3 en el d\u00eda de ayer la reducci\u00f3n del monto de las indemnizaciones por causa de muerte del trabajador\u00bb, record\u00f3. \u00ab\u00c9sta medida, claramente en contra de los trabajadores y a favor a de las empresas (en \u00e9ste caso las ART), muestra un profundo alejamiento de la realidad ya que hace unos d\u00edas atr\u00e1s un trabajador muri\u00f3 al derrumbarse parte de la obra de mejoramiento del Aeropuerto de Ezeiza. Por otra parte, se contradice con el mensaje del propio presidente quien en el d\u00eda de ayer &#8216;prometi\u00f3&#8217; eliminar los aportes patronales en un segundo mandato, lo que nos retrotrae a otra promesa incumplida e imaginaria como fue la eliminaci\u00f3n del Impuesto a las Ganancias.<\/p>\n<p style=\"font-weight: 400;\">\u00abEl nivel de cinismo e insensibilidad de \u00e9ste gobierno queda una vez m\u00e1s demostrado. Los argentinos tenemos que volver a demostrar el 27 de octubre que no queremos m\u00e1s un presidente que genere un da\u00f1o como \u00e9ste\u00bb, finaliz\u00f3.<\/p>\n<blockquote class=\"wp-embedded-content\" data-secret=\"Uigzpay0In\"><p><a href=\"http:\/\/diariotextual.com\/inicio\/index.php\/2019\/09\/30\/fuerte-salto-la-pobreza-santa-rosa-toay-ano-paso-del-26-al-36\/\">Fuerte salto de la pobreza en Santa Rosa y Toay: en un a\u00f1o pas\u00f3 del 26% al 36%<\/a><\/p><\/blockquote>\n<p><iframe class=\"wp-embedded-content\" sandbox=\"allow-scripts\" security=\"restricted\" style=\"position: absolute; clip: rect(1px, 1px, 1px, 1px);\" src=\"http:\/\/diariotextual.com\/inicio\/index.php\/2019\/09\/30\/fuerte-salto-la-pobreza-santa-rosa-toay-ano-paso-del-26-al-36\/embed\/#?secret=Uigzpay0In\" data-secret=\"Uigzpay0In\" width=\"600\" height=\"338\" title=\"&#171;Fuerte salto de la pobreza en Santa Rosa y Toay: en un a\u00f1o pas\u00f3 del 26% al 36%&#187; &#8212; Diario Textual\" frameborder=\"0\" marginwidth=\"0\" marginheight=\"0\" scrolling=\"no\"><\/iframe><\/p>\n<p>&nbsp;<\/p>\n","protected":false},"excerpt":{"rendered":"<p>En el d\u00eda de ayer, el Instituto Nacional de Estad\u00edsticas y Censos (Indec) dio a conocer el nuevo \u00edndice de pobreza e indigencia de la Argentina. El dato alarmante es&hellip;<\/p>\n","protected":false},"author":3,"featured_media":9386,"comment_status":"closed","ping_status":"open","sticky":false,"template":"","format":"standard","meta":{"_acf_changed":false,"footnotes":""},"categories":[11,319,5],"tags":[],"class_list":["post-64470","post","type-post","status-publish","format-standard","has-post-thumbnail","hentry","category-que-pasa","category-a-temporales","category-economia"],"acf":[],"yoast_head":"<!-- This site is optimized with the Yoast SEO plugin v27.5 - https:\/\/yoast.com\/product\/yoast-seo-wordpress\/ -->\n<title>Rauschenberger cuestiona el &quot;nivel de cinismo e insensibilidad&quot; del macrismo frente a la pobreza - Diario Textual<\/title>\n<meta name=\"robots\" content=\"index, follow, max-snippet:-1, max-image-preview:large, max-video-preview:-1\" \/>\n<link rel=\"canonical\" href=\"https:\/\/diariotextual.com\/inicio\/index.php\/2019\/10\/01\/rauschenberger-cuestiona-nivel-cinismo-e-insensibilidad-del-macrismo-frente-la-pobreza\/\" \/>\n<meta property=\"og:locale\" content=\"es_ES\" \/>\n<meta property=\"og:type\" content=\"article\" \/>\n<meta property=\"og:title\" content=\"Rauschenberger cuestiona el &quot;nivel de cinismo e insensibilidad&quot; del macrismo frente a la pobreza - Diario Textual\" \/>\n<meta property=\"og:description\" content=\"En el d\u00eda de ayer, el Instituto Nacional de Estad\u00edsticas y Censos (Indec) dio a conocer el nuevo \u00edndice de pobreza e indigencia de la Argentina. El dato alarmante es&hellip;\" \/>\n<meta property=\"og:url\" content=\"https:\/\/diariotextual.com\/inicio\/index.php\/2019\/10\/01\/rauschenberger-cuestiona-nivel-cinismo-e-insensibilidad-del-macrismo-frente-la-pobreza\/\" \/>\n<meta property=\"og:site_name\" content=\"Diario Textual\" \/>\n<meta property=\"article:publisher\" content=\"https:\/\/www.facebook.com\/eltextual\" \/>\n<meta property=\"article:published_time\" content=\"2019-10-01T13:40:58+00:00\" \/>\n<meta property=\"article:modified_time\" content=\"2019-10-01T18:47:27+00:00\" \/>\n<meta property=\"og:image\" content=\"https:\/\/diariotextual.com\/inicio\/wp-content\/uploads\/2018\/06\/rauschenbergerariel.jpg\" \/>\n\t<meta property=\"og:image:width\" content=\"804\" \/>\n\t<meta property=\"og:image:height\" content=\"610\" \/>\n\t<meta property=\"og:image:type\" content=\"image\/jpeg\" \/>\n<meta name=\"author\" content=\"Diario1 Diario1\" \/>\n<meta name=\"twitter:card\" content=\"summary_large_image\" \/>\n<meta name=\"twitter:creator\" content=\"@eltextual\" \/>\n<meta name=\"twitter:site\" content=\"@eltextual\" \/>\n<meta name=\"twitter:label1\" content=\"Escrito por\" \/>\n\t<meta name=\"twitter:data1\" content=\"Diario1 Diario1\" \/>\n\t<meta name=\"twitter:label2\" content=\"Tiempo de lectura\" \/>\n\t<meta name=\"twitter:data2\" content=\"2 minutos\" \/>\n<script type=\"application\/ld+json\" class=\"yoast-schema-graph\">{\"@context\":\"https:\\\/\\\/schema.org\",\"@graph\":[{\"@type\":\"Article\",\"@id\":\"https:\\\/\\\/diariotextual.com\\\/inicio\\\/index.php\\\/2019\\\/10\\\/01\\\/rauschenberger-cuestiona-nivel-cinismo-e-insensibilidad-del-macrismo-frente-la-pobreza\\\/#article\",\"isPartOf\":{\"@id\":\"https:\\\/\\\/diariotextual.com\\\/inicio\\\/index.php\\\/2019\\\/10\\\/01\\\/rauschenberger-cuestiona-nivel-cinismo-e-insensibilidad-del-macrismo-frente-la-pobreza\\\/\"},\"author\":{\"name\":\"Diario1 Diario1\",\"@id\":\"https:\\\/\\\/diariotextual.com\\\/inicio\\\/#\\\/schema\\\/person\\\/418fc4093c33e86ed41562db3508f958\"},\"headline\":\"Rauschenberger cuestiona el \u00abnivel de cinismo e insensibilidad\u00bb del macrismo frente a la pobreza\",\"datePublished\":\"2019-10-01T13:40:58+00:00\",\"dateModified\":\"2019-10-01T18:47:27+00:00\",\"mainEntityOfPage\":{\"@id\":\"https:\\\/\\\/diariotextual.com\\\/inicio\\\/index.php\\\/2019\\\/10\\\/01\\\/rauschenberger-cuestiona-nivel-cinismo-e-insensibilidad-del-macrismo-frente-la-pobreza\\\/\"},\"wordCount\":351,\"publisher\":{\"@id\":\"https:\\\/\\\/diariotextual.com\\\/inicio\\\/#organization\"},\"image\":{\"@id\":\"https:\\\/\\\/diariotextual.com\\\/inicio\\\/index.php\\\/2019\\\/10\\\/01\\\/rauschenberger-cuestiona-nivel-cinismo-e-insensibilidad-del-macrismo-frente-la-pobreza\\\/#primaryimage\"},\"thumbnailUrl\":\"https:\\\/\\\/diariotextual.com\\\/inicio\\\/wp-content\\\/uploads\\\/2018\\\/06\\\/rauschenbergerariel.jpg\",\"articleSection\":[\"A - QUE PASA (al costado)\",\"A - TEMPORALES\",\"ECONOMIA\"],\"inLanguage\":\"es\"},{\"@type\":\"WebPage\",\"@id\":\"https:\\\/\\\/diariotextual.com\\\/inicio\\\/index.php\\\/2019\\\/10\\\/01\\\/rauschenberger-cuestiona-nivel-cinismo-e-insensibilidad-del-macrismo-frente-la-pobreza\\\/\",\"url\":\"https:\\\/\\\/diariotextual.com\\\/inicio\\\/index.php\\\/2019\\\/10\\\/01\\\/rauschenberger-cuestiona-nivel-cinismo-e-insensibilidad-del-macrismo-frente-la-pobreza\\\/\",\"name\":\"Rauschenberger cuestiona el \\\"nivel de cinismo e insensibilidad\\\" del macrismo frente a la pobreza - Diario Textual\",\"isPartOf\":{\"@id\":\"https:\\\/\\\/diariotextual.com\\\/inicio\\\/#website\"},\"primaryImageOfPage\":{\"@id\":\"https:\\\/\\\/diariotextual.com\\\/inicio\\\/index.php\\\/2019\\\/10\\\/01\\\/rauschenberger-cuestiona-nivel-cinismo-e-insensibilidad-del-macrismo-frente-la-pobreza\\\/#primaryimage\"},\"image\":{\"@id\":\"https:\\\/\\\/diariotextual.com\\\/inicio\\\/index.php\\\/2019\\\/10\\\/01\\\/rauschenberger-cuestiona-nivel-cinismo-e-insensibilidad-del-macrismo-frente-la-pobreza\\\/#primaryimage\"},\"thumbnailUrl\":\"https:\\\/\\\/diariotextual.com\\\/inicio\\\/wp-content\\\/uploads\\\/2018\\\/06\\\/rauschenbergerariel.jpg\",\"datePublished\":\"2019-10-01T13:40:58+00:00\",\"dateModified\":\"2019-10-01T18:47:27+00:00\",\"breadcrumb\":{\"@id\":\"https:\\\/\\\/diariotextual.com\\\/inicio\\\/index.php\\\/2019\\\/10\\\/01\\\/rauschenberger-cuestiona-nivel-cinismo-e-insensibilidad-del-macrismo-frente-la-pobreza\\\/#breadcrumb\"},\"inLanguage\":\"es\",\"potentialAction\":[{\"@type\":\"ReadAction\",\"target\":[\"https:\\\/\\\/diariotextual.com\\\/inicio\\\/index.php\\\/2019\\\/10\\\/01\\\/rauschenberger-cuestiona-nivel-cinismo-e-insensibilidad-del-macrismo-frente-la-pobreza\\\/\"]}]},{\"@type\":\"ImageObject\",\"inLanguage\":\"es\",\"@id\":\"https:\\\/\\\/diariotextual.com\\\/inicio\\\/index.php\\\/2019\\\/10\\\/01\\\/rauschenberger-cuestiona-nivel-cinismo-e-insensibilidad-del-macrismo-frente-la-pobreza\\\/#primaryimage\",\"url\":\"https:\\\/\\\/diariotextual.com\\\/inicio\\\/wp-content\\\/uploads\\\/2018\\\/06\\\/rauschenbergerariel.jpg\",\"contentUrl\":\"https:\\\/\\\/diariotextual.com\\\/inicio\\\/wp-content\\\/uploads\\\/2018\\\/06\\\/rauschenbergerariel.jpg\",\"width\":804,\"height\":610},{\"@type\":\"BreadcrumbList\",\"@id\":\"https:\\\/\\\/diariotextual.com\\\/inicio\\\/index.php\\\/2019\\\/10\\\/01\\\/rauschenberger-cuestiona-nivel-cinismo-e-insensibilidad-del-macrismo-frente-la-pobreza\\\/#breadcrumb\",\"itemListElement\":[{\"@type\":\"ListItem\",\"position\":1,\"name\":\"Portada\",\"item\":\"https:\\\/\\\/diariotextual.com\\\/inicio\\\/\"},{\"@type\":\"ListItem\",\"position\":2,\"name\":\"Rauschenberger cuestiona el \u00abnivel de cinismo e insensibilidad\u00bb del macrismo frente a la pobreza\"}]},{\"@type\":\"WebSite\",\"@id\":\"https:\\\/\\\/diariotextual.com\\\/inicio\\\/#website\",\"url\":\"https:\\\/\\\/diariotextual.com\\\/inicio\\\/\",\"name\":\"Diario Textual\",\"description\":\"\",\"publisher\":{\"@id\":\"https:\\\/\\\/diariotextual.com\\\/inicio\\\/#organization\"},\"potentialAction\":[{\"@type\":\"SearchAction\",\"target\":{\"@type\":\"EntryPoint\",\"urlTemplate\":\"https:\\\/\\\/diariotextual.com\\\/inicio\\\/?s={search_term_string}\"},\"query-input\":{\"@type\":\"PropertyValueSpecification\",\"valueRequired\":true,\"valueName\":\"search_term_string\"}}],\"inLanguage\":\"es\"},{\"@type\":\"Organization\",\"@id\":\"https:\\\/\\\/diariotextual.com\\\/inicio\\\/#organization\",\"name\":\"Diario Textual\",\"url\":\"https:\\\/\\\/diariotextual.com\\\/inicio\\\/\",\"logo\":{\"@type\":\"ImageObject\",\"inLanguage\":\"es\",\"@id\":\"https:\\\/\\\/diariotextual.com\\\/inicio\\\/#\\\/schema\\\/logo\\\/image\\\/\",\"url\":\"https:\\\/\\\/diariotextual.com\\\/inicio\\\/wp-content\\\/uploads\\\/2023\\\/05\\\/logotextual1.jpg\",\"contentUrl\":\"https:\\\/\\\/diariotextual.com\\\/inicio\\\/wp-content\\\/uploads\\\/2023\\\/05\\\/logotextual1.jpg\",\"width\":516,\"height\":76,\"caption\":\"Diario Textual\"},\"image\":{\"@id\":\"https:\\\/\\\/diariotextual.com\\\/inicio\\\/#\\\/schema\\\/logo\\\/image\\\/\"},\"sameAs\":[\"https:\\\/\\\/www.facebook.com\\\/eltextual\",\"https:\\\/\\\/x.com\\\/eltextual\",\"http:\\\/\\\/www.instagram.com\\\/eltextual\"]},{\"@type\":\"Person\",\"@id\":\"https:\\\/\\\/diariotextual.com\\\/inicio\\\/#\\\/schema\\\/person\\\/418fc4093c33e86ed41562db3508f958\",\"name\":\"Diario1 Diario1\",\"image\":{\"@type\":\"ImageObject\",\"inLanguage\":\"es\",\"@id\":\"https:\\\/\\\/secure.gravatar.com\\\/avatar\\\/9167d280179c85bc18be67aa7eda765854300033af4896dd779b608640f2ef7a?s=96&d=mm&r=g\",\"url\":\"https:\\\/\\\/secure.gravatar.com\\\/avatar\\\/9167d280179c85bc18be67aa7eda765854300033af4896dd779b608640f2ef7a?s=96&d=mm&r=g\",\"contentUrl\":\"https:\\\/\\\/secure.gravatar.com\\\/avatar\\\/9167d280179c85bc18be67aa7eda765854300033af4896dd779b608640f2ef7a?s=96&d=mm&r=g\",\"caption\":\"Diario1 Diario1\"},\"url\":\"https:\\\/\\\/diariotextual.com\\\/inicio\\\/index.php\\\/author\\\/diario1\\\/\"}]}<\/script>\n<!-- \/ Yoast SEO plugin. -->","yoast_head_json":{"title":"Rauschenberger cuestiona el \"nivel de cinismo e insensibilidad\" del macrismo frente a la pobreza - Diario Textual","robots":{"index":"index","follow":"follow","max-snippet":"max-snippet:-1","max-image-preview":"max-image-preview:large","max-video-preview":"max-video-preview:-1"},"canonical":"https:\/\/diariotextual.com\/inicio\/index.php\/2019\/10\/01\/rauschenberger-cuestiona-nivel-cinismo-e-insensibilidad-del-macrismo-frente-la-pobreza\/","og_locale":"es_ES","og_type":"article","og_title":"Rauschenberger cuestiona el \"nivel de cinismo e insensibilidad\" del macrismo frente a la pobreza - Diario Textual","og_description":"En el d\u00eda de ayer, el Instituto Nacional de Estad\u00edsticas y Censos (Indec) dio a conocer el nuevo \u00edndice de pobreza e indigencia de la Argentina. El dato alarmante es&hellip;","og_url":"https:\/\/diariotextual.com\/inicio\/index.php\/2019\/10\/01\/rauschenberger-cuestiona-nivel-cinismo-e-insensibilidad-del-macrismo-frente-la-pobreza\/","og_site_name":"Diario Textual","article_publisher":"https:\/\/www.facebook.com\/eltextual","article_published_time":"2019-10-01T13:40:58+00:00","article_modified_time":"2019-10-01T18:47:27+00:00","og_image":[{"width":804,"height":610,"url":"https:\/\/diariotextual.com\/inicio\/wp-content\/uploads\/2018\/06\/rauschenbergerariel.jpg","type":"image\/jpeg"}],"author":"Diario1 Diario1","twitter_card":"summary_large_image","twitter_creator":"@eltextual","twitter_site":"@eltextual","twitter_misc":{"Escrito por":"Diario1 Diario1","Tiempo de lectura":"2 minutos"},"schema":{"@context":"https:\/\/schema.org","@graph":[{"@type":"Article","@id":"https:\/\/diariotextual.com\/inicio\/index.php\/2019\/10\/01\/rauschenberger-cuestiona-nivel-cinismo-e-insensibilidad-del-macrismo-frente-la-pobreza\/#article","isPartOf":{"@id":"https:\/\/diariotextual.com\/inicio\/index.php\/2019\/10\/01\/rauschenberger-cuestiona-nivel-cinismo-e-insensibilidad-del-macrismo-frente-la-pobreza\/"},"author":{"name":"Diario1 Diario1","@id":"https:\/\/diariotextual.com\/inicio\/#\/schema\/person\/418fc4093c33e86ed41562db3508f958"},"headline":"Rauschenberger cuestiona el \u00abnivel de cinismo e insensibilidad\u00bb del macrismo frente a la pobreza","datePublished":"2019-10-01T13:40:58+00:00","dateModified":"2019-10-01T18:47:27+00:00","mainEntityOfPage":{"@id":"https:\/\/diariotextual.com\/inicio\/index.php\/2019\/10\/01\/rauschenberger-cuestiona-nivel-cinismo-e-insensibilidad-del-macrismo-frente-la-pobreza\/"},"wordCount":351,"publisher":{"@id":"https:\/\/diariotextual.com\/inicio\/#organization"},"image":{"@id":"https:\/\/diariotextual.com\/inicio\/index.php\/2019\/10\/01\/rauschenberger-cuestiona-nivel-cinismo-e-insensibilidad-del-macrismo-frente-la-pobreza\/#primaryimage"},"thumbnailUrl":"https:\/\/diariotextual.com\/inicio\/wp-content\/uploads\/2018\/06\/rauschenbergerariel.jpg","articleSection":["A - QUE PASA (al costado)","A - TEMPORALES","ECONOMIA"],"inLanguage":"es"},{"@type":"WebPage","@id":"https:\/\/diariotextual.com\/inicio\/index.php\/2019\/10\/01\/rauschenberger-cuestiona-nivel-cinismo-e-insensibilidad-del-macrismo-frente-la-pobreza\/","url":"https:\/\/diariotextual.com\/inicio\/index.php\/2019\/10\/01\/rauschenberger-cuestiona-nivel-cinismo-e-insensibilidad-del-macrismo-frente-la-pobreza\/","name":"Rauschenberger cuestiona el \"nivel de cinismo e insensibilidad\" del macrismo frente a la pobreza - Diario Textual","isPartOf":{"@id":"https:\/\/diariotextual.com\/inicio\/#website"},"primaryImageOfPage":{"@id":"https:\/\/diariotextual.com\/inicio\/index.php\/2019\/10\/01\/rauschenberger-cuestiona-nivel-cinismo-e-insensibilidad-del-macrismo-frente-la-pobreza\/#primaryimage"},"image":{"@id":"https:\/\/diariotextual.com\/inicio\/index.php\/2019\/10\/01\/rauschenberger-cuestiona-nivel-cinismo-e-insensibilidad-del-macrismo-frente-la-pobreza\/#primaryimage"},"thumbnailUrl":"https:\/\/diariotextual.com\/inicio\/wp-content\/uploads\/2018\/06\/rauschenbergerariel.jpg","datePublished":"2019-10-01T13:40:58+00:00","dateModified":"2019-10-01T18:47:27+00:00","breadcrumb":{"@id":"https:\/\/diariotextual.com\/inicio\/index.php\/2019\/10\/01\/rauschenberger-cuestiona-nivel-cinismo-e-insensibilidad-del-macrismo-frente-la-pobreza\/#breadcrumb"},"inLanguage":"es","potentialAction":[{"@type":"ReadAction","target":["https:\/\/diariotextual.com\/inicio\/index.php\/2019\/10\/01\/rauschenberger-cuestiona-nivel-cinismo-e-insensibilidad-del-macrismo-frente-la-pobreza\/"]}]},{"@type":"ImageObject","inLanguage":"es","@id":"https:\/\/diariotextual.com\/inicio\/index.php\/2019\/10\/01\/rauschenberger-cuestiona-nivel-cinismo-e-insensibilidad-del-macrismo-frente-la-pobreza\/#primaryimage","url":"https:\/\/diariotextual.com\/inicio\/wp-content\/uploads\/2018\/06\/rauschenbergerariel.jpg","contentUrl":"https:\/\/diariotextual.com\/inicio\/wp-content\/uploads\/2018\/06\/rauschenbergerariel.jpg","width":804,"height":610},{"@type":"BreadcrumbList","@id":"https:\/\/diariotextual.com\/inicio\/index.php\/2019\/10\/01\/rauschenberger-cuestiona-nivel-cinismo-e-insensibilidad-del-macrismo-frente-la-pobreza\/#breadcrumb","itemListElement":[{"@type":"ListItem","position":1,"name":"Portada","item":"https:\/\/diariotextual.com\/inicio\/"},{"@type":"ListItem","position":2,"name":"Rauschenberger cuestiona el \u00abnivel de cinismo e insensibilidad\u00bb del macrismo frente a la pobreza"}]},{"@type":"WebSite","@id":"https:\/\/diariotextual.com\/inicio\/#website","url":"https:\/\/diariotextual.com\/inicio\/","name":"Diario Textual","description":"","publisher":{"@id":"https:\/\/diariotextual.com\/inicio\/#organization"},"potentialAction":[{"@type":"SearchAction","target":{"@type":"EntryPoint","urlTemplate":"https:\/\/diariotextual.com\/inicio\/?s={search_term_string}"},"query-input":{"@type":"PropertyValueSpecification","valueRequired":true,"valueName":"search_term_string"}}],"inLanguage":"es"},{"@type":"Organization","@id":"https:\/\/diariotextual.com\/inicio\/#organization","name":"Diario Textual","url":"https:\/\/diariotextual.com\/inicio\/","logo":{"@type":"ImageObject","inLanguage":"es","@id":"https:\/\/diariotextual.com\/inicio\/#\/schema\/logo\/image\/","url":"https:\/\/diariotextual.com\/inicio\/wp-content\/uploads\/2023\/05\/logotextual1.jpg","contentUrl":"https:\/\/diariotextual.com\/inicio\/wp-content\/uploads\/2023\/05\/logotextual1.jpg","width":516,"height":76,"caption":"Diario Textual"},"image":{"@id":"https:\/\/diariotextual.com\/inicio\/#\/schema\/logo\/image\/"},"sameAs":["https:\/\/www.facebook.com\/eltextual","https:\/\/x.com\/eltextual","http:\/\/www.instagram.com\/eltextual"]},{"@type":"Person","@id":"https:\/\/diariotextual.com\/inicio\/#\/schema\/person\/418fc4093c33e86ed41562db3508f958","name":"Diario1 Diario1","image":{"@type":"ImageObject","inLanguage":"es","@id":"https:\/\/secure.gravatar.com\/avatar\/9167d280179c85bc18be67aa7eda765854300033af4896dd779b608640f2ef7a?s=96&d=mm&r=g","url":"https:\/\/secure.gravatar.com\/avatar\/9167d280179c85bc18be67aa7eda765854300033af4896dd779b608640f2ef7a?s=96&d=mm&r=g","contentUrl":"https:\/\/secure.gravatar.com\/avatar\/9167d280179c85bc18be67aa7eda765854300033af4896dd779b608640f2ef7a?s=96&d=mm&r=g","caption":"Diario1 Diario1"},"url":"https:\/\/diariotextual.com\/inicio\/index.php\/author\/diario1\/"}]}},"_links":{"self":[{"href":"https:\/\/diariotextual.com\/inicio\/index.php\/wp-json\/wp\/v2\/posts\/64470","targetHints":{"allow":["GET"]}}],"collection":[{"href":"https:\/\/diariotextual.com\/inicio\/index.php\/wp-json\/wp\/v2\/posts"}],"about":[{"href":"https:\/\/diariotextual.com\/inicio\/index.php\/wp-json\/wp\/v2\/types\/post"}],"author":[{"embeddable":true,"href":"https:\/\/diariotextual.com\/inicio\/index.php\/wp-json\/wp\/v2\/users\/3"}],"replies":[{"embeddable":true,"href":"https:\/\/diariotextual.com\/inicio\/index.php\/wp-json\/wp\/v2\/comments?post=64470"}],"version-history":[{"count":3,"href":"https:\/\/diariotextual.com\/inicio\/index.php\/wp-json\/wp\/v2\/posts\/64470\/revisions"}],"predecessor-version":[{"id":64473,"href":"https:\/\/diariotextual.com\/inicio\/index.php\/wp-json\/wp\/v2\/posts\/64470\/revisions\/64473"}],"wp:featuredmedia":[{"embeddable":true,"href":"https:\/\/diariotextual.com\/inicio\/index.php\/wp-json\/wp\/v2\/media\/9386"}],"wp:attachment":[{"href":"https:\/\/diariotextual.com\/inicio\/index.php\/wp-json\/wp\/v2\/media?parent=64470"}],"wp:term":[{"taxonomy":"category","embeddable":true,"href":"https:\/\/diariotextual.com\/inicio\/index.php\/wp-json\/wp\/v2\/categories?post=64470"},{"taxonomy":"post_tag","embeddable":true,"href":"https:\/\/diariotextual.com\/inicio\/index.php\/wp-json\/wp\/v2\/tags?post=64470"}],"curies":[{"name":"wp","href":"https:\/\/api.w.org\/{rel}","templated":true}]}}