{"id":64542,"date":"2019-10-02T08:21:10","date_gmt":"2019-10-02T11:21:10","guid":{"rendered":"http:\/\/diariotextual.com\/inicio\/?p=64542"},"modified":"2019-10-02T09:03:42","modified_gmt":"2019-10-02T12:03:42","slug":"la-afip-suspendio-la-exclusion-oficio-del-regimen-del-monotributo","status":"publish","type":"post","link":"https:\/\/diariotextual.com\/inicio\/index.php\/2019\/10\/02\/la-afip-suspendio-la-exclusion-oficio-del-regimen-del-monotributo\/","title":{"rendered":"La AFIP suspendi\u00f3 la exclusi\u00f3n de oficio del r\u00e9gimen del Monotributo"},"content":{"rendered":"<p>Los monotributistas que facturen por encima de los topes previstos en R\u00e9gimen Simplificado para Peque\u00f1os Contribuyentes\u00a0<b>no ser\u00e1n excluidos, al menos hasta fines de febrero de 2020<\/b>. As\u00ed lo dispuso la Administraci\u00f3n Federal de Ingresos P\u00fablicos (AFIP) a trav\u00e9s de una Resoluci\u00f3n publicada este mi\u00e9rcoles en el Bolet\u00edn Oficial. De esta forma, qued\u00f3 suspendido el procedimiento sist\u00e9mico de la exclusi\u00f3n \u201cde oficio\u201d.<\/p>\n<p>Seg\u00fan el organismo tributario, la decisi\u00f3n fue tomada por la magnitud de los acontecimientos econ\u00f3mico-financieros que afronta el pa\u00eds y por pedido del Poder Ejecutivo, que le encomend\u00f3 implementar medidas para amortiguar el impacto negativo. Al exceder el monto de la \u00faltima categor\u00eda del monotributo (correspondiente a una facturaci\u00f3n de m\u00e1s de $1.726.599), el contribuyente es\u00a0<b>dado de baja del r\u00e9gimen simplificado<\/b>\u00a0y de alta en los tributos correspondientes al r\u00e9gimen general, donde pasa a pagar tributos como\u00a0<b>IVA, Ganancias y Aut\u00f3nomos<\/b>, consign\u00f3 <b>Infobae<\/b>.<\/p>\n<p>Con todo, desde la AFIP aclararon que la medida no suspende todas las exclusiones, sino el \u201cproceso sistem\u00e1tico de exclusi\u00f3n\u201d. Esto es el \u201cbarrido\u201d que hace mensualmente el organismo para excluir a unos 5.000 contribuyentes por mes aproximadamente, en base a una serie de cruces entre gastos e ingresos. \u201cEl beneficio excluye a quienes pudieran ser excluidos por alguna fiscalizaci\u00f3n en particular\u201d, explicaron.<\/p>\n<p>&nbsp;<\/p>\n<p>&nbsp;<\/p>\n","protected":false},"excerpt":{"rendered":"<p>Los monotributistas que facturen por encima de los topes previstos en R\u00e9gimen Simplificado para Peque\u00f1os Contribuyentes\u00a0no ser\u00e1n excluidos, al menos hasta fines de febrero de 2020. As\u00ed lo dispuso la&hellip;<\/p>\n","protected":false},"author":3,"featured_media":32170,"comment_status":"closed","ping_status":"open","sticky":false,"template":"","format":"standard","meta":{"_acf_changed":false,"footnotes":""},"categories":[11,5],"tags":[],"class_list":["post-64542","post","type-post","status-publish","format-standard","has-post-thumbnail","hentry","category-que-pasa","category-economia"],"acf":[],"yoast_head":"<!-- This site is optimized with the Yoast SEO plugin v27.5 - https:\/\/yoast.com\/product\/yoast-seo-wordpress\/ -->\n<title>La AFIP suspendi\u00f3 la exclusi\u00f3n de oficio del r\u00e9gimen del Monotributo - Diario Textual<\/title>\n<meta name=\"robots\" content=\"index, follow, max-snippet:-1, max-image-preview:large, max-video-preview:-1\" \/>\n<link rel=\"canonical\" href=\"https:\/\/diariotextual.com\/inicio\/index.php\/2019\/10\/02\/la-afip-suspendio-la-exclusion-oficio-del-regimen-del-monotributo\/\" \/>\n<meta property=\"og:locale\" content=\"es_ES\" \/>\n<meta property=\"og:type\" content=\"article\" \/>\n<meta property=\"og:title\" content=\"La AFIP suspendi\u00f3 la exclusi\u00f3n de oficio del r\u00e9gimen del Monotributo - Diario Textual\" \/>\n<meta property=\"og:description\" content=\"Los monotributistas que facturen por encima de los topes previstos en R\u00e9gimen Simplificado para Peque\u00f1os Contribuyentes\u00a0no ser\u00e1n excluidos, al menos hasta fines de febrero de 2020. As\u00ed lo dispuso la&hellip;\" \/>\n<meta property=\"og:url\" content=\"https:\/\/diariotextual.com\/inicio\/index.php\/2019\/10\/02\/la-afip-suspendio-la-exclusion-oficio-del-regimen-del-monotributo\/\" \/>\n<meta property=\"og:site_name\" content=\"Diario Textual\" \/>\n<meta property=\"article:publisher\" content=\"https:\/\/www.facebook.com\/eltextual\" \/>\n<meta property=\"article:published_time\" content=\"2019-10-02T11:21:10+00:00\" \/>\n<meta property=\"article:modified_time\" content=\"2019-10-02T12:03:42+00:00\" \/>\n<meta property=\"og:image\" content=\"https:\/\/diariotextual.com\/inicio\/wp-content\/uploads\/2018\/12\/afipmonotributo1.jpg\" \/>\n\t<meta property=\"og:image:width\" content=\"700\" \/>\n\t<meta property=\"og:image:height\" content=\"395\" \/>\n\t<meta property=\"og:image:type\" content=\"image\/jpeg\" \/>\n<meta name=\"author\" content=\"Diario1 Diario1\" \/>\n<meta name=\"twitter:card\" content=\"summary_large_image\" \/>\n<meta name=\"twitter:creator\" content=\"@eltextual\" \/>\n<meta name=\"twitter:site\" content=\"@eltextual\" \/>\n<meta name=\"twitter:label1\" content=\"Escrito por\" \/>\n\t<meta name=\"twitter:data1\" content=\"Diario1 Diario1\" \/>\n\t<meta name=\"twitter:label2\" content=\"Tiempo de lectura\" \/>\n\t<meta name=\"twitter:data2\" content=\"1 minuto\" \/>\n<script type=\"application\/ld+json\" class=\"yoast-schema-graph\">{\"@context\":\"https:\\\/\\\/schema.org\",\"@graph\":[{\"@type\":\"Article\",\"@id\":\"https:\\\/\\\/diariotextual.com\\\/inicio\\\/index.php\\\/2019\\\/10\\\/02\\\/la-afip-suspendio-la-exclusion-oficio-del-regimen-del-monotributo\\\/#article\",\"isPartOf\":{\"@id\":\"https:\\\/\\\/diariotextual.com\\\/inicio\\\/index.php\\\/2019\\\/10\\\/02\\\/la-afip-suspendio-la-exclusion-oficio-del-regimen-del-monotributo\\\/\"},\"author\":{\"name\":\"Diario1 Diario1\",\"@id\":\"https:\\\/\\\/diariotextual.com\\\/inicio\\\/#\\\/schema\\\/person\\\/418fc4093c33e86ed41562db3508f958\"},\"headline\":\"La AFIP suspendi\u00f3 la exclusi\u00f3n de oficio del r\u00e9gimen del Monotributo\",\"datePublished\":\"2019-10-02T11:21:10+00:00\",\"dateModified\":\"2019-10-02T12:03:42+00:00\",\"mainEntityOfPage\":{\"@id\":\"https:\\\/\\\/diariotextual.com\\\/inicio\\\/index.php\\\/2019\\\/10\\\/02\\\/la-afip-suspendio-la-exclusion-oficio-del-regimen-del-monotributo\\\/\"},\"wordCount\":245,\"publisher\":{\"@id\":\"https:\\\/\\\/diariotextual.com\\\/inicio\\\/#organization\"},\"image\":{\"@id\":\"https:\\\/\\\/diariotextual.com\\\/inicio\\\/index.php\\\/2019\\\/10\\\/02\\\/la-afip-suspendio-la-exclusion-oficio-del-regimen-del-monotributo\\\/#primaryimage\"},\"thumbnailUrl\":\"https:\\\/\\\/diariotextual.com\\\/inicio\\\/wp-content\\\/uploads\\\/2018\\\/12\\\/afipmonotributo1.jpg\",\"articleSection\":[\"A - QUE PASA (al costado)\",\"ECONOMIA\"],\"inLanguage\":\"es\"},{\"@type\":\"WebPage\",\"@id\":\"https:\\\/\\\/diariotextual.com\\\/inicio\\\/index.php\\\/2019\\\/10\\\/02\\\/la-afip-suspendio-la-exclusion-oficio-del-regimen-del-monotributo\\\/\",\"url\":\"https:\\\/\\\/diariotextual.com\\\/inicio\\\/index.php\\\/2019\\\/10\\\/02\\\/la-afip-suspendio-la-exclusion-oficio-del-regimen-del-monotributo\\\/\",\"name\":\"La AFIP suspendi\u00f3 la exclusi\u00f3n de oficio del r\u00e9gimen del Monotributo - Diario Textual\",\"isPartOf\":{\"@id\":\"https:\\\/\\\/diariotextual.com\\\/inicio\\\/#website\"},\"primaryImageOfPage\":{\"@id\":\"https:\\\/\\\/diariotextual.com\\\/inicio\\\/index.php\\\/2019\\\/10\\\/02\\\/la-afip-suspendio-la-exclusion-oficio-del-regimen-del-monotributo\\\/#primaryimage\"},\"image\":{\"@id\":\"https:\\\/\\\/diariotextual.com\\\/inicio\\\/index.php\\\/2019\\\/10\\\/02\\\/la-afip-suspendio-la-exclusion-oficio-del-regimen-del-monotributo\\\/#primaryimage\"},\"thumbnailUrl\":\"https:\\\/\\\/diariotextual.com\\\/inicio\\\/wp-content\\\/uploads\\\/2018\\\/12\\\/afipmonotributo1.jpg\",\"datePublished\":\"2019-10-02T11:21:10+00:00\",\"dateModified\":\"2019-10-02T12:03:42+00:00\",\"breadcrumb\":{\"@id\":\"https:\\\/\\\/diariotextual.com\\\/inicio\\\/index.php\\\/2019\\\/10\\\/02\\\/la-afip-suspendio-la-exclusion-oficio-del-regimen-del-monotributo\\\/#breadcrumb\"},\"inLanguage\":\"es\",\"potentialAction\":[{\"@type\":\"ReadAction\",\"target\":[\"https:\\\/\\\/diariotextual.com\\\/inicio\\\/index.php\\\/2019\\\/10\\\/02\\\/la-afip-suspendio-la-exclusion-oficio-del-regimen-del-monotributo\\\/\"]}]},{\"@type\":\"ImageObject\",\"inLanguage\":\"es\",\"@id\":\"https:\\\/\\\/diariotextual.com\\\/inicio\\\/index.php\\\/2019\\\/10\\\/02\\\/la-afip-suspendio-la-exclusion-oficio-del-regimen-del-monotributo\\\/#primaryimage\",\"url\":\"https:\\\/\\\/diariotextual.com\\\/inicio\\\/wp-content\\\/uploads\\\/2018\\\/12\\\/afipmonotributo1.jpg\",\"contentUrl\":\"https:\\\/\\\/diariotextual.com\\\/inicio\\\/wp-content\\\/uploads\\\/2018\\\/12\\\/afipmonotributo1.jpg\",\"width\":700,\"height\":395},{\"@type\":\"BreadcrumbList\",\"@id\":\"https:\\\/\\\/diariotextual.com\\\/inicio\\\/index.php\\\/2019\\\/10\\\/02\\\/la-afip-suspendio-la-exclusion-oficio-del-regimen-del-monotributo\\\/#breadcrumb\",\"itemListElement\":[{\"@type\":\"ListItem\",\"position\":1,\"name\":\"Portada\",\"item\":\"https:\\\/\\\/diariotextual.com\\\/inicio\\\/\"},{\"@type\":\"ListItem\",\"position\":2,\"name\":\"La AFIP suspendi\u00f3 la exclusi\u00f3n de oficio del r\u00e9gimen del Monotributo\"}]},{\"@type\":\"WebSite\",\"@id\":\"https:\\\/\\\/diariotextual.com\\\/inicio\\\/#website\",\"url\":\"https:\\\/\\\/diariotextual.com\\\/inicio\\\/\",\"name\":\"Diario Textual\",\"description\":\"\",\"publisher\":{\"@id\":\"https:\\\/\\\/diariotextual.com\\\/inicio\\\/#organization\"},\"potentialAction\":[{\"@type\":\"SearchAction\",\"target\":{\"@type\":\"EntryPoint\",\"urlTemplate\":\"https:\\\/\\\/diariotextual.com\\\/inicio\\\/?s={search_term_string}\"},\"query-input\":{\"@type\":\"PropertyValueSpecification\",\"valueRequired\":true,\"valueName\":\"search_term_string\"}}],\"inLanguage\":\"es\"},{\"@type\":\"Organization\",\"@id\":\"https:\\\/\\\/diariotextual.com\\\/inicio\\\/#organization\",\"name\":\"Diario Textual\",\"url\":\"https:\\\/\\\/diariotextual.com\\\/inicio\\\/\",\"logo\":{\"@type\":\"ImageObject\",\"inLanguage\":\"es\",\"@id\":\"https:\\\/\\\/diariotextual.com\\\/inicio\\\/#\\\/schema\\\/logo\\\/image\\\/\",\"url\":\"https:\\\/\\\/diariotextual.com\\\/inicio\\\/wp-content\\\/uploads\\\/2023\\\/05\\\/logotextual1.jpg\",\"contentUrl\":\"https:\\\/\\\/diariotextual.com\\\/inicio\\\/wp-content\\\/uploads\\\/2023\\\/05\\\/logotextual1.jpg\",\"width\":516,\"height\":76,\"caption\":\"Diario Textual\"},\"image\":{\"@id\":\"https:\\\/\\\/diariotextual.com\\\/inicio\\\/#\\\/schema\\\/logo\\\/image\\\/\"},\"sameAs\":[\"https:\\\/\\\/www.facebook.com\\\/eltextual\",\"https:\\\/\\\/x.com\\\/eltextual\",\"http:\\\/\\\/www.instagram.com\\\/eltextual\"]},{\"@type\":\"Person\",\"@id\":\"https:\\\/\\\/diariotextual.com\\\/inicio\\\/#\\\/schema\\\/person\\\/418fc4093c33e86ed41562db3508f958\",\"name\":\"Diario1 Diario1\",\"image\":{\"@type\":\"ImageObject\",\"inLanguage\":\"es\",\"@id\":\"https:\\\/\\\/secure.gravatar.com\\\/avatar\\\/9167d280179c85bc18be67aa7eda765854300033af4896dd779b608640f2ef7a?s=96&d=mm&r=g\",\"url\":\"https:\\\/\\\/secure.gravatar.com\\\/avatar\\\/9167d280179c85bc18be67aa7eda765854300033af4896dd779b608640f2ef7a?s=96&d=mm&r=g\",\"contentUrl\":\"https:\\\/\\\/secure.gravatar.com\\\/avatar\\\/9167d280179c85bc18be67aa7eda765854300033af4896dd779b608640f2ef7a?s=96&d=mm&r=g\",\"caption\":\"Diario1 Diario1\"},\"url\":\"https:\\\/\\\/diariotextual.com\\\/inicio\\\/index.php\\\/author\\\/diario1\\\/\"}]}<\/script>\n<!-- \/ Yoast SEO plugin. -->","yoast_head_json":{"title":"La AFIP suspendi\u00f3 la exclusi\u00f3n de oficio del r\u00e9gimen del Monotributo - Diario Textual","robots":{"index":"index","follow":"follow","max-snippet":"max-snippet:-1","max-image-preview":"max-image-preview:large","max-video-preview":"max-video-preview:-1"},"canonical":"https:\/\/diariotextual.com\/inicio\/index.php\/2019\/10\/02\/la-afip-suspendio-la-exclusion-oficio-del-regimen-del-monotributo\/","og_locale":"es_ES","og_type":"article","og_title":"La AFIP suspendi\u00f3 la exclusi\u00f3n de oficio del r\u00e9gimen del Monotributo - Diario Textual","og_description":"Los monotributistas que facturen por encima de los topes previstos en R\u00e9gimen Simplificado para Peque\u00f1os Contribuyentes\u00a0no ser\u00e1n excluidos, al menos hasta fines de febrero de 2020. As\u00ed lo dispuso la&hellip;","og_url":"https:\/\/diariotextual.com\/inicio\/index.php\/2019\/10\/02\/la-afip-suspendio-la-exclusion-oficio-del-regimen-del-monotributo\/","og_site_name":"Diario Textual","article_publisher":"https:\/\/www.facebook.com\/eltextual","article_published_time":"2019-10-02T11:21:10+00:00","article_modified_time":"2019-10-02T12:03:42+00:00","og_image":[{"width":700,"height":395,"url":"https:\/\/diariotextual.com\/inicio\/wp-content\/uploads\/2018\/12\/afipmonotributo1.jpg","type":"image\/jpeg"}],"author":"Diario1 Diario1","twitter_card":"summary_large_image","twitter_creator":"@eltextual","twitter_site":"@eltextual","twitter_misc":{"Escrito por":"Diario1 Diario1","Tiempo de lectura":"1 minuto"},"schema":{"@context":"https:\/\/schema.org","@graph":[{"@type":"Article","@id":"https:\/\/diariotextual.com\/inicio\/index.php\/2019\/10\/02\/la-afip-suspendio-la-exclusion-oficio-del-regimen-del-monotributo\/#article","isPartOf":{"@id":"https:\/\/diariotextual.com\/inicio\/index.php\/2019\/10\/02\/la-afip-suspendio-la-exclusion-oficio-del-regimen-del-monotributo\/"},"author":{"name":"Diario1 Diario1","@id":"https:\/\/diariotextual.com\/inicio\/#\/schema\/person\/418fc4093c33e86ed41562db3508f958"},"headline":"La AFIP suspendi\u00f3 la exclusi\u00f3n de oficio del r\u00e9gimen del Monotributo","datePublished":"2019-10-02T11:21:10+00:00","dateModified":"2019-10-02T12:03:42+00:00","mainEntityOfPage":{"@id":"https:\/\/diariotextual.com\/inicio\/index.php\/2019\/10\/02\/la-afip-suspendio-la-exclusion-oficio-del-regimen-del-monotributo\/"},"wordCount":245,"publisher":{"@id":"https:\/\/diariotextual.com\/inicio\/#organization"},"image":{"@id":"https:\/\/diariotextual.com\/inicio\/index.php\/2019\/10\/02\/la-afip-suspendio-la-exclusion-oficio-del-regimen-del-monotributo\/#primaryimage"},"thumbnailUrl":"https:\/\/diariotextual.com\/inicio\/wp-content\/uploads\/2018\/12\/afipmonotributo1.jpg","articleSection":["A - QUE PASA (al costado)","ECONOMIA"],"inLanguage":"es"},{"@type":"WebPage","@id":"https:\/\/diariotextual.com\/inicio\/index.php\/2019\/10\/02\/la-afip-suspendio-la-exclusion-oficio-del-regimen-del-monotributo\/","url":"https:\/\/diariotextual.com\/inicio\/index.php\/2019\/10\/02\/la-afip-suspendio-la-exclusion-oficio-del-regimen-del-monotributo\/","name":"La AFIP suspendi\u00f3 la exclusi\u00f3n de oficio del r\u00e9gimen del Monotributo - Diario Textual","isPartOf":{"@id":"https:\/\/diariotextual.com\/inicio\/#website"},"primaryImageOfPage":{"@id":"https:\/\/diariotextual.com\/inicio\/index.php\/2019\/10\/02\/la-afip-suspendio-la-exclusion-oficio-del-regimen-del-monotributo\/#primaryimage"},"image":{"@id":"https:\/\/diariotextual.com\/inicio\/index.php\/2019\/10\/02\/la-afip-suspendio-la-exclusion-oficio-del-regimen-del-monotributo\/#primaryimage"},"thumbnailUrl":"https:\/\/diariotextual.com\/inicio\/wp-content\/uploads\/2018\/12\/afipmonotributo1.jpg","datePublished":"2019-10-02T11:21:10+00:00","dateModified":"2019-10-02T12:03:42+00:00","breadcrumb":{"@id":"https:\/\/diariotextual.com\/inicio\/index.php\/2019\/10\/02\/la-afip-suspendio-la-exclusion-oficio-del-regimen-del-monotributo\/#breadcrumb"},"inLanguage":"es","potentialAction":[{"@type":"ReadAction","target":["https:\/\/diariotextual.com\/inicio\/index.php\/2019\/10\/02\/la-afip-suspendio-la-exclusion-oficio-del-regimen-del-monotributo\/"]}]},{"@type":"ImageObject","inLanguage":"es","@id":"https:\/\/diariotextual.com\/inicio\/index.php\/2019\/10\/02\/la-afip-suspendio-la-exclusion-oficio-del-regimen-del-monotributo\/#primaryimage","url":"https:\/\/diariotextual.com\/inicio\/wp-content\/uploads\/2018\/12\/afipmonotributo1.jpg","contentUrl":"https:\/\/diariotextual.com\/inicio\/wp-content\/uploads\/2018\/12\/afipmonotributo1.jpg","width":700,"height":395},{"@type":"BreadcrumbList","@id":"https:\/\/diariotextual.com\/inicio\/index.php\/2019\/10\/02\/la-afip-suspendio-la-exclusion-oficio-del-regimen-del-monotributo\/#breadcrumb","itemListElement":[{"@type":"ListItem","position":1,"name":"Portada","item":"https:\/\/diariotextual.com\/inicio\/"},{"@type":"ListItem","position":2,"name":"La AFIP suspendi\u00f3 la exclusi\u00f3n de oficio del r\u00e9gimen del Monotributo"}]},{"@type":"WebSite","@id":"https:\/\/diariotextual.com\/inicio\/#website","url":"https:\/\/diariotextual.com\/inicio\/","name":"Diario Textual","description":"","publisher":{"@id":"https:\/\/diariotextual.com\/inicio\/#organization"},"potentialAction":[{"@type":"SearchAction","target":{"@type":"EntryPoint","urlTemplate":"https:\/\/diariotextual.com\/inicio\/?s={search_term_string}"},"query-input":{"@type":"PropertyValueSpecification","valueRequired":true,"valueName":"search_term_string"}}],"inLanguage":"es"},{"@type":"Organization","@id":"https:\/\/diariotextual.com\/inicio\/#organization","name":"Diario Textual","url":"https:\/\/diariotextual.com\/inicio\/","logo":{"@type":"ImageObject","inLanguage":"es","@id":"https:\/\/diariotextual.com\/inicio\/#\/schema\/logo\/image\/","url":"https:\/\/diariotextual.com\/inicio\/wp-content\/uploads\/2023\/05\/logotextual1.jpg","contentUrl":"https:\/\/diariotextual.com\/inicio\/wp-content\/uploads\/2023\/05\/logotextual1.jpg","width":516,"height":76,"caption":"Diario Textual"},"image":{"@id":"https:\/\/diariotextual.com\/inicio\/#\/schema\/logo\/image\/"},"sameAs":["https:\/\/www.facebook.com\/eltextual","https:\/\/x.com\/eltextual","http:\/\/www.instagram.com\/eltextual"]},{"@type":"Person","@id":"https:\/\/diariotextual.com\/inicio\/#\/schema\/person\/418fc4093c33e86ed41562db3508f958","name":"Diario1 Diario1","image":{"@type":"ImageObject","inLanguage":"es","@id":"https:\/\/secure.gravatar.com\/avatar\/9167d280179c85bc18be67aa7eda765854300033af4896dd779b608640f2ef7a?s=96&d=mm&r=g","url":"https:\/\/secure.gravatar.com\/avatar\/9167d280179c85bc18be67aa7eda765854300033af4896dd779b608640f2ef7a?s=96&d=mm&r=g","contentUrl":"https:\/\/secure.gravatar.com\/avatar\/9167d280179c85bc18be67aa7eda765854300033af4896dd779b608640f2ef7a?s=96&d=mm&r=g","caption":"Diario1 Diario1"},"url":"https:\/\/diariotextual.com\/inicio\/index.php\/author\/diario1\/"}]}},"_links":{"self":[{"href":"https:\/\/diariotextual.com\/inicio\/index.php\/wp-json\/wp\/v2\/posts\/64542","targetHints":{"allow":["GET"]}}],"collection":[{"href":"https:\/\/diariotextual.com\/inicio\/index.php\/wp-json\/wp\/v2\/posts"}],"about":[{"href":"https:\/\/diariotextual.com\/inicio\/index.php\/wp-json\/wp\/v2\/types\/post"}],"author":[{"embeddable":true,"href":"https:\/\/diariotextual.com\/inicio\/index.php\/wp-json\/wp\/v2\/users\/3"}],"replies":[{"embeddable":true,"href":"https:\/\/diariotextual.com\/inicio\/index.php\/wp-json\/wp\/v2\/comments?post=64542"}],"version-history":[{"count":2,"href":"https:\/\/diariotextual.com\/inicio\/index.php\/wp-json\/wp\/v2\/posts\/64542\/revisions"}],"predecessor-version":[{"id":64544,"href":"https:\/\/diariotextual.com\/inicio\/index.php\/wp-json\/wp\/v2\/posts\/64542\/revisions\/64544"}],"wp:featuredmedia":[{"embeddable":true,"href":"https:\/\/diariotextual.com\/inicio\/index.php\/wp-json\/wp\/v2\/media\/32170"}],"wp:attachment":[{"href":"https:\/\/diariotextual.com\/inicio\/index.php\/wp-json\/wp\/v2\/media?parent=64542"}],"wp:term":[{"taxonomy":"category","embeddable":true,"href":"https:\/\/diariotextual.com\/inicio\/index.php\/wp-json\/wp\/v2\/categories?post=64542"},{"taxonomy":"post_tag","embeddable":true,"href":"https:\/\/diariotextual.com\/inicio\/index.php\/wp-json\/wp\/v2\/tags?post=64542"}],"curies":[{"name":"wp","href":"https:\/\/api.w.org\/{rel}","templated":true}]}}