{"id":64565,"date":"2019-10-02T10:38:27","date_gmt":"2019-10-02T13:38:27","guid":{"rendered":"http:\/\/diariotextual.com\/inicio\/?p=64565"},"modified":"2019-10-02T12:33:22","modified_gmt":"2019-10-02T15:33:22","slug":"fallo-iva-ganancias-la-corte-puso-las-cosas-lugar","status":"publish","type":"post","link":"https:\/\/diariotextual.com\/inicio\/index.php\/2019\/10\/02\/fallo-iva-ganancias-la-corte-puso-las-cosas-lugar\/","title":{"rendered":"Fallo por IVA y Ganancias: \u00abLa Corte puso las cosas en su lugar\u00bb"},"content":{"rendered":"<p>El ministro de Gobierno de La Pampa, <strong>Pablo Bensus\u00e1n<\/strong>, celebr\u00f3 el <strong>fallo de la Corte Suprema<\/strong> a favor de un\u00a0grupo de provincias, entre ellas La Pampa, por los decretos del presidente <strong>Mauricio Macri<\/strong> que afectaron <strong>fondos coparticipables<\/strong> a trav\u00e9s de la <strong>reducci\u00f3n del IVA<\/strong> y del <strong>Impuesto a las Ganancias.<\/strong> \u00abPuso las cosas en su lugar. No pod\u00eda fallar de otra manera\u00bb, dijo el funcionario.<\/p>\n<blockquote class=\"wp-embedded-content\" data-secret=\"r9LZsYVFYq\"><p><a href=\"http:\/\/diariotextual.com\/inicio\/index.php\/2019\/10\/01\/la-corte-fallo-favor-la-pampa-resto-las-provincias-iva-las-ganancias\/\">La Corte fall\u00f3 a favor de La Pampa y el resto de las provincias por el IVA y las Ganancias<\/a><\/p><\/blockquote>\n<p><iframe class=\"wp-embedded-content\" sandbox=\"allow-scripts\" security=\"restricted\" style=\"position: absolute; clip: rect(1px, 1px, 1px, 1px);\" src=\"http:\/\/diariotextual.com\/inicio\/index.php\/2019\/10\/01\/la-corte-fallo-favor-la-pampa-resto-las-provincias-iva-las-ganancias\/embed\/#?secret=r9LZsYVFYq\" data-secret=\"r9LZsYVFYq\" width=\"600\" height=\"338\" title=\"&#171;La Corte fall\u00f3 a favor de La Pampa y el resto de las provincias por el IVA y las Ganancias&#187; &#8212; Diario Textual\" frameborder=\"0\" marginwidth=\"0\" marginheight=\"0\" scrolling=\"no\"><\/iframe><\/p>\n<p>Bensus\u00e1n fue consultado sobre la decisi\u00f3n del m\u00e1ximo organismo judicial del pa\u00eds durante la inauguraci\u00f3n de la 3\u00b0 Feria Provincial del Libro, en Santa Rosa.<\/p>\n<p><strong>\u201cCreo que la Corte no pod\u00eda fallar de otra manera. El Gobierno nacional no pudo haber hecho lo que hizo: establecer una normativa de fondo que afecta a las provincias. Creo que puso las cosas en su lugar\u00bb<\/strong>, reflexion\u00f3.<\/p>\n<p><strong>\u00abM\u00e1s tarde o m\u00e1s temprano iba a salir el fallo. Fue una buena decisi\u00f3n hacerlo de manera inmediata para reponerle los fondos a las provincias\u00bb<\/strong>, sostuvo.<\/p>\n<p>\u00abEl error fue del Poder Ejecutivo por firmar los DNU que afectaron los fondos coparticipables. La Corte, insisto, puso las cosas en su lugar\u00bb, agreg\u00f3.<\/p>\n<blockquote class=\"wp-embedded-content\" data-secret=\"LmOy5teRji\"><p><a href=\"http:\/\/diariotextual.com\/inicio\/index.php\/2019\/10\/02\/verna-la-pampa-practicamos-federalismo-la-corte-nos-dio-la-razon\/\">Verna: &#171;En La Pampa practicamos el federalismo y la Corte nos dio la raz\u00f3n&#187;<\/a><\/p><\/blockquote>\n<p><iframe class=\"wp-embedded-content\" sandbox=\"allow-scripts\" security=\"restricted\" style=\"position: absolute; clip: rect(1px, 1px, 1px, 1px);\" src=\"http:\/\/diariotextual.com\/inicio\/index.php\/2019\/10\/02\/verna-la-pampa-practicamos-federalismo-la-corte-nos-dio-la-razon\/embed\/#?secret=LmOy5teRji\" data-secret=\"LmOy5teRji\" width=\"600\" height=\"338\" title=\"&#171;Verna: &#171;En La Pampa practicamos el federalismo y la Corte nos dio la raz\u00f3n&#187;&#187; &#8212; Diario Textual\" frameborder=\"0\" marginwidth=\"0\" marginheight=\"0\" scrolling=\"no\"><\/iframe><\/p>\n<p>&nbsp;<\/p>\n","protected":false},"excerpt":{"rendered":"<p>El ministro de Gobierno de La Pampa, Pablo Bensus\u00e1n, celebr\u00f3 el fallo de la Corte Suprema a favor de un\u00a0grupo de provincias, entre ellas La Pampa, por los decretos del&hellip;<\/p>\n","protected":false},"author":7,"featured_media":44868,"comment_status":"closed","ping_status":"open","sticky":false,"template":"","format":"standard","meta":{"_acf_changed":false,"footnotes":""},"categories":[11,8],"tags":[1021,439,2181],"class_list":["post-64565","post","type-post","status-publish","format-standard","has-post-thumbnail","hentry","category-que-pasa","category-politica","tag-corte","tag-ganancias","tag-iva"],"acf":[],"yoast_head":"<!-- This site is optimized with the Yoast SEO plugin v27.5 - https:\/\/yoast.com\/product\/yoast-seo-wordpress\/ -->\n<title>Fallo por IVA y Ganancias: &quot;La Corte puso las cosas en su lugar&quot; - Diario Textual<\/title>\n<meta name=\"robots\" content=\"index, follow, max-snippet:-1, max-image-preview:large, max-video-preview:-1\" \/>\n<link rel=\"canonical\" href=\"https:\/\/diariotextual.com\/inicio\/index.php\/2019\/10\/02\/fallo-iva-ganancias-la-corte-puso-las-cosas-lugar\/\" \/>\n<meta property=\"og:locale\" content=\"es_ES\" \/>\n<meta property=\"og:type\" content=\"article\" \/>\n<meta property=\"og:title\" content=\"Fallo por IVA y Ganancias: &quot;La Corte puso las cosas en su lugar&quot; - Diario Textual\" \/>\n<meta property=\"og:description\" content=\"El ministro de Gobierno de La Pampa, Pablo Bensus\u00e1n, celebr\u00f3 el fallo de la Corte Suprema a favor de un\u00a0grupo de provincias, entre ellas La Pampa, por los decretos del&hellip;\" \/>\n<meta property=\"og:url\" content=\"https:\/\/diariotextual.com\/inicio\/index.php\/2019\/10\/02\/fallo-iva-ganancias-la-corte-puso-las-cosas-lugar\/\" \/>\n<meta property=\"og:site_name\" content=\"Diario Textual\" \/>\n<meta property=\"article:publisher\" content=\"https:\/\/www.facebook.com\/eltextual\" \/>\n<meta property=\"article:published_time\" content=\"2019-10-02T13:38:27+00:00\" \/>\n<meta property=\"article:modified_time\" content=\"2019-10-02T15:33:22+00:00\" \/>\n<meta property=\"og:image\" content=\"https:\/\/diariotextual.com\/inicio\/wp-content\/uploads\/2019\/04\/bensusanpablo2019-1.jpg\" \/>\n\t<meta property=\"og:image:width\" content=\"900\" \/>\n\t<meta property=\"og:image:height\" content=\"507\" \/>\n\t<meta property=\"og:image:type\" content=\"image\/jpeg\" \/>\n<meta name=\"author\" content=\"diario5\" \/>\n<meta name=\"twitter:card\" content=\"summary_large_image\" \/>\n<meta name=\"twitter:creator\" content=\"@eltextual\" \/>\n<meta name=\"twitter:site\" content=\"@eltextual\" \/>\n<meta name=\"twitter:label1\" content=\"Escrito por\" \/>\n\t<meta name=\"twitter:data1\" content=\"diario5\" \/>\n\t<meta name=\"twitter:label2\" content=\"Tiempo de lectura\" \/>\n\t<meta name=\"twitter:data2\" content=\"1 minuto\" \/>\n<script type=\"application\/ld+json\" class=\"yoast-schema-graph\">{\"@context\":\"https:\\\/\\\/schema.org\",\"@graph\":[{\"@type\":\"Article\",\"@id\":\"https:\\\/\\\/diariotextual.com\\\/inicio\\\/index.php\\\/2019\\\/10\\\/02\\\/fallo-iva-ganancias-la-corte-puso-las-cosas-lugar\\\/#article\",\"isPartOf\":{\"@id\":\"https:\\\/\\\/diariotextual.com\\\/inicio\\\/index.php\\\/2019\\\/10\\\/02\\\/fallo-iva-ganancias-la-corte-puso-las-cosas-lugar\\\/\"},\"author\":{\"name\":\"diario5\",\"@id\":\"https:\\\/\\\/diariotextual.com\\\/inicio\\\/#\\\/schema\\\/person\\\/c7834961ad8b29b1d9cdbf4571299067\"},\"headline\":\"Fallo por IVA y Ganancias: \u00abLa Corte puso las cosas en su lugar\u00bb\",\"datePublished\":\"2019-10-02T13:38:27+00:00\",\"dateModified\":\"2019-10-02T15:33:22+00:00\",\"mainEntityOfPage\":{\"@id\":\"https:\\\/\\\/diariotextual.com\\\/inicio\\\/index.php\\\/2019\\\/10\\\/02\\\/fallo-iva-ganancias-la-corte-puso-las-cosas-lugar\\\/\"},\"wordCount\":221,\"publisher\":{\"@id\":\"https:\\\/\\\/diariotextual.com\\\/inicio\\\/#organization\"},\"image\":{\"@id\":\"https:\\\/\\\/diariotextual.com\\\/inicio\\\/index.php\\\/2019\\\/10\\\/02\\\/fallo-iva-ganancias-la-corte-puso-las-cosas-lugar\\\/#primaryimage\"},\"thumbnailUrl\":\"https:\\\/\\\/diariotextual.com\\\/inicio\\\/wp-content\\\/uploads\\\/2019\\\/04\\\/bensusanpablo2019-1.jpg\",\"keywords\":[\"Corte\",\"ganancias\",\"iva\"],\"articleSection\":[\"A - QUE PASA (al costado)\",\"POLITICA\"],\"inLanguage\":\"es\"},{\"@type\":\"WebPage\",\"@id\":\"https:\\\/\\\/diariotextual.com\\\/inicio\\\/index.php\\\/2019\\\/10\\\/02\\\/fallo-iva-ganancias-la-corte-puso-las-cosas-lugar\\\/\",\"url\":\"https:\\\/\\\/diariotextual.com\\\/inicio\\\/index.php\\\/2019\\\/10\\\/02\\\/fallo-iva-ganancias-la-corte-puso-las-cosas-lugar\\\/\",\"name\":\"Fallo por IVA y Ganancias: \\\"La Corte puso las cosas en su lugar\\\" - Diario Textual\",\"isPartOf\":{\"@id\":\"https:\\\/\\\/diariotextual.com\\\/inicio\\\/#website\"},\"primaryImageOfPage\":{\"@id\":\"https:\\\/\\\/diariotextual.com\\\/inicio\\\/index.php\\\/2019\\\/10\\\/02\\\/fallo-iva-ganancias-la-corte-puso-las-cosas-lugar\\\/#primaryimage\"},\"image\":{\"@id\":\"https:\\\/\\\/diariotextual.com\\\/inicio\\\/index.php\\\/2019\\\/10\\\/02\\\/fallo-iva-ganancias-la-corte-puso-las-cosas-lugar\\\/#primaryimage\"},\"thumbnailUrl\":\"https:\\\/\\\/diariotextual.com\\\/inicio\\\/wp-content\\\/uploads\\\/2019\\\/04\\\/bensusanpablo2019-1.jpg\",\"datePublished\":\"2019-10-02T13:38:27+00:00\",\"dateModified\":\"2019-10-02T15:33:22+00:00\",\"breadcrumb\":{\"@id\":\"https:\\\/\\\/diariotextual.com\\\/inicio\\\/index.php\\\/2019\\\/10\\\/02\\\/fallo-iva-ganancias-la-corte-puso-las-cosas-lugar\\\/#breadcrumb\"},\"inLanguage\":\"es\",\"potentialAction\":[{\"@type\":\"ReadAction\",\"target\":[\"https:\\\/\\\/diariotextual.com\\\/inicio\\\/index.php\\\/2019\\\/10\\\/02\\\/fallo-iva-ganancias-la-corte-puso-las-cosas-lugar\\\/\"]}]},{\"@type\":\"ImageObject\",\"inLanguage\":\"es\",\"@id\":\"https:\\\/\\\/diariotextual.com\\\/inicio\\\/index.php\\\/2019\\\/10\\\/02\\\/fallo-iva-ganancias-la-corte-puso-las-cosas-lugar\\\/#primaryimage\",\"url\":\"https:\\\/\\\/diariotextual.com\\\/inicio\\\/wp-content\\\/uploads\\\/2019\\\/04\\\/bensusanpablo2019-1.jpg\",\"contentUrl\":\"https:\\\/\\\/diariotextual.com\\\/inicio\\\/wp-content\\\/uploads\\\/2019\\\/04\\\/bensusanpablo2019-1.jpg\",\"width\":900,\"height\":507},{\"@type\":\"BreadcrumbList\",\"@id\":\"https:\\\/\\\/diariotextual.com\\\/inicio\\\/index.php\\\/2019\\\/10\\\/02\\\/fallo-iva-ganancias-la-corte-puso-las-cosas-lugar\\\/#breadcrumb\",\"itemListElement\":[{\"@type\":\"ListItem\",\"position\":1,\"name\":\"Portada\",\"item\":\"https:\\\/\\\/diariotextual.com\\\/inicio\\\/\"},{\"@type\":\"ListItem\",\"position\":2,\"name\":\"Fallo por IVA y Ganancias: \u00abLa Corte puso las cosas en su lugar\u00bb\"}]},{\"@type\":\"WebSite\",\"@id\":\"https:\\\/\\\/diariotextual.com\\\/inicio\\\/#website\",\"url\":\"https:\\\/\\\/diariotextual.com\\\/inicio\\\/\",\"name\":\"Diario Textual\",\"description\":\"\",\"publisher\":{\"@id\":\"https:\\\/\\\/diariotextual.com\\\/inicio\\\/#organization\"},\"potentialAction\":[{\"@type\":\"SearchAction\",\"target\":{\"@type\":\"EntryPoint\",\"urlTemplate\":\"https:\\\/\\\/diariotextual.com\\\/inicio\\\/?s={search_term_string}\"},\"query-input\":{\"@type\":\"PropertyValueSpecification\",\"valueRequired\":true,\"valueName\":\"search_term_string\"}}],\"inLanguage\":\"es\"},{\"@type\":\"Organization\",\"@id\":\"https:\\\/\\\/diariotextual.com\\\/inicio\\\/#organization\",\"name\":\"Diario Textual\",\"url\":\"https:\\\/\\\/diariotextual.com\\\/inicio\\\/\",\"logo\":{\"@type\":\"ImageObject\",\"inLanguage\":\"es\",\"@id\":\"https:\\\/\\\/diariotextual.com\\\/inicio\\\/#\\\/schema\\\/logo\\\/image\\\/\",\"url\":\"https:\\\/\\\/diariotextual.com\\\/inicio\\\/wp-content\\\/uploads\\\/2023\\\/05\\\/logotextual1.jpg\",\"contentUrl\":\"https:\\\/\\\/diariotextual.com\\\/inicio\\\/wp-content\\\/uploads\\\/2023\\\/05\\\/logotextual1.jpg\",\"width\":516,\"height\":76,\"caption\":\"Diario Textual\"},\"image\":{\"@id\":\"https:\\\/\\\/diariotextual.com\\\/inicio\\\/#\\\/schema\\\/logo\\\/image\\\/\"},\"sameAs\":[\"https:\\\/\\\/www.facebook.com\\\/eltextual\",\"https:\\\/\\\/x.com\\\/eltextual\",\"http:\\\/\\\/www.instagram.com\\\/eltextual\"]},{\"@type\":\"Person\",\"@id\":\"https:\\\/\\\/diariotextual.com\\\/inicio\\\/#\\\/schema\\\/person\\\/c7834961ad8b29b1d9cdbf4571299067\",\"name\":\"diario5\",\"image\":{\"@type\":\"ImageObject\",\"inLanguage\":\"es\",\"@id\":\"https:\\\/\\\/secure.gravatar.com\\\/avatar\\\/948c893b847ca6df68216ead81b63f363408ec9b0f600fefc0641ce78613b111?s=96&d=mm&r=g\",\"url\":\"https:\\\/\\\/secure.gravatar.com\\\/avatar\\\/948c893b847ca6df68216ead81b63f363408ec9b0f600fefc0641ce78613b111?s=96&d=mm&r=g\",\"contentUrl\":\"https:\\\/\\\/secure.gravatar.com\\\/avatar\\\/948c893b847ca6df68216ead81b63f363408ec9b0f600fefc0641ce78613b111?s=96&d=mm&r=g\",\"caption\":\"diario5\"},\"url\":\"https:\\\/\\\/diariotextual.com\\\/inicio\\\/index.php\\\/author\\\/diario5\\\/\"}]}<\/script>\n<!-- \/ Yoast SEO plugin. -->","yoast_head_json":{"title":"Fallo por IVA y Ganancias: \"La Corte puso las cosas en su lugar\" - Diario Textual","robots":{"index":"index","follow":"follow","max-snippet":"max-snippet:-1","max-image-preview":"max-image-preview:large","max-video-preview":"max-video-preview:-1"},"canonical":"https:\/\/diariotextual.com\/inicio\/index.php\/2019\/10\/02\/fallo-iva-ganancias-la-corte-puso-las-cosas-lugar\/","og_locale":"es_ES","og_type":"article","og_title":"Fallo por IVA y Ganancias: \"La Corte puso las cosas en su lugar\" - Diario Textual","og_description":"El ministro de Gobierno de La Pampa, Pablo Bensus\u00e1n, celebr\u00f3 el fallo de la Corte Suprema a favor de un\u00a0grupo de provincias, entre ellas La Pampa, por los decretos del&hellip;","og_url":"https:\/\/diariotextual.com\/inicio\/index.php\/2019\/10\/02\/fallo-iva-ganancias-la-corte-puso-las-cosas-lugar\/","og_site_name":"Diario Textual","article_publisher":"https:\/\/www.facebook.com\/eltextual","article_published_time":"2019-10-02T13:38:27+00:00","article_modified_time":"2019-10-02T15:33:22+00:00","og_image":[{"width":900,"height":507,"url":"https:\/\/diariotextual.com\/inicio\/wp-content\/uploads\/2019\/04\/bensusanpablo2019-1.jpg","type":"image\/jpeg"}],"author":"diario5","twitter_card":"summary_large_image","twitter_creator":"@eltextual","twitter_site":"@eltextual","twitter_misc":{"Escrito por":"diario5","Tiempo de lectura":"1 minuto"},"schema":{"@context":"https:\/\/schema.org","@graph":[{"@type":"Article","@id":"https:\/\/diariotextual.com\/inicio\/index.php\/2019\/10\/02\/fallo-iva-ganancias-la-corte-puso-las-cosas-lugar\/#article","isPartOf":{"@id":"https:\/\/diariotextual.com\/inicio\/index.php\/2019\/10\/02\/fallo-iva-ganancias-la-corte-puso-las-cosas-lugar\/"},"author":{"name":"diario5","@id":"https:\/\/diariotextual.com\/inicio\/#\/schema\/person\/c7834961ad8b29b1d9cdbf4571299067"},"headline":"Fallo por IVA y Ganancias: \u00abLa Corte puso las cosas en su lugar\u00bb","datePublished":"2019-10-02T13:38:27+00:00","dateModified":"2019-10-02T15:33:22+00:00","mainEntityOfPage":{"@id":"https:\/\/diariotextual.com\/inicio\/index.php\/2019\/10\/02\/fallo-iva-ganancias-la-corte-puso-las-cosas-lugar\/"},"wordCount":221,"publisher":{"@id":"https:\/\/diariotextual.com\/inicio\/#organization"},"image":{"@id":"https:\/\/diariotextual.com\/inicio\/index.php\/2019\/10\/02\/fallo-iva-ganancias-la-corte-puso-las-cosas-lugar\/#primaryimage"},"thumbnailUrl":"https:\/\/diariotextual.com\/inicio\/wp-content\/uploads\/2019\/04\/bensusanpablo2019-1.jpg","keywords":["Corte","ganancias","iva"],"articleSection":["A - QUE PASA (al costado)","POLITICA"],"inLanguage":"es"},{"@type":"WebPage","@id":"https:\/\/diariotextual.com\/inicio\/index.php\/2019\/10\/02\/fallo-iva-ganancias-la-corte-puso-las-cosas-lugar\/","url":"https:\/\/diariotextual.com\/inicio\/index.php\/2019\/10\/02\/fallo-iva-ganancias-la-corte-puso-las-cosas-lugar\/","name":"Fallo por IVA y Ganancias: \"La Corte puso las cosas en su lugar\" - Diario Textual","isPartOf":{"@id":"https:\/\/diariotextual.com\/inicio\/#website"},"primaryImageOfPage":{"@id":"https:\/\/diariotextual.com\/inicio\/index.php\/2019\/10\/02\/fallo-iva-ganancias-la-corte-puso-las-cosas-lugar\/#primaryimage"},"image":{"@id":"https:\/\/diariotextual.com\/inicio\/index.php\/2019\/10\/02\/fallo-iva-ganancias-la-corte-puso-las-cosas-lugar\/#primaryimage"},"thumbnailUrl":"https:\/\/diariotextual.com\/inicio\/wp-content\/uploads\/2019\/04\/bensusanpablo2019-1.jpg","datePublished":"2019-10-02T13:38:27+00:00","dateModified":"2019-10-02T15:33:22+00:00","breadcrumb":{"@id":"https:\/\/diariotextual.com\/inicio\/index.php\/2019\/10\/02\/fallo-iva-ganancias-la-corte-puso-las-cosas-lugar\/#breadcrumb"},"inLanguage":"es","potentialAction":[{"@type":"ReadAction","target":["https:\/\/diariotextual.com\/inicio\/index.php\/2019\/10\/02\/fallo-iva-ganancias-la-corte-puso-las-cosas-lugar\/"]}]},{"@type":"ImageObject","inLanguage":"es","@id":"https:\/\/diariotextual.com\/inicio\/index.php\/2019\/10\/02\/fallo-iva-ganancias-la-corte-puso-las-cosas-lugar\/#primaryimage","url":"https:\/\/diariotextual.com\/inicio\/wp-content\/uploads\/2019\/04\/bensusanpablo2019-1.jpg","contentUrl":"https:\/\/diariotextual.com\/inicio\/wp-content\/uploads\/2019\/04\/bensusanpablo2019-1.jpg","width":900,"height":507},{"@type":"BreadcrumbList","@id":"https:\/\/diariotextual.com\/inicio\/index.php\/2019\/10\/02\/fallo-iva-ganancias-la-corte-puso-las-cosas-lugar\/#breadcrumb","itemListElement":[{"@type":"ListItem","position":1,"name":"Portada","item":"https:\/\/diariotextual.com\/inicio\/"},{"@type":"ListItem","position":2,"name":"Fallo por IVA y Ganancias: \u00abLa Corte puso las cosas en su lugar\u00bb"}]},{"@type":"WebSite","@id":"https:\/\/diariotextual.com\/inicio\/#website","url":"https:\/\/diariotextual.com\/inicio\/","name":"Diario Textual","description":"","publisher":{"@id":"https:\/\/diariotextual.com\/inicio\/#organization"},"potentialAction":[{"@type":"SearchAction","target":{"@type":"EntryPoint","urlTemplate":"https:\/\/diariotextual.com\/inicio\/?s={search_term_string}"},"query-input":{"@type":"PropertyValueSpecification","valueRequired":true,"valueName":"search_term_string"}}],"inLanguage":"es"},{"@type":"Organization","@id":"https:\/\/diariotextual.com\/inicio\/#organization","name":"Diario Textual","url":"https:\/\/diariotextual.com\/inicio\/","logo":{"@type":"ImageObject","inLanguage":"es","@id":"https:\/\/diariotextual.com\/inicio\/#\/schema\/logo\/image\/","url":"https:\/\/diariotextual.com\/inicio\/wp-content\/uploads\/2023\/05\/logotextual1.jpg","contentUrl":"https:\/\/diariotextual.com\/inicio\/wp-content\/uploads\/2023\/05\/logotextual1.jpg","width":516,"height":76,"caption":"Diario Textual"},"image":{"@id":"https:\/\/diariotextual.com\/inicio\/#\/schema\/logo\/image\/"},"sameAs":["https:\/\/www.facebook.com\/eltextual","https:\/\/x.com\/eltextual","http:\/\/www.instagram.com\/eltextual"]},{"@type":"Person","@id":"https:\/\/diariotextual.com\/inicio\/#\/schema\/person\/c7834961ad8b29b1d9cdbf4571299067","name":"diario5","image":{"@type":"ImageObject","inLanguage":"es","@id":"https:\/\/secure.gravatar.com\/avatar\/948c893b847ca6df68216ead81b63f363408ec9b0f600fefc0641ce78613b111?s=96&d=mm&r=g","url":"https:\/\/secure.gravatar.com\/avatar\/948c893b847ca6df68216ead81b63f363408ec9b0f600fefc0641ce78613b111?s=96&d=mm&r=g","contentUrl":"https:\/\/secure.gravatar.com\/avatar\/948c893b847ca6df68216ead81b63f363408ec9b0f600fefc0641ce78613b111?s=96&d=mm&r=g","caption":"diario5"},"url":"https:\/\/diariotextual.com\/inicio\/index.php\/author\/diario5\/"}]}},"_links":{"self":[{"href":"https:\/\/diariotextual.com\/inicio\/index.php\/wp-json\/wp\/v2\/posts\/64565","targetHints":{"allow":["GET"]}}],"collection":[{"href":"https:\/\/diariotextual.com\/inicio\/index.php\/wp-json\/wp\/v2\/posts"}],"about":[{"href":"https:\/\/diariotextual.com\/inicio\/index.php\/wp-json\/wp\/v2\/types\/post"}],"author":[{"embeddable":true,"href":"https:\/\/diariotextual.com\/inicio\/index.php\/wp-json\/wp\/v2\/users\/7"}],"replies":[{"embeddable":true,"href":"https:\/\/diariotextual.com\/inicio\/index.php\/wp-json\/wp\/v2\/comments?post=64565"}],"version-history":[{"count":2,"href":"https:\/\/diariotextual.com\/inicio\/index.php\/wp-json\/wp\/v2\/posts\/64565\/revisions"}],"predecessor-version":[{"id":64596,"href":"https:\/\/diariotextual.com\/inicio\/index.php\/wp-json\/wp\/v2\/posts\/64565\/revisions\/64596"}],"wp:featuredmedia":[{"embeddable":true,"href":"https:\/\/diariotextual.com\/inicio\/index.php\/wp-json\/wp\/v2\/media\/44868"}],"wp:attachment":[{"href":"https:\/\/diariotextual.com\/inicio\/index.php\/wp-json\/wp\/v2\/media?parent=64565"}],"wp:term":[{"taxonomy":"category","embeddable":true,"href":"https:\/\/diariotextual.com\/inicio\/index.php\/wp-json\/wp\/v2\/categories?post=64565"},{"taxonomy":"post_tag","embeddable":true,"href":"https:\/\/diariotextual.com\/inicio\/index.php\/wp-json\/wp\/v2\/tags?post=64565"}],"curies":[{"name":"wp","href":"https:\/\/api.w.org\/{rel}","templated":true}]}}