{"id":64569,"date":"2019-10-02T11:05:07","date_gmt":"2019-10-02T14:05:07","guid":{"rendered":"http:\/\/diariotextual.com\/inicio\/?p=64569"},"modified":"2019-10-02T17:46:03","modified_gmt":"2019-10-02T20:46:03","slug":"perez-araujo-macri-demagogia-dinero-todos","status":"publish","type":"post","link":"https:\/\/diariotextual.com\/inicio\/index.php\/2019\/10\/02\/perez-araujo-macri-demagogia-dinero-todos\/","title":{"rendered":"P\u00e9rez Araujo: \u00abMacri hace demagogia con el dinero de todos\u201d"},"content":{"rendered":"<p><strong>Hern\u00e1n P\u00e9rez Araujo<\/strong>, en su doble condici\u00f3n de procurador general de Rentas y candidato a diputado nacional, se refiri\u00f3 al fallo de la Corte Suprema que sostiene que la reducci\u00f3n del IVA y de Ganancias no pueden afectar a las provincias. Dijo que la Corte ha sido \u201cmuy clara cuando habla de buena fe y lealtad federal\u201d y asegur\u00f3 que el presidente Mauricio Macri \u201cest\u00e1 haciendo demagogia con el dinero de todos\u201d los argentinos.<\/p>\n<p><strong>&#8211; Me puede explicar casi did\u00e1cticamente, para los que no seguimos el tema, que fall\u00f3 ayer la Corte Suprema?- le consult\u00f3 el periodista Luis Novaresio (radio La Red).<\/strong><\/p>\n<p>-La Corte, lo que hizo fue hacer lugar, en principio respecto de la solicitud de la provincia de Entre R\u00edos, pero aplicable a las otras quince provincias que lo hab\u00edamos solicitado, fue resolver cautelarmente que el Estado Nacional pueda aplicar la reducci\u00f3n de IVA e Impuesto a las Ganancias pero con fondos que tienen que ver con la asignaci\u00f3n a Naci\u00f3n y no de la parte de la coparticipaci\u00f3n que le corresponde a las provincias. Esto hab\u00eda sido solicitado en el mes de agosto por la provincia de La Pampa y por otras quince provincias. Recordemos que no bien dictados los dos Decretos de Necesidad y Urgencia del Presidente Macri se hab\u00edan reunido diecinueve gobernadores en la sede del CFI, solicitando di\u00e1logo, solicitando apertura, solicitando que estas medidas no se tomaran de manera unilateral e inconsulta por el gobierno de Mauricio Macri. Ante los o\u00eddos sordos del gobierno tuvimos que acudir a la Corte y pedir la inconstitucionalidad de estos decretos, no la no aplicaci\u00f3n de los mismos, sino que los fondos que se dejan de percibir no sean afectados de la parte de la coparticipaci\u00f3n que reciben las provincias.\u00a0 En esto la Corte ha sido muy clara con los tres votos positivos que tuvimos, cuando habla de buena fe y lealtad federal.<\/p>\n<p><strong>&#8211; La primera reacci\u00f3n del gobierno a trav\u00e9s del ministro \u2013de Justicia\u2013 Germ\u00e1n Garavano fue decir que la Corte se meti\u00f3 en temas que no son propios en un a\u00f1o electoral; hay otros que dicen que hacen demagogia a favor de las provincias con el dinero de todos. \u00bfC\u00f3mo reacciona a esto?<\/strong><\/p>\n<p>-Es que la demagogia con el dinero de todos la est\u00e1 haciendo Mauricio Macri, sac\u00e1ndonos a las provincias, nuevamente, fondos que constitucionalmente nos pertenecen por la Ley de Coparticipaci\u00f3n, una Ley Convenio que no puede ser afectada de manera unilateral e intempestiva.<\/p>\n<blockquote class=\"wp-embedded-content\" data-secret=\"1QVwAWUOgE\"><p><a href=\"http:\/\/diariotextual.com\/inicio\/index.php\/2019\/10\/02\/verna-la-pampa-practicamos-federalismo-la-corte-nos-dio-la-razon\/\">Verna: &#171;En La Pampa practicamos el federalismo y la Corte nos dio la raz\u00f3n&#187;<\/a><\/p><\/blockquote>\n<p><iframe class=\"wp-embedded-content\" sandbox=\"allow-scripts\" security=\"restricted\" style=\"position: absolute; clip: rect(1px, 1px, 1px, 1px);\" src=\"http:\/\/diariotextual.com\/inicio\/index.php\/2019\/10\/02\/verna-la-pampa-practicamos-federalismo-la-corte-nos-dio-la-razon\/embed\/#?secret=1QVwAWUOgE\" data-secret=\"1QVwAWUOgE\" width=\"600\" height=\"338\" title=\"&#171;Verna: &#171;En La Pampa practicamos el federalismo y la Corte nos dio la raz\u00f3n&#187;&#187; &#8212; Diario Textual\" frameborder=\"0\" marginwidth=\"0\" marginheight=\"0\" scrolling=\"no\"><\/iframe><\/p>\n<p>La Corte lo dice muy claro y a m\u00ed me parece muy gr\u00e1fica cuando habla de repeler una Naci\u00f3n fragmentada. Me parece que ese es el punto y de ah\u00ed es desde donde debi\u00e9ramos partir hacia un futuro mejor para la relaci\u00f3n entre las provincias y el Estado Nacional.<br \/>\nEsto lo ha dicho el gobernador Verna y nosotros en La Pampa no nos cansamos de decirlo, en realidad con la plata ajena el que est\u00e1 haciendo campa\u00f1a es el Presidente Macri con la aplicaci\u00f3n de estos dos decretos. Insisto, nosotros no estamos en contra del fondo de la medida que es aliviar la mesa de las argentinas y argentinos, lo que estamos en desacuerdo es que eso se haga para pagar la campa\u00f1a de Macri con plata de las provincias. Es el viejo dicho del lunfardo, \u201ccon plata ajena cualquiera es taura\u201d.<\/p>\n<p><strong>&#8211; \u00bfVan a pedir la ejecuci\u00f3n inmediata de esta sentencia de la Corte?<\/strong><\/p>\n<p>El gobierno nacional pretende buscar un gris en la resoluci\u00f3n, pero a nosotros nos parece que es clara. Lo que manifiesta es que debe detraerse de los fondos nacionales la aplicaci\u00f3n de los decretos 561 y 569. Entendemos que la ejecuci\u00f3n debe ser inmediata.<br \/>\nGaravano ha hecho gala del cumplimiento por parte del Gobierno Nacional de las sentencias de la Corte, pero nosotros en La Pampa no tenemos esa experiencia. Tenemos una sentencia desde el 9 de noviembre del a\u00f1o pasado por la detracci\u00f3n del 9,9 % destinado al financiamiento de la AFIP que la Corte declar\u00f3 institucional y estamos tratando de cobrarles a Macri, Garavano y en aquel momento a Nicolas Dujovne, una suma cercana a los 5.200 millones de pesos, que es m\u00e1s del 10 % de nuestro presupuesto provincial anual y no hemos podido obtener hasta ahora un solo peso y tampoco un gesto de buena voluntad para cobrarlo. Por esto no puedo ser muy optimista en cuanto al cumplimiento de las sentencias de la Corte por parte del Gobierno Nacional. Ojal\u00e1 esta vez nos sorprendan y la aplicaci\u00f3n de la resoluci\u00f3n de la Corte sea inmediata.<\/p>\n<blockquote class=\"wp-embedded-content\" data-secret=\"dGlorTIS8G\"><p><a href=\"http:\/\/diariotextual.com\/inicio\/index.php\/2019\/10\/02\/fallo-iva-ganancias-la-corte-puso-las-cosas-lugar\/\">Fallo por IVA y Ganancias: &#171;La Corte puso las cosas en su lugar&#187;<\/a><\/p><\/blockquote>\n<p><iframe class=\"wp-embedded-content\" sandbox=\"allow-scripts\" security=\"restricted\" style=\"position: absolute; clip: rect(1px, 1px, 1px, 1px);\" src=\"http:\/\/diariotextual.com\/inicio\/index.php\/2019\/10\/02\/fallo-iva-ganancias-la-corte-puso-las-cosas-lugar\/embed\/#?secret=dGlorTIS8G\" data-secret=\"dGlorTIS8G\" width=\"600\" height=\"338\" title=\"&#171;Fallo por IVA y Ganancias: &#171;La Corte puso las cosas en su lugar&#187;&#187; &#8212; Diario Textual\" frameborder=\"0\" marginwidth=\"0\" marginheight=\"0\" scrolling=\"no\"><\/iframe><\/p>\n<p>&nbsp;<\/p>\n","protected":false},"excerpt":{"rendered":"<p>Hern\u00e1n P\u00e9rez Araujo, en su doble condici\u00f3n de procurador general de Rentas y candidato a diputado nacional, se refiri\u00f3 al fallo de la Corte Suprema que sostiene que la reducci\u00f3n&hellip;<\/p>\n","protected":false},"author":3,"featured_media":57305,"comment_status":"closed","ping_status":"open","sticky":false,"template":"","format":"standard","meta":{"_acf_changed":false,"footnotes":""},"categories":[319,8],"tags":[72,2181,1609],"class_list":["post-64569","post","type-post","status-publish","format-standard","has-post-thumbnail","hentry","category-a-temporales","category-politica","tag-araujo","tag-iva","tag-perez"],"acf":[],"yoast_head":"<!-- This site is optimized with the Yoast SEO plugin v27.5 - https:\/\/yoast.com\/product\/yoast-seo-wordpress\/ -->\n<title>P\u00e9rez Araujo: &quot;Macri hace demagogia con el dinero de todos\u201d - Diario Textual<\/title>\n<meta name=\"robots\" content=\"index, follow, max-snippet:-1, max-image-preview:large, max-video-preview:-1\" \/>\n<link rel=\"canonical\" href=\"https:\/\/diariotextual.com\/inicio\/index.php\/2019\/10\/02\/perez-araujo-macri-demagogia-dinero-todos\/\" \/>\n<meta property=\"og:locale\" content=\"es_ES\" \/>\n<meta property=\"og:type\" content=\"article\" \/>\n<meta property=\"og:title\" content=\"P\u00e9rez Araujo: &quot;Macri hace demagogia con el dinero de todos\u201d - Diario Textual\" \/>\n<meta property=\"og:description\" content=\"Hern\u00e1n P\u00e9rez Araujo, en su doble condici\u00f3n de procurador general de Rentas y candidato a diputado nacional, se refiri\u00f3 al fallo de la Corte Suprema que sostiene que la reducci\u00f3n&hellip;\" \/>\n<meta property=\"og:url\" content=\"https:\/\/diariotextual.com\/inicio\/index.php\/2019\/10\/02\/perez-araujo-macri-demagogia-dinero-todos\/\" \/>\n<meta property=\"og:site_name\" content=\"Diario Textual\" \/>\n<meta property=\"article:publisher\" content=\"https:\/\/www.facebook.com\/eltextual\" \/>\n<meta property=\"article:published_time\" content=\"2019-10-02T14:05:07+00:00\" \/>\n<meta property=\"article:modified_time\" content=\"2019-10-02T20:46:03+00:00\" \/>\n<meta property=\"og:image\" content=\"https:\/\/diariotextual.com\/inicio\/wp-content\/uploads\/2019\/07\/perezaraujohernan2019-789.jpg\" \/>\n\t<meta property=\"og:image:width\" content=\"960\" \/>\n\t<meta property=\"og:image:height\" content=\"738\" \/>\n\t<meta property=\"og:image:type\" content=\"image\/jpeg\" \/>\n<meta name=\"author\" content=\"Diario1 Diario1\" \/>\n<meta name=\"twitter:card\" content=\"summary_large_image\" \/>\n<meta name=\"twitter:creator\" content=\"@eltextual\" \/>\n<meta name=\"twitter:site\" content=\"@eltextual\" \/>\n<meta name=\"twitter:label1\" content=\"Escrito por\" \/>\n\t<meta name=\"twitter:data1\" content=\"Diario1 Diario1\" \/>\n\t<meta name=\"twitter:label2\" content=\"Tiempo de lectura\" \/>\n\t<meta name=\"twitter:data2\" content=\"4 minutos\" \/>\n<script type=\"application\/ld+json\" class=\"yoast-schema-graph\">{\"@context\":\"https:\\\/\\\/schema.org\",\"@graph\":[{\"@type\":\"Article\",\"@id\":\"https:\\\/\\\/diariotextual.com\\\/inicio\\\/index.php\\\/2019\\\/10\\\/02\\\/perez-araujo-macri-demagogia-dinero-todos\\\/#article\",\"isPartOf\":{\"@id\":\"https:\\\/\\\/diariotextual.com\\\/inicio\\\/index.php\\\/2019\\\/10\\\/02\\\/perez-araujo-macri-demagogia-dinero-todos\\\/\"},\"author\":{\"name\":\"Diario1 Diario1\",\"@id\":\"https:\\\/\\\/diariotextual.com\\\/inicio\\\/#\\\/schema\\\/person\\\/418fc4093c33e86ed41562db3508f958\"},\"headline\":\"P\u00e9rez Araujo: \u00abMacri hace demagogia con el dinero de todos\u201d\",\"datePublished\":\"2019-10-02T14:05:07+00:00\",\"dateModified\":\"2019-10-02T20:46:03+00:00\",\"mainEntityOfPage\":{\"@id\":\"https:\\\/\\\/diariotextual.com\\\/inicio\\\/index.php\\\/2019\\\/10\\\/02\\\/perez-araujo-macri-demagogia-dinero-todos\\\/\"},\"wordCount\":813,\"publisher\":{\"@id\":\"https:\\\/\\\/diariotextual.com\\\/inicio\\\/#organization\"},\"image\":{\"@id\":\"https:\\\/\\\/diariotextual.com\\\/inicio\\\/index.php\\\/2019\\\/10\\\/02\\\/perez-araujo-macri-demagogia-dinero-todos\\\/#primaryimage\"},\"thumbnailUrl\":\"https:\\\/\\\/diariotextual.com\\\/inicio\\\/wp-content\\\/uploads\\\/2019\\\/07\\\/perezaraujohernan2019-789.jpg\",\"keywords\":[\"araujo\",\"iva\",\"perez\"],\"articleSection\":[\"A - TEMPORALES\",\"POLITICA\"],\"inLanguage\":\"es\"},{\"@type\":\"WebPage\",\"@id\":\"https:\\\/\\\/diariotextual.com\\\/inicio\\\/index.php\\\/2019\\\/10\\\/02\\\/perez-araujo-macri-demagogia-dinero-todos\\\/\",\"url\":\"https:\\\/\\\/diariotextual.com\\\/inicio\\\/index.php\\\/2019\\\/10\\\/02\\\/perez-araujo-macri-demagogia-dinero-todos\\\/\",\"name\":\"P\u00e9rez Araujo: \\\"Macri hace demagogia con el dinero de todos\u201d - Diario Textual\",\"isPartOf\":{\"@id\":\"https:\\\/\\\/diariotextual.com\\\/inicio\\\/#website\"},\"primaryImageOfPage\":{\"@id\":\"https:\\\/\\\/diariotextual.com\\\/inicio\\\/index.php\\\/2019\\\/10\\\/02\\\/perez-araujo-macri-demagogia-dinero-todos\\\/#primaryimage\"},\"image\":{\"@id\":\"https:\\\/\\\/diariotextual.com\\\/inicio\\\/index.php\\\/2019\\\/10\\\/02\\\/perez-araujo-macri-demagogia-dinero-todos\\\/#primaryimage\"},\"thumbnailUrl\":\"https:\\\/\\\/diariotextual.com\\\/inicio\\\/wp-content\\\/uploads\\\/2019\\\/07\\\/perezaraujohernan2019-789.jpg\",\"datePublished\":\"2019-10-02T14:05:07+00:00\",\"dateModified\":\"2019-10-02T20:46:03+00:00\",\"breadcrumb\":{\"@id\":\"https:\\\/\\\/diariotextual.com\\\/inicio\\\/index.php\\\/2019\\\/10\\\/02\\\/perez-araujo-macri-demagogia-dinero-todos\\\/#breadcrumb\"},\"inLanguage\":\"es\",\"potentialAction\":[{\"@type\":\"ReadAction\",\"target\":[\"https:\\\/\\\/diariotextual.com\\\/inicio\\\/index.php\\\/2019\\\/10\\\/02\\\/perez-araujo-macri-demagogia-dinero-todos\\\/\"]}]},{\"@type\":\"ImageObject\",\"inLanguage\":\"es\",\"@id\":\"https:\\\/\\\/diariotextual.com\\\/inicio\\\/index.php\\\/2019\\\/10\\\/02\\\/perez-araujo-macri-demagogia-dinero-todos\\\/#primaryimage\",\"url\":\"https:\\\/\\\/diariotextual.com\\\/inicio\\\/wp-content\\\/uploads\\\/2019\\\/07\\\/perezaraujohernan2019-789.jpg\",\"contentUrl\":\"https:\\\/\\\/diariotextual.com\\\/inicio\\\/wp-content\\\/uploads\\\/2019\\\/07\\\/perezaraujohernan2019-789.jpg\",\"width\":960,\"height\":738},{\"@type\":\"BreadcrumbList\",\"@id\":\"https:\\\/\\\/diariotextual.com\\\/inicio\\\/index.php\\\/2019\\\/10\\\/02\\\/perez-araujo-macri-demagogia-dinero-todos\\\/#breadcrumb\",\"itemListElement\":[{\"@type\":\"ListItem\",\"position\":1,\"name\":\"Portada\",\"item\":\"https:\\\/\\\/diariotextual.com\\\/inicio\\\/\"},{\"@type\":\"ListItem\",\"position\":2,\"name\":\"P\u00e9rez Araujo: \u00abMacri hace demagogia con el dinero de todos\u201d\"}]},{\"@type\":\"WebSite\",\"@id\":\"https:\\\/\\\/diariotextual.com\\\/inicio\\\/#website\",\"url\":\"https:\\\/\\\/diariotextual.com\\\/inicio\\\/\",\"name\":\"Diario Textual\",\"description\":\"\",\"publisher\":{\"@id\":\"https:\\\/\\\/diariotextual.com\\\/inicio\\\/#organization\"},\"potentialAction\":[{\"@type\":\"SearchAction\",\"target\":{\"@type\":\"EntryPoint\",\"urlTemplate\":\"https:\\\/\\\/diariotextual.com\\\/inicio\\\/?s={search_term_string}\"},\"query-input\":{\"@type\":\"PropertyValueSpecification\",\"valueRequired\":true,\"valueName\":\"search_term_string\"}}],\"inLanguage\":\"es\"},{\"@type\":\"Organization\",\"@id\":\"https:\\\/\\\/diariotextual.com\\\/inicio\\\/#organization\",\"name\":\"Diario Textual\",\"url\":\"https:\\\/\\\/diariotextual.com\\\/inicio\\\/\",\"logo\":{\"@type\":\"ImageObject\",\"inLanguage\":\"es\",\"@id\":\"https:\\\/\\\/diariotextual.com\\\/inicio\\\/#\\\/schema\\\/logo\\\/image\\\/\",\"url\":\"https:\\\/\\\/diariotextual.com\\\/inicio\\\/wp-content\\\/uploads\\\/2023\\\/05\\\/logotextual1.jpg\",\"contentUrl\":\"https:\\\/\\\/diariotextual.com\\\/inicio\\\/wp-content\\\/uploads\\\/2023\\\/05\\\/logotextual1.jpg\",\"width\":516,\"height\":76,\"caption\":\"Diario Textual\"},\"image\":{\"@id\":\"https:\\\/\\\/diariotextual.com\\\/inicio\\\/#\\\/schema\\\/logo\\\/image\\\/\"},\"sameAs\":[\"https:\\\/\\\/www.facebook.com\\\/eltextual\",\"https:\\\/\\\/x.com\\\/eltextual\",\"http:\\\/\\\/www.instagram.com\\\/eltextual\"]},{\"@type\":\"Person\",\"@id\":\"https:\\\/\\\/diariotextual.com\\\/inicio\\\/#\\\/schema\\\/person\\\/418fc4093c33e86ed41562db3508f958\",\"name\":\"Diario1 Diario1\",\"image\":{\"@type\":\"ImageObject\",\"inLanguage\":\"es\",\"@id\":\"https:\\\/\\\/secure.gravatar.com\\\/avatar\\\/9167d280179c85bc18be67aa7eda765854300033af4896dd779b608640f2ef7a?s=96&d=mm&r=g\",\"url\":\"https:\\\/\\\/secure.gravatar.com\\\/avatar\\\/9167d280179c85bc18be67aa7eda765854300033af4896dd779b608640f2ef7a?s=96&d=mm&r=g\",\"contentUrl\":\"https:\\\/\\\/secure.gravatar.com\\\/avatar\\\/9167d280179c85bc18be67aa7eda765854300033af4896dd779b608640f2ef7a?s=96&d=mm&r=g\",\"caption\":\"Diario1 Diario1\"},\"url\":\"https:\\\/\\\/diariotextual.com\\\/inicio\\\/index.php\\\/author\\\/diario1\\\/\"}]}<\/script>\n<!-- \/ Yoast SEO plugin. -->","yoast_head_json":{"title":"P\u00e9rez Araujo: \"Macri hace demagogia con el dinero de todos\u201d - Diario Textual","robots":{"index":"index","follow":"follow","max-snippet":"max-snippet:-1","max-image-preview":"max-image-preview:large","max-video-preview":"max-video-preview:-1"},"canonical":"https:\/\/diariotextual.com\/inicio\/index.php\/2019\/10\/02\/perez-araujo-macri-demagogia-dinero-todos\/","og_locale":"es_ES","og_type":"article","og_title":"P\u00e9rez Araujo: \"Macri hace demagogia con el dinero de todos\u201d - Diario Textual","og_description":"Hern\u00e1n P\u00e9rez Araujo, en su doble condici\u00f3n de procurador general de Rentas y candidato a diputado nacional, se refiri\u00f3 al fallo de la Corte Suprema que sostiene que la reducci\u00f3n&hellip;","og_url":"https:\/\/diariotextual.com\/inicio\/index.php\/2019\/10\/02\/perez-araujo-macri-demagogia-dinero-todos\/","og_site_name":"Diario Textual","article_publisher":"https:\/\/www.facebook.com\/eltextual","article_published_time":"2019-10-02T14:05:07+00:00","article_modified_time":"2019-10-02T20:46:03+00:00","og_image":[{"width":960,"height":738,"url":"https:\/\/diariotextual.com\/inicio\/wp-content\/uploads\/2019\/07\/perezaraujohernan2019-789.jpg","type":"image\/jpeg"}],"author":"Diario1 Diario1","twitter_card":"summary_large_image","twitter_creator":"@eltextual","twitter_site":"@eltextual","twitter_misc":{"Escrito por":"Diario1 Diario1","Tiempo de lectura":"4 minutos"},"schema":{"@context":"https:\/\/schema.org","@graph":[{"@type":"Article","@id":"https:\/\/diariotextual.com\/inicio\/index.php\/2019\/10\/02\/perez-araujo-macri-demagogia-dinero-todos\/#article","isPartOf":{"@id":"https:\/\/diariotextual.com\/inicio\/index.php\/2019\/10\/02\/perez-araujo-macri-demagogia-dinero-todos\/"},"author":{"name":"Diario1 Diario1","@id":"https:\/\/diariotextual.com\/inicio\/#\/schema\/person\/418fc4093c33e86ed41562db3508f958"},"headline":"P\u00e9rez Araujo: \u00abMacri hace demagogia con el dinero de todos\u201d","datePublished":"2019-10-02T14:05:07+00:00","dateModified":"2019-10-02T20:46:03+00:00","mainEntityOfPage":{"@id":"https:\/\/diariotextual.com\/inicio\/index.php\/2019\/10\/02\/perez-araujo-macri-demagogia-dinero-todos\/"},"wordCount":813,"publisher":{"@id":"https:\/\/diariotextual.com\/inicio\/#organization"},"image":{"@id":"https:\/\/diariotextual.com\/inicio\/index.php\/2019\/10\/02\/perez-araujo-macri-demagogia-dinero-todos\/#primaryimage"},"thumbnailUrl":"https:\/\/diariotextual.com\/inicio\/wp-content\/uploads\/2019\/07\/perezaraujohernan2019-789.jpg","keywords":["araujo","iva","perez"],"articleSection":["A - TEMPORALES","POLITICA"],"inLanguage":"es"},{"@type":"WebPage","@id":"https:\/\/diariotextual.com\/inicio\/index.php\/2019\/10\/02\/perez-araujo-macri-demagogia-dinero-todos\/","url":"https:\/\/diariotextual.com\/inicio\/index.php\/2019\/10\/02\/perez-araujo-macri-demagogia-dinero-todos\/","name":"P\u00e9rez Araujo: \"Macri hace demagogia con el dinero de todos\u201d - Diario Textual","isPartOf":{"@id":"https:\/\/diariotextual.com\/inicio\/#website"},"primaryImageOfPage":{"@id":"https:\/\/diariotextual.com\/inicio\/index.php\/2019\/10\/02\/perez-araujo-macri-demagogia-dinero-todos\/#primaryimage"},"image":{"@id":"https:\/\/diariotextual.com\/inicio\/index.php\/2019\/10\/02\/perez-araujo-macri-demagogia-dinero-todos\/#primaryimage"},"thumbnailUrl":"https:\/\/diariotextual.com\/inicio\/wp-content\/uploads\/2019\/07\/perezaraujohernan2019-789.jpg","datePublished":"2019-10-02T14:05:07+00:00","dateModified":"2019-10-02T20:46:03+00:00","breadcrumb":{"@id":"https:\/\/diariotextual.com\/inicio\/index.php\/2019\/10\/02\/perez-araujo-macri-demagogia-dinero-todos\/#breadcrumb"},"inLanguage":"es","potentialAction":[{"@type":"ReadAction","target":["https:\/\/diariotextual.com\/inicio\/index.php\/2019\/10\/02\/perez-araujo-macri-demagogia-dinero-todos\/"]}]},{"@type":"ImageObject","inLanguage":"es","@id":"https:\/\/diariotextual.com\/inicio\/index.php\/2019\/10\/02\/perez-araujo-macri-demagogia-dinero-todos\/#primaryimage","url":"https:\/\/diariotextual.com\/inicio\/wp-content\/uploads\/2019\/07\/perezaraujohernan2019-789.jpg","contentUrl":"https:\/\/diariotextual.com\/inicio\/wp-content\/uploads\/2019\/07\/perezaraujohernan2019-789.jpg","width":960,"height":738},{"@type":"BreadcrumbList","@id":"https:\/\/diariotextual.com\/inicio\/index.php\/2019\/10\/02\/perez-araujo-macri-demagogia-dinero-todos\/#breadcrumb","itemListElement":[{"@type":"ListItem","position":1,"name":"Portada","item":"https:\/\/diariotextual.com\/inicio\/"},{"@type":"ListItem","position":2,"name":"P\u00e9rez Araujo: \u00abMacri hace demagogia con el dinero de todos\u201d"}]},{"@type":"WebSite","@id":"https:\/\/diariotextual.com\/inicio\/#website","url":"https:\/\/diariotextual.com\/inicio\/","name":"Diario Textual","description":"","publisher":{"@id":"https:\/\/diariotextual.com\/inicio\/#organization"},"potentialAction":[{"@type":"SearchAction","target":{"@type":"EntryPoint","urlTemplate":"https:\/\/diariotextual.com\/inicio\/?s={search_term_string}"},"query-input":{"@type":"PropertyValueSpecification","valueRequired":true,"valueName":"search_term_string"}}],"inLanguage":"es"},{"@type":"Organization","@id":"https:\/\/diariotextual.com\/inicio\/#organization","name":"Diario Textual","url":"https:\/\/diariotextual.com\/inicio\/","logo":{"@type":"ImageObject","inLanguage":"es","@id":"https:\/\/diariotextual.com\/inicio\/#\/schema\/logo\/image\/","url":"https:\/\/diariotextual.com\/inicio\/wp-content\/uploads\/2023\/05\/logotextual1.jpg","contentUrl":"https:\/\/diariotextual.com\/inicio\/wp-content\/uploads\/2023\/05\/logotextual1.jpg","width":516,"height":76,"caption":"Diario Textual"},"image":{"@id":"https:\/\/diariotextual.com\/inicio\/#\/schema\/logo\/image\/"},"sameAs":["https:\/\/www.facebook.com\/eltextual","https:\/\/x.com\/eltextual","http:\/\/www.instagram.com\/eltextual"]},{"@type":"Person","@id":"https:\/\/diariotextual.com\/inicio\/#\/schema\/person\/418fc4093c33e86ed41562db3508f958","name":"Diario1 Diario1","image":{"@type":"ImageObject","inLanguage":"es","@id":"https:\/\/secure.gravatar.com\/avatar\/9167d280179c85bc18be67aa7eda765854300033af4896dd779b608640f2ef7a?s=96&d=mm&r=g","url":"https:\/\/secure.gravatar.com\/avatar\/9167d280179c85bc18be67aa7eda765854300033af4896dd779b608640f2ef7a?s=96&d=mm&r=g","contentUrl":"https:\/\/secure.gravatar.com\/avatar\/9167d280179c85bc18be67aa7eda765854300033af4896dd779b608640f2ef7a?s=96&d=mm&r=g","caption":"Diario1 Diario1"},"url":"https:\/\/diariotextual.com\/inicio\/index.php\/author\/diario1\/"}]}},"_links":{"self":[{"href":"https:\/\/diariotextual.com\/inicio\/index.php\/wp-json\/wp\/v2\/posts\/64569","targetHints":{"allow":["GET"]}}],"collection":[{"href":"https:\/\/diariotextual.com\/inicio\/index.php\/wp-json\/wp\/v2\/posts"}],"about":[{"href":"https:\/\/diariotextual.com\/inicio\/index.php\/wp-json\/wp\/v2\/types\/post"}],"author":[{"embeddable":true,"href":"https:\/\/diariotextual.com\/inicio\/index.php\/wp-json\/wp\/v2\/users\/3"}],"replies":[{"embeddable":true,"href":"https:\/\/diariotextual.com\/inicio\/index.php\/wp-json\/wp\/v2\/comments?post=64569"}],"version-history":[{"count":3,"href":"https:\/\/diariotextual.com\/inicio\/index.php\/wp-json\/wp\/v2\/posts\/64569\/revisions"}],"predecessor-version":[{"id":64595,"href":"https:\/\/diariotextual.com\/inicio\/index.php\/wp-json\/wp\/v2\/posts\/64569\/revisions\/64595"}],"wp:featuredmedia":[{"embeddable":true,"href":"https:\/\/diariotextual.com\/inicio\/index.php\/wp-json\/wp\/v2\/media\/57305"}],"wp:attachment":[{"href":"https:\/\/diariotextual.com\/inicio\/index.php\/wp-json\/wp\/v2\/media?parent=64569"}],"wp:term":[{"taxonomy":"category","embeddable":true,"href":"https:\/\/diariotextual.com\/inicio\/index.php\/wp-json\/wp\/v2\/categories?post=64569"},{"taxonomy":"post_tag","embeddable":true,"href":"https:\/\/diariotextual.com\/inicio\/index.php\/wp-json\/wp\/v2\/tags?post=64569"}],"curies":[{"name":"wp","href":"https:\/\/api.w.org\/{rel}","templated":true}]}}