{"id":64573,"date":"2019-10-02T12:04:35","date_gmt":"2019-10-02T15:04:35","guid":{"rendered":"http:\/\/diariotextual.com\/inicio\/?p=64573"},"modified":"2019-10-03T08:36:07","modified_gmt":"2019-10-03T11:36:07","slug":"la-agricola-ganadera-la-pampa-le-avisa-alberto-no-queremos-mas-retenciones","status":"publish","type":"post","link":"https:\/\/diariotextual.com\/inicio\/index.php\/2019\/10\/02\/la-agricola-ganadera-la-pampa-le-avisa-alberto-no-queremos-mas-retenciones\/","title":{"rendered":"La Agr\u00edcola le avisa a Alberto: \u201cNo queremos m\u00e1s retenciones\u201d"},"content":{"rendered":"<p>El presidente de la Asociaci\u00f3n Agr\u00edcola Ganadera de La Pampa,<strong> V\u00edctor Tapi\u00e9<\/strong>, dijo este mi\u00e9rcoles que los ruralistas<strong>\u00a0\u201cno quieren m\u00e1s retenciones\u201d a las exportaciones agropecuarias<\/strong> porque, sostuvo<strong> es un impuesto \u201cretr\u00f3grado\u201d que frena la inversi\u00f3n y la producci\u00f3n<\/strong>. Paralelamente<strong> celebr\u00f3 que el Gobierno pampeano est\u00e9 por declarar la emergencia agropecuaria por sequ\u00eda<\/strong> en miles de hect\u00e1reas pampeanas, aunque dijo que ser\u00e1 paliativos que no alcanzan<strong>. \u201cLo que se debe hacer es eliminar el Impuesto Inmobiliario para los afectados por la seca\u201d<\/strong>, sostuvo.<\/p>\n<p>V\u00edctor Tapi\u00e9 hoy present\u00f3, junto a otros dirigentes, la<strong> Exposici\u00f3n Rural de Santa Rosa<\/strong> que se desarrollar\u00e1 el viernes 4, s\u00e1bado 5 y domingo 6 en el tradicional predio de la avenida Spinetto y Duval.<\/p>\n<p>All\u00ed se explay\u00f3 sobre la situaci\u00f3n del sector agr\u00edcola y ganadero de La Pampa.<strong> \u201cLa crisis econ\u00f3mica nos incluye a todos los sectores de la sociedad\u201d, dijo a Diario Textual. \u201cEl campo tambi\u00e9n est\u00e1 afectado\u201d.<\/strong><\/p>\n<p>\u201c\u00bfQu\u00e9 esperamos del pr\u00f3ximo Gobierno? Estamos frente a una elecci\u00f3n y por eso hay que ser muy cauto. Adem\u00e1s de cumplir con la parte estatutaria, lo que vamos a hacer siempre es defender la Rep\u00fablica. Nos parece que si sigue este Gobierno, o viene otro, nos gustar\u00eda que se exprese lo que se va a hacer&#8230; Hoy vemos que ning\u00fan candidato nos dice con claridad qu\u00e9 es lo que va a hacer\u201d, dijo.<\/p>\n<p>&nbsp;<\/p>\n<p><strong>Retenciones<\/strong><\/p>\n<p>Tapi\u00e9 sostuvo que<strong> el campo deber\u00eda ser liberado de las retenciones<\/strong>, un impuesto clave para financiar el Estado. \u201c<strong>No queremos m\u00e1s retenciones, ni con este Gobierno ni con el que venga. Es un impuesto que no suma, es un impuesto retr\u00f3grado. Si queremos tener un pa\u00eds serio, no podemos ponerle un impuesto a la producci\u00f3n<\/strong>\u201d, sostuvo.<\/p>\n<p>\u201cEstos impuestos de retenci\u00f3n siempre se utilizaron para momentos coyunturales, como el que estamos pasando. Lo que hemos hecho es aportar y aportar y no vemos que eso se devuelve a la sociedad. Tenemos una carga impositiva alt\u00edsima. <strong>Nos cobran impuestos del primer mundo y nos dan servicios del tercer, cuarto o quinto mundo<\/strong>\u201d, exager\u00f3.<\/p>\n<p>\u00abLa Argentina debe plantearse un cambio estructural. No podemos gastar m\u00e1s de lo que producimos. Cuando logremos equilibrar las cuentas, ah\u00ed\u00a0 la Argentina va a empezar a caminar. Nosotros queremos seguir invirtiendo y generar mano de obra\u00bb, avis\u00f3.<\/p>\n<p>En el Gobierno de Macri se han bajado las retenciones, una medida que ha sido aplaudida por las asociaciones agr\u00edcolas.<\/p>\n<p>\u00bfQu\u00e9 har\u00e1 Alberto Fern\u00e1ndez, quien pica en punta para quedarse con el sill\u00f3n de la Casa Rosada? Ya ha dicho<strong>\u00a0\u00abno estar de acuerdo\u00bb y ha calificado al impuesto como \u00abun castigo a la generaci\u00f3n de valor del sector primario\u00bb del pa\u00eds.<\/strong>\u00a0Sin embargo, ha aclarado que\u00a0<strong>en lo inmediato no cree posible eliminarlas y se ha mostrado optimista con una reducci\u00f3n gradual en caso de que la producci\u00f3n y la Argentina crezcan, y que adem\u00e1s exista un mejor acceso al cr\u00e9dito externo.<\/strong><\/p>\n<p>&nbsp;<\/p>\n<p><strong>Sin cr\u00e9ditos<\/strong><\/p>\n<p><strong>Se quej\u00f3 de la \u00abtimba financiera\u00bb impuesta por las pol\u00edticas de Mauricio Macri.<\/strong> \u00abEsperemos que vuelva el cr\u00e9dito a tasas razonables\u00bb, pidi\u00f3. \u00abLa timba financiera no genera ni riqueza ni manos de obra\u00bb.<\/p>\n<p><strong>-\u00bfCu\u00e1l es la percepci\u00f3n del sector agropecuario sobre Macri?<\/strong><\/p>\n<p>-El campo no levanta ninguna bandera pol\u00edtica. El anterior gobierno hab\u00eda sido nefasto para el sector agropecuario. Hace cuatro a\u00f1os necesit\u00e1bamos un cambio. No solo el campo, sino tambi\u00e9n el resto de la sociedad. En este Gobierno, para mirar el lado positivo, puso en valor algunas cosas que necesit\u00e1bamos: se volvi\u00f3 el di\u00e1logo, hubo una lucha muy fuerte contra el narcotr\u00e1fico, se prioriz\u00f3 la seguridad, se respet\u00f3 la divisi\u00f3n de poderes y regres\u00f3 a la Argentina al mundo. En lo que fracas\u00f3 fue en la pol\u00edtica econ\u00f3mica. En 4 a\u00f1os, no se pueden resolver los problemas de 70 a\u00f1os. Por eso, creo que se inici\u00f3 un camino que, espero, el que venga lo continue. No digo que debe seguir esta gesti\u00f3n. Lo que digo es que el que venga se sigan con las cosas positivas.<\/p>\n<p>&nbsp;<\/p>\n<p><strong>Menos inversi\u00f3n<\/strong><\/p>\n<p>Dijo que cree que<strong> el productor agropecuario pondr\u00e1 menos dinero para la siembra de la gruesa y eso repercutir\u00e1 en los rindes<\/strong>. \u201cSe viene la siembra de la gruesa, sin tener un panorama claro, con crisis y en medio de una sequ\u00eda, por lo que el productor agropecuario genuino va a bajar el paquete tecnol\u00f3gico, la cosecha del a\u00f1o que viene no tendr\u00e1 el mismo volumen de este a\u00f1o\u201d, estim\u00f3.<\/p>\n<p>&nbsp;<\/p>\n<p><strong>Seca<\/strong><\/p>\n<p>El Gobierno pampeano est\u00e1 por declarar la emergencia agropecuaria por sequ\u00eda en miles de hect\u00e1reas pampeanas. Tapi\u00e9, al ser consultado por Diario Textual, dijo que ser\u00e1 paliativos que no alcanzan.<strong> \u201cLo que se debe hacer es eliminar el Impuesto Inmobiliario para los afectados por la seca\u201d<\/strong>, sostuvo. \u00abCon la emergencia, lo que se hace es postergar el pago de ese impuesto. No sirve porque, cuando uno est\u00e1 en emergencia, no sal\u00eds en tres o cuatro meses. As\u00ed se patea la deuda. Pero creo que se deber\u00eda sacar directamente ese impuesto, mientras dure la emergencia. Eso se deber\u00eda discutir con los diputados\u00bb, dijo.<\/p>\n<p>\u00abTenemos un d\u00e9ficit de entre 250 y 300 mil\u00edmetros en nuestra zona. A grandes rasgos, desde la ruta 35 al oeste, y principalmente al sur, la situaci\u00f3n es muy complicada\u00bb, expres\u00f3.<\/p>\n<p>Alert\u00f3 que hay productores rurales que se est\u00e1n descapitalizando.<strong> \u00abEst\u00e1n vendiendo categor\u00edas de hacienda que no pensaban vender. Pero lo tienen que hacer porque no hay pasto\u00bb<\/strong>, expres\u00f3.<\/p>\n<p>El Gobierno provincial convoc\u00f3 para este jueves, a las 9 horas, a la\u00a0<strong>Comisi\u00f3n de Emergencia Agropecuaria<\/strong>\u00a0para avanzar con la declaraci\u00f3n de la\u00a0<strong>emergencia por la sequ\u00eda<\/strong>\u00a0que est\u00e1 afectando principalmente a las zonas centro y suroeste de La Pampa.<\/p>\n<p>La medida -que permitir\u00eda la\u00a0<strong>postergaci\u00f3n del pago de impuestos y el acceso a cr\u00e9ditos blandos<\/strong>, entre otras medidas- es\u00a0<strong>un pedido que han hecho, al menos p\u00fablicamente, las entidades agropecuarias<\/strong>, entre ellas, la Federaci\u00f3n Agraria Argentina y la Asociaci\u00f3n Agr\u00edcola Ganadera de La Pampa.<\/p>\n<blockquote class=\"wp-embedded-content\" data-secret=\"N3xwacsoZU\"><p><a href=\"http:\/\/diariotextual.com\/inicio\/index.php\/2019\/10\/02\/provincia-convoco-los-productores-declarar-la-emergencia-sequia\/\">Provincia convoc\u00f3 a los productores para declarar la emergencia por sequ\u00eda<\/a><\/p><\/blockquote>\n<p><iframe class=\"wp-embedded-content\" sandbox=\"allow-scripts\" security=\"restricted\" style=\"position: absolute; clip: rect(1px, 1px, 1px, 1px);\" src=\"http:\/\/diariotextual.com\/inicio\/index.php\/2019\/10\/02\/provincia-convoco-los-productores-declarar-la-emergencia-sequia\/embed\/#?secret=N3xwacsoZU\" data-secret=\"N3xwacsoZU\" width=\"600\" height=\"338\" title=\"&#171;Provincia convoc\u00f3 a los productores para declarar la emergencia por sequ\u00eda&#187; &#8212; Diario Textual\" frameborder=\"0\" marginwidth=\"0\" marginheight=\"0\" scrolling=\"no\"><\/iframe><\/p>\n<p>&nbsp;<\/p>\n<p>&nbsp;<\/p>\n<p>&nbsp;<\/p>\n<p>&nbsp;<\/p>\n<p>&nbsp;<\/p>\n","protected":false},"excerpt":{"rendered":"<p>El presidente de la Asociaci\u00f3n Agr\u00edcola Ganadera de La Pampa, V\u00edctor Tapi\u00e9, dijo este mi\u00e9rcoles que los ruralistas\u00a0\u201cno quieren m\u00e1s retenciones\u201d a las exportaciones agropecuarias porque, sostuvo es un impuesto&hellip;<\/p>\n","protected":false},"author":3,"featured_media":37917,"comment_status":"closed","ping_status":"open","sticky":false,"template":"","format":"standard","meta":{"_acf_changed":false,"footnotes":""},"categories":[319,20],"tags":[1152],"class_list":["post-64573","post","type-post","status-publish","format-standard","has-post-thumbnail","hentry","category-a-temporales","category-campo","tag-sequia"],"acf":[],"yoast_head":"<!-- This site is optimized with the Yoast SEO plugin v27.5 - https:\/\/yoast.com\/product\/yoast-seo-wordpress\/ -->\n<title>La Agr\u00edcola le avisa a Alberto: \u201cNo queremos m\u00e1s retenciones\u201d - Diario Textual<\/title>\n<meta name=\"robots\" content=\"index, follow, max-snippet:-1, max-image-preview:large, max-video-preview:-1\" \/>\n<link rel=\"canonical\" href=\"https:\/\/diariotextual.com\/inicio\/index.php\/2019\/10\/02\/la-agricola-ganadera-la-pampa-le-avisa-alberto-no-queremos-mas-retenciones\/\" \/>\n<meta property=\"og:locale\" content=\"es_ES\" \/>\n<meta property=\"og:type\" content=\"article\" \/>\n<meta property=\"og:title\" content=\"La Agr\u00edcola le avisa a Alberto: \u201cNo queremos m\u00e1s retenciones\u201d - Diario Textual\" \/>\n<meta property=\"og:description\" content=\"El presidente de la Asociaci\u00f3n Agr\u00edcola Ganadera de La Pampa, V\u00edctor Tapi\u00e9, dijo este mi\u00e9rcoles que los ruralistas\u00a0\u201cno quieren m\u00e1s retenciones\u201d a las exportaciones agropecuarias porque, sostuvo es un impuesto&hellip;\" \/>\n<meta property=\"og:url\" content=\"https:\/\/diariotextual.com\/inicio\/index.php\/2019\/10\/02\/la-agricola-ganadera-la-pampa-le-avisa-alberto-no-queremos-mas-retenciones\/\" \/>\n<meta property=\"og:site_name\" content=\"Diario Textual\" \/>\n<meta property=\"article:publisher\" content=\"https:\/\/www.facebook.com\/eltextual\" \/>\n<meta property=\"article:published_time\" content=\"2019-10-02T15:04:35+00:00\" \/>\n<meta property=\"article:modified_time\" content=\"2019-10-03T11:36:07+00:00\" \/>\n<meta property=\"og:image\" content=\"https:\/\/diariotextual.com\/inicio\/wp-content\/uploads\/2019\/02\/tapievictor.jpg\" \/>\n\t<meta property=\"og:image:width\" content=\"959\" \/>\n\t<meta property=\"og:image:height\" content=\"773\" \/>\n\t<meta property=\"og:image:type\" content=\"image\/jpeg\" \/>\n<meta name=\"author\" content=\"Diario1 Diario1\" \/>\n<meta name=\"twitter:card\" content=\"summary_large_image\" \/>\n<meta name=\"twitter:creator\" content=\"@eltextual\" \/>\n<meta name=\"twitter:site\" content=\"@eltextual\" \/>\n<meta name=\"twitter:label1\" content=\"Escrito por\" \/>\n\t<meta name=\"twitter:data1\" content=\"Diario1 Diario1\" \/>\n\t<meta name=\"twitter:label2\" content=\"Tiempo de lectura\" \/>\n\t<meta name=\"twitter:data2\" content=\"5 minutos\" \/>\n<script type=\"application\/ld+json\" class=\"yoast-schema-graph\">{\"@context\":\"https:\\\/\\\/schema.org\",\"@graph\":[{\"@type\":\"Article\",\"@id\":\"https:\\\/\\\/diariotextual.com\\\/inicio\\\/index.php\\\/2019\\\/10\\\/02\\\/la-agricola-ganadera-la-pampa-le-avisa-alberto-no-queremos-mas-retenciones\\\/#article\",\"isPartOf\":{\"@id\":\"https:\\\/\\\/diariotextual.com\\\/inicio\\\/index.php\\\/2019\\\/10\\\/02\\\/la-agricola-ganadera-la-pampa-le-avisa-alberto-no-queremos-mas-retenciones\\\/\"},\"author\":{\"name\":\"Diario1 Diario1\",\"@id\":\"https:\\\/\\\/diariotextual.com\\\/inicio\\\/#\\\/schema\\\/person\\\/418fc4093c33e86ed41562db3508f958\"},\"headline\":\"La Agr\u00edcola le avisa a Alberto: \u201cNo queremos m\u00e1s retenciones\u201d\",\"datePublished\":\"2019-10-02T15:04:35+00:00\",\"dateModified\":\"2019-10-03T11:36:07+00:00\",\"mainEntityOfPage\":{\"@id\":\"https:\\\/\\\/diariotextual.com\\\/inicio\\\/index.php\\\/2019\\\/10\\\/02\\\/la-agricola-ganadera-la-pampa-le-avisa-alberto-no-queremos-mas-retenciones\\\/\"},\"wordCount\":1083,\"publisher\":{\"@id\":\"https:\\\/\\\/diariotextual.com\\\/inicio\\\/#organization\"},\"image\":{\"@id\":\"https:\\\/\\\/diariotextual.com\\\/inicio\\\/index.php\\\/2019\\\/10\\\/02\\\/la-agricola-ganadera-la-pampa-le-avisa-alberto-no-queremos-mas-retenciones\\\/#primaryimage\"},\"thumbnailUrl\":\"https:\\\/\\\/diariotextual.com\\\/inicio\\\/wp-content\\\/uploads\\\/2019\\\/02\\\/tapievictor.jpg\",\"keywords\":[\"sequ\u00eda\"],\"articleSection\":[\"A - TEMPORALES\",\"CAMPO\"],\"inLanguage\":\"es\"},{\"@type\":\"WebPage\",\"@id\":\"https:\\\/\\\/diariotextual.com\\\/inicio\\\/index.php\\\/2019\\\/10\\\/02\\\/la-agricola-ganadera-la-pampa-le-avisa-alberto-no-queremos-mas-retenciones\\\/\",\"url\":\"https:\\\/\\\/diariotextual.com\\\/inicio\\\/index.php\\\/2019\\\/10\\\/02\\\/la-agricola-ganadera-la-pampa-le-avisa-alberto-no-queremos-mas-retenciones\\\/\",\"name\":\"La Agr\u00edcola le avisa a Alberto: \u201cNo queremos m\u00e1s retenciones\u201d - Diario Textual\",\"isPartOf\":{\"@id\":\"https:\\\/\\\/diariotextual.com\\\/inicio\\\/#website\"},\"primaryImageOfPage\":{\"@id\":\"https:\\\/\\\/diariotextual.com\\\/inicio\\\/index.php\\\/2019\\\/10\\\/02\\\/la-agricola-ganadera-la-pampa-le-avisa-alberto-no-queremos-mas-retenciones\\\/#primaryimage\"},\"image\":{\"@id\":\"https:\\\/\\\/diariotextual.com\\\/inicio\\\/index.php\\\/2019\\\/10\\\/02\\\/la-agricola-ganadera-la-pampa-le-avisa-alberto-no-queremos-mas-retenciones\\\/#primaryimage\"},\"thumbnailUrl\":\"https:\\\/\\\/diariotextual.com\\\/inicio\\\/wp-content\\\/uploads\\\/2019\\\/02\\\/tapievictor.jpg\",\"datePublished\":\"2019-10-02T15:04:35+00:00\",\"dateModified\":\"2019-10-03T11:36:07+00:00\",\"breadcrumb\":{\"@id\":\"https:\\\/\\\/diariotextual.com\\\/inicio\\\/index.php\\\/2019\\\/10\\\/02\\\/la-agricola-ganadera-la-pampa-le-avisa-alberto-no-queremos-mas-retenciones\\\/#breadcrumb\"},\"inLanguage\":\"es\",\"potentialAction\":[{\"@type\":\"ReadAction\",\"target\":[\"https:\\\/\\\/diariotextual.com\\\/inicio\\\/index.php\\\/2019\\\/10\\\/02\\\/la-agricola-ganadera-la-pampa-le-avisa-alberto-no-queremos-mas-retenciones\\\/\"]}]},{\"@type\":\"ImageObject\",\"inLanguage\":\"es\",\"@id\":\"https:\\\/\\\/diariotextual.com\\\/inicio\\\/index.php\\\/2019\\\/10\\\/02\\\/la-agricola-ganadera-la-pampa-le-avisa-alberto-no-queremos-mas-retenciones\\\/#primaryimage\",\"url\":\"https:\\\/\\\/diariotextual.com\\\/inicio\\\/wp-content\\\/uploads\\\/2019\\\/02\\\/tapievictor.jpg\",\"contentUrl\":\"https:\\\/\\\/diariotextual.com\\\/inicio\\\/wp-content\\\/uploads\\\/2019\\\/02\\\/tapievictor.jpg\",\"width\":959,\"height\":773},{\"@type\":\"BreadcrumbList\",\"@id\":\"https:\\\/\\\/diariotextual.com\\\/inicio\\\/index.php\\\/2019\\\/10\\\/02\\\/la-agricola-ganadera-la-pampa-le-avisa-alberto-no-queremos-mas-retenciones\\\/#breadcrumb\",\"itemListElement\":[{\"@type\":\"ListItem\",\"position\":1,\"name\":\"Portada\",\"item\":\"https:\\\/\\\/diariotextual.com\\\/inicio\\\/\"},{\"@type\":\"ListItem\",\"position\":2,\"name\":\"La Agr\u00edcola le avisa a Alberto: \u201cNo queremos m\u00e1s retenciones\u201d\"}]},{\"@type\":\"WebSite\",\"@id\":\"https:\\\/\\\/diariotextual.com\\\/inicio\\\/#website\",\"url\":\"https:\\\/\\\/diariotextual.com\\\/inicio\\\/\",\"name\":\"Diario Textual\",\"description\":\"\",\"publisher\":{\"@id\":\"https:\\\/\\\/diariotextual.com\\\/inicio\\\/#organization\"},\"potentialAction\":[{\"@type\":\"SearchAction\",\"target\":{\"@type\":\"EntryPoint\",\"urlTemplate\":\"https:\\\/\\\/diariotextual.com\\\/inicio\\\/?s={search_term_string}\"},\"query-input\":{\"@type\":\"PropertyValueSpecification\",\"valueRequired\":true,\"valueName\":\"search_term_string\"}}],\"inLanguage\":\"es\"},{\"@type\":\"Organization\",\"@id\":\"https:\\\/\\\/diariotextual.com\\\/inicio\\\/#organization\",\"name\":\"Diario Textual\",\"url\":\"https:\\\/\\\/diariotextual.com\\\/inicio\\\/\",\"logo\":{\"@type\":\"ImageObject\",\"inLanguage\":\"es\",\"@id\":\"https:\\\/\\\/diariotextual.com\\\/inicio\\\/#\\\/schema\\\/logo\\\/image\\\/\",\"url\":\"https:\\\/\\\/diariotextual.com\\\/inicio\\\/wp-content\\\/uploads\\\/2023\\\/05\\\/logotextual1.jpg\",\"contentUrl\":\"https:\\\/\\\/diariotextual.com\\\/inicio\\\/wp-content\\\/uploads\\\/2023\\\/05\\\/logotextual1.jpg\",\"width\":516,\"height\":76,\"caption\":\"Diario Textual\"},\"image\":{\"@id\":\"https:\\\/\\\/diariotextual.com\\\/inicio\\\/#\\\/schema\\\/logo\\\/image\\\/\"},\"sameAs\":[\"https:\\\/\\\/www.facebook.com\\\/eltextual\",\"https:\\\/\\\/x.com\\\/eltextual\",\"http:\\\/\\\/www.instagram.com\\\/eltextual\"]},{\"@type\":\"Person\",\"@id\":\"https:\\\/\\\/diariotextual.com\\\/inicio\\\/#\\\/schema\\\/person\\\/418fc4093c33e86ed41562db3508f958\",\"name\":\"Diario1 Diario1\",\"image\":{\"@type\":\"ImageObject\",\"inLanguage\":\"es\",\"@id\":\"https:\\\/\\\/secure.gravatar.com\\\/avatar\\\/9167d280179c85bc18be67aa7eda765854300033af4896dd779b608640f2ef7a?s=96&d=mm&r=g\",\"url\":\"https:\\\/\\\/secure.gravatar.com\\\/avatar\\\/9167d280179c85bc18be67aa7eda765854300033af4896dd779b608640f2ef7a?s=96&d=mm&r=g\",\"contentUrl\":\"https:\\\/\\\/secure.gravatar.com\\\/avatar\\\/9167d280179c85bc18be67aa7eda765854300033af4896dd779b608640f2ef7a?s=96&d=mm&r=g\",\"caption\":\"Diario1 Diario1\"},\"url\":\"https:\\\/\\\/diariotextual.com\\\/inicio\\\/index.php\\\/author\\\/diario1\\\/\"}]}<\/script>\n<!-- \/ Yoast SEO plugin. -->","yoast_head_json":{"title":"La Agr\u00edcola le avisa a Alberto: \u201cNo queremos m\u00e1s retenciones\u201d - Diario Textual","robots":{"index":"index","follow":"follow","max-snippet":"max-snippet:-1","max-image-preview":"max-image-preview:large","max-video-preview":"max-video-preview:-1"},"canonical":"https:\/\/diariotextual.com\/inicio\/index.php\/2019\/10\/02\/la-agricola-ganadera-la-pampa-le-avisa-alberto-no-queremos-mas-retenciones\/","og_locale":"es_ES","og_type":"article","og_title":"La Agr\u00edcola le avisa a Alberto: \u201cNo queremos m\u00e1s retenciones\u201d - Diario Textual","og_description":"El presidente de la Asociaci\u00f3n Agr\u00edcola Ganadera de La Pampa, V\u00edctor Tapi\u00e9, dijo este mi\u00e9rcoles que los ruralistas\u00a0\u201cno quieren m\u00e1s retenciones\u201d a las exportaciones agropecuarias porque, sostuvo es un impuesto&hellip;","og_url":"https:\/\/diariotextual.com\/inicio\/index.php\/2019\/10\/02\/la-agricola-ganadera-la-pampa-le-avisa-alberto-no-queremos-mas-retenciones\/","og_site_name":"Diario Textual","article_publisher":"https:\/\/www.facebook.com\/eltextual","article_published_time":"2019-10-02T15:04:35+00:00","article_modified_time":"2019-10-03T11:36:07+00:00","og_image":[{"width":959,"height":773,"url":"https:\/\/diariotextual.com\/inicio\/wp-content\/uploads\/2019\/02\/tapievictor.jpg","type":"image\/jpeg"}],"author":"Diario1 Diario1","twitter_card":"summary_large_image","twitter_creator":"@eltextual","twitter_site":"@eltextual","twitter_misc":{"Escrito por":"Diario1 Diario1","Tiempo de lectura":"5 minutos"},"schema":{"@context":"https:\/\/schema.org","@graph":[{"@type":"Article","@id":"https:\/\/diariotextual.com\/inicio\/index.php\/2019\/10\/02\/la-agricola-ganadera-la-pampa-le-avisa-alberto-no-queremos-mas-retenciones\/#article","isPartOf":{"@id":"https:\/\/diariotextual.com\/inicio\/index.php\/2019\/10\/02\/la-agricola-ganadera-la-pampa-le-avisa-alberto-no-queremos-mas-retenciones\/"},"author":{"name":"Diario1 Diario1","@id":"https:\/\/diariotextual.com\/inicio\/#\/schema\/person\/418fc4093c33e86ed41562db3508f958"},"headline":"La Agr\u00edcola le avisa a Alberto: \u201cNo queremos m\u00e1s retenciones\u201d","datePublished":"2019-10-02T15:04:35+00:00","dateModified":"2019-10-03T11:36:07+00:00","mainEntityOfPage":{"@id":"https:\/\/diariotextual.com\/inicio\/index.php\/2019\/10\/02\/la-agricola-ganadera-la-pampa-le-avisa-alberto-no-queremos-mas-retenciones\/"},"wordCount":1083,"publisher":{"@id":"https:\/\/diariotextual.com\/inicio\/#organization"},"image":{"@id":"https:\/\/diariotextual.com\/inicio\/index.php\/2019\/10\/02\/la-agricola-ganadera-la-pampa-le-avisa-alberto-no-queremos-mas-retenciones\/#primaryimage"},"thumbnailUrl":"https:\/\/diariotextual.com\/inicio\/wp-content\/uploads\/2019\/02\/tapievictor.jpg","keywords":["sequ\u00eda"],"articleSection":["A - TEMPORALES","CAMPO"],"inLanguage":"es"},{"@type":"WebPage","@id":"https:\/\/diariotextual.com\/inicio\/index.php\/2019\/10\/02\/la-agricola-ganadera-la-pampa-le-avisa-alberto-no-queremos-mas-retenciones\/","url":"https:\/\/diariotextual.com\/inicio\/index.php\/2019\/10\/02\/la-agricola-ganadera-la-pampa-le-avisa-alberto-no-queremos-mas-retenciones\/","name":"La Agr\u00edcola le avisa a Alberto: \u201cNo queremos m\u00e1s retenciones\u201d - Diario Textual","isPartOf":{"@id":"https:\/\/diariotextual.com\/inicio\/#website"},"primaryImageOfPage":{"@id":"https:\/\/diariotextual.com\/inicio\/index.php\/2019\/10\/02\/la-agricola-ganadera-la-pampa-le-avisa-alberto-no-queremos-mas-retenciones\/#primaryimage"},"image":{"@id":"https:\/\/diariotextual.com\/inicio\/index.php\/2019\/10\/02\/la-agricola-ganadera-la-pampa-le-avisa-alberto-no-queremos-mas-retenciones\/#primaryimage"},"thumbnailUrl":"https:\/\/diariotextual.com\/inicio\/wp-content\/uploads\/2019\/02\/tapievictor.jpg","datePublished":"2019-10-02T15:04:35+00:00","dateModified":"2019-10-03T11:36:07+00:00","breadcrumb":{"@id":"https:\/\/diariotextual.com\/inicio\/index.php\/2019\/10\/02\/la-agricola-ganadera-la-pampa-le-avisa-alberto-no-queremos-mas-retenciones\/#breadcrumb"},"inLanguage":"es","potentialAction":[{"@type":"ReadAction","target":["https:\/\/diariotextual.com\/inicio\/index.php\/2019\/10\/02\/la-agricola-ganadera-la-pampa-le-avisa-alberto-no-queremos-mas-retenciones\/"]}]},{"@type":"ImageObject","inLanguage":"es","@id":"https:\/\/diariotextual.com\/inicio\/index.php\/2019\/10\/02\/la-agricola-ganadera-la-pampa-le-avisa-alberto-no-queremos-mas-retenciones\/#primaryimage","url":"https:\/\/diariotextual.com\/inicio\/wp-content\/uploads\/2019\/02\/tapievictor.jpg","contentUrl":"https:\/\/diariotextual.com\/inicio\/wp-content\/uploads\/2019\/02\/tapievictor.jpg","width":959,"height":773},{"@type":"BreadcrumbList","@id":"https:\/\/diariotextual.com\/inicio\/index.php\/2019\/10\/02\/la-agricola-ganadera-la-pampa-le-avisa-alberto-no-queremos-mas-retenciones\/#breadcrumb","itemListElement":[{"@type":"ListItem","position":1,"name":"Portada","item":"https:\/\/diariotextual.com\/inicio\/"},{"@type":"ListItem","position":2,"name":"La Agr\u00edcola le avisa a Alberto: \u201cNo queremos m\u00e1s retenciones\u201d"}]},{"@type":"WebSite","@id":"https:\/\/diariotextual.com\/inicio\/#website","url":"https:\/\/diariotextual.com\/inicio\/","name":"Diario Textual","description":"","publisher":{"@id":"https:\/\/diariotextual.com\/inicio\/#organization"},"potentialAction":[{"@type":"SearchAction","target":{"@type":"EntryPoint","urlTemplate":"https:\/\/diariotextual.com\/inicio\/?s={search_term_string}"},"query-input":{"@type":"PropertyValueSpecification","valueRequired":true,"valueName":"search_term_string"}}],"inLanguage":"es"},{"@type":"Organization","@id":"https:\/\/diariotextual.com\/inicio\/#organization","name":"Diario Textual","url":"https:\/\/diariotextual.com\/inicio\/","logo":{"@type":"ImageObject","inLanguage":"es","@id":"https:\/\/diariotextual.com\/inicio\/#\/schema\/logo\/image\/","url":"https:\/\/diariotextual.com\/inicio\/wp-content\/uploads\/2023\/05\/logotextual1.jpg","contentUrl":"https:\/\/diariotextual.com\/inicio\/wp-content\/uploads\/2023\/05\/logotextual1.jpg","width":516,"height":76,"caption":"Diario Textual"},"image":{"@id":"https:\/\/diariotextual.com\/inicio\/#\/schema\/logo\/image\/"},"sameAs":["https:\/\/www.facebook.com\/eltextual","https:\/\/x.com\/eltextual","http:\/\/www.instagram.com\/eltextual"]},{"@type":"Person","@id":"https:\/\/diariotextual.com\/inicio\/#\/schema\/person\/418fc4093c33e86ed41562db3508f958","name":"Diario1 Diario1","image":{"@type":"ImageObject","inLanguage":"es","@id":"https:\/\/secure.gravatar.com\/avatar\/9167d280179c85bc18be67aa7eda765854300033af4896dd779b608640f2ef7a?s=96&d=mm&r=g","url":"https:\/\/secure.gravatar.com\/avatar\/9167d280179c85bc18be67aa7eda765854300033af4896dd779b608640f2ef7a?s=96&d=mm&r=g","contentUrl":"https:\/\/secure.gravatar.com\/avatar\/9167d280179c85bc18be67aa7eda765854300033af4896dd779b608640f2ef7a?s=96&d=mm&r=g","caption":"Diario1 Diario1"},"url":"https:\/\/diariotextual.com\/inicio\/index.php\/author\/diario1\/"}]}},"_links":{"self":[{"href":"https:\/\/diariotextual.com\/inicio\/index.php\/wp-json\/wp\/v2\/posts\/64573","targetHints":{"allow":["GET"]}}],"collection":[{"href":"https:\/\/diariotextual.com\/inicio\/index.php\/wp-json\/wp\/v2\/posts"}],"about":[{"href":"https:\/\/diariotextual.com\/inicio\/index.php\/wp-json\/wp\/v2\/types\/post"}],"author":[{"embeddable":true,"href":"https:\/\/diariotextual.com\/inicio\/index.php\/wp-json\/wp\/v2\/users\/3"}],"replies":[{"embeddable":true,"href":"https:\/\/diariotextual.com\/inicio\/index.php\/wp-json\/wp\/v2\/comments?post=64573"}],"version-history":[{"count":10,"href":"https:\/\/diariotextual.com\/inicio\/index.php\/wp-json\/wp\/v2\/posts\/64573\/revisions"}],"predecessor-version":[{"id":64671,"href":"https:\/\/diariotextual.com\/inicio\/index.php\/wp-json\/wp\/v2\/posts\/64573\/revisions\/64671"}],"wp:featuredmedia":[{"embeddable":true,"href":"https:\/\/diariotextual.com\/inicio\/index.php\/wp-json\/wp\/v2\/media\/37917"}],"wp:attachment":[{"href":"https:\/\/diariotextual.com\/inicio\/index.php\/wp-json\/wp\/v2\/media?parent=64573"}],"wp:term":[{"taxonomy":"category","embeddable":true,"href":"https:\/\/diariotextual.com\/inicio\/index.php\/wp-json\/wp\/v2\/categories?post=64573"},{"taxonomy":"post_tag","embeddable":true,"href":"https:\/\/diariotextual.com\/inicio\/index.php\/wp-json\/wp\/v2\/tags?post=64573"}],"curies":[{"name":"wp","href":"https:\/\/api.w.org\/{rel}","templated":true}]}}