{"id":64581,"date":"2019-10-02T12:09:40","date_gmt":"2019-10-02T15:09:40","guid":{"rendered":"http:\/\/diariotextual.com\/inicio\/?p=64581"},"modified":"2019-10-02T13:08:56","modified_gmt":"2019-10-02T16:08:56","slug":"declaran-la-emergencia-la-sequia-la-pampa-piden-eliminar-inmobiliario-los-afectados","status":"publish","type":"post","link":"https:\/\/diariotextual.com\/inicio\/index.php\/2019\/10\/02\/declaran-la-emergencia-la-sequia-la-pampa-piden-eliminar-inmobiliario-los-afectados\/","title":{"rendered":"Declaran la emergencia por la sequ\u00eda en La Pampa y piden eliminar el Inmobiliario para los afectados"},"content":{"rendered":"<p>El <strong>Gobierno pampeano<\/strong> est\u00e1 por declarar <strong>la emergencia agropecuaria por sequ\u00eda<\/strong> en miles de hect\u00e1reas pampeanas. El presidente de la Agr\u00edcola Ganadera de La Pampa, <strong>V\u00edctor Tapi\u00e9<\/strong>, dijo ante una consulta de<strong> Diario Textual<\/strong> que apoyan la medida pero alert\u00f3 que, igual, es insuficiente: sostuvo que, <strong>en vez de \u00abpostergar\u00bb, se deber\u00eda \u00abeliminar\u00bb el pago de los impuestos provinciales, como el Inmobiliario Rural mientras dure la seca.<\/strong><\/p>\n<p>El Gobierno provincial convoc\u00f3 para este jueves, a las 9 horas, a la\u00a0Comisi\u00f3n de Emergencia Agropecuaria\u00a0para avanzar con la declaraci\u00f3n de la\u00a0emergencia por la sequ\u00eda\u00a0que est\u00e1 afectando principalmente a las zonas centro y suroeste de La Pampa.<\/p>\n<p>La medida permitir\u00e1 la\u00a0postergaci\u00f3n del pago de impuestos y el acceso a cr\u00e9ditos blandos, entre otras medidas. Es\u00a0un pedido que han hecho, al menos p\u00fablicamente, las entidades agropecuarias, entre ellas, la Federaci\u00f3n Agraria Argentina y la Asociaci\u00f3n Agr\u00edcola Ganadera de La Pampa.<\/p>\n<p><strong>\u201cLo que se debe hacer es eliminar el Impuesto Inmobiliario para los afectados por la seca\u201d<\/strong>, sostuvo Tapi\u00e9. \u00abCon la emergencia, lo que se hace es postergar el pago de ese impuesto. No sirve porque, cuando uno est\u00e1 en emergencia, no sal\u00eds en tres o cuatro meses. As\u00ed se patea la deuda. Pero creo que se deber\u00eda sacar directamente ese impuesto, mientras dure la emergencia. Eso se deber\u00eda discutir con los diputados\u00bb, dijo.<\/p>\n<blockquote class=\"wp-embedded-content\" data-secret=\"NwMWfiDE7A\"><p><a href=\"http:\/\/diariotextual.com\/inicio\/index.php\/2019\/10\/02\/la-agricola-ganadera-la-pampa-le-avisa-alberto-no-queremos-mas-retenciones\/\">La Agr\u00edcola Ganadera de La Pampa le avisa a Alberto: \u201cNo queremos m\u00e1s retenciones\u201d<\/a><\/p><\/blockquote>\n<p><iframe class=\"wp-embedded-content\" sandbox=\"allow-scripts\" security=\"restricted\" style=\"position: absolute; clip: rect(1px, 1px, 1px, 1px);\" src=\"http:\/\/diariotextual.com\/inicio\/index.php\/2019\/10\/02\/la-agricola-ganadera-la-pampa-le-avisa-alberto-no-queremos-mas-retenciones\/embed\/#?secret=NwMWfiDE7A\" data-secret=\"NwMWfiDE7A\" width=\"600\" height=\"338\" title=\"&#171;La Agr\u00edcola Ganadera de La Pampa le avisa a Alberto: \u201cNo queremos m\u00e1s retenciones\u201d&#187; &#8212; Diario Textual\" frameborder=\"0\" marginwidth=\"0\" marginheight=\"0\" scrolling=\"no\"><\/iframe><\/p>\n<p>\u00abTenemos un d\u00e9ficit de entre 250 y 300 mil\u00edmetros en nuestra zona. A grandes rasgos, desde la ruta 35 al oeste, y principalmente al sur, la situaci\u00f3n es muy complicada\u00bb, expres\u00f3.<\/p>\n<p>Alert\u00f3 que hay productores rurales que se est\u00e1n descapitalizando. \u00abEst\u00e1n vendiendo categor\u00edas de hacienda que no pensaban vender. Pero lo tienen que hacer porque no hay pasto\u00bb, expres\u00f3.<\/p>\n<p>Dijo que cree que<strong> el productor agropecuario pondr\u00e1 menos dinero para la siembra de la gruesa y eso repercutir\u00e1 en los rindes<\/strong>. \u201cSe viene la siembra de la gruesa, sin tener un panorama claro, con crisis y en medio de una sequ\u00eda, por lo que el productor agropecuario genuino va a bajar el paquete tecnol\u00f3gico, la cosecha del a\u00f1o que viene no tendr\u00e1 el mismo volumen de este a\u00f1o\u201d, estim\u00f3.<\/p>\n<p>&nbsp;<\/p>\n<p>&nbsp;<\/p>\n<p>&nbsp;<\/p>\n","protected":false},"excerpt":{"rendered":"<p>El Gobierno pampeano est\u00e1 por declarar la emergencia agropecuaria por sequ\u00eda en miles de hect\u00e1reas pampeanas. El presidente de la Agr\u00edcola Ganadera de La Pampa, V\u00edctor Tapi\u00e9, dijo ante una&hellip;<\/p>\n","protected":false},"author":3,"featured_media":61503,"comment_status":"closed","ping_status":"open","sticky":false,"template":"","format":"standard","meta":{"_acf_changed":false,"footnotes":""},"categories":[11,319,20],"tags":[1152],"class_list":["post-64581","post","type-post","status-publish","format-standard","has-post-thumbnail","hentry","category-que-pasa","category-a-temporales","category-campo","tag-sequia"],"acf":[],"yoast_head":"<!-- This site is optimized with the Yoast SEO plugin v27.5 - https:\/\/yoast.com\/product\/yoast-seo-wordpress\/ -->\n<title>Declaran la emergencia por la sequ\u00eda en La Pampa y piden eliminar el Inmobiliario para los afectados - Diario Textual<\/title>\n<meta name=\"robots\" content=\"index, follow, max-snippet:-1, max-image-preview:large, max-video-preview:-1\" \/>\n<link rel=\"canonical\" href=\"https:\/\/diariotextual.com\/inicio\/index.php\/2019\/10\/02\/declaran-la-emergencia-la-sequia-la-pampa-piden-eliminar-inmobiliario-los-afectados\/\" \/>\n<meta property=\"og:locale\" content=\"es_ES\" \/>\n<meta property=\"og:type\" content=\"article\" \/>\n<meta property=\"og:title\" content=\"Declaran la emergencia por la sequ\u00eda en La Pampa y piden eliminar el Inmobiliario para los afectados - Diario Textual\" \/>\n<meta property=\"og:description\" content=\"El Gobierno pampeano est\u00e1 por declarar la emergencia agropecuaria por sequ\u00eda en miles de hect\u00e1reas pampeanas. El presidente de la Agr\u00edcola Ganadera de La Pampa, V\u00edctor Tapi\u00e9, dijo ante una&hellip;\" \/>\n<meta property=\"og:url\" content=\"https:\/\/diariotextual.com\/inicio\/index.php\/2019\/10\/02\/declaran-la-emergencia-la-sequia-la-pampa-piden-eliminar-inmobiliario-los-afectados\/\" \/>\n<meta property=\"og:site_name\" content=\"Diario Textual\" \/>\n<meta property=\"article:publisher\" content=\"https:\/\/www.facebook.com\/eltextual\" \/>\n<meta property=\"article:published_time\" content=\"2019-10-02T15:09:40+00:00\" \/>\n<meta property=\"article:modified_time\" content=\"2019-10-02T16:08:56+00:00\" \/>\n<meta property=\"og:image\" content=\"https:\/\/diariotextual.com\/inicio\/wp-content\/uploads\/2019\/09\/campotranqueras21321.jpg\" \/>\n\t<meta property=\"og:image:width\" content=\"825\" \/>\n\t<meta property=\"og:image:height\" content=\"495\" \/>\n\t<meta property=\"og:image:type\" content=\"image\/jpeg\" \/>\n<meta name=\"author\" content=\"Diario1 Diario1\" \/>\n<meta name=\"twitter:card\" content=\"summary_large_image\" \/>\n<meta name=\"twitter:creator\" content=\"@eltextual\" \/>\n<meta name=\"twitter:site\" content=\"@eltextual\" \/>\n<meta name=\"twitter:label1\" content=\"Escrito por\" \/>\n\t<meta name=\"twitter:data1\" content=\"Diario1 Diario1\" \/>\n\t<meta name=\"twitter:label2\" content=\"Tiempo de lectura\" \/>\n\t<meta name=\"twitter:data2\" content=\"2 minutos\" \/>\n<script type=\"application\/ld+json\" class=\"yoast-schema-graph\">{\"@context\":\"https:\\\/\\\/schema.org\",\"@graph\":[{\"@type\":\"Article\",\"@id\":\"https:\\\/\\\/diariotextual.com\\\/inicio\\\/index.php\\\/2019\\\/10\\\/02\\\/declaran-la-emergencia-la-sequia-la-pampa-piden-eliminar-inmobiliario-los-afectados\\\/#article\",\"isPartOf\":{\"@id\":\"https:\\\/\\\/diariotextual.com\\\/inicio\\\/index.php\\\/2019\\\/10\\\/02\\\/declaran-la-emergencia-la-sequia-la-pampa-piden-eliminar-inmobiliario-los-afectados\\\/\"},\"author\":{\"name\":\"Diario1 Diario1\",\"@id\":\"https:\\\/\\\/diariotextual.com\\\/inicio\\\/#\\\/schema\\\/person\\\/418fc4093c33e86ed41562db3508f958\"},\"headline\":\"Declaran la emergencia por la sequ\u00eda en La Pampa y piden eliminar el Inmobiliario para los afectados\",\"datePublished\":\"2019-10-02T15:09:40+00:00\",\"dateModified\":\"2019-10-02T16:08:56+00:00\",\"mainEntityOfPage\":{\"@id\":\"https:\\\/\\\/diariotextual.com\\\/inicio\\\/index.php\\\/2019\\\/10\\\/02\\\/declaran-la-emergencia-la-sequia-la-pampa-piden-eliminar-inmobiliario-los-afectados\\\/\"},\"wordCount\":405,\"publisher\":{\"@id\":\"https:\\\/\\\/diariotextual.com\\\/inicio\\\/#organization\"},\"image\":{\"@id\":\"https:\\\/\\\/diariotextual.com\\\/inicio\\\/index.php\\\/2019\\\/10\\\/02\\\/declaran-la-emergencia-la-sequia-la-pampa-piden-eliminar-inmobiliario-los-afectados\\\/#primaryimage\"},\"thumbnailUrl\":\"https:\\\/\\\/diariotextual.com\\\/inicio\\\/wp-content\\\/uploads\\\/2019\\\/09\\\/campotranqueras21321.jpg\",\"keywords\":[\"sequ\u00eda\"],\"articleSection\":[\"A - QUE PASA (al costado)\",\"A - TEMPORALES\",\"CAMPO\"],\"inLanguage\":\"es\"},{\"@type\":\"WebPage\",\"@id\":\"https:\\\/\\\/diariotextual.com\\\/inicio\\\/index.php\\\/2019\\\/10\\\/02\\\/declaran-la-emergencia-la-sequia-la-pampa-piden-eliminar-inmobiliario-los-afectados\\\/\",\"url\":\"https:\\\/\\\/diariotextual.com\\\/inicio\\\/index.php\\\/2019\\\/10\\\/02\\\/declaran-la-emergencia-la-sequia-la-pampa-piden-eliminar-inmobiliario-los-afectados\\\/\",\"name\":\"Declaran la emergencia por la sequ\u00eda en La Pampa y piden eliminar el Inmobiliario para los afectados - Diario Textual\",\"isPartOf\":{\"@id\":\"https:\\\/\\\/diariotextual.com\\\/inicio\\\/#website\"},\"primaryImageOfPage\":{\"@id\":\"https:\\\/\\\/diariotextual.com\\\/inicio\\\/index.php\\\/2019\\\/10\\\/02\\\/declaran-la-emergencia-la-sequia-la-pampa-piden-eliminar-inmobiliario-los-afectados\\\/#primaryimage\"},\"image\":{\"@id\":\"https:\\\/\\\/diariotextual.com\\\/inicio\\\/index.php\\\/2019\\\/10\\\/02\\\/declaran-la-emergencia-la-sequia-la-pampa-piden-eliminar-inmobiliario-los-afectados\\\/#primaryimage\"},\"thumbnailUrl\":\"https:\\\/\\\/diariotextual.com\\\/inicio\\\/wp-content\\\/uploads\\\/2019\\\/09\\\/campotranqueras21321.jpg\",\"datePublished\":\"2019-10-02T15:09:40+00:00\",\"dateModified\":\"2019-10-02T16:08:56+00:00\",\"breadcrumb\":{\"@id\":\"https:\\\/\\\/diariotextual.com\\\/inicio\\\/index.php\\\/2019\\\/10\\\/02\\\/declaran-la-emergencia-la-sequia-la-pampa-piden-eliminar-inmobiliario-los-afectados\\\/#breadcrumb\"},\"inLanguage\":\"es\",\"potentialAction\":[{\"@type\":\"ReadAction\",\"target\":[\"https:\\\/\\\/diariotextual.com\\\/inicio\\\/index.php\\\/2019\\\/10\\\/02\\\/declaran-la-emergencia-la-sequia-la-pampa-piden-eliminar-inmobiliario-los-afectados\\\/\"]}]},{\"@type\":\"ImageObject\",\"inLanguage\":\"es\",\"@id\":\"https:\\\/\\\/diariotextual.com\\\/inicio\\\/index.php\\\/2019\\\/10\\\/02\\\/declaran-la-emergencia-la-sequia-la-pampa-piden-eliminar-inmobiliario-los-afectados\\\/#primaryimage\",\"url\":\"https:\\\/\\\/diariotextual.com\\\/inicio\\\/wp-content\\\/uploads\\\/2019\\\/09\\\/campotranqueras21321.jpg\",\"contentUrl\":\"https:\\\/\\\/diariotextual.com\\\/inicio\\\/wp-content\\\/uploads\\\/2019\\\/09\\\/campotranqueras21321.jpg\",\"width\":825,\"height\":495,\"caption\":\"?\"},{\"@type\":\"BreadcrumbList\",\"@id\":\"https:\\\/\\\/diariotextual.com\\\/inicio\\\/index.php\\\/2019\\\/10\\\/02\\\/declaran-la-emergencia-la-sequia-la-pampa-piden-eliminar-inmobiliario-los-afectados\\\/#breadcrumb\",\"itemListElement\":[{\"@type\":\"ListItem\",\"position\":1,\"name\":\"Portada\",\"item\":\"https:\\\/\\\/diariotextual.com\\\/inicio\\\/\"},{\"@type\":\"ListItem\",\"position\":2,\"name\":\"Declaran la emergencia por la sequ\u00eda en La Pampa y piden eliminar el Inmobiliario para los afectados\"}]},{\"@type\":\"WebSite\",\"@id\":\"https:\\\/\\\/diariotextual.com\\\/inicio\\\/#website\",\"url\":\"https:\\\/\\\/diariotextual.com\\\/inicio\\\/\",\"name\":\"Diario Textual\",\"description\":\"\",\"publisher\":{\"@id\":\"https:\\\/\\\/diariotextual.com\\\/inicio\\\/#organization\"},\"potentialAction\":[{\"@type\":\"SearchAction\",\"target\":{\"@type\":\"EntryPoint\",\"urlTemplate\":\"https:\\\/\\\/diariotextual.com\\\/inicio\\\/?s={search_term_string}\"},\"query-input\":{\"@type\":\"PropertyValueSpecification\",\"valueRequired\":true,\"valueName\":\"search_term_string\"}}],\"inLanguage\":\"es\"},{\"@type\":\"Organization\",\"@id\":\"https:\\\/\\\/diariotextual.com\\\/inicio\\\/#organization\",\"name\":\"Diario Textual\",\"url\":\"https:\\\/\\\/diariotextual.com\\\/inicio\\\/\",\"logo\":{\"@type\":\"ImageObject\",\"inLanguage\":\"es\",\"@id\":\"https:\\\/\\\/diariotextual.com\\\/inicio\\\/#\\\/schema\\\/logo\\\/image\\\/\",\"url\":\"https:\\\/\\\/diariotextual.com\\\/inicio\\\/wp-content\\\/uploads\\\/2023\\\/05\\\/logotextual1.jpg\",\"contentUrl\":\"https:\\\/\\\/diariotextual.com\\\/inicio\\\/wp-content\\\/uploads\\\/2023\\\/05\\\/logotextual1.jpg\",\"width\":516,\"height\":76,\"caption\":\"Diario Textual\"},\"image\":{\"@id\":\"https:\\\/\\\/diariotextual.com\\\/inicio\\\/#\\\/schema\\\/logo\\\/image\\\/\"},\"sameAs\":[\"https:\\\/\\\/www.facebook.com\\\/eltextual\",\"https:\\\/\\\/x.com\\\/eltextual\",\"http:\\\/\\\/www.instagram.com\\\/eltextual\"]},{\"@type\":\"Person\",\"@id\":\"https:\\\/\\\/diariotextual.com\\\/inicio\\\/#\\\/schema\\\/person\\\/418fc4093c33e86ed41562db3508f958\",\"name\":\"Diario1 Diario1\",\"image\":{\"@type\":\"ImageObject\",\"inLanguage\":\"es\",\"@id\":\"https:\\\/\\\/secure.gravatar.com\\\/avatar\\\/9167d280179c85bc18be67aa7eda765854300033af4896dd779b608640f2ef7a?s=96&d=mm&r=g\",\"url\":\"https:\\\/\\\/secure.gravatar.com\\\/avatar\\\/9167d280179c85bc18be67aa7eda765854300033af4896dd779b608640f2ef7a?s=96&d=mm&r=g\",\"contentUrl\":\"https:\\\/\\\/secure.gravatar.com\\\/avatar\\\/9167d280179c85bc18be67aa7eda765854300033af4896dd779b608640f2ef7a?s=96&d=mm&r=g\",\"caption\":\"Diario1 Diario1\"},\"url\":\"https:\\\/\\\/diariotextual.com\\\/inicio\\\/index.php\\\/author\\\/diario1\\\/\"}]}<\/script>\n<!-- \/ Yoast SEO plugin. -->","yoast_head_json":{"title":"Declaran la emergencia por la sequ\u00eda en La Pampa y piden eliminar el Inmobiliario para los afectados - Diario Textual","robots":{"index":"index","follow":"follow","max-snippet":"max-snippet:-1","max-image-preview":"max-image-preview:large","max-video-preview":"max-video-preview:-1"},"canonical":"https:\/\/diariotextual.com\/inicio\/index.php\/2019\/10\/02\/declaran-la-emergencia-la-sequia-la-pampa-piden-eliminar-inmobiliario-los-afectados\/","og_locale":"es_ES","og_type":"article","og_title":"Declaran la emergencia por la sequ\u00eda en La Pampa y piden eliminar el Inmobiliario para los afectados - Diario Textual","og_description":"El Gobierno pampeano est\u00e1 por declarar la emergencia agropecuaria por sequ\u00eda en miles de hect\u00e1reas pampeanas. El presidente de la Agr\u00edcola Ganadera de La Pampa, V\u00edctor Tapi\u00e9, dijo ante una&hellip;","og_url":"https:\/\/diariotextual.com\/inicio\/index.php\/2019\/10\/02\/declaran-la-emergencia-la-sequia-la-pampa-piden-eliminar-inmobiliario-los-afectados\/","og_site_name":"Diario Textual","article_publisher":"https:\/\/www.facebook.com\/eltextual","article_published_time":"2019-10-02T15:09:40+00:00","article_modified_time":"2019-10-02T16:08:56+00:00","og_image":[{"width":825,"height":495,"url":"https:\/\/diariotextual.com\/inicio\/wp-content\/uploads\/2019\/09\/campotranqueras21321.jpg","type":"image\/jpeg"}],"author":"Diario1 Diario1","twitter_card":"summary_large_image","twitter_creator":"@eltextual","twitter_site":"@eltextual","twitter_misc":{"Escrito por":"Diario1 Diario1","Tiempo de lectura":"2 minutos"},"schema":{"@context":"https:\/\/schema.org","@graph":[{"@type":"Article","@id":"https:\/\/diariotextual.com\/inicio\/index.php\/2019\/10\/02\/declaran-la-emergencia-la-sequia-la-pampa-piden-eliminar-inmobiliario-los-afectados\/#article","isPartOf":{"@id":"https:\/\/diariotextual.com\/inicio\/index.php\/2019\/10\/02\/declaran-la-emergencia-la-sequia-la-pampa-piden-eliminar-inmobiliario-los-afectados\/"},"author":{"name":"Diario1 Diario1","@id":"https:\/\/diariotextual.com\/inicio\/#\/schema\/person\/418fc4093c33e86ed41562db3508f958"},"headline":"Declaran la emergencia por la sequ\u00eda en La Pampa y piden eliminar el Inmobiliario para los afectados","datePublished":"2019-10-02T15:09:40+00:00","dateModified":"2019-10-02T16:08:56+00:00","mainEntityOfPage":{"@id":"https:\/\/diariotextual.com\/inicio\/index.php\/2019\/10\/02\/declaran-la-emergencia-la-sequia-la-pampa-piden-eliminar-inmobiliario-los-afectados\/"},"wordCount":405,"publisher":{"@id":"https:\/\/diariotextual.com\/inicio\/#organization"},"image":{"@id":"https:\/\/diariotextual.com\/inicio\/index.php\/2019\/10\/02\/declaran-la-emergencia-la-sequia-la-pampa-piden-eliminar-inmobiliario-los-afectados\/#primaryimage"},"thumbnailUrl":"https:\/\/diariotextual.com\/inicio\/wp-content\/uploads\/2019\/09\/campotranqueras21321.jpg","keywords":["sequ\u00eda"],"articleSection":["A - QUE PASA (al costado)","A - TEMPORALES","CAMPO"],"inLanguage":"es"},{"@type":"WebPage","@id":"https:\/\/diariotextual.com\/inicio\/index.php\/2019\/10\/02\/declaran-la-emergencia-la-sequia-la-pampa-piden-eliminar-inmobiliario-los-afectados\/","url":"https:\/\/diariotextual.com\/inicio\/index.php\/2019\/10\/02\/declaran-la-emergencia-la-sequia-la-pampa-piden-eliminar-inmobiliario-los-afectados\/","name":"Declaran la emergencia por la sequ\u00eda en La Pampa y piden eliminar el Inmobiliario para los afectados - Diario Textual","isPartOf":{"@id":"https:\/\/diariotextual.com\/inicio\/#website"},"primaryImageOfPage":{"@id":"https:\/\/diariotextual.com\/inicio\/index.php\/2019\/10\/02\/declaran-la-emergencia-la-sequia-la-pampa-piden-eliminar-inmobiliario-los-afectados\/#primaryimage"},"image":{"@id":"https:\/\/diariotextual.com\/inicio\/index.php\/2019\/10\/02\/declaran-la-emergencia-la-sequia-la-pampa-piden-eliminar-inmobiliario-los-afectados\/#primaryimage"},"thumbnailUrl":"https:\/\/diariotextual.com\/inicio\/wp-content\/uploads\/2019\/09\/campotranqueras21321.jpg","datePublished":"2019-10-02T15:09:40+00:00","dateModified":"2019-10-02T16:08:56+00:00","breadcrumb":{"@id":"https:\/\/diariotextual.com\/inicio\/index.php\/2019\/10\/02\/declaran-la-emergencia-la-sequia-la-pampa-piden-eliminar-inmobiliario-los-afectados\/#breadcrumb"},"inLanguage":"es","potentialAction":[{"@type":"ReadAction","target":["https:\/\/diariotextual.com\/inicio\/index.php\/2019\/10\/02\/declaran-la-emergencia-la-sequia-la-pampa-piden-eliminar-inmobiliario-los-afectados\/"]}]},{"@type":"ImageObject","inLanguage":"es","@id":"https:\/\/diariotextual.com\/inicio\/index.php\/2019\/10\/02\/declaran-la-emergencia-la-sequia-la-pampa-piden-eliminar-inmobiliario-los-afectados\/#primaryimage","url":"https:\/\/diariotextual.com\/inicio\/wp-content\/uploads\/2019\/09\/campotranqueras21321.jpg","contentUrl":"https:\/\/diariotextual.com\/inicio\/wp-content\/uploads\/2019\/09\/campotranqueras21321.jpg","width":825,"height":495,"caption":"?"},{"@type":"BreadcrumbList","@id":"https:\/\/diariotextual.com\/inicio\/index.php\/2019\/10\/02\/declaran-la-emergencia-la-sequia-la-pampa-piden-eliminar-inmobiliario-los-afectados\/#breadcrumb","itemListElement":[{"@type":"ListItem","position":1,"name":"Portada","item":"https:\/\/diariotextual.com\/inicio\/"},{"@type":"ListItem","position":2,"name":"Declaran la emergencia por la sequ\u00eda en La Pampa y piden eliminar el Inmobiliario para los afectados"}]},{"@type":"WebSite","@id":"https:\/\/diariotextual.com\/inicio\/#website","url":"https:\/\/diariotextual.com\/inicio\/","name":"Diario Textual","description":"","publisher":{"@id":"https:\/\/diariotextual.com\/inicio\/#organization"},"potentialAction":[{"@type":"SearchAction","target":{"@type":"EntryPoint","urlTemplate":"https:\/\/diariotextual.com\/inicio\/?s={search_term_string}"},"query-input":{"@type":"PropertyValueSpecification","valueRequired":true,"valueName":"search_term_string"}}],"inLanguage":"es"},{"@type":"Organization","@id":"https:\/\/diariotextual.com\/inicio\/#organization","name":"Diario Textual","url":"https:\/\/diariotextual.com\/inicio\/","logo":{"@type":"ImageObject","inLanguage":"es","@id":"https:\/\/diariotextual.com\/inicio\/#\/schema\/logo\/image\/","url":"https:\/\/diariotextual.com\/inicio\/wp-content\/uploads\/2023\/05\/logotextual1.jpg","contentUrl":"https:\/\/diariotextual.com\/inicio\/wp-content\/uploads\/2023\/05\/logotextual1.jpg","width":516,"height":76,"caption":"Diario Textual"},"image":{"@id":"https:\/\/diariotextual.com\/inicio\/#\/schema\/logo\/image\/"},"sameAs":["https:\/\/www.facebook.com\/eltextual","https:\/\/x.com\/eltextual","http:\/\/www.instagram.com\/eltextual"]},{"@type":"Person","@id":"https:\/\/diariotextual.com\/inicio\/#\/schema\/person\/418fc4093c33e86ed41562db3508f958","name":"Diario1 Diario1","image":{"@type":"ImageObject","inLanguage":"es","@id":"https:\/\/secure.gravatar.com\/avatar\/9167d280179c85bc18be67aa7eda765854300033af4896dd779b608640f2ef7a?s=96&d=mm&r=g","url":"https:\/\/secure.gravatar.com\/avatar\/9167d280179c85bc18be67aa7eda765854300033af4896dd779b608640f2ef7a?s=96&d=mm&r=g","contentUrl":"https:\/\/secure.gravatar.com\/avatar\/9167d280179c85bc18be67aa7eda765854300033af4896dd779b608640f2ef7a?s=96&d=mm&r=g","caption":"Diario1 Diario1"},"url":"https:\/\/diariotextual.com\/inicio\/index.php\/author\/diario1\/"}]}},"_links":{"self":[{"href":"https:\/\/diariotextual.com\/inicio\/index.php\/wp-json\/wp\/v2\/posts\/64581","targetHints":{"allow":["GET"]}}],"collection":[{"href":"https:\/\/diariotextual.com\/inicio\/index.php\/wp-json\/wp\/v2\/posts"}],"about":[{"href":"https:\/\/diariotextual.com\/inicio\/index.php\/wp-json\/wp\/v2\/types\/post"}],"author":[{"embeddable":true,"href":"https:\/\/diariotextual.com\/inicio\/index.php\/wp-json\/wp\/v2\/users\/3"}],"replies":[{"embeddable":true,"href":"https:\/\/diariotextual.com\/inicio\/index.php\/wp-json\/wp\/v2\/comments?post=64581"}],"version-history":[{"count":3,"href":"https:\/\/diariotextual.com\/inicio\/index.php\/wp-json\/wp\/v2\/posts\/64581\/revisions"}],"predecessor-version":[{"id":64592,"href":"https:\/\/diariotextual.com\/inicio\/index.php\/wp-json\/wp\/v2\/posts\/64581\/revisions\/64592"}],"wp:featuredmedia":[{"embeddable":true,"href":"https:\/\/diariotextual.com\/inicio\/index.php\/wp-json\/wp\/v2\/media\/61503"}],"wp:attachment":[{"href":"https:\/\/diariotextual.com\/inicio\/index.php\/wp-json\/wp\/v2\/media?parent=64581"}],"wp:term":[{"taxonomy":"category","embeddable":true,"href":"https:\/\/diariotextual.com\/inicio\/index.php\/wp-json\/wp\/v2\/categories?post=64581"},{"taxonomy":"post_tag","embeddable":true,"href":"https:\/\/diariotextual.com\/inicio\/index.php\/wp-json\/wp\/v2\/tags?post=64581"}],"curies":[{"name":"wp","href":"https:\/\/api.w.org\/{rel}","templated":true}]}}