{"id":64606,"date":"2019-10-02T14:09:47","date_gmt":"2019-10-02T17:09:47","guid":{"rendered":"http:\/\/diariotextual.com\/inicio\/?p=64606"},"modified":"2019-10-03T10:44:48","modified_gmt":"2019-10-03T13:44:48","slug":"la-federal-requiso-estudiantes-pico-la-unlpam-salio-repudiarlo","status":"publish","type":"post","link":"https:\/\/diariotextual.com\/inicio\/index.php\/2019\/10\/02\/la-federal-requiso-estudiantes-pico-la-unlpam-salio-repudiarlo\/","title":{"rendered":"La Federal requis\u00f3 a estudiantes en Pico y la UNLPam sali\u00f3 a repudiarlo"},"content":{"rendered":"<p class=\"x_MsoNormal\">La Polic\u00eda Federal volvi\u00f3 a requisar a estudiantes universitarios, sin motivos, y gener\u00f3 pol\u00e9mica. Esta vez fue en General Pico. El rector Oscar Alpa, por lo pronto, ya expres\u00f3 su \u00aben\u00e9rgico repudio al accionar policial contra estudiantes de la Universidad Nacional de La Pampa y a todo tipo de procedimientos de demora o averiguaci\u00f3n de antecedentes que no se encuentren enmarcados en la legislaci\u00f3n vigente\u00bb y exigi\u00f3 el cese de estas pr\u00e1cticas.<\/p>\n<p class=\"x_MsoNormal\">La declaraci\u00f3n la hizo mediante la Resoluci\u00f3n 452\/19, ad referendum del Consejo Superior, despu\u00e9s de que la vicerrectora Ver\u00f3nica Moreno pusiera en conocimiento al rector de la reuni\u00f3n que mantuvo con un grupo de estudiantes de la Agrupaci\u00f3n Emancipaci\u00f3n, en la que relataron un episodio ocurrido el s\u00e1bado 28 de septiembre en General Pico.<\/p>\n<p class=\"x_MsoNormal\">Las y los estudiantes explicaron que a las 18.30 horas estaban tomando mate unos ocho j\u00f3venes de las carreras de Ingenier\u00eda y de Ciencias Humanas en la vereda de calle 7, frente al edificio del Centro Universitario, como lo hacen habitualmente. Al lugar lleg\u00f3 una camioneta de la Polic\u00eda Federal y sus cuatro ocupantes fueron hasta el grupo. \u00abSin identificarse personalmente y sin expresar motivo o raz\u00f3n alguna, obligaron a los y las estudiantes a ponerse de pie, les ordenaron en fila uno al lado del otro, y seguidamente palparon solo a los estudiantes varones, con modos muy bruscos, les sacaron y revisaron las billeteras, les pidieron los documentos y les hicieron abrir las mochilas\u00bb, se inform\u00f3 en la resoluci\u00f3n.<\/p>\n<p class=\"x_MsoNormal\">\u00abLes preguntaron si &#8216;est\u00e1n enfierrados&#8217; o si &#8216;tienen falopa&#8217; o si &#8216;tienen algo que los comprometa&#8217;, y utilizaron expresiones como &#8216;tranquilizate que esto es rutina'\u00bb, se indic\u00f3. Toda la situaci\u00f3n dur\u00f3 aproximadamente 3 o 4 minutos y hubo testigos.<\/p>\n<p class=\"x_MsoNormal\">El rector Oscar Alpa, seg\u00fan lo dispuso la resoluci\u00f3n, se comunic\u00f3 con el jefe de la delegaci\u00f3n piquense de la PFA, Silvio Sarabia, para informar sobre el repudio y pidi\u00f3 aclaraciones sobre lo ocurrido. El funcionario policial se puso a disposici\u00f3n de Rectorado para reunirse con las autoridades de la UNLPam y si es necesario con las y los estudiantes.<\/p>\n<p>&nbsp;<\/p>\n<p>&nbsp;<\/p>\n<p>&nbsp;<\/p>\n<p>&nbsp;<\/p>\n<p>&nbsp;<\/p>\n","protected":false},"excerpt":{"rendered":"<p>La Polic\u00eda Federal volvi\u00f3 a requisar a estudiantes universitarios, sin motivos, y gener\u00f3 pol\u00e9mica. Esta vez fue en General Pico. El rector Oscar Alpa, por lo pronto, ya expres\u00f3 su&hellip;<\/p>\n","protected":false},"author":3,"featured_media":51936,"comment_status":"closed","ping_status":"open","sticky":false,"template":"","format":"standard","meta":{"_acf_changed":false,"footnotes":""},"categories":[319,12],"tags":[],"class_list":["post-64606","post","type-post","status-publish","format-standard","has-post-thumbnail","hentry","category-a-temporales","category-sociedad"],"acf":[],"yoast_head":"<!-- This site is optimized with the Yoast SEO plugin v27.5 - https:\/\/yoast.com\/product\/yoast-seo-wordpress\/ -->\n<title>La Federal requis\u00f3 a estudiantes en Pico y la UNLPam sali\u00f3 a repudiarlo - Diario Textual<\/title>\n<meta name=\"robots\" content=\"index, follow, max-snippet:-1, max-image-preview:large, max-video-preview:-1\" \/>\n<link rel=\"canonical\" href=\"https:\/\/diariotextual.com\/inicio\/index.php\/2019\/10\/02\/la-federal-requiso-estudiantes-pico-la-unlpam-salio-repudiarlo\/\" \/>\n<meta property=\"og:locale\" content=\"es_ES\" \/>\n<meta property=\"og:type\" content=\"article\" \/>\n<meta property=\"og:title\" content=\"La Federal requis\u00f3 a estudiantes en Pico y la UNLPam sali\u00f3 a repudiarlo - Diario Textual\" \/>\n<meta property=\"og:description\" content=\"La Polic\u00eda Federal volvi\u00f3 a requisar a estudiantes universitarios, sin motivos, y gener\u00f3 pol\u00e9mica. Esta vez fue en General Pico. El rector Oscar Alpa, por lo pronto, ya expres\u00f3 su&hellip;\" \/>\n<meta property=\"og:url\" content=\"https:\/\/diariotextual.com\/inicio\/index.php\/2019\/10\/02\/la-federal-requiso-estudiantes-pico-la-unlpam-salio-repudiarlo\/\" \/>\n<meta property=\"og:site_name\" content=\"Diario Textual\" \/>\n<meta property=\"article:publisher\" content=\"https:\/\/www.facebook.com\/eltextual\" \/>\n<meta property=\"article:published_time\" content=\"2019-10-02T17:09:47+00:00\" \/>\n<meta property=\"article:modified_time\" content=\"2019-10-03T13:44:48+00:00\" \/>\n<meta property=\"og:image\" content=\"https:\/\/diariotextual.com\/inicio\/wp-content\/uploads\/2019\/06\/policiafederal1.jpg\" \/>\n\t<meta property=\"og:image:width\" content=\"400\" \/>\n\t<meta property=\"og:image:height\" content=\"250\" \/>\n\t<meta property=\"og:image:type\" content=\"image\/jpeg\" \/>\n<meta name=\"author\" content=\"Diario1 Diario1\" \/>\n<meta name=\"twitter:card\" content=\"summary_large_image\" \/>\n<meta name=\"twitter:creator\" content=\"@eltextual\" \/>\n<meta name=\"twitter:site\" content=\"@eltextual\" \/>\n<meta name=\"twitter:label1\" content=\"Escrito por\" \/>\n\t<meta name=\"twitter:data1\" content=\"Diario1 Diario1\" \/>\n\t<meta name=\"twitter:label2\" content=\"Tiempo de lectura\" \/>\n\t<meta name=\"twitter:data2\" content=\"2 minutos\" \/>\n<script type=\"application\/ld+json\" class=\"yoast-schema-graph\">{\"@context\":\"https:\\\/\\\/schema.org\",\"@graph\":[{\"@type\":\"Article\",\"@id\":\"https:\\\/\\\/diariotextual.com\\\/inicio\\\/index.php\\\/2019\\\/10\\\/02\\\/la-federal-requiso-estudiantes-pico-la-unlpam-salio-repudiarlo\\\/#article\",\"isPartOf\":{\"@id\":\"https:\\\/\\\/diariotextual.com\\\/inicio\\\/index.php\\\/2019\\\/10\\\/02\\\/la-federal-requiso-estudiantes-pico-la-unlpam-salio-repudiarlo\\\/\"},\"author\":{\"name\":\"Diario1 Diario1\",\"@id\":\"https:\\\/\\\/diariotextual.com\\\/inicio\\\/#\\\/schema\\\/person\\\/418fc4093c33e86ed41562db3508f958\"},\"headline\":\"La Federal requis\u00f3 a estudiantes en Pico y la UNLPam sali\u00f3 a repudiarlo\",\"datePublished\":\"2019-10-02T17:09:47+00:00\",\"dateModified\":\"2019-10-03T13:44:48+00:00\",\"mainEntityOfPage\":{\"@id\":\"https:\\\/\\\/diariotextual.com\\\/inicio\\\/index.php\\\/2019\\\/10\\\/02\\\/la-federal-requiso-estudiantes-pico-la-unlpam-salio-repudiarlo\\\/\"},\"wordCount\":382,\"publisher\":{\"@id\":\"https:\\\/\\\/diariotextual.com\\\/inicio\\\/#organization\"},\"image\":{\"@id\":\"https:\\\/\\\/diariotextual.com\\\/inicio\\\/index.php\\\/2019\\\/10\\\/02\\\/la-federal-requiso-estudiantes-pico-la-unlpam-salio-repudiarlo\\\/#primaryimage\"},\"thumbnailUrl\":\"https:\\\/\\\/diariotextual.com\\\/inicio\\\/wp-content\\\/uploads\\\/2019\\\/06\\\/policiafederal1.jpg\",\"articleSection\":[\"A - TEMPORALES\",\"SOCIEDAD\"],\"inLanguage\":\"es\"},{\"@type\":\"WebPage\",\"@id\":\"https:\\\/\\\/diariotextual.com\\\/inicio\\\/index.php\\\/2019\\\/10\\\/02\\\/la-federal-requiso-estudiantes-pico-la-unlpam-salio-repudiarlo\\\/\",\"url\":\"https:\\\/\\\/diariotextual.com\\\/inicio\\\/index.php\\\/2019\\\/10\\\/02\\\/la-federal-requiso-estudiantes-pico-la-unlpam-salio-repudiarlo\\\/\",\"name\":\"La Federal requis\u00f3 a estudiantes en Pico y la UNLPam sali\u00f3 a repudiarlo - Diario Textual\",\"isPartOf\":{\"@id\":\"https:\\\/\\\/diariotextual.com\\\/inicio\\\/#website\"},\"primaryImageOfPage\":{\"@id\":\"https:\\\/\\\/diariotextual.com\\\/inicio\\\/index.php\\\/2019\\\/10\\\/02\\\/la-federal-requiso-estudiantes-pico-la-unlpam-salio-repudiarlo\\\/#primaryimage\"},\"image\":{\"@id\":\"https:\\\/\\\/diariotextual.com\\\/inicio\\\/index.php\\\/2019\\\/10\\\/02\\\/la-federal-requiso-estudiantes-pico-la-unlpam-salio-repudiarlo\\\/#primaryimage\"},\"thumbnailUrl\":\"https:\\\/\\\/diariotextual.com\\\/inicio\\\/wp-content\\\/uploads\\\/2019\\\/06\\\/policiafederal1.jpg\",\"datePublished\":\"2019-10-02T17:09:47+00:00\",\"dateModified\":\"2019-10-03T13:44:48+00:00\",\"breadcrumb\":{\"@id\":\"https:\\\/\\\/diariotextual.com\\\/inicio\\\/index.php\\\/2019\\\/10\\\/02\\\/la-federal-requiso-estudiantes-pico-la-unlpam-salio-repudiarlo\\\/#breadcrumb\"},\"inLanguage\":\"es\",\"potentialAction\":[{\"@type\":\"ReadAction\",\"target\":[\"https:\\\/\\\/diariotextual.com\\\/inicio\\\/index.php\\\/2019\\\/10\\\/02\\\/la-federal-requiso-estudiantes-pico-la-unlpam-salio-repudiarlo\\\/\"]}]},{\"@type\":\"ImageObject\",\"inLanguage\":\"es\",\"@id\":\"https:\\\/\\\/diariotextual.com\\\/inicio\\\/index.php\\\/2019\\\/10\\\/02\\\/la-federal-requiso-estudiantes-pico-la-unlpam-salio-repudiarlo\\\/#primaryimage\",\"url\":\"https:\\\/\\\/diariotextual.com\\\/inicio\\\/wp-content\\\/uploads\\\/2019\\\/06\\\/policiafederal1.jpg\",\"contentUrl\":\"https:\\\/\\\/diariotextual.com\\\/inicio\\\/wp-content\\\/uploads\\\/2019\\\/06\\\/policiafederal1.jpg\",\"width\":400,\"height\":250},{\"@type\":\"BreadcrumbList\",\"@id\":\"https:\\\/\\\/diariotextual.com\\\/inicio\\\/index.php\\\/2019\\\/10\\\/02\\\/la-federal-requiso-estudiantes-pico-la-unlpam-salio-repudiarlo\\\/#breadcrumb\",\"itemListElement\":[{\"@type\":\"ListItem\",\"position\":1,\"name\":\"Portada\",\"item\":\"https:\\\/\\\/diariotextual.com\\\/inicio\\\/\"},{\"@type\":\"ListItem\",\"position\":2,\"name\":\"La Federal requis\u00f3 a estudiantes en Pico y la UNLPam sali\u00f3 a repudiarlo\"}]},{\"@type\":\"WebSite\",\"@id\":\"https:\\\/\\\/diariotextual.com\\\/inicio\\\/#website\",\"url\":\"https:\\\/\\\/diariotextual.com\\\/inicio\\\/\",\"name\":\"Diario Textual\",\"description\":\"\",\"publisher\":{\"@id\":\"https:\\\/\\\/diariotextual.com\\\/inicio\\\/#organization\"},\"potentialAction\":[{\"@type\":\"SearchAction\",\"target\":{\"@type\":\"EntryPoint\",\"urlTemplate\":\"https:\\\/\\\/diariotextual.com\\\/inicio\\\/?s={search_term_string}\"},\"query-input\":{\"@type\":\"PropertyValueSpecification\",\"valueRequired\":true,\"valueName\":\"search_term_string\"}}],\"inLanguage\":\"es\"},{\"@type\":\"Organization\",\"@id\":\"https:\\\/\\\/diariotextual.com\\\/inicio\\\/#organization\",\"name\":\"Diario Textual\",\"url\":\"https:\\\/\\\/diariotextual.com\\\/inicio\\\/\",\"logo\":{\"@type\":\"ImageObject\",\"inLanguage\":\"es\",\"@id\":\"https:\\\/\\\/diariotextual.com\\\/inicio\\\/#\\\/schema\\\/logo\\\/image\\\/\",\"url\":\"https:\\\/\\\/diariotextual.com\\\/inicio\\\/wp-content\\\/uploads\\\/2023\\\/05\\\/logotextual1.jpg\",\"contentUrl\":\"https:\\\/\\\/diariotextual.com\\\/inicio\\\/wp-content\\\/uploads\\\/2023\\\/05\\\/logotextual1.jpg\",\"width\":516,\"height\":76,\"caption\":\"Diario Textual\"},\"image\":{\"@id\":\"https:\\\/\\\/diariotextual.com\\\/inicio\\\/#\\\/schema\\\/logo\\\/image\\\/\"},\"sameAs\":[\"https:\\\/\\\/www.facebook.com\\\/eltextual\",\"https:\\\/\\\/x.com\\\/eltextual\",\"http:\\\/\\\/www.instagram.com\\\/eltextual\"]},{\"@type\":\"Person\",\"@id\":\"https:\\\/\\\/diariotextual.com\\\/inicio\\\/#\\\/schema\\\/person\\\/418fc4093c33e86ed41562db3508f958\",\"name\":\"Diario1 Diario1\",\"image\":{\"@type\":\"ImageObject\",\"inLanguage\":\"es\",\"@id\":\"https:\\\/\\\/secure.gravatar.com\\\/avatar\\\/9167d280179c85bc18be67aa7eda765854300033af4896dd779b608640f2ef7a?s=96&d=mm&r=g\",\"url\":\"https:\\\/\\\/secure.gravatar.com\\\/avatar\\\/9167d280179c85bc18be67aa7eda765854300033af4896dd779b608640f2ef7a?s=96&d=mm&r=g\",\"contentUrl\":\"https:\\\/\\\/secure.gravatar.com\\\/avatar\\\/9167d280179c85bc18be67aa7eda765854300033af4896dd779b608640f2ef7a?s=96&d=mm&r=g\",\"caption\":\"Diario1 Diario1\"},\"url\":\"https:\\\/\\\/diariotextual.com\\\/inicio\\\/index.php\\\/author\\\/diario1\\\/\"}]}<\/script>\n<!-- \/ Yoast SEO plugin. -->","yoast_head_json":{"title":"La Federal requis\u00f3 a estudiantes en Pico y la UNLPam sali\u00f3 a repudiarlo - Diario Textual","robots":{"index":"index","follow":"follow","max-snippet":"max-snippet:-1","max-image-preview":"max-image-preview:large","max-video-preview":"max-video-preview:-1"},"canonical":"https:\/\/diariotextual.com\/inicio\/index.php\/2019\/10\/02\/la-federal-requiso-estudiantes-pico-la-unlpam-salio-repudiarlo\/","og_locale":"es_ES","og_type":"article","og_title":"La Federal requis\u00f3 a estudiantes en Pico y la UNLPam sali\u00f3 a repudiarlo - Diario Textual","og_description":"La Polic\u00eda Federal volvi\u00f3 a requisar a estudiantes universitarios, sin motivos, y gener\u00f3 pol\u00e9mica. Esta vez fue en General Pico. El rector Oscar Alpa, por lo pronto, ya expres\u00f3 su&hellip;","og_url":"https:\/\/diariotextual.com\/inicio\/index.php\/2019\/10\/02\/la-federal-requiso-estudiantes-pico-la-unlpam-salio-repudiarlo\/","og_site_name":"Diario Textual","article_publisher":"https:\/\/www.facebook.com\/eltextual","article_published_time":"2019-10-02T17:09:47+00:00","article_modified_time":"2019-10-03T13:44:48+00:00","og_image":[{"width":400,"height":250,"url":"https:\/\/diariotextual.com\/inicio\/wp-content\/uploads\/2019\/06\/policiafederal1.jpg","type":"image\/jpeg"}],"author":"Diario1 Diario1","twitter_card":"summary_large_image","twitter_creator":"@eltextual","twitter_site":"@eltextual","twitter_misc":{"Escrito por":"Diario1 Diario1","Tiempo de lectura":"2 minutos"},"schema":{"@context":"https:\/\/schema.org","@graph":[{"@type":"Article","@id":"https:\/\/diariotextual.com\/inicio\/index.php\/2019\/10\/02\/la-federal-requiso-estudiantes-pico-la-unlpam-salio-repudiarlo\/#article","isPartOf":{"@id":"https:\/\/diariotextual.com\/inicio\/index.php\/2019\/10\/02\/la-federal-requiso-estudiantes-pico-la-unlpam-salio-repudiarlo\/"},"author":{"name":"Diario1 Diario1","@id":"https:\/\/diariotextual.com\/inicio\/#\/schema\/person\/418fc4093c33e86ed41562db3508f958"},"headline":"La Federal requis\u00f3 a estudiantes en Pico y la UNLPam sali\u00f3 a repudiarlo","datePublished":"2019-10-02T17:09:47+00:00","dateModified":"2019-10-03T13:44:48+00:00","mainEntityOfPage":{"@id":"https:\/\/diariotextual.com\/inicio\/index.php\/2019\/10\/02\/la-federal-requiso-estudiantes-pico-la-unlpam-salio-repudiarlo\/"},"wordCount":382,"publisher":{"@id":"https:\/\/diariotextual.com\/inicio\/#organization"},"image":{"@id":"https:\/\/diariotextual.com\/inicio\/index.php\/2019\/10\/02\/la-federal-requiso-estudiantes-pico-la-unlpam-salio-repudiarlo\/#primaryimage"},"thumbnailUrl":"https:\/\/diariotextual.com\/inicio\/wp-content\/uploads\/2019\/06\/policiafederal1.jpg","articleSection":["A - TEMPORALES","SOCIEDAD"],"inLanguage":"es"},{"@type":"WebPage","@id":"https:\/\/diariotextual.com\/inicio\/index.php\/2019\/10\/02\/la-federal-requiso-estudiantes-pico-la-unlpam-salio-repudiarlo\/","url":"https:\/\/diariotextual.com\/inicio\/index.php\/2019\/10\/02\/la-federal-requiso-estudiantes-pico-la-unlpam-salio-repudiarlo\/","name":"La Federal requis\u00f3 a estudiantes en Pico y la UNLPam sali\u00f3 a repudiarlo - Diario Textual","isPartOf":{"@id":"https:\/\/diariotextual.com\/inicio\/#website"},"primaryImageOfPage":{"@id":"https:\/\/diariotextual.com\/inicio\/index.php\/2019\/10\/02\/la-federal-requiso-estudiantes-pico-la-unlpam-salio-repudiarlo\/#primaryimage"},"image":{"@id":"https:\/\/diariotextual.com\/inicio\/index.php\/2019\/10\/02\/la-federal-requiso-estudiantes-pico-la-unlpam-salio-repudiarlo\/#primaryimage"},"thumbnailUrl":"https:\/\/diariotextual.com\/inicio\/wp-content\/uploads\/2019\/06\/policiafederal1.jpg","datePublished":"2019-10-02T17:09:47+00:00","dateModified":"2019-10-03T13:44:48+00:00","breadcrumb":{"@id":"https:\/\/diariotextual.com\/inicio\/index.php\/2019\/10\/02\/la-federal-requiso-estudiantes-pico-la-unlpam-salio-repudiarlo\/#breadcrumb"},"inLanguage":"es","potentialAction":[{"@type":"ReadAction","target":["https:\/\/diariotextual.com\/inicio\/index.php\/2019\/10\/02\/la-federal-requiso-estudiantes-pico-la-unlpam-salio-repudiarlo\/"]}]},{"@type":"ImageObject","inLanguage":"es","@id":"https:\/\/diariotextual.com\/inicio\/index.php\/2019\/10\/02\/la-federal-requiso-estudiantes-pico-la-unlpam-salio-repudiarlo\/#primaryimage","url":"https:\/\/diariotextual.com\/inicio\/wp-content\/uploads\/2019\/06\/policiafederal1.jpg","contentUrl":"https:\/\/diariotextual.com\/inicio\/wp-content\/uploads\/2019\/06\/policiafederal1.jpg","width":400,"height":250},{"@type":"BreadcrumbList","@id":"https:\/\/diariotextual.com\/inicio\/index.php\/2019\/10\/02\/la-federal-requiso-estudiantes-pico-la-unlpam-salio-repudiarlo\/#breadcrumb","itemListElement":[{"@type":"ListItem","position":1,"name":"Portada","item":"https:\/\/diariotextual.com\/inicio\/"},{"@type":"ListItem","position":2,"name":"La Federal requis\u00f3 a estudiantes en Pico y la UNLPam sali\u00f3 a repudiarlo"}]},{"@type":"WebSite","@id":"https:\/\/diariotextual.com\/inicio\/#website","url":"https:\/\/diariotextual.com\/inicio\/","name":"Diario Textual","description":"","publisher":{"@id":"https:\/\/diariotextual.com\/inicio\/#organization"},"potentialAction":[{"@type":"SearchAction","target":{"@type":"EntryPoint","urlTemplate":"https:\/\/diariotextual.com\/inicio\/?s={search_term_string}"},"query-input":{"@type":"PropertyValueSpecification","valueRequired":true,"valueName":"search_term_string"}}],"inLanguage":"es"},{"@type":"Organization","@id":"https:\/\/diariotextual.com\/inicio\/#organization","name":"Diario Textual","url":"https:\/\/diariotextual.com\/inicio\/","logo":{"@type":"ImageObject","inLanguage":"es","@id":"https:\/\/diariotextual.com\/inicio\/#\/schema\/logo\/image\/","url":"https:\/\/diariotextual.com\/inicio\/wp-content\/uploads\/2023\/05\/logotextual1.jpg","contentUrl":"https:\/\/diariotextual.com\/inicio\/wp-content\/uploads\/2023\/05\/logotextual1.jpg","width":516,"height":76,"caption":"Diario Textual"},"image":{"@id":"https:\/\/diariotextual.com\/inicio\/#\/schema\/logo\/image\/"},"sameAs":["https:\/\/www.facebook.com\/eltextual","https:\/\/x.com\/eltextual","http:\/\/www.instagram.com\/eltextual"]},{"@type":"Person","@id":"https:\/\/diariotextual.com\/inicio\/#\/schema\/person\/418fc4093c33e86ed41562db3508f958","name":"Diario1 Diario1","image":{"@type":"ImageObject","inLanguage":"es","@id":"https:\/\/secure.gravatar.com\/avatar\/9167d280179c85bc18be67aa7eda765854300033af4896dd779b608640f2ef7a?s=96&d=mm&r=g","url":"https:\/\/secure.gravatar.com\/avatar\/9167d280179c85bc18be67aa7eda765854300033af4896dd779b608640f2ef7a?s=96&d=mm&r=g","contentUrl":"https:\/\/secure.gravatar.com\/avatar\/9167d280179c85bc18be67aa7eda765854300033af4896dd779b608640f2ef7a?s=96&d=mm&r=g","caption":"Diario1 Diario1"},"url":"https:\/\/diariotextual.com\/inicio\/index.php\/author\/diario1\/"}]}},"_links":{"self":[{"href":"https:\/\/diariotextual.com\/inicio\/index.php\/wp-json\/wp\/v2\/posts\/64606","targetHints":{"allow":["GET"]}}],"collection":[{"href":"https:\/\/diariotextual.com\/inicio\/index.php\/wp-json\/wp\/v2\/posts"}],"about":[{"href":"https:\/\/diariotextual.com\/inicio\/index.php\/wp-json\/wp\/v2\/types\/post"}],"author":[{"embeddable":true,"href":"https:\/\/diariotextual.com\/inicio\/index.php\/wp-json\/wp\/v2\/users\/3"}],"replies":[{"embeddable":true,"href":"https:\/\/diariotextual.com\/inicio\/index.php\/wp-json\/wp\/v2\/comments?post=64606"}],"version-history":[{"count":5,"href":"https:\/\/diariotextual.com\/inicio\/index.php\/wp-json\/wp\/v2\/posts\/64606\/revisions"}],"predecessor-version":[{"id":64611,"href":"https:\/\/diariotextual.com\/inicio\/index.php\/wp-json\/wp\/v2\/posts\/64606\/revisions\/64611"}],"wp:featuredmedia":[{"embeddable":true,"href":"https:\/\/diariotextual.com\/inicio\/index.php\/wp-json\/wp\/v2\/media\/51936"}],"wp:attachment":[{"href":"https:\/\/diariotextual.com\/inicio\/index.php\/wp-json\/wp\/v2\/media?parent=64606"}],"wp:term":[{"taxonomy":"category","embeddable":true,"href":"https:\/\/diariotextual.com\/inicio\/index.php\/wp-json\/wp\/v2\/categories?post=64606"},{"taxonomy":"post_tag","embeddable":true,"href":"https:\/\/diariotextual.com\/inicio\/index.php\/wp-json\/wp\/v2\/tags?post=64606"}],"curies":[{"name":"wp","href":"https:\/\/api.w.org\/{rel}","templated":true}]}}