{"id":64635,"date":"2019-10-02T17:38:36","date_gmt":"2019-10-02T20:38:36","guid":{"rendered":"http:\/\/diariotextual.com\/inicio\/?p=64635"},"modified":"2019-10-02T17:41:20","modified_gmt":"2019-10-02T20:41:20","slug":"solana-firmo-compromiso-llevar-leyes-progresistas-al-congreso","status":"publish","type":"post","link":"https:\/\/diariotextual.com\/inicio\/index.php\/2019\/10\/02\/solana-firmo-compromiso-llevar-leyes-progresistas-al-congreso\/","title":{"rendered":"Solana firm\u00f3 compromiso para llevar leyes progresistas al Congreso"},"content":{"rendered":"<p style=\"font-weight: 400;\">El candidato a diputado nacional por Consenso Federal, <strong>Luis Solana<\/strong>, firm\u00f3 junto a otros candidatos del socialismo que integran el espacio de Roberto Lavagna, un Compromiso Progresista,\u00a0\u00a0conformado por una plataforma de medidas que van a impulsar desde el Congreso Nacional.<\/p>\n<p style=\"font-weight: 400;\">El acto se realiz\u00f3 el martes en la sede porte\u00f1a del Centro de Estudios Municipales y Provinciales (CEMUPRO) de Buenos Aires y firmaron adem\u00e1s de Solana, los candidatos a diputado nacional Jorge Illa (Provincia de Buenos Aires), Enrique Est\u00e9vez (Santa Fe) y Juan Manuel Rossi (Entre R\u00edos), todos en Consenso Federal.\u00a0\u00a0Los mismos suscribieron una serie de iniciativas dise\u00f1adas por el Centro de Estudios Municipales y Provinciales (CEMUPRO) y que se plantea como la agenda que viene en el Congreso en materia de Derechos y Calidad Institucional.<\/p>\n<p style=\"font-weight: 400;\">Al respecto, los candidatos socialistas consideran que desde el progresismo existe una agenda vacante para trabajar en el pr\u00f3ximo Congreso Nacional\u00a0\u00a0para discutir no solo temas de coyuntura si no tambi\u00e9n problemas fundamentales\u00a0\u00a0que hacen a las y los argentinos, con una fuerte perspectiva social.<\/p>\n<p><img fetchpriority=\"high\" decoding=\"async\" class=\"alignnone wp-image-64637 size-large\" src=\"http:\/\/diariotextual.com\/inicio\/wp-content\/uploads\/2019\/10\/cemuprosolana2019-1-1024x606.jpg\" alt=\"\" width=\"1024\" height=\"606\" srcset=\"https:\/\/diariotextual.com\/inicio\/wp-content\/uploads\/2019\/10\/cemuprosolana2019-1-1024x606.jpg 1024w, https:\/\/diariotextual.com\/inicio\/wp-content\/uploads\/2019\/10\/cemuprosolana2019-1-300x178.jpg 300w, https:\/\/diariotextual.com\/inicio\/wp-content\/uploads\/2019\/10\/cemuprosolana2019-1-768x454.jpg 768w, https:\/\/diariotextual.com\/inicio\/wp-content\/uploads\/2019\/10\/cemuprosolana2019-1-1170x692.jpg 1170w, https:\/\/diariotextual.com\/inicio\/wp-content\/uploads\/2019\/10\/cemuprosolana2019-1-585x346.jpg 585w, https:\/\/diariotextual.com\/inicio\/wp-content\/uploads\/2019\/10\/cemuprosolana2019-1.jpg 1200w\" sizes=\"(max-width: 1024px) 100vw, 1024px\" \/><\/p>\n<p style=\"font-weight: 400;\">El Compromiso Progresista sostiene la necesidad de debatir el cuidado de las personas y el acceso a los medicamentos esenciales. En este sentido, Enrique Est\u00e9vez, afirm\u00f3: \u201cActualmente solo tenemos una ley de medicamentos dictada que no se encuentra ni reglamentada ni impulsada por el gobierno nacional. Como plante\u00f3 nuestro candidato a Presidente, Roberto Lavagna, los medicamentos est\u00e1n en emergencia y desde Consenso Federal proponemos la emergencia sanitaria. El Estado puede dar grandes pasos produciendo medicamentos esenciales como lo venimos haciendo hace varios a\u00f1os en la provincia de Santa Fe y en la ciudad de Rosario. Esto se podr\u00eda articular con universidades e institutos cient\u00edficos. Es momento de garantizarle a las y los argentinos medicamentos para que ninguna persona muera por enfermedades curables a lo largo y ancho de nuestro pa\u00eds\u201d.<\/p>\n<p style=\"font-weight: 400;\">Otro tema que aborda el compromiso firmado es la transparencia en la gesti\u00f3n p\u00fablica para eliminar la corrupci\u00f3n. Solana coment\u00f3 al respecto: \u201cLa argentina que viene solo tendr\u00e1 futuro si asumimos compromisos \u00e9ticos claros. Queremos ir al Congreso a discutir c\u00f3mo se va a controlar al gobierno que se est\u00e1 yendo y al que vendr\u00e1. Proponemos redise\u00f1ar la fallida Oficina Anti-Corrupci\u00f3n en\u00a0\u00a0la creaci\u00f3n de una Oficina de Transparencia en la Funci\u00f3n P\u00fablica con autonom\u00eda e independencia\u201d.<\/p>\n<p>&nbsp;<\/p>\n<p>&nbsp;<\/p>\n","protected":false},"excerpt":{"rendered":"<p>El candidato a diputado nacional por Consenso Federal, Luis Solana, firm\u00f3 junto a otros candidatos del socialismo que integran el espacio de Roberto Lavagna, un Compromiso Progresista,\u00a0\u00a0conformado por una plataforma&hellip;<\/p>\n","protected":false},"author":3,"featured_media":64638,"comment_status":"closed","ping_status":"open","sticky":false,"template":"","format":"standard","meta":{"_acf_changed":false,"footnotes":""},"categories":[11,319,8],"tags":[],"class_list":["post-64635","post","type-post","status-publish","format-standard","has-post-thumbnail","hentry","category-que-pasa","category-a-temporales","category-politica"],"acf":[],"yoast_head":"<!-- This site is optimized with the Yoast SEO plugin v27.5 - https:\/\/yoast.com\/product\/yoast-seo-wordpress\/ -->\n<title>Solana firm\u00f3 compromiso para llevar leyes progresistas al Congreso - Diario Textual<\/title>\n<meta name=\"robots\" content=\"index, follow, max-snippet:-1, max-image-preview:large, max-video-preview:-1\" \/>\n<link rel=\"canonical\" href=\"https:\/\/diariotextual.com\/inicio\/index.php\/2019\/10\/02\/solana-firmo-compromiso-llevar-leyes-progresistas-al-congreso\/\" \/>\n<meta property=\"og:locale\" content=\"es_ES\" \/>\n<meta property=\"og:type\" content=\"article\" \/>\n<meta property=\"og:title\" content=\"Solana firm\u00f3 compromiso para llevar leyes progresistas al Congreso - Diario Textual\" \/>\n<meta property=\"og:description\" content=\"El candidato a diputado nacional por Consenso Federal, Luis Solana, firm\u00f3 junto a otros candidatos del socialismo que integran el espacio de Roberto Lavagna, un Compromiso Progresista,\u00a0\u00a0conformado por una plataforma&hellip;\" \/>\n<meta property=\"og:url\" content=\"https:\/\/diariotextual.com\/inicio\/index.php\/2019\/10\/02\/solana-firmo-compromiso-llevar-leyes-progresistas-al-congreso\/\" \/>\n<meta property=\"og:site_name\" content=\"Diario Textual\" \/>\n<meta property=\"article:publisher\" content=\"https:\/\/www.facebook.com\/eltextual\" \/>\n<meta property=\"article:published_time\" content=\"2019-10-02T20:38:36+00:00\" \/>\n<meta property=\"article:modified_time\" content=\"2019-10-02T20:41:20+00:00\" \/>\n<meta property=\"og:image\" content=\"https:\/\/diariotextual.com\/inicio\/wp-content\/uploads\/2019\/10\/cemuprosolana2019-2.jpg\" \/>\n\t<meta property=\"og:image:width\" content=\"1200\" \/>\n\t<meta property=\"og:image:height\" content=\"806\" \/>\n\t<meta property=\"og:image:type\" content=\"image\/jpeg\" \/>\n<meta name=\"author\" content=\"Diario1 Diario1\" \/>\n<meta name=\"twitter:card\" content=\"summary_large_image\" \/>\n<meta name=\"twitter:creator\" content=\"@eltextual\" \/>\n<meta name=\"twitter:site\" content=\"@eltextual\" \/>\n<meta name=\"twitter:label1\" content=\"Escrito por\" \/>\n\t<meta name=\"twitter:data1\" content=\"Diario1 Diario1\" \/>\n\t<meta name=\"twitter:label2\" content=\"Tiempo de lectura\" \/>\n\t<meta name=\"twitter:data2\" content=\"2 minutos\" \/>\n<script type=\"application\/ld+json\" class=\"yoast-schema-graph\">{\"@context\":\"https:\\\/\\\/schema.org\",\"@graph\":[{\"@type\":\"Article\",\"@id\":\"https:\\\/\\\/diariotextual.com\\\/inicio\\\/index.php\\\/2019\\\/10\\\/02\\\/solana-firmo-compromiso-llevar-leyes-progresistas-al-congreso\\\/#article\",\"isPartOf\":{\"@id\":\"https:\\\/\\\/diariotextual.com\\\/inicio\\\/index.php\\\/2019\\\/10\\\/02\\\/solana-firmo-compromiso-llevar-leyes-progresistas-al-congreso\\\/\"},\"author\":{\"name\":\"Diario1 Diario1\",\"@id\":\"https:\\\/\\\/diariotextual.com\\\/inicio\\\/#\\\/schema\\\/person\\\/418fc4093c33e86ed41562db3508f958\"},\"headline\":\"Solana firm\u00f3 compromiso para llevar leyes progresistas al Congreso\",\"datePublished\":\"2019-10-02T20:38:36+00:00\",\"dateModified\":\"2019-10-02T20:41:20+00:00\",\"mainEntityOfPage\":{\"@id\":\"https:\\\/\\\/diariotextual.com\\\/inicio\\\/index.php\\\/2019\\\/10\\\/02\\\/solana-firmo-compromiso-llevar-leyes-progresistas-al-congreso\\\/\"},\"wordCount\":414,\"publisher\":{\"@id\":\"https:\\\/\\\/diariotextual.com\\\/inicio\\\/#organization\"},\"image\":{\"@id\":\"https:\\\/\\\/diariotextual.com\\\/inicio\\\/index.php\\\/2019\\\/10\\\/02\\\/solana-firmo-compromiso-llevar-leyes-progresistas-al-congreso\\\/#primaryimage\"},\"thumbnailUrl\":\"https:\\\/\\\/diariotextual.com\\\/inicio\\\/wp-content\\\/uploads\\\/2019\\\/10\\\/cemuprosolana2019-2.jpg\",\"articleSection\":[\"A - QUE PASA (al costado)\",\"A - TEMPORALES\",\"POLITICA\"],\"inLanguage\":\"es\"},{\"@type\":\"WebPage\",\"@id\":\"https:\\\/\\\/diariotextual.com\\\/inicio\\\/index.php\\\/2019\\\/10\\\/02\\\/solana-firmo-compromiso-llevar-leyes-progresistas-al-congreso\\\/\",\"url\":\"https:\\\/\\\/diariotextual.com\\\/inicio\\\/index.php\\\/2019\\\/10\\\/02\\\/solana-firmo-compromiso-llevar-leyes-progresistas-al-congreso\\\/\",\"name\":\"Solana firm\u00f3 compromiso para llevar leyes progresistas al Congreso - Diario Textual\",\"isPartOf\":{\"@id\":\"https:\\\/\\\/diariotextual.com\\\/inicio\\\/#website\"},\"primaryImageOfPage\":{\"@id\":\"https:\\\/\\\/diariotextual.com\\\/inicio\\\/index.php\\\/2019\\\/10\\\/02\\\/solana-firmo-compromiso-llevar-leyes-progresistas-al-congreso\\\/#primaryimage\"},\"image\":{\"@id\":\"https:\\\/\\\/diariotextual.com\\\/inicio\\\/index.php\\\/2019\\\/10\\\/02\\\/solana-firmo-compromiso-llevar-leyes-progresistas-al-congreso\\\/#primaryimage\"},\"thumbnailUrl\":\"https:\\\/\\\/diariotextual.com\\\/inicio\\\/wp-content\\\/uploads\\\/2019\\\/10\\\/cemuprosolana2019-2.jpg\",\"datePublished\":\"2019-10-02T20:38:36+00:00\",\"dateModified\":\"2019-10-02T20:41:20+00:00\",\"breadcrumb\":{\"@id\":\"https:\\\/\\\/diariotextual.com\\\/inicio\\\/index.php\\\/2019\\\/10\\\/02\\\/solana-firmo-compromiso-llevar-leyes-progresistas-al-congreso\\\/#breadcrumb\"},\"inLanguage\":\"es\",\"potentialAction\":[{\"@type\":\"ReadAction\",\"target\":[\"https:\\\/\\\/diariotextual.com\\\/inicio\\\/index.php\\\/2019\\\/10\\\/02\\\/solana-firmo-compromiso-llevar-leyes-progresistas-al-congreso\\\/\"]}]},{\"@type\":\"ImageObject\",\"inLanguage\":\"es\",\"@id\":\"https:\\\/\\\/diariotextual.com\\\/inicio\\\/index.php\\\/2019\\\/10\\\/02\\\/solana-firmo-compromiso-llevar-leyes-progresistas-al-congreso\\\/#primaryimage\",\"url\":\"https:\\\/\\\/diariotextual.com\\\/inicio\\\/wp-content\\\/uploads\\\/2019\\\/10\\\/cemuprosolana2019-2.jpg\",\"contentUrl\":\"https:\\\/\\\/diariotextual.com\\\/inicio\\\/wp-content\\\/uploads\\\/2019\\\/10\\\/cemuprosolana2019-2.jpg\",\"width\":1200,\"height\":806},{\"@type\":\"BreadcrumbList\",\"@id\":\"https:\\\/\\\/diariotextual.com\\\/inicio\\\/index.php\\\/2019\\\/10\\\/02\\\/solana-firmo-compromiso-llevar-leyes-progresistas-al-congreso\\\/#breadcrumb\",\"itemListElement\":[{\"@type\":\"ListItem\",\"position\":1,\"name\":\"Portada\",\"item\":\"https:\\\/\\\/diariotextual.com\\\/inicio\\\/\"},{\"@type\":\"ListItem\",\"position\":2,\"name\":\"Solana firm\u00f3 compromiso para llevar leyes progresistas al Congreso\"}]},{\"@type\":\"WebSite\",\"@id\":\"https:\\\/\\\/diariotextual.com\\\/inicio\\\/#website\",\"url\":\"https:\\\/\\\/diariotextual.com\\\/inicio\\\/\",\"name\":\"Diario Textual\",\"description\":\"\",\"publisher\":{\"@id\":\"https:\\\/\\\/diariotextual.com\\\/inicio\\\/#organization\"},\"potentialAction\":[{\"@type\":\"SearchAction\",\"target\":{\"@type\":\"EntryPoint\",\"urlTemplate\":\"https:\\\/\\\/diariotextual.com\\\/inicio\\\/?s={search_term_string}\"},\"query-input\":{\"@type\":\"PropertyValueSpecification\",\"valueRequired\":true,\"valueName\":\"search_term_string\"}}],\"inLanguage\":\"es\"},{\"@type\":\"Organization\",\"@id\":\"https:\\\/\\\/diariotextual.com\\\/inicio\\\/#organization\",\"name\":\"Diario Textual\",\"url\":\"https:\\\/\\\/diariotextual.com\\\/inicio\\\/\",\"logo\":{\"@type\":\"ImageObject\",\"inLanguage\":\"es\",\"@id\":\"https:\\\/\\\/diariotextual.com\\\/inicio\\\/#\\\/schema\\\/logo\\\/image\\\/\",\"url\":\"https:\\\/\\\/diariotextual.com\\\/inicio\\\/wp-content\\\/uploads\\\/2023\\\/05\\\/logotextual1.jpg\",\"contentUrl\":\"https:\\\/\\\/diariotextual.com\\\/inicio\\\/wp-content\\\/uploads\\\/2023\\\/05\\\/logotextual1.jpg\",\"width\":516,\"height\":76,\"caption\":\"Diario Textual\"},\"image\":{\"@id\":\"https:\\\/\\\/diariotextual.com\\\/inicio\\\/#\\\/schema\\\/logo\\\/image\\\/\"},\"sameAs\":[\"https:\\\/\\\/www.facebook.com\\\/eltextual\",\"https:\\\/\\\/x.com\\\/eltextual\",\"http:\\\/\\\/www.instagram.com\\\/eltextual\"]},{\"@type\":\"Person\",\"@id\":\"https:\\\/\\\/diariotextual.com\\\/inicio\\\/#\\\/schema\\\/person\\\/418fc4093c33e86ed41562db3508f958\",\"name\":\"Diario1 Diario1\",\"image\":{\"@type\":\"ImageObject\",\"inLanguage\":\"es\",\"@id\":\"https:\\\/\\\/secure.gravatar.com\\\/avatar\\\/9167d280179c85bc18be67aa7eda765854300033af4896dd779b608640f2ef7a?s=96&d=mm&r=g\",\"url\":\"https:\\\/\\\/secure.gravatar.com\\\/avatar\\\/9167d280179c85bc18be67aa7eda765854300033af4896dd779b608640f2ef7a?s=96&d=mm&r=g\",\"contentUrl\":\"https:\\\/\\\/secure.gravatar.com\\\/avatar\\\/9167d280179c85bc18be67aa7eda765854300033af4896dd779b608640f2ef7a?s=96&d=mm&r=g\",\"caption\":\"Diario1 Diario1\"},\"url\":\"https:\\\/\\\/diariotextual.com\\\/inicio\\\/index.php\\\/author\\\/diario1\\\/\"}]}<\/script>\n<!-- \/ Yoast SEO plugin. -->","yoast_head_json":{"title":"Solana firm\u00f3 compromiso para llevar leyes progresistas al Congreso - Diario Textual","robots":{"index":"index","follow":"follow","max-snippet":"max-snippet:-1","max-image-preview":"max-image-preview:large","max-video-preview":"max-video-preview:-1"},"canonical":"https:\/\/diariotextual.com\/inicio\/index.php\/2019\/10\/02\/solana-firmo-compromiso-llevar-leyes-progresistas-al-congreso\/","og_locale":"es_ES","og_type":"article","og_title":"Solana firm\u00f3 compromiso para llevar leyes progresistas al Congreso - Diario Textual","og_description":"El candidato a diputado nacional por Consenso Federal, Luis Solana, firm\u00f3 junto a otros candidatos del socialismo que integran el espacio de Roberto Lavagna, un Compromiso Progresista,\u00a0\u00a0conformado por una plataforma&hellip;","og_url":"https:\/\/diariotextual.com\/inicio\/index.php\/2019\/10\/02\/solana-firmo-compromiso-llevar-leyes-progresistas-al-congreso\/","og_site_name":"Diario Textual","article_publisher":"https:\/\/www.facebook.com\/eltextual","article_published_time":"2019-10-02T20:38:36+00:00","article_modified_time":"2019-10-02T20:41:20+00:00","og_image":[{"width":1200,"height":806,"url":"https:\/\/diariotextual.com\/inicio\/wp-content\/uploads\/2019\/10\/cemuprosolana2019-2.jpg","type":"image\/jpeg"}],"author":"Diario1 Diario1","twitter_card":"summary_large_image","twitter_creator":"@eltextual","twitter_site":"@eltextual","twitter_misc":{"Escrito por":"Diario1 Diario1","Tiempo de lectura":"2 minutos"},"schema":{"@context":"https:\/\/schema.org","@graph":[{"@type":"Article","@id":"https:\/\/diariotextual.com\/inicio\/index.php\/2019\/10\/02\/solana-firmo-compromiso-llevar-leyes-progresistas-al-congreso\/#article","isPartOf":{"@id":"https:\/\/diariotextual.com\/inicio\/index.php\/2019\/10\/02\/solana-firmo-compromiso-llevar-leyes-progresistas-al-congreso\/"},"author":{"name":"Diario1 Diario1","@id":"https:\/\/diariotextual.com\/inicio\/#\/schema\/person\/418fc4093c33e86ed41562db3508f958"},"headline":"Solana firm\u00f3 compromiso para llevar leyes progresistas al Congreso","datePublished":"2019-10-02T20:38:36+00:00","dateModified":"2019-10-02T20:41:20+00:00","mainEntityOfPage":{"@id":"https:\/\/diariotextual.com\/inicio\/index.php\/2019\/10\/02\/solana-firmo-compromiso-llevar-leyes-progresistas-al-congreso\/"},"wordCount":414,"publisher":{"@id":"https:\/\/diariotextual.com\/inicio\/#organization"},"image":{"@id":"https:\/\/diariotextual.com\/inicio\/index.php\/2019\/10\/02\/solana-firmo-compromiso-llevar-leyes-progresistas-al-congreso\/#primaryimage"},"thumbnailUrl":"https:\/\/diariotextual.com\/inicio\/wp-content\/uploads\/2019\/10\/cemuprosolana2019-2.jpg","articleSection":["A - QUE PASA (al costado)","A - TEMPORALES","POLITICA"],"inLanguage":"es"},{"@type":"WebPage","@id":"https:\/\/diariotextual.com\/inicio\/index.php\/2019\/10\/02\/solana-firmo-compromiso-llevar-leyes-progresistas-al-congreso\/","url":"https:\/\/diariotextual.com\/inicio\/index.php\/2019\/10\/02\/solana-firmo-compromiso-llevar-leyes-progresistas-al-congreso\/","name":"Solana firm\u00f3 compromiso para llevar leyes progresistas al Congreso - Diario Textual","isPartOf":{"@id":"https:\/\/diariotextual.com\/inicio\/#website"},"primaryImageOfPage":{"@id":"https:\/\/diariotextual.com\/inicio\/index.php\/2019\/10\/02\/solana-firmo-compromiso-llevar-leyes-progresistas-al-congreso\/#primaryimage"},"image":{"@id":"https:\/\/diariotextual.com\/inicio\/index.php\/2019\/10\/02\/solana-firmo-compromiso-llevar-leyes-progresistas-al-congreso\/#primaryimage"},"thumbnailUrl":"https:\/\/diariotextual.com\/inicio\/wp-content\/uploads\/2019\/10\/cemuprosolana2019-2.jpg","datePublished":"2019-10-02T20:38:36+00:00","dateModified":"2019-10-02T20:41:20+00:00","breadcrumb":{"@id":"https:\/\/diariotextual.com\/inicio\/index.php\/2019\/10\/02\/solana-firmo-compromiso-llevar-leyes-progresistas-al-congreso\/#breadcrumb"},"inLanguage":"es","potentialAction":[{"@type":"ReadAction","target":["https:\/\/diariotextual.com\/inicio\/index.php\/2019\/10\/02\/solana-firmo-compromiso-llevar-leyes-progresistas-al-congreso\/"]}]},{"@type":"ImageObject","inLanguage":"es","@id":"https:\/\/diariotextual.com\/inicio\/index.php\/2019\/10\/02\/solana-firmo-compromiso-llevar-leyes-progresistas-al-congreso\/#primaryimage","url":"https:\/\/diariotextual.com\/inicio\/wp-content\/uploads\/2019\/10\/cemuprosolana2019-2.jpg","contentUrl":"https:\/\/diariotextual.com\/inicio\/wp-content\/uploads\/2019\/10\/cemuprosolana2019-2.jpg","width":1200,"height":806},{"@type":"BreadcrumbList","@id":"https:\/\/diariotextual.com\/inicio\/index.php\/2019\/10\/02\/solana-firmo-compromiso-llevar-leyes-progresistas-al-congreso\/#breadcrumb","itemListElement":[{"@type":"ListItem","position":1,"name":"Portada","item":"https:\/\/diariotextual.com\/inicio\/"},{"@type":"ListItem","position":2,"name":"Solana firm\u00f3 compromiso para llevar leyes progresistas al Congreso"}]},{"@type":"WebSite","@id":"https:\/\/diariotextual.com\/inicio\/#website","url":"https:\/\/diariotextual.com\/inicio\/","name":"Diario Textual","description":"","publisher":{"@id":"https:\/\/diariotextual.com\/inicio\/#organization"},"potentialAction":[{"@type":"SearchAction","target":{"@type":"EntryPoint","urlTemplate":"https:\/\/diariotextual.com\/inicio\/?s={search_term_string}"},"query-input":{"@type":"PropertyValueSpecification","valueRequired":true,"valueName":"search_term_string"}}],"inLanguage":"es"},{"@type":"Organization","@id":"https:\/\/diariotextual.com\/inicio\/#organization","name":"Diario Textual","url":"https:\/\/diariotextual.com\/inicio\/","logo":{"@type":"ImageObject","inLanguage":"es","@id":"https:\/\/diariotextual.com\/inicio\/#\/schema\/logo\/image\/","url":"https:\/\/diariotextual.com\/inicio\/wp-content\/uploads\/2023\/05\/logotextual1.jpg","contentUrl":"https:\/\/diariotextual.com\/inicio\/wp-content\/uploads\/2023\/05\/logotextual1.jpg","width":516,"height":76,"caption":"Diario Textual"},"image":{"@id":"https:\/\/diariotextual.com\/inicio\/#\/schema\/logo\/image\/"},"sameAs":["https:\/\/www.facebook.com\/eltextual","https:\/\/x.com\/eltextual","http:\/\/www.instagram.com\/eltextual"]},{"@type":"Person","@id":"https:\/\/diariotextual.com\/inicio\/#\/schema\/person\/418fc4093c33e86ed41562db3508f958","name":"Diario1 Diario1","image":{"@type":"ImageObject","inLanguage":"es","@id":"https:\/\/secure.gravatar.com\/avatar\/9167d280179c85bc18be67aa7eda765854300033af4896dd779b608640f2ef7a?s=96&d=mm&r=g","url":"https:\/\/secure.gravatar.com\/avatar\/9167d280179c85bc18be67aa7eda765854300033af4896dd779b608640f2ef7a?s=96&d=mm&r=g","contentUrl":"https:\/\/secure.gravatar.com\/avatar\/9167d280179c85bc18be67aa7eda765854300033af4896dd779b608640f2ef7a?s=96&d=mm&r=g","caption":"Diario1 Diario1"},"url":"https:\/\/diariotextual.com\/inicio\/index.php\/author\/diario1\/"}]}},"_links":{"self":[{"href":"https:\/\/diariotextual.com\/inicio\/index.php\/wp-json\/wp\/v2\/posts\/64635","targetHints":{"allow":["GET"]}}],"collection":[{"href":"https:\/\/diariotextual.com\/inicio\/index.php\/wp-json\/wp\/v2\/posts"}],"about":[{"href":"https:\/\/diariotextual.com\/inicio\/index.php\/wp-json\/wp\/v2\/types\/post"}],"author":[{"embeddable":true,"href":"https:\/\/diariotextual.com\/inicio\/index.php\/wp-json\/wp\/v2\/users\/3"}],"replies":[{"embeddable":true,"href":"https:\/\/diariotextual.com\/inicio\/index.php\/wp-json\/wp\/v2\/comments?post=64635"}],"version-history":[{"count":2,"href":"https:\/\/diariotextual.com\/inicio\/index.php\/wp-json\/wp\/v2\/posts\/64635\/revisions"}],"predecessor-version":[{"id":64639,"href":"https:\/\/diariotextual.com\/inicio\/index.php\/wp-json\/wp\/v2\/posts\/64635\/revisions\/64639"}],"wp:featuredmedia":[{"embeddable":true,"href":"https:\/\/diariotextual.com\/inicio\/index.php\/wp-json\/wp\/v2\/media\/64638"}],"wp:attachment":[{"href":"https:\/\/diariotextual.com\/inicio\/index.php\/wp-json\/wp\/v2\/media?parent=64635"}],"wp:term":[{"taxonomy":"category","embeddable":true,"href":"https:\/\/diariotextual.com\/inicio\/index.php\/wp-json\/wp\/v2\/categories?post=64635"},{"taxonomy":"post_tag","embeddable":true,"href":"https:\/\/diariotextual.com\/inicio\/index.php\/wp-json\/wp\/v2\/tags?post=64635"}],"curies":[{"name":"wp","href":"https:\/\/api.w.org\/{rel}","templated":true}]}}