{"id":64660,"date":"2019-10-03T06:50:42","date_gmt":"2019-10-03T09:50:42","guid":{"rendered":"http:\/\/diariotextual.com\/inicio\/?p=64660"},"modified":"2019-10-03T18:16:14","modified_gmt":"2019-10-03T21:16:14","slug":"se-retoma-la-busqueda-los-pescadores-desaparecidos-casa-piedra","status":"publish","type":"post","link":"https:\/\/diariotextual.com\/inicio\/index.php\/2019\/10\/03\/se-retoma-la-busqueda-los-pescadores-desaparecidos-casa-piedra\/","title":{"rendered":"El cuerpo hallado en Casa de Piedra es el de un polic\u00eda retirado de La Pampa"},"content":{"rendered":"<p>Prefectura Naval, polic\u00edas rionegrinos y pampeanos, bomberos y vecinos retoman este martes la b\u00fasqueda de los pescadores desaparecidos cuando fueron a pescar al lago Casa de Piedra. Ayer hallaron un cuerpo: hoy confirmaron que se trata de<strong>\u00a0Eduardo An\u00edbal Aranguez<\/strong> -un suboficial retirado de la Polic\u00eda pampeana, de 52 a\u00f1os de edad-. Permanecen desaparecidos su hijo <strong>Dar\u00edo Aranguez<\/strong> y su sobrino <strong>Mois\u00e9s Dur\u00e1n<\/strong>.<\/p>\n<p>Seg\u00fan contaron sus familiares, salieron en camioneta desde Catriel el domingo y concurrieron a la zona del lago conocido como Sargento Oc\u00f3n, del lado rionegrino.<\/p>\n<p><strong>Se estima que alrededor de las 11 del lunes se subieron al bote.<\/strong>\u00a0Sin embargo, desde la tarde no tuvieron m\u00e1s contacto con sus familias.<\/p>\n<p>Avisaron que iban a regresar el martes a la tarde, para ver el supercl\u00e1sico de River y Boca. Pero no volvieron, por\u00a0 lo que los familiares hicieron la denuncia en la Polic\u00eda.<\/p>\n<p>En la tarde de este lunes, fue hallado un cuerpo en jurisdicci\u00f3n de La Pampa.\u00a0\u00abHasta el momento fue hallado un cuerpo\u00bb, dijo el comisario Juan Mercado, jefe de la Unidad Regional IV, en la tarde de este mi\u00e9rcoles a Diario Textual. No se inform\u00f3 a\u00fan qui\u00e9n de los tres es.<\/p>\n<p><strong>El lunes por la tarde hubo fuertes r\u00e1fagas de viento en la zona, por lo que una de las hip\u00f3tesis es que pudo haber volcado o averiado la embarcaci\u00f3n.<\/strong><\/p>\n<p>&nbsp;<\/p>\n<p>&nbsp;<\/p>\n","protected":false},"excerpt":{"rendered":"<p>Prefectura Naval, polic\u00edas rionegrinos y pampeanos, bomberos y vecinos retoman este martes la b\u00fasqueda de los pescadores desaparecidos cuando fueron a pescar al lago Casa de Piedra. Ayer hallaron un&hellip;<\/p>\n","protected":false},"author":3,"featured_media":64699,"comment_status":"closed","ping_status":"open","sticky":false,"template":"","format":"standard","meta":{"_acf_changed":false,"footnotes":""},"categories":[12],"tags":[],"class_list":["post-64660","post","type-post","status-publish","format-standard","has-post-thumbnail","hentry","category-sociedad"],"acf":[],"yoast_head":"<!-- This site is optimized with the Yoast SEO plugin v27.5 - https:\/\/yoast.com\/product\/yoast-seo-wordpress\/ -->\n<title>El cuerpo hallado en Casa de Piedra es el de un polic\u00eda retirado de La Pampa<\/title>\n<meta name=\"robots\" content=\"index, follow, max-snippet:-1, max-image-preview:large, max-video-preview:-1\" \/>\n<link rel=\"canonical\" href=\"https:\/\/diariotextual.com\/inicio\/index.php\/2019\/10\/03\/se-retoma-la-busqueda-los-pescadores-desaparecidos-casa-piedra\/\" \/>\n<meta property=\"og:locale\" content=\"es_ES\" \/>\n<meta property=\"og:type\" content=\"article\" \/>\n<meta property=\"og:title\" content=\"El cuerpo hallado en Casa de Piedra es el de un polic\u00eda retirado de La Pampa\" \/>\n<meta property=\"og:description\" content=\"Prefectura Naval, polic\u00edas rionegrinos y pampeanos, bomberos y vecinos retoman este martes la b\u00fasqueda de los pescadores desaparecidos cuando fueron a pescar al lago Casa de Piedra. Ayer hallaron un&hellip;\" \/>\n<meta property=\"og:url\" content=\"https:\/\/diariotextual.com\/inicio\/index.php\/2019\/10\/03\/se-retoma-la-busqueda-los-pescadores-desaparecidos-casa-piedra\/\" \/>\n<meta property=\"og:site_name\" content=\"Diario Textual\" \/>\n<meta property=\"article:publisher\" content=\"https:\/\/www.facebook.com\/eltextual\" \/>\n<meta property=\"article:published_time\" content=\"2019-10-03T09:50:42+00:00\" \/>\n<meta property=\"article:modified_time\" content=\"2019-10-03T21:16:14+00:00\" \/>\n<meta property=\"og:image\" content=\"https:\/\/diariotextual.com\/inicio\/wp-content\/uploads\/2019\/10\/casadepiedrapescadoresbusquedaaranguez2019-1.jpg\" \/>\n\t<meta property=\"og:image:width\" content=\"920\" \/>\n\t<meta property=\"og:image:height\" content=\"520\" \/>\n\t<meta property=\"og:image:type\" content=\"image\/jpeg\" \/>\n<meta name=\"author\" content=\"Diario1 Diario1\" \/>\n<meta name=\"twitter:card\" content=\"summary_large_image\" \/>\n<meta name=\"twitter:creator\" content=\"@eltextual\" \/>\n<meta name=\"twitter:site\" content=\"@eltextual\" \/>\n<meta name=\"twitter:label1\" content=\"Escrito por\" \/>\n\t<meta name=\"twitter:data1\" content=\"Diario1 Diario1\" \/>\n\t<meta name=\"twitter:label2\" content=\"Tiempo de lectura\" \/>\n\t<meta name=\"twitter:data2\" content=\"1 minuto\" \/>\n<script type=\"application\/ld+json\" class=\"yoast-schema-graph\">{\"@context\":\"https:\\\/\\\/schema.org\",\"@graph\":[{\"@type\":\"Article\",\"@id\":\"https:\\\/\\\/diariotextual.com\\\/inicio\\\/index.php\\\/2019\\\/10\\\/03\\\/se-retoma-la-busqueda-los-pescadores-desaparecidos-casa-piedra\\\/#article\",\"isPartOf\":{\"@id\":\"https:\\\/\\\/diariotextual.com\\\/inicio\\\/index.php\\\/2019\\\/10\\\/03\\\/se-retoma-la-busqueda-los-pescadores-desaparecidos-casa-piedra\\\/\"},\"author\":{\"name\":\"Diario1 Diario1\",\"@id\":\"https:\\\/\\\/diariotextual.com\\\/inicio\\\/#\\\/schema\\\/person\\\/418fc4093c33e86ed41562db3508f958\"},\"headline\":\"El cuerpo hallado en Casa de Piedra es el de un polic\u00eda retirado de La Pampa\",\"datePublished\":\"2019-10-03T09:50:42+00:00\",\"dateModified\":\"2019-10-03T21:16:14+00:00\",\"mainEntityOfPage\":{\"@id\":\"https:\\\/\\\/diariotextual.com\\\/inicio\\\/index.php\\\/2019\\\/10\\\/03\\\/se-retoma-la-busqueda-los-pescadores-desaparecidos-casa-piedra\\\/\"},\"wordCount\":262,\"publisher\":{\"@id\":\"https:\\\/\\\/diariotextual.com\\\/inicio\\\/#organization\"},\"image\":{\"@id\":\"https:\\\/\\\/diariotextual.com\\\/inicio\\\/index.php\\\/2019\\\/10\\\/03\\\/se-retoma-la-busqueda-los-pescadores-desaparecidos-casa-piedra\\\/#primaryimage\"},\"thumbnailUrl\":\"https:\\\/\\\/diariotextual.com\\\/inicio\\\/wp-content\\\/uploads\\\/2019\\\/10\\\/casadepiedrapescadoresbusquedaaranguez2019-1.jpg\",\"articleSection\":[\"SOCIEDAD\"],\"inLanguage\":\"es\"},{\"@type\":\"WebPage\",\"@id\":\"https:\\\/\\\/diariotextual.com\\\/inicio\\\/index.php\\\/2019\\\/10\\\/03\\\/se-retoma-la-busqueda-los-pescadores-desaparecidos-casa-piedra\\\/\",\"url\":\"https:\\\/\\\/diariotextual.com\\\/inicio\\\/index.php\\\/2019\\\/10\\\/03\\\/se-retoma-la-busqueda-los-pescadores-desaparecidos-casa-piedra\\\/\",\"name\":\"El cuerpo hallado en Casa de Piedra es el de un polic\u00eda retirado de La Pampa\",\"isPartOf\":{\"@id\":\"https:\\\/\\\/diariotextual.com\\\/inicio\\\/#website\"},\"primaryImageOfPage\":{\"@id\":\"https:\\\/\\\/diariotextual.com\\\/inicio\\\/index.php\\\/2019\\\/10\\\/03\\\/se-retoma-la-busqueda-los-pescadores-desaparecidos-casa-piedra\\\/#primaryimage\"},\"image\":{\"@id\":\"https:\\\/\\\/diariotextual.com\\\/inicio\\\/index.php\\\/2019\\\/10\\\/03\\\/se-retoma-la-busqueda-los-pescadores-desaparecidos-casa-piedra\\\/#primaryimage\"},\"thumbnailUrl\":\"https:\\\/\\\/diariotextual.com\\\/inicio\\\/wp-content\\\/uploads\\\/2019\\\/10\\\/casadepiedrapescadoresbusquedaaranguez2019-1.jpg\",\"datePublished\":\"2019-10-03T09:50:42+00:00\",\"dateModified\":\"2019-10-03T21:16:14+00:00\",\"breadcrumb\":{\"@id\":\"https:\\\/\\\/diariotextual.com\\\/inicio\\\/index.php\\\/2019\\\/10\\\/03\\\/se-retoma-la-busqueda-los-pescadores-desaparecidos-casa-piedra\\\/#breadcrumb\"},\"inLanguage\":\"es\",\"potentialAction\":[{\"@type\":\"ReadAction\",\"target\":[\"https:\\\/\\\/diariotextual.com\\\/inicio\\\/index.php\\\/2019\\\/10\\\/03\\\/se-retoma-la-busqueda-los-pescadores-desaparecidos-casa-piedra\\\/\"]}]},{\"@type\":\"ImageObject\",\"inLanguage\":\"es\",\"@id\":\"https:\\\/\\\/diariotextual.com\\\/inicio\\\/index.php\\\/2019\\\/10\\\/03\\\/se-retoma-la-busqueda-los-pescadores-desaparecidos-casa-piedra\\\/#primaryimage\",\"url\":\"https:\\\/\\\/diariotextual.com\\\/inicio\\\/wp-content\\\/uploads\\\/2019\\\/10\\\/casadepiedrapescadoresbusquedaaranguez2019-1.jpg\",\"contentUrl\":\"https:\\\/\\\/diariotextual.com\\\/inicio\\\/wp-content\\\/uploads\\\/2019\\\/10\\\/casadepiedrapescadoresbusquedaaranguez2019-1.jpg\",\"width\":920,\"height\":520},{\"@type\":\"BreadcrumbList\",\"@id\":\"https:\\\/\\\/diariotextual.com\\\/inicio\\\/index.php\\\/2019\\\/10\\\/03\\\/se-retoma-la-busqueda-los-pescadores-desaparecidos-casa-piedra\\\/#breadcrumb\",\"itemListElement\":[{\"@type\":\"ListItem\",\"position\":1,\"name\":\"Portada\",\"item\":\"https:\\\/\\\/diariotextual.com\\\/inicio\\\/\"},{\"@type\":\"ListItem\",\"position\":2,\"name\":\"El cuerpo hallado en Casa de Piedra es el de un polic\u00eda retirado de La Pampa\"}]},{\"@type\":\"WebSite\",\"@id\":\"https:\\\/\\\/diariotextual.com\\\/inicio\\\/#website\",\"url\":\"https:\\\/\\\/diariotextual.com\\\/inicio\\\/\",\"name\":\"Diario Textual\",\"description\":\"\",\"publisher\":{\"@id\":\"https:\\\/\\\/diariotextual.com\\\/inicio\\\/#organization\"},\"potentialAction\":[{\"@type\":\"SearchAction\",\"target\":{\"@type\":\"EntryPoint\",\"urlTemplate\":\"https:\\\/\\\/diariotextual.com\\\/inicio\\\/?s={search_term_string}\"},\"query-input\":{\"@type\":\"PropertyValueSpecification\",\"valueRequired\":true,\"valueName\":\"search_term_string\"}}],\"inLanguage\":\"es\"},{\"@type\":\"Organization\",\"@id\":\"https:\\\/\\\/diariotextual.com\\\/inicio\\\/#organization\",\"name\":\"Diario Textual\",\"url\":\"https:\\\/\\\/diariotextual.com\\\/inicio\\\/\",\"logo\":{\"@type\":\"ImageObject\",\"inLanguage\":\"es\",\"@id\":\"https:\\\/\\\/diariotextual.com\\\/inicio\\\/#\\\/schema\\\/logo\\\/image\\\/\",\"url\":\"https:\\\/\\\/diariotextual.com\\\/inicio\\\/wp-content\\\/uploads\\\/2023\\\/05\\\/logotextual1.jpg\",\"contentUrl\":\"https:\\\/\\\/diariotextual.com\\\/inicio\\\/wp-content\\\/uploads\\\/2023\\\/05\\\/logotextual1.jpg\",\"width\":516,\"height\":76,\"caption\":\"Diario Textual\"},\"image\":{\"@id\":\"https:\\\/\\\/diariotextual.com\\\/inicio\\\/#\\\/schema\\\/logo\\\/image\\\/\"},\"sameAs\":[\"https:\\\/\\\/www.facebook.com\\\/eltextual\",\"https:\\\/\\\/x.com\\\/eltextual\",\"http:\\\/\\\/www.instagram.com\\\/eltextual\"]},{\"@type\":\"Person\",\"@id\":\"https:\\\/\\\/diariotextual.com\\\/inicio\\\/#\\\/schema\\\/person\\\/418fc4093c33e86ed41562db3508f958\",\"name\":\"Diario1 Diario1\",\"image\":{\"@type\":\"ImageObject\",\"inLanguage\":\"es\",\"@id\":\"https:\\\/\\\/secure.gravatar.com\\\/avatar\\\/9167d280179c85bc18be67aa7eda765854300033af4896dd779b608640f2ef7a?s=96&d=mm&r=g\",\"url\":\"https:\\\/\\\/secure.gravatar.com\\\/avatar\\\/9167d280179c85bc18be67aa7eda765854300033af4896dd779b608640f2ef7a?s=96&d=mm&r=g\",\"contentUrl\":\"https:\\\/\\\/secure.gravatar.com\\\/avatar\\\/9167d280179c85bc18be67aa7eda765854300033af4896dd779b608640f2ef7a?s=96&d=mm&r=g\",\"caption\":\"Diario1 Diario1\"},\"url\":\"https:\\\/\\\/diariotextual.com\\\/inicio\\\/index.php\\\/author\\\/diario1\\\/\"}]}<\/script>\n<!-- \/ Yoast SEO plugin. -->","yoast_head_json":{"title":"El cuerpo hallado en Casa de Piedra es el de un polic\u00eda retirado de La Pampa","robots":{"index":"index","follow":"follow","max-snippet":"max-snippet:-1","max-image-preview":"max-image-preview:large","max-video-preview":"max-video-preview:-1"},"canonical":"https:\/\/diariotextual.com\/inicio\/index.php\/2019\/10\/03\/se-retoma-la-busqueda-los-pescadores-desaparecidos-casa-piedra\/","og_locale":"es_ES","og_type":"article","og_title":"El cuerpo hallado en Casa de Piedra es el de un polic\u00eda retirado de La Pampa","og_description":"Prefectura Naval, polic\u00edas rionegrinos y pampeanos, bomberos y vecinos retoman este martes la b\u00fasqueda de los pescadores desaparecidos cuando fueron a pescar al lago Casa de Piedra. Ayer hallaron un&hellip;","og_url":"https:\/\/diariotextual.com\/inicio\/index.php\/2019\/10\/03\/se-retoma-la-busqueda-los-pescadores-desaparecidos-casa-piedra\/","og_site_name":"Diario Textual","article_publisher":"https:\/\/www.facebook.com\/eltextual","article_published_time":"2019-10-03T09:50:42+00:00","article_modified_time":"2019-10-03T21:16:14+00:00","og_image":[{"width":920,"height":520,"url":"https:\/\/diariotextual.com\/inicio\/wp-content\/uploads\/2019\/10\/casadepiedrapescadoresbusquedaaranguez2019-1.jpg","type":"image\/jpeg"}],"author":"Diario1 Diario1","twitter_card":"summary_large_image","twitter_creator":"@eltextual","twitter_site":"@eltextual","twitter_misc":{"Escrito por":"Diario1 Diario1","Tiempo de lectura":"1 minuto"},"schema":{"@context":"https:\/\/schema.org","@graph":[{"@type":"Article","@id":"https:\/\/diariotextual.com\/inicio\/index.php\/2019\/10\/03\/se-retoma-la-busqueda-los-pescadores-desaparecidos-casa-piedra\/#article","isPartOf":{"@id":"https:\/\/diariotextual.com\/inicio\/index.php\/2019\/10\/03\/se-retoma-la-busqueda-los-pescadores-desaparecidos-casa-piedra\/"},"author":{"name":"Diario1 Diario1","@id":"https:\/\/diariotextual.com\/inicio\/#\/schema\/person\/418fc4093c33e86ed41562db3508f958"},"headline":"El cuerpo hallado en Casa de Piedra es el de un polic\u00eda retirado de La Pampa","datePublished":"2019-10-03T09:50:42+00:00","dateModified":"2019-10-03T21:16:14+00:00","mainEntityOfPage":{"@id":"https:\/\/diariotextual.com\/inicio\/index.php\/2019\/10\/03\/se-retoma-la-busqueda-los-pescadores-desaparecidos-casa-piedra\/"},"wordCount":262,"publisher":{"@id":"https:\/\/diariotextual.com\/inicio\/#organization"},"image":{"@id":"https:\/\/diariotextual.com\/inicio\/index.php\/2019\/10\/03\/se-retoma-la-busqueda-los-pescadores-desaparecidos-casa-piedra\/#primaryimage"},"thumbnailUrl":"https:\/\/diariotextual.com\/inicio\/wp-content\/uploads\/2019\/10\/casadepiedrapescadoresbusquedaaranguez2019-1.jpg","articleSection":["SOCIEDAD"],"inLanguage":"es"},{"@type":"WebPage","@id":"https:\/\/diariotextual.com\/inicio\/index.php\/2019\/10\/03\/se-retoma-la-busqueda-los-pescadores-desaparecidos-casa-piedra\/","url":"https:\/\/diariotextual.com\/inicio\/index.php\/2019\/10\/03\/se-retoma-la-busqueda-los-pescadores-desaparecidos-casa-piedra\/","name":"El cuerpo hallado en Casa de Piedra es el de un polic\u00eda retirado de La Pampa","isPartOf":{"@id":"https:\/\/diariotextual.com\/inicio\/#website"},"primaryImageOfPage":{"@id":"https:\/\/diariotextual.com\/inicio\/index.php\/2019\/10\/03\/se-retoma-la-busqueda-los-pescadores-desaparecidos-casa-piedra\/#primaryimage"},"image":{"@id":"https:\/\/diariotextual.com\/inicio\/index.php\/2019\/10\/03\/se-retoma-la-busqueda-los-pescadores-desaparecidos-casa-piedra\/#primaryimage"},"thumbnailUrl":"https:\/\/diariotextual.com\/inicio\/wp-content\/uploads\/2019\/10\/casadepiedrapescadoresbusquedaaranguez2019-1.jpg","datePublished":"2019-10-03T09:50:42+00:00","dateModified":"2019-10-03T21:16:14+00:00","breadcrumb":{"@id":"https:\/\/diariotextual.com\/inicio\/index.php\/2019\/10\/03\/se-retoma-la-busqueda-los-pescadores-desaparecidos-casa-piedra\/#breadcrumb"},"inLanguage":"es","potentialAction":[{"@type":"ReadAction","target":["https:\/\/diariotextual.com\/inicio\/index.php\/2019\/10\/03\/se-retoma-la-busqueda-los-pescadores-desaparecidos-casa-piedra\/"]}]},{"@type":"ImageObject","inLanguage":"es","@id":"https:\/\/diariotextual.com\/inicio\/index.php\/2019\/10\/03\/se-retoma-la-busqueda-los-pescadores-desaparecidos-casa-piedra\/#primaryimage","url":"https:\/\/diariotextual.com\/inicio\/wp-content\/uploads\/2019\/10\/casadepiedrapescadoresbusquedaaranguez2019-1.jpg","contentUrl":"https:\/\/diariotextual.com\/inicio\/wp-content\/uploads\/2019\/10\/casadepiedrapescadoresbusquedaaranguez2019-1.jpg","width":920,"height":520},{"@type":"BreadcrumbList","@id":"https:\/\/diariotextual.com\/inicio\/index.php\/2019\/10\/03\/se-retoma-la-busqueda-los-pescadores-desaparecidos-casa-piedra\/#breadcrumb","itemListElement":[{"@type":"ListItem","position":1,"name":"Portada","item":"https:\/\/diariotextual.com\/inicio\/"},{"@type":"ListItem","position":2,"name":"El cuerpo hallado en Casa de Piedra es el de un polic\u00eda retirado de La Pampa"}]},{"@type":"WebSite","@id":"https:\/\/diariotextual.com\/inicio\/#website","url":"https:\/\/diariotextual.com\/inicio\/","name":"Diario Textual","description":"","publisher":{"@id":"https:\/\/diariotextual.com\/inicio\/#organization"},"potentialAction":[{"@type":"SearchAction","target":{"@type":"EntryPoint","urlTemplate":"https:\/\/diariotextual.com\/inicio\/?s={search_term_string}"},"query-input":{"@type":"PropertyValueSpecification","valueRequired":true,"valueName":"search_term_string"}}],"inLanguage":"es"},{"@type":"Organization","@id":"https:\/\/diariotextual.com\/inicio\/#organization","name":"Diario Textual","url":"https:\/\/diariotextual.com\/inicio\/","logo":{"@type":"ImageObject","inLanguage":"es","@id":"https:\/\/diariotextual.com\/inicio\/#\/schema\/logo\/image\/","url":"https:\/\/diariotextual.com\/inicio\/wp-content\/uploads\/2023\/05\/logotextual1.jpg","contentUrl":"https:\/\/diariotextual.com\/inicio\/wp-content\/uploads\/2023\/05\/logotextual1.jpg","width":516,"height":76,"caption":"Diario Textual"},"image":{"@id":"https:\/\/diariotextual.com\/inicio\/#\/schema\/logo\/image\/"},"sameAs":["https:\/\/www.facebook.com\/eltextual","https:\/\/x.com\/eltextual","http:\/\/www.instagram.com\/eltextual"]},{"@type":"Person","@id":"https:\/\/diariotextual.com\/inicio\/#\/schema\/person\/418fc4093c33e86ed41562db3508f958","name":"Diario1 Diario1","image":{"@type":"ImageObject","inLanguage":"es","@id":"https:\/\/secure.gravatar.com\/avatar\/9167d280179c85bc18be67aa7eda765854300033af4896dd779b608640f2ef7a?s=96&d=mm&r=g","url":"https:\/\/secure.gravatar.com\/avatar\/9167d280179c85bc18be67aa7eda765854300033af4896dd779b608640f2ef7a?s=96&d=mm&r=g","contentUrl":"https:\/\/secure.gravatar.com\/avatar\/9167d280179c85bc18be67aa7eda765854300033af4896dd779b608640f2ef7a?s=96&d=mm&r=g","caption":"Diario1 Diario1"},"url":"https:\/\/diariotextual.com\/inicio\/index.php\/author\/diario1\/"}]}},"_links":{"self":[{"href":"https:\/\/diariotextual.com\/inicio\/index.php\/wp-json\/wp\/v2\/posts\/64660","targetHints":{"allow":["GET"]}}],"collection":[{"href":"https:\/\/diariotextual.com\/inicio\/index.php\/wp-json\/wp\/v2\/posts"}],"about":[{"href":"https:\/\/diariotextual.com\/inicio\/index.php\/wp-json\/wp\/v2\/types\/post"}],"author":[{"embeddable":true,"href":"https:\/\/diariotextual.com\/inicio\/index.php\/wp-json\/wp\/v2\/users\/3"}],"replies":[{"embeddable":true,"href":"https:\/\/diariotextual.com\/inicio\/index.php\/wp-json\/wp\/v2\/comments?post=64660"}],"version-history":[{"count":2,"href":"https:\/\/diariotextual.com\/inicio\/index.php\/wp-json\/wp\/v2\/posts\/64660\/revisions"}],"predecessor-version":[{"id":64686,"href":"https:\/\/diariotextual.com\/inicio\/index.php\/wp-json\/wp\/v2\/posts\/64660\/revisions\/64686"}],"wp:featuredmedia":[{"embeddable":true,"href":"https:\/\/diariotextual.com\/inicio\/index.php\/wp-json\/wp\/v2\/media\/64699"}],"wp:attachment":[{"href":"https:\/\/diariotextual.com\/inicio\/index.php\/wp-json\/wp\/v2\/media?parent=64660"}],"wp:term":[{"taxonomy":"category","embeddable":true,"href":"https:\/\/diariotextual.com\/inicio\/index.php\/wp-json\/wp\/v2\/categories?post=64660"},{"taxonomy":"post_tag","embeddable":true,"href":"https:\/\/diariotextual.com\/inicio\/index.php\/wp-json\/wp\/v2\/tags?post=64660"}],"curies":[{"name":"wp","href":"https:\/\/api.w.org\/{rel}","templated":true}]}}