{"id":64751,"date":"2019-10-03T18:14:47","date_gmt":"2019-10-03T21:14:47","guid":{"rendered":"http:\/\/diariotextual.com\/inicio\/?p=64751"},"modified":"2019-10-04T13:24:08","modified_gmt":"2019-10-04T16:24:08","slug":"crearon-comite-crisis-buscar-los-dos-pescadores-aun-desaparecidos","status":"publish","type":"post","link":"https:\/\/diariotextual.com\/inicio\/index.php\/2019\/10\/03\/crearon-comite-crisis-buscar-los-dos-pescadores-aun-desaparecidos\/","title":{"rendered":"Crearon un comit\u00e9 de crisis para buscar a los dos pescadores a\u00fan desaparecidos"},"content":{"rendered":"<p>Personal de Defensa Civil, Prefectura Naval, Bomberos Voluntarios de Casa de Piedra y 25 de Mayo, Polic\u00eda de la provincia e integrantes de la Comuna de Casa de Piedra conformaron un Comit\u00e9 de Crisis para la b\u00fasqueda organizada de los dos pescadores que permanecen desaparecidos en el lago de Casa de Piedra. Uno de los cuerpos de los tres pescadores fue hallado ayer.<\/p>\n<p>\u201cLas condiciones clim\u00e1ticas dificultan la b\u00fasqueda, debido a los fuertes vientos\u201d, inform\u00f3 el director de Defensa Civil, Luis Clara. \u00abDesde el Comit\u00e9 de Crisis, se han organizado las acciones para hacer frente a esta situaci\u00f3n, en la que trabajan en forma coordinada para lograr hallar a los pescadores desaparecidos\u201d, sostuvo.<\/p>\n<p>Hoy las autoridades confirmaron que el cuerpo hallado es el de<strong>\u00a0Eduardo An\u00edbal Aranguez<\/strong>\u00a0-un suboficial retirado de la Polic\u00eda pampeana, de 52 a\u00f1os de edad-. Permanecen desaparecidos su hijo\u00a0<strong>Dar\u00edo Aranguez<\/strong>\u00a0y su sobrino\u00a0<strong>Mois\u00e9s Dur\u00e1n<\/strong>.<\/p>\n<p>Seg\u00fan contaron sus familiares, salieron en camioneta desde Catriel el domingo y concurrieron a la zona del lago conocido como Sargento Oc\u00f3n, del lado rionegrino.<\/p>\n<p><strong>Se estima que alrededor de las 11 del lunes se subieron al bote.<\/strong>\u00a0Sin embargo, desde la tarde no tuvieron m\u00e1s contacto con sus familias.<\/p>\n<p>Avisaron que iban a regresar el martes a la tarde, para ver el supercl\u00e1sico de River y Boca. Pero no volvieron, por\u00a0 lo que los familiares hicieron la denuncia en la Polic\u00eda. En la tarde de este mi\u00e9rcoles, fue hallado uno cuerpo en jurisdicci\u00f3n de La Pampa.<\/p>\n<blockquote class=\"wp-embedded-content\" data-secret=\"WYEnzUHOnW\"><p><a href=\"http:\/\/diariotextual.com\/inicio\/index.php\/2019\/10\/03\/se-retoma-la-busqueda-los-pescadores-desaparecidos-casa-piedra\/\">El cuerpo hallado en Casa de Piedra es el de un polic\u00eda retirado de La Pampa<\/a><\/p><\/blockquote>\n<p><iframe class=\"wp-embedded-content\" sandbox=\"allow-scripts\" security=\"restricted\" style=\"position: absolute; clip: rect(1px, 1px, 1px, 1px);\" src=\"http:\/\/diariotextual.com\/inicio\/index.php\/2019\/10\/03\/se-retoma-la-busqueda-los-pescadores-desaparecidos-casa-piedra\/embed\/#?secret=WYEnzUHOnW\" data-secret=\"WYEnzUHOnW\" width=\"600\" height=\"338\" title=\"&#171;El cuerpo hallado en Casa de Piedra es el de un polic\u00eda retirado de La Pampa&#187; &#8212; Diario Textual\" frameborder=\"0\" marginwidth=\"0\" marginheight=\"0\" scrolling=\"no\"><\/iframe><\/p>\n","protected":false},"excerpt":{"rendered":"<p>Personal de Defensa Civil, Prefectura Naval, Bomberos Voluntarios de Casa de Piedra y 25 de Mayo, Polic\u00eda de la provincia e integrantes de la Comuna de Casa de Piedra conformaron&hellip;<\/p>\n","protected":false},"author":3,"featured_media":64756,"comment_status":"closed","ping_status":"open","sticky":false,"template":"","format":"standard","meta":{"_acf_changed":false,"footnotes":""},"categories":[319,12],"tags":[],"class_list":["post-64751","post","type-post","status-publish","format-standard","has-post-thumbnail","hentry","category-a-temporales","category-sociedad"],"acf":[],"yoast_head":"<!-- This site is optimized with the Yoast SEO plugin v27.5 - https:\/\/yoast.com\/product\/yoast-seo-wordpress\/ -->\n<title>Crearon un comit\u00e9 de crisis para buscar a los dos pescadores a\u00fan desaparecidos - Diario Textual<\/title>\n<meta name=\"robots\" content=\"index, follow, max-snippet:-1, max-image-preview:large, max-video-preview:-1\" \/>\n<link rel=\"canonical\" href=\"https:\/\/diariotextual.com\/inicio\/index.php\/2019\/10\/03\/crearon-comite-crisis-buscar-los-dos-pescadores-aun-desaparecidos\/\" \/>\n<meta property=\"og:locale\" content=\"es_ES\" \/>\n<meta property=\"og:type\" content=\"article\" \/>\n<meta property=\"og:title\" content=\"Crearon un comit\u00e9 de crisis para buscar a los dos pescadores a\u00fan desaparecidos - Diario Textual\" \/>\n<meta property=\"og:description\" content=\"Personal de Defensa Civil, Prefectura Naval, Bomberos Voluntarios de Casa de Piedra y 25 de Mayo, Polic\u00eda de la provincia e integrantes de la Comuna de Casa de Piedra conformaron&hellip;\" \/>\n<meta property=\"og:url\" content=\"https:\/\/diariotextual.com\/inicio\/index.php\/2019\/10\/03\/crearon-comite-crisis-buscar-los-dos-pescadores-aun-desaparecidos\/\" \/>\n<meta property=\"og:site_name\" content=\"Diario Textual\" \/>\n<meta property=\"article:publisher\" content=\"https:\/\/www.facebook.com\/eltextual\" \/>\n<meta property=\"article:published_time\" content=\"2019-10-03T21:14:47+00:00\" \/>\n<meta property=\"article:modified_time\" content=\"2019-10-04T16:24:08+00:00\" \/>\n<meta property=\"og:image\" content=\"https:\/\/diariotextual.com\/inicio\/wp-content\/uploads\/2019\/10\/casadepiedrapescadorescomitecrisis2019-1.jpg\" \/>\n\t<meta property=\"og:image:width\" content=\"1489\" \/>\n\t<meta property=\"og:image:height\" content=\"898\" \/>\n\t<meta property=\"og:image:type\" content=\"image\/jpeg\" \/>\n<meta name=\"author\" content=\"Diario1 Diario1\" \/>\n<meta name=\"twitter:card\" content=\"summary_large_image\" \/>\n<meta name=\"twitter:creator\" content=\"@eltextual\" \/>\n<meta name=\"twitter:site\" content=\"@eltextual\" \/>\n<meta name=\"twitter:label1\" content=\"Escrito por\" \/>\n\t<meta name=\"twitter:data1\" content=\"Diario1 Diario1\" \/>\n\t<meta name=\"twitter:label2\" content=\"Tiempo de lectura\" \/>\n\t<meta name=\"twitter:data2\" content=\"1 minuto\" \/>\n<script type=\"application\/ld+json\" class=\"yoast-schema-graph\">{\"@context\":\"https:\\\/\\\/schema.org\",\"@graph\":[{\"@type\":\"Article\",\"@id\":\"https:\\\/\\\/diariotextual.com\\\/inicio\\\/index.php\\\/2019\\\/10\\\/03\\\/crearon-comite-crisis-buscar-los-dos-pescadores-aun-desaparecidos\\\/#article\",\"isPartOf\":{\"@id\":\"https:\\\/\\\/diariotextual.com\\\/inicio\\\/index.php\\\/2019\\\/10\\\/03\\\/crearon-comite-crisis-buscar-los-dos-pescadores-aun-desaparecidos\\\/\"},\"author\":{\"name\":\"Diario1 Diario1\",\"@id\":\"https:\\\/\\\/diariotextual.com\\\/inicio\\\/#\\\/schema\\\/person\\\/418fc4093c33e86ed41562db3508f958\"},\"headline\":\"Crearon un comit\u00e9 de crisis para buscar a los dos pescadores a\u00fan desaparecidos\",\"datePublished\":\"2019-10-03T21:14:47+00:00\",\"dateModified\":\"2019-10-04T16:24:08+00:00\",\"mainEntityOfPage\":{\"@id\":\"https:\\\/\\\/diariotextual.com\\\/inicio\\\/index.php\\\/2019\\\/10\\\/03\\\/crearon-comite-crisis-buscar-los-dos-pescadores-aun-desaparecidos\\\/\"},\"wordCount\":283,\"publisher\":{\"@id\":\"https:\\\/\\\/diariotextual.com\\\/inicio\\\/#organization\"},\"image\":{\"@id\":\"https:\\\/\\\/diariotextual.com\\\/inicio\\\/index.php\\\/2019\\\/10\\\/03\\\/crearon-comite-crisis-buscar-los-dos-pescadores-aun-desaparecidos\\\/#primaryimage\"},\"thumbnailUrl\":\"https:\\\/\\\/diariotextual.com\\\/inicio\\\/wp-content\\\/uploads\\\/2019\\\/10\\\/casadepiedrapescadorescomitecrisis2019-1.jpg\",\"articleSection\":[\"A - TEMPORALES\",\"SOCIEDAD\"],\"inLanguage\":\"es\"},{\"@type\":\"WebPage\",\"@id\":\"https:\\\/\\\/diariotextual.com\\\/inicio\\\/index.php\\\/2019\\\/10\\\/03\\\/crearon-comite-crisis-buscar-los-dos-pescadores-aun-desaparecidos\\\/\",\"url\":\"https:\\\/\\\/diariotextual.com\\\/inicio\\\/index.php\\\/2019\\\/10\\\/03\\\/crearon-comite-crisis-buscar-los-dos-pescadores-aun-desaparecidos\\\/\",\"name\":\"Crearon un comit\u00e9 de crisis para buscar a los dos pescadores a\u00fan desaparecidos - Diario Textual\",\"isPartOf\":{\"@id\":\"https:\\\/\\\/diariotextual.com\\\/inicio\\\/#website\"},\"primaryImageOfPage\":{\"@id\":\"https:\\\/\\\/diariotextual.com\\\/inicio\\\/index.php\\\/2019\\\/10\\\/03\\\/crearon-comite-crisis-buscar-los-dos-pescadores-aun-desaparecidos\\\/#primaryimage\"},\"image\":{\"@id\":\"https:\\\/\\\/diariotextual.com\\\/inicio\\\/index.php\\\/2019\\\/10\\\/03\\\/crearon-comite-crisis-buscar-los-dos-pescadores-aun-desaparecidos\\\/#primaryimage\"},\"thumbnailUrl\":\"https:\\\/\\\/diariotextual.com\\\/inicio\\\/wp-content\\\/uploads\\\/2019\\\/10\\\/casadepiedrapescadorescomitecrisis2019-1.jpg\",\"datePublished\":\"2019-10-03T21:14:47+00:00\",\"dateModified\":\"2019-10-04T16:24:08+00:00\",\"breadcrumb\":{\"@id\":\"https:\\\/\\\/diariotextual.com\\\/inicio\\\/index.php\\\/2019\\\/10\\\/03\\\/crearon-comite-crisis-buscar-los-dos-pescadores-aun-desaparecidos\\\/#breadcrumb\"},\"inLanguage\":\"es\",\"potentialAction\":[{\"@type\":\"ReadAction\",\"target\":[\"https:\\\/\\\/diariotextual.com\\\/inicio\\\/index.php\\\/2019\\\/10\\\/03\\\/crearon-comite-crisis-buscar-los-dos-pescadores-aun-desaparecidos\\\/\"]}]},{\"@type\":\"ImageObject\",\"inLanguage\":\"es\",\"@id\":\"https:\\\/\\\/diariotextual.com\\\/inicio\\\/index.php\\\/2019\\\/10\\\/03\\\/crearon-comite-crisis-buscar-los-dos-pescadores-aun-desaparecidos\\\/#primaryimage\",\"url\":\"https:\\\/\\\/diariotextual.com\\\/inicio\\\/wp-content\\\/uploads\\\/2019\\\/10\\\/casadepiedrapescadorescomitecrisis2019-1.jpg\",\"contentUrl\":\"https:\\\/\\\/diariotextual.com\\\/inicio\\\/wp-content\\\/uploads\\\/2019\\\/10\\\/casadepiedrapescadorescomitecrisis2019-1.jpg\",\"width\":1489,\"height\":898},{\"@type\":\"BreadcrumbList\",\"@id\":\"https:\\\/\\\/diariotextual.com\\\/inicio\\\/index.php\\\/2019\\\/10\\\/03\\\/crearon-comite-crisis-buscar-los-dos-pescadores-aun-desaparecidos\\\/#breadcrumb\",\"itemListElement\":[{\"@type\":\"ListItem\",\"position\":1,\"name\":\"Portada\",\"item\":\"https:\\\/\\\/diariotextual.com\\\/inicio\\\/\"},{\"@type\":\"ListItem\",\"position\":2,\"name\":\"Crearon un comit\u00e9 de crisis para buscar a los dos pescadores a\u00fan desaparecidos\"}]},{\"@type\":\"WebSite\",\"@id\":\"https:\\\/\\\/diariotextual.com\\\/inicio\\\/#website\",\"url\":\"https:\\\/\\\/diariotextual.com\\\/inicio\\\/\",\"name\":\"Diario Textual\",\"description\":\"\",\"publisher\":{\"@id\":\"https:\\\/\\\/diariotextual.com\\\/inicio\\\/#organization\"},\"potentialAction\":[{\"@type\":\"SearchAction\",\"target\":{\"@type\":\"EntryPoint\",\"urlTemplate\":\"https:\\\/\\\/diariotextual.com\\\/inicio\\\/?s={search_term_string}\"},\"query-input\":{\"@type\":\"PropertyValueSpecification\",\"valueRequired\":true,\"valueName\":\"search_term_string\"}}],\"inLanguage\":\"es\"},{\"@type\":\"Organization\",\"@id\":\"https:\\\/\\\/diariotextual.com\\\/inicio\\\/#organization\",\"name\":\"Diario Textual\",\"url\":\"https:\\\/\\\/diariotextual.com\\\/inicio\\\/\",\"logo\":{\"@type\":\"ImageObject\",\"inLanguage\":\"es\",\"@id\":\"https:\\\/\\\/diariotextual.com\\\/inicio\\\/#\\\/schema\\\/logo\\\/image\\\/\",\"url\":\"https:\\\/\\\/diariotextual.com\\\/inicio\\\/wp-content\\\/uploads\\\/2023\\\/05\\\/logotextual1.jpg\",\"contentUrl\":\"https:\\\/\\\/diariotextual.com\\\/inicio\\\/wp-content\\\/uploads\\\/2023\\\/05\\\/logotextual1.jpg\",\"width\":516,\"height\":76,\"caption\":\"Diario Textual\"},\"image\":{\"@id\":\"https:\\\/\\\/diariotextual.com\\\/inicio\\\/#\\\/schema\\\/logo\\\/image\\\/\"},\"sameAs\":[\"https:\\\/\\\/www.facebook.com\\\/eltextual\",\"https:\\\/\\\/x.com\\\/eltextual\",\"http:\\\/\\\/www.instagram.com\\\/eltextual\"]},{\"@type\":\"Person\",\"@id\":\"https:\\\/\\\/diariotextual.com\\\/inicio\\\/#\\\/schema\\\/person\\\/418fc4093c33e86ed41562db3508f958\",\"name\":\"Diario1 Diario1\",\"image\":{\"@type\":\"ImageObject\",\"inLanguage\":\"es\",\"@id\":\"https:\\\/\\\/secure.gravatar.com\\\/avatar\\\/9167d280179c85bc18be67aa7eda765854300033af4896dd779b608640f2ef7a?s=96&d=mm&r=g\",\"url\":\"https:\\\/\\\/secure.gravatar.com\\\/avatar\\\/9167d280179c85bc18be67aa7eda765854300033af4896dd779b608640f2ef7a?s=96&d=mm&r=g\",\"contentUrl\":\"https:\\\/\\\/secure.gravatar.com\\\/avatar\\\/9167d280179c85bc18be67aa7eda765854300033af4896dd779b608640f2ef7a?s=96&d=mm&r=g\",\"caption\":\"Diario1 Diario1\"},\"url\":\"https:\\\/\\\/diariotextual.com\\\/inicio\\\/index.php\\\/author\\\/diario1\\\/\"}]}<\/script>\n<!-- \/ Yoast SEO plugin. -->","yoast_head_json":{"title":"Crearon un comit\u00e9 de crisis para buscar a los dos pescadores a\u00fan desaparecidos - Diario Textual","robots":{"index":"index","follow":"follow","max-snippet":"max-snippet:-1","max-image-preview":"max-image-preview:large","max-video-preview":"max-video-preview:-1"},"canonical":"https:\/\/diariotextual.com\/inicio\/index.php\/2019\/10\/03\/crearon-comite-crisis-buscar-los-dos-pescadores-aun-desaparecidos\/","og_locale":"es_ES","og_type":"article","og_title":"Crearon un comit\u00e9 de crisis para buscar a los dos pescadores a\u00fan desaparecidos - Diario Textual","og_description":"Personal de Defensa Civil, Prefectura Naval, Bomberos Voluntarios de Casa de Piedra y 25 de Mayo, Polic\u00eda de la provincia e integrantes de la Comuna de Casa de Piedra conformaron&hellip;","og_url":"https:\/\/diariotextual.com\/inicio\/index.php\/2019\/10\/03\/crearon-comite-crisis-buscar-los-dos-pescadores-aun-desaparecidos\/","og_site_name":"Diario Textual","article_publisher":"https:\/\/www.facebook.com\/eltextual","article_published_time":"2019-10-03T21:14:47+00:00","article_modified_time":"2019-10-04T16:24:08+00:00","og_image":[{"width":1489,"height":898,"url":"https:\/\/diariotextual.com\/inicio\/wp-content\/uploads\/2019\/10\/casadepiedrapescadorescomitecrisis2019-1.jpg","type":"image\/jpeg"}],"author":"Diario1 Diario1","twitter_card":"summary_large_image","twitter_creator":"@eltextual","twitter_site":"@eltextual","twitter_misc":{"Escrito por":"Diario1 Diario1","Tiempo de lectura":"1 minuto"},"schema":{"@context":"https:\/\/schema.org","@graph":[{"@type":"Article","@id":"https:\/\/diariotextual.com\/inicio\/index.php\/2019\/10\/03\/crearon-comite-crisis-buscar-los-dos-pescadores-aun-desaparecidos\/#article","isPartOf":{"@id":"https:\/\/diariotextual.com\/inicio\/index.php\/2019\/10\/03\/crearon-comite-crisis-buscar-los-dos-pescadores-aun-desaparecidos\/"},"author":{"name":"Diario1 Diario1","@id":"https:\/\/diariotextual.com\/inicio\/#\/schema\/person\/418fc4093c33e86ed41562db3508f958"},"headline":"Crearon un comit\u00e9 de crisis para buscar a los dos pescadores a\u00fan desaparecidos","datePublished":"2019-10-03T21:14:47+00:00","dateModified":"2019-10-04T16:24:08+00:00","mainEntityOfPage":{"@id":"https:\/\/diariotextual.com\/inicio\/index.php\/2019\/10\/03\/crearon-comite-crisis-buscar-los-dos-pescadores-aun-desaparecidos\/"},"wordCount":283,"publisher":{"@id":"https:\/\/diariotextual.com\/inicio\/#organization"},"image":{"@id":"https:\/\/diariotextual.com\/inicio\/index.php\/2019\/10\/03\/crearon-comite-crisis-buscar-los-dos-pescadores-aun-desaparecidos\/#primaryimage"},"thumbnailUrl":"https:\/\/diariotextual.com\/inicio\/wp-content\/uploads\/2019\/10\/casadepiedrapescadorescomitecrisis2019-1.jpg","articleSection":["A - TEMPORALES","SOCIEDAD"],"inLanguage":"es"},{"@type":"WebPage","@id":"https:\/\/diariotextual.com\/inicio\/index.php\/2019\/10\/03\/crearon-comite-crisis-buscar-los-dos-pescadores-aun-desaparecidos\/","url":"https:\/\/diariotextual.com\/inicio\/index.php\/2019\/10\/03\/crearon-comite-crisis-buscar-los-dos-pescadores-aun-desaparecidos\/","name":"Crearon un comit\u00e9 de crisis para buscar a los dos pescadores a\u00fan desaparecidos - Diario Textual","isPartOf":{"@id":"https:\/\/diariotextual.com\/inicio\/#website"},"primaryImageOfPage":{"@id":"https:\/\/diariotextual.com\/inicio\/index.php\/2019\/10\/03\/crearon-comite-crisis-buscar-los-dos-pescadores-aun-desaparecidos\/#primaryimage"},"image":{"@id":"https:\/\/diariotextual.com\/inicio\/index.php\/2019\/10\/03\/crearon-comite-crisis-buscar-los-dos-pescadores-aun-desaparecidos\/#primaryimage"},"thumbnailUrl":"https:\/\/diariotextual.com\/inicio\/wp-content\/uploads\/2019\/10\/casadepiedrapescadorescomitecrisis2019-1.jpg","datePublished":"2019-10-03T21:14:47+00:00","dateModified":"2019-10-04T16:24:08+00:00","breadcrumb":{"@id":"https:\/\/diariotextual.com\/inicio\/index.php\/2019\/10\/03\/crearon-comite-crisis-buscar-los-dos-pescadores-aun-desaparecidos\/#breadcrumb"},"inLanguage":"es","potentialAction":[{"@type":"ReadAction","target":["https:\/\/diariotextual.com\/inicio\/index.php\/2019\/10\/03\/crearon-comite-crisis-buscar-los-dos-pescadores-aun-desaparecidos\/"]}]},{"@type":"ImageObject","inLanguage":"es","@id":"https:\/\/diariotextual.com\/inicio\/index.php\/2019\/10\/03\/crearon-comite-crisis-buscar-los-dos-pescadores-aun-desaparecidos\/#primaryimage","url":"https:\/\/diariotextual.com\/inicio\/wp-content\/uploads\/2019\/10\/casadepiedrapescadorescomitecrisis2019-1.jpg","contentUrl":"https:\/\/diariotextual.com\/inicio\/wp-content\/uploads\/2019\/10\/casadepiedrapescadorescomitecrisis2019-1.jpg","width":1489,"height":898},{"@type":"BreadcrumbList","@id":"https:\/\/diariotextual.com\/inicio\/index.php\/2019\/10\/03\/crearon-comite-crisis-buscar-los-dos-pescadores-aun-desaparecidos\/#breadcrumb","itemListElement":[{"@type":"ListItem","position":1,"name":"Portada","item":"https:\/\/diariotextual.com\/inicio\/"},{"@type":"ListItem","position":2,"name":"Crearon un comit\u00e9 de crisis para buscar a los dos pescadores a\u00fan desaparecidos"}]},{"@type":"WebSite","@id":"https:\/\/diariotextual.com\/inicio\/#website","url":"https:\/\/diariotextual.com\/inicio\/","name":"Diario Textual","description":"","publisher":{"@id":"https:\/\/diariotextual.com\/inicio\/#organization"},"potentialAction":[{"@type":"SearchAction","target":{"@type":"EntryPoint","urlTemplate":"https:\/\/diariotextual.com\/inicio\/?s={search_term_string}"},"query-input":{"@type":"PropertyValueSpecification","valueRequired":true,"valueName":"search_term_string"}}],"inLanguage":"es"},{"@type":"Organization","@id":"https:\/\/diariotextual.com\/inicio\/#organization","name":"Diario Textual","url":"https:\/\/diariotextual.com\/inicio\/","logo":{"@type":"ImageObject","inLanguage":"es","@id":"https:\/\/diariotextual.com\/inicio\/#\/schema\/logo\/image\/","url":"https:\/\/diariotextual.com\/inicio\/wp-content\/uploads\/2023\/05\/logotextual1.jpg","contentUrl":"https:\/\/diariotextual.com\/inicio\/wp-content\/uploads\/2023\/05\/logotextual1.jpg","width":516,"height":76,"caption":"Diario Textual"},"image":{"@id":"https:\/\/diariotextual.com\/inicio\/#\/schema\/logo\/image\/"},"sameAs":["https:\/\/www.facebook.com\/eltextual","https:\/\/x.com\/eltextual","http:\/\/www.instagram.com\/eltextual"]},{"@type":"Person","@id":"https:\/\/diariotextual.com\/inicio\/#\/schema\/person\/418fc4093c33e86ed41562db3508f958","name":"Diario1 Diario1","image":{"@type":"ImageObject","inLanguage":"es","@id":"https:\/\/secure.gravatar.com\/avatar\/9167d280179c85bc18be67aa7eda765854300033af4896dd779b608640f2ef7a?s=96&d=mm&r=g","url":"https:\/\/secure.gravatar.com\/avatar\/9167d280179c85bc18be67aa7eda765854300033af4896dd779b608640f2ef7a?s=96&d=mm&r=g","contentUrl":"https:\/\/secure.gravatar.com\/avatar\/9167d280179c85bc18be67aa7eda765854300033af4896dd779b608640f2ef7a?s=96&d=mm&r=g","caption":"Diario1 Diario1"},"url":"https:\/\/diariotextual.com\/inicio\/index.php\/author\/diario1\/"}]}},"_links":{"self":[{"href":"https:\/\/diariotextual.com\/inicio\/index.php\/wp-json\/wp\/v2\/posts\/64751","targetHints":{"allow":["GET"]}}],"collection":[{"href":"https:\/\/diariotextual.com\/inicio\/index.php\/wp-json\/wp\/v2\/posts"}],"about":[{"href":"https:\/\/diariotextual.com\/inicio\/index.php\/wp-json\/wp\/v2\/types\/post"}],"author":[{"embeddable":true,"href":"https:\/\/diariotextual.com\/inicio\/index.php\/wp-json\/wp\/v2\/users\/3"}],"replies":[{"embeddable":true,"href":"https:\/\/diariotextual.com\/inicio\/index.php\/wp-json\/wp\/v2\/comments?post=64751"}],"version-history":[{"count":4,"href":"https:\/\/diariotextual.com\/inicio\/index.php\/wp-json\/wp\/v2\/posts\/64751\/revisions"}],"predecessor-version":[{"id":64757,"href":"https:\/\/diariotextual.com\/inicio\/index.php\/wp-json\/wp\/v2\/posts\/64751\/revisions\/64757"}],"wp:featuredmedia":[{"embeddable":true,"href":"https:\/\/diariotextual.com\/inicio\/index.php\/wp-json\/wp\/v2\/media\/64756"}],"wp:attachment":[{"href":"https:\/\/diariotextual.com\/inicio\/index.php\/wp-json\/wp\/v2\/media?parent=64751"}],"wp:term":[{"taxonomy":"category","embeddable":true,"href":"https:\/\/diariotextual.com\/inicio\/index.php\/wp-json\/wp\/v2\/categories?post=64751"},{"taxonomy":"post_tag","embeddable":true,"href":"https:\/\/diariotextual.com\/inicio\/index.php\/wp-json\/wp\/v2\/tags?post=64751"}],"curies":[{"name":"wp","href":"https:\/\/api.w.org\/{rel}","templated":true}]}}