{"id":64779,"date":"2019-10-04T08:52:19","date_gmt":"2019-10-04T11:52:19","guid":{"rendered":"http:\/\/diariotextual.com\/inicio\/?p=64779"},"modified":"2019-10-04T17:24:49","modified_gmt":"2019-10-04T20:24:49","slug":"colectivo-la-recuperacion-la-ex-escuela-hogar-repudio-negativa-nacion","status":"publish","type":"post","link":"https:\/\/diariotextual.com\/inicio\/index.php\/2019\/10\/04\/colectivo-la-recuperacion-la-ex-escuela-hogar-repudio-negativa-nacion\/","title":{"rendered":"Colectivo por la recuperaci\u00f3n de la ex Escuela Hogar repudi\u00f3 negativa de Naci\u00f3n"},"content":{"rendered":"<p>El Colectivo pampeano de acci\u00f3n por la recuperaci\u00f3n de la <strong>ex Escuela Hogar de Santa Rosa repudi\u00f3 la decisi\u00f3n del Gobierno nacional de negar la cesi\u00f3n del edificio a la provincia de La Pampa.<\/strong><\/p>\n<p>\u201cLa sociedad pampeana en su conjunto, a trav\u00e9s de los estamentos provinciales as\u00ed como numerosas organizaciones libres, del pueblo, han defendido y defienden\u00a0 la devoluci\u00f3n de este patrimonio, para ser incorporado al Proyecto Educativo provincial\u201d, expres\u00f3.<\/p>\n<p>\u201cHoy el macrismo, fiel a su matriz ideol\u00f3gica\u00a0 antipopular y excluyente <strong>niega una vez m\u00e1s, la posibilidad de recuperar la Escuela Hogar a los leg\u00edtimos\u00a0 due\u00f1os y depositarios de este patrimonio provincial<\/strong> para ser utilizado para la educaci\u00f3n del pueblo pampeano\u201d, continu\u00f3.<\/p>\n<p>\u201cPor esto hacemos p\u00fablico <strong>nuestro m\u00e1s en\u00e9rgico repudio<\/strong> a la negativa del gobierno Nacional, a la cesi\u00f3n de la Escuela Hogar a la provincia de La Pampa\u201d, complet\u00f3 el colectivo a trav\u00e9s de un comunicado.<\/p>\n<p>\u201cEn consecuencia \u2013expres\u00f3- decimos una vez m\u00e1s <strong>M\u00e1s Escuelas y Menos cuarteles, y seguiremos bregando por la recuperaci\u00f3n de nuestra Escuela Hogar\u201d.<\/strong><\/p>\n<p>La Escuela Hogar de Santa Rosa fue inaugurada en mayo de 1955. Luego, \u00a0por iniciativa de la Fundaci\u00f3n Eva Per\u00f3n, tuvo como objetivo asistir a la ni\u00f1ez y adolescencia privada por diversas problem\u00e1ticas al derecho a la educaci\u00f3n e integraci\u00f3n a la comunidad.<\/p>\n<p>\u201cEn 1982, mediante norma de facto, la dictadura usurp\u00f3 el edificio y el predio en forma definitiva hasta la actualidad no reconociendo a la provincia de La Pampa como propietaria leg\u00edtima, ni su valor como patrimonio cultural que fuera dictado por los gobiernos democr\u00e1ticos que se sucedieron luego de finalizado el proceso dictatorial\u201d, record\u00f3 el Colectivo.<\/p>\n","protected":false},"excerpt":{"rendered":"<p>El Colectivo pampeano de acci\u00f3n por la recuperaci\u00f3n de la ex Escuela Hogar de Santa Rosa repudi\u00f3 la decisi\u00f3n del Gobierno nacional de negar la cesi\u00f3n del edificio a la&hellip;<\/p>\n","protected":false},"author":4,"featured_media":64776,"comment_status":"closed","ping_status":"open","sticky":false,"template":"","format":"standard","meta":{"_acf_changed":false,"footnotes":""},"categories":[11,319,12],"tags":[],"class_list":["post-64779","post","type-post","status-publish","format-standard","has-post-thumbnail","hentry","category-que-pasa","category-a-temporales","category-sociedad"],"acf":[],"yoast_head":"<!-- This site is optimized with the Yoast SEO plugin v27.5 - https:\/\/yoast.com\/product\/yoast-seo-wordpress\/ -->\n<title>Colectivo por la recuperaci\u00f3n de la ex Escuela Hogar repudi\u00f3 negativa de Naci\u00f3n - Diario Textual<\/title>\n<meta name=\"robots\" content=\"index, follow, max-snippet:-1, max-image-preview:large, max-video-preview:-1\" \/>\n<link rel=\"canonical\" href=\"https:\/\/diariotextual.com\/inicio\/index.php\/2019\/10\/04\/colectivo-la-recuperacion-la-ex-escuela-hogar-repudio-negativa-nacion\/\" \/>\n<meta property=\"og:locale\" content=\"es_ES\" \/>\n<meta property=\"og:type\" content=\"article\" \/>\n<meta property=\"og:title\" content=\"Colectivo por la recuperaci\u00f3n de la ex Escuela Hogar repudi\u00f3 negativa de Naci\u00f3n - Diario Textual\" \/>\n<meta property=\"og:description\" content=\"El Colectivo pampeano de acci\u00f3n por la recuperaci\u00f3n de la ex Escuela Hogar de Santa Rosa repudi\u00f3 la decisi\u00f3n del Gobierno nacional de negar la cesi\u00f3n del edificio a la&hellip;\" \/>\n<meta property=\"og:url\" content=\"https:\/\/diariotextual.com\/inicio\/index.php\/2019\/10\/04\/colectivo-la-recuperacion-la-ex-escuela-hogar-repudio-negativa-nacion\/\" \/>\n<meta property=\"og:site_name\" content=\"Diario Textual\" \/>\n<meta property=\"article:publisher\" content=\"https:\/\/www.facebook.com\/eltextual\" \/>\n<meta property=\"article:published_time\" content=\"2019-10-04T11:52:19+00:00\" \/>\n<meta property=\"article:modified_time\" content=\"2019-10-04T20:24:49+00:00\" \/>\n<meta property=\"og:image\" content=\"https:\/\/diariotextual.com\/inicio\/wp-content\/uploads\/2019\/10\/escuelahogarstarosa2019-1.jpg\" \/>\n\t<meta property=\"og:image:width\" content=\"1200\" \/>\n\t<meta property=\"og:image:height\" content=\"728\" \/>\n\t<meta property=\"og:image:type\" content=\"image\/jpeg\" \/>\n<meta name=\"author\" content=\"diario2\" \/>\n<meta name=\"twitter:card\" content=\"summary_large_image\" \/>\n<meta name=\"twitter:creator\" content=\"@eltextual\" \/>\n<meta name=\"twitter:site\" content=\"@eltextual\" \/>\n<meta name=\"twitter:label1\" content=\"Escrito por\" \/>\n\t<meta name=\"twitter:data1\" content=\"diario2\" \/>\n\t<meta name=\"twitter:label2\" content=\"Tiempo de lectura\" \/>\n\t<meta name=\"twitter:data2\" content=\"1 minuto\" \/>\n<script type=\"application\/ld+json\" class=\"yoast-schema-graph\">{\"@context\":\"https:\\\/\\\/schema.org\",\"@graph\":[{\"@type\":\"Article\",\"@id\":\"https:\\\/\\\/diariotextual.com\\\/inicio\\\/index.php\\\/2019\\\/10\\\/04\\\/colectivo-la-recuperacion-la-ex-escuela-hogar-repudio-negativa-nacion\\\/#article\",\"isPartOf\":{\"@id\":\"https:\\\/\\\/diariotextual.com\\\/inicio\\\/index.php\\\/2019\\\/10\\\/04\\\/colectivo-la-recuperacion-la-ex-escuela-hogar-repudio-negativa-nacion\\\/\"},\"author\":{\"name\":\"diario2\",\"@id\":\"https:\\\/\\\/diariotextual.com\\\/inicio\\\/#\\\/schema\\\/person\\\/694f60677f23c4a530867a98f22b3768\"},\"headline\":\"Colectivo por la recuperaci\u00f3n de la ex Escuela Hogar repudi\u00f3 negativa de Naci\u00f3n\",\"datePublished\":\"2019-10-04T11:52:19+00:00\",\"dateModified\":\"2019-10-04T20:24:49+00:00\",\"mainEntityOfPage\":{\"@id\":\"https:\\\/\\\/diariotextual.com\\\/inicio\\\/index.php\\\/2019\\\/10\\\/04\\\/colectivo-la-recuperacion-la-ex-escuela-hogar-repudio-negativa-nacion\\\/\"},\"wordCount\":309,\"publisher\":{\"@id\":\"https:\\\/\\\/diariotextual.com\\\/inicio\\\/#organization\"},\"image\":{\"@id\":\"https:\\\/\\\/diariotextual.com\\\/inicio\\\/index.php\\\/2019\\\/10\\\/04\\\/colectivo-la-recuperacion-la-ex-escuela-hogar-repudio-negativa-nacion\\\/#primaryimage\"},\"thumbnailUrl\":\"https:\\\/\\\/diariotextual.com\\\/inicio\\\/wp-content\\\/uploads\\\/2019\\\/10\\\/escuelahogarstarosa2019-1.jpg\",\"articleSection\":[\"A - QUE PASA (al costado)\",\"A - TEMPORALES\",\"SOCIEDAD\"],\"inLanguage\":\"es\"},{\"@type\":\"WebPage\",\"@id\":\"https:\\\/\\\/diariotextual.com\\\/inicio\\\/index.php\\\/2019\\\/10\\\/04\\\/colectivo-la-recuperacion-la-ex-escuela-hogar-repudio-negativa-nacion\\\/\",\"url\":\"https:\\\/\\\/diariotextual.com\\\/inicio\\\/index.php\\\/2019\\\/10\\\/04\\\/colectivo-la-recuperacion-la-ex-escuela-hogar-repudio-negativa-nacion\\\/\",\"name\":\"Colectivo por la recuperaci\u00f3n de la ex Escuela Hogar repudi\u00f3 negativa de Naci\u00f3n - Diario Textual\",\"isPartOf\":{\"@id\":\"https:\\\/\\\/diariotextual.com\\\/inicio\\\/#website\"},\"primaryImageOfPage\":{\"@id\":\"https:\\\/\\\/diariotextual.com\\\/inicio\\\/index.php\\\/2019\\\/10\\\/04\\\/colectivo-la-recuperacion-la-ex-escuela-hogar-repudio-negativa-nacion\\\/#primaryimage\"},\"image\":{\"@id\":\"https:\\\/\\\/diariotextual.com\\\/inicio\\\/index.php\\\/2019\\\/10\\\/04\\\/colectivo-la-recuperacion-la-ex-escuela-hogar-repudio-negativa-nacion\\\/#primaryimage\"},\"thumbnailUrl\":\"https:\\\/\\\/diariotextual.com\\\/inicio\\\/wp-content\\\/uploads\\\/2019\\\/10\\\/escuelahogarstarosa2019-1.jpg\",\"datePublished\":\"2019-10-04T11:52:19+00:00\",\"dateModified\":\"2019-10-04T20:24:49+00:00\",\"breadcrumb\":{\"@id\":\"https:\\\/\\\/diariotextual.com\\\/inicio\\\/index.php\\\/2019\\\/10\\\/04\\\/colectivo-la-recuperacion-la-ex-escuela-hogar-repudio-negativa-nacion\\\/#breadcrumb\"},\"inLanguage\":\"es\",\"potentialAction\":[{\"@type\":\"ReadAction\",\"target\":[\"https:\\\/\\\/diariotextual.com\\\/inicio\\\/index.php\\\/2019\\\/10\\\/04\\\/colectivo-la-recuperacion-la-ex-escuela-hogar-repudio-negativa-nacion\\\/\"]}]},{\"@type\":\"ImageObject\",\"inLanguage\":\"es\",\"@id\":\"https:\\\/\\\/diariotextual.com\\\/inicio\\\/index.php\\\/2019\\\/10\\\/04\\\/colectivo-la-recuperacion-la-ex-escuela-hogar-repudio-negativa-nacion\\\/#primaryimage\",\"url\":\"https:\\\/\\\/diariotextual.com\\\/inicio\\\/wp-content\\\/uploads\\\/2019\\\/10\\\/escuelahogarstarosa2019-1.jpg\",\"contentUrl\":\"https:\\\/\\\/diariotextual.com\\\/inicio\\\/wp-content\\\/uploads\\\/2019\\\/10\\\/escuelahogarstarosa2019-1.jpg\",\"width\":1200,\"height\":728},{\"@type\":\"BreadcrumbList\",\"@id\":\"https:\\\/\\\/diariotextual.com\\\/inicio\\\/index.php\\\/2019\\\/10\\\/04\\\/colectivo-la-recuperacion-la-ex-escuela-hogar-repudio-negativa-nacion\\\/#breadcrumb\",\"itemListElement\":[{\"@type\":\"ListItem\",\"position\":1,\"name\":\"Portada\",\"item\":\"https:\\\/\\\/diariotextual.com\\\/inicio\\\/\"},{\"@type\":\"ListItem\",\"position\":2,\"name\":\"Colectivo por la recuperaci\u00f3n de la ex Escuela Hogar repudi\u00f3 negativa de Naci\u00f3n\"}]},{\"@type\":\"WebSite\",\"@id\":\"https:\\\/\\\/diariotextual.com\\\/inicio\\\/#website\",\"url\":\"https:\\\/\\\/diariotextual.com\\\/inicio\\\/\",\"name\":\"Diario Textual\",\"description\":\"\",\"publisher\":{\"@id\":\"https:\\\/\\\/diariotextual.com\\\/inicio\\\/#organization\"},\"potentialAction\":[{\"@type\":\"SearchAction\",\"target\":{\"@type\":\"EntryPoint\",\"urlTemplate\":\"https:\\\/\\\/diariotextual.com\\\/inicio\\\/?s={search_term_string}\"},\"query-input\":{\"@type\":\"PropertyValueSpecification\",\"valueRequired\":true,\"valueName\":\"search_term_string\"}}],\"inLanguage\":\"es\"},{\"@type\":\"Organization\",\"@id\":\"https:\\\/\\\/diariotextual.com\\\/inicio\\\/#organization\",\"name\":\"Diario Textual\",\"url\":\"https:\\\/\\\/diariotextual.com\\\/inicio\\\/\",\"logo\":{\"@type\":\"ImageObject\",\"inLanguage\":\"es\",\"@id\":\"https:\\\/\\\/diariotextual.com\\\/inicio\\\/#\\\/schema\\\/logo\\\/image\\\/\",\"url\":\"https:\\\/\\\/diariotextual.com\\\/inicio\\\/wp-content\\\/uploads\\\/2023\\\/05\\\/logotextual1.jpg\",\"contentUrl\":\"https:\\\/\\\/diariotextual.com\\\/inicio\\\/wp-content\\\/uploads\\\/2023\\\/05\\\/logotextual1.jpg\",\"width\":516,\"height\":76,\"caption\":\"Diario Textual\"},\"image\":{\"@id\":\"https:\\\/\\\/diariotextual.com\\\/inicio\\\/#\\\/schema\\\/logo\\\/image\\\/\"},\"sameAs\":[\"https:\\\/\\\/www.facebook.com\\\/eltextual\",\"https:\\\/\\\/x.com\\\/eltextual\",\"http:\\\/\\\/www.instagram.com\\\/eltextual\"]},{\"@type\":\"Person\",\"@id\":\"https:\\\/\\\/diariotextual.com\\\/inicio\\\/#\\\/schema\\\/person\\\/694f60677f23c4a530867a98f22b3768\",\"name\":\"diario2\",\"image\":{\"@type\":\"ImageObject\",\"inLanguage\":\"es\",\"@id\":\"https:\\\/\\\/secure.gravatar.com\\\/avatar\\\/5a2567495ba16b852fcd8f1ed006a2e24fcace936018ed8237e95f488ad6e0a7?s=96&d=mm&r=g\",\"url\":\"https:\\\/\\\/secure.gravatar.com\\\/avatar\\\/5a2567495ba16b852fcd8f1ed006a2e24fcace936018ed8237e95f488ad6e0a7?s=96&d=mm&r=g\",\"contentUrl\":\"https:\\\/\\\/secure.gravatar.com\\\/avatar\\\/5a2567495ba16b852fcd8f1ed006a2e24fcace936018ed8237e95f488ad6e0a7?s=96&d=mm&r=g\",\"caption\":\"diario2\"},\"url\":\"https:\\\/\\\/diariotextual.com\\\/inicio\\\/index.php\\\/author\\\/diario2\\\/\"}]}<\/script>\n<!-- \/ Yoast SEO plugin. -->","yoast_head_json":{"title":"Colectivo por la recuperaci\u00f3n de la ex Escuela Hogar repudi\u00f3 negativa de Naci\u00f3n - Diario Textual","robots":{"index":"index","follow":"follow","max-snippet":"max-snippet:-1","max-image-preview":"max-image-preview:large","max-video-preview":"max-video-preview:-1"},"canonical":"https:\/\/diariotextual.com\/inicio\/index.php\/2019\/10\/04\/colectivo-la-recuperacion-la-ex-escuela-hogar-repudio-negativa-nacion\/","og_locale":"es_ES","og_type":"article","og_title":"Colectivo por la recuperaci\u00f3n de la ex Escuela Hogar repudi\u00f3 negativa de Naci\u00f3n - Diario Textual","og_description":"El Colectivo pampeano de acci\u00f3n por la recuperaci\u00f3n de la ex Escuela Hogar de Santa Rosa repudi\u00f3 la decisi\u00f3n del Gobierno nacional de negar la cesi\u00f3n del edificio a la&hellip;","og_url":"https:\/\/diariotextual.com\/inicio\/index.php\/2019\/10\/04\/colectivo-la-recuperacion-la-ex-escuela-hogar-repudio-negativa-nacion\/","og_site_name":"Diario Textual","article_publisher":"https:\/\/www.facebook.com\/eltextual","article_published_time":"2019-10-04T11:52:19+00:00","article_modified_time":"2019-10-04T20:24:49+00:00","og_image":[{"width":1200,"height":728,"url":"https:\/\/diariotextual.com\/inicio\/wp-content\/uploads\/2019\/10\/escuelahogarstarosa2019-1.jpg","type":"image\/jpeg"}],"author":"diario2","twitter_card":"summary_large_image","twitter_creator":"@eltextual","twitter_site":"@eltextual","twitter_misc":{"Escrito por":"diario2","Tiempo de lectura":"1 minuto"},"schema":{"@context":"https:\/\/schema.org","@graph":[{"@type":"Article","@id":"https:\/\/diariotextual.com\/inicio\/index.php\/2019\/10\/04\/colectivo-la-recuperacion-la-ex-escuela-hogar-repudio-negativa-nacion\/#article","isPartOf":{"@id":"https:\/\/diariotextual.com\/inicio\/index.php\/2019\/10\/04\/colectivo-la-recuperacion-la-ex-escuela-hogar-repudio-negativa-nacion\/"},"author":{"name":"diario2","@id":"https:\/\/diariotextual.com\/inicio\/#\/schema\/person\/694f60677f23c4a530867a98f22b3768"},"headline":"Colectivo por la recuperaci\u00f3n de la ex Escuela Hogar repudi\u00f3 negativa de Naci\u00f3n","datePublished":"2019-10-04T11:52:19+00:00","dateModified":"2019-10-04T20:24:49+00:00","mainEntityOfPage":{"@id":"https:\/\/diariotextual.com\/inicio\/index.php\/2019\/10\/04\/colectivo-la-recuperacion-la-ex-escuela-hogar-repudio-negativa-nacion\/"},"wordCount":309,"publisher":{"@id":"https:\/\/diariotextual.com\/inicio\/#organization"},"image":{"@id":"https:\/\/diariotextual.com\/inicio\/index.php\/2019\/10\/04\/colectivo-la-recuperacion-la-ex-escuela-hogar-repudio-negativa-nacion\/#primaryimage"},"thumbnailUrl":"https:\/\/diariotextual.com\/inicio\/wp-content\/uploads\/2019\/10\/escuelahogarstarosa2019-1.jpg","articleSection":["A - QUE PASA (al costado)","A - TEMPORALES","SOCIEDAD"],"inLanguage":"es"},{"@type":"WebPage","@id":"https:\/\/diariotextual.com\/inicio\/index.php\/2019\/10\/04\/colectivo-la-recuperacion-la-ex-escuela-hogar-repudio-negativa-nacion\/","url":"https:\/\/diariotextual.com\/inicio\/index.php\/2019\/10\/04\/colectivo-la-recuperacion-la-ex-escuela-hogar-repudio-negativa-nacion\/","name":"Colectivo por la recuperaci\u00f3n de la ex Escuela Hogar repudi\u00f3 negativa de Naci\u00f3n - Diario Textual","isPartOf":{"@id":"https:\/\/diariotextual.com\/inicio\/#website"},"primaryImageOfPage":{"@id":"https:\/\/diariotextual.com\/inicio\/index.php\/2019\/10\/04\/colectivo-la-recuperacion-la-ex-escuela-hogar-repudio-negativa-nacion\/#primaryimage"},"image":{"@id":"https:\/\/diariotextual.com\/inicio\/index.php\/2019\/10\/04\/colectivo-la-recuperacion-la-ex-escuela-hogar-repudio-negativa-nacion\/#primaryimage"},"thumbnailUrl":"https:\/\/diariotextual.com\/inicio\/wp-content\/uploads\/2019\/10\/escuelahogarstarosa2019-1.jpg","datePublished":"2019-10-04T11:52:19+00:00","dateModified":"2019-10-04T20:24:49+00:00","breadcrumb":{"@id":"https:\/\/diariotextual.com\/inicio\/index.php\/2019\/10\/04\/colectivo-la-recuperacion-la-ex-escuela-hogar-repudio-negativa-nacion\/#breadcrumb"},"inLanguage":"es","potentialAction":[{"@type":"ReadAction","target":["https:\/\/diariotextual.com\/inicio\/index.php\/2019\/10\/04\/colectivo-la-recuperacion-la-ex-escuela-hogar-repudio-negativa-nacion\/"]}]},{"@type":"ImageObject","inLanguage":"es","@id":"https:\/\/diariotextual.com\/inicio\/index.php\/2019\/10\/04\/colectivo-la-recuperacion-la-ex-escuela-hogar-repudio-negativa-nacion\/#primaryimage","url":"https:\/\/diariotextual.com\/inicio\/wp-content\/uploads\/2019\/10\/escuelahogarstarosa2019-1.jpg","contentUrl":"https:\/\/diariotextual.com\/inicio\/wp-content\/uploads\/2019\/10\/escuelahogarstarosa2019-1.jpg","width":1200,"height":728},{"@type":"BreadcrumbList","@id":"https:\/\/diariotextual.com\/inicio\/index.php\/2019\/10\/04\/colectivo-la-recuperacion-la-ex-escuela-hogar-repudio-negativa-nacion\/#breadcrumb","itemListElement":[{"@type":"ListItem","position":1,"name":"Portada","item":"https:\/\/diariotextual.com\/inicio\/"},{"@type":"ListItem","position":2,"name":"Colectivo por la recuperaci\u00f3n de la ex Escuela Hogar repudi\u00f3 negativa de Naci\u00f3n"}]},{"@type":"WebSite","@id":"https:\/\/diariotextual.com\/inicio\/#website","url":"https:\/\/diariotextual.com\/inicio\/","name":"Diario Textual","description":"","publisher":{"@id":"https:\/\/diariotextual.com\/inicio\/#organization"},"potentialAction":[{"@type":"SearchAction","target":{"@type":"EntryPoint","urlTemplate":"https:\/\/diariotextual.com\/inicio\/?s={search_term_string}"},"query-input":{"@type":"PropertyValueSpecification","valueRequired":true,"valueName":"search_term_string"}}],"inLanguage":"es"},{"@type":"Organization","@id":"https:\/\/diariotextual.com\/inicio\/#organization","name":"Diario Textual","url":"https:\/\/diariotextual.com\/inicio\/","logo":{"@type":"ImageObject","inLanguage":"es","@id":"https:\/\/diariotextual.com\/inicio\/#\/schema\/logo\/image\/","url":"https:\/\/diariotextual.com\/inicio\/wp-content\/uploads\/2023\/05\/logotextual1.jpg","contentUrl":"https:\/\/diariotextual.com\/inicio\/wp-content\/uploads\/2023\/05\/logotextual1.jpg","width":516,"height":76,"caption":"Diario Textual"},"image":{"@id":"https:\/\/diariotextual.com\/inicio\/#\/schema\/logo\/image\/"},"sameAs":["https:\/\/www.facebook.com\/eltextual","https:\/\/x.com\/eltextual","http:\/\/www.instagram.com\/eltextual"]},{"@type":"Person","@id":"https:\/\/diariotextual.com\/inicio\/#\/schema\/person\/694f60677f23c4a530867a98f22b3768","name":"diario2","image":{"@type":"ImageObject","inLanguage":"es","@id":"https:\/\/secure.gravatar.com\/avatar\/5a2567495ba16b852fcd8f1ed006a2e24fcace936018ed8237e95f488ad6e0a7?s=96&d=mm&r=g","url":"https:\/\/secure.gravatar.com\/avatar\/5a2567495ba16b852fcd8f1ed006a2e24fcace936018ed8237e95f488ad6e0a7?s=96&d=mm&r=g","contentUrl":"https:\/\/secure.gravatar.com\/avatar\/5a2567495ba16b852fcd8f1ed006a2e24fcace936018ed8237e95f488ad6e0a7?s=96&d=mm&r=g","caption":"diario2"},"url":"https:\/\/diariotextual.com\/inicio\/index.php\/author\/diario2\/"}]}},"_links":{"self":[{"href":"https:\/\/diariotextual.com\/inicio\/index.php\/wp-json\/wp\/v2\/posts\/64779","targetHints":{"allow":["GET"]}}],"collection":[{"href":"https:\/\/diariotextual.com\/inicio\/index.php\/wp-json\/wp\/v2\/posts"}],"about":[{"href":"https:\/\/diariotextual.com\/inicio\/index.php\/wp-json\/wp\/v2\/types\/post"}],"author":[{"embeddable":true,"href":"https:\/\/diariotextual.com\/inicio\/index.php\/wp-json\/wp\/v2\/users\/4"}],"replies":[{"embeddable":true,"href":"https:\/\/diariotextual.com\/inicio\/index.php\/wp-json\/wp\/v2\/comments?post=64779"}],"version-history":[{"count":1,"href":"https:\/\/diariotextual.com\/inicio\/index.php\/wp-json\/wp\/v2\/posts\/64779\/revisions"}],"predecessor-version":[{"id":64783,"href":"https:\/\/diariotextual.com\/inicio\/index.php\/wp-json\/wp\/v2\/posts\/64779\/revisions\/64783"}],"wp:featuredmedia":[{"embeddable":true,"href":"https:\/\/diariotextual.com\/inicio\/index.php\/wp-json\/wp\/v2\/media\/64776"}],"wp:attachment":[{"href":"https:\/\/diariotextual.com\/inicio\/index.php\/wp-json\/wp\/v2\/media?parent=64779"}],"wp:term":[{"taxonomy":"category","embeddable":true,"href":"https:\/\/diariotextual.com\/inicio\/index.php\/wp-json\/wp\/v2\/categories?post=64779"},{"taxonomy":"post_tag","embeddable":true,"href":"https:\/\/diariotextual.com\/inicio\/index.php\/wp-json\/wp\/v2\/tags?post=64779"}],"curies":[{"name":"wp","href":"https:\/\/api.w.org\/{rel}","templated":true}]}}