{"id":64798,"date":"2019-10-04T10:18:35","date_gmt":"2019-10-04T13:18:35","guid":{"rendered":"http:\/\/diariotextual.com\/inicio\/?p=64798"},"modified":"2019-10-04T19:30:53","modified_gmt":"2019-10-04T22:30:53","slug":"yanka-rayen-comic-pampeano-difundir-la-cultura-ranquel","status":"publish","type":"post","link":"https:\/\/diariotextual.com\/inicio\/index.php\/2019\/10\/04\/yanka-rayen-comic-pampeano-difundir-la-cultura-ranquel\/","title":{"rendered":"Yanka Rayen, un c\u00f3mic pampeano para difundir la cultura ranquel"},"content":{"rendered":"<p><strong>Yanca Rayen<\/strong>, un libro de <strong>historieta<\/strong> pampeano, se present\u00f3 este viernes en la<strong> III Feria Provincial del Libro<\/strong>, que se desarrolla en el centro cultural <strong>Medasur<\/strong> de Santa Rosa (avenida Belgrano).<\/p>\n<p><img fetchpriority=\"high\" decoding=\"async\" class=\"alignnone wp-image-64831 size-full\" src=\"http:\/\/diariotextual.com\/inicio\/wp-content\/uploads\/2019\/10\/yankarayenpresentacion2019-1.jpg\" alt=\"\" width=\"1000\" height=\"671\" srcset=\"https:\/\/diariotextual.com\/inicio\/wp-content\/uploads\/2019\/10\/yankarayenpresentacion2019-1.jpg 1000w, https:\/\/diariotextual.com\/inicio\/wp-content\/uploads\/2019\/10\/yankarayenpresentacion2019-1-300x201.jpg 300w, https:\/\/diariotextual.com\/inicio\/wp-content\/uploads\/2019\/10\/yankarayenpresentacion2019-1-768x515.jpg 768w, https:\/\/diariotextual.com\/inicio\/wp-content\/uploads\/2019\/10\/yankarayenpresentacion2019-1-585x393.jpg 585w, https:\/\/diariotextual.com\/inicio\/wp-content\/uploads\/2019\/10\/yankarayenpresentacion2019-1-263x175.jpg 263w\" sizes=\"(max-width: 1000px) 100vw, 1000px\" \/><\/p>\n<p>La publicaci\u00f3n es autor\u00eda de <strong>Javier Villalba<\/strong> y <strong>Mat\u00edas Prieto Can\u00e9<\/strong>. Fue presentada por la Comunidad Baigorrita y 7 Sellos Editorial Cooperativa.<\/p>\n<p>Es una historieta educativa infantil biling\u00fce. Est\u00e1 escrita en la lengua ranquel con subt\u00edtulos en espa\u00f1ol.<\/p>\n<p>Seg\u00fan dijeron, est\u00e1 pensada para recuperar, difundir y transmitir la cultura de los pueblos originarios de La Pampa. Se presenta en formato libro, con diez cap\u00edtulos, que incluyen informaci\u00f3n adicional para los lectores.<\/p>\n<p><img decoding=\"async\" class=\"alignnone wp-image-64799 size-full\" src=\"http:\/\/diariotextual.com\/inicio\/wp-content\/uploads\/2019\/10\/yankaranquellibro2019.jpg\" alt=\"\" width=\"574\" height=\"412\" srcset=\"https:\/\/diariotextual.com\/inicio\/wp-content\/uploads\/2019\/10\/yankaranquellibro2019.jpg 574w, https:\/\/diariotextual.com\/inicio\/wp-content\/uploads\/2019\/10\/yankaranquellibro2019-300x215.jpg 300w\" sizes=\"(max-width: 574px) 100vw, 574px\" \/><\/p>\n<p>La presentaci\u00f3n se desarroll\u00f3 en el auditorio del Medasur a las 10 y a las 14 horas, repleto de ni\u00f1os y ni\u00f1as.<\/p>\n<p>Hubo una exposici\u00f3n de sus autores, quienes contaron c\u00f3mo surgi\u00f3 la idea y c\u00f3mo se fue plasmando. En la presentaci\u00f3n, adem\u00e1s, estuvieron los lonkos Juan P\u00e9rez (Comunidad Baigorrita) y Nazareno Serraino (Comunidad Rosa Mariqueo).<\/p>\n<p>&nbsp;<\/p>\n<p>&nbsp;<\/p>\n","protected":false},"excerpt":{"rendered":"<p>Yanca Rayen, un libro de historieta pampeano, se present\u00f3 este viernes en la III Feria Provincial del Libro, que se desarrolla en el centro cultural Medasur de Santa Rosa (avenida&hellip;<\/p>\n","protected":false},"author":3,"featured_media":64832,"comment_status":"closed","ping_status":"open","sticky":false,"template":"","format":"standard","meta":{"_acf_changed":false,"footnotes":""},"categories":[319,2],"tags":[2279,2278],"class_list":["post-64798","post","type-post","status-publish","format-standard","has-post-thumbnail","hentry","category-a-temporales","category-cultura","tag-rayen","tag-yanka"],"acf":[],"yoast_head":"<!-- This site is optimized with the Yoast SEO plugin v27.5 - https:\/\/yoast.com\/product\/yoast-seo-wordpress\/ -->\n<title>Yanka Rayen, un c\u00f3mic pampeano para difundir la cultura ranquel - Diario Textual<\/title>\n<meta name=\"robots\" content=\"index, follow, max-snippet:-1, max-image-preview:large, max-video-preview:-1\" \/>\n<link rel=\"canonical\" href=\"https:\/\/diariotextual.com\/inicio\/index.php\/2019\/10\/04\/yanka-rayen-comic-pampeano-difundir-la-cultura-ranquel\/\" \/>\n<meta property=\"og:locale\" content=\"es_ES\" \/>\n<meta property=\"og:type\" content=\"article\" \/>\n<meta property=\"og:title\" content=\"Yanka Rayen, un c\u00f3mic pampeano para difundir la cultura ranquel - Diario Textual\" \/>\n<meta property=\"og:description\" content=\"Yanca Rayen, un libro de historieta pampeano, se present\u00f3 este viernes en la III Feria Provincial del Libro, que se desarrolla en el centro cultural Medasur de Santa Rosa (avenida&hellip;\" \/>\n<meta property=\"og:url\" content=\"https:\/\/diariotextual.com\/inicio\/index.php\/2019\/10\/04\/yanka-rayen-comic-pampeano-difundir-la-cultura-ranquel\/\" \/>\n<meta property=\"og:site_name\" content=\"Diario Textual\" \/>\n<meta property=\"article:publisher\" content=\"https:\/\/www.facebook.com\/eltextual\" \/>\n<meta property=\"article:published_time\" content=\"2019-10-04T13:18:35+00:00\" \/>\n<meta property=\"article:modified_time\" content=\"2019-10-04T22:30:53+00:00\" \/>\n<meta property=\"og:image\" content=\"https:\/\/diariotextual.com\/inicio\/wp-content\/uploads\/2019\/10\/yankarayenpresentacion2019-2.jpg\" \/>\n\t<meta property=\"og:image:width\" content=\"1000\" \/>\n\t<meta property=\"og:image:height\" content=\"667\" \/>\n\t<meta property=\"og:image:type\" content=\"image\/jpeg\" \/>\n<meta name=\"author\" content=\"Diario1 Diario1\" \/>\n<meta name=\"twitter:card\" content=\"summary_large_image\" \/>\n<meta name=\"twitter:creator\" content=\"@eltextual\" \/>\n<meta name=\"twitter:site\" content=\"@eltextual\" \/>\n<meta name=\"twitter:label1\" content=\"Escrito por\" \/>\n\t<meta name=\"twitter:data1\" content=\"Diario1 Diario1\" \/>\n\t<meta name=\"twitter:label2\" content=\"Tiempo de lectura\" \/>\n\t<meta name=\"twitter:data2\" content=\"1 minuto\" \/>\n<script type=\"application\/ld+json\" class=\"yoast-schema-graph\">{\"@context\":\"https:\\\/\\\/schema.org\",\"@graph\":[{\"@type\":\"Article\",\"@id\":\"https:\\\/\\\/diariotextual.com\\\/inicio\\\/index.php\\\/2019\\\/10\\\/04\\\/yanka-rayen-comic-pampeano-difundir-la-cultura-ranquel\\\/#article\",\"isPartOf\":{\"@id\":\"https:\\\/\\\/diariotextual.com\\\/inicio\\\/index.php\\\/2019\\\/10\\\/04\\\/yanka-rayen-comic-pampeano-difundir-la-cultura-ranquel\\\/\"},\"author\":{\"name\":\"Diario1 Diario1\",\"@id\":\"https:\\\/\\\/diariotextual.com\\\/inicio\\\/#\\\/schema\\\/person\\\/418fc4093c33e86ed41562db3508f958\"},\"headline\":\"Yanka Rayen, un c\u00f3mic pampeano para difundir la cultura ranquel\",\"datePublished\":\"2019-10-04T13:18:35+00:00\",\"dateModified\":\"2019-10-04T22:30:53+00:00\",\"mainEntityOfPage\":{\"@id\":\"https:\\\/\\\/diariotextual.com\\\/inicio\\\/index.php\\\/2019\\\/10\\\/04\\\/yanka-rayen-comic-pampeano-difundir-la-cultura-ranquel\\\/\"},\"wordCount\":186,\"publisher\":{\"@id\":\"https:\\\/\\\/diariotextual.com\\\/inicio\\\/#organization\"},\"image\":{\"@id\":\"https:\\\/\\\/diariotextual.com\\\/inicio\\\/index.php\\\/2019\\\/10\\\/04\\\/yanka-rayen-comic-pampeano-difundir-la-cultura-ranquel\\\/#primaryimage\"},\"thumbnailUrl\":\"https:\\\/\\\/diariotextual.com\\\/inicio\\\/wp-content\\\/uploads\\\/2019\\\/10\\\/yankarayenpresentacion2019-2.jpg\",\"keywords\":[\"rayen\",\"yanka\"],\"articleSection\":[\"A - TEMPORALES\",\"CULTURA\"],\"inLanguage\":\"es\"},{\"@type\":\"WebPage\",\"@id\":\"https:\\\/\\\/diariotextual.com\\\/inicio\\\/index.php\\\/2019\\\/10\\\/04\\\/yanka-rayen-comic-pampeano-difundir-la-cultura-ranquel\\\/\",\"url\":\"https:\\\/\\\/diariotextual.com\\\/inicio\\\/index.php\\\/2019\\\/10\\\/04\\\/yanka-rayen-comic-pampeano-difundir-la-cultura-ranquel\\\/\",\"name\":\"Yanka Rayen, un c\u00f3mic pampeano para difundir la cultura ranquel - Diario Textual\",\"isPartOf\":{\"@id\":\"https:\\\/\\\/diariotextual.com\\\/inicio\\\/#website\"},\"primaryImageOfPage\":{\"@id\":\"https:\\\/\\\/diariotextual.com\\\/inicio\\\/index.php\\\/2019\\\/10\\\/04\\\/yanka-rayen-comic-pampeano-difundir-la-cultura-ranquel\\\/#primaryimage\"},\"image\":{\"@id\":\"https:\\\/\\\/diariotextual.com\\\/inicio\\\/index.php\\\/2019\\\/10\\\/04\\\/yanka-rayen-comic-pampeano-difundir-la-cultura-ranquel\\\/#primaryimage\"},\"thumbnailUrl\":\"https:\\\/\\\/diariotextual.com\\\/inicio\\\/wp-content\\\/uploads\\\/2019\\\/10\\\/yankarayenpresentacion2019-2.jpg\",\"datePublished\":\"2019-10-04T13:18:35+00:00\",\"dateModified\":\"2019-10-04T22:30:53+00:00\",\"breadcrumb\":{\"@id\":\"https:\\\/\\\/diariotextual.com\\\/inicio\\\/index.php\\\/2019\\\/10\\\/04\\\/yanka-rayen-comic-pampeano-difundir-la-cultura-ranquel\\\/#breadcrumb\"},\"inLanguage\":\"es\",\"potentialAction\":[{\"@type\":\"ReadAction\",\"target\":[\"https:\\\/\\\/diariotextual.com\\\/inicio\\\/index.php\\\/2019\\\/10\\\/04\\\/yanka-rayen-comic-pampeano-difundir-la-cultura-ranquel\\\/\"]}]},{\"@type\":\"ImageObject\",\"inLanguage\":\"es\",\"@id\":\"https:\\\/\\\/diariotextual.com\\\/inicio\\\/index.php\\\/2019\\\/10\\\/04\\\/yanka-rayen-comic-pampeano-difundir-la-cultura-ranquel\\\/#primaryimage\",\"url\":\"https:\\\/\\\/diariotextual.com\\\/inicio\\\/wp-content\\\/uploads\\\/2019\\\/10\\\/yankarayenpresentacion2019-2.jpg\",\"contentUrl\":\"https:\\\/\\\/diariotextual.com\\\/inicio\\\/wp-content\\\/uploads\\\/2019\\\/10\\\/yankarayenpresentacion2019-2.jpg\",\"width\":1000,\"height\":667},{\"@type\":\"BreadcrumbList\",\"@id\":\"https:\\\/\\\/diariotextual.com\\\/inicio\\\/index.php\\\/2019\\\/10\\\/04\\\/yanka-rayen-comic-pampeano-difundir-la-cultura-ranquel\\\/#breadcrumb\",\"itemListElement\":[{\"@type\":\"ListItem\",\"position\":1,\"name\":\"Portada\",\"item\":\"https:\\\/\\\/diariotextual.com\\\/inicio\\\/\"},{\"@type\":\"ListItem\",\"position\":2,\"name\":\"Yanka Rayen, un c\u00f3mic pampeano para difundir la cultura ranquel\"}]},{\"@type\":\"WebSite\",\"@id\":\"https:\\\/\\\/diariotextual.com\\\/inicio\\\/#website\",\"url\":\"https:\\\/\\\/diariotextual.com\\\/inicio\\\/\",\"name\":\"Diario Textual\",\"description\":\"\",\"publisher\":{\"@id\":\"https:\\\/\\\/diariotextual.com\\\/inicio\\\/#organization\"},\"potentialAction\":[{\"@type\":\"SearchAction\",\"target\":{\"@type\":\"EntryPoint\",\"urlTemplate\":\"https:\\\/\\\/diariotextual.com\\\/inicio\\\/?s={search_term_string}\"},\"query-input\":{\"@type\":\"PropertyValueSpecification\",\"valueRequired\":true,\"valueName\":\"search_term_string\"}}],\"inLanguage\":\"es\"},{\"@type\":\"Organization\",\"@id\":\"https:\\\/\\\/diariotextual.com\\\/inicio\\\/#organization\",\"name\":\"Diario Textual\",\"url\":\"https:\\\/\\\/diariotextual.com\\\/inicio\\\/\",\"logo\":{\"@type\":\"ImageObject\",\"inLanguage\":\"es\",\"@id\":\"https:\\\/\\\/diariotextual.com\\\/inicio\\\/#\\\/schema\\\/logo\\\/image\\\/\",\"url\":\"https:\\\/\\\/diariotextual.com\\\/inicio\\\/wp-content\\\/uploads\\\/2023\\\/05\\\/logotextual1.jpg\",\"contentUrl\":\"https:\\\/\\\/diariotextual.com\\\/inicio\\\/wp-content\\\/uploads\\\/2023\\\/05\\\/logotextual1.jpg\",\"width\":516,\"height\":76,\"caption\":\"Diario Textual\"},\"image\":{\"@id\":\"https:\\\/\\\/diariotextual.com\\\/inicio\\\/#\\\/schema\\\/logo\\\/image\\\/\"},\"sameAs\":[\"https:\\\/\\\/www.facebook.com\\\/eltextual\",\"https:\\\/\\\/x.com\\\/eltextual\",\"http:\\\/\\\/www.instagram.com\\\/eltextual\"]},{\"@type\":\"Person\",\"@id\":\"https:\\\/\\\/diariotextual.com\\\/inicio\\\/#\\\/schema\\\/person\\\/418fc4093c33e86ed41562db3508f958\",\"name\":\"Diario1 Diario1\",\"image\":{\"@type\":\"ImageObject\",\"inLanguage\":\"es\",\"@id\":\"https:\\\/\\\/secure.gravatar.com\\\/avatar\\\/9167d280179c85bc18be67aa7eda765854300033af4896dd779b608640f2ef7a?s=96&d=mm&r=g\",\"url\":\"https:\\\/\\\/secure.gravatar.com\\\/avatar\\\/9167d280179c85bc18be67aa7eda765854300033af4896dd779b608640f2ef7a?s=96&d=mm&r=g\",\"contentUrl\":\"https:\\\/\\\/secure.gravatar.com\\\/avatar\\\/9167d280179c85bc18be67aa7eda765854300033af4896dd779b608640f2ef7a?s=96&d=mm&r=g\",\"caption\":\"Diario1 Diario1\"},\"url\":\"https:\\\/\\\/diariotextual.com\\\/inicio\\\/index.php\\\/author\\\/diario1\\\/\"}]}<\/script>\n<!-- \/ Yoast SEO plugin. -->","yoast_head_json":{"title":"Yanka Rayen, un c\u00f3mic pampeano para difundir la cultura ranquel - Diario Textual","robots":{"index":"index","follow":"follow","max-snippet":"max-snippet:-1","max-image-preview":"max-image-preview:large","max-video-preview":"max-video-preview:-1"},"canonical":"https:\/\/diariotextual.com\/inicio\/index.php\/2019\/10\/04\/yanka-rayen-comic-pampeano-difundir-la-cultura-ranquel\/","og_locale":"es_ES","og_type":"article","og_title":"Yanka Rayen, un c\u00f3mic pampeano para difundir la cultura ranquel - Diario Textual","og_description":"Yanca Rayen, un libro de historieta pampeano, se present\u00f3 este viernes en la III Feria Provincial del Libro, que se desarrolla en el centro cultural Medasur de Santa Rosa (avenida&hellip;","og_url":"https:\/\/diariotextual.com\/inicio\/index.php\/2019\/10\/04\/yanka-rayen-comic-pampeano-difundir-la-cultura-ranquel\/","og_site_name":"Diario Textual","article_publisher":"https:\/\/www.facebook.com\/eltextual","article_published_time":"2019-10-04T13:18:35+00:00","article_modified_time":"2019-10-04T22:30:53+00:00","og_image":[{"width":1000,"height":667,"url":"https:\/\/diariotextual.com\/inicio\/wp-content\/uploads\/2019\/10\/yankarayenpresentacion2019-2.jpg","type":"image\/jpeg"}],"author":"Diario1 Diario1","twitter_card":"summary_large_image","twitter_creator":"@eltextual","twitter_site":"@eltextual","twitter_misc":{"Escrito por":"Diario1 Diario1","Tiempo de lectura":"1 minuto"},"schema":{"@context":"https:\/\/schema.org","@graph":[{"@type":"Article","@id":"https:\/\/diariotextual.com\/inicio\/index.php\/2019\/10\/04\/yanka-rayen-comic-pampeano-difundir-la-cultura-ranquel\/#article","isPartOf":{"@id":"https:\/\/diariotextual.com\/inicio\/index.php\/2019\/10\/04\/yanka-rayen-comic-pampeano-difundir-la-cultura-ranquel\/"},"author":{"name":"Diario1 Diario1","@id":"https:\/\/diariotextual.com\/inicio\/#\/schema\/person\/418fc4093c33e86ed41562db3508f958"},"headline":"Yanka Rayen, un c\u00f3mic pampeano para difundir la cultura ranquel","datePublished":"2019-10-04T13:18:35+00:00","dateModified":"2019-10-04T22:30:53+00:00","mainEntityOfPage":{"@id":"https:\/\/diariotextual.com\/inicio\/index.php\/2019\/10\/04\/yanka-rayen-comic-pampeano-difundir-la-cultura-ranquel\/"},"wordCount":186,"publisher":{"@id":"https:\/\/diariotextual.com\/inicio\/#organization"},"image":{"@id":"https:\/\/diariotextual.com\/inicio\/index.php\/2019\/10\/04\/yanka-rayen-comic-pampeano-difundir-la-cultura-ranquel\/#primaryimage"},"thumbnailUrl":"https:\/\/diariotextual.com\/inicio\/wp-content\/uploads\/2019\/10\/yankarayenpresentacion2019-2.jpg","keywords":["rayen","yanka"],"articleSection":["A - TEMPORALES","CULTURA"],"inLanguage":"es"},{"@type":"WebPage","@id":"https:\/\/diariotextual.com\/inicio\/index.php\/2019\/10\/04\/yanka-rayen-comic-pampeano-difundir-la-cultura-ranquel\/","url":"https:\/\/diariotextual.com\/inicio\/index.php\/2019\/10\/04\/yanka-rayen-comic-pampeano-difundir-la-cultura-ranquel\/","name":"Yanka Rayen, un c\u00f3mic pampeano para difundir la cultura ranquel - Diario Textual","isPartOf":{"@id":"https:\/\/diariotextual.com\/inicio\/#website"},"primaryImageOfPage":{"@id":"https:\/\/diariotextual.com\/inicio\/index.php\/2019\/10\/04\/yanka-rayen-comic-pampeano-difundir-la-cultura-ranquel\/#primaryimage"},"image":{"@id":"https:\/\/diariotextual.com\/inicio\/index.php\/2019\/10\/04\/yanka-rayen-comic-pampeano-difundir-la-cultura-ranquel\/#primaryimage"},"thumbnailUrl":"https:\/\/diariotextual.com\/inicio\/wp-content\/uploads\/2019\/10\/yankarayenpresentacion2019-2.jpg","datePublished":"2019-10-04T13:18:35+00:00","dateModified":"2019-10-04T22:30:53+00:00","breadcrumb":{"@id":"https:\/\/diariotextual.com\/inicio\/index.php\/2019\/10\/04\/yanka-rayen-comic-pampeano-difundir-la-cultura-ranquel\/#breadcrumb"},"inLanguage":"es","potentialAction":[{"@type":"ReadAction","target":["https:\/\/diariotextual.com\/inicio\/index.php\/2019\/10\/04\/yanka-rayen-comic-pampeano-difundir-la-cultura-ranquel\/"]}]},{"@type":"ImageObject","inLanguage":"es","@id":"https:\/\/diariotextual.com\/inicio\/index.php\/2019\/10\/04\/yanka-rayen-comic-pampeano-difundir-la-cultura-ranquel\/#primaryimage","url":"https:\/\/diariotextual.com\/inicio\/wp-content\/uploads\/2019\/10\/yankarayenpresentacion2019-2.jpg","contentUrl":"https:\/\/diariotextual.com\/inicio\/wp-content\/uploads\/2019\/10\/yankarayenpresentacion2019-2.jpg","width":1000,"height":667},{"@type":"BreadcrumbList","@id":"https:\/\/diariotextual.com\/inicio\/index.php\/2019\/10\/04\/yanka-rayen-comic-pampeano-difundir-la-cultura-ranquel\/#breadcrumb","itemListElement":[{"@type":"ListItem","position":1,"name":"Portada","item":"https:\/\/diariotextual.com\/inicio\/"},{"@type":"ListItem","position":2,"name":"Yanka Rayen, un c\u00f3mic pampeano para difundir la cultura ranquel"}]},{"@type":"WebSite","@id":"https:\/\/diariotextual.com\/inicio\/#website","url":"https:\/\/diariotextual.com\/inicio\/","name":"Diario Textual","description":"","publisher":{"@id":"https:\/\/diariotextual.com\/inicio\/#organization"},"potentialAction":[{"@type":"SearchAction","target":{"@type":"EntryPoint","urlTemplate":"https:\/\/diariotextual.com\/inicio\/?s={search_term_string}"},"query-input":{"@type":"PropertyValueSpecification","valueRequired":true,"valueName":"search_term_string"}}],"inLanguage":"es"},{"@type":"Organization","@id":"https:\/\/diariotextual.com\/inicio\/#organization","name":"Diario Textual","url":"https:\/\/diariotextual.com\/inicio\/","logo":{"@type":"ImageObject","inLanguage":"es","@id":"https:\/\/diariotextual.com\/inicio\/#\/schema\/logo\/image\/","url":"https:\/\/diariotextual.com\/inicio\/wp-content\/uploads\/2023\/05\/logotextual1.jpg","contentUrl":"https:\/\/diariotextual.com\/inicio\/wp-content\/uploads\/2023\/05\/logotextual1.jpg","width":516,"height":76,"caption":"Diario Textual"},"image":{"@id":"https:\/\/diariotextual.com\/inicio\/#\/schema\/logo\/image\/"},"sameAs":["https:\/\/www.facebook.com\/eltextual","https:\/\/x.com\/eltextual","http:\/\/www.instagram.com\/eltextual"]},{"@type":"Person","@id":"https:\/\/diariotextual.com\/inicio\/#\/schema\/person\/418fc4093c33e86ed41562db3508f958","name":"Diario1 Diario1","image":{"@type":"ImageObject","inLanguage":"es","@id":"https:\/\/secure.gravatar.com\/avatar\/9167d280179c85bc18be67aa7eda765854300033af4896dd779b608640f2ef7a?s=96&d=mm&r=g","url":"https:\/\/secure.gravatar.com\/avatar\/9167d280179c85bc18be67aa7eda765854300033af4896dd779b608640f2ef7a?s=96&d=mm&r=g","contentUrl":"https:\/\/secure.gravatar.com\/avatar\/9167d280179c85bc18be67aa7eda765854300033af4896dd779b608640f2ef7a?s=96&d=mm&r=g","caption":"Diario1 Diario1"},"url":"https:\/\/diariotextual.com\/inicio\/index.php\/author\/diario1\/"}]}},"_links":{"self":[{"href":"https:\/\/diariotextual.com\/inicio\/index.php\/wp-json\/wp\/v2\/posts\/64798","targetHints":{"allow":["GET"]}}],"collection":[{"href":"https:\/\/diariotextual.com\/inicio\/index.php\/wp-json\/wp\/v2\/posts"}],"about":[{"href":"https:\/\/diariotextual.com\/inicio\/index.php\/wp-json\/wp\/v2\/types\/post"}],"author":[{"embeddable":true,"href":"https:\/\/diariotextual.com\/inicio\/index.php\/wp-json\/wp\/v2\/users\/3"}],"replies":[{"embeddable":true,"href":"https:\/\/diariotextual.com\/inicio\/index.php\/wp-json\/wp\/v2\/comments?post=64798"}],"version-history":[{"count":5,"href":"https:\/\/diariotextual.com\/inicio\/index.php\/wp-json\/wp\/v2\/posts\/64798\/revisions"}],"predecessor-version":[{"id":64842,"href":"https:\/\/diariotextual.com\/inicio\/index.php\/wp-json\/wp\/v2\/posts\/64798\/revisions\/64842"}],"wp:featuredmedia":[{"embeddable":true,"href":"https:\/\/diariotextual.com\/inicio\/index.php\/wp-json\/wp\/v2\/media\/64832"}],"wp:attachment":[{"href":"https:\/\/diariotextual.com\/inicio\/index.php\/wp-json\/wp\/v2\/media?parent=64798"}],"wp:term":[{"taxonomy":"category","embeddable":true,"href":"https:\/\/diariotextual.com\/inicio\/index.php\/wp-json\/wp\/v2\/categories?post=64798"},{"taxonomy":"post_tag","embeddable":true,"href":"https:\/\/diariotextual.com\/inicio\/index.php\/wp-json\/wp\/v2\/tags?post=64798"}],"curies":[{"name":"wp","href":"https:\/\/api.w.org\/{rel}","templated":true}]}}