{"id":64939,"date":"2019-10-05T18:17:08","date_gmt":"2019-10-05T21:17:08","guid":{"rendered":"http:\/\/diariotextual.com\/inicio\/?p=64939"},"modified":"2019-10-06T13:02:30","modified_gmt":"2019-10-06T16:02:30","slug":"berhongaray-reclamo-la-ruta-del-paso-pehuenche-pase-la-pampa","status":"publish","type":"post","link":"https:\/\/diariotextual.com\/inicio\/index.php\/2019\/10\/05\/berhongaray-reclamo-la-ruta-del-paso-pehuenche-pase-la-pampa\/","title":{"rendered":"Berhongaray reclam\u00f3 para que la ruta del Paso Pehuenche pase por La Pampa"},"content":{"rendered":"<p><strong>Mart\u00edn Berhongaray<\/strong>, candidato a diputado nacional,\u00a0visit\u00f3 la localidad de<strong> Realic\u00f3<\/strong> en compa\u00f1\u00eda de la legisladora provincial Patricia Testa y de las diputadas electas Lorena Clara y Agustina Garc\u00eda.<\/p>\n<p>En horas de la ma\u00f1ana fueron recibidos en la municipalidad por la intendenta Roxana Lercari y su equipo de colaboradores, donde conversaron sobre la actualidad de la localidad y los proyectos que llevan adelante.<\/p>\n<p>A continuaci\u00f3n y en compa\u00f1\u00eda del ex intendente y diputado provincial Dar\u00edo Casado concurrieron al Centro de Jubilados, donde conversaron con algunos de sus integrantes y recorrieron una vez m\u00e1s sus instalaciones, ya que Mart\u00edn Berhongaray los hab\u00eda visitado en otras oportunidades previas.<\/p>\n<p>Al concluir la visita compartieron un almuerzo en la vivienda de Jos\u00e9 Francese y Mirta Heredia, vecinos que ofrecieron gentilmente su casa para dialogar con otros tantos vecinos que se acercaron.<\/p>\n<p>Finalmente recorrieron algunas de las obras que se construyen la localidad como el Centro de D\u00eda, la Terminal de \u00f3mnibus y otras, donde conversaron con muchas de las personas que trabajan en ellas.<\/p>\n<p>En cada una de las oportunidades, Mart\u00edn Berhongaray explic\u00f3 las propuestas que pretende trabajar desde el Congreso de la Naci\u00f3n.<\/p>\n<p><strong>Entre ellas desarroll\u00f3 la decisi\u00f3n de impulsar las leyes que resulten necesarias para la construcci\u00f3n del Paso Pehuenche, que permitir\u00e1 la mejor integraci\u00f3n interoce\u00e1nica.<\/strong><\/p>\n<p>Record\u00f3 que a nivel parlamentario, tanto en La Pampa como en el orden nacional, uno de los precursores en el tema fue el entonces senador nacional Antonio Berhongaray. \u00abEn 1987 logr\u00f3 que se apruebe un proyecto declarando de inter\u00e9s nacional la ruta provincial 10, de manera que pase a integrar la red troncal nacional, nueva traza entre Santa Isabel y Agua Escondida, nueva traza prolongada hasta el cruce con la ruta provincial 5, en el kil\u00f3metro 480\u00bb, dijo. \u00abEse proyecto se present\u00f3 el mismo a\u00f1o que se sancion\u00f3 la hist\u00f3rica ley 23.272 que, impulsada por el senador Berhongaray, incorpor\u00f3 a La Pampa dentro de la Regi\u00f3n Patag\u00f3nica Argentina, lo que pone en evidencia su visi\u00f3n geopol\u00edtica de vanguardia\u00bb.<\/p>\n<p>La importancia del Paso Pehuenche desde el punto de vista estrat\u00e9gico nacional hab\u00eda sido analizada ya en 1970 por la Comisi\u00f3n Popular de Defensa de los R\u00edos Pampeanos (COPDRIP).<\/p>\n<p>\u00abconstituye el corredor bioce\u00e1nico m\u00e1s septentrional de la Cordillera de los Andes que se encuentra libre de nieve pr\u00e1cticamente durante todo el a\u00f1o\u201d, dijo. \u201cDe all\u00ed al sur -agreg\u00f3- es posible detectar otros pasos sin nieves, pero hacia el norte los pasos permanecen cerrados la mayor parte del a\u00f1o a causa de la nieve, quedando el Paso del Cristo Redentor casi como la \u00fanica comunicaci\u00f3n v\u00eda terrestre con Chile en los meses de invierno\u201d.<\/p>\n<p>Berhongaray record\u00f3 que del lado argentino, durante el gobierno de Frondizi se paviment\u00f3 el tramo Bardas Blancas-Las Loicas-Paso Pehuenche, y que a\u00f1os m\u00e1s tarde, ejerciendo la presidencia de la Naci\u00f3n Arturo Illia, se construy\u00f3 la ruta nacional 188. \u00abDurante m\u00e1s de medio siglo result\u00f3 una constante que los gobiernos civiles buscaran la integraci\u00f3n con Chile y con ello avanzaran en la ejecuci\u00f3n de obras tendientes a desarrollar los pasos transnacionales. Como contrapartida, los gobiernos militares procuraron separar a Argentina de Chile, siguiendo precisas instrucciones provenientes de Estados Unidos cuyo objetivo siempre consisti\u00f3 en balcanizarnos\u201d.<\/p>\n<p>Por \u00faltimo agreg\u00f3 que para La Pampa el Paso Pehuenche es de \u00absuma importancia\u00bb porque la ubica como un actor central en el pa\u00eds facilitando la comercializaci\u00f3n de muchos de nuestros productos con los pa\u00edses de Oriente a trav\u00e9s de Talca, Concepci\u00f3n y el Puerto de Talcahuano. \u201cCuando hablamos de los dos oc\u00e9anos -explic\u00f3- no s\u00f3lo estamos pensando en el puerto de Buenos Aires sino tambi\u00e9n en el de Bah\u00eda Blanca, cuyo tr\u00e1nsito encontrar\u00eda en el Paso Pehuenche una formidable salida al Pac\u00edfico\u201d.<\/p>\n<p>\u00abNo caben dudas de que el Paso Pehuenche constituye algo m\u00e1s que un corredor bioce\u00e1nico. Es probablemente la v\u00eda m\u00e1s importante con que cuenta el Mercosur toda vez que permite no s\u00f3lo la uni\u00f3n de Argentina con Chile sino que sirve de conexi\u00f3n con Uruguay, Brasil y Paraguay\u201d, dijo.<\/p>\n<p>&nbsp;<\/p>\n<p>&nbsp;<\/p>\n<p>&nbsp;<\/p>\n","protected":false},"excerpt":{"rendered":"<p>Mart\u00edn Berhongaray, candidato a diputado nacional,\u00a0visit\u00f3 la localidad de Realic\u00f3 en compa\u00f1\u00eda de la legisladora provincial Patricia Testa y de las diputadas electas Lorena Clara y Agustina Garc\u00eda. En horas&hellip;<\/p>\n","protected":false},"author":3,"featured_media":20805,"comment_status":"closed","ping_status":"open","sticky":false,"template":"","format":"standard","meta":{"_acf_changed":false,"footnotes":""},"categories":[11,319,8],"tags":[],"class_list":["post-64939","post","type-post","status-publish","format-standard","has-post-thumbnail","hentry","category-que-pasa","category-a-temporales","category-politica"],"acf":[],"yoast_head":"<!-- This site is optimized with the Yoast SEO plugin v27.5 - https:\/\/yoast.com\/product\/yoast-seo-wordpress\/ -->\n<title>Berhongaray reclam\u00f3 para que la ruta del Paso Pehuenche pase por La Pampa - Diario Textual<\/title>\n<meta name=\"robots\" content=\"index, follow, max-snippet:-1, max-image-preview:large, max-video-preview:-1\" \/>\n<link rel=\"canonical\" href=\"https:\/\/diariotextual.com\/inicio\/index.php\/2019\/10\/05\/berhongaray-reclamo-la-ruta-del-paso-pehuenche-pase-la-pampa\/\" \/>\n<meta property=\"og:locale\" content=\"es_ES\" \/>\n<meta property=\"og:type\" content=\"article\" \/>\n<meta property=\"og:title\" content=\"Berhongaray reclam\u00f3 para que la ruta del Paso Pehuenche pase por La Pampa - Diario Textual\" \/>\n<meta property=\"og:description\" content=\"Mart\u00edn Berhongaray, candidato a diputado nacional,\u00a0visit\u00f3 la localidad de Realic\u00f3 en compa\u00f1\u00eda de la legisladora provincial Patricia Testa y de las diputadas electas Lorena Clara y Agustina Garc\u00eda. En horas&hellip;\" \/>\n<meta property=\"og:url\" content=\"https:\/\/diariotextual.com\/inicio\/index.php\/2019\/10\/05\/berhongaray-reclamo-la-ruta-del-paso-pehuenche-pase-la-pampa\/\" \/>\n<meta property=\"og:site_name\" content=\"Diario Textual\" \/>\n<meta property=\"article:publisher\" content=\"https:\/\/www.facebook.com\/eltextual\" \/>\n<meta property=\"article:published_time\" content=\"2019-10-05T21:17:08+00:00\" \/>\n<meta property=\"article:modified_time\" content=\"2019-10-06T16:02:30+00:00\" \/>\n<meta property=\"og:image\" content=\"https:\/\/diariotextual.com\/inicio\/wp-content\/uploads\/2018\/09\/berhongaraymartin77.jpg\" \/>\n\t<meta property=\"og:image:width\" content=\"1269\" \/>\n\t<meta property=\"og:image:height\" content=\"871\" \/>\n\t<meta property=\"og:image:type\" content=\"image\/jpeg\" \/>\n<meta name=\"author\" content=\"Diario1 Diario1\" \/>\n<meta name=\"twitter:card\" content=\"summary_large_image\" \/>\n<meta name=\"twitter:creator\" content=\"@eltextual\" \/>\n<meta name=\"twitter:site\" content=\"@eltextual\" \/>\n<meta name=\"twitter:label1\" content=\"Escrito por\" \/>\n\t<meta name=\"twitter:data1\" content=\"Diario1 Diario1\" \/>\n\t<meta name=\"twitter:label2\" content=\"Tiempo de lectura\" \/>\n\t<meta name=\"twitter:data2\" content=\"4 minutos\" \/>\n<script type=\"application\/ld+json\" class=\"yoast-schema-graph\">{\"@context\":\"https:\\\/\\\/schema.org\",\"@graph\":[{\"@type\":\"Article\",\"@id\":\"https:\\\/\\\/diariotextual.com\\\/inicio\\\/index.php\\\/2019\\\/10\\\/05\\\/berhongaray-reclamo-la-ruta-del-paso-pehuenche-pase-la-pampa\\\/#article\",\"isPartOf\":{\"@id\":\"https:\\\/\\\/diariotextual.com\\\/inicio\\\/index.php\\\/2019\\\/10\\\/05\\\/berhongaray-reclamo-la-ruta-del-paso-pehuenche-pase-la-pampa\\\/\"},\"author\":{\"name\":\"Diario1 Diario1\",\"@id\":\"https:\\\/\\\/diariotextual.com\\\/inicio\\\/#\\\/schema\\\/person\\\/418fc4093c33e86ed41562db3508f958\"},\"headline\":\"Berhongaray reclam\u00f3 para que la ruta del Paso Pehuenche pase por La Pampa\",\"datePublished\":\"2019-10-05T21:17:08+00:00\",\"dateModified\":\"2019-10-06T16:02:30+00:00\",\"mainEntityOfPage\":{\"@id\":\"https:\\\/\\\/diariotextual.com\\\/inicio\\\/index.php\\\/2019\\\/10\\\/05\\\/berhongaray-reclamo-la-ruta-del-paso-pehuenche-pase-la-pampa\\\/\"},\"wordCount\":733,\"publisher\":{\"@id\":\"https:\\\/\\\/diariotextual.com\\\/inicio\\\/#organization\"},\"image\":{\"@id\":\"https:\\\/\\\/diariotextual.com\\\/inicio\\\/index.php\\\/2019\\\/10\\\/05\\\/berhongaray-reclamo-la-ruta-del-paso-pehuenche-pase-la-pampa\\\/#primaryimage\"},\"thumbnailUrl\":\"https:\\\/\\\/diariotextual.com\\\/inicio\\\/wp-content\\\/uploads\\\/2018\\\/09\\\/berhongaraymartin77.jpg\",\"articleSection\":[\"A - QUE PASA (al costado)\",\"A - TEMPORALES\",\"POLITICA\"],\"inLanguage\":\"es\"},{\"@type\":\"WebPage\",\"@id\":\"https:\\\/\\\/diariotextual.com\\\/inicio\\\/index.php\\\/2019\\\/10\\\/05\\\/berhongaray-reclamo-la-ruta-del-paso-pehuenche-pase-la-pampa\\\/\",\"url\":\"https:\\\/\\\/diariotextual.com\\\/inicio\\\/index.php\\\/2019\\\/10\\\/05\\\/berhongaray-reclamo-la-ruta-del-paso-pehuenche-pase-la-pampa\\\/\",\"name\":\"Berhongaray reclam\u00f3 para que la ruta del Paso Pehuenche pase por La Pampa - Diario Textual\",\"isPartOf\":{\"@id\":\"https:\\\/\\\/diariotextual.com\\\/inicio\\\/#website\"},\"primaryImageOfPage\":{\"@id\":\"https:\\\/\\\/diariotextual.com\\\/inicio\\\/index.php\\\/2019\\\/10\\\/05\\\/berhongaray-reclamo-la-ruta-del-paso-pehuenche-pase-la-pampa\\\/#primaryimage\"},\"image\":{\"@id\":\"https:\\\/\\\/diariotextual.com\\\/inicio\\\/index.php\\\/2019\\\/10\\\/05\\\/berhongaray-reclamo-la-ruta-del-paso-pehuenche-pase-la-pampa\\\/#primaryimage\"},\"thumbnailUrl\":\"https:\\\/\\\/diariotextual.com\\\/inicio\\\/wp-content\\\/uploads\\\/2018\\\/09\\\/berhongaraymartin77.jpg\",\"datePublished\":\"2019-10-05T21:17:08+00:00\",\"dateModified\":\"2019-10-06T16:02:30+00:00\",\"breadcrumb\":{\"@id\":\"https:\\\/\\\/diariotextual.com\\\/inicio\\\/index.php\\\/2019\\\/10\\\/05\\\/berhongaray-reclamo-la-ruta-del-paso-pehuenche-pase-la-pampa\\\/#breadcrumb\"},\"inLanguage\":\"es\",\"potentialAction\":[{\"@type\":\"ReadAction\",\"target\":[\"https:\\\/\\\/diariotextual.com\\\/inicio\\\/index.php\\\/2019\\\/10\\\/05\\\/berhongaray-reclamo-la-ruta-del-paso-pehuenche-pase-la-pampa\\\/\"]}]},{\"@type\":\"ImageObject\",\"inLanguage\":\"es\",\"@id\":\"https:\\\/\\\/diariotextual.com\\\/inicio\\\/index.php\\\/2019\\\/10\\\/05\\\/berhongaray-reclamo-la-ruta-del-paso-pehuenche-pase-la-pampa\\\/#primaryimage\",\"url\":\"https:\\\/\\\/diariotextual.com\\\/inicio\\\/wp-content\\\/uploads\\\/2018\\\/09\\\/berhongaraymartin77.jpg\",\"contentUrl\":\"https:\\\/\\\/diariotextual.com\\\/inicio\\\/wp-content\\\/uploads\\\/2018\\\/09\\\/berhongaraymartin77.jpg\",\"width\":1269,\"height\":871},{\"@type\":\"BreadcrumbList\",\"@id\":\"https:\\\/\\\/diariotextual.com\\\/inicio\\\/index.php\\\/2019\\\/10\\\/05\\\/berhongaray-reclamo-la-ruta-del-paso-pehuenche-pase-la-pampa\\\/#breadcrumb\",\"itemListElement\":[{\"@type\":\"ListItem\",\"position\":1,\"name\":\"Portada\",\"item\":\"https:\\\/\\\/diariotextual.com\\\/inicio\\\/\"},{\"@type\":\"ListItem\",\"position\":2,\"name\":\"Berhongaray reclam\u00f3 para que la ruta del Paso Pehuenche pase por La Pampa\"}]},{\"@type\":\"WebSite\",\"@id\":\"https:\\\/\\\/diariotextual.com\\\/inicio\\\/#website\",\"url\":\"https:\\\/\\\/diariotextual.com\\\/inicio\\\/\",\"name\":\"Diario Textual\",\"description\":\"\",\"publisher\":{\"@id\":\"https:\\\/\\\/diariotextual.com\\\/inicio\\\/#organization\"},\"potentialAction\":[{\"@type\":\"SearchAction\",\"target\":{\"@type\":\"EntryPoint\",\"urlTemplate\":\"https:\\\/\\\/diariotextual.com\\\/inicio\\\/?s={search_term_string}\"},\"query-input\":{\"@type\":\"PropertyValueSpecification\",\"valueRequired\":true,\"valueName\":\"search_term_string\"}}],\"inLanguage\":\"es\"},{\"@type\":\"Organization\",\"@id\":\"https:\\\/\\\/diariotextual.com\\\/inicio\\\/#organization\",\"name\":\"Diario Textual\",\"url\":\"https:\\\/\\\/diariotextual.com\\\/inicio\\\/\",\"logo\":{\"@type\":\"ImageObject\",\"inLanguage\":\"es\",\"@id\":\"https:\\\/\\\/diariotextual.com\\\/inicio\\\/#\\\/schema\\\/logo\\\/image\\\/\",\"url\":\"https:\\\/\\\/diariotextual.com\\\/inicio\\\/wp-content\\\/uploads\\\/2023\\\/05\\\/logotextual1.jpg\",\"contentUrl\":\"https:\\\/\\\/diariotextual.com\\\/inicio\\\/wp-content\\\/uploads\\\/2023\\\/05\\\/logotextual1.jpg\",\"width\":516,\"height\":76,\"caption\":\"Diario Textual\"},\"image\":{\"@id\":\"https:\\\/\\\/diariotextual.com\\\/inicio\\\/#\\\/schema\\\/logo\\\/image\\\/\"},\"sameAs\":[\"https:\\\/\\\/www.facebook.com\\\/eltextual\",\"https:\\\/\\\/x.com\\\/eltextual\",\"http:\\\/\\\/www.instagram.com\\\/eltextual\"]},{\"@type\":\"Person\",\"@id\":\"https:\\\/\\\/diariotextual.com\\\/inicio\\\/#\\\/schema\\\/person\\\/418fc4093c33e86ed41562db3508f958\",\"name\":\"Diario1 Diario1\",\"image\":{\"@type\":\"ImageObject\",\"inLanguage\":\"es\",\"@id\":\"https:\\\/\\\/secure.gravatar.com\\\/avatar\\\/9167d280179c85bc18be67aa7eda765854300033af4896dd779b608640f2ef7a?s=96&d=mm&r=g\",\"url\":\"https:\\\/\\\/secure.gravatar.com\\\/avatar\\\/9167d280179c85bc18be67aa7eda765854300033af4896dd779b608640f2ef7a?s=96&d=mm&r=g\",\"contentUrl\":\"https:\\\/\\\/secure.gravatar.com\\\/avatar\\\/9167d280179c85bc18be67aa7eda765854300033af4896dd779b608640f2ef7a?s=96&d=mm&r=g\",\"caption\":\"Diario1 Diario1\"},\"url\":\"https:\\\/\\\/diariotextual.com\\\/inicio\\\/index.php\\\/author\\\/diario1\\\/\"}]}<\/script>\n<!-- \/ Yoast SEO plugin. -->","yoast_head_json":{"title":"Berhongaray reclam\u00f3 para que la ruta del Paso Pehuenche pase por La Pampa - Diario Textual","robots":{"index":"index","follow":"follow","max-snippet":"max-snippet:-1","max-image-preview":"max-image-preview:large","max-video-preview":"max-video-preview:-1"},"canonical":"https:\/\/diariotextual.com\/inicio\/index.php\/2019\/10\/05\/berhongaray-reclamo-la-ruta-del-paso-pehuenche-pase-la-pampa\/","og_locale":"es_ES","og_type":"article","og_title":"Berhongaray reclam\u00f3 para que la ruta del Paso Pehuenche pase por La Pampa - Diario Textual","og_description":"Mart\u00edn Berhongaray, candidato a diputado nacional,\u00a0visit\u00f3 la localidad de Realic\u00f3 en compa\u00f1\u00eda de la legisladora provincial Patricia Testa y de las diputadas electas Lorena Clara y Agustina Garc\u00eda. En horas&hellip;","og_url":"https:\/\/diariotextual.com\/inicio\/index.php\/2019\/10\/05\/berhongaray-reclamo-la-ruta-del-paso-pehuenche-pase-la-pampa\/","og_site_name":"Diario Textual","article_publisher":"https:\/\/www.facebook.com\/eltextual","article_published_time":"2019-10-05T21:17:08+00:00","article_modified_time":"2019-10-06T16:02:30+00:00","og_image":[{"width":1269,"height":871,"url":"https:\/\/diariotextual.com\/inicio\/wp-content\/uploads\/2018\/09\/berhongaraymartin77.jpg","type":"image\/jpeg"}],"author":"Diario1 Diario1","twitter_card":"summary_large_image","twitter_creator":"@eltextual","twitter_site":"@eltextual","twitter_misc":{"Escrito por":"Diario1 Diario1","Tiempo de lectura":"4 minutos"},"schema":{"@context":"https:\/\/schema.org","@graph":[{"@type":"Article","@id":"https:\/\/diariotextual.com\/inicio\/index.php\/2019\/10\/05\/berhongaray-reclamo-la-ruta-del-paso-pehuenche-pase-la-pampa\/#article","isPartOf":{"@id":"https:\/\/diariotextual.com\/inicio\/index.php\/2019\/10\/05\/berhongaray-reclamo-la-ruta-del-paso-pehuenche-pase-la-pampa\/"},"author":{"name":"Diario1 Diario1","@id":"https:\/\/diariotextual.com\/inicio\/#\/schema\/person\/418fc4093c33e86ed41562db3508f958"},"headline":"Berhongaray reclam\u00f3 para que la ruta del Paso Pehuenche pase por La Pampa","datePublished":"2019-10-05T21:17:08+00:00","dateModified":"2019-10-06T16:02:30+00:00","mainEntityOfPage":{"@id":"https:\/\/diariotextual.com\/inicio\/index.php\/2019\/10\/05\/berhongaray-reclamo-la-ruta-del-paso-pehuenche-pase-la-pampa\/"},"wordCount":733,"publisher":{"@id":"https:\/\/diariotextual.com\/inicio\/#organization"},"image":{"@id":"https:\/\/diariotextual.com\/inicio\/index.php\/2019\/10\/05\/berhongaray-reclamo-la-ruta-del-paso-pehuenche-pase-la-pampa\/#primaryimage"},"thumbnailUrl":"https:\/\/diariotextual.com\/inicio\/wp-content\/uploads\/2018\/09\/berhongaraymartin77.jpg","articleSection":["A - QUE PASA (al costado)","A - TEMPORALES","POLITICA"],"inLanguage":"es"},{"@type":"WebPage","@id":"https:\/\/diariotextual.com\/inicio\/index.php\/2019\/10\/05\/berhongaray-reclamo-la-ruta-del-paso-pehuenche-pase-la-pampa\/","url":"https:\/\/diariotextual.com\/inicio\/index.php\/2019\/10\/05\/berhongaray-reclamo-la-ruta-del-paso-pehuenche-pase-la-pampa\/","name":"Berhongaray reclam\u00f3 para que la ruta del Paso Pehuenche pase por La Pampa - Diario Textual","isPartOf":{"@id":"https:\/\/diariotextual.com\/inicio\/#website"},"primaryImageOfPage":{"@id":"https:\/\/diariotextual.com\/inicio\/index.php\/2019\/10\/05\/berhongaray-reclamo-la-ruta-del-paso-pehuenche-pase-la-pampa\/#primaryimage"},"image":{"@id":"https:\/\/diariotextual.com\/inicio\/index.php\/2019\/10\/05\/berhongaray-reclamo-la-ruta-del-paso-pehuenche-pase-la-pampa\/#primaryimage"},"thumbnailUrl":"https:\/\/diariotextual.com\/inicio\/wp-content\/uploads\/2018\/09\/berhongaraymartin77.jpg","datePublished":"2019-10-05T21:17:08+00:00","dateModified":"2019-10-06T16:02:30+00:00","breadcrumb":{"@id":"https:\/\/diariotextual.com\/inicio\/index.php\/2019\/10\/05\/berhongaray-reclamo-la-ruta-del-paso-pehuenche-pase-la-pampa\/#breadcrumb"},"inLanguage":"es","potentialAction":[{"@type":"ReadAction","target":["https:\/\/diariotextual.com\/inicio\/index.php\/2019\/10\/05\/berhongaray-reclamo-la-ruta-del-paso-pehuenche-pase-la-pampa\/"]}]},{"@type":"ImageObject","inLanguage":"es","@id":"https:\/\/diariotextual.com\/inicio\/index.php\/2019\/10\/05\/berhongaray-reclamo-la-ruta-del-paso-pehuenche-pase-la-pampa\/#primaryimage","url":"https:\/\/diariotextual.com\/inicio\/wp-content\/uploads\/2018\/09\/berhongaraymartin77.jpg","contentUrl":"https:\/\/diariotextual.com\/inicio\/wp-content\/uploads\/2018\/09\/berhongaraymartin77.jpg","width":1269,"height":871},{"@type":"BreadcrumbList","@id":"https:\/\/diariotextual.com\/inicio\/index.php\/2019\/10\/05\/berhongaray-reclamo-la-ruta-del-paso-pehuenche-pase-la-pampa\/#breadcrumb","itemListElement":[{"@type":"ListItem","position":1,"name":"Portada","item":"https:\/\/diariotextual.com\/inicio\/"},{"@type":"ListItem","position":2,"name":"Berhongaray reclam\u00f3 para que la ruta del Paso Pehuenche pase por La Pampa"}]},{"@type":"WebSite","@id":"https:\/\/diariotextual.com\/inicio\/#website","url":"https:\/\/diariotextual.com\/inicio\/","name":"Diario Textual","description":"","publisher":{"@id":"https:\/\/diariotextual.com\/inicio\/#organization"},"potentialAction":[{"@type":"SearchAction","target":{"@type":"EntryPoint","urlTemplate":"https:\/\/diariotextual.com\/inicio\/?s={search_term_string}"},"query-input":{"@type":"PropertyValueSpecification","valueRequired":true,"valueName":"search_term_string"}}],"inLanguage":"es"},{"@type":"Organization","@id":"https:\/\/diariotextual.com\/inicio\/#organization","name":"Diario Textual","url":"https:\/\/diariotextual.com\/inicio\/","logo":{"@type":"ImageObject","inLanguage":"es","@id":"https:\/\/diariotextual.com\/inicio\/#\/schema\/logo\/image\/","url":"https:\/\/diariotextual.com\/inicio\/wp-content\/uploads\/2023\/05\/logotextual1.jpg","contentUrl":"https:\/\/diariotextual.com\/inicio\/wp-content\/uploads\/2023\/05\/logotextual1.jpg","width":516,"height":76,"caption":"Diario Textual"},"image":{"@id":"https:\/\/diariotextual.com\/inicio\/#\/schema\/logo\/image\/"},"sameAs":["https:\/\/www.facebook.com\/eltextual","https:\/\/x.com\/eltextual","http:\/\/www.instagram.com\/eltextual"]},{"@type":"Person","@id":"https:\/\/diariotextual.com\/inicio\/#\/schema\/person\/418fc4093c33e86ed41562db3508f958","name":"Diario1 Diario1","image":{"@type":"ImageObject","inLanguage":"es","@id":"https:\/\/secure.gravatar.com\/avatar\/9167d280179c85bc18be67aa7eda765854300033af4896dd779b608640f2ef7a?s=96&d=mm&r=g","url":"https:\/\/secure.gravatar.com\/avatar\/9167d280179c85bc18be67aa7eda765854300033af4896dd779b608640f2ef7a?s=96&d=mm&r=g","contentUrl":"https:\/\/secure.gravatar.com\/avatar\/9167d280179c85bc18be67aa7eda765854300033af4896dd779b608640f2ef7a?s=96&d=mm&r=g","caption":"Diario1 Diario1"},"url":"https:\/\/diariotextual.com\/inicio\/index.php\/author\/diario1\/"}]}},"_links":{"self":[{"href":"https:\/\/diariotextual.com\/inicio\/index.php\/wp-json\/wp\/v2\/posts\/64939","targetHints":{"allow":["GET"]}}],"collection":[{"href":"https:\/\/diariotextual.com\/inicio\/index.php\/wp-json\/wp\/v2\/posts"}],"about":[{"href":"https:\/\/diariotextual.com\/inicio\/index.php\/wp-json\/wp\/v2\/types\/post"}],"author":[{"embeddable":true,"href":"https:\/\/diariotextual.com\/inicio\/index.php\/wp-json\/wp\/v2\/users\/3"}],"replies":[{"embeddable":true,"href":"https:\/\/diariotextual.com\/inicio\/index.php\/wp-json\/wp\/v2\/comments?post=64939"}],"version-history":[{"count":3,"href":"https:\/\/diariotextual.com\/inicio\/index.php\/wp-json\/wp\/v2\/posts\/64939\/revisions"}],"predecessor-version":[{"id":64949,"href":"https:\/\/diariotextual.com\/inicio\/index.php\/wp-json\/wp\/v2\/posts\/64939\/revisions\/64949"}],"wp:featuredmedia":[{"embeddable":true,"href":"https:\/\/diariotextual.com\/inicio\/index.php\/wp-json\/wp\/v2\/media\/20805"}],"wp:attachment":[{"href":"https:\/\/diariotextual.com\/inicio\/index.php\/wp-json\/wp\/v2\/media?parent=64939"}],"wp:term":[{"taxonomy":"category","embeddable":true,"href":"https:\/\/diariotextual.com\/inicio\/index.php\/wp-json\/wp\/v2\/categories?post=64939"},{"taxonomy":"post_tag","embeddable":true,"href":"https:\/\/diariotextual.com\/inicio\/index.php\/wp-json\/wp\/v2\/tags?post=64939"}],"curies":[{"name":"wp","href":"https:\/\/api.w.org\/{rel}","templated":true}]}}