{"id":65004,"date":"2019-10-06T13:11:00","date_gmt":"2019-10-06T16:11:00","guid":{"rendered":"http:\/\/diariotextual.com\/inicio\/?p=65004"},"modified":"2019-10-06T22:59:59","modified_gmt":"2019-10-07T01:59:59","slug":"violencia-genero-durango-cuestiono-las-medidas-extraordinarias-anuncio-macri","status":"publish","type":"post","link":"https:\/\/diariotextual.com\/inicio\/index.php\/2019\/10\/06\/violencia-genero-durango-cuestiono-las-medidas-extraordinarias-anuncio-macri\/","title":{"rendered":"Violencia de g\u00e9nero: Durango cuestion\u00f3 las \u00abmedidas extraordinarias\u00bb que anunci\u00f3 Macri"},"content":{"rendered":"<p>La senadora nacional Norma Durango cuestion\u00f3 hoy las \u201cmedidas extraordinarias contra la violencia de g\u00e9nero\u201d anunciadas por el presidente Mauricio Macri. \u00abEn realidad no tienen mucho de novedoso y de alg\u00fan modo se contrapone con lo que indica la Ley 26.485 y con el Plan que desde el INAM est\u00e1n supuestamente implementando\u00bb, dijo. \u00abDe todos modos a dos meses de terminar el mandato, es un poco tarde para Macri poder cumplir con las demandas que las mujeres venimos reclamando y que deber\u00edan garantizarse c\u00f3mo pol\u00edtica de Estado\u201d, sostuvo.<\/p>\n<p>Desde la \u00f3rbita del Ministerio de Seguridad, se hizo p\u00fablica la presentaci\u00f3n en el marco del Plan Nacional de Reducci\u00f3n de Femicidios. La propuesta, anunciada como \u201cacciones concretas\u201d para incrementar la protecci\u00f3n de las v\u00edctimas y o posibles v\u00edctimas de violencia, fue criticada por la presidenta de la Banca de la Mujer del Senado porque, entre otros puntos, \u201cdesconoce las necesidades\u00bb de quienes padecen violencia de g\u00e9nero. \u00abSi esto es un acto de campa\u00f1a es vergonzoso, est\u00e1 muriendo una mujer por d\u00eda en el pa\u00eds, y aparecen con estas &#8216;medidas extraordinarias&#8217;. Lo extraordinario y esperable ser\u00eda que este gobierno hubiera asignado las partidas presupuestarias necesarias y suficientes para hacer efectiva verdaderamente una pol\u00edtica de prevenci\u00f3n de la violencia y asistencia a las v\u00edctimas, pero no, por el contrario en el gobierno de Macri se ajust\u00f3, se achic\u00f3, se prometi\u00f3 y no se cumpli\u00f3\u201d, dijo la senadora pampeana .<\/p>\n<p>\u00abMacri debi\u00f3 hacer algo cuando pedimos la emergencia por violencia, una buena medida hubiera sido no desfinanciar los programas existentes\u00bb, sostuvo. \u00abEstas son propuestas, s\u00f3lo palabras, no son medidas, y las analizamos y nos sorprende el desconocimiento de la situaci\u00f3n de las mujeres que transitan por situaciones de violencia\u201d, expres\u00f3 Durango.<\/p>\n<p>\u00abLa violencia contra las mujeres es un problema social, es un grave problema social, el enfoque que proponen es punitivista, se soslaya la voz y la decisi\u00f3n de la mujer. La v\u00edctima es vulnerada una vez m\u00e1s, porque el proyecto dice que cualquiera puede denunciar la situaci\u00f3n de violencia, m\u00e1s all\u00e1 de la voluntad de la mujer de hacerlo o no\u00bb, dijo. \u00abTodas y todos sabemos lo dif\u00edcil que es para una v\u00edctima denunciar la violencia, tomar la decisi\u00f3n y luego sostenerla. El proyecto de ley que eleva Macri atrasa, dice que el Estado puede tutelarnos y pone al sistema de justicia en el rol de solucionador de esta problem\u00e1tica y claramente no lo es, los procesos judiciales son largos, complejos y muchas veces revictimizantes. Es necesario poner el acento en la prevenci\u00f3n, como forma de reducir la violencia de g\u00e9nero. Las estad\u00edsticas son claras, denuncias hay, pero s\u00f3lo el 4 % tiene una sentencia de condena, la mayor\u00eda son archivadas. El problema no es la falta de denuncias, lo que faltan son respuestas, intervenci\u00f3n y acompa\u00f1amiento de la v\u00edctima a tiempo y pensando en la integridad de la mujer\u201d, expres\u00f3 Durango.<\/p>\n","protected":false},"excerpt":{"rendered":"<p>La senadora nacional Norma Durango cuestion\u00f3 hoy las \u201cmedidas extraordinarias contra la violencia de g\u00e9nero\u201d anunciadas por el presidente Mauricio Macri. \u00abEn realidad no tienen mucho de novedoso y de&hellip;<\/p>\n","protected":false},"author":3,"featured_media":63198,"comment_status":"closed","ping_status":"open","sticky":false,"template":"","format":"standard","meta":{"_acf_changed":false,"footnotes":""},"categories":[1,11,319,12],"tags":[],"class_list":["post-65004","post","type-post","status-publish","format-standard","has-post-thumbnail","hentry","category-es-noticia","category-que-pasa","category-a-temporales","category-sociedad"],"acf":[],"yoast_head":"<!-- This site is optimized with the Yoast SEO plugin v27.5 - https:\/\/yoast.com\/product\/yoast-seo-wordpress\/ -->\n<title>Violencia de g\u00e9nero: Durango cuestion\u00f3 las &quot;medidas extraordinarias&quot; que anunci\u00f3 Macri - Diario Textual<\/title>\n<meta name=\"robots\" content=\"index, follow, max-snippet:-1, max-image-preview:large, max-video-preview:-1\" \/>\n<link rel=\"canonical\" href=\"https:\/\/diariotextual.com\/inicio\/index.php\/2019\/10\/06\/violencia-genero-durango-cuestiono-las-medidas-extraordinarias-anuncio-macri\/\" \/>\n<meta property=\"og:locale\" content=\"es_ES\" \/>\n<meta property=\"og:type\" content=\"article\" \/>\n<meta property=\"og:title\" content=\"Violencia de g\u00e9nero: Durango cuestion\u00f3 las &quot;medidas extraordinarias&quot; que anunci\u00f3 Macri - Diario Textual\" \/>\n<meta property=\"og:description\" content=\"La senadora nacional Norma Durango cuestion\u00f3 hoy las \u201cmedidas extraordinarias contra la violencia de g\u00e9nero\u201d anunciadas por el presidente Mauricio Macri. \u00abEn realidad no tienen mucho de novedoso y de&hellip;\" \/>\n<meta property=\"og:url\" content=\"https:\/\/diariotextual.com\/inicio\/index.php\/2019\/10\/06\/violencia-genero-durango-cuestiono-las-medidas-extraordinarias-anuncio-macri\/\" \/>\n<meta property=\"og:site_name\" content=\"Diario Textual\" \/>\n<meta property=\"article:publisher\" content=\"https:\/\/www.facebook.com\/eltextual\" \/>\n<meta property=\"article:published_time\" content=\"2019-10-06T16:11:00+00:00\" \/>\n<meta property=\"article:modified_time\" content=\"2019-10-07T01:59:59+00:00\" \/>\n<meta property=\"og:image\" content=\"https:\/\/diariotextual.com\/inicio\/wp-content\/uploads\/2019\/09\/durangonorma2019.jpg\" \/>\n\t<meta property=\"og:image:width\" content=\"700\" \/>\n\t<meta property=\"og:image:height\" content=\"360\" \/>\n\t<meta property=\"og:image:type\" content=\"image\/jpeg\" \/>\n<meta name=\"author\" content=\"Diario1 Diario1\" \/>\n<meta name=\"twitter:card\" content=\"summary_large_image\" \/>\n<meta name=\"twitter:creator\" content=\"@eltextual\" \/>\n<meta name=\"twitter:site\" content=\"@eltextual\" \/>\n<meta name=\"twitter:label1\" content=\"Escrito por\" \/>\n\t<meta name=\"twitter:data1\" content=\"Diario1 Diario1\" \/>\n\t<meta name=\"twitter:label2\" content=\"Tiempo de lectura\" \/>\n\t<meta name=\"twitter:data2\" content=\"3 minutos\" \/>\n<script type=\"application\/ld+json\" class=\"yoast-schema-graph\">{\"@context\":\"https:\\\/\\\/schema.org\",\"@graph\":[{\"@type\":\"Article\",\"@id\":\"https:\\\/\\\/diariotextual.com\\\/inicio\\\/index.php\\\/2019\\\/10\\\/06\\\/violencia-genero-durango-cuestiono-las-medidas-extraordinarias-anuncio-macri\\\/#article\",\"isPartOf\":{\"@id\":\"https:\\\/\\\/diariotextual.com\\\/inicio\\\/index.php\\\/2019\\\/10\\\/06\\\/violencia-genero-durango-cuestiono-las-medidas-extraordinarias-anuncio-macri\\\/\"},\"author\":{\"name\":\"Diario1 Diario1\",\"@id\":\"https:\\\/\\\/diariotextual.com\\\/inicio\\\/#\\\/schema\\\/person\\\/418fc4093c33e86ed41562db3508f958\"},\"headline\":\"Violencia de g\u00e9nero: Durango cuestion\u00f3 las \u00abmedidas extraordinarias\u00bb que anunci\u00f3 Macri\",\"datePublished\":\"2019-10-06T16:11:00+00:00\",\"dateModified\":\"2019-10-07T01:59:59+00:00\",\"mainEntityOfPage\":{\"@id\":\"https:\\\/\\\/diariotextual.com\\\/inicio\\\/index.php\\\/2019\\\/10\\\/06\\\/violencia-genero-durango-cuestiono-las-medidas-extraordinarias-anuncio-macri\\\/\"},\"wordCount\":526,\"publisher\":{\"@id\":\"https:\\\/\\\/diariotextual.com\\\/inicio\\\/#organization\"},\"image\":{\"@id\":\"https:\\\/\\\/diariotextual.com\\\/inicio\\\/index.php\\\/2019\\\/10\\\/06\\\/violencia-genero-durango-cuestiono-las-medidas-extraordinarias-anuncio-macri\\\/#primaryimage\"},\"thumbnailUrl\":\"https:\\\/\\\/diariotextual.com\\\/inicio\\\/wp-content\\\/uploads\\\/2019\\\/09\\\/durangonorma2019.jpg\",\"articleSection\":[\"A - ES NOTICIA (van abajo)\",\"A - QUE PASA (al costado)\",\"A - TEMPORALES\",\"SOCIEDAD\"],\"inLanguage\":\"es\"},{\"@type\":\"WebPage\",\"@id\":\"https:\\\/\\\/diariotextual.com\\\/inicio\\\/index.php\\\/2019\\\/10\\\/06\\\/violencia-genero-durango-cuestiono-las-medidas-extraordinarias-anuncio-macri\\\/\",\"url\":\"https:\\\/\\\/diariotextual.com\\\/inicio\\\/index.php\\\/2019\\\/10\\\/06\\\/violencia-genero-durango-cuestiono-las-medidas-extraordinarias-anuncio-macri\\\/\",\"name\":\"Violencia de g\u00e9nero: Durango cuestion\u00f3 las \\\"medidas extraordinarias\\\" que anunci\u00f3 Macri - Diario Textual\",\"isPartOf\":{\"@id\":\"https:\\\/\\\/diariotextual.com\\\/inicio\\\/#website\"},\"primaryImageOfPage\":{\"@id\":\"https:\\\/\\\/diariotextual.com\\\/inicio\\\/index.php\\\/2019\\\/10\\\/06\\\/violencia-genero-durango-cuestiono-las-medidas-extraordinarias-anuncio-macri\\\/#primaryimage\"},\"image\":{\"@id\":\"https:\\\/\\\/diariotextual.com\\\/inicio\\\/index.php\\\/2019\\\/10\\\/06\\\/violencia-genero-durango-cuestiono-las-medidas-extraordinarias-anuncio-macri\\\/#primaryimage\"},\"thumbnailUrl\":\"https:\\\/\\\/diariotextual.com\\\/inicio\\\/wp-content\\\/uploads\\\/2019\\\/09\\\/durangonorma2019.jpg\",\"datePublished\":\"2019-10-06T16:11:00+00:00\",\"dateModified\":\"2019-10-07T01:59:59+00:00\",\"breadcrumb\":{\"@id\":\"https:\\\/\\\/diariotextual.com\\\/inicio\\\/index.php\\\/2019\\\/10\\\/06\\\/violencia-genero-durango-cuestiono-las-medidas-extraordinarias-anuncio-macri\\\/#breadcrumb\"},\"inLanguage\":\"es\",\"potentialAction\":[{\"@type\":\"ReadAction\",\"target\":[\"https:\\\/\\\/diariotextual.com\\\/inicio\\\/index.php\\\/2019\\\/10\\\/06\\\/violencia-genero-durango-cuestiono-las-medidas-extraordinarias-anuncio-macri\\\/\"]}]},{\"@type\":\"ImageObject\",\"inLanguage\":\"es\",\"@id\":\"https:\\\/\\\/diariotextual.com\\\/inicio\\\/index.php\\\/2019\\\/10\\\/06\\\/violencia-genero-durango-cuestiono-las-medidas-extraordinarias-anuncio-macri\\\/#primaryimage\",\"url\":\"https:\\\/\\\/diariotextual.com\\\/inicio\\\/wp-content\\\/uploads\\\/2019\\\/09\\\/durangonorma2019.jpg\",\"contentUrl\":\"https:\\\/\\\/diariotextual.com\\\/inicio\\\/wp-content\\\/uploads\\\/2019\\\/09\\\/durangonorma2019.jpg\",\"width\":700,\"height\":360},{\"@type\":\"BreadcrumbList\",\"@id\":\"https:\\\/\\\/diariotextual.com\\\/inicio\\\/index.php\\\/2019\\\/10\\\/06\\\/violencia-genero-durango-cuestiono-las-medidas-extraordinarias-anuncio-macri\\\/#breadcrumb\",\"itemListElement\":[{\"@type\":\"ListItem\",\"position\":1,\"name\":\"Portada\",\"item\":\"https:\\\/\\\/diariotextual.com\\\/inicio\\\/\"},{\"@type\":\"ListItem\",\"position\":2,\"name\":\"Violencia de g\u00e9nero: Durango cuestion\u00f3 las \u00abmedidas extraordinarias\u00bb que anunci\u00f3 Macri\"}]},{\"@type\":\"WebSite\",\"@id\":\"https:\\\/\\\/diariotextual.com\\\/inicio\\\/#website\",\"url\":\"https:\\\/\\\/diariotextual.com\\\/inicio\\\/\",\"name\":\"Diario Textual\",\"description\":\"\",\"publisher\":{\"@id\":\"https:\\\/\\\/diariotextual.com\\\/inicio\\\/#organization\"},\"potentialAction\":[{\"@type\":\"SearchAction\",\"target\":{\"@type\":\"EntryPoint\",\"urlTemplate\":\"https:\\\/\\\/diariotextual.com\\\/inicio\\\/?s={search_term_string}\"},\"query-input\":{\"@type\":\"PropertyValueSpecification\",\"valueRequired\":true,\"valueName\":\"search_term_string\"}}],\"inLanguage\":\"es\"},{\"@type\":\"Organization\",\"@id\":\"https:\\\/\\\/diariotextual.com\\\/inicio\\\/#organization\",\"name\":\"Diario Textual\",\"url\":\"https:\\\/\\\/diariotextual.com\\\/inicio\\\/\",\"logo\":{\"@type\":\"ImageObject\",\"inLanguage\":\"es\",\"@id\":\"https:\\\/\\\/diariotextual.com\\\/inicio\\\/#\\\/schema\\\/logo\\\/image\\\/\",\"url\":\"https:\\\/\\\/diariotextual.com\\\/inicio\\\/wp-content\\\/uploads\\\/2023\\\/05\\\/logotextual1.jpg\",\"contentUrl\":\"https:\\\/\\\/diariotextual.com\\\/inicio\\\/wp-content\\\/uploads\\\/2023\\\/05\\\/logotextual1.jpg\",\"width\":516,\"height\":76,\"caption\":\"Diario Textual\"},\"image\":{\"@id\":\"https:\\\/\\\/diariotextual.com\\\/inicio\\\/#\\\/schema\\\/logo\\\/image\\\/\"},\"sameAs\":[\"https:\\\/\\\/www.facebook.com\\\/eltextual\",\"https:\\\/\\\/x.com\\\/eltextual\",\"http:\\\/\\\/www.instagram.com\\\/eltextual\"]},{\"@type\":\"Person\",\"@id\":\"https:\\\/\\\/diariotextual.com\\\/inicio\\\/#\\\/schema\\\/person\\\/418fc4093c33e86ed41562db3508f958\",\"name\":\"Diario1 Diario1\",\"image\":{\"@type\":\"ImageObject\",\"inLanguage\":\"es\",\"@id\":\"https:\\\/\\\/secure.gravatar.com\\\/avatar\\\/9167d280179c85bc18be67aa7eda765854300033af4896dd779b608640f2ef7a?s=96&d=mm&r=g\",\"url\":\"https:\\\/\\\/secure.gravatar.com\\\/avatar\\\/9167d280179c85bc18be67aa7eda765854300033af4896dd779b608640f2ef7a?s=96&d=mm&r=g\",\"contentUrl\":\"https:\\\/\\\/secure.gravatar.com\\\/avatar\\\/9167d280179c85bc18be67aa7eda765854300033af4896dd779b608640f2ef7a?s=96&d=mm&r=g\",\"caption\":\"Diario1 Diario1\"},\"url\":\"https:\\\/\\\/diariotextual.com\\\/inicio\\\/index.php\\\/author\\\/diario1\\\/\"}]}<\/script>\n<!-- \/ Yoast SEO plugin. -->","yoast_head_json":{"title":"Violencia de g\u00e9nero: Durango cuestion\u00f3 las \"medidas extraordinarias\" que anunci\u00f3 Macri - Diario Textual","robots":{"index":"index","follow":"follow","max-snippet":"max-snippet:-1","max-image-preview":"max-image-preview:large","max-video-preview":"max-video-preview:-1"},"canonical":"https:\/\/diariotextual.com\/inicio\/index.php\/2019\/10\/06\/violencia-genero-durango-cuestiono-las-medidas-extraordinarias-anuncio-macri\/","og_locale":"es_ES","og_type":"article","og_title":"Violencia de g\u00e9nero: Durango cuestion\u00f3 las \"medidas extraordinarias\" que anunci\u00f3 Macri - Diario Textual","og_description":"La senadora nacional Norma Durango cuestion\u00f3 hoy las \u201cmedidas extraordinarias contra la violencia de g\u00e9nero\u201d anunciadas por el presidente Mauricio Macri. \u00abEn realidad no tienen mucho de novedoso y de&hellip;","og_url":"https:\/\/diariotextual.com\/inicio\/index.php\/2019\/10\/06\/violencia-genero-durango-cuestiono-las-medidas-extraordinarias-anuncio-macri\/","og_site_name":"Diario Textual","article_publisher":"https:\/\/www.facebook.com\/eltextual","article_published_time":"2019-10-06T16:11:00+00:00","article_modified_time":"2019-10-07T01:59:59+00:00","og_image":[{"width":700,"height":360,"url":"https:\/\/diariotextual.com\/inicio\/wp-content\/uploads\/2019\/09\/durangonorma2019.jpg","type":"image\/jpeg"}],"author":"Diario1 Diario1","twitter_card":"summary_large_image","twitter_creator":"@eltextual","twitter_site":"@eltextual","twitter_misc":{"Escrito por":"Diario1 Diario1","Tiempo de lectura":"3 minutos"},"schema":{"@context":"https:\/\/schema.org","@graph":[{"@type":"Article","@id":"https:\/\/diariotextual.com\/inicio\/index.php\/2019\/10\/06\/violencia-genero-durango-cuestiono-las-medidas-extraordinarias-anuncio-macri\/#article","isPartOf":{"@id":"https:\/\/diariotextual.com\/inicio\/index.php\/2019\/10\/06\/violencia-genero-durango-cuestiono-las-medidas-extraordinarias-anuncio-macri\/"},"author":{"name":"Diario1 Diario1","@id":"https:\/\/diariotextual.com\/inicio\/#\/schema\/person\/418fc4093c33e86ed41562db3508f958"},"headline":"Violencia de g\u00e9nero: Durango cuestion\u00f3 las \u00abmedidas extraordinarias\u00bb que anunci\u00f3 Macri","datePublished":"2019-10-06T16:11:00+00:00","dateModified":"2019-10-07T01:59:59+00:00","mainEntityOfPage":{"@id":"https:\/\/diariotextual.com\/inicio\/index.php\/2019\/10\/06\/violencia-genero-durango-cuestiono-las-medidas-extraordinarias-anuncio-macri\/"},"wordCount":526,"publisher":{"@id":"https:\/\/diariotextual.com\/inicio\/#organization"},"image":{"@id":"https:\/\/diariotextual.com\/inicio\/index.php\/2019\/10\/06\/violencia-genero-durango-cuestiono-las-medidas-extraordinarias-anuncio-macri\/#primaryimage"},"thumbnailUrl":"https:\/\/diariotextual.com\/inicio\/wp-content\/uploads\/2019\/09\/durangonorma2019.jpg","articleSection":["A - ES NOTICIA (van abajo)","A - QUE PASA (al costado)","A - TEMPORALES","SOCIEDAD"],"inLanguage":"es"},{"@type":"WebPage","@id":"https:\/\/diariotextual.com\/inicio\/index.php\/2019\/10\/06\/violencia-genero-durango-cuestiono-las-medidas-extraordinarias-anuncio-macri\/","url":"https:\/\/diariotextual.com\/inicio\/index.php\/2019\/10\/06\/violencia-genero-durango-cuestiono-las-medidas-extraordinarias-anuncio-macri\/","name":"Violencia de g\u00e9nero: Durango cuestion\u00f3 las \"medidas extraordinarias\" que anunci\u00f3 Macri - Diario Textual","isPartOf":{"@id":"https:\/\/diariotextual.com\/inicio\/#website"},"primaryImageOfPage":{"@id":"https:\/\/diariotextual.com\/inicio\/index.php\/2019\/10\/06\/violencia-genero-durango-cuestiono-las-medidas-extraordinarias-anuncio-macri\/#primaryimage"},"image":{"@id":"https:\/\/diariotextual.com\/inicio\/index.php\/2019\/10\/06\/violencia-genero-durango-cuestiono-las-medidas-extraordinarias-anuncio-macri\/#primaryimage"},"thumbnailUrl":"https:\/\/diariotextual.com\/inicio\/wp-content\/uploads\/2019\/09\/durangonorma2019.jpg","datePublished":"2019-10-06T16:11:00+00:00","dateModified":"2019-10-07T01:59:59+00:00","breadcrumb":{"@id":"https:\/\/diariotextual.com\/inicio\/index.php\/2019\/10\/06\/violencia-genero-durango-cuestiono-las-medidas-extraordinarias-anuncio-macri\/#breadcrumb"},"inLanguage":"es","potentialAction":[{"@type":"ReadAction","target":["https:\/\/diariotextual.com\/inicio\/index.php\/2019\/10\/06\/violencia-genero-durango-cuestiono-las-medidas-extraordinarias-anuncio-macri\/"]}]},{"@type":"ImageObject","inLanguage":"es","@id":"https:\/\/diariotextual.com\/inicio\/index.php\/2019\/10\/06\/violencia-genero-durango-cuestiono-las-medidas-extraordinarias-anuncio-macri\/#primaryimage","url":"https:\/\/diariotextual.com\/inicio\/wp-content\/uploads\/2019\/09\/durangonorma2019.jpg","contentUrl":"https:\/\/diariotextual.com\/inicio\/wp-content\/uploads\/2019\/09\/durangonorma2019.jpg","width":700,"height":360},{"@type":"BreadcrumbList","@id":"https:\/\/diariotextual.com\/inicio\/index.php\/2019\/10\/06\/violencia-genero-durango-cuestiono-las-medidas-extraordinarias-anuncio-macri\/#breadcrumb","itemListElement":[{"@type":"ListItem","position":1,"name":"Portada","item":"https:\/\/diariotextual.com\/inicio\/"},{"@type":"ListItem","position":2,"name":"Violencia de g\u00e9nero: Durango cuestion\u00f3 las \u00abmedidas extraordinarias\u00bb que anunci\u00f3 Macri"}]},{"@type":"WebSite","@id":"https:\/\/diariotextual.com\/inicio\/#website","url":"https:\/\/diariotextual.com\/inicio\/","name":"Diario Textual","description":"","publisher":{"@id":"https:\/\/diariotextual.com\/inicio\/#organization"},"potentialAction":[{"@type":"SearchAction","target":{"@type":"EntryPoint","urlTemplate":"https:\/\/diariotextual.com\/inicio\/?s={search_term_string}"},"query-input":{"@type":"PropertyValueSpecification","valueRequired":true,"valueName":"search_term_string"}}],"inLanguage":"es"},{"@type":"Organization","@id":"https:\/\/diariotextual.com\/inicio\/#organization","name":"Diario Textual","url":"https:\/\/diariotextual.com\/inicio\/","logo":{"@type":"ImageObject","inLanguage":"es","@id":"https:\/\/diariotextual.com\/inicio\/#\/schema\/logo\/image\/","url":"https:\/\/diariotextual.com\/inicio\/wp-content\/uploads\/2023\/05\/logotextual1.jpg","contentUrl":"https:\/\/diariotextual.com\/inicio\/wp-content\/uploads\/2023\/05\/logotextual1.jpg","width":516,"height":76,"caption":"Diario Textual"},"image":{"@id":"https:\/\/diariotextual.com\/inicio\/#\/schema\/logo\/image\/"},"sameAs":["https:\/\/www.facebook.com\/eltextual","https:\/\/x.com\/eltextual","http:\/\/www.instagram.com\/eltextual"]},{"@type":"Person","@id":"https:\/\/diariotextual.com\/inicio\/#\/schema\/person\/418fc4093c33e86ed41562db3508f958","name":"Diario1 Diario1","image":{"@type":"ImageObject","inLanguage":"es","@id":"https:\/\/secure.gravatar.com\/avatar\/9167d280179c85bc18be67aa7eda765854300033af4896dd779b608640f2ef7a?s=96&d=mm&r=g","url":"https:\/\/secure.gravatar.com\/avatar\/9167d280179c85bc18be67aa7eda765854300033af4896dd779b608640f2ef7a?s=96&d=mm&r=g","contentUrl":"https:\/\/secure.gravatar.com\/avatar\/9167d280179c85bc18be67aa7eda765854300033af4896dd779b608640f2ef7a?s=96&d=mm&r=g","caption":"Diario1 Diario1"},"url":"https:\/\/diariotextual.com\/inicio\/index.php\/author\/diario1\/"}]}},"_links":{"self":[{"href":"https:\/\/diariotextual.com\/inicio\/index.php\/wp-json\/wp\/v2\/posts\/65004","targetHints":{"allow":["GET"]}}],"collection":[{"href":"https:\/\/diariotextual.com\/inicio\/index.php\/wp-json\/wp\/v2\/posts"}],"about":[{"href":"https:\/\/diariotextual.com\/inicio\/index.php\/wp-json\/wp\/v2\/types\/post"}],"author":[{"embeddable":true,"href":"https:\/\/diariotextual.com\/inicio\/index.php\/wp-json\/wp\/v2\/users\/3"}],"replies":[{"embeddable":true,"href":"https:\/\/diariotextual.com\/inicio\/index.php\/wp-json\/wp\/v2\/comments?post=65004"}],"version-history":[{"count":1,"href":"https:\/\/diariotextual.com\/inicio\/index.php\/wp-json\/wp\/v2\/posts\/65004\/revisions"}],"predecessor-version":[{"id":65005,"href":"https:\/\/diariotextual.com\/inicio\/index.php\/wp-json\/wp\/v2\/posts\/65004\/revisions\/65005"}],"wp:featuredmedia":[{"embeddable":true,"href":"https:\/\/diariotextual.com\/inicio\/index.php\/wp-json\/wp\/v2\/media\/63198"}],"wp:attachment":[{"href":"https:\/\/diariotextual.com\/inicio\/index.php\/wp-json\/wp\/v2\/media?parent=65004"}],"wp:term":[{"taxonomy":"category","embeddable":true,"href":"https:\/\/diariotextual.com\/inicio\/index.php\/wp-json\/wp\/v2\/categories?post=65004"},{"taxonomy":"post_tag","embeddable":true,"href":"https:\/\/diariotextual.com\/inicio\/index.php\/wp-json\/wp\/v2\/tags?post=65004"}],"curies":[{"name":"wp","href":"https:\/\/api.w.org\/{rel}","templated":true}]}}