{"id":65024,"date":"2019-10-06T22:16:25","date_gmt":"2019-10-07T01:16:25","guid":{"rendered":"http:\/\/diariotextual.com\/inicio\/?p=65024"},"modified":"2019-10-07T08:18:41","modified_gmt":"2019-10-07T11:18:41","slug":"alberto-cruzo-macri-citar-san-martin-usted-solo-supo-entregar-al-pais","status":"publish","type":"post","link":"https:\/\/diariotextual.com\/inicio\/index.php\/2019\/10\/06\/alberto-cruzo-macri-citar-san-martin-usted-solo-supo-entregar-al-pais\/","title":{"rendered":"Alberto cruz\u00f3 a Macri por citar a San Mart\u00edn: \u00abUsted solo supo entregar al pa\u00eds\u00bb"},"content":{"rendered":"<p>Esta ma\u00f1ana, el presidente Mauricio Macri hab\u00eda utilizado la figura del pr\u00f3cer don Jos\u00e9 de San Mart\u00edn en un posteo de campa\u00f1a y Alberto Fern\u00e1ndez sali\u00f3 al cruce un par de horas m\u00e1s tarde.<\/p>\n<p>\u00abNuestros h\u00e9roes y hero\u00ednas, en cualquier momento de la historia, fueron personas que, llenas de incertidumbre, avanzaron dici\u00e9ndose a s\u00ed mismas &#8216;S\u00ed, se puede&#8217;. \u00bfQu\u00e9 creen que pensaba San Mart\u00edn al cruzar la Cordillera de los Andes? \u00bfNo, no se puede? o \u00bfS\u00ed, s\u00ed se puede?\u00bb, hab\u00eda escrito el presidente a trav\u00e9s de sus redes.<\/p>\n<p>Y Fern\u00e1ndez recogi\u00f3 el guante: retuite\u00f3 el escrito de su rival pol\u00edtico, pero le agreg\u00f3 su parecer: \u00abPresidente: nuestros h\u00e9roes, con San Mart\u00edn a la cabeza, lucharon por librar a nuestra Patria y a nuestro continente de una monarqu\u00eda que nos somet\u00eda. Usted solo supo entregar al pa\u00eds al FMI y a acreedores externos. Se pod\u00eda hacer otra cosa. Nada heroico hizo usted.<\/p>\n<p>&nbsp;<\/p>\n<p>&nbsp;<\/p>\n<blockquote class=\"twitter-tweet\">\n<p lang=\"es\" dir=\"ltr\">Presidente: nuestros h\u00e9roes, con San Mart\u00edn a la cabeza, lucharon por librar a nuestra Patria y a nuestro continente de una monarqu\u00eda que nos somet\u00eda. Usted solo supo entregar al pa\u00eds al FMI y a acreedores externos.<\/p>\n<p>Se pod\u00eda hacer otra cosa. Nada heroico hizo usted. <a href=\"https:\/\/t.co\/Pmv0UD20an\">https:\/\/t.co\/Pmv0UD20an<\/a><\/p>\n<p>&mdash; Alberto Fern\u00e1ndez (@alferdez) <a href=\"https:\/\/twitter.com\/alferdez\/status\/1180974080633315329?ref_src=twsrc%5Etfw\">October 6, 2019<\/a><\/p><\/blockquote>\n<p> <script async src=\"https:\/\/platform.twitter.com\/widgets.js\" charset=\"utf-8\"><\/script><\/p>\n","protected":false},"excerpt":{"rendered":"<p>Esta ma\u00f1ana, el presidente Mauricio Macri hab\u00eda utilizado la figura del pr\u00f3cer don Jos\u00e9 de San Mart\u00edn en un posteo de campa\u00f1a y Alberto Fern\u00e1ndez sali\u00f3 al cruce un par&hellip;<\/p>\n","protected":false},"author":3,"featured_media":64437,"comment_status":"closed","ping_status":"open","sticky":false,"template":"","format":"standard","meta":{"_acf_changed":false,"footnotes":""},"categories":[319,8],"tags":[],"class_list":["post-65024","post","type-post","status-publish","format-standard","has-post-thumbnail","hentry","category-a-temporales","category-politica"],"acf":[],"yoast_head":"<!-- This site is optimized with the Yoast SEO plugin v27.5 - https:\/\/yoast.com\/product\/yoast-seo-wordpress\/ -->\n<title>Alberto cruz\u00f3 a Macri por citar a San Mart\u00edn: &quot;Usted solo supo entregar al pa\u00eds&quot; - Diario Textual<\/title>\n<meta name=\"robots\" content=\"index, follow, max-snippet:-1, max-image-preview:large, max-video-preview:-1\" \/>\n<link rel=\"canonical\" href=\"https:\/\/diariotextual.com\/inicio\/index.php\/2019\/10\/06\/alberto-cruzo-macri-citar-san-martin-usted-solo-supo-entregar-al-pais\/\" \/>\n<meta property=\"og:locale\" content=\"es_ES\" \/>\n<meta property=\"og:type\" content=\"article\" \/>\n<meta property=\"og:title\" content=\"Alberto cruz\u00f3 a Macri por citar a San Mart\u00edn: &quot;Usted solo supo entregar al pa\u00eds&quot; - Diario Textual\" \/>\n<meta property=\"og:description\" content=\"Esta ma\u00f1ana, el presidente Mauricio Macri hab\u00eda utilizado la figura del pr\u00f3cer don Jos\u00e9 de San Mart\u00edn en un posteo de campa\u00f1a y Alberto Fern\u00e1ndez sali\u00f3 al cruce un par&hellip;\" \/>\n<meta property=\"og:url\" content=\"https:\/\/diariotextual.com\/inicio\/index.php\/2019\/10\/06\/alberto-cruzo-macri-citar-san-martin-usted-solo-supo-entregar-al-pais\/\" \/>\n<meta property=\"og:site_name\" content=\"Diario Textual\" \/>\n<meta property=\"article:publisher\" content=\"https:\/\/www.facebook.com\/eltextual\" \/>\n<meta property=\"article:published_time\" content=\"2019-10-07T01:16:25+00:00\" \/>\n<meta property=\"article:modified_time\" content=\"2019-10-07T11:18:41+00:00\" \/>\n<meta property=\"og:image\" content=\"https:\/\/diariotextual.com\/inicio\/wp-content\/uploads\/2019\/09\/fernandezalbertotucuman2019-1.jpg\" \/>\n\t<meta property=\"og:image:width\" content=\"960\" \/>\n\t<meta property=\"og:image:height\" content=\"640\" \/>\n\t<meta property=\"og:image:type\" content=\"image\/jpeg\" \/>\n<meta name=\"author\" content=\"Diario1 Diario1\" \/>\n<meta name=\"twitter:card\" content=\"summary_large_image\" \/>\n<meta name=\"twitter:creator\" content=\"@eltextual\" \/>\n<meta name=\"twitter:site\" content=\"@eltextual\" \/>\n<meta name=\"twitter:label1\" content=\"Escrito por\" \/>\n\t<meta name=\"twitter:data1\" content=\"Diario1 Diario1\" \/>\n\t<meta name=\"twitter:label2\" content=\"Tiempo de lectura\" \/>\n\t<meta name=\"twitter:data2\" content=\"1 minuto\" \/>\n<script type=\"application\/ld+json\" class=\"yoast-schema-graph\">{\"@context\":\"https:\\\/\\\/schema.org\",\"@graph\":[{\"@type\":\"Article\",\"@id\":\"https:\\\/\\\/diariotextual.com\\\/inicio\\\/index.php\\\/2019\\\/10\\\/06\\\/alberto-cruzo-macri-citar-san-martin-usted-solo-supo-entregar-al-pais\\\/#article\",\"isPartOf\":{\"@id\":\"https:\\\/\\\/diariotextual.com\\\/inicio\\\/index.php\\\/2019\\\/10\\\/06\\\/alberto-cruzo-macri-citar-san-martin-usted-solo-supo-entregar-al-pais\\\/\"},\"author\":{\"name\":\"Diario1 Diario1\",\"@id\":\"https:\\\/\\\/diariotextual.com\\\/inicio\\\/#\\\/schema\\\/person\\\/418fc4093c33e86ed41562db3508f958\"},\"headline\":\"Alberto cruz\u00f3 a Macri por citar a San Mart\u00edn: \u00abUsted solo supo entregar al pa\u00eds\u00bb\",\"datePublished\":\"2019-10-07T01:16:25+00:00\",\"dateModified\":\"2019-10-07T11:18:41+00:00\",\"mainEntityOfPage\":{\"@id\":\"https:\\\/\\\/diariotextual.com\\\/inicio\\\/index.php\\\/2019\\\/10\\\/06\\\/alberto-cruzo-macri-citar-san-martin-usted-solo-supo-entregar-al-pais\\\/\"},\"wordCount\":256,\"publisher\":{\"@id\":\"https:\\\/\\\/diariotextual.com\\\/inicio\\\/#organization\"},\"image\":{\"@id\":\"https:\\\/\\\/diariotextual.com\\\/inicio\\\/index.php\\\/2019\\\/10\\\/06\\\/alberto-cruzo-macri-citar-san-martin-usted-solo-supo-entregar-al-pais\\\/#primaryimage\"},\"thumbnailUrl\":\"https:\\\/\\\/diariotextual.com\\\/inicio\\\/wp-content\\\/uploads\\\/2019\\\/09\\\/fernandezalbertotucuman2019-1.jpg\",\"articleSection\":[\"A - TEMPORALES\",\"POLITICA\"],\"inLanguage\":\"es\"},{\"@type\":\"WebPage\",\"@id\":\"https:\\\/\\\/diariotextual.com\\\/inicio\\\/index.php\\\/2019\\\/10\\\/06\\\/alberto-cruzo-macri-citar-san-martin-usted-solo-supo-entregar-al-pais\\\/\",\"url\":\"https:\\\/\\\/diariotextual.com\\\/inicio\\\/index.php\\\/2019\\\/10\\\/06\\\/alberto-cruzo-macri-citar-san-martin-usted-solo-supo-entregar-al-pais\\\/\",\"name\":\"Alberto cruz\u00f3 a Macri por citar a San Mart\u00edn: \\\"Usted solo supo entregar al pa\u00eds\\\" - Diario Textual\",\"isPartOf\":{\"@id\":\"https:\\\/\\\/diariotextual.com\\\/inicio\\\/#website\"},\"primaryImageOfPage\":{\"@id\":\"https:\\\/\\\/diariotextual.com\\\/inicio\\\/index.php\\\/2019\\\/10\\\/06\\\/alberto-cruzo-macri-citar-san-martin-usted-solo-supo-entregar-al-pais\\\/#primaryimage\"},\"image\":{\"@id\":\"https:\\\/\\\/diariotextual.com\\\/inicio\\\/index.php\\\/2019\\\/10\\\/06\\\/alberto-cruzo-macri-citar-san-martin-usted-solo-supo-entregar-al-pais\\\/#primaryimage\"},\"thumbnailUrl\":\"https:\\\/\\\/diariotextual.com\\\/inicio\\\/wp-content\\\/uploads\\\/2019\\\/09\\\/fernandezalbertotucuman2019-1.jpg\",\"datePublished\":\"2019-10-07T01:16:25+00:00\",\"dateModified\":\"2019-10-07T11:18:41+00:00\",\"breadcrumb\":{\"@id\":\"https:\\\/\\\/diariotextual.com\\\/inicio\\\/index.php\\\/2019\\\/10\\\/06\\\/alberto-cruzo-macri-citar-san-martin-usted-solo-supo-entregar-al-pais\\\/#breadcrumb\"},\"inLanguage\":\"es\",\"potentialAction\":[{\"@type\":\"ReadAction\",\"target\":[\"https:\\\/\\\/diariotextual.com\\\/inicio\\\/index.php\\\/2019\\\/10\\\/06\\\/alberto-cruzo-macri-citar-san-martin-usted-solo-supo-entregar-al-pais\\\/\"]}]},{\"@type\":\"ImageObject\",\"inLanguage\":\"es\",\"@id\":\"https:\\\/\\\/diariotextual.com\\\/inicio\\\/index.php\\\/2019\\\/10\\\/06\\\/alberto-cruzo-macri-citar-san-martin-usted-solo-supo-entregar-al-pais\\\/#primaryimage\",\"url\":\"https:\\\/\\\/diariotextual.com\\\/inicio\\\/wp-content\\\/uploads\\\/2019\\\/09\\\/fernandezalbertotucuman2019-1.jpg\",\"contentUrl\":\"https:\\\/\\\/diariotextual.com\\\/inicio\\\/wp-content\\\/uploads\\\/2019\\\/09\\\/fernandezalbertotucuman2019-1.jpg\",\"width\":960,\"height\":640},{\"@type\":\"BreadcrumbList\",\"@id\":\"https:\\\/\\\/diariotextual.com\\\/inicio\\\/index.php\\\/2019\\\/10\\\/06\\\/alberto-cruzo-macri-citar-san-martin-usted-solo-supo-entregar-al-pais\\\/#breadcrumb\",\"itemListElement\":[{\"@type\":\"ListItem\",\"position\":1,\"name\":\"Portada\",\"item\":\"https:\\\/\\\/diariotextual.com\\\/inicio\\\/\"},{\"@type\":\"ListItem\",\"position\":2,\"name\":\"Alberto cruz\u00f3 a Macri por citar a San Mart\u00edn: \u00abUsted solo supo entregar al pa\u00eds\u00bb\"}]},{\"@type\":\"WebSite\",\"@id\":\"https:\\\/\\\/diariotextual.com\\\/inicio\\\/#website\",\"url\":\"https:\\\/\\\/diariotextual.com\\\/inicio\\\/\",\"name\":\"Diario Textual\",\"description\":\"\",\"publisher\":{\"@id\":\"https:\\\/\\\/diariotextual.com\\\/inicio\\\/#organization\"},\"potentialAction\":[{\"@type\":\"SearchAction\",\"target\":{\"@type\":\"EntryPoint\",\"urlTemplate\":\"https:\\\/\\\/diariotextual.com\\\/inicio\\\/?s={search_term_string}\"},\"query-input\":{\"@type\":\"PropertyValueSpecification\",\"valueRequired\":true,\"valueName\":\"search_term_string\"}}],\"inLanguage\":\"es\"},{\"@type\":\"Organization\",\"@id\":\"https:\\\/\\\/diariotextual.com\\\/inicio\\\/#organization\",\"name\":\"Diario Textual\",\"url\":\"https:\\\/\\\/diariotextual.com\\\/inicio\\\/\",\"logo\":{\"@type\":\"ImageObject\",\"inLanguage\":\"es\",\"@id\":\"https:\\\/\\\/diariotextual.com\\\/inicio\\\/#\\\/schema\\\/logo\\\/image\\\/\",\"url\":\"https:\\\/\\\/diariotextual.com\\\/inicio\\\/wp-content\\\/uploads\\\/2023\\\/05\\\/logotextual1.jpg\",\"contentUrl\":\"https:\\\/\\\/diariotextual.com\\\/inicio\\\/wp-content\\\/uploads\\\/2023\\\/05\\\/logotextual1.jpg\",\"width\":516,\"height\":76,\"caption\":\"Diario Textual\"},\"image\":{\"@id\":\"https:\\\/\\\/diariotextual.com\\\/inicio\\\/#\\\/schema\\\/logo\\\/image\\\/\"},\"sameAs\":[\"https:\\\/\\\/www.facebook.com\\\/eltextual\",\"https:\\\/\\\/x.com\\\/eltextual\",\"http:\\\/\\\/www.instagram.com\\\/eltextual\"]},{\"@type\":\"Person\",\"@id\":\"https:\\\/\\\/diariotextual.com\\\/inicio\\\/#\\\/schema\\\/person\\\/418fc4093c33e86ed41562db3508f958\",\"name\":\"Diario1 Diario1\",\"image\":{\"@type\":\"ImageObject\",\"inLanguage\":\"es\",\"@id\":\"https:\\\/\\\/secure.gravatar.com\\\/avatar\\\/9167d280179c85bc18be67aa7eda765854300033af4896dd779b608640f2ef7a?s=96&d=mm&r=g\",\"url\":\"https:\\\/\\\/secure.gravatar.com\\\/avatar\\\/9167d280179c85bc18be67aa7eda765854300033af4896dd779b608640f2ef7a?s=96&d=mm&r=g\",\"contentUrl\":\"https:\\\/\\\/secure.gravatar.com\\\/avatar\\\/9167d280179c85bc18be67aa7eda765854300033af4896dd779b608640f2ef7a?s=96&d=mm&r=g\",\"caption\":\"Diario1 Diario1\"},\"url\":\"https:\\\/\\\/diariotextual.com\\\/inicio\\\/index.php\\\/author\\\/diario1\\\/\"}]}<\/script>\n<!-- \/ Yoast SEO plugin. -->","yoast_head_json":{"title":"Alberto cruz\u00f3 a Macri por citar a San Mart\u00edn: \"Usted solo supo entregar al pa\u00eds\" - Diario Textual","robots":{"index":"index","follow":"follow","max-snippet":"max-snippet:-1","max-image-preview":"max-image-preview:large","max-video-preview":"max-video-preview:-1"},"canonical":"https:\/\/diariotextual.com\/inicio\/index.php\/2019\/10\/06\/alberto-cruzo-macri-citar-san-martin-usted-solo-supo-entregar-al-pais\/","og_locale":"es_ES","og_type":"article","og_title":"Alberto cruz\u00f3 a Macri por citar a San Mart\u00edn: \"Usted solo supo entregar al pa\u00eds\" - Diario Textual","og_description":"Esta ma\u00f1ana, el presidente Mauricio Macri hab\u00eda utilizado la figura del pr\u00f3cer don Jos\u00e9 de San Mart\u00edn en un posteo de campa\u00f1a y Alberto Fern\u00e1ndez sali\u00f3 al cruce un par&hellip;","og_url":"https:\/\/diariotextual.com\/inicio\/index.php\/2019\/10\/06\/alberto-cruzo-macri-citar-san-martin-usted-solo-supo-entregar-al-pais\/","og_site_name":"Diario Textual","article_publisher":"https:\/\/www.facebook.com\/eltextual","article_published_time":"2019-10-07T01:16:25+00:00","article_modified_time":"2019-10-07T11:18:41+00:00","og_image":[{"width":960,"height":640,"url":"https:\/\/diariotextual.com\/inicio\/wp-content\/uploads\/2019\/09\/fernandezalbertotucuman2019-1.jpg","type":"image\/jpeg"}],"author":"Diario1 Diario1","twitter_card":"summary_large_image","twitter_creator":"@eltextual","twitter_site":"@eltextual","twitter_misc":{"Escrito por":"Diario1 Diario1","Tiempo de lectura":"1 minuto"},"schema":{"@context":"https:\/\/schema.org","@graph":[{"@type":"Article","@id":"https:\/\/diariotextual.com\/inicio\/index.php\/2019\/10\/06\/alberto-cruzo-macri-citar-san-martin-usted-solo-supo-entregar-al-pais\/#article","isPartOf":{"@id":"https:\/\/diariotextual.com\/inicio\/index.php\/2019\/10\/06\/alberto-cruzo-macri-citar-san-martin-usted-solo-supo-entregar-al-pais\/"},"author":{"name":"Diario1 Diario1","@id":"https:\/\/diariotextual.com\/inicio\/#\/schema\/person\/418fc4093c33e86ed41562db3508f958"},"headline":"Alberto cruz\u00f3 a Macri por citar a San Mart\u00edn: \u00abUsted solo supo entregar al pa\u00eds\u00bb","datePublished":"2019-10-07T01:16:25+00:00","dateModified":"2019-10-07T11:18:41+00:00","mainEntityOfPage":{"@id":"https:\/\/diariotextual.com\/inicio\/index.php\/2019\/10\/06\/alberto-cruzo-macri-citar-san-martin-usted-solo-supo-entregar-al-pais\/"},"wordCount":256,"publisher":{"@id":"https:\/\/diariotextual.com\/inicio\/#organization"},"image":{"@id":"https:\/\/diariotextual.com\/inicio\/index.php\/2019\/10\/06\/alberto-cruzo-macri-citar-san-martin-usted-solo-supo-entregar-al-pais\/#primaryimage"},"thumbnailUrl":"https:\/\/diariotextual.com\/inicio\/wp-content\/uploads\/2019\/09\/fernandezalbertotucuman2019-1.jpg","articleSection":["A - TEMPORALES","POLITICA"],"inLanguage":"es"},{"@type":"WebPage","@id":"https:\/\/diariotextual.com\/inicio\/index.php\/2019\/10\/06\/alberto-cruzo-macri-citar-san-martin-usted-solo-supo-entregar-al-pais\/","url":"https:\/\/diariotextual.com\/inicio\/index.php\/2019\/10\/06\/alberto-cruzo-macri-citar-san-martin-usted-solo-supo-entregar-al-pais\/","name":"Alberto cruz\u00f3 a Macri por citar a San Mart\u00edn: \"Usted solo supo entregar al pa\u00eds\" - Diario Textual","isPartOf":{"@id":"https:\/\/diariotextual.com\/inicio\/#website"},"primaryImageOfPage":{"@id":"https:\/\/diariotextual.com\/inicio\/index.php\/2019\/10\/06\/alberto-cruzo-macri-citar-san-martin-usted-solo-supo-entregar-al-pais\/#primaryimage"},"image":{"@id":"https:\/\/diariotextual.com\/inicio\/index.php\/2019\/10\/06\/alberto-cruzo-macri-citar-san-martin-usted-solo-supo-entregar-al-pais\/#primaryimage"},"thumbnailUrl":"https:\/\/diariotextual.com\/inicio\/wp-content\/uploads\/2019\/09\/fernandezalbertotucuman2019-1.jpg","datePublished":"2019-10-07T01:16:25+00:00","dateModified":"2019-10-07T11:18:41+00:00","breadcrumb":{"@id":"https:\/\/diariotextual.com\/inicio\/index.php\/2019\/10\/06\/alberto-cruzo-macri-citar-san-martin-usted-solo-supo-entregar-al-pais\/#breadcrumb"},"inLanguage":"es","potentialAction":[{"@type":"ReadAction","target":["https:\/\/diariotextual.com\/inicio\/index.php\/2019\/10\/06\/alberto-cruzo-macri-citar-san-martin-usted-solo-supo-entregar-al-pais\/"]}]},{"@type":"ImageObject","inLanguage":"es","@id":"https:\/\/diariotextual.com\/inicio\/index.php\/2019\/10\/06\/alberto-cruzo-macri-citar-san-martin-usted-solo-supo-entregar-al-pais\/#primaryimage","url":"https:\/\/diariotextual.com\/inicio\/wp-content\/uploads\/2019\/09\/fernandezalbertotucuman2019-1.jpg","contentUrl":"https:\/\/diariotextual.com\/inicio\/wp-content\/uploads\/2019\/09\/fernandezalbertotucuman2019-1.jpg","width":960,"height":640},{"@type":"BreadcrumbList","@id":"https:\/\/diariotextual.com\/inicio\/index.php\/2019\/10\/06\/alberto-cruzo-macri-citar-san-martin-usted-solo-supo-entregar-al-pais\/#breadcrumb","itemListElement":[{"@type":"ListItem","position":1,"name":"Portada","item":"https:\/\/diariotextual.com\/inicio\/"},{"@type":"ListItem","position":2,"name":"Alberto cruz\u00f3 a Macri por citar a San Mart\u00edn: \u00abUsted solo supo entregar al pa\u00eds\u00bb"}]},{"@type":"WebSite","@id":"https:\/\/diariotextual.com\/inicio\/#website","url":"https:\/\/diariotextual.com\/inicio\/","name":"Diario Textual","description":"","publisher":{"@id":"https:\/\/diariotextual.com\/inicio\/#organization"},"potentialAction":[{"@type":"SearchAction","target":{"@type":"EntryPoint","urlTemplate":"https:\/\/diariotextual.com\/inicio\/?s={search_term_string}"},"query-input":{"@type":"PropertyValueSpecification","valueRequired":true,"valueName":"search_term_string"}}],"inLanguage":"es"},{"@type":"Organization","@id":"https:\/\/diariotextual.com\/inicio\/#organization","name":"Diario Textual","url":"https:\/\/diariotextual.com\/inicio\/","logo":{"@type":"ImageObject","inLanguage":"es","@id":"https:\/\/diariotextual.com\/inicio\/#\/schema\/logo\/image\/","url":"https:\/\/diariotextual.com\/inicio\/wp-content\/uploads\/2023\/05\/logotextual1.jpg","contentUrl":"https:\/\/diariotextual.com\/inicio\/wp-content\/uploads\/2023\/05\/logotextual1.jpg","width":516,"height":76,"caption":"Diario Textual"},"image":{"@id":"https:\/\/diariotextual.com\/inicio\/#\/schema\/logo\/image\/"},"sameAs":["https:\/\/www.facebook.com\/eltextual","https:\/\/x.com\/eltextual","http:\/\/www.instagram.com\/eltextual"]},{"@type":"Person","@id":"https:\/\/diariotextual.com\/inicio\/#\/schema\/person\/418fc4093c33e86ed41562db3508f958","name":"Diario1 Diario1","image":{"@type":"ImageObject","inLanguage":"es","@id":"https:\/\/secure.gravatar.com\/avatar\/9167d280179c85bc18be67aa7eda765854300033af4896dd779b608640f2ef7a?s=96&d=mm&r=g","url":"https:\/\/secure.gravatar.com\/avatar\/9167d280179c85bc18be67aa7eda765854300033af4896dd779b608640f2ef7a?s=96&d=mm&r=g","contentUrl":"https:\/\/secure.gravatar.com\/avatar\/9167d280179c85bc18be67aa7eda765854300033af4896dd779b608640f2ef7a?s=96&d=mm&r=g","caption":"Diario1 Diario1"},"url":"https:\/\/diariotextual.com\/inicio\/index.php\/author\/diario1\/"}]}},"_links":{"self":[{"href":"https:\/\/diariotextual.com\/inicio\/index.php\/wp-json\/wp\/v2\/posts\/65024","targetHints":{"allow":["GET"]}}],"collection":[{"href":"https:\/\/diariotextual.com\/inicio\/index.php\/wp-json\/wp\/v2\/posts"}],"about":[{"href":"https:\/\/diariotextual.com\/inicio\/index.php\/wp-json\/wp\/v2\/types\/post"}],"author":[{"embeddable":true,"href":"https:\/\/diariotextual.com\/inicio\/index.php\/wp-json\/wp\/v2\/users\/3"}],"replies":[{"embeddable":true,"href":"https:\/\/diariotextual.com\/inicio\/index.php\/wp-json\/wp\/v2\/comments?post=65024"}],"version-history":[{"count":1,"href":"https:\/\/diariotextual.com\/inicio\/index.php\/wp-json\/wp\/v2\/posts\/65024\/revisions"}],"predecessor-version":[{"id":65025,"href":"https:\/\/diariotextual.com\/inicio\/index.php\/wp-json\/wp\/v2\/posts\/65024\/revisions\/65025"}],"wp:featuredmedia":[{"embeddable":true,"href":"https:\/\/diariotextual.com\/inicio\/index.php\/wp-json\/wp\/v2\/media\/64437"}],"wp:attachment":[{"href":"https:\/\/diariotextual.com\/inicio\/index.php\/wp-json\/wp\/v2\/media?parent=65024"}],"wp:term":[{"taxonomy":"category","embeddable":true,"href":"https:\/\/diariotextual.com\/inicio\/index.php\/wp-json\/wp\/v2\/categories?post=65024"},{"taxonomy":"post_tag","embeddable":true,"href":"https:\/\/diariotextual.com\/inicio\/index.php\/wp-json\/wp\/v2\/tags?post=65024"}],"curies":[{"name":"wp","href":"https:\/\/api.w.org\/{rel}","templated":true}]}}