{"id":65074,"date":"2019-10-07T08:33:25","date_gmt":"2019-10-07T11:33:25","guid":{"rendered":"http:\/\/diariotextual.com\/inicio\/?p=65074"},"modified":"2019-10-07T17:36:45","modified_gmt":"2019-10-07T20:36:45","slug":"lyf-advierte-peligra-la-provision-energia-conflicto-generadoras","status":"publish","type":"post","link":"https:\/\/diariotextual.com\/inicio\/index.php\/2019\/10\/07\/lyf-advierte-peligra-la-provision-energia-conflicto-generadoras\/","title":{"rendered":"LyF advierte que peligra la provisi\u00f3n de energ\u00eda por un conflicto con generadoras"},"content":{"rendered":"<p>La <strong>Federaci\u00f3n Argentina de Trabajadores de Luz y Fuerza (Fatlyf)<\/strong>, que decidi\u00f3 un<strong> plan de lucha<\/strong> con asambleas y paros que comenzar\u00e1n luego de vencidos los plazos de la conciliaci\u00f3n obligatoria impuesta por el Ministerio de Producci\u00f3n y Trabajo, asegur\u00f3 que <strong>el grave conflicto con las empresas generadoras arriesga la provisi\u00f3n de energ\u00eda en el pa\u00eds.<\/strong><\/p>\n<p>La Fatlyf decidi\u00f3 un plan de lucha y medidas de fuerza en las \u00e1reas de generaci\u00f3n y transporte el\u00e9ctrico ante la <strong>negativa patronal a firmar paritarias.<\/strong><\/p>\n<p>\u00abLos trabajadores de 22 firmas generadoras de todo el pa\u00eds hab\u00edan iniciado medidas de fuerza a partir de la ausencia de acuerdo paritario para este a\u00f1o, pero Trabajo decidi\u00f3 la conciliaci\u00f3n obligatoria por un per\u00edodo h\u00e1bil de 15 d\u00edas, no obstante haberse agotado todas las instancias de negociaci\u00f3n\u00bb,\u00a0afirm\u00f3 el titular del sindicato, Guillermo Moser.<\/p>\n<p><strong>Las protestas hab\u00edan comenzado el 23 de septiembre \u00faltimo, con asistencia a los lugares de empleo y en el contexto de acciones graduales -desde trabajo a reglamento y sesi\u00f3n permanente al paro total-, siempre con atenci\u00f3n y preservaci\u00f3n de la naturaleza esencial del servicio el\u00e9ctrico y las guardias m\u00ednimas determinadas por la ley.<\/strong><\/p>\n<p>El Ministerio de la Producci\u00f3n y Trabajo dict\u00f3 al d\u00eda siguiente la norma 14.786 de <strong>conciliaci\u00f3n obligatoria, que regir\u00e1 hasta el 9 de octubre,<\/strong> por lo que Moser se\u00f1al\u00f3 que <strong>si para entonces las firmas mantienen su posici\u00f3n intransigente, los trabajadores volver\u00e1n de inmediato al paro.<\/strong><\/p>\n<p>Trabajo dispuso la conciliaci\u00f3n obligatoria para evitar\u00a0la nacionalizaci\u00f3n del conflicto y los riesgos que toda protesta sindical conlleva para el servicio el\u00e9ctrico,\u00a0explic\u00f3 Moser, quien sin embargo ratific\u00f3 el estado de \u00abalerta y movilizaci\u00f3n\u00bb del personal del sindicato.<\/p>\n<p>Las empresas cuestionadas por el gremio son <strong>Transener, Pampa Energ\u00eda, Albanesi, Central Vuelta de Obligado, Alicur\u00e1, Termoandes, Cabra Corral, Caracoles, Ullum, Central T\u00e9rmica Guillermo Brown, Puerto, G\u00fcemes, San Nicol\u00e1s y Piedrabuena, Hidroel\u00e9ctrica Diamante y Nihuiles, Termoel\u00e9ctrica General San Mart\u00edn y Manuel Belgrano<\/strong>, entre otras.<\/p>\n<p>Moser se\u00f1al\u00f3 su \u00abtotal sorpresa\u00bb ante la actitud empresaria, ya que\u00a0\u00ablas compa\u00f1\u00edas fueron beneficiadas con ingresos extraordinarios por la devaluaci\u00f3n, mientras las escalas salariales, en el mismo per\u00edodo, perdieron a diario poder adquisitivo\u00bb, concluy\u00f3.<\/p>\n","protected":false},"excerpt":{"rendered":"<p>La Federaci\u00f3n Argentina de Trabajadores de Luz y Fuerza (Fatlyf), que decidi\u00f3 un plan de lucha con asambleas y paros que comenzar\u00e1n luego de vencidos los plazos de la conciliaci\u00f3n&hellip;<\/p>\n","protected":false},"author":7,"featured_media":1532,"comment_status":"closed","ping_status":"open","sticky":false,"template":"","format":"standard","meta":{"_acf_changed":false,"footnotes":""},"categories":[319,12],"tags":[],"class_list":["post-65074","post","type-post","status-publish","format-standard","has-post-thumbnail","hentry","category-a-temporales","category-sociedad"],"acf":[],"yoast_head":"<!-- This site is optimized with the Yoast SEO plugin v27.5 - https:\/\/yoast.com\/product\/yoast-seo-wordpress\/ -->\n<title>LyF advierte que peligra la provisi\u00f3n de energ\u00eda por un conflicto con generadoras - Diario Textual<\/title>\n<meta name=\"robots\" content=\"index, follow, max-snippet:-1, max-image-preview:large, max-video-preview:-1\" \/>\n<link rel=\"canonical\" href=\"https:\/\/diariotextual.com\/inicio\/index.php\/2019\/10\/07\/lyf-advierte-peligra-la-provision-energia-conflicto-generadoras\/\" \/>\n<meta property=\"og:locale\" content=\"es_ES\" \/>\n<meta property=\"og:type\" content=\"article\" \/>\n<meta property=\"og:title\" content=\"LyF advierte que peligra la provisi\u00f3n de energ\u00eda por un conflicto con generadoras - Diario Textual\" \/>\n<meta property=\"og:description\" content=\"La Federaci\u00f3n Argentina de Trabajadores de Luz y Fuerza (Fatlyf), que decidi\u00f3 un plan de lucha con asambleas y paros que comenzar\u00e1n luego de vencidos los plazos de la conciliaci\u00f3n&hellip;\" \/>\n<meta property=\"og:url\" content=\"https:\/\/diariotextual.com\/inicio\/index.php\/2019\/10\/07\/lyf-advierte-peligra-la-provision-energia-conflicto-generadoras\/\" \/>\n<meta property=\"og:site_name\" content=\"Diario Textual\" \/>\n<meta property=\"article:publisher\" content=\"https:\/\/www.facebook.com\/eltextual\" \/>\n<meta property=\"article:published_time\" content=\"2019-10-07T11:33:25+00:00\" \/>\n<meta property=\"article:modified_time\" content=\"2019-10-07T20:36:45+00:00\" \/>\n<meta property=\"og:image\" content=\"https:\/\/diariotextual.com\/inicio\/wp-content\/uploads\/2018\/03\/electricidadtorrestextual2015-1.jpg\" \/>\n\t<meta property=\"og:image:width\" content=\"600\" \/>\n\t<meta property=\"og:image:height\" content=\"400\" \/>\n\t<meta property=\"og:image:type\" content=\"image\/jpeg\" \/>\n<meta name=\"author\" content=\"diario5\" \/>\n<meta name=\"twitter:card\" content=\"summary_large_image\" \/>\n<meta name=\"twitter:creator\" content=\"@eltextual\" \/>\n<meta name=\"twitter:site\" content=\"@eltextual\" \/>\n<meta name=\"twitter:label1\" content=\"Escrito por\" \/>\n\t<meta name=\"twitter:data1\" content=\"diario5\" \/>\n\t<meta name=\"twitter:label2\" content=\"Tiempo de lectura\" \/>\n\t<meta name=\"twitter:data2\" content=\"2 minutos\" \/>\n<script type=\"application\/ld+json\" class=\"yoast-schema-graph\">{\"@context\":\"https:\\\/\\\/schema.org\",\"@graph\":[{\"@type\":\"Article\",\"@id\":\"https:\\\/\\\/diariotextual.com\\\/inicio\\\/index.php\\\/2019\\\/10\\\/07\\\/lyf-advierte-peligra-la-provision-energia-conflicto-generadoras\\\/#article\",\"isPartOf\":{\"@id\":\"https:\\\/\\\/diariotextual.com\\\/inicio\\\/index.php\\\/2019\\\/10\\\/07\\\/lyf-advierte-peligra-la-provision-energia-conflicto-generadoras\\\/\"},\"author\":{\"name\":\"diario5\",\"@id\":\"https:\\\/\\\/diariotextual.com\\\/inicio\\\/#\\\/schema\\\/person\\\/c7834961ad8b29b1d9cdbf4571299067\"},\"headline\":\"LyF advierte que peligra la provisi\u00f3n de energ\u00eda por un conflicto con generadoras\",\"datePublished\":\"2019-10-07T11:33:25+00:00\",\"dateModified\":\"2019-10-07T20:36:45+00:00\",\"mainEntityOfPage\":{\"@id\":\"https:\\\/\\\/diariotextual.com\\\/inicio\\\/index.php\\\/2019\\\/10\\\/07\\\/lyf-advierte-peligra-la-provision-energia-conflicto-generadoras\\\/\"},\"wordCount\":408,\"publisher\":{\"@id\":\"https:\\\/\\\/diariotextual.com\\\/inicio\\\/#organization\"},\"image\":{\"@id\":\"https:\\\/\\\/diariotextual.com\\\/inicio\\\/index.php\\\/2019\\\/10\\\/07\\\/lyf-advierte-peligra-la-provision-energia-conflicto-generadoras\\\/#primaryimage\"},\"thumbnailUrl\":\"https:\\\/\\\/diariotextual.com\\\/inicio\\\/wp-content\\\/uploads\\\/2018\\\/03\\\/electricidadtorrestextual2015-1.jpg\",\"articleSection\":[\"A - TEMPORALES\",\"SOCIEDAD\"],\"inLanguage\":\"es\"},{\"@type\":\"WebPage\",\"@id\":\"https:\\\/\\\/diariotextual.com\\\/inicio\\\/index.php\\\/2019\\\/10\\\/07\\\/lyf-advierte-peligra-la-provision-energia-conflicto-generadoras\\\/\",\"url\":\"https:\\\/\\\/diariotextual.com\\\/inicio\\\/index.php\\\/2019\\\/10\\\/07\\\/lyf-advierte-peligra-la-provision-energia-conflicto-generadoras\\\/\",\"name\":\"LyF advierte que peligra la provisi\u00f3n de energ\u00eda por un conflicto con generadoras - Diario Textual\",\"isPartOf\":{\"@id\":\"https:\\\/\\\/diariotextual.com\\\/inicio\\\/#website\"},\"primaryImageOfPage\":{\"@id\":\"https:\\\/\\\/diariotextual.com\\\/inicio\\\/index.php\\\/2019\\\/10\\\/07\\\/lyf-advierte-peligra-la-provision-energia-conflicto-generadoras\\\/#primaryimage\"},\"image\":{\"@id\":\"https:\\\/\\\/diariotextual.com\\\/inicio\\\/index.php\\\/2019\\\/10\\\/07\\\/lyf-advierte-peligra-la-provision-energia-conflicto-generadoras\\\/#primaryimage\"},\"thumbnailUrl\":\"https:\\\/\\\/diariotextual.com\\\/inicio\\\/wp-content\\\/uploads\\\/2018\\\/03\\\/electricidadtorrestextual2015-1.jpg\",\"datePublished\":\"2019-10-07T11:33:25+00:00\",\"dateModified\":\"2019-10-07T20:36:45+00:00\",\"breadcrumb\":{\"@id\":\"https:\\\/\\\/diariotextual.com\\\/inicio\\\/index.php\\\/2019\\\/10\\\/07\\\/lyf-advierte-peligra-la-provision-energia-conflicto-generadoras\\\/#breadcrumb\"},\"inLanguage\":\"es\",\"potentialAction\":[{\"@type\":\"ReadAction\",\"target\":[\"https:\\\/\\\/diariotextual.com\\\/inicio\\\/index.php\\\/2019\\\/10\\\/07\\\/lyf-advierte-peligra-la-provision-energia-conflicto-generadoras\\\/\"]}]},{\"@type\":\"ImageObject\",\"inLanguage\":\"es\",\"@id\":\"https:\\\/\\\/diariotextual.com\\\/inicio\\\/index.php\\\/2019\\\/10\\\/07\\\/lyf-advierte-peligra-la-provision-energia-conflicto-generadoras\\\/#primaryimage\",\"url\":\"https:\\\/\\\/diariotextual.com\\\/inicio\\\/wp-content\\\/uploads\\\/2018\\\/03\\\/electricidadtorrestextual2015-1.jpg\",\"contentUrl\":\"https:\\\/\\\/diariotextual.com\\\/inicio\\\/wp-content\\\/uploads\\\/2018\\\/03\\\/electricidadtorrestextual2015-1.jpg\",\"width\":600,\"height\":400},{\"@type\":\"BreadcrumbList\",\"@id\":\"https:\\\/\\\/diariotextual.com\\\/inicio\\\/index.php\\\/2019\\\/10\\\/07\\\/lyf-advierte-peligra-la-provision-energia-conflicto-generadoras\\\/#breadcrumb\",\"itemListElement\":[{\"@type\":\"ListItem\",\"position\":1,\"name\":\"Portada\",\"item\":\"https:\\\/\\\/diariotextual.com\\\/inicio\\\/\"},{\"@type\":\"ListItem\",\"position\":2,\"name\":\"LyF advierte que peligra la provisi\u00f3n de energ\u00eda por un conflicto con generadoras\"}]},{\"@type\":\"WebSite\",\"@id\":\"https:\\\/\\\/diariotextual.com\\\/inicio\\\/#website\",\"url\":\"https:\\\/\\\/diariotextual.com\\\/inicio\\\/\",\"name\":\"Diario Textual\",\"description\":\"\",\"publisher\":{\"@id\":\"https:\\\/\\\/diariotextual.com\\\/inicio\\\/#organization\"},\"potentialAction\":[{\"@type\":\"SearchAction\",\"target\":{\"@type\":\"EntryPoint\",\"urlTemplate\":\"https:\\\/\\\/diariotextual.com\\\/inicio\\\/?s={search_term_string}\"},\"query-input\":{\"@type\":\"PropertyValueSpecification\",\"valueRequired\":true,\"valueName\":\"search_term_string\"}}],\"inLanguage\":\"es\"},{\"@type\":\"Organization\",\"@id\":\"https:\\\/\\\/diariotextual.com\\\/inicio\\\/#organization\",\"name\":\"Diario Textual\",\"url\":\"https:\\\/\\\/diariotextual.com\\\/inicio\\\/\",\"logo\":{\"@type\":\"ImageObject\",\"inLanguage\":\"es\",\"@id\":\"https:\\\/\\\/diariotextual.com\\\/inicio\\\/#\\\/schema\\\/logo\\\/image\\\/\",\"url\":\"https:\\\/\\\/diariotextual.com\\\/inicio\\\/wp-content\\\/uploads\\\/2023\\\/05\\\/logotextual1.jpg\",\"contentUrl\":\"https:\\\/\\\/diariotextual.com\\\/inicio\\\/wp-content\\\/uploads\\\/2023\\\/05\\\/logotextual1.jpg\",\"width\":516,\"height\":76,\"caption\":\"Diario Textual\"},\"image\":{\"@id\":\"https:\\\/\\\/diariotextual.com\\\/inicio\\\/#\\\/schema\\\/logo\\\/image\\\/\"},\"sameAs\":[\"https:\\\/\\\/www.facebook.com\\\/eltextual\",\"https:\\\/\\\/x.com\\\/eltextual\",\"http:\\\/\\\/www.instagram.com\\\/eltextual\"]},{\"@type\":\"Person\",\"@id\":\"https:\\\/\\\/diariotextual.com\\\/inicio\\\/#\\\/schema\\\/person\\\/c7834961ad8b29b1d9cdbf4571299067\",\"name\":\"diario5\",\"image\":{\"@type\":\"ImageObject\",\"inLanguage\":\"es\",\"@id\":\"https:\\\/\\\/secure.gravatar.com\\\/avatar\\\/948c893b847ca6df68216ead81b63f363408ec9b0f600fefc0641ce78613b111?s=96&d=mm&r=g\",\"url\":\"https:\\\/\\\/secure.gravatar.com\\\/avatar\\\/948c893b847ca6df68216ead81b63f363408ec9b0f600fefc0641ce78613b111?s=96&d=mm&r=g\",\"contentUrl\":\"https:\\\/\\\/secure.gravatar.com\\\/avatar\\\/948c893b847ca6df68216ead81b63f363408ec9b0f600fefc0641ce78613b111?s=96&d=mm&r=g\",\"caption\":\"diario5\"},\"url\":\"https:\\\/\\\/diariotextual.com\\\/inicio\\\/index.php\\\/author\\\/diario5\\\/\"}]}<\/script>\n<!-- \/ Yoast SEO plugin. -->","yoast_head_json":{"title":"LyF advierte que peligra la provisi\u00f3n de energ\u00eda por un conflicto con generadoras - Diario Textual","robots":{"index":"index","follow":"follow","max-snippet":"max-snippet:-1","max-image-preview":"max-image-preview:large","max-video-preview":"max-video-preview:-1"},"canonical":"https:\/\/diariotextual.com\/inicio\/index.php\/2019\/10\/07\/lyf-advierte-peligra-la-provision-energia-conflicto-generadoras\/","og_locale":"es_ES","og_type":"article","og_title":"LyF advierte que peligra la provisi\u00f3n de energ\u00eda por un conflicto con generadoras - Diario Textual","og_description":"La Federaci\u00f3n Argentina de Trabajadores de Luz y Fuerza (Fatlyf), que decidi\u00f3 un plan de lucha con asambleas y paros que comenzar\u00e1n luego de vencidos los plazos de la conciliaci\u00f3n&hellip;","og_url":"https:\/\/diariotextual.com\/inicio\/index.php\/2019\/10\/07\/lyf-advierte-peligra-la-provision-energia-conflicto-generadoras\/","og_site_name":"Diario Textual","article_publisher":"https:\/\/www.facebook.com\/eltextual","article_published_time":"2019-10-07T11:33:25+00:00","article_modified_time":"2019-10-07T20:36:45+00:00","og_image":[{"width":600,"height":400,"url":"https:\/\/diariotextual.com\/inicio\/wp-content\/uploads\/2018\/03\/electricidadtorrestextual2015-1.jpg","type":"image\/jpeg"}],"author":"diario5","twitter_card":"summary_large_image","twitter_creator":"@eltextual","twitter_site":"@eltextual","twitter_misc":{"Escrito por":"diario5","Tiempo de lectura":"2 minutos"},"schema":{"@context":"https:\/\/schema.org","@graph":[{"@type":"Article","@id":"https:\/\/diariotextual.com\/inicio\/index.php\/2019\/10\/07\/lyf-advierte-peligra-la-provision-energia-conflicto-generadoras\/#article","isPartOf":{"@id":"https:\/\/diariotextual.com\/inicio\/index.php\/2019\/10\/07\/lyf-advierte-peligra-la-provision-energia-conflicto-generadoras\/"},"author":{"name":"diario5","@id":"https:\/\/diariotextual.com\/inicio\/#\/schema\/person\/c7834961ad8b29b1d9cdbf4571299067"},"headline":"LyF advierte que peligra la provisi\u00f3n de energ\u00eda por un conflicto con generadoras","datePublished":"2019-10-07T11:33:25+00:00","dateModified":"2019-10-07T20:36:45+00:00","mainEntityOfPage":{"@id":"https:\/\/diariotextual.com\/inicio\/index.php\/2019\/10\/07\/lyf-advierte-peligra-la-provision-energia-conflicto-generadoras\/"},"wordCount":408,"publisher":{"@id":"https:\/\/diariotextual.com\/inicio\/#organization"},"image":{"@id":"https:\/\/diariotextual.com\/inicio\/index.php\/2019\/10\/07\/lyf-advierte-peligra-la-provision-energia-conflicto-generadoras\/#primaryimage"},"thumbnailUrl":"https:\/\/diariotextual.com\/inicio\/wp-content\/uploads\/2018\/03\/electricidadtorrestextual2015-1.jpg","articleSection":["A - TEMPORALES","SOCIEDAD"],"inLanguage":"es"},{"@type":"WebPage","@id":"https:\/\/diariotextual.com\/inicio\/index.php\/2019\/10\/07\/lyf-advierte-peligra-la-provision-energia-conflicto-generadoras\/","url":"https:\/\/diariotextual.com\/inicio\/index.php\/2019\/10\/07\/lyf-advierte-peligra-la-provision-energia-conflicto-generadoras\/","name":"LyF advierte que peligra la provisi\u00f3n de energ\u00eda por un conflicto con generadoras - Diario Textual","isPartOf":{"@id":"https:\/\/diariotextual.com\/inicio\/#website"},"primaryImageOfPage":{"@id":"https:\/\/diariotextual.com\/inicio\/index.php\/2019\/10\/07\/lyf-advierte-peligra-la-provision-energia-conflicto-generadoras\/#primaryimage"},"image":{"@id":"https:\/\/diariotextual.com\/inicio\/index.php\/2019\/10\/07\/lyf-advierte-peligra-la-provision-energia-conflicto-generadoras\/#primaryimage"},"thumbnailUrl":"https:\/\/diariotextual.com\/inicio\/wp-content\/uploads\/2018\/03\/electricidadtorrestextual2015-1.jpg","datePublished":"2019-10-07T11:33:25+00:00","dateModified":"2019-10-07T20:36:45+00:00","breadcrumb":{"@id":"https:\/\/diariotextual.com\/inicio\/index.php\/2019\/10\/07\/lyf-advierte-peligra-la-provision-energia-conflicto-generadoras\/#breadcrumb"},"inLanguage":"es","potentialAction":[{"@type":"ReadAction","target":["https:\/\/diariotextual.com\/inicio\/index.php\/2019\/10\/07\/lyf-advierte-peligra-la-provision-energia-conflicto-generadoras\/"]}]},{"@type":"ImageObject","inLanguage":"es","@id":"https:\/\/diariotextual.com\/inicio\/index.php\/2019\/10\/07\/lyf-advierte-peligra-la-provision-energia-conflicto-generadoras\/#primaryimage","url":"https:\/\/diariotextual.com\/inicio\/wp-content\/uploads\/2018\/03\/electricidadtorrestextual2015-1.jpg","contentUrl":"https:\/\/diariotextual.com\/inicio\/wp-content\/uploads\/2018\/03\/electricidadtorrestextual2015-1.jpg","width":600,"height":400},{"@type":"BreadcrumbList","@id":"https:\/\/diariotextual.com\/inicio\/index.php\/2019\/10\/07\/lyf-advierte-peligra-la-provision-energia-conflicto-generadoras\/#breadcrumb","itemListElement":[{"@type":"ListItem","position":1,"name":"Portada","item":"https:\/\/diariotextual.com\/inicio\/"},{"@type":"ListItem","position":2,"name":"LyF advierte que peligra la provisi\u00f3n de energ\u00eda por un conflicto con generadoras"}]},{"@type":"WebSite","@id":"https:\/\/diariotextual.com\/inicio\/#website","url":"https:\/\/diariotextual.com\/inicio\/","name":"Diario Textual","description":"","publisher":{"@id":"https:\/\/diariotextual.com\/inicio\/#organization"},"potentialAction":[{"@type":"SearchAction","target":{"@type":"EntryPoint","urlTemplate":"https:\/\/diariotextual.com\/inicio\/?s={search_term_string}"},"query-input":{"@type":"PropertyValueSpecification","valueRequired":true,"valueName":"search_term_string"}}],"inLanguage":"es"},{"@type":"Organization","@id":"https:\/\/diariotextual.com\/inicio\/#organization","name":"Diario Textual","url":"https:\/\/diariotextual.com\/inicio\/","logo":{"@type":"ImageObject","inLanguage":"es","@id":"https:\/\/diariotextual.com\/inicio\/#\/schema\/logo\/image\/","url":"https:\/\/diariotextual.com\/inicio\/wp-content\/uploads\/2023\/05\/logotextual1.jpg","contentUrl":"https:\/\/diariotextual.com\/inicio\/wp-content\/uploads\/2023\/05\/logotextual1.jpg","width":516,"height":76,"caption":"Diario Textual"},"image":{"@id":"https:\/\/diariotextual.com\/inicio\/#\/schema\/logo\/image\/"},"sameAs":["https:\/\/www.facebook.com\/eltextual","https:\/\/x.com\/eltextual","http:\/\/www.instagram.com\/eltextual"]},{"@type":"Person","@id":"https:\/\/diariotextual.com\/inicio\/#\/schema\/person\/c7834961ad8b29b1d9cdbf4571299067","name":"diario5","image":{"@type":"ImageObject","inLanguage":"es","@id":"https:\/\/secure.gravatar.com\/avatar\/948c893b847ca6df68216ead81b63f363408ec9b0f600fefc0641ce78613b111?s=96&d=mm&r=g","url":"https:\/\/secure.gravatar.com\/avatar\/948c893b847ca6df68216ead81b63f363408ec9b0f600fefc0641ce78613b111?s=96&d=mm&r=g","contentUrl":"https:\/\/secure.gravatar.com\/avatar\/948c893b847ca6df68216ead81b63f363408ec9b0f600fefc0641ce78613b111?s=96&d=mm&r=g","caption":"diario5"},"url":"https:\/\/diariotextual.com\/inicio\/index.php\/author\/diario5\/"}]}},"_links":{"self":[{"href":"https:\/\/diariotextual.com\/inicio\/index.php\/wp-json\/wp\/v2\/posts\/65074","targetHints":{"allow":["GET"]}}],"collection":[{"href":"https:\/\/diariotextual.com\/inicio\/index.php\/wp-json\/wp\/v2\/posts"}],"about":[{"href":"https:\/\/diariotextual.com\/inicio\/index.php\/wp-json\/wp\/v2\/types\/post"}],"author":[{"embeddable":true,"href":"https:\/\/diariotextual.com\/inicio\/index.php\/wp-json\/wp\/v2\/users\/7"}],"replies":[{"embeddable":true,"href":"https:\/\/diariotextual.com\/inicio\/index.php\/wp-json\/wp\/v2\/comments?post=65074"}],"version-history":[{"count":1,"href":"https:\/\/diariotextual.com\/inicio\/index.php\/wp-json\/wp\/v2\/posts\/65074\/revisions"}],"predecessor-version":[{"id":65075,"href":"https:\/\/diariotextual.com\/inicio\/index.php\/wp-json\/wp\/v2\/posts\/65074\/revisions\/65075"}],"wp:featuredmedia":[{"embeddable":true,"href":"https:\/\/diariotextual.com\/inicio\/index.php\/wp-json\/wp\/v2\/media\/1532"}],"wp:attachment":[{"href":"https:\/\/diariotextual.com\/inicio\/index.php\/wp-json\/wp\/v2\/media?parent=65074"}],"wp:term":[{"taxonomy":"category","embeddable":true,"href":"https:\/\/diariotextual.com\/inicio\/index.php\/wp-json\/wp\/v2\/categories?post=65074"},{"taxonomy":"post_tag","embeddable":true,"href":"https:\/\/diariotextual.com\/inicio\/index.php\/wp-json\/wp\/v2\/tags?post=65074"}],"curies":[{"name":"wp","href":"https:\/\/api.w.org\/{rel}","templated":true}]}}