{"id":65093,"date":"2019-10-07T10:26:35","date_gmt":"2019-10-07T13:26:35","guid":{"rendered":"http:\/\/diariotextual.com\/inicio\/?p=65093"},"modified":"2019-10-07T17:50:11","modified_gmt":"2019-10-07T20:50:11","slug":"di-napoli-pedira-oxigeno-provincia-tomar-decisiones","status":"publish","type":"post","link":"https:\/\/diariotextual.com\/inicio\/index.php\/2019\/10\/07\/di-napoli-pedira-oxigeno-provincia-tomar-decisiones\/","title":{"rendered":"Di N\u00e1poli pedir\u00e1 \u00abox\u00edgeno\u00bb a Provincia para \u00abtomar decisiones\u00bb"},"content":{"rendered":"<p>El intendente electo de Santa Rosa, <strong>Luciano Di N\u00e1poli<\/strong>, dijo que recibir\u00e1 un municipio <strong>\u00abcomplicado financieramente\u00bb<\/strong> y anticip\u00f3 que va a <strong>\u00absentarse con el gobernador (electo) Sergio Ziliotto y con el ministro de Hacienda Ernesto Franco\u00bb<\/strong> para pedir <strong>\u00abox\u00edgeno\u00bb<\/strong> que permita <strong>\u00abtomar decisiones\u00bb<\/strong> en su gesti\u00f3n.<\/p>\n<p>Di N\u00e1poli, en declaraciones a CPE tv, cont\u00f3 que sus colaboradores est\u00e1n reuni\u00e9ndose con el secretario de Hacienda actual, Luis Evangelista, para tratar de armar el presupuesto 2020. La semana pasada el actual intendente, Leandro Altolaguirre, pidi\u00f3 una pr\u00f3rroga para su presentaci\u00f3n hasta el 31 de diciembre para que las nuevas autoridades asuman con presupuesto propio.<\/p>\n<p>\u00abEl municipio est\u00e1 complicado financieramente. Lo que ingresa alcanza solo para los sueldos y hay dos grandes deudas, Aguas del Colorado y los adelantos de coparticipaci\u00f3n. Veremos c\u00f3mo nos ponemos al d\u00eda y c\u00f3mo cumplimos con las obligaciones. La situaci\u00f3n es grave y esperamos tener el acompa\u00f1amiento del vecino\u00bb,\u00a0dijo Di N\u00e1poli.<\/p>\n<p><strong>-\u00bfVa a pedir un reperfilamiento de las deudas?-le consultaron<\/strong><\/p>\n<p>-Nos vamos a tener que sentar con Ziliotto y con Franco para tener ox\u00edgeno para tomar decisiones.<\/p>\n<p>&nbsp;<\/p>\n","protected":false},"excerpt":{"rendered":"<p>El intendente electo de Santa Rosa, Luciano Di N\u00e1poli, dijo que recibir\u00e1 un municipio \u00abcomplicado financieramente\u00bb y anticip\u00f3 que va a \u00absentarse con el gobernador (electo) Sergio Ziliotto y con&hellip;<\/p>\n","protected":false},"author":7,"featured_media":38604,"comment_status":"closed","ping_status":"open","sticky":false,"template":"","format":"standard","meta":{"_acf_changed":false,"footnotes":""},"categories":[319,8],"tags":[],"class_list":["post-65093","post","type-post","status-publish","format-standard","has-post-thumbnail","hentry","category-a-temporales","category-politica"],"acf":[],"yoast_head":"<!-- This site is optimized with the Yoast SEO plugin v27.5 - https:\/\/yoast.com\/product\/yoast-seo-wordpress\/ -->\n<title>Di N\u00e1poli pedir\u00e1 &quot;ox\u00edgeno&quot; a Provincia para &quot;tomar decisiones&quot; - Diario Textual<\/title>\n<meta name=\"robots\" content=\"index, follow, max-snippet:-1, max-image-preview:large, max-video-preview:-1\" \/>\n<link rel=\"canonical\" href=\"https:\/\/diariotextual.com\/inicio\/index.php\/2019\/10\/07\/di-napoli-pedira-oxigeno-provincia-tomar-decisiones\/\" \/>\n<meta property=\"og:locale\" content=\"es_ES\" \/>\n<meta property=\"og:type\" content=\"article\" \/>\n<meta property=\"og:title\" content=\"Di N\u00e1poli pedir\u00e1 &quot;ox\u00edgeno&quot; a Provincia para &quot;tomar decisiones&quot; - Diario Textual\" \/>\n<meta property=\"og:description\" content=\"El intendente electo de Santa Rosa, Luciano Di N\u00e1poli, dijo que recibir\u00e1 un municipio \u00abcomplicado financieramente\u00bb y anticip\u00f3 que va a \u00absentarse con el gobernador (electo) Sergio Ziliotto y con&hellip;\" \/>\n<meta property=\"og:url\" content=\"https:\/\/diariotextual.com\/inicio\/index.php\/2019\/10\/07\/di-napoli-pedira-oxigeno-provincia-tomar-decisiones\/\" \/>\n<meta property=\"og:site_name\" content=\"Diario Textual\" \/>\n<meta property=\"article:publisher\" content=\"https:\/\/www.facebook.com\/eltextual\" \/>\n<meta property=\"article:published_time\" content=\"2019-10-07T13:26:35+00:00\" \/>\n<meta property=\"article:modified_time\" content=\"2019-10-07T20:50:11+00:00\" \/>\n<meta property=\"og:image\" content=\"https:\/\/diariotextual.com\/inicio\/wp-content\/uploads\/2019\/02\/dinapoliluciano2019-000023333.jpg\" \/>\n\t<meta property=\"og:image:width\" content=\"771\" \/>\n\t<meta property=\"og:image:height\" content=\"498\" \/>\n\t<meta property=\"og:image:type\" content=\"image\/jpeg\" \/>\n<meta name=\"author\" content=\"diario5\" \/>\n<meta name=\"twitter:card\" content=\"summary_large_image\" \/>\n<meta name=\"twitter:creator\" content=\"@eltextual\" \/>\n<meta name=\"twitter:site\" content=\"@eltextual\" \/>\n<meta name=\"twitter:label1\" content=\"Escrito por\" \/>\n\t<meta name=\"twitter:data1\" content=\"diario5\" \/>\n\t<meta name=\"twitter:label2\" content=\"Tiempo de lectura\" \/>\n\t<meta name=\"twitter:data2\" content=\"1 minuto\" \/>\n<script type=\"application\/ld+json\" class=\"yoast-schema-graph\">{\"@context\":\"https:\\\/\\\/schema.org\",\"@graph\":[{\"@type\":\"Article\",\"@id\":\"https:\\\/\\\/diariotextual.com\\\/inicio\\\/index.php\\\/2019\\\/10\\\/07\\\/di-napoli-pedira-oxigeno-provincia-tomar-decisiones\\\/#article\",\"isPartOf\":{\"@id\":\"https:\\\/\\\/diariotextual.com\\\/inicio\\\/index.php\\\/2019\\\/10\\\/07\\\/di-napoli-pedira-oxigeno-provincia-tomar-decisiones\\\/\"},\"author\":{\"name\":\"diario5\",\"@id\":\"https:\\\/\\\/diariotextual.com\\\/inicio\\\/#\\\/schema\\\/person\\\/c7834961ad8b29b1d9cdbf4571299067\"},\"headline\":\"Di N\u00e1poli pedir\u00e1 \u00abox\u00edgeno\u00bb a Provincia para \u00abtomar decisiones\u00bb\",\"datePublished\":\"2019-10-07T13:26:35+00:00\",\"dateModified\":\"2019-10-07T20:50:11+00:00\",\"mainEntityOfPage\":{\"@id\":\"https:\\\/\\\/diariotextual.com\\\/inicio\\\/index.php\\\/2019\\\/10\\\/07\\\/di-napoli-pedira-oxigeno-provincia-tomar-decisiones\\\/\"},\"wordCount\":208,\"publisher\":{\"@id\":\"https:\\\/\\\/diariotextual.com\\\/inicio\\\/#organization\"},\"image\":{\"@id\":\"https:\\\/\\\/diariotextual.com\\\/inicio\\\/index.php\\\/2019\\\/10\\\/07\\\/di-napoli-pedira-oxigeno-provincia-tomar-decisiones\\\/#primaryimage\"},\"thumbnailUrl\":\"https:\\\/\\\/diariotextual.com\\\/inicio\\\/wp-content\\\/uploads\\\/2019\\\/02\\\/dinapoliluciano2019-000023333.jpg\",\"articleSection\":[\"A - TEMPORALES\",\"POLITICA\"],\"inLanguage\":\"es\"},{\"@type\":\"WebPage\",\"@id\":\"https:\\\/\\\/diariotextual.com\\\/inicio\\\/index.php\\\/2019\\\/10\\\/07\\\/di-napoli-pedira-oxigeno-provincia-tomar-decisiones\\\/\",\"url\":\"https:\\\/\\\/diariotextual.com\\\/inicio\\\/index.php\\\/2019\\\/10\\\/07\\\/di-napoli-pedira-oxigeno-provincia-tomar-decisiones\\\/\",\"name\":\"Di N\u00e1poli pedir\u00e1 \\\"ox\u00edgeno\\\" a Provincia para \\\"tomar decisiones\\\" - Diario Textual\",\"isPartOf\":{\"@id\":\"https:\\\/\\\/diariotextual.com\\\/inicio\\\/#website\"},\"primaryImageOfPage\":{\"@id\":\"https:\\\/\\\/diariotextual.com\\\/inicio\\\/index.php\\\/2019\\\/10\\\/07\\\/di-napoli-pedira-oxigeno-provincia-tomar-decisiones\\\/#primaryimage\"},\"image\":{\"@id\":\"https:\\\/\\\/diariotextual.com\\\/inicio\\\/index.php\\\/2019\\\/10\\\/07\\\/di-napoli-pedira-oxigeno-provincia-tomar-decisiones\\\/#primaryimage\"},\"thumbnailUrl\":\"https:\\\/\\\/diariotextual.com\\\/inicio\\\/wp-content\\\/uploads\\\/2019\\\/02\\\/dinapoliluciano2019-000023333.jpg\",\"datePublished\":\"2019-10-07T13:26:35+00:00\",\"dateModified\":\"2019-10-07T20:50:11+00:00\",\"breadcrumb\":{\"@id\":\"https:\\\/\\\/diariotextual.com\\\/inicio\\\/index.php\\\/2019\\\/10\\\/07\\\/di-napoli-pedira-oxigeno-provincia-tomar-decisiones\\\/#breadcrumb\"},\"inLanguage\":\"es\",\"potentialAction\":[{\"@type\":\"ReadAction\",\"target\":[\"https:\\\/\\\/diariotextual.com\\\/inicio\\\/index.php\\\/2019\\\/10\\\/07\\\/di-napoli-pedira-oxigeno-provincia-tomar-decisiones\\\/\"]}]},{\"@type\":\"ImageObject\",\"inLanguage\":\"es\",\"@id\":\"https:\\\/\\\/diariotextual.com\\\/inicio\\\/index.php\\\/2019\\\/10\\\/07\\\/di-napoli-pedira-oxigeno-provincia-tomar-decisiones\\\/#primaryimage\",\"url\":\"https:\\\/\\\/diariotextual.com\\\/inicio\\\/wp-content\\\/uploads\\\/2019\\\/02\\\/dinapoliluciano2019-000023333.jpg\",\"contentUrl\":\"https:\\\/\\\/diariotextual.com\\\/inicio\\\/wp-content\\\/uploads\\\/2019\\\/02\\\/dinapoliluciano2019-000023333.jpg\",\"width\":771,\"height\":498},{\"@type\":\"BreadcrumbList\",\"@id\":\"https:\\\/\\\/diariotextual.com\\\/inicio\\\/index.php\\\/2019\\\/10\\\/07\\\/di-napoli-pedira-oxigeno-provincia-tomar-decisiones\\\/#breadcrumb\",\"itemListElement\":[{\"@type\":\"ListItem\",\"position\":1,\"name\":\"Portada\",\"item\":\"https:\\\/\\\/diariotextual.com\\\/inicio\\\/\"},{\"@type\":\"ListItem\",\"position\":2,\"name\":\"Di N\u00e1poli pedir\u00e1 \u00abox\u00edgeno\u00bb a Provincia para \u00abtomar decisiones\u00bb\"}]},{\"@type\":\"WebSite\",\"@id\":\"https:\\\/\\\/diariotextual.com\\\/inicio\\\/#website\",\"url\":\"https:\\\/\\\/diariotextual.com\\\/inicio\\\/\",\"name\":\"Diario Textual\",\"description\":\"\",\"publisher\":{\"@id\":\"https:\\\/\\\/diariotextual.com\\\/inicio\\\/#organization\"},\"potentialAction\":[{\"@type\":\"SearchAction\",\"target\":{\"@type\":\"EntryPoint\",\"urlTemplate\":\"https:\\\/\\\/diariotextual.com\\\/inicio\\\/?s={search_term_string}\"},\"query-input\":{\"@type\":\"PropertyValueSpecification\",\"valueRequired\":true,\"valueName\":\"search_term_string\"}}],\"inLanguage\":\"es\"},{\"@type\":\"Organization\",\"@id\":\"https:\\\/\\\/diariotextual.com\\\/inicio\\\/#organization\",\"name\":\"Diario Textual\",\"url\":\"https:\\\/\\\/diariotextual.com\\\/inicio\\\/\",\"logo\":{\"@type\":\"ImageObject\",\"inLanguage\":\"es\",\"@id\":\"https:\\\/\\\/diariotextual.com\\\/inicio\\\/#\\\/schema\\\/logo\\\/image\\\/\",\"url\":\"https:\\\/\\\/diariotextual.com\\\/inicio\\\/wp-content\\\/uploads\\\/2023\\\/05\\\/logotextual1.jpg\",\"contentUrl\":\"https:\\\/\\\/diariotextual.com\\\/inicio\\\/wp-content\\\/uploads\\\/2023\\\/05\\\/logotextual1.jpg\",\"width\":516,\"height\":76,\"caption\":\"Diario Textual\"},\"image\":{\"@id\":\"https:\\\/\\\/diariotextual.com\\\/inicio\\\/#\\\/schema\\\/logo\\\/image\\\/\"},\"sameAs\":[\"https:\\\/\\\/www.facebook.com\\\/eltextual\",\"https:\\\/\\\/x.com\\\/eltextual\",\"http:\\\/\\\/www.instagram.com\\\/eltextual\"]},{\"@type\":\"Person\",\"@id\":\"https:\\\/\\\/diariotextual.com\\\/inicio\\\/#\\\/schema\\\/person\\\/c7834961ad8b29b1d9cdbf4571299067\",\"name\":\"diario5\",\"image\":{\"@type\":\"ImageObject\",\"inLanguage\":\"es\",\"@id\":\"https:\\\/\\\/secure.gravatar.com\\\/avatar\\\/948c893b847ca6df68216ead81b63f363408ec9b0f600fefc0641ce78613b111?s=96&d=mm&r=g\",\"url\":\"https:\\\/\\\/secure.gravatar.com\\\/avatar\\\/948c893b847ca6df68216ead81b63f363408ec9b0f600fefc0641ce78613b111?s=96&d=mm&r=g\",\"contentUrl\":\"https:\\\/\\\/secure.gravatar.com\\\/avatar\\\/948c893b847ca6df68216ead81b63f363408ec9b0f600fefc0641ce78613b111?s=96&d=mm&r=g\",\"caption\":\"diario5\"},\"url\":\"https:\\\/\\\/diariotextual.com\\\/inicio\\\/index.php\\\/author\\\/diario5\\\/\"}]}<\/script>\n<!-- \/ Yoast SEO plugin. -->","yoast_head_json":{"title":"Di N\u00e1poli pedir\u00e1 \"ox\u00edgeno\" a Provincia para \"tomar decisiones\" - Diario Textual","robots":{"index":"index","follow":"follow","max-snippet":"max-snippet:-1","max-image-preview":"max-image-preview:large","max-video-preview":"max-video-preview:-1"},"canonical":"https:\/\/diariotextual.com\/inicio\/index.php\/2019\/10\/07\/di-napoli-pedira-oxigeno-provincia-tomar-decisiones\/","og_locale":"es_ES","og_type":"article","og_title":"Di N\u00e1poli pedir\u00e1 \"ox\u00edgeno\" a Provincia para \"tomar decisiones\" - Diario Textual","og_description":"El intendente electo de Santa Rosa, Luciano Di N\u00e1poli, dijo que recibir\u00e1 un municipio \u00abcomplicado financieramente\u00bb y anticip\u00f3 que va a \u00absentarse con el gobernador (electo) Sergio Ziliotto y con&hellip;","og_url":"https:\/\/diariotextual.com\/inicio\/index.php\/2019\/10\/07\/di-napoli-pedira-oxigeno-provincia-tomar-decisiones\/","og_site_name":"Diario Textual","article_publisher":"https:\/\/www.facebook.com\/eltextual","article_published_time":"2019-10-07T13:26:35+00:00","article_modified_time":"2019-10-07T20:50:11+00:00","og_image":[{"width":771,"height":498,"url":"https:\/\/diariotextual.com\/inicio\/wp-content\/uploads\/2019\/02\/dinapoliluciano2019-000023333.jpg","type":"image\/jpeg"}],"author":"diario5","twitter_card":"summary_large_image","twitter_creator":"@eltextual","twitter_site":"@eltextual","twitter_misc":{"Escrito por":"diario5","Tiempo de lectura":"1 minuto"},"schema":{"@context":"https:\/\/schema.org","@graph":[{"@type":"Article","@id":"https:\/\/diariotextual.com\/inicio\/index.php\/2019\/10\/07\/di-napoli-pedira-oxigeno-provincia-tomar-decisiones\/#article","isPartOf":{"@id":"https:\/\/diariotextual.com\/inicio\/index.php\/2019\/10\/07\/di-napoli-pedira-oxigeno-provincia-tomar-decisiones\/"},"author":{"name":"diario5","@id":"https:\/\/diariotextual.com\/inicio\/#\/schema\/person\/c7834961ad8b29b1d9cdbf4571299067"},"headline":"Di N\u00e1poli pedir\u00e1 \u00abox\u00edgeno\u00bb a Provincia para \u00abtomar decisiones\u00bb","datePublished":"2019-10-07T13:26:35+00:00","dateModified":"2019-10-07T20:50:11+00:00","mainEntityOfPage":{"@id":"https:\/\/diariotextual.com\/inicio\/index.php\/2019\/10\/07\/di-napoli-pedira-oxigeno-provincia-tomar-decisiones\/"},"wordCount":208,"publisher":{"@id":"https:\/\/diariotextual.com\/inicio\/#organization"},"image":{"@id":"https:\/\/diariotextual.com\/inicio\/index.php\/2019\/10\/07\/di-napoli-pedira-oxigeno-provincia-tomar-decisiones\/#primaryimage"},"thumbnailUrl":"https:\/\/diariotextual.com\/inicio\/wp-content\/uploads\/2019\/02\/dinapoliluciano2019-000023333.jpg","articleSection":["A - TEMPORALES","POLITICA"],"inLanguage":"es"},{"@type":"WebPage","@id":"https:\/\/diariotextual.com\/inicio\/index.php\/2019\/10\/07\/di-napoli-pedira-oxigeno-provincia-tomar-decisiones\/","url":"https:\/\/diariotextual.com\/inicio\/index.php\/2019\/10\/07\/di-napoli-pedira-oxigeno-provincia-tomar-decisiones\/","name":"Di N\u00e1poli pedir\u00e1 \"ox\u00edgeno\" a Provincia para \"tomar decisiones\" - Diario Textual","isPartOf":{"@id":"https:\/\/diariotextual.com\/inicio\/#website"},"primaryImageOfPage":{"@id":"https:\/\/diariotextual.com\/inicio\/index.php\/2019\/10\/07\/di-napoli-pedira-oxigeno-provincia-tomar-decisiones\/#primaryimage"},"image":{"@id":"https:\/\/diariotextual.com\/inicio\/index.php\/2019\/10\/07\/di-napoli-pedira-oxigeno-provincia-tomar-decisiones\/#primaryimage"},"thumbnailUrl":"https:\/\/diariotextual.com\/inicio\/wp-content\/uploads\/2019\/02\/dinapoliluciano2019-000023333.jpg","datePublished":"2019-10-07T13:26:35+00:00","dateModified":"2019-10-07T20:50:11+00:00","breadcrumb":{"@id":"https:\/\/diariotextual.com\/inicio\/index.php\/2019\/10\/07\/di-napoli-pedira-oxigeno-provincia-tomar-decisiones\/#breadcrumb"},"inLanguage":"es","potentialAction":[{"@type":"ReadAction","target":["https:\/\/diariotextual.com\/inicio\/index.php\/2019\/10\/07\/di-napoli-pedira-oxigeno-provincia-tomar-decisiones\/"]}]},{"@type":"ImageObject","inLanguage":"es","@id":"https:\/\/diariotextual.com\/inicio\/index.php\/2019\/10\/07\/di-napoli-pedira-oxigeno-provincia-tomar-decisiones\/#primaryimage","url":"https:\/\/diariotextual.com\/inicio\/wp-content\/uploads\/2019\/02\/dinapoliluciano2019-000023333.jpg","contentUrl":"https:\/\/diariotextual.com\/inicio\/wp-content\/uploads\/2019\/02\/dinapoliluciano2019-000023333.jpg","width":771,"height":498},{"@type":"BreadcrumbList","@id":"https:\/\/diariotextual.com\/inicio\/index.php\/2019\/10\/07\/di-napoli-pedira-oxigeno-provincia-tomar-decisiones\/#breadcrumb","itemListElement":[{"@type":"ListItem","position":1,"name":"Portada","item":"https:\/\/diariotextual.com\/inicio\/"},{"@type":"ListItem","position":2,"name":"Di N\u00e1poli pedir\u00e1 \u00abox\u00edgeno\u00bb a Provincia para \u00abtomar decisiones\u00bb"}]},{"@type":"WebSite","@id":"https:\/\/diariotextual.com\/inicio\/#website","url":"https:\/\/diariotextual.com\/inicio\/","name":"Diario Textual","description":"","publisher":{"@id":"https:\/\/diariotextual.com\/inicio\/#organization"},"potentialAction":[{"@type":"SearchAction","target":{"@type":"EntryPoint","urlTemplate":"https:\/\/diariotextual.com\/inicio\/?s={search_term_string}"},"query-input":{"@type":"PropertyValueSpecification","valueRequired":true,"valueName":"search_term_string"}}],"inLanguage":"es"},{"@type":"Organization","@id":"https:\/\/diariotextual.com\/inicio\/#organization","name":"Diario Textual","url":"https:\/\/diariotextual.com\/inicio\/","logo":{"@type":"ImageObject","inLanguage":"es","@id":"https:\/\/diariotextual.com\/inicio\/#\/schema\/logo\/image\/","url":"https:\/\/diariotextual.com\/inicio\/wp-content\/uploads\/2023\/05\/logotextual1.jpg","contentUrl":"https:\/\/diariotextual.com\/inicio\/wp-content\/uploads\/2023\/05\/logotextual1.jpg","width":516,"height":76,"caption":"Diario Textual"},"image":{"@id":"https:\/\/diariotextual.com\/inicio\/#\/schema\/logo\/image\/"},"sameAs":["https:\/\/www.facebook.com\/eltextual","https:\/\/x.com\/eltextual","http:\/\/www.instagram.com\/eltextual"]},{"@type":"Person","@id":"https:\/\/diariotextual.com\/inicio\/#\/schema\/person\/c7834961ad8b29b1d9cdbf4571299067","name":"diario5","image":{"@type":"ImageObject","inLanguage":"es","@id":"https:\/\/secure.gravatar.com\/avatar\/948c893b847ca6df68216ead81b63f363408ec9b0f600fefc0641ce78613b111?s=96&d=mm&r=g","url":"https:\/\/secure.gravatar.com\/avatar\/948c893b847ca6df68216ead81b63f363408ec9b0f600fefc0641ce78613b111?s=96&d=mm&r=g","contentUrl":"https:\/\/secure.gravatar.com\/avatar\/948c893b847ca6df68216ead81b63f363408ec9b0f600fefc0641ce78613b111?s=96&d=mm&r=g","caption":"diario5"},"url":"https:\/\/diariotextual.com\/inicio\/index.php\/author\/diario5\/"}]}},"_links":{"self":[{"href":"https:\/\/diariotextual.com\/inicio\/index.php\/wp-json\/wp\/v2\/posts\/65093","targetHints":{"allow":["GET"]}}],"collection":[{"href":"https:\/\/diariotextual.com\/inicio\/index.php\/wp-json\/wp\/v2\/posts"}],"about":[{"href":"https:\/\/diariotextual.com\/inicio\/index.php\/wp-json\/wp\/v2\/types\/post"}],"author":[{"embeddable":true,"href":"https:\/\/diariotextual.com\/inicio\/index.php\/wp-json\/wp\/v2\/users\/7"}],"replies":[{"embeddable":true,"href":"https:\/\/diariotextual.com\/inicio\/index.php\/wp-json\/wp\/v2\/comments?post=65093"}],"version-history":[{"count":1,"href":"https:\/\/diariotextual.com\/inicio\/index.php\/wp-json\/wp\/v2\/posts\/65093\/revisions"}],"predecessor-version":[{"id":65095,"href":"https:\/\/diariotextual.com\/inicio\/index.php\/wp-json\/wp\/v2\/posts\/65093\/revisions\/65095"}],"wp:featuredmedia":[{"embeddable":true,"href":"https:\/\/diariotextual.com\/inicio\/index.php\/wp-json\/wp\/v2\/media\/38604"}],"wp:attachment":[{"href":"https:\/\/diariotextual.com\/inicio\/index.php\/wp-json\/wp\/v2\/media?parent=65093"}],"wp:term":[{"taxonomy":"category","embeddable":true,"href":"https:\/\/diariotextual.com\/inicio\/index.php\/wp-json\/wp\/v2\/categories?post=65093"},{"taxonomy":"post_tag","embeddable":true,"href":"https:\/\/diariotextual.com\/inicio\/index.php\/wp-json\/wp\/v2\/tags?post=65093"}],"curies":[{"name":"wp","href":"https:\/\/api.w.org\/{rel}","templated":true}]}}