{"id":65096,"date":"2019-10-07T10:40:26","date_gmt":"2019-10-07T13:40:26","guid":{"rendered":"http:\/\/diariotextual.com\/inicio\/?p=65096"},"modified":"2019-10-08T08:03:22","modified_gmt":"2019-10-08T11:03:22","slug":"coirco-pedira-informes-mendoza-los-pozos-fracking-metros-del-rio-colorado","status":"publish","type":"post","link":"https:\/\/diariotextual.com\/inicio\/index.php\/2019\/10\/07\/coirco-pedira-informes-mendoza-los-pozos-fracking-metros-del-rio-colorado\/","title":{"rendered":"Coirco pedir\u00e1 informes a Mendoza por los pozos de fracking a metros del r\u00edo Colorado"},"content":{"rendered":"<p>El Comit\u00e9 Interprovincial del R\u00edo Colorado (Coirco) le pedir\u00e1 un <strong>informe<\/strong> a la provincia de Mendoza por<a href=\"http:\/\/diariotextual.com\/inicio\/index.php\/2019\/10\/07\/ypf-pidio-autorizacion-mendoza-fracking-metros-del-colorado\/\" target=\"_blank\" rel=\"noopener\"><strong> los pozos de fracking que piensa poner a funcionar a metros del r\u00edo Colorado<\/strong><\/a>. As\u00ed por lo menos lo manifest\u00f3 el secretario de Recursos H\u00eddricos de La Pampa, <strong>Javier Schlegel<\/strong>, en di\u00e1logo con <strong>Diario Textual<\/strong>.<\/p>\n<p>La reuni\u00f3n del Coirco se har\u00e1 el 17 de octubre en la ciudad de Bah\u00eda Blanca. \u00abLa\u00a0 Pampa presentar\u00e1 el pedido de informes, que creemos que se aprobar\u00e1, para que Mendoza informe el trascendido period\u00edstico\u00bb, sostuvo.<\/p>\n<p>Dijo que, en principio, se debe establecer si esos pozos est\u00e1n dentro de la cuenca del Colorado. \u00abEn ese caso, corresponde el control y fiscalizaci\u00f3n del Coirco\u00bb, expres\u00f3. \u00abHay una comisi\u00f3n t\u00e9cnica fiscalizadora dentro de Coirco que es la que se encarga de fiscalizar todos los pozos y yacimientos petroleros en el r\u00edo Colorado. Es la que exige e investiga que todo esto est\u00e9 a reglamente y dentro de la ley\u00bb, manifest\u00f3.<\/p>\n<p>En La Pampa hay preocupaci\u00f3n por<strong> la posibilidad de que la actividad de fractura hidr\u00e1ulica para extraer petr\u00f3leo y gas pueda contaminar el agua del Colorado, de la que se abastece la mitad de la poblaci\u00f3n<\/strong>.<\/p>\n<blockquote class=\"wp-embedded-content\" data-secret=\"Q0MswTEKxD\"><p><a href=\"http:\/\/diariotextual.com\/inicio\/index.php\/2019\/10\/07\/ypf-pidio-autorizacion-mendoza-fracking-metros-del-colorado\/\">YPF pidi\u00f3 autorizaci\u00f3n a Mendoza para hacer fracking a metros del Colorado<\/a><\/p><\/blockquote>\n<p><iframe class=\"wp-embedded-content\" sandbox=\"allow-scripts\" security=\"restricted\" style=\"position: absolute; clip: rect(1px, 1px, 1px, 1px);\" src=\"http:\/\/diariotextual.com\/inicio\/index.php\/2019\/10\/07\/ypf-pidio-autorizacion-mendoza-fracking-metros-del-colorado\/embed\/#?secret=Q0MswTEKxD\" data-secret=\"Q0MswTEKxD\" width=\"600\" height=\"338\" title=\"&#171;YPF pidi\u00f3 autorizaci\u00f3n a Mendoza para hacer fracking a metros del Colorado&#187; &#8212; Diario Textual\" frameborder=\"0\" marginwidth=\"0\" marginheight=\"0\" scrolling=\"no\"><\/iframe><\/p>\n<p>&nbsp;<\/p>\n<p><strong>YPF<\/strong><\/p>\n<p>La petrolera estatal<strong>\u00a0YPF<\/strong>\u00a0avanza en el segundo proyecto de exploraci\u00f3n no convencional en Mendoza. Ahora pidi\u00f3 autorizaci\u00f3n para hacer\u00a0<strong>fracking<\/strong>\u00a0en tres pozos petroleros del \u00e1rea Chihuido de la Salina Sur, ubicada sobre el r\u00edo Colorado. Por eso el Gobierno mendocino inici\u00f3 el proceso de evaluaci\u00f3n ambiental para autorizar a la empresa a ejecutar el proyecto.\u00a0<strong>La Pampa, que utiliza el r\u00edo Colorado para riego y el consumo de la mitad de su poblaci\u00f3n, no fue a\u00fan notificada.<\/strong><\/p>\n<p>\u00abDar por iniciado el Procedimiento de Evaluaci\u00f3n de Impacto Ambiental del Proyecto denominado \u201cA.P Perforaci\u00f3n, estimulaci\u00f3n y operaci\u00f3n Pozos Exploratorios BdA.x-1(h), BdA.x-2(h),BdA.x-3(h) (Barde de los \u00c1lamos)\u201d \u2013 \u00c1rea Chihuido de la Salina Sur \u2013 YPF S.A\u00bb, dice la resoluci\u00f3n, seg\u00fan publica el sitio MDZol.<\/p>\n<p>El \u00e1rea\u00a0<strong>est\u00e1 en el extremo sur de Mendoza, muy cerca del r\u00edo Colorado y del l\u00edmite con Neuqu\u00e9n.<\/strong>\u00a0Se trata de una zona con alta concentraci\u00f3n de proyectos petroleros.<\/p>\n<p>&nbsp;<\/p>\n<p><strong>Qu\u00e9 es<\/strong><\/p>\n<p>La\u00a0<b>fracturaci\u00f3n hidr\u00e1ulica<\/b>\u00a0es una t\u00e9cnica para posibilitar o aumentar la extracci\u00f3n de gas y petr\u00f3leo del subsuelo. La t\u00e9cnica consiste en la perforaci\u00f3n de un pozo vertical u horizontal, entubado y cementado, a m\u00e1s de 2500 metros de profundidad, con el objetivo de generar uno o varios canales de elevada permeabilidad a trav\u00e9s de la inyecci\u00f3n de agua a alta presi\u00f3n, de modo que supere la resistencia de la roca y abra una fractura controlada en el fondo del pozo. As\u00ed, se logra la salida de petr\u00f3leo o gas\u00a0hacia la superficie.<\/p>\n<p>&nbsp;<\/p>\n<p><strong>En La Pampa no est\u00e1 prohibido<\/strong><\/p>\n<p>Una parte del bloque del yacimiento Vaca Muerta -donde se extrae hidrocarburos con esta t\u00e9cnica- alcanza al sudoeste pampeano. El subsecretario de Hidrocarburos y Miner\u00eda de la provincia,\u00a0<strong>Mat\u00edas Tosso<\/strong>, dijo en 2018 que \u00abprobablemente\u00bb habr\u00eda que \u00abtomar una decisi\u00f3n\u201d para autorizar o no el<strong>\u00a0fracking<\/strong>\u00a0en la actividad\u00a0<strong>hidrocarbur\u00edfera<\/strong>\u00a0en La Pampa. \u00ab<strong>Probablemente en unos a\u00f1os vamos a tener que tomar una decisi\u00f3n sobre si se hace fracking o no\u201d, sostuvo.<\/strong><\/p>\n<p>&nbsp;<\/p>\n<p>&nbsp;<\/p>\n<p>&nbsp;<\/p>\n<p>&nbsp;<\/p>\n","protected":false},"excerpt":{"rendered":"<p>El Comit\u00e9 Interprovincial del R\u00edo Colorado (Coirco) le pedir\u00e1 un informe a la provincia de Mendoza por los pozos de fracking que piensa poner a funcionar a metros del r\u00edo&hellip;<\/p>\n","protected":false},"author":3,"featured_media":14780,"comment_status":"closed","ping_status":"open","sticky":false,"template":"","format":"standard","meta":{"_acf_changed":false,"footnotes":""},"categories":[319,12],"tags":[298],"class_list":["post-65096","post","type-post","status-publish","format-standard","has-post-thumbnail","hentry","category-a-temporales","category-sociedad","tag-fracking"],"acf":[],"yoast_head":"<!-- This site is optimized with the Yoast SEO plugin v27.5 - https:\/\/yoast.com\/product\/yoast-seo-wordpress\/ -->\n<title>Coirco pedir\u00e1 informes a Mendoza por los pozos de fracking a metros del r\u00edo Colorado - Diario Textual<\/title>\n<meta name=\"robots\" content=\"index, follow, max-snippet:-1, max-image-preview:large, max-video-preview:-1\" \/>\n<link rel=\"canonical\" href=\"https:\/\/diariotextual.com\/inicio\/index.php\/2019\/10\/07\/coirco-pedira-informes-mendoza-los-pozos-fracking-metros-del-rio-colorado\/\" \/>\n<meta property=\"og:locale\" content=\"es_ES\" \/>\n<meta property=\"og:type\" content=\"article\" \/>\n<meta property=\"og:title\" content=\"Coirco pedir\u00e1 informes a Mendoza por los pozos de fracking a metros del r\u00edo Colorado - Diario Textual\" \/>\n<meta property=\"og:description\" content=\"El Comit\u00e9 Interprovincial del R\u00edo Colorado (Coirco) le pedir\u00e1 un informe a la provincia de Mendoza por los pozos de fracking que piensa poner a funcionar a metros del r\u00edo&hellip;\" \/>\n<meta property=\"og:url\" content=\"https:\/\/diariotextual.com\/inicio\/index.php\/2019\/10\/07\/coirco-pedira-informes-mendoza-los-pozos-fracking-metros-del-rio-colorado\/\" \/>\n<meta property=\"og:site_name\" content=\"Diario Textual\" \/>\n<meta property=\"article:publisher\" content=\"https:\/\/www.facebook.com\/eltextual\" \/>\n<meta property=\"article:published_time\" content=\"2019-10-07T13:40:26+00:00\" \/>\n<meta property=\"article:modified_time\" content=\"2019-10-08T11:03:22+00:00\" \/>\n<meta property=\"og:image\" content=\"https:\/\/diariotextual.com\/inicio\/wp-content\/uploads\/2018\/07\/riocolorado2018-1.jpg\" \/>\n\t<meta property=\"og:image:width\" content=\"617\" \/>\n\t<meta property=\"og:image:height\" content=\"425\" \/>\n\t<meta property=\"og:image:type\" content=\"image\/jpeg\" \/>\n<meta name=\"author\" content=\"Diario1 Diario1\" \/>\n<meta name=\"twitter:card\" content=\"summary_large_image\" \/>\n<meta name=\"twitter:creator\" content=\"@eltextual\" \/>\n<meta name=\"twitter:site\" content=\"@eltextual\" \/>\n<meta name=\"twitter:label1\" content=\"Escrito por\" \/>\n\t<meta name=\"twitter:data1\" content=\"Diario1 Diario1\" \/>\n\t<meta name=\"twitter:label2\" content=\"Tiempo de lectura\" \/>\n\t<meta name=\"twitter:data2\" content=\"3 minutos\" \/>\n<script type=\"application\/ld+json\" class=\"yoast-schema-graph\">{\"@context\":\"https:\\\/\\\/schema.org\",\"@graph\":[{\"@type\":\"Article\",\"@id\":\"https:\\\/\\\/diariotextual.com\\\/inicio\\\/index.php\\\/2019\\\/10\\\/07\\\/coirco-pedira-informes-mendoza-los-pozos-fracking-metros-del-rio-colorado\\\/#article\",\"isPartOf\":{\"@id\":\"https:\\\/\\\/diariotextual.com\\\/inicio\\\/index.php\\\/2019\\\/10\\\/07\\\/coirco-pedira-informes-mendoza-los-pozos-fracking-metros-del-rio-colorado\\\/\"},\"author\":{\"name\":\"Diario1 Diario1\",\"@id\":\"https:\\\/\\\/diariotextual.com\\\/inicio\\\/#\\\/schema\\\/person\\\/418fc4093c33e86ed41562db3508f958\"},\"headline\":\"Coirco pedir\u00e1 informes a Mendoza por los pozos de fracking a metros del r\u00edo Colorado\",\"datePublished\":\"2019-10-07T13:40:26+00:00\",\"dateModified\":\"2019-10-08T11:03:22+00:00\",\"mainEntityOfPage\":{\"@id\":\"https:\\\/\\\/diariotextual.com\\\/inicio\\\/index.php\\\/2019\\\/10\\\/07\\\/coirco-pedira-informes-mendoza-los-pozos-fracking-metros-del-rio-colorado\\\/\"},\"wordCount\":610,\"publisher\":{\"@id\":\"https:\\\/\\\/diariotextual.com\\\/inicio\\\/#organization\"},\"image\":{\"@id\":\"https:\\\/\\\/diariotextual.com\\\/inicio\\\/index.php\\\/2019\\\/10\\\/07\\\/coirco-pedira-informes-mendoza-los-pozos-fracking-metros-del-rio-colorado\\\/#primaryimage\"},\"thumbnailUrl\":\"https:\\\/\\\/diariotextual.com\\\/inicio\\\/wp-content\\\/uploads\\\/2018\\\/07\\\/riocolorado2018-1.jpg\",\"keywords\":[\"fracking\"],\"articleSection\":[\"A - TEMPORALES\",\"SOCIEDAD\"],\"inLanguage\":\"es\"},{\"@type\":\"WebPage\",\"@id\":\"https:\\\/\\\/diariotextual.com\\\/inicio\\\/index.php\\\/2019\\\/10\\\/07\\\/coirco-pedira-informes-mendoza-los-pozos-fracking-metros-del-rio-colorado\\\/\",\"url\":\"https:\\\/\\\/diariotextual.com\\\/inicio\\\/index.php\\\/2019\\\/10\\\/07\\\/coirco-pedira-informes-mendoza-los-pozos-fracking-metros-del-rio-colorado\\\/\",\"name\":\"Coirco pedir\u00e1 informes a Mendoza por los pozos de fracking a metros del r\u00edo Colorado - Diario Textual\",\"isPartOf\":{\"@id\":\"https:\\\/\\\/diariotextual.com\\\/inicio\\\/#website\"},\"primaryImageOfPage\":{\"@id\":\"https:\\\/\\\/diariotextual.com\\\/inicio\\\/index.php\\\/2019\\\/10\\\/07\\\/coirco-pedira-informes-mendoza-los-pozos-fracking-metros-del-rio-colorado\\\/#primaryimage\"},\"image\":{\"@id\":\"https:\\\/\\\/diariotextual.com\\\/inicio\\\/index.php\\\/2019\\\/10\\\/07\\\/coirco-pedira-informes-mendoza-los-pozos-fracking-metros-del-rio-colorado\\\/#primaryimage\"},\"thumbnailUrl\":\"https:\\\/\\\/diariotextual.com\\\/inicio\\\/wp-content\\\/uploads\\\/2018\\\/07\\\/riocolorado2018-1.jpg\",\"datePublished\":\"2019-10-07T13:40:26+00:00\",\"dateModified\":\"2019-10-08T11:03:22+00:00\",\"breadcrumb\":{\"@id\":\"https:\\\/\\\/diariotextual.com\\\/inicio\\\/index.php\\\/2019\\\/10\\\/07\\\/coirco-pedira-informes-mendoza-los-pozos-fracking-metros-del-rio-colorado\\\/#breadcrumb\"},\"inLanguage\":\"es\",\"potentialAction\":[{\"@type\":\"ReadAction\",\"target\":[\"https:\\\/\\\/diariotextual.com\\\/inicio\\\/index.php\\\/2019\\\/10\\\/07\\\/coirco-pedira-informes-mendoza-los-pozos-fracking-metros-del-rio-colorado\\\/\"]}]},{\"@type\":\"ImageObject\",\"inLanguage\":\"es\",\"@id\":\"https:\\\/\\\/diariotextual.com\\\/inicio\\\/index.php\\\/2019\\\/10\\\/07\\\/coirco-pedira-informes-mendoza-los-pozos-fracking-metros-del-rio-colorado\\\/#primaryimage\",\"url\":\"https:\\\/\\\/diariotextual.com\\\/inicio\\\/wp-content\\\/uploads\\\/2018\\\/07\\\/riocolorado2018-1.jpg\",\"contentUrl\":\"https:\\\/\\\/diariotextual.com\\\/inicio\\\/wp-content\\\/uploads\\\/2018\\\/07\\\/riocolorado2018-1.jpg\",\"width\":617,\"height\":425,\"caption\":\"cof\"},{\"@type\":\"BreadcrumbList\",\"@id\":\"https:\\\/\\\/diariotextual.com\\\/inicio\\\/index.php\\\/2019\\\/10\\\/07\\\/coirco-pedira-informes-mendoza-los-pozos-fracking-metros-del-rio-colorado\\\/#breadcrumb\",\"itemListElement\":[{\"@type\":\"ListItem\",\"position\":1,\"name\":\"Portada\",\"item\":\"https:\\\/\\\/diariotextual.com\\\/inicio\\\/\"},{\"@type\":\"ListItem\",\"position\":2,\"name\":\"Coirco pedir\u00e1 informes a Mendoza por los pozos de fracking a metros del r\u00edo Colorado\"}]},{\"@type\":\"WebSite\",\"@id\":\"https:\\\/\\\/diariotextual.com\\\/inicio\\\/#website\",\"url\":\"https:\\\/\\\/diariotextual.com\\\/inicio\\\/\",\"name\":\"Diario Textual\",\"description\":\"\",\"publisher\":{\"@id\":\"https:\\\/\\\/diariotextual.com\\\/inicio\\\/#organization\"},\"potentialAction\":[{\"@type\":\"SearchAction\",\"target\":{\"@type\":\"EntryPoint\",\"urlTemplate\":\"https:\\\/\\\/diariotextual.com\\\/inicio\\\/?s={search_term_string}\"},\"query-input\":{\"@type\":\"PropertyValueSpecification\",\"valueRequired\":true,\"valueName\":\"search_term_string\"}}],\"inLanguage\":\"es\"},{\"@type\":\"Organization\",\"@id\":\"https:\\\/\\\/diariotextual.com\\\/inicio\\\/#organization\",\"name\":\"Diario Textual\",\"url\":\"https:\\\/\\\/diariotextual.com\\\/inicio\\\/\",\"logo\":{\"@type\":\"ImageObject\",\"inLanguage\":\"es\",\"@id\":\"https:\\\/\\\/diariotextual.com\\\/inicio\\\/#\\\/schema\\\/logo\\\/image\\\/\",\"url\":\"https:\\\/\\\/diariotextual.com\\\/inicio\\\/wp-content\\\/uploads\\\/2023\\\/05\\\/logotextual1.jpg\",\"contentUrl\":\"https:\\\/\\\/diariotextual.com\\\/inicio\\\/wp-content\\\/uploads\\\/2023\\\/05\\\/logotextual1.jpg\",\"width\":516,\"height\":76,\"caption\":\"Diario Textual\"},\"image\":{\"@id\":\"https:\\\/\\\/diariotextual.com\\\/inicio\\\/#\\\/schema\\\/logo\\\/image\\\/\"},\"sameAs\":[\"https:\\\/\\\/www.facebook.com\\\/eltextual\",\"https:\\\/\\\/x.com\\\/eltextual\",\"http:\\\/\\\/www.instagram.com\\\/eltextual\"]},{\"@type\":\"Person\",\"@id\":\"https:\\\/\\\/diariotextual.com\\\/inicio\\\/#\\\/schema\\\/person\\\/418fc4093c33e86ed41562db3508f958\",\"name\":\"Diario1 Diario1\",\"image\":{\"@type\":\"ImageObject\",\"inLanguage\":\"es\",\"@id\":\"https:\\\/\\\/secure.gravatar.com\\\/avatar\\\/9167d280179c85bc18be67aa7eda765854300033af4896dd779b608640f2ef7a?s=96&d=mm&r=g\",\"url\":\"https:\\\/\\\/secure.gravatar.com\\\/avatar\\\/9167d280179c85bc18be67aa7eda765854300033af4896dd779b608640f2ef7a?s=96&d=mm&r=g\",\"contentUrl\":\"https:\\\/\\\/secure.gravatar.com\\\/avatar\\\/9167d280179c85bc18be67aa7eda765854300033af4896dd779b608640f2ef7a?s=96&d=mm&r=g\",\"caption\":\"Diario1 Diario1\"},\"url\":\"https:\\\/\\\/diariotextual.com\\\/inicio\\\/index.php\\\/author\\\/diario1\\\/\"}]}<\/script>\n<!-- \/ Yoast SEO plugin. -->","yoast_head_json":{"title":"Coirco pedir\u00e1 informes a Mendoza por los pozos de fracking a metros del r\u00edo Colorado - Diario Textual","robots":{"index":"index","follow":"follow","max-snippet":"max-snippet:-1","max-image-preview":"max-image-preview:large","max-video-preview":"max-video-preview:-1"},"canonical":"https:\/\/diariotextual.com\/inicio\/index.php\/2019\/10\/07\/coirco-pedira-informes-mendoza-los-pozos-fracking-metros-del-rio-colorado\/","og_locale":"es_ES","og_type":"article","og_title":"Coirco pedir\u00e1 informes a Mendoza por los pozos de fracking a metros del r\u00edo Colorado - Diario Textual","og_description":"El Comit\u00e9 Interprovincial del R\u00edo Colorado (Coirco) le pedir\u00e1 un informe a la provincia de Mendoza por los pozos de fracking que piensa poner a funcionar a metros del r\u00edo&hellip;","og_url":"https:\/\/diariotextual.com\/inicio\/index.php\/2019\/10\/07\/coirco-pedira-informes-mendoza-los-pozos-fracking-metros-del-rio-colorado\/","og_site_name":"Diario Textual","article_publisher":"https:\/\/www.facebook.com\/eltextual","article_published_time":"2019-10-07T13:40:26+00:00","article_modified_time":"2019-10-08T11:03:22+00:00","og_image":[{"width":617,"height":425,"url":"https:\/\/diariotextual.com\/inicio\/wp-content\/uploads\/2018\/07\/riocolorado2018-1.jpg","type":"image\/jpeg"}],"author":"Diario1 Diario1","twitter_card":"summary_large_image","twitter_creator":"@eltextual","twitter_site":"@eltextual","twitter_misc":{"Escrito por":"Diario1 Diario1","Tiempo de lectura":"3 minutos"},"schema":{"@context":"https:\/\/schema.org","@graph":[{"@type":"Article","@id":"https:\/\/diariotextual.com\/inicio\/index.php\/2019\/10\/07\/coirco-pedira-informes-mendoza-los-pozos-fracking-metros-del-rio-colorado\/#article","isPartOf":{"@id":"https:\/\/diariotextual.com\/inicio\/index.php\/2019\/10\/07\/coirco-pedira-informes-mendoza-los-pozos-fracking-metros-del-rio-colorado\/"},"author":{"name":"Diario1 Diario1","@id":"https:\/\/diariotextual.com\/inicio\/#\/schema\/person\/418fc4093c33e86ed41562db3508f958"},"headline":"Coirco pedir\u00e1 informes a Mendoza por los pozos de fracking a metros del r\u00edo Colorado","datePublished":"2019-10-07T13:40:26+00:00","dateModified":"2019-10-08T11:03:22+00:00","mainEntityOfPage":{"@id":"https:\/\/diariotextual.com\/inicio\/index.php\/2019\/10\/07\/coirco-pedira-informes-mendoza-los-pozos-fracking-metros-del-rio-colorado\/"},"wordCount":610,"publisher":{"@id":"https:\/\/diariotextual.com\/inicio\/#organization"},"image":{"@id":"https:\/\/diariotextual.com\/inicio\/index.php\/2019\/10\/07\/coirco-pedira-informes-mendoza-los-pozos-fracking-metros-del-rio-colorado\/#primaryimage"},"thumbnailUrl":"https:\/\/diariotextual.com\/inicio\/wp-content\/uploads\/2018\/07\/riocolorado2018-1.jpg","keywords":["fracking"],"articleSection":["A - TEMPORALES","SOCIEDAD"],"inLanguage":"es"},{"@type":"WebPage","@id":"https:\/\/diariotextual.com\/inicio\/index.php\/2019\/10\/07\/coirco-pedira-informes-mendoza-los-pozos-fracking-metros-del-rio-colorado\/","url":"https:\/\/diariotextual.com\/inicio\/index.php\/2019\/10\/07\/coirco-pedira-informes-mendoza-los-pozos-fracking-metros-del-rio-colorado\/","name":"Coirco pedir\u00e1 informes a Mendoza por los pozos de fracking a metros del r\u00edo Colorado - Diario Textual","isPartOf":{"@id":"https:\/\/diariotextual.com\/inicio\/#website"},"primaryImageOfPage":{"@id":"https:\/\/diariotextual.com\/inicio\/index.php\/2019\/10\/07\/coirco-pedira-informes-mendoza-los-pozos-fracking-metros-del-rio-colorado\/#primaryimage"},"image":{"@id":"https:\/\/diariotextual.com\/inicio\/index.php\/2019\/10\/07\/coirco-pedira-informes-mendoza-los-pozos-fracking-metros-del-rio-colorado\/#primaryimage"},"thumbnailUrl":"https:\/\/diariotextual.com\/inicio\/wp-content\/uploads\/2018\/07\/riocolorado2018-1.jpg","datePublished":"2019-10-07T13:40:26+00:00","dateModified":"2019-10-08T11:03:22+00:00","breadcrumb":{"@id":"https:\/\/diariotextual.com\/inicio\/index.php\/2019\/10\/07\/coirco-pedira-informes-mendoza-los-pozos-fracking-metros-del-rio-colorado\/#breadcrumb"},"inLanguage":"es","potentialAction":[{"@type":"ReadAction","target":["https:\/\/diariotextual.com\/inicio\/index.php\/2019\/10\/07\/coirco-pedira-informes-mendoza-los-pozos-fracking-metros-del-rio-colorado\/"]}]},{"@type":"ImageObject","inLanguage":"es","@id":"https:\/\/diariotextual.com\/inicio\/index.php\/2019\/10\/07\/coirco-pedira-informes-mendoza-los-pozos-fracking-metros-del-rio-colorado\/#primaryimage","url":"https:\/\/diariotextual.com\/inicio\/wp-content\/uploads\/2018\/07\/riocolorado2018-1.jpg","contentUrl":"https:\/\/diariotextual.com\/inicio\/wp-content\/uploads\/2018\/07\/riocolorado2018-1.jpg","width":617,"height":425,"caption":"cof"},{"@type":"BreadcrumbList","@id":"https:\/\/diariotextual.com\/inicio\/index.php\/2019\/10\/07\/coirco-pedira-informes-mendoza-los-pozos-fracking-metros-del-rio-colorado\/#breadcrumb","itemListElement":[{"@type":"ListItem","position":1,"name":"Portada","item":"https:\/\/diariotextual.com\/inicio\/"},{"@type":"ListItem","position":2,"name":"Coirco pedir\u00e1 informes a Mendoza por los pozos de fracking a metros del r\u00edo Colorado"}]},{"@type":"WebSite","@id":"https:\/\/diariotextual.com\/inicio\/#website","url":"https:\/\/diariotextual.com\/inicio\/","name":"Diario Textual","description":"","publisher":{"@id":"https:\/\/diariotextual.com\/inicio\/#organization"},"potentialAction":[{"@type":"SearchAction","target":{"@type":"EntryPoint","urlTemplate":"https:\/\/diariotextual.com\/inicio\/?s={search_term_string}"},"query-input":{"@type":"PropertyValueSpecification","valueRequired":true,"valueName":"search_term_string"}}],"inLanguage":"es"},{"@type":"Organization","@id":"https:\/\/diariotextual.com\/inicio\/#organization","name":"Diario Textual","url":"https:\/\/diariotextual.com\/inicio\/","logo":{"@type":"ImageObject","inLanguage":"es","@id":"https:\/\/diariotextual.com\/inicio\/#\/schema\/logo\/image\/","url":"https:\/\/diariotextual.com\/inicio\/wp-content\/uploads\/2023\/05\/logotextual1.jpg","contentUrl":"https:\/\/diariotextual.com\/inicio\/wp-content\/uploads\/2023\/05\/logotextual1.jpg","width":516,"height":76,"caption":"Diario Textual"},"image":{"@id":"https:\/\/diariotextual.com\/inicio\/#\/schema\/logo\/image\/"},"sameAs":["https:\/\/www.facebook.com\/eltextual","https:\/\/x.com\/eltextual","http:\/\/www.instagram.com\/eltextual"]},{"@type":"Person","@id":"https:\/\/diariotextual.com\/inicio\/#\/schema\/person\/418fc4093c33e86ed41562db3508f958","name":"Diario1 Diario1","image":{"@type":"ImageObject","inLanguage":"es","@id":"https:\/\/secure.gravatar.com\/avatar\/9167d280179c85bc18be67aa7eda765854300033af4896dd779b608640f2ef7a?s=96&d=mm&r=g","url":"https:\/\/secure.gravatar.com\/avatar\/9167d280179c85bc18be67aa7eda765854300033af4896dd779b608640f2ef7a?s=96&d=mm&r=g","contentUrl":"https:\/\/secure.gravatar.com\/avatar\/9167d280179c85bc18be67aa7eda765854300033af4896dd779b608640f2ef7a?s=96&d=mm&r=g","caption":"Diario1 Diario1"},"url":"https:\/\/diariotextual.com\/inicio\/index.php\/author\/diario1\/"}]}},"_links":{"self":[{"href":"https:\/\/diariotextual.com\/inicio\/index.php\/wp-json\/wp\/v2\/posts\/65096","targetHints":{"allow":["GET"]}}],"collection":[{"href":"https:\/\/diariotextual.com\/inicio\/index.php\/wp-json\/wp\/v2\/posts"}],"about":[{"href":"https:\/\/diariotextual.com\/inicio\/index.php\/wp-json\/wp\/v2\/types\/post"}],"author":[{"embeddable":true,"href":"https:\/\/diariotextual.com\/inicio\/index.php\/wp-json\/wp\/v2\/users\/3"}],"replies":[{"embeddable":true,"href":"https:\/\/diariotextual.com\/inicio\/index.php\/wp-json\/wp\/v2\/comments?post=65096"}],"version-history":[{"count":4,"href":"https:\/\/diariotextual.com\/inicio\/index.php\/wp-json\/wp\/v2\/posts\/65096\/revisions"}],"predecessor-version":[{"id":65101,"href":"https:\/\/diariotextual.com\/inicio\/index.php\/wp-json\/wp\/v2\/posts\/65096\/revisions\/65101"}],"wp:featuredmedia":[{"embeddable":true,"href":"https:\/\/diariotextual.com\/inicio\/index.php\/wp-json\/wp\/v2\/media\/14780"}],"wp:attachment":[{"href":"https:\/\/diariotextual.com\/inicio\/index.php\/wp-json\/wp\/v2\/media?parent=65096"}],"wp:term":[{"taxonomy":"category","embeddable":true,"href":"https:\/\/diariotextual.com\/inicio\/index.php\/wp-json\/wp\/v2\/categories?post=65096"},{"taxonomy":"post_tag","embeddable":true,"href":"https:\/\/diariotextual.com\/inicio\/index.php\/wp-json\/wp\/v2\/tags?post=65096"}],"curies":[{"name":"wp","href":"https:\/\/api.w.org\/{rel}","templated":true}]}}