{"id":65105,"date":"2019-10-07T11:00:35","date_gmt":"2019-10-07T14:00:35","guid":{"rendered":"http:\/\/diariotextual.com\/inicio\/?p=65105"},"modified":"2019-10-08T08:19:10","modified_gmt":"2019-10-08T11:19:10","slug":"confirman-fallo-favor-una-acompanante-terapeutica-cobrara-doble-indemnizacion","status":"publish","type":"post","link":"https:\/\/diariotextual.com\/inicio\/index.php\/2019\/10\/07\/confirman-fallo-favor-una-acompanante-terapeutica-cobrara-doble-indemnizacion\/","title":{"rendered":"Confirman un fallo a favor de una acompa\u00f1ante terap\u00e9utica y cobrar\u00e1 el doble de indemnizaci\u00f3n"},"content":{"rendered":"<p>La <strong>C\u00e1mara de Apelaciones en lo Civil, Comercial, Laboral y de Miner\u00eda de Santa Rosa confirm\u00f3 un fallo a favor de una acompa\u00f1ante terap\u00e9utica<\/strong> para cobrar una indemnizaci\u00f3n, por despido injustificado, en base al r\u00e9gimen de la ley 26.844. <strong>El demandado adujo que la mujer hab\u00eda cuidado solamente a su esposa fallecida, pero no a \u00e9l<\/strong>.<\/p>\n<p>La Sala 3, conformada por los jueces<strong> Guillermo Salas<\/strong> y <strong>Laura Cagliolo<\/strong>, sostuvo, entre otros fundamentos, que \u201cdebe remarcarse que ciertamente en lo referente al estatuto del servicio dom\u00e9stico, y con causa en las necesidades del mundo moderno, los matrimonios activos o pasivos que residen a la par \u2013como en este caso\u2013, por m\u00faltiples razones de organizaci\u00f3n familiar contratan personal para el servicio dom\u00e9stico, benefici\u00e1ndose de ello en modo compartido\u201d.<\/p>\n<p>\u00abEn el seno de un hogar, y como se discute en este expediente, la limpieza de la misma casa que se cohabita, la elaboraci\u00f3n de comidas que se comparten, el acompa\u00f1amiento de los adultos mayores, o bien los mandados para adquirir sus alimentos y medicamentos, entran sin dudas en aquella zona o en terreno de utilidad o beneficio com\u00fan\u201d, dijo el tribunal.<\/p>\n<p>En primera instancia, el juez laboral, <strong>Enrique Fazzini<\/strong>, ya le hab\u00eda dado la raz\u00f3n a la trabajadora. Dijo que <strong>el demandado no hab\u00eda podido probar que ella solo trabajaba para su esposa<\/strong>. Por el contrario, expres\u00f3 que trabaj\u00f3 para el matrimonio y dej\u00f3 fuera de la demanda a una hija por considerar que no se acredit\u00f3 que ella le abonara el salario ni que hubiese intervenido d\u00e1ndole instrucciones sobre sus tareas laborales.<\/p>\n<p>La ley 26.844 es conocida como de Servicio Dom\u00e9stico y refiere al r\u00e9gimen especial de contrato de trabajo para el personal de casas particulares. Alcanza a \u201ctoda prestaci\u00f3n de servicios o ejecuci\u00f3n de tareas de limpieza, de mantenimiento u otras actividades t\u00edpicas del hogar; y asistencia personal y acompa\u00f1amiento prestados a los miembros de la familia o a quienes convivan en el mismo domicilio con el empleador, as\u00ed como el cuidado no terap\u00e9utico de personas enfermas o con discapacidad\u201d.<\/p>\n<p>Fazzini hab\u00eda determinado oportunamente que la demandante cumpli\u00f3 tareas seis a\u00f1os y medio, en la categor\u00eda asistencia y cuidado, durante ocho horas y media por d\u00eda y con una \u00faltima remuneraci\u00f3n \u2013a febrero de 2017\u2013 de 8.000 pesos.<\/p>\n<p>Tambi\u00e9n dispuso que el empleador deb\u00eda pagar la multa del art\u00edculo 50 de la ley 26.844.<strong> El texto alude a que la indemnizaci\u00f3n se duplicar\u00e1<\/strong> \u201ccuando se trate de una relaci\u00f3n laboral que al momento del despido no estuviera registrada o lo est\u00e9 de modo deficiente\u00bb.<\/p>\n<p>La C\u00e1mara, al fundar su fallo, tuvo especialmente en cuenta la fuerza probatoria de las declaraciones de tres testigos \u2013ponderando la sinceridad de sus relatos\u2013, que aportaron \u201ccon suficiencia la contextualidad y detalle\u201d la labor de la despedida, ya que de esos dichos se desprendi\u00f3 que \u201c<strong>a la actora se la ve\u00eda trabajando para el matrimonio, haciendo compras todos los d\u00edas, cocinando, atendi\u00e9ndolo, entrando a la ma\u00f1ana temprano y hasta la tarde, de lunes a viernes, durante seis o siete a\u00f1os aproximadamente<\/strong> (\u2026), brindando un trato excelente y propio de aquellas personas que suelen emplearse para la atenci\u00f3n de abuelos\u201d.<\/p>\n<p>&nbsp;<\/p>\n<p>&nbsp;<\/p>\n","protected":false},"excerpt":{"rendered":"<p>La C\u00e1mara de Apelaciones en lo Civil, Comercial, Laboral y de Miner\u00eda de Santa Rosa confirm\u00f3 un fallo a favor de una acompa\u00f1ante terap\u00e9utica para cobrar una indemnizaci\u00f3n, por despido&hellip;<\/p>\n","protected":false},"author":3,"featured_media":65109,"comment_status":"closed","ping_status":"open","sticky":false,"template":"","format":"standard","meta":{"_acf_changed":false,"footnotes":""},"categories":[319,12],"tags":[],"class_list":["post-65105","post","type-post","status-publish","format-standard","has-post-thumbnail","hentry","category-a-temporales","category-sociedad"],"acf":[],"yoast_head":"<!-- This site is optimized with the Yoast SEO plugin v27.5 - https:\/\/yoast.com\/product\/yoast-seo-wordpress\/ -->\n<title>Confirman un fallo a favor de una acompa\u00f1ante terap\u00e9utica y cobrar\u00e1 el doble de indemnizaci\u00f3n - Diario Textual<\/title>\n<meta name=\"robots\" content=\"index, follow, max-snippet:-1, max-image-preview:large, max-video-preview:-1\" \/>\n<link rel=\"canonical\" href=\"https:\/\/diariotextual.com\/inicio\/index.php\/2019\/10\/07\/confirman-fallo-favor-una-acompanante-terapeutica-cobrara-doble-indemnizacion\/\" \/>\n<meta property=\"og:locale\" content=\"es_ES\" \/>\n<meta property=\"og:type\" content=\"article\" \/>\n<meta property=\"og:title\" content=\"Confirman un fallo a favor de una acompa\u00f1ante terap\u00e9utica y cobrar\u00e1 el doble de indemnizaci\u00f3n - Diario Textual\" \/>\n<meta property=\"og:description\" content=\"La C\u00e1mara de Apelaciones en lo Civil, Comercial, Laboral y de Miner\u00eda de Santa Rosa confirm\u00f3 un fallo a favor de una acompa\u00f1ante terap\u00e9utica para cobrar una indemnizaci\u00f3n, por despido&hellip;\" \/>\n<meta property=\"og:url\" content=\"https:\/\/diariotextual.com\/inicio\/index.php\/2019\/10\/07\/confirman-fallo-favor-una-acompanante-terapeutica-cobrara-doble-indemnizacion\/\" \/>\n<meta property=\"og:site_name\" content=\"Diario Textual\" \/>\n<meta property=\"article:publisher\" content=\"https:\/\/www.facebook.com\/eltextual\" \/>\n<meta property=\"article:published_time\" content=\"2019-10-07T14:00:35+00:00\" \/>\n<meta property=\"article:modified_time\" content=\"2019-10-08T11:19:10+00:00\" \/>\n<meta property=\"og:image\" content=\"https:\/\/diariotextual.com\/inicio\/wp-content\/uploads\/2019\/10\/acompa\u00f1antesterapeuticos2-1.jpg\" \/>\n\t<meta property=\"og:image:width\" content=\"478\" \/>\n\t<meta property=\"og:image:height\" content=\"320\" \/>\n\t<meta property=\"og:image:type\" content=\"image\/jpeg\" \/>\n<meta name=\"author\" content=\"Diario1 Diario1\" \/>\n<meta name=\"twitter:card\" content=\"summary_large_image\" \/>\n<meta name=\"twitter:creator\" content=\"@eltextual\" \/>\n<meta name=\"twitter:site\" content=\"@eltextual\" \/>\n<meta name=\"twitter:label1\" content=\"Escrito por\" \/>\n\t<meta name=\"twitter:data1\" content=\"Diario1 Diario1\" \/>\n\t<meta name=\"twitter:label2\" content=\"Tiempo de lectura\" \/>\n\t<meta name=\"twitter:data2\" content=\"3 minutos\" \/>\n<script type=\"application\/ld+json\" class=\"yoast-schema-graph\">{\"@context\":\"https:\\\/\\\/schema.org\",\"@graph\":[{\"@type\":\"Article\",\"@id\":\"https:\\\/\\\/diariotextual.com\\\/inicio\\\/index.php\\\/2019\\\/10\\\/07\\\/confirman-fallo-favor-una-acompanante-terapeutica-cobrara-doble-indemnizacion\\\/#article\",\"isPartOf\":{\"@id\":\"https:\\\/\\\/diariotextual.com\\\/inicio\\\/index.php\\\/2019\\\/10\\\/07\\\/confirman-fallo-favor-una-acompanante-terapeutica-cobrara-doble-indemnizacion\\\/\"},\"author\":{\"name\":\"Diario1 Diario1\",\"@id\":\"https:\\\/\\\/diariotextual.com\\\/inicio\\\/#\\\/schema\\\/person\\\/418fc4093c33e86ed41562db3508f958\"},\"headline\":\"Confirman un fallo a favor de una acompa\u00f1ante terap\u00e9utica y cobrar\u00e1 el doble de indemnizaci\u00f3n\",\"datePublished\":\"2019-10-07T14:00:35+00:00\",\"dateModified\":\"2019-10-08T11:19:10+00:00\",\"mainEntityOfPage\":{\"@id\":\"https:\\\/\\\/diariotextual.com\\\/inicio\\\/index.php\\\/2019\\\/10\\\/07\\\/confirman-fallo-favor-una-acompanante-terapeutica-cobrara-doble-indemnizacion\\\/\"},\"wordCount\":578,\"publisher\":{\"@id\":\"https:\\\/\\\/diariotextual.com\\\/inicio\\\/#organization\"},\"image\":{\"@id\":\"https:\\\/\\\/diariotextual.com\\\/inicio\\\/index.php\\\/2019\\\/10\\\/07\\\/confirman-fallo-favor-una-acompanante-terapeutica-cobrara-doble-indemnizacion\\\/#primaryimage\"},\"thumbnailUrl\":\"https:\\\/\\\/diariotextual.com\\\/inicio\\\/wp-content\\\/uploads\\\/2019\\\/10\\\/acompa\u00f1antesterapeuticos2-1.jpg\",\"articleSection\":[\"A - TEMPORALES\",\"SOCIEDAD\"],\"inLanguage\":\"es\"},{\"@type\":\"WebPage\",\"@id\":\"https:\\\/\\\/diariotextual.com\\\/inicio\\\/index.php\\\/2019\\\/10\\\/07\\\/confirman-fallo-favor-una-acompanante-terapeutica-cobrara-doble-indemnizacion\\\/\",\"url\":\"https:\\\/\\\/diariotextual.com\\\/inicio\\\/index.php\\\/2019\\\/10\\\/07\\\/confirman-fallo-favor-una-acompanante-terapeutica-cobrara-doble-indemnizacion\\\/\",\"name\":\"Confirman un fallo a favor de una acompa\u00f1ante terap\u00e9utica y cobrar\u00e1 el doble de indemnizaci\u00f3n - Diario Textual\",\"isPartOf\":{\"@id\":\"https:\\\/\\\/diariotextual.com\\\/inicio\\\/#website\"},\"primaryImageOfPage\":{\"@id\":\"https:\\\/\\\/diariotextual.com\\\/inicio\\\/index.php\\\/2019\\\/10\\\/07\\\/confirman-fallo-favor-una-acompanante-terapeutica-cobrara-doble-indemnizacion\\\/#primaryimage\"},\"image\":{\"@id\":\"https:\\\/\\\/diariotextual.com\\\/inicio\\\/index.php\\\/2019\\\/10\\\/07\\\/confirman-fallo-favor-una-acompanante-terapeutica-cobrara-doble-indemnizacion\\\/#primaryimage\"},\"thumbnailUrl\":\"https:\\\/\\\/diariotextual.com\\\/inicio\\\/wp-content\\\/uploads\\\/2019\\\/10\\\/acompa\u00f1antesterapeuticos2-1.jpg\",\"datePublished\":\"2019-10-07T14:00:35+00:00\",\"dateModified\":\"2019-10-08T11:19:10+00:00\",\"breadcrumb\":{\"@id\":\"https:\\\/\\\/diariotextual.com\\\/inicio\\\/index.php\\\/2019\\\/10\\\/07\\\/confirman-fallo-favor-una-acompanante-terapeutica-cobrara-doble-indemnizacion\\\/#breadcrumb\"},\"inLanguage\":\"es\",\"potentialAction\":[{\"@type\":\"ReadAction\",\"target\":[\"https:\\\/\\\/diariotextual.com\\\/inicio\\\/index.php\\\/2019\\\/10\\\/07\\\/confirman-fallo-favor-una-acompanante-terapeutica-cobrara-doble-indemnizacion\\\/\"]}]},{\"@type\":\"ImageObject\",\"inLanguage\":\"es\",\"@id\":\"https:\\\/\\\/diariotextual.com\\\/inicio\\\/index.php\\\/2019\\\/10\\\/07\\\/confirman-fallo-favor-una-acompanante-terapeutica-cobrara-doble-indemnizacion\\\/#primaryimage\",\"url\":\"https:\\\/\\\/diariotextual.com\\\/inicio\\\/wp-content\\\/uploads\\\/2019\\\/10\\\/acompa\u00f1antesterapeuticos2-1.jpg\",\"contentUrl\":\"https:\\\/\\\/diariotextual.com\\\/inicio\\\/wp-content\\\/uploads\\\/2019\\\/10\\\/acompa\u00f1antesterapeuticos2-1.jpg\",\"width\":478,\"height\":320},{\"@type\":\"BreadcrumbList\",\"@id\":\"https:\\\/\\\/diariotextual.com\\\/inicio\\\/index.php\\\/2019\\\/10\\\/07\\\/confirman-fallo-favor-una-acompanante-terapeutica-cobrara-doble-indemnizacion\\\/#breadcrumb\",\"itemListElement\":[{\"@type\":\"ListItem\",\"position\":1,\"name\":\"Portada\",\"item\":\"https:\\\/\\\/diariotextual.com\\\/inicio\\\/\"},{\"@type\":\"ListItem\",\"position\":2,\"name\":\"Confirman un fallo a favor de una acompa\u00f1ante terap\u00e9utica y cobrar\u00e1 el doble de indemnizaci\u00f3n\"}]},{\"@type\":\"WebSite\",\"@id\":\"https:\\\/\\\/diariotextual.com\\\/inicio\\\/#website\",\"url\":\"https:\\\/\\\/diariotextual.com\\\/inicio\\\/\",\"name\":\"Diario Textual\",\"description\":\"\",\"publisher\":{\"@id\":\"https:\\\/\\\/diariotextual.com\\\/inicio\\\/#organization\"},\"potentialAction\":[{\"@type\":\"SearchAction\",\"target\":{\"@type\":\"EntryPoint\",\"urlTemplate\":\"https:\\\/\\\/diariotextual.com\\\/inicio\\\/?s={search_term_string}\"},\"query-input\":{\"@type\":\"PropertyValueSpecification\",\"valueRequired\":true,\"valueName\":\"search_term_string\"}}],\"inLanguage\":\"es\"},{\"@type\":\"Organization\",\"@id\":\"https:\\\/\\\/diariotextual.com\\\/inicio\\\/#organization\",\"name\":\"Diario Textual\",\"url\":\"https:\\\/\\\/diariotextual.com\\\/inicio\\\/\",\"logo\":{\"@type\":\"ImageObject\",\"inLanguage\":\"es\",\"@id\":\"https:\\\/\\\/diariotextual.com\\\/inicio\\\/#\\\/schema\\\/logo\\\/image\\\/\",\"url\":\"https:\\\/\\\/diariotextual.com\\\/inicio\\\/wp-content\\\/uploads\\\/2023\\\/05\\\/logotextual1.jpg\",\"contentUrl\":\"https:\\\/\\\/diariotextual.com\\\/inicio\\\/wp-content\\\/uploads\\\/2023\\\/05\\\/logotextual1.jpg\",\"width\":516,\"height\":76,\"caption\":\"Diario Textual\"},\"image\":{\"@id\":\"https:\\\/\\\/diariotextual.com\\\/inicio\\\/#\\\/schema\\\/logo\\\/image\\\/\"},\"sameAs\":[\"https:\\\/\\\/www.facebook.com\\\/eltextual\",\"https:\\\/\\\/x.com\\\/eltextual\",\"http:\\\/\\\/www.instagram.com\\\/eltextual\"]},{\"@type\":\"Person\",\"@id\":\"https:\\\/\\\/diariotextual.com\\\/inicio\\\/#\\\/schema\\\/person\\\/418fc4093c33e86ed41562db3508f958\",\"name\":\"Diario1 Diario1\",\"image\":{\"@type\":\"ImageObject\",\"inLanguage\":\"es\",\"@id\":\"https:\\\/\\\/secure.gravatar.com\\\/avatar\\\/9167d280179c85bc18be67aa7eda765854300033af4896dd779b608640f2ef7a?s=96&d=mm&r=g\",\"url\":\"https:\\\/\\\/secure.gravatar.com\\\/avatar\\\/9167d280179c85bc18be67aa7eda765854300033af4896dd779b608640f2ef7a?s=96&d=mm&r=g\",\"contentUrl\":\"https:\\\/\\\/secure.gravatar.com\\\/avatar\\\/9167d280179c85bc18be67aa7eda765854300033af4896dd779b608640f2ef7a?s=96&d=mm&r=g\",\"caption\":\"Diario1 Diario1\"},\"url\":\"https:\\\/\\\/diariotextual.com\\\/inicio\\\/index.php\\\/author\\\/diario1\\\/\"}]}<\/script>\n<!-- \/ Yoast SEO plugin. -->","yoast_head_json":{"title":"Confirman un fallo a favor de una acompa\u00f1ante terap\u00e9utica y cobrar\u00e1 el doble de indemnizaci\u00f3n - Diario Textual","robots":{"index":"index","follow":"follow","max-snippet":"max-snippet:-1","max-image-preview":"max-image-preview:large","max-video-preview":"max-video-preview:-1"},"canonical":"https:\/\/diariotextual.com\/inicio\/index.php\/2019\/10\/07\/confirman-fallo-favor-una-acompanante-terapeutica-cobrara-doble-indemnizacion\/","og_locale":"es_ES","og_type":"article","og_title":"Confirman un fallo a favor de una acompa\u00f1ante terap\u00e9utica y cobrar\u00e1 el doble de indemnizaci\u00f3n - Diario Textual","og_description":"La C\u00e1mara de Apelaciones en lo Civil, Comercial, Laboral y de Miner\u00eda de Santa Rosa confirm\u00f3 un fallo a favor de una acompa\u00f1ante terap\u00e9utica para cobrar una indemnizaci\u00f3n, por despido&hellip;","og_url":"https:\/\/diariotextual.com\/inicio\/index.php\/2019\/10\/07\/confirman-fallo-favor-una-acompanante-terapeutica-cobrara-doble-indemnizacion\/","og_site_name":"Diario Textual","article_publisher":"https:\/\/www.facebook.com\/eltextual","article_published_time":"2019-10-07T14:00:35+00:00","article_modified_time":"2019-10-08T11:19:10+00:00","og_image":[{"width":478,"height":320,"url":"https:\/\/diariotextual.com\/inicio\/wp-content\/uploads\/2019\/10\/acompa\u00f1antesterapeuticos2-1.jpg","type":"image\/jpeg"}],"author":"Diario1 Diario1","twitter_card":"summary_large_image","twitter_creator":"@eltextual","twitter_site":"@eltextual","twitter_misc":{"Escrito por":"Diario1 Diario1","Tiempo de lectura":"3 minutos"},"schema":{"@context":"https:\/\/schema.org","@graph":[{"@type":"Article","@id":"https:\/\/diariotextual.com\/inicio\/index.php\/2019\/10\/07\/confirman-fallo-favor-una-acompanante-terapeutica-cobrara-doble-indemnizacion\/#article","isPartOf":{"@id":"https:\/\/diariotextual.com\/inicio\/index.php\/2019\/10\/07\/confirman-fallo-favor-una-acompanante-terapeutica-cobrara-doble-indemnizacion\/"},"author":{"name":"Diario1 Diario1","@id":"https:\/\/diariotextual.com\/inicio\/#\/schema\/person\/418fc4093c33e86ed41562db3508f958"},"headline":"Confirman un fallo a favor de una acompa\u00f1ante terap\u00e9utica y cobrar\u00e1 el doble de indemnizaci\u00f3n","datePublished":"2019-10-07T14:00:35+00:00","dateModified":"2019-10-08T11:19:10+00:00","mainEntityOfPage":{"@id":"https:\/\/diariotextual.com\/inicio\/index.php\/2019\/10\/07\/confirman-fallo-favor-una-acompanante-terapeutica-cobrara-doble-indemnizacion\/"},"wordCount":578,"publisher":{"@id":"https:\/\/diariotextual.com\/inicio\/#organization"},"image":{"@id":"https:\/\/diariotextual.com\/inicio\/index.php\/2019\/10\/07\/confirman-fallo-favor-una-acompanante-terapeutica-cobrara-doble-indemnizacion\/#primaryimage"},"thumbnailUrl":"https:\/\/diariotextual.com\/inicio\/wp-content\/uploads\/2019\/10\/acompa\u00f1antesterapeuticos2-1.jpg","articleSection":["A - TEMPORALES","SOCIEDAD"],"inLanguage":"es"},{"@type":"WebPage","@id":"https:\/\/diariotextual.com\/inicio\/index.php\/2019\/10\/07\/confirman-fallo-favor-una-acompanante-terapeutica-cobrara-doble-indemnizacion\/","url":"https:\/\/diariotextual.com\/inicio\/index.php\/2019\/10\/07\/confirman-fallo-favor-una-acompanante-terapeutica-cobrara-doble-indemnizacion\/","name":"Confirman un fallo a favor de una acompa\u00f1ante terap\u00e9utica y cobrar\u00e1 el doble de indemnizaci\u00f3n - Diario Textual","isPartOf":{"@id":"https:\/\/diariotextual.com\/inicio\/#website"},"primaryImageOfPage":{"@id":"https:\/\/diariotextual.com\/inicio\/index.php\/2019\/10\/07\/confirman-fallo-favor-una-acompanante-terapeutica-cobrara-doble-indemnizacion\/#primaryimage"},"image":{"@id":"https:\/\/diariotextual.com\/inicio\/index.php\/2019\/10\/07\/confirman-fallo-favor-una-acompanante-terapeutica-cobrara-doble-indemnizacion\/#primaryimage"},"thumbnailUrl":"https:\/\/diariotextual.com\/inicio\/wp-content\/uploads\/2019\/10\/acompa\u00f1antesterapeuticos2-1.jpg","datePublished":"2019-10-07T14:00:35+00:00","dateModified":"2019-10-08T11:19:10+00:00","breadcrumb":{"@id":"https:\/\/diariotextual.com\/inicio\/index.php\/2019\/10\/07\/confirman-fallo-favor-una-acompanante-terapeutica-cobrara-doble-indemnizacion\/#breadcrumb"},"inLanguage":"es","potentialAction":[{"@type":"ReadAction","target":["https:\/\/diariotextual.com\/inicio\/index.php\/2019\/10\/07\/confirman-fallo-favor-una-acompanante-terapeutica-cobrara-doble-indemnizacion\/"]}]},{"@type":"ImageObject","inLanguage":"es","@id":"https:\/\/diariotextual.com\/inicio\/index.php\/2019\/10\/07\/confirman-fallo-favor-una-acompanante-terapeutica-cobrara-doble-indemnizacion\/#primaryimage","url":"https:\/\/diariotextual.com\/inicio\/wp-content\/uploads\/2019\/10\/acompa\u00f1antesterapeuticos2-1.jpg","contentUrl":"https:\/\/diariotextual.com\/inicio\/wp-content\/uploads\/2019\/10\/acompa\u00f1antesterapeuticos2-1.jpg","width":478,"height":320},{"@type":"BreadcrumbList","@id":"https:\/\/diariotextual.com\/inicio\/index.php\/2019\/10\/07\/confirman-fallo-favor-una-acompanante-terapeutica-cobrara-doble-indemnizacion\/#breadcrumb","itemListElement":[{"@type":"ListItem","position":1,"name":"Portada","item":"https:\/\/diariotextual.com\/inicio\/"},{"@type":"ListItem","position":2,"name":"Confirman un fallo a favor de una acompa\u00f1ante terap\u00e9utica y cobrar\u00e1 el doble de indemnizaci\u00f3n"}]},{"@type":"WebSite","@id":"https:\/\/diariotextual.com\/inicio\/#website","url":"https:\/\/diariotextual.com\/inicio\/","name":"Diario Textual","description":"","publisher":{"@id":"https:\/\/diariotextual.com\/inicio\/#organization"},"potentialAction":[{"@type":"SearchAction","target":{"@type":"EntryPoint","urlTemplate":"https:\/\/diariotextual.com\/inicio\/?s={search_term_string}"},"query-input":{"@type":"PropertyValueSpecification","valueRequired":true,"valueName":"search_term_string"}}],"inLanguage":"es"},{"@type":"Organization","@id":"https:\/\/diariotextual.com\/inicio\/#organization","name":"Diario Textual","url":"https:\/\/diariotextual.com\/inicio\/","logo":{"@type":"ImageObject","inLanguage":"es","@id":"https:\/\/diariotextual.com\/inicio\/#\/schema\/logo\/image\/","url":"https:\/\/diariotextual.com\/inicio\/wp-content\/uploads\/2023\/05\/logotextual1.jpg","contentUrl":"https:\/\/diariotextual.com\/inicio\/wp-content\/uploads\/2023\/05\/logotextual1.jpg","width":516,"height":76,"caption":"Diario Textual"},"image":{"@id":"https:\/\/diariotextual.com\/inicio\/#\/schema\/logo\/image\/"},"sameAs":["https:\/\/www.facebook.com\/eltextual","https:\/\/x.com\/eltextual","http:\/\/www.instagram.com\/eltextual"]},{"@type":"Person","@id":"https:\/\/diariotextual.com\/inicio\/#\/schema\/person\/418fc4093c33e86ed41562db3508f958","name":"Diario1 Diario1","image":{"@type":"ImageObject","inLanguage":"es","@id":"https:\/\/secure.gravatar.com\/avatar\/9167d280179c85bc18be67aa7eda765854300033af4896dd779b608640f2ef7a?s=96&d=mm&r=g","url":"https:\/\/secure.gravatar.com\/avatar\/9167d280179c85bc18be67aa7eda765854300033af4896dd779b608640f2ef7a?s=96&d=mm&r=g","contentUrl":"https:\/\/secure.gravatar.com\/avatar\/9167d280179c85bc18be67aa7eda765854300033af4896dd779b608640f2ef7a?s=96&d=mm&r=g","caption":"Diario1 Diario1"},"url":"https:\/\/diariotextual.com\/inicio\/index.php\/author\/diario1\/"}]}},"_links":{"self":[{"href":"https:\/\/diariotextual.com\/inicio\/index.php\/wp-json\/wp\/v2\/posts\/65105","targetHints":{"allow":["GET"]}}],"collection":[{"href":"https:\/\/diariotextual.com\/inicio\/index.php\/wp-json\/wp\/v2\/posts"}],"about":[{"href":"https:\/\/diariotextual.com\/inicio\/index.php\/wp-json\/wp\/v2\/types\/post"}],"author":[{"embeddable":true,"href":"https:\/\/diariotextual.com\/inicio\/index.php\/wp-json\/wp\/v2\/users\/3"}],"replies":[{"embeddable":true,"href":"https:\/\/diariotextual.com\/inicio\/index.php\/wp-json\/wp\/v2\/comments?post=65105"}],"version-history":[{"count":1,"href":"https:\/\/diariotextual.com\/inicio\/index.php\/wp-json\/wp\/v2\/posts\/65105\/revisions"}],"predecessor-version":[{"id":65107,"href":"https:\/\/diariotextual.com\/inicio\/index.php\/wp-json\/wp\/v2\/posts\/65105\/revisions\/65107"}],"wp:featuredmedia":[{"embeddable":true,"href":"https:\/\/diariotextual.com\/inicio\/index.php\/wp-json\/wp\/v2\/media\/65109"}],"wp:attachment":[{"href":"https:\/\/diariotextual.com\/inicio\/index.php\/wp-json\/wp\/v2\/media?parent=65105"}],"wp:term":[{"taxonomy":"category","embeddable":true,"href":"https:\/\/diariotextual.com\/inicio\/index.php\/wp-json\/wp\/v2\/categories?post=65105"},{"taxonomy":"post_tag","embeddable":true,"href":"https:\/\/diariotextual.com\/inicio\/index.php\/wp-json\/wp\/v2\/tags?post=65105"}],"curies":[{"name":"wp","href":"https:\/\/api.w.org\/{rel}","templated":true}]}}