{"id":65225,"date":"2019-10-08T09:59:47","date_gmt":"2019-10-08T12:59:47","guid":{"rendered":"http:\/\/diariotextual.com\/inicio\/?p=65225"},"modified":"2019-10-08T15:20:16","modified_gmt":"2019-10-08T18:20:16","slug":"no-soltaban-agua-ahora-menos-mendoza-dice-enfrenta-la-peor-sequia","status":"publish","type":"post","link":"https:\/\/diariotextual.com\/inicio\/index.php\/2019\/10\/08\/no-soltaban-agua-ahora-menos-mendoza-dice-enfrenta-la-peor-sequia\/","title":{"rendered":"Si antes no soltaban agua, ahora menos: Mendoza dice que enfrenta la peor sequ\u00eda"},"content":{"rendered":"<p>El <strong>Departamento General de Irrigaci\u00f3n de Mendoza<\/strong> asegur\u00f3 que la provincia atraviesa la peor <strong>sequ\u00eda<\/strong> de su historia y que <strong>los r\u00edos, entre ellos el Atuel, est\u00e1n muy por debajo de la media hist\u00f3rica.<\/strong> Esto echa por tierra las esperanzas pampeanas de que se reactive el r\u00edo en nuestra provincia. <strong>Actualmente ingresan 1,3 m3\/s y es agua de drenaje.<\/strong><\/p>\n<p>El problema, seg\u00fan Irrigaci\u00f3n, es que <strong>no hay nieve acumulada en las nacientes de las cuencas de los r\u00edos.\u00a0<\/strong><\/p>\n<p>\u00abEs probable que todos los r\u00edos tengan una temporada seca porque estar\u00e1n muy por debajo de la media hist\u00f3rica. <strong>El problema abarca a toda la provincia, pero es m\u00e1s agudo en el sur, donde los r\u00edos,\u00a0Atuel, Malarg\u00fce, Diamante y Grande,\u00a0 est\u00e1n por abajo de la mitad de la media hist\u00f3rica\u00bb<\/strong>, public\u00f3 este martes el diario MDZ online.<\/p>\n<p>Debido a esta situaci\u00f3n, <strong>las autoridades mendocinas preparan una serie de medidas restrictivas para enfrentar la crisis h\u00eddrica<\/strong>, que echar\u00edan por tierra cualquier posibilidad de que llegue agua del Atuel a La Pampa.<\/p>\n<p><strong>Actualmente est\u00e1n ingresando a La Pampa solo 1,3 m3\/s. Es agua de drenaje, es decir, no es una suelta que hace Mendoza.<\/strong><\/p>\n<p>Mendoza viene cortando el r\u00edo desde hace unos 70 a\u00f1os para regar sus producciones, principalmente de vinos.\u00a0En diciembre de 2017, luego de una nueva presentaci\u00f3n pampeana, la Corte Suprema de Justicia de la Naci\u00f3n (CSJN) estableci\u00f3 que el r\u00edo era interprovincial y que tanto La Pampa como la provincia cuyana deb\u00edan ponerse de acuerdo en establecer un caudal para empezar a recomponer el ambiente en el oeste.<\/p>\n<p>Luego de un a\u00f1o de encuentros, no lograron consensuar.\u00a0\u00bfQu\u00e9 propuso Mendoza? Hacer 23 perforaciones para destinar a su propio riego para, de esa manera, \u201cliberar\u201d 1 m3\/seg para La Pampa. Sin embargo est\u00e1 lejos de la pretensi\u00f3n de nuestra provincia que reclama al menos 4,5 m3\/seg.\u00a0Ahora es la CSJN la que debe definir el caudal.<\/p>\n<p>&nbsp;<\/p>\n<p>&nbsp;<\/p>\n<p>&nbsp;<\/p>\n","protected":false},"excerpt":{"rendered":"<p>El Departamento General de Irrigaci\u00f3n de Mendoza asegur\u00f3 que la provincia atraviesa la peor sequ\u00eda de su historia y que los r\u00edos, entre ellos el Atuel, est\u00e1n muy por debajo&hellip;<\/p>\n","protected":false},"author":7,"featured_media":65235,"comment_status":"closed","ping_status":"open","sticky":false,"template":"","format":"standard","meta":{"_acf_changed":false,"footnotes":""},"categories":[11,319,12],"tags":[34],"class_list":["post-65225","post","type-post","status-publish","format-standard","has-post-thumbnail","hentry","category-que-pasa","category-a-temporales","category-sociedad","tag-atuel"],"acf":[],"yoast_head":"<!-- This site is optimized with the Yoast SEO plugin v27.5 - https:\/\/yoast.com\/product\/yoast-seo-wordpress\/ -->\n<title>Si antes no soltaban agua, ahora menos: Mendoza dice que enfrenta la peor sequ\u00eda - Diario Textual<\/title>\n<meta name=\"robots\" content=\"index, follow, max-snippet:-1, max-image-preview:large, max-video-preview:-1\" \/>\n<link rel=\"canonical\" href=\"https:\/\/diariotextual.com\/inicio\/index.php\/2019\/10\/08\/no-soltaban-agua-ahora-menos-mendoza-dice-enfrenta-la-peor-sequia\/\" \/>\n<meta property=\"og:locale\" content=\"es_ES\" \/>\n<meta property=\"og:type\" content=\"article\" \/>\n<meta property=\"og:title\" content=\"Si antes no soltaban agua, ahora menos: Mendoza dice que enfrenta la peor sequ\u00eda - Diario Textual\" \/>\n<meta property=\"og:description\" content=\"El Departamento General de Irrigaci\u00f3n de Mendoza asegur\u00f3 que la provincia atraviesa la peor sequ\u00eda de su historia y que los r\u00edos, entre ellos el Atuel, est\u00e1n muy por debajo&hellip;\" \/>\n<meta property=\"og:url\" content=\"https:\/\/diariotextual.com\/inicio\/index.php\/2019\/10\/08\/no-soltaban-agua-ahora-menos-mendoza-dice-enfrenta-la-peor-sequia\/\" \/>\n<meta property=\"og:site_name\" content=\"Diario Textual\" \/>\n<meta property=\"article:publisher\" content=\"https:\/\/www.facebook.com\/eltextual\" \/>\n<meta property=\"article:published_time\" content=\"2019-10-08T12:59:47+00:00\" \/>\n<meta property=\"article:modified_time\" content=\"2019-10-08T18:20:16+00:00\" \/>\n<meta property=\"og:image\" content=\"https:\/\/diariotextual.com\/inicio\/wp-content\/uploads\/2019\/10\/atueloctubre2019.jpg\" \/>\n\t<meta property=\"og:image:width\" content=\"768\" \/>\n\t<meta property=\"og:image:height\" content=\"782\" \/>\n\t<meta property=\"og:image:type\" content=\"image\/jpeg\" \/>\n<meta name=\"author\" content=\"diario5\" \/>\n<meta name=\"twitter:card\" content=\"summary_large_image\" \/>\n<meta name=\"twitter:creator\" content=\"@eltextual\" \/>\n<meta name=\"twitter:site\" content=\"@eltextual\" \/>\n<meta name=\"twitter:label1\" content=\"Escrito por\" \/>\n\t<meta name=\"twitter:data1\" content=\"diario5\" \/>\n\t<meta name=\"twitter:label2\" content=\"Tiempo de lectura\" \/>\n\t<meta name=\"twitter:data2\" content=\"2 minutos\" \/>\n<script type=\"application\/ld+json\" class=\"yoast-schema-graph\">{\"@context\":\"https:\\\/\\\/schema.org\",\"@graph\":[{\"@type\":\"Article\",\"@id\":\"https:\\\/\\\/diariotextual.com\\\/inicio\\\/index.php\\\/2019\\\/10\\\/08\\\/no-soltaban-agua-ahora-menos-mendoza-dice-enfrenta-la-peor-sequia\\\/#article\",\"isPartOf\":{\"@id\":\"https:\\\/\\\/diariotextual.com\\\/inicio\\\/index.php\\\/2019\\\/10\\\/08\\\/no-soltaban-agua-ahora-menos-mendoza-dice-enfrenta-la-peor-sequia\\\/\"},\"author\":{\"name\":\"diario5\",\"@id\":\"https:\\\/\\\/diariotextual.com\\\/inicio\\\/#\\\/schema\\\/person\\\/c7834961ad8b29b1d9cdbf4571299067\"},\"headline\":\"Si antes no soltaban agua, ahora menos: Mendoza dice que enfrenta la peor sequ\u00eda\",\"datePublished\":\"2019-10-08T12:59:47+00:00\",\"dateModified\":\"2019-10-08T18:20:16+00:00\",\"mainEntityOfPage\":{\"@id\":\"https:\\\/\\\/diariotextual.com\\\/inicio\\\/index.php\\\/2019\\\/10\\\/08\\\/no-soltaban-agua-ahora-menos-mendoza-dice-enfrenta-la-peor-sequia\\\/\"},\"wordCount\":360,\"publisher\":{\"@id\":\"https:\\\/\\\/diariotextual.com\\\/inicio\\\/#organization\"},\"image\":{\"@id\":\"https:\\\/\\\/diariotextual.com\\\/inicio\\\/index.php\\\/2019\\\/10\\\/08\\\/no-soltaban-agua-ahora-menos-mendoza-dice-enfrenta-la-peor-sequia\\\/#primaryimage\"},\"thumbnailUrl\":\"https:\\\/\\\/diariotextual.com\\\/inicio\\\/wp-content\\\/uploads\\\/2019\\\/10\\\/atueloctubre2019.jpg\",\"keywords\":[\"atuel\"],\"articleSection\":[\"A - QUE PASA (al costado)\",\"A - TEMPORALES\",\"SOCIEDAD\"],\"inLanguage\":\"es\"},{\"@type\":\"WebPage\",\"@id\":\"https:\\\/\\\/diariotextual.com\\\/inicio\\\/index.php\\\/2019\\\/10\\\/08\\\/no-soltaban-agua-ahora-menos-mendoza-dice-enfrenta-la-peor-sequia\\\/\",\"url\":\"https:\\\/\\\/diariotextual.com\\\/inicio\\\/index.php\\\/2019\\\/10\\\/08\\\/no-soltaban-agua-ahora-menos-mendoza-dice-enfrenta-la-peor-sequia\\\/\",\"name\":\"Si antes no soltaban agua, ahora menos: Mendoza dice que enfrenta la peor sequ\u00eda - Diario Textual\",\"isPartOf\":{\"@id\":\"https:\\\/\\\/diariotextual.com\\\/inicio\\\/#website\"},\"primaryImageOfPage\":{\"@id\":\"https:\\\/\\\/diariotextual.com\\\/inicio\\\/index.php\\\/2019\\\/10\\\/08\\\/no-soltaban-agua-ahora-menos-mendoza-dice-enfrenta-la-peor-sequia\\\/#primaryimage\"},\"image\":{\"@id\":\"https:\\\/\\\/diariotextual.com\\\/inicio\\\/index.php\\\/2019\\\/10\\\/08\\\/no-soltaban-agua-ahora-menos-mendoza-dice-enfrenta-la-peor-sequia\\\/#primaryimage\"},\"thumbnailUrl\":\"https:\\\/\\\/diariotextual.com\\\/inicio\\\/wp-content\\\/uploads\\\/2019\\\/10\\\/atueloctubre2019.jpg\",\"datePublished\":\"2019-10-08T12:59:47+00:00\",\"dateModified\":\"2019-10-08T18:20:16+00:00\",\"breadcrumb\":{\"@id\":\"https:\\\/\\\/diariotextual.com\\\/inicio\\\/index.php\\\/2019\\\/10\\\/08\\\/no-soltaban-agua-ahora-menos-mendoza-dice-enfrenta-la-peor-sequia\\\/#breadcrumb\"},\"inLanguage\":\"es\",\"potentialAction\":[{\"@type\":\"ReadAction\",\"target\":[\"https:\\\/\\\/diariotextual.com\\\/inicio\\\/index.php\\\/2019\\\/10\\\/08\\\/no-soltaban-agua-ahora-menos-mendoza-dice-enfrenta-la-peor-sequia\\\/\"]}]},{\"@type\":\"ImageObject\",\"inLanguage\":\"es\",\"@id\":\"https:\\\/\\\/diariotextual.com\\\/inicio\\\/index.php\\\/2019\\\/10\\\/08\\\/no-soltaban-agua-ahora-menos-mendoza-dice-enfrenta-la-peor-sequia\\\/#primaryimage\",\"url\":\"https:\\\/\\\/diariotextual.com\\\/inicio\\\/wp-content\\\/uploads\\\/2019\\\/10\\\/atueloctubre2019.jpg\",\"contentUrl\":\"https:\\\/\\\/diariotextual.com\\\/inicio\\\/wp-content\\\/uploads\\\/2019\\\/10\\\/atueloctubre2019.jpg\",\"width\":768,\"height\":782},{\"@type\":\"BreadcrumbList\",\"@id\":\"https:\\\/\\\/diariotextual.com\\\/inicio\\\/index.php\\\/2019\\\/10\\\/08\\\/no-soltaban-agua-ahora-menos-mendoza-dice-enfrenta-la-peor-sequia\\\/#breadcrumb\",\"itemListElement\":[{\"@type\":\"ListItem\",\"position\":1,\"name\":\"Portada\",\"item\":\"https:\\\/\\\/diariotextual.com\\\/inicio\\\/\"},{\"@type\":\"ListItem\",\"position\":2,\"name\":\"Si antes no soltaban agua, ahora menos: Mendoza dice que enfrenta la peor sequ\u00eda\"}]},{\"@type\":\"WebSite\",\"@id\":\"https:\\\/\\\/diariotextual.com\\\/inicio\\\/#website\",\"url\":\"https:\\\/\\\/diariotextual.com\\\/inicio\\\/\",\"name\":\"Diario Textual\",\"description\":\"\",\"publisher\":{\"@id\":\"https:\\\/\\\/diariotextual.com\\\/inicio\\\/#organization\"},\"potentialAction\":[{\"@type\":\"SearchAction\",\"target\":{\"@type\":\"EntryPoint\",\"urlTemplate\":\"https:\\\/\\\/diariotextual.com\\\/inicio\\\/?s={search_term_string}\"},\"query-input\":{\"@type\":\"PropertyValueSpecification\",\"valueRequired\":true,\"valueName\":\"search_term_string\"}}],\"inLanguage\":\"es\"},{\"@type\":\"Organization\",\"@id\":\"https:\\\/\\\/diariotextual.com\\\/inicio\\\/#organization\",\"name\":\"Diario Textual\",\"url\":\"https:\\\/\\\/diariotextual.com\\\/inicio\\\/\",\"logo\":{\"@type\":\"ImageObject\",\"inLanguage\":\"es\",\"@id\":\"https:\\\/\\\/diariotextual.com\\\/inicio\\\/#\\\/schema\\\/logo\\\/image\\\/\",\"url\":\"https:\\\/\\\/diariotextual.com\\\/inicio\\\/wp-content\\\/uploads\\\/2023\\\/05\\\/logotextual1.jpg\",\"contentUrl\":\"https:\\\/\\\/diariotextual.com\\\/inicio\\\/wp-content\\\/uploads\\\/2023\\\/05\\\/logotextual1.jpg\",\"width\":516,\"height\":76,\"caption\":\"Diario Textual\"},\"image\":{\"@id\":\"https:\\\/\\\/diariotextual.com\\\/inicio\\\/#\\\/schema\\\/logo\\\/image\\\/\"},\"sameAs\":[\"https:\\\/\\\/www.facebook.com\\\/eltextual\",\"https:\\\/\\\/x.com\\\/eltextual\",\"http:\\\/\\\/www.instagram.com\\\/eltextual\"]},{\"@type\":\"Person\",\"@id\":\"https:\\\/\\\/diariotextual.com\\\/inicio\\\/#\\\/schema\\\/person\\\/c7834961ad8b29b1d9cdbf4571299067\",\"name\":\"diario5\",\"image\":{\"@type\":\"ImageObject\",\"inLanguage\":\"es\",\"@id\":\"https:\\\/\\\/secure.gravatar.com\\\/avatar\\\/948c893b847ca6df68216ead81b63f363408ec9b0f600fefc0641ce78613b111?s=96&d=mm&r=g\",\"url\":\"https:\\\/\\\/secure.gravatar.com\\\/avatar\\\/948c893b847ca6df68216ead81b63f363408ec9b0f600fefc0641ce78613b111?s=96&d=mm&r=g\",\"contentUrl\":\"https:\\\/\\\/secure.gravatar.com\\\/avatar\\\/948c893b847ca6df68216ead81b63f363408ec9b0f600fefc0641ce78613b111?s=96&d=mm&r=g\",\"caption\":\"diario5\"},\"url\":\"https:\\\/\\\/diariotextual.com\\\/inicio\\\/index.php\\\/author\\\/diario5\\\/\"}]}<\/script>\n<!-- \/ Yoast SEO plugin. -->","yoast_head_json":{"title":"Si antes no soltaban agua, ahora menos: Mendoza dice que enfrenta la peor sequ\u00eda - Diario Textual","robots":{"index":"index","follow":"follow","max-snippet":"max-snippet:-1","max-image-preview":"max-image-preview:large","max-video-preview":"max-video-preview:-1"},"canonical":"https:\/\/diariotextual.com\/inicio\/index.php\/2019\/10\/08\/no-soltaban-agua-ahora-menos-mendoza-dice-enfrenta-la-peor-sequia\/","og_locale":"es_ES","og_type":"article","og_title":"Si antes no soltaban agua, ahora menos: Mendoza dice que enfrenta la peor sequ\u00eda - Diario Textual","og_description":"El Departamento General de Irrigaci\u00f3n de Mendoza asegur\u00f3 que la provincia atraviesa la peor sequ\u00eda de su historia y que los r\u00edos, entre ellos el Atuel, est\u00e1n muy por debajo&hellip;","og_url":"https:\/\/diariotextual.com\/inicio\/index.php\/2019\/10\/08\/no-soltaban-agua-ahora-menos-mendoza-dice-enfrenta-la-peor-sequia\/","og_site_name":"Diario Textual","article_publisher":"https:\/\/www.facebook.com\/eltextual","article_published_time":"2019-10-08T12:59:47+00:00","article_modified_time":"2019-10-08T18:20:16+00:00","og_image":[{"width":768,"height":782,"url":"https:\/\/diariotextual.com\/inicio\/wp-content\/uploads\/2019\/10\/atueloctubre2019.jpg","type":"image\/jpeg"}],"author":"diario5","twitter_card":"summary_large_image","twitter_creator":"@eltextual","twitter_site":"@eltextual","twitter_misc":{"Escrito por":"diario5","Tiempo de lectura":"2 minutos"},"schema":{"@context":"https:\/\/schema.org","@graph":[{"@type":"Article","@id":"https:\/\/diariotextual.com\/inicio\/index.php\/2019\/10\/08\/no-soltaban-agua-ahora-menos-mendoza-dice-enfrenta-la-peor-sequia\/#article","isPartOf":{"@id":"https:\/\/diariotextual.com\/inicio\/index.php\/2019\/10\/08\/no-soltaban-agua-ahora-menos-mendoza-dice-enfrenta-la-peor-sequia\/"},"author":{"name":"diario5","@id":"https:\/\/diariotextual.com\/inicio\/#\/schema\/person\/c7834961ad8b29b1d9cdbf4571299067"},"headline":"Si antes no soltaban agua, ahora menos: Mendoza dice que enfrenta la peor sequ\u00eda","datePublished":"2019-10-08T12:59:47+00:00","dateModified":"2019-10-08T18:20:16+00:00","mainEntityOfPage":{"@id":"https:\/\/diariotextual.com\/inicio\/index.php\/2019\/10\/08\/no-soltaban-agua-ahora-menos-mendoza-dice-enfrenta-la-peor-sequia\/"},"wordCount":360,"publisher":{"@id":"https:\/\/diariotextual.com\/inicio\/#organization"},"image":{"@id":"https:\/\/diariotextual.com\/inicio\/index.php\/2019\/10\/08\/no-soltaban-agua-ahora-menos-mendoza-dice-enfrenta-la-peor-sequia\/#primaryimage"},"thumbnailUrl":"https:\/\/diariotextual.com\/inicio\/wp-content\/uploads\/2019\/10\/atueloctubre2019.jpg","keywords":["atuel"],"articleSection":["A - QUE PASA (al costado)","A - TEMPORALES","SOCIEDAD"],"inLanguage":"es"},{"@type":"WebPage","@id":"https:\/\/diariotextual.com\/inicio\/index.php\/2019\/10\/08\/no-soltaban-agua-ahora-menos-mendoza-dice-enfrenta-la-peor-sequia\/","url":"https:\/\/diariotextual.com\/inicio\/index.php\/2019\/10\/08\/no-soltaban-agua-ahora-menos-mendoza-dice-enfrenta-la-peor-sequia\/","name":"Si antes no soltaban agua, ahora menos: Mendoza dice que enfrenta la peor sequ\u00eda - Diario Textual","isPartOf":{"@id":"https:\/\/diariotextual.com\/inicio\/#website"},"primaryImageOfPage":{"@id":"https:\/\/diariotextual.com\/inicio\/index.php\/2019\/10\/08\/no-soltaban-agua-ahora-menos-mendoza-dice-enfrenta-la-peor-sequia\/#primaryimage"},"image":{"@id":"https:\/\/diariotextual.com\/inicio\/index.php\/2019\/10\/08\/no-soltaban-agua-ahora-menos-mendoza-dice-enfrenta-la-peor-sequia\/#primaryimage"},"thumbnailUrl":"https:\/\/diariotextual.com\/inicio\/wp-content\/uploads\/2019\/10\/atueloctubre2019.jpg","datePublished":"2019-10-08T12:59:47+00:00","dateModified":"2019-10-08T18:20:16+00:00","breadcrumb":{"@id":"https:\/\/diariotextual.com\/inicio\/index.php\/2019\/10\/08\/no-soltaban-agua-ahora-menos-mendoza-dice-enfrenta-la-peor-sequia\/#breadcrumb"},"inLanguage":"es","potentialAction":[{"@type":"ReadAction","target":["https:\/\/diariotextual.com\/inicio\/index.php\/2019\/10\/08\/no-soltaban-agua-ahora-menos-mendoza-dice-enfrenta-la-peor-sequia\/"]}]},{"@type":"ImageObject","inLanguage":"es","@id":"https:\/\/diariotextual.com\/inicio\/index.php\/2019\/10\/08\/no-soltaban-agua-ahora-menos-mendoza-dice-enfrenta-la-peor-sequia\/#primaryimage","url":"https:\/\/diariotextual.com\/inicio\/wp-content\/uploads\/2019\/10\/atueloctubre2019.jpg","contentUrl":"https:\/\/diariotextual.com\/inicio\/wp-content\/uploads\/2019\/10\/atueloctubre2019.jpg","width":768,"height":782},{"@type":"BreadcrumbList","@id":"https:\/\/diariotextual.com\/inicio\/index.php\/2019\/10\/08\/no-soltaban-agua-ahora-menos-mendoza-dice-enfrenta-la-peor-sequia\/#breadcrumb","itemListElement":[{"@type":"ListItem","position":1,"name":"Portada","item":"https:\/\/diariotextual.com\/inicio\/"},{"@type":"ListItem","position":2,"name":"Si antes no soltaban agua, ahora menos: Mendoza dice que enfrenta la peor sequ\u00eda"}]},{"@type":"WebSite","@id":"https:\/\/diariotextual.com\/inicio\/#website","url":"https:\/\/diariotextual.com\/inicio\/","name":"Diario Textual","description":"","publisher":{"@id":"https:\/\/diariotextual.com\/inicio\/#organization"},"potentialAction":[{"@type":"SearchAction","target":{"@type":"EntryPoint","urlTemplate":"https:\/\/diariotextual.com\/inicio\/?s={search_term_string}"},"query-input":{"@type":"PropertyValueSpecification","valueRequired":true,"valueName":"search_term_string"}}],"inLanguage":"es"},{"@type":"Organization","@id":"https:\/\/diariotextual.com\/inicio\/#organization","name":"Diario Textual","url":"https:\/\/diariotextual.com\/inicio\/","logo":{"@type":"ImageObject","inLanguage":"es","@id":"https:\/\/diariotextual.com\/inicio\/#\/schema\/logo\/image\/","url":"https:\/\/diariotextual.com\/inicio\/wp-content\/uploads\/2023\/05\/logotextual1.jpg","contentUrl":"https:\/\/diariotextual.com\/inicio\/wp-content\/uploads\/2023\/05\/logotextual1.jpg","width":516,"height":76,"caption":"Diario Textual"},"image":{"@id":"https:\/\/diariotextual.com\/inicio\/#\/schema\/logo\/image\/"},"sameAs":["https:\/\/www.facebook.com\/eltextual","https:\/\/x.com\/eltextual","http:\/\/www.instagram.com\/eltextual"]},{"@type":"Person","@id":"https:\/\/diariotextual.com\/inicio\/#\/schema\/person\/c7834961ad8b29b1d9cdbf4571299067","name":"diario5","image":{"@type":"ImageObject","inLanguage":"es","@id":"https:\/\/secure.gravatar.com\/avatar\/948c893b847ca6df68216ead81b63f363408ec9b0f600fefc0641ce78613b111?s=96&d=mm&r=g","url":"https:\/\/secure.gravatar.com\/avatar\/948c893b847ca6df68216ead81b63f363408ec9b0f600fefc0641ce78613b111?s=96&d=mm&r=g","contentUrl":"https:\/\/secure.gravatar.com\/avatar\/948c893b847ca6df68216ead81b63f363408ec9b0f600fefc0641ce78613b111?s=96&d=mm&r=g","caption":"diario5"},"url":"https:\/\/diariotextual.com\/inicio\/index.php\/author\/diario5\/"}]}},"_links":{"self":[{"href":"https:\/\/diariotextual.com\/inicio\/index.php\/wp-json\/wp\/v2\/posts\/65225","targetHints":{"allow":["GET"]}}],"collection":[{"href":"https:\/\/diariotextual.com\/inicio\/index.php\/wp-json\/wp\/v2\/posts"}],"about":[{"href":"https:\/\/diariotextual.com\/inicio\/index.php\/wp-json\/wp\/v2\/types\/post"}],"author":[{"embeddable":true,"href":"https:\/\/diariotextual.com\/inicio\/index.php\/wp-json\/wp\/v2\/users\/7"}],"replies":[{"embeddable":true,"href":"https:\/\/diariotextual.com\/inicio\/index.php\/wp-json\/wp\/v2\/comments?post=65225"}],"version-history":[{"count":2,"href":"https:\/\/diariotextual.com\/inicio\/index.php\/wp-json\/wp\/v2\/posts\/65225\/revisions"}],"predecessor-version":[{"id":65237,"href":"https:\/\/diariotextual.com\/inicio\/index.php\/wp-json\/wp\/v2\/posts\/65225\/revisions\/65237"}],"wp:featuredmedia":[{"embeddable":true,"href":"https:\/\/diariotextual.com\/inicio\/index.php\/wp-json\/wp\/v2\/media\/65235"}],"wp:attachment":[{"href":"https:\/\/diariotextual.com\/inicio\/index.php\/wp-json\/wp\/v2\/media?parent=65225"}],"wp:term":[{"taxonomy":"category","embeddable":true,"href":"https:\/\/diariotextual.com\/inicio\/index.php\/wp-json\/wp\/v2\/categories?post=65225"},{"taxonomy":"post_tag","embeddable":true,"href":"https:\/\/diariotextual.com\/inicio\/index.php\/wp-json\/wp\/v2\/tags?post=65225"}],"curies":[{"name":"wp","href":"https:\/\/api.w.org\/{rel}","templated":true}]}}