{"id":65392,"date":"2019-10-09T19:07:56","date_gmt":"2019-10-09T22:07:56","guid":{"rendered":"http:\/\/diariotextual.com\/inicio\/?p=65392"},"modified":"2019-10-10T13:38:51","modified_gmt":"2019-10-10T16:38:51","slug":"incendio-humo-sequia-quehue-siete-fotos","status":"publish","type":"post","link":"https:\/\/diariotextual.com\/inicio\/index.php\/2019\/10\/09\/incendio-humo-sequia-quehue-siete-fotos\/","title":{"rendered":"Incendio, humo y sequ\u00eda en Quehu\u00e9, en siete fotos"},"content":{"rendered":"<p>El incendio en la zona de Quehu\u00e9 ya quem\u00f3, en dos d\u00edas, unas 6 mil hect\u00e1reas.\u00a0Personal de Defensa Civil, bomberos y vecinos cercanos todav\u00eda contin\u00faan en la zona del incendio.<\/p>\n<p>La fot\u00f3grafa Belkis Mart\u00edn se encuentra en el lugar y registr\u00f3 el trabajo para Diario Textual.<\/p>\n<p>&nbsp;<\/p>\n<div id=\"attachment_65393\" style=\"width: 1010px\" class=\"wp-caption alignnone\"><img fetchpriority=\"high\" decoding=\"async\" aria-describedby=\"caption-attachment-65393\" class=\"wp-image-65393 size-full\" src=\"http:\/\/diariotextual.com\/inicio\/wp-content\/uploads\/2019\/10\/incendioquehubelkismartin2019-101.jpg\" alt=\"\" width=\"1000\" height=\"667\" srcset=\"https:\/\/diariotextual.com\/inicio\/wp-content\/uploads\/2019\/10\/incendioquehubelkismartin2019-101.jpg 1000w, https:\/\/diariotextual.com\/inicio\/wp-content\/uploads\/2019\/10\/incendioquehubelkismartin2019-101-300x200.jpg 300w, https:\/\/diariotextual.com\/inicio\/wp-content\/uploads\/2019\/10\/incendioquehubelkismartin2019-101-768x512.jpg 768w, https:\/\/diariotextual.com\/inicio\/wp-content\/uploads\/2019\/10\/incendioquehubelkismartin2019-101-585x390.jpg 585w, https:\/\/diariotextual.com\/inicio\/wp-content\/uploads\/2019\/10\/incendioquehubelkismartin2019-101-263x175.jpg 263w\" sizes=\"(max-width: 1000px) 100vw, 1000px\" \/><p id=\"caption-attachment-65393\" class=\"wp-caption-text\">El incendio se inici\u00f3 el lunes 7 de octubre de 2019, en un campo de la zona de Quehu\u00e9. Se extendi\u00f3 unos 20 kil\u00f3metros de largo (foto de Belkis Mart\u00edn).<\/p><\/div>\n<div id=\"attachment_65394\" style=\"width: 1010px\" class=\"wp-caption alignnone\"><img decoding=\"async\" aria-describedby=\"caption-attachment-65394\" class=\"wp-image-65394 size-full\" src=\"http:\/\/diariotextual.com\/inicio\/wp-content\/uploads\/2019\/10\/incendioquehubelkismartin2019-102.jpg\" alt=\"\" width=\"1000\" height=\"667\" srcset=\"https:\/\/diariotextual.com\/inicio\/wp-content\/uploads\/2019\/10\/incendioquehubelkismartin2019-102.jpg 1000w, https:\/\/diariotextual.com\/inicio\/wp-content\/uploads\/2019\/10\/incendioquehubelkismartin2019-102-300x200.jpg 300w, https:\/\/diariotextual.com\/inicio\/wp-content\/uploads\/2019\/10\/incendioquehubelkismartin2019-102-768x512.jpg 768w, https:\/\/diariotextual.com\/inicio\/wp-content\/uploads\/2019\/10\/incendioquehubelkismartin2019-102-585x390.jpg 585w, https:\/\/diariotextual.com\/inicio\/wp-content\/uploads\/2019\/10\/incendioquehubelkismartin2019-102-263x175.jpg 263w\" sizes=\"(max-width: 1000px) 100vw, 1000px\" \/><p id=\"caption-attachment-65394\" class=\"wp-caption-text\">El monte de cald\u00e9n, una de las v\u00edctimas del fuego (foto de Belkis Mart\u00edn).<\/p><\/div>\n<div id=\"attachment_65395\" style=\"width: 740px\" class=\"wp-caption alignnone\"><img decoding=\"async\" aria-describedby=\"caption-attachment-65395\" class=\"wp-image-65395\" src=\"http:\/\/diariotextual.com\/inicio\/wp-content\/uploads\/2019\/10\/incendioquehubelkismartin2019-103.jpg\" alt=\"\" width=\"730\" height=\"487\" srcset=\"https:\/\/diariotextual.com\/inicio\/wp-content\/uploads\/2019\/10\/incendioquehubelkismartin2019-103.jpg 1000w, https:\/\/diariotextual.com\/inicio\/wp-content\/uploads\/2019\/10\/incendioquehubelkismartin2019-103-300x200.jpg 300w, https:\/\/diariotextual.com\/inicio\/wp-content\/uploads\/2019\/10\/incendioquehubelkismartin2019-103-768x512.jpg 768w, https:\/\/diariotextual.com\/inicio\/wp-content\/uploads\/2019\/10\/incendioquehubelkismartin2019-103-585x390.jpg 585w, https:\/\/diariotextual.com\/inicio\/wp-content\/uploads\/2019\/10\/incendioquehubelkismartin2019-103-263x175.jpg 263w\" sizes=\"(max-width: 730px) 100vw, 730px\" \/><p id=\"caption-attachment-65395\" class=\"wp-caption-text\">Alquilar las topadoras para hacer las picadas cortafuegos cuesta unos 10 mil pesos por hect\u00e1rea. Buena parte de los productores no las hacen (foto de Belkis Mart\u00edn).<\/p><\/div>\n<div id=\"attachment_65396\" style=\"width: 738px\" class=\"wp-caption alignnone\"><img loading=\"lazy\" decoding=\"async\" aria-describedby=\"caption-attachment-65396\" class=\"wp-image-65396\" src=\"http:\/\/diariotextual.com\/inicio\/wp-content\/uploads\/2019\/10\/incendioquehubelkismartin2019-104.jpg\" alt=\"\" width=\"728\" height=\"485\" srcset=\"https:\/\/diariotextual.com\/inicio\/wp-content\/uploads\/2019\/10\/incendioquehubelkismartin2019-104.jpg 1000w, https:\/\/diariotextual.com\/inicio\/wp-content\/uploads\/2019\/10\/incendioquehubelkismartin2019-104-300x200.jpg 300w, https:\/\/diariotextual.com\/inicio\/wp-content\/uploads\/2019\/10\/incendioquehubelkismartin2019-104-768x512.jpg 768w, https:\/\/diariotextual.com\/inicio\/wp-content\/uploads\/2019\/10\/incendioquehubelkismartin2019-104-585x390.jpg 585w, https:\/\/diariotextual.com\/inicio\/wp-content\/uploads\/2019\/10\/incendioquehubelkismartin2019-104-263x175.jpg 263w\" sizes=\"(max-width: 728px) 100vw, 728px\" \/><p id=\"caption-attachment-65396\" class=\"wp-caption-text\">El fuego avanz\u00f3 unos 20 kil\u00f3metros, pero lograron contenerlo. Este mi\u00e9rcoles est\u00e1 quemando dentro de un per\u00edmetro controlado por brigadistas (foto de Belkis Mart\u00edn).<\/p><\/div>\n<div id=\"attachment_65397\" style=\"width: 740px\" class=\"wp-caption alignnone\"><img loading=\"lazy\" decoding=\"async\" aria-describedby=\"caption-attachment-65397\" class=\"wp-image-65397\" src=\"http:\/\/diariotextual.com\/inicio\/wp-content\/uploads\/2019\/10\/incendioquehubelkismartin2019-105.jpg\" alt=\"\" width=\"730\" height=\"487\" srcset=\"https:\/\/diariotextual.com\/inicio\/wp-content\/uploads\/2019\/10\/incendioquehubelkismartin2019-105.jpg 1000w, https:\/\/diariotextual.com\/inicio\/wp-content\/uploads\/2019\/10\/incendioquehubelkismartin2019-105-300x200.jpg 300w, https:\/\/diariotextual.com\/inicio\/wp-content\/uploads\/2019\/10\/incendioquehubelkismartin2019-105-768x512.jpg 768w, https:\/\/diariotextual.com\/inicio\/wp-content\/uploads\/2019\/10\/incendioquehubelkismartin2019-105-585x390.jpg 585w, https:\/\/diariotextual.com\/inicio\/wp-content\/uploads\/2019\/10\/incendioquehubelkismartin2019-105-263x175.jpg 263w\" sizes=\"(max-width: 730px) 100vw, 730px\" \/><p id=\"caption-attachment-65397\" class=\"wp-caption-text\">La sequ\u00eda, conjugada con la irresponsabilidad de algunos productores rurales, el peor c\u00f3ctel para esta temporada de incendios (foto de Belkis Mart\u00edn).<\/p><\/div>\n<div id=\"attachment_65399\" style=\"width: 1010px\" class=\"wp-caption alignnone\"><img loading=\"lazy\" decoding=\"async\" aria-describedby=\"caption-attachment-65399\" class=\"wp-image-65399 size-full\" src=\"http:\/\/diariotextual.com\/inicio\/wp-content\/uploads\/2019\/10\/incendioquehubelkismartin2019-107.jpg\" alt=\"\" width=\"1000\" height=\"667\" srcset=\"https:\/\/diariotextual.com\/inicio\/wp-content\/uploads\/2019\/10\/incendioquehubelkismartin2019-107.jpg 1000w, https:\/\/diariotextual.com\/inicio\/wp-content\/uploads\/2019\/10\/incendioquehubelkismartin2019-107-300x200.jpg 300w, https:\/\/diariotextual.com\/inicio\/wp-content\/uploads\/2019\/10\/incendioquehubelkismartin2019-107-768x512.jpg 768w, https:\/\/diariotextual.com\/inicio\/wp-content\/uploads\/2019\/10\/incendioquehubelkismartin2019-107-585x390.jpg 585w, https:\/\/diariotextual.com\/inicio\/wp-content\/uploads\/2019\/10\/incendioquehubelkismartin2019-107-263x175.jpg 263w\" sizes=\"(max-width: 1000px) 100vw, 1000px\" \/><p id=\"caption-attachment-65399\" class=\"wp-caption-text\">Por el humo, tuvieron que cortar la ruta nacional 35 por unas horas. (foto de Belkis Mart\u00edn).<\/p><\/div>\n<p>&nbsp;<\/p>\n<p>&nbsp;<\/p>\n<p><iframe style=\"border: none; overflow: hidden;\" src=\"https:\/\/www.facebook.com\/plugins\/video.php?href=https%3A%2F%2Fwww.facebook.com%2Feltextual%2Fvideos%2F2361712123948383%2F&amp;show_text=1&amp;width=560\" width=\"560\" height=\"419\" frameborder=\"0\" scrolling=\"no\" allowfullscreen=\"allowfullscreen\"><\/iframe><\/p>\n<p><iframe style=\"border: none; overflow: hidden;\" src=\"https:\/\/www.facebook.com\/plugins\/video.php?href=https%3A%2F%2Fwww.facebook.com%2Feltextual%2Fvideos%2F440050723306179%2F&amp;show_text=1&amp;width=560\" width=\"560\" height=\"438\" frameborder=\"0\" scrolling=\"no\" allowfullscreen=\"allowfullscreen\"><\/iframe><\/p>\n<p><iframe style=\"border: none; overflow: hidden;\" src=\"https:\/\/www.facebook.com\/plugins\/video.php?href=https%3A%2F%2Fwww.facebook.com%2Feltextual%2Fvideos%2F680231085801074%2F&amp;show_text=1&amp;width=560\" width=\"560\" height=\"438\" frameborder=\"0\" scrolling=\"no\" allowfullscreen=\"allowfullscreen\"><\/iframe><\/p>\n<p>&nbsp;<\/p>\n<p>&nbsp;<\/p>\n<p>&nbsp;<\/p>\n<p>&nbsp;<\/p>\n<p>&nbsp;<\/p>\n<p>&nbsp;<\/p>\n<p>&nbsp;<\/p>\n","protected":false},"excerpt":{"rendered":"<p>El incendio en la zona de Quehu\u00e9 ya quem\u00f3, en dos d\u00edas, unas 6 mil hect\u00e1reas.\u00a0Personal de Defensa Civil, bomberos y vecinos cercanos todav\u00eda contin\u00faan en la zona del incendio.&hellip;<\/p>\n","protected":false},"author":3,"featured_media":65398,"comment_status":"closed","ping_status":"open","sticky":false,"template":"","format":"standard","meta":{"_acf_changed":false,"footnotes":""},"categories":[11,319,20],"tags":[18,167],"class_list":["post-65392","post","type-post","status-publish","format-standard","has-post-thumbnail","hentry","category-que-pasa","category-a-temporales","category-campo","tag-incendio","tag-quehue"],"acf":[],"yoast_head":"<!-- This site is optimized with the Yoast SEO plugin v27.5 - https:\/\/yoast.com\/product\/yoast-seo-wordpress\/ -->\n<title>Incendio, humo y sequ\u00eda en Quehu\u00e9, en siete fotos - Diario Textual<\/title>\n<meta name=\"robots\" content=\"index, follow, max-snippet:-1, max-image-preview:large, max-video-preview:-1\" \/>\n<link rel=\"canonical\" href=\"https:\/\/diariotextual.com\/inicio\/index.php\/2019\/10\/09\/incendio-humo-sequia-quehue-siete-fotos\/\" \/>\n<meta property=\"og:locale\" content=\"es_ES\" \/>\n<meta property=\"og:type\" content=\"article\" \/>\n<meta property=\"og:title\" content=\"Incendio, humo y sequ\u00eda en Quehu\u00e9, en siete fotos - Diario Textual\" \/>\n<meta property=\"og:description\" content=\"El incendio en la zona de Quehu\u00e9 ya quem\u00f3, en dos d\u00edas, unas 6 mil hect\u00e1reas.\u00a0Personal de Defensa Civil, bomberos y vecinos cercanos todav\u00eda contin\u00faan en la zona del incendio.&hellip;\" \/>\n<meta property=\"og:url\" content=\"https:\/\/diariotextual.com\/inicio\/index.php\/2019\/10\/09\/incendio-humo-sequia-quehue-siete-fotos\/\" \/>\n<meta property=\"og:site_name\" content=\"Diario Textual\" \/>\n<meta property=\"article:publisher\" content=\"https:\/\/www.facebook.com\/eltextual\" \/>\n<meta property=\"article:published_time\" content=\"2019-10-09T22:07:56+00:00\" \/>\n<meta property=\"article:modified_time\" content=\"2019-10-10T16:38:51+00:00\" \/>\n<meta property=\"og:image\" content=\"https:\/\/diariotextual.com\/inicio\/wp-content\/uploads\/2019\/10\/incendioquehubelkismartin2019-106.jpg\" \/>\n\t<meta property=\"og:image:width\" content=\"1000\" \/>\n\t<meta property=\"og:image:height\" content=\"667\" \/>\n\t<meta property=\"og:image:type\" content=\"image\/jpeg\" \/>\n<meta name=\"author\" content=\"Diario1 Diario1\" \/>\n<meta name=\"twitter:card\" content=\"summary_large_image\" \/>\n<meta name=\"twitter:creator\" content=\"@eltextual\" \/>\n<meta name=\"twitter:site\" content=\"@eltextual\" \/>\n<meta name=\"twitter:label1\" content=\"Escrito por\" \/>\n\t<meta name=\"twitter:data1\" content=\"Diario1 Diario1\" \/>\n\t<meta name=\"twitter:label2\" content=\"Tiempo de lectura\" \/>\n\t<meta name=\"twitter:data2\" content=\"1 minuto\" \/>\n<script type=\"application\/ld+json\" class=\"yoast-schema-graph\">{\"@context\":\"https:\\\/\\\/schema.org\",\"@graph\":[{\"@type\":\"Article\",\"@id\":\"https:\\\/\\\/diariotextual.com\\\/inicio\\\/index.php\\\/2019\\\/10\\\/09\\\/incendio-humo-sequia-quehue-siete-fotos\\\/#article\",\"isPartOf\":{\"@id\":\"https:\\\/\\\/diariotextual.com\\\/inicio\\\/index.php\\\/2019\\\/10\\\/09\\\/incendio-humo-sequia-quehue-siete-fotos\\\/\"},\"author\":{\"name\":\"Diario1 Diario1\",\"@id\":\"https:\\\/\\\/diariotextual.com\\\/inicio\\\/#\\\/schema\\\/person\\\/418fc4093c33e86ed41562db3508f958\"},\"headline\":\"Incendio, humo y sequ\u00eda en Quehu\u00e9, en siete fotos\",\"datePublished\":\"2019-10-09T22:07:56+00:00\",\"dateModified\":\"2019-10-10T16:38:51+00:00\",\"mainEntityOfPage\":{\"@id\":\"https:\\\/\\\/diariotextual.com\\\/inicio\\\/index.php\\\/2019\\\/10\\\/09\\\/incendio-humo-sequia-quehue-siete-fotos\\\/\"},\"wordCount\":257,\"publisher\":{\"@id\":\"https:\\\/\\\/diariotextual.com\\\/inicio\\\/#organization\"},\"image\":{\"@id\":\"https:\\\/\\\/diariotextual.com\\\/inicio\\\/index.php\\\/2019\\\/10\\\/09\\\/incendio-humo-sequia-quehue-siete-fotos\\\/#primaryimage\"},\"thumbnailUrl\":\"https:\\\/\\\/diariotextual.com\\\/inicio\\\/wp-content\\\/uploads\\\/2019\\\/10\\\/incendioquehubelkismartin2019-106.jpg\",\"keywords\":[\"incendio\",\"quehue\"],\"articleSection\":[\"A - QUE PASA (al costado)\",\"A - TEMPORALES\",\"CAMPO\"],\"inLanguage\":\"es\"},{\"@type\":\"WebPage\",\"@id\":\"https:\\\/\\\/diariotextual.com\\\/inicio\\\/index.php\\\/2019\\\/10\\\/09\\\/incendio-humo-sequia-quehue-siete-fotos\\\/\",\"url\":\"https:\\\/\\\/diariotextual.com\\\/inicio\\\/index.php\\\/2019\\\/10\\\/09\\\/incendio-humo-sequia-quehue-siete-fotos\\\/\",\"name\":\"Incendio, humo y sequ\u00eda en Quehu\u00e9, en siete fotos - Diario Textual\",\"isPartOf\":{\"@id\":\"https:\\\/\\\/diariotextual.com\\\/inicio\\\/#website\"},\"primaryImageOfPage\":{\"@id\":\"https:\\\/\\\/diariotextual.com\\\/inicio\\\/index.php\\\/2019\\\/10\\\/09\\\/incendio-humo-sequia-quehue-siete-fotos\\\/#primaryimage\"},\"image\":{\"@id\":\"https:\\\/\\\/diariotextual.com\\\/inicio\\\/index.php\\\/2019\\\/10\\\/09\\\/incendio-humo-sequia-quehue-siete-fotos\\\/#primaryimage\"},\"thumbnailUrl\":\"https:\\\/\\\/diariotextual.com\\\/inicio\\\/wp-content\\\/uploads\\\/2019\\\/10\\\/incendioquehubelkismartin2019-106.jpg\",\"datePublished\":\"2019-10-09T22:07:56+00:00\",\"dateModified\":\"2019-10-10T16:38:51+00:00\",\"breadcrumb\":{\"@id\":\"https:\\\/\\\/diariotextual.com\\\/inicio\\\/index.php\\\/2019\\\/10\\\/09\\\/incendio-humo-sequia-quehue-siete-fotos\\\/#breadcrumb\"},\"inLanguage\":\"es\",\"potentialAction\":[{\"@type\":\"ReadAction\",\"target\":[\"https:\\\/\\\/diariotextual.com\\\/inicio\\\/index.php\\\/2019\\\/10\\\/09\\\/incendio-humo-sequia-quehue-siete-fotos\\\/\"]}]},{\"@type\":\"ImageObject\",\"inLanguage\":\"es\",\"@id\":\"https:\\\/\\\/diariotextual.com\\\/inicio\\\/index.php\\\/2019\\\/10\\\/09\\\/incendio-humo-sequia-quehue-siete-fotos\\\/#primaryimage\",\"url\":\"https:\\\/\\\/diariotextual.com\\\/inicio\\\/wp-content\\\/uploads\\\/2019\\\/10\\\/incendioquehubelkismartin2019-106.jpg\",\"contentUrl\":\"https:\\\/\\\/diariotextual.com\\\/inicio\\\/wp-content\\\/uploads\\\/2019\\\/10\\\/incendioquehubelkismartin2019-106.jpg\",\"width\":1000,\"height\":667,\"caption\":\"El incendio se inici\u00f3 el lunes 7 de octubre de 2019, en un campo de la zona de Quehu\u00e9. Se extendi\u00f3 unos 20 kil\u00f3metros de largo (foto de Belkis Mart\u00edn).\"},{\"@type\":\"BreadcrumbList\",\"@id\":\"https:\\\/\\\/diariotextual.com\\\/inicio\\\/index.php\\\/2019\\\/10\\\/09\\\/incendio-humo-sequia-quehue-siete-fotos\\\/#breadcrumb\",\"itemListElement\":[{\"@type\":\"ListItem\",\"position\":1,\"name\":\"Portada\",\"item\":\"https:\\\/\\\/diariotextual.com\\\/inicio\\\/\"},{\"@type\":\"ListItem\",\"position\":2,\"name\":\"Incendio, humo y sequ\u00eda en Quehu\u00e9, en siete fotos\"}]},{\"@type\":\"WebSite\",\"@id\":\"https:\\\/\\\/diariotextual.com\\\/inicio\\\/#website\",\"url\":\"https:\\\/\\\/diariotextual.com\\\/inicio\\\/\",\"name\":\"Diario Textual\",\"description\":\"\",\"publisher\":{\"@id\":\"https:\\\/\\\/diariotextual.com\\\/inicio\\\/#organization\"},\"potentialAction\":[{\"@type\":\"SearchAction\",\"target\":{\"@type\":\"EntryPoint\",\"urlTemplate\":\"https:\\\/\\\/diariotextual.com\\\/inicio\\\/?s={search_term_string}\"},\"query-input\":{\"@type\":\"PropertyValueSpecification\",\"valueRequired\":true,\"valueName\":\"search_term_string\"}}],\"inLanguage\":\"es\"},{\"@type\":\"Organization\",\"@id\":\"https:\\\/\\\/diariotextual.com\\\/inicio\\\/#organization\",\"name\":\"Diario Textual\",\"url\":\"https:\\\/\\\/diariotextual.com\\\/inicio\\\/\",\"logo\":{\"@type\":\"ImageObject\",\"inLanguage\":\"es\",\"@id\":\"https:\\\/\\\/diariotextual.com\\\/inicio\\\/#\\\/schema\\\/logo\\\/image\\\/\",\"url\":\"https:\\\/\\\/diariotextual.com\\\/inicio\\\/wp-content\\\/uploads\\\/2023\\\/05\\\/logotextual1.jpg\",\"contentUrl\":\"https:\\\/\\\/diariotextual.com\\\/inicio\\\/wp-content\\\/uploads\\\/2023\\\/05\\\/logotextual1.jpg\",\"width\":516,\"height\":76,\"caption\":\"Diario Textual\"},\"image\":{\"@id\":\"https:\\\/\\\/diariotextual.com\\\/inicio\\\/#\\\/schema\\\/logo\\\/image\\\/\"},\"sameAs\":[\"https:\\\/\\\/www.facebook.com\\\/eltextual\",\"https:\\\/\\\/x.com\\\/eltextual\",\"http:\\\/\\\/www.instagram.com\\\/eltextual\"]},{\"@type\":\"Person\",\"@id\":\"https:\\\/\\\/diariotextual.com\\\/inicio\\\/#\\\/schema\\\/person\\\/418fc4093c33e86ed41562db3508f958\",\"name\":\"Diario1 Diario1\",\"image\":{\"@type\":\"ImageObject\",\"inLanguage\":\"es\",\"@id\":\"https:\\\/\\\/secure.gravatar.com\\\/avatar\\\/9167d280179c85bc18be67aa7eda765854300033af4896dd779b608640f2ef7a?s=96&d=mm&r=g\",\"url\":\"https:\\\/\\\/secure.gravatar.com\\\/avatar\\\/9167d280179c85bc18be67aa7eda765854300033af4896dd779b608640f2ef7a?s=96&d=mm&r=g\",\"contentUrl\":\"https:\\\/\\\/secure.gravatar.com\\\/avatar\\\/9167d280179c85bc18be67aa7eda765854300033af4896dd779b608640f2ef7a?s=96&d=mm&r=g\",\"caption\":\"Diario1 Diario1\"},\"url\":\"https:\\\/\\\/diariotextual.com\\\/inicio\\\/index.php\\\/author\\\/diario1\\\/\"}]}<\/script>\n<!-- \/ Yoast SEO plugin. -->","yoast_head_json":{"title":"Incendio, humo y sequ\u00eda en Quehu\u00e9, en siete fotos - Diario Textual","robots":{"index":"index","follow":"follow","max-snippet":"max-snippet:-1","max-image-preview":"max-image-preview:large","max-video-preview":"max-video-preview:-1"},"canonical":"https:\/\/diariotextual.com\/inicio\/index.php\/2019\/10\/09\/incendio-humo-sequia-quehue-siete-fotos\/","og_locale":"es_ES","og_type":"article","og_title":"Incendio, humo y sequ\u00eda en Quehu\u00e9, en siete fotos - Diario Textual","og_description":"El incendio en la zona de Quehu\u00e9 ya quem\u00f3, en dos d\u00edas, unas 6 mil hect\u00e1reas.\u00a0Personal de Defensa Civil, bomberos y vecinos cercanos todav\u00eda contin\u00faan en la zona del incendio.&hellip;","og_url":"https:\/\/diariotextual.com\/inicio\/index.php\/2019\/10\/09\/incendio-humo-sequia-quehue-siete-fotos\/","og_site_name":"Diario Textual","article_publisher":"https:\/\/www.facebook.com\/eltextual","article_published_time":"2019-10-09T22:07:56+00:00","article_modified_time":"2019-10-10T16:38:51+00:00","og_image":[{"width":1000,"height":667,"url":"https:\/\/diariotextual.com\/inicio\/wp-content\/uploads\/2019\/10\/incendioquehubelkismartin2019-106.jpg","type":"image\/jpeg"}],"author":"Diario1 Diario1","twitter_card":"summary_large_image","twitter_creator":"@eltextual","twitter_site":"@eltextual","twitter_misc":{"Escrito por":"Diario1 Diario1","Tiempo de lectura":"1 minuto"},"schema":{"@context":"https:\/\/schema.org","@graph":[{"@type":"Article","@id":"https:\/\/diariotextual.com\/inicio\/index.php\/2019\/10\/09\/incendio-humo-sequia-quehue-siete-fotos\/#article","isPartOf":{"@id":"https:\/\/diariotextual.com\/inicio\/index.php\/2019\/10\/09\/incendio-humo-sequia-quehue-siete-fotos\/"},"author":{"name":"Diario1 Diario1","@id":"https:\/\/diariotextual.com\/inicio\/#\/schema\/person\/418fc4093c33e86ed41562db3508f958"},"headline":"Incendio, humo y sequ\u00eda en Quehu\u00e9, en siete fotos","datePublished":"2019-10-09T22:07:56+00:00","dateModified":"2019-10-10T16:38:51+00:00","mainEntityOfPage":{"@id":"https:\/\/diariotextual.com\/inicio\/index.php\/2019\/10\/09\/incendio-humo-sequia-quehue-siete-fotos\/"},"wordCount":257,"publisher":{"@id":"https:\/\/diariotextual.com\/inicio\/#organization"},"image":{"@id":"https:\/\/diariotextual.com\/inicio\/index.php\/2019\/10\/09\/incendio-humo-sequia-quehue-siete-fotos\/#primaryimage"},"thumbnailUrl":"https:\/\/diariotextual.com\/inicio\/wp-content\/uploads\/2019\/10\/incendioquehubelkismartin2019-106.jpg","keywords":["incendio","quehue"],"articleSection":["A - QUE PASA (al costado)","A - TEMPORALES","CAMPO"],"inLanguage":"es"},{"@type":"WebPage","@id":"https:\/\/diariotextual.com\/inicio\/index.php\/2019\/10\/09\/incendio-humo-sequia-quehue-siete-fotos\/","url":"https:\/\/diariotextual.com\/inicio\/index.php\/2019\/10\/09\/incendio-humo-sequia-quehue-siete-fotos\/","name":"Incendio, humo y sequ\u00eda en Quehu\u00e9, en siete fotos - Diario Textual","isPartOf":{"@id":"https:\/\/diariotextual.com\/inicio\/#website"},"primaryImageOfPage":{"@id":"https:\/\/diariotextual.com\/inicio\/index.php\/2019\/10\/09\/incendio-humo-sequia-quehue-siete-fotos\/#primaryimage"},"image":{"@id":"https:\/\/diariotextual.com\/inicio\/index.php\/2019\/10\/09\/incendio-humo-sequia-quehue-siete-fotos\/#primaryimage"},"thumbnailUrl":"https:\/\/diariotextual.com\/inicio\/wp-content\/uploads\/2019\/10\/incendioquehubelkismartin2019-106.jpg","datePublished":"2019-10-09T22:07:56+00:00","dateModified":"2019-10-10T16:38:51+00:00","breadcrumb":{"@id":"https:\/\/diariotextual.com\/inicio\/index.php\/2019\/10\/09\/incendio-humo-sequia-quehue-siete-fotos\/#breadcrumb"},"inLanguage":"es","potentialAction":[{"@type":"ReadAction","target":["https:\/\/diariotextual.com\/inicio\/index.php\/2019\/10\/09\/incendio-humo-sequia-quehue-siete-fotos\/"]}]},{"@type":"ImageObject","inLanguage":"es","@id":"https:\/\/diariotextual.com\/inicio\/index.php\/2019\/10\/09\/incendio-humo-sequia-quehue-siete-fotos\/#primaryimage","url":"https:\/\/diariotextual.com\/inicio\/wp-content\/uploads\/2019\/10\/incendioquehubelkismartin2019-106.jpg","contentUrl":"https:\/\/diariotextual.com\/inicio\/wp-content\/uploads\/2019\/10\/incendioquehubelkismartin2019-106.jpg","width":1000,"height":667,"caption":"El incendio se inici\u00f3 el lunes 7 de octubre de 2019, en un campo de la zona de Quehu\u00e9. Se extendi\u00f3 unos 20 kil\u00f3metros de largo (foto de Belkis Mart\u00edn)."},{"@type":"BreadcrumbList","@id":"https:\/\/diariotextual.com\/inicio\/index.php\/2019\/10\/09\/incendio-humo-sequia-quehue-siete-fotos\/#breadcrumb","itemListElement":[{"@type":"ListItem","position":1,"name":"Portada","item":"https:\/\/diariotextual.com\/inicio\/"},{"@type":"ListItem","position":2,"name":"Incendio, humo y sequ\u00eda en Quehu\u00e9, en siete fotos"}]},{"@type":"WebSite","@id":"https:\/\/diariotextual.com\/inicio\/#website","url":"https:\/\/diariotextual.com\/inicio\/","name":"Diario Textual","description":"","publisher":{"@id":"https:\/\/diariotextual.com\/inicio\/#organization"},"potentialAction":[{"@type":"SearchAction","target":{"@type":"EntryPoint","urlTemplate":"https:\/\/diariotextual.com\/inicio\/?s={search_term_string}"},"query-input":{"@type":"PropertyValueSpecification","valueRequired":true,"valueName":"search_term_string"}}],"inLanguage":"es"},{"@type":"Organization","@id":"https:\/\/diariotextual.com\/inicio\/#organization","name":"Diario Textual","url":"https:\/\/diariotextual.com\/inicio\/","logo":{"@type":"ImageObject","inLanguage":"es","@id":"https:\/\/diariotextual.com\/inicio\/#\/schema\/logo\/image\/","url":"https:\/\/diariotextual.com\/inicio\/wp-content\/uploads\/2023\/05\/logotextual1.jpg","contentUrl":"https:\/\/diariotextual.com\/inicio\/wp-content\/uploads\/2023\/05\/logotextual1.jpg","width":516,"height":76,"caption":"Diario Textual"},"image":{"@id":"https:\/\/diariotextual.com\/inicio\/#\/schema\/logo\/image\/"},"sameAs":["https:\/\/www.facebook.com\/eltextual","https:\/\/x.com\/eltextual","http:\/\/www.instagram.com\/eltextual"]},{"@type":"Person","@id":"https:\/\/diariotextual.com\/inicio\/#\/schema\/person\/418fc4093c33e86ed41562db3508f958","name":"Diario1 Diario1","image":{"@type":"ImageObject","inLanguage":"es","@id":"https:\/\/secure.gravatar.com\/avatar\/9167d280179c85bc18be67aa7eda765854300033af4896dd779b608640f2ef7a?s=96&d=mm&r=g","url":"https:\/\/secure.gravatar.com\/avatar\/9167d280179c85bc18be67aa7eda765854300033af4896dd779b608640f2ef7a?s=96&d=mm&r=g","contentUrl":"https:\/\/secure.gravatar.com\/avatar\/9167d280179c85bc18be67aa7eda765854300033af4896dd779b608640f2ef7a?s=96&d=mm&r=g","caption":"Diario1 Diario1"},"url":"https:\/\/diariotextual.com\/inicio\/index.php\/author\/diario1\/"}]}},"_links":{"self":[{"href":"https:\/\/diariotextual.com\/inicio\/index.php\/wp-json\/wp\/v2\/posts\/65392","targetHints":{"allow":["GET"]}}],"collection":[{"href":"https:\/\/diariotextual.com\/inicio\/index.php\/wp-json\/wp\/v2\/posts"}],"about":[{"href":"https:\/\/diariotextual.com\/inicio\/index.php\/wp-json\/wp\/v2\/types\/post"}],"author":[{"embeddable":true,"href":"https:\/\/diariotextual.com\/inicio\/index.php\/wp-json\/wp\/v2\/users\/3"}],"replies":[{"embeddable":true,"href":"https:\/\/diariotextual.com\/inicio\/index.php\/wp-json\/wp\/v2\/comments?post=65392"}],"version-history":[{"count":5,"href":"https:\/\/diariotextual.com\/inicio\/index.php\/wp-json\/wp\/v2\/posts\/65392\/revisions"}],"predecessor-version":[{"id":65404,"href":"https:\/\/diariotextual.com\/inicio\/index.php\/wp-json\/wp\/v2\/posts\/65392\/revisions\/65404"}],"wp:featuredmedia":[{"embeddable":true,"href":"https:\/\/diariotextual.com\/inicio\/index.php\/wp-json\/wp\/v2\/media\/65398"}],"wp:attachment":[{"href":"https:\/\/diariotextual.com\/inicio\/index.php\/wp-json\/wp\/v2\/media?parent=65392"}],"wp:term":[{"taxonomy":"category","embeddable":true,"href":"https:\/\/diariotextual.com\/inicio\/index.php\/wp-json\/wp\/v2\/categories?post=65392"},{"taxonomy":"post_tag","embeddable":true,"href":"https:\/\/diariotextual.com\/inicio\/index.php\/wp-json\/wp\/v2\/tags?post=65392"}],"curies":[{"name":"wp","href":"https:\/\/api.w.org\/{rel}","templated":true}]}}